{"id":29110,"date":"2020-01-30T11:07:16","date_gmt":"2020-01-30T10:07:16","guid":{"rendered":"https:\/\/www.latribunedeplanas.com\/30-janvier-2020-auto-du-tsjc-legitimation-de-lassociation-de-vecinos-les-planes-del-rei-en-execution-de-sentence\/"},"modified":"2025-08-26T11:21:49","modified_gmt":"2025-08-26T09:21:49","slug":"30-januari-2020-auto-van-het-tsjc-legitimatie-van-de-vereniging-van-eigenaars-les-planes-del-rei-bij-tenuitvoerlegging-van-het-vonnis","status":"publish","type":"post","link":"https:\/\/www.latribunedeplanas.com\/nl\/30-januari-2020-auto-van-het-tsjc-legitimatie-van-de-vereniging-van-eigenaars-les-planes-del-rei-bij-tenuitvoerlegging-van-het-vonnis\/","title":{"rendered":"30 januari 2020 : Auto van het TSJC \u2013 Legitimatie van de Vereniging van Eigenaars \u00abLes Planes del Rei\u00bb bij tenuitvoerlegging van het vonnis"},"content":{"rendered":"<p>[et_pb_section fb_built=&#8221;1&#8243; admin_label=&#8221;Section-Article&#8221; module_class=&#8221;section-article&#8221; _builder_version=&#8221;4.18.0&#8243; custom_margin=&#8221;0px|0px|0px|0px&#8221; custom_padding=&#8221;0px|0px|0px|0px&#8221; global_colors_info=&#8221;{}&#8221;][et_pb_row use_custom_gutter=&#8221;on&#8221; gutter_width=&#8221;1&#8243; custom_padding_last_edited=&#8221;on|phone&#8221; admin_label=&#8221;Ligne-Article&#8221; module_class=&#8221;ligne-article et_pb_row_fullwidth&#8221; _builder_version=&#8221;4.27.4&#8243; width=&#8221;100%&#8221; width_tablet=&#8221;100%&#8221; width_phone=&#8221;&#8221; width_last_edited=&#8221;on|desktop&#8221; max_width=&#8221;100%&#8221; max_width_tablet=&#8221;100%&#8221; max_width_phone=&#8221;&#8221; max_width_last_edited=&#8221;on|desktop&#8221; custom_margin=&#8221;0px||0px&#8221; custom_padding=&#8221;20px||0px||false|false&#8221; custom_padding_tablet=&#8221;20px||0px||false|false&#8221; custom_padding_phone=&#8221;15px||||false|false&#8221; make_fullwidth=&#8221;on&#8221; global_colors_info=&#8221;{}&#8221;][et_pb_column type=&#8221;4_4&#8243; _builder_version=&#8221;4.16&#8243; custom_padding=&#8221;|||&#8221; global_colors_info=&#8221;{}&#8221; custom_padding__hover=&#8221;|||&#8221;][et_pb_text admin_label=&#8221;Texte-30 januari 2020 : Auto van het TSJC \u2013 Legitimatie van de Vereniging van Eigenaars \u00abLes Planes del Rei\u00bb bij tenuitvoerlegging van het vonnis&#8221; module_class=&#8221;txt-article&#8221; _builder_version=&#8221;4.27.4&#8243; text_font=&#8221;|300|||||||&#8221; header_font=&#8221;||||||||&#8221; header_2_line_height=&#8221;1.2em&#8221; header_3_font=&#8221;||||||||&#8221; header_3_line_height=&#8221;1.3em&#8221; header_4_text_align=&#8221;center&#8221; custom_padding=&#8221;||||false|false&#8221; hover_enabled=&#8221;0&#8243; text_line_height_tablet=&#8221;&#8221; text_line_height_phone=&#8221;1.3em&#8221; text_line_height_last_edited=&#8221;on|desktop&#8221; header_2_font_size_tablet=&#8221;&#8221; header_2_font_size_phone=&#8221;&#8221; header_2_font_size_last_edited=&#8221;on|phone&#8221; header_3_font_size_tablet=&#8221;&#8221; header_3_font_size_phone=&#8221;23px&#8221; header_3_font_size_last_edited=&#8221;on|desktop&#8221; global_colors_info=&#8221;{}&#8221; sticky_enabled=&#8221;0&#8243;]<\/p>\n<p>Op <span class=\"accentue\">30 januari 2020<\/span> (kennisgeving op <span class=\"accentue\">11 februari 2020<\/span>) verwerpt de <span class=\"accentue\">Sala de lo Contencioso-Administrativo (Secci\u00f3n 3\u00aa) van het TSJC<\/span> het beroep tot herziening van de <span class=\"accentue\">Gemeente Pratdip<\/span>, dat erop gericht was de <span class=\"accentue\">Vereniging van Eigenaars \u00abLes Planes del Rei\u00bb<\/span> uit te sluiten van de procedure van tenuitvoerlegging met betrekking tot de <span class=\"accentue\">herverkaveling<\/span>. Het Hof herinnert eraan dat in de fase van <span class=\"accentue\">tenuitvoerlegging van een vonnis<\/span> de <span class=\"accentue\">personen die door de beslissing worden getroffen<\/span> kunnen deelnemen (art. 109.1 LJCA) en acht de vereniging gelegitimeerd, aangezien haar werkingssfeer samenvalt met die van de <span class=\"accentue\">ECU Les Planes del Rei<\/span> die werd ontbonden bij arrest van <span class=\"accentue\">21\/07\/2016<\/span>. <span class=\"accentue\">Definitieve<\/span> beslissing (zonder beroep).<\/p>\n<hr style=\"margin-bottom: 30px;\" \/>\n<h2>1) Aard van het document<\/h2>\n<ul>\n<li><span class=\"accentue\">Rechtbank<\/span>: Tribunal Superior de Justicia de Catalu\u00f1a (TSJC), Sala de lo Contencioso-Administrativo, Secci\u00f3n 3\u00aa.<\/li>\n<li><span class=\"accentue\">Datum<\/span>: 30\/01\/2020 (kennisgeving 11\/02\/2020).<\/li>\n<li><span class=\"accentue\">Procedure<\/span>: Hoger beroep Auto nr. 251\/2018 (tenuitvoerlegging van het vonnis).<\/li>\n<li><span class=\"accentue\">Magistraten<\/span>: Manuel T\u00e1boas Bentanachs; Isabel Hern\u00e1ndez Pascual (ponente); H\u00e9ctor Garc\u00eda Morago.<\/li>\n<\/ul>\n<h2>2) Partijen<\/h2>\n<ul>\n<li><span class=\"accentue\">Appellerende partij<\/span>: Gemeente Pratdip (Procuradora: Inmaculada Lasala Buxeres).<\/li>\n<li><span class=\"accentue\">Verweerders<\/span>: Vereniging van Eigenaars \u00abLes Planes del Rei\u00bb en talrijke eigenaars (lijst in de auto).<\/li>\n<li><span class=\"accentue\">Vertegenwoordiging<\/span>: Advocaat van de vereniging: Jordi Barqu\u00edn; Procurador: Faustino Igualador Peco.<\/li>\n<\/ul>\n<h2>3) Context en voorwerp van het geschil<\/h2>\n<ul>\n<li><span class=\"accentue\">Verzoek van de gemeente<\/span>: de vereniging niet als verweerder toelaten, met het argument dat zij geen partij was in eerste aanleg en geen belang of recht aantoont.<\/li>\n<li><span class=\"accentue\">Voorwerp<\/span>: tenuitvoerlegging van beslissingen m.b.t. de <span class=\"accentue\">herverkaveling<\/span> van het gebied \u00abPlanes del Rei\u00bb, na de <span class=\"accentue\">ontbinding van de ECU Les Planes del Rei<\/span> (TSJC-arrest nr. 642 van 21\/07\/2016).<\/li>\n<\/ul>\n<h2>4) Juridische grondslagen<\/h2>\n<ul>\n<li><span class=\"accentue\">Artikel 109.1 LJCA (Wet 29\/1998)<\/span>: bij tenuitvoerlegging van een vonnis kunnen alle <span class=\"accentue\">getroffen personen<\/span> zich <span class=\"accentue\">voegen<\/span>, niet alleen de partijen in de hoofdzaak.<\/li>\n<li><span class=\"accentue\">Vermoedelijke betrokkenheid<\/span>: de vereniging omvat de <span class=\"accentue\">bewoners van Planes del Rei<\/span>, een gebied dat samenvalt met de <span class=\"accentue\">ECU<\/span> die werd ontbonden; bij gebrek aan tegenbewijs wordt deze <span class=\"accentue\">betrokkenheid vermoed<\/span>.<\/li>\n<li><span class=\"accentue\">Nieuw en ongegrond argument<\/span>: het laattijdige argument van de gemeente (gebrek aan bewijs van belang) wordt verworpen.<\/li>\n<\/ul>\n<h2>5) Beslissing<\/h2>\n<ul>\n<li><span class=\"accentue\">Verwerping<\/span> (DESESTIMAR) van het beroep tot herziening van de Gemeente Pratdip.<\/li>\n<li><span class=\"accentue\">Gevolg<\/span>: de Vereniging van Eigenaars \u00abLes Planes del Rei\u00bb blijft <span class=\"accentue\">legitieme partij<\/span> in de tenuitvoerlegging.<\/li>\n<li><span class=\"accentue\">Rechtsmiddelen<\/span>: geen (beslissing niet vatbaar voor beroep).<\/li>\n<\/ul>\n<h2>6) Betekenis voor Planas del Rey<\/h2>\n<ul>\n<li><span class=\"accentue\">Versterkte collectieve vertegenwoordiging<\/span>: de vereniging wordt erkend als legitieme gesprekspartner in de tenuitvoerleggingsprocedures (ontbinding ECU, herverkaveling, minimale diensten, enz.).<\/li>\n<li><span class=\"accentue\">Beperking van vertragingstactieken<\/span>: de gemeente kan de legitimatie van de vereniging niet langer nuttig betwisten.<\/li>\n<li><span class=\"accentue\">Rechtszekerheid<\/span>: nuttige verduidelijking voor toekomstige administratieve stappen (receptie, werken, financiering, enz.).<\/li>\n<\/ul>\n<h2>7) Referenties<\/h2>\n<ul>\n<li><span class=\"accentue\">Auto<\/span>: TSJC, Secci\u00f3n 3\u00aa, 30\/01\/2020 (kennisgeving 11\/02\/2020), Hoger beroep Auto nr. 251\/2018.<\/li>\n<li><span class=\"accentue\">Eerder arrest<\/span>: TSJC nr. 642, 21\/07\/2016 (ontbinding van de ECU Les Planes del Rei).<\/li>\n<li><span class=\"accentue\">Wettelijke basis<\/span>: art. 109.1 van Wet 29\/1998 (LJCA).<\/li>\n<\/ul>\n<hr style=\"margin-bottom: 30px;\" \/>\n<h3 class=\"underline\">Document<\/h3>\n<p style=\"padding-top: 30px;\"><a href=\"https:\/\/www.latribunedeplanas.com\/wp-content\/uploads\/2020\/02\/LexNet-tmp9568.Iuritex.44983.pdf\" class=\"pdfemb-viewer\" style=\"\" data-width=\"max\" data-height=\"max\" data-mobile-width=\"0\"  data-scrollbar=\"none\" data-download=\"on\" data-tracking=\"on\" data-newwindow=\"on\" data-pagetextbox=\"off\" data-scrolltotop=\"off\" data-startzoom=\"100\" data-startfpzoom=\"100\" data-toolbar=\"top\" data-toolbar-fixed=\"off\">LexNet-tmp9568.Iuritex.44983<br\/><\/a><\/p>\n<p>[\/et_pb_text][\/et_pb_column][\/et_pb_row][\/et_pb_section]<\/p>\n","protected":false},"excerpt":{"rendered":"<p>Op 30 januari 2020 (kennisgeving op 11 februari 2020) verwerpt de Sala de lo Contencioso-Administrativo (Secci\u00f3n 3\u00aa) van het TSJC het beroep tot herziening van de Gemeente Pratdip, dat erop gericht was de Vereniging van Eigenaars \u00abLes Planes del Rei\u00bb uit te sluiten van de procedure van tenuitvoerlegging met betrekking tot de herverkaveling. Het Hof [&hellip;]<\/p>\n","protected":false},"author":1,"featured_media":0,"comment_status":"closed","ping_status":"closed","sticky":false,"template":"","format":"standard","meta":{"_et_pb_use_builder":"on","_et_pb_old_content":"","_et_gb_content_width":"","footnotes":""},"categories":[215],"tags":[],"class_list":["post-29110","post","type-post","status-publish","format-standard","hentry","category-documenten"],"yoast_head":"<!-- This site is optimized with the Yoast SEO plugin v27.5 - https:\/\/yoast.com\/product\/yoast-seo-wordpress\/ -->\n<title>30 januari 2020 : Auto van het TSJC \u2013 Legitimatie van de Vereniging van Eigenaars \u00abLes Planes del Rei\u00bb bij tenuitvoerlegging van het vonnis - La Tribune de Planas del Rey, Pratdip<\/title>\n<meta name=\"description\" content=\"Het TSJC bevestigt de legitimatie van de Vereniging Les Planes del Rei en verwerpt het beroep van de gemeente Pratdip.\" \/>\n<meta name=\"robots\" content=\"index, follow, max-snippet:-1, max-image-preview:large, max-video-preview:-1\" \/>\n<link rel=\"canonical\" href=\"https:\/\/www.latribunedeplanas.com\/nl\/30-januari-2020-auto-van-het-tsjc-legitimatie-van-de-vereniging-van-eigenaars-les-planes-del-rei-bij-tenuitvoerlegging-van-het-vonnis\/\" \/>\n<meta property=\"og:locale\" content=\"nl_NL\" \/>\n<meta property=\"og:type\" content=\"article\" \/>\n<meta property=\"og:title\" content=\"30 januari 2020 : Auto van het TSJC \u2013 Legitimatie van de Vereniging van Eigenaars \u00abLes Planes del Rei\u00bb bij tenuitvoerlegging van het vonnis - La Tribune de Planas del Rey, Pratdip\" \/>\n<meta property=\"og:description\" content=\"Het TSJC bevestigt de legitimatie van de Vereniging Les Planes del Rei en verwerpt het beroep van de gemeente Pratdip.\" \/>\n<meta property=\"og:url\" content=\"https:\/\/www.latribunedeplanas.com\/nl\/30-januari-2020-auto-van-het-tsjc-legitimatie-van-de-vereniging-van-eigenaars-les-planes-del-rei-bij-tenuitvoerlegging-van-het-vonnis\/\" \/>\n<meta property=\"og:site_name\" content=\"La Tribune de Planas del Rey, Pratdip\" \/>\n<meta property=\"article:publisher\" content=\"https:\/\/www.facebook.com\/groups\/1220895301376005\/\" \/>\n<meta property=\"article:author\" content=\"https:\/\/www.facebook.com\/Creawebsite-113915200150984\" \/>\n<meta property=\"article:published_time\" content=\"2020-01-30T10:07:16+00:00\" \/>\n<meta property=\"article:modified_time\" content=\"2025-08-26T09:21:49+00:00\" \/>\n<meta name=\"author\" content=\"Jim\" \/>\n<meta name=\"twitter:card\" content=\"summary_large_image\" \/>\n<meta name=\"twitter:label1\" content=\"Geschreven door\" \/>\n\t<meta name=\"twitter:data1\" content=\"Jim\" \/>\n\t<meta name=\"twitter:label2\" content=\"Geschatte leestijd\" \/>\n\t<meta name=\"twitter:data2\" content=\"3 minuten\" \/>\n<script type=\"application\/ld+json\" class=\"yoast-schema-graph\">{\"@context\":\"https:\\\/\\\/schema.org\",\"@graph\":[{\"@type\":\"Article\",\"@id\":\"https:\\\/\\\/www.latribunedeplanas.com\\\/nl\\\/30-januari-2020-auto-van-het-tsjc-legitimatie-van-de-vereniging-van-eigenaars-les-planes-del-rei-bij-tenuitvoerlegging-van-het-vonnis\\\/#article\",\"isPartOf\":{\"@id\":\"https:\\\/\\\/www.latribunedeplanas.com\\\/nl\\\/30-januari-2020-auto-van-het-tsjc-legitimatie-van-de-vereniging-van-eigenaars-les-planes-del-rei-bij-tenuitvoerlegging-van-het-vonnis\\\/\"},\"author\":{\"name\":\"Jim\",\"@id\":\"https:\\\/\\\/www.latribunedeplanas.com\\\/nl\\\/#\\\/schema\\\/person\\\/590a87318688792f18d8e1c983528bc8\"},\"headline\":\"30 januari 2020 : Auto van het TSJC \u2013 Legitimatie van de Vereniging van Eigenaars \u00abLes Planes del Rei\u00bb bij tenuitvoerlegging van het vonnis\",\"datePublished\":\"2020-01-30T10:07:16+00:00\",\"dateModified\":\"2025-08-26T09:21:49+00:00\",\"mainEntityOfPage\":{\"@id\":\"https:\\\/\\\/www.latribunedeplanas.com\\\/nl\\\/30-januari-2020-auto-van-het-tsjc-legitimatie-van-de-vereniging-van-eigenaars-les-planes-del-rei-bij-tenuitvoerlegging-van-het-vonnis\\\/\"},\"wordCount\":698,\"publisher\":{\"@id\":\"https:\\\/\\\/www.latribunedeplanas.com\\\/nl\\\/#organization\"},\"articleSection\":[\"Documenten\"],\"inLanguage\":\"nl-NL\"},{\"@type\":\"WebPage\",\"@id\":\"https:\\\/\\\/www.latribunedeplanas.com\\\/nl\\\/30-januari-2020-auto-van-het-tsjc-legitimatie-van-de-vereniging-van-eigenaars-les-planes-del-rei-bij-tenuitvoerlegging-van-het-vonnis\\\/\",\"url\":\"https:\\\/\\\/www.latribunedeplanas.com\\\/nl\\\/30-januari-2020-auto-van-het-tsjc-legitimatie-van-de-vereniging-van-eigenaars-les-planes-del-rei-bij-tenuitvoerlegging-van-het-vonnis\\\/\",\"name\":\"30 januari 2020 : Auto van het TSJC \u2013 Legitimatie van de Vereniging van Eigenaars \u00abLes Planes del Rei\u00bb bij tenuitvoerlegging van het vonnis - La Tribune de Planas del Rey, Pratdip\",\"isPartOf\":{\"@id\":\"https:\\\/\\\/www.latribunedeplanas.com\\\/nl\\\/#website\"},\"datePublished\":\"2020-01-30T10:07:16+00:00\",\"dateModified\":\"2025-08-26T09:21:49+00:00\",\"description\":\"Het TSJC bevestigt de legitimatie van de Vereniging Les Planes del Rei en verwerpt het beroep van de gemeente Pratdip.\",\"breadcrumb\":{\"@id\":\"https:\\\/\\\/www.latribunedeplanas.com\\\/nl\\\/30-januari-2020-auto-van-het-tsjc-legitimatie-van-de-vereniging-van-eigenaars-les-planes-del-rei-bij-tenuitvoerlegging-van-het-vonnis\\\/#breadcrumb\"},\"inLanguage\":\"nl-NL\",\"potentialAction\":[{\"@type\":\"ReadAction\",\"target\":[\"https:\\\/\\\/www.latribunedeplanas.com\\\/nl\\\/30-januari-2020-auto-van-het-tsjc-legitimatie-van-de-vereniging-van-eigenaars-les-planes-del-rei-bij-tenuitvoerlegging-van-het-vonnis\\\/\"]}]},{\"@type\":\"BreadcrumbList\",\"@id\":\"https:\\\/\\\/www.latribunedeplanas.com\\\/nl\\\/30-januari-2020-auto-van-het-tsjc-legitimatie-van-de-vereniging-van-eigenaars-les-planes-del-rei-bij-tenuitvoerlegging-van-het-vonnis\\\/#breadcrumb\",\"itemListElement\":[{\"@type\":\"ListItem\",\"position\":1,\"name\":\"Accueil\",\"item\":\"https:\\\/\\\/www.latribunedeplanas.com\\\/nl\\\/\"},{\"@type\":\"ListItem\",\"position\":2,\"name\":\"30 januari 2020 : Auto van het TSJC \u2013 Legitimatie van de Vereniging van Eigenaars \u00abLes Planes del Rei\u00bb bij tenuitvoerlegging van het vonnis\"}]},{\"@type\":\"WebSite\",\"@id\":\"https:\\\/\\\/www.latribunedeplanas.com\\\/nl\\\/#website\",\"url\":\"https:\\\/\\\/www.latribunedeplanas.com\\\/nl\\\/\",\"name\":\"La Tribune de Planas del Rey, Pratdip\",\"description\":\"Las Planas del Rey \u2013 Urbanisatie van de gemeente Pratdip\",\"publisher\":{\"@id\":\"https:\\\/\\\/www.latribunedeplanas.com\\\/nl\\\/#organization\"},\"potentialAction\":[{\"@type\":\"SearchAction\",\"target\":{\"@type\":\"EntryPoint\",\"urlTemplate\":\"https:\\\/\\\/www.latribunedeplanas.com\\\/nl\\\/?s={search_term_string}\"},\"query-input\":{\"@type\":\"PropertyValueSpecification\",\"valueRequired\":true,\"valueName\":\"search_term_string\"}}],\"inLanguage\":\"nl-NL\"},{\"@type\":\"Organization\",\"@id\":\"https:\\\/\\\/www.latribunedeplanas.com\\\/nl\\\/#organization\",\"name\":\"Vecinos de Planes del Rei (SOSPlanes)\",\"url\":\"https:\\\/\\\/www.latribunedeplanas.com\\\/nl\\\/\",\"logo\":{\"@type\":\"ImageObject\",\"inLanguage\":\"nl-NL\",\"@id\":\"https:\\\/\\\/www.latribunedeplanas.com\\\/nl\\\/#\\\/schema\\\/logo\\\/image\\\/\",\"url\":\"https:\\\/\\\/www.latribunedeplanas.com\\\/wp-content\\\/uploads\\\/2021\\\/11\\\/logo-sos-planas-0.png\",\"contentUrl\":\"https:\\\/\\\/www.latribunedeplanas.com\\\/wp-content\\\/uploads\\\/2021\\\/11\\\/logo-sos-planas-0.png\",\"width\":600,\"height\":400,\"caption\":\"Vecinos de Planes del Rei (SOSPlanes)\"},\"image\":{\"@id\":\"https:\\\/\\\/www.latribunedeplanas.com\\\/nl\\\/#\\\/schema\\\/logo\\\/image\\\/\"},\"sameAs\":[\"https:\\\/\\\/www.facebook.com\\\/groups\\\/1220895301376005\\\/\",\"https:\\\/\\\/www.instagram.com\\\/lasplanasdelrey\\\/\"]},{\"@type\":\"Person\",\"@id\":\"https:\\\/\\\/www.latribunedeplanas.com\\\/nl\\\/#\\\/schema\\\/person\\\/590a87318688792f18d8e1c983528bc8\",\"name\":\"Jim\",\"image\":{\"@type\":\"ImageObject\",\"inLanguage\":\"nl-NL\",\"@id\":\"https:\\\/\\\/secure.gravatar.com\\\/avatar\\\/5a89228fd282eb9ee33a60b4ff06f9c31751866f1fb91ca56263af0968354113?s=96&d=mm&r=g\",\"url\":\"https:\\\/\\\/secure.gravatar.com\\\/avatar\\\/5a89228fd282eb9ee33a60b4ff06f9c31751866f1fb91ca56263af0968354113?s=96&d=mm&r=g\",\"contentUrl\":\"https:\\\/\\\/secure.gravatar.com\\\/avatar\\\/5a89228fd282eb9ee33a60b4ff06f9c31751866f1fb91ca56263af0968354113?s=96&d=mm&r=g\",\"caption\":\"Jim\"},\"sameAs\":[\"https:\\\/\\\/www.creawebsite.be\\\/\",\"https:\\\/\\\/www.facebook.com\\\/Creawebsite-113915200150984\",\"https:\\\/\\\/www.instagram.com\\\/creawebsite.be\\\/\",\"https:\\\/\\\/www.linkedin.com\\\/in\\\/jean-marc-delchef\\\/\"]}]}<\/script>\n<!-- \/ Yoast SEO plugin. -->","yoast_head_json":{"title":"30 januari 2020 : Auto van het TSJC \u2013 Legitimatie van de Vereniging van Eigenaars \u00abLes Planes del Rei\u00bb bij tenuitvoerlegging van het vonnis - La Tribune de Planas del Rey, Pratdip","description":"Het TSJC bevestigt de legitimatie van de Vereniging Les Planes del Rei en verwerpt het beroep van de gemeente Pratdip.","robots":{"index":"index","follow":"follow","max-snippet":"max-snippet:-1","max-image-preview":"max-image-preview:large","max-video-preview":"max-video-preview:-1"},"canonical":"https:\/\/www.latribunedeplanas.com\/nl\/30-januari-2020-auto-van-het-tsjc-legitimatie-van-de-vereniging-van-eigenaars-les-planes-del-rei-bij-tenuitvoerlegging-van-het-vonnis\/","og_locale":"nl_NL","og_type":"article","og_title":"30 januari 2020 : Auto van het TSJC \u2013 Legitimatie van de Vereniging van Eigenaars \u00abLes Planes del Rei\u00bb bij tenuitvoerlegging van het vonnis - La Tribune de Planas del Rey, Pratdip","og_description":"Het TSJC bevestigt de legitimatie van de Vereniging Les Planes del Rei en verwerpt het beroep van de gemeente Pratdip.","og_url":"https:\/\/www.latribunedeplanas.com\/nl\/30-januari-2020-auto-van-het-tsjc-legitimatie-van-de-vereniging-van-eigenaars-les-planes-del-rei-bij-tenuitvoerlegging-van-het-vonnis\/","og_site_name":"La Tribune de Planas del Rey, Pratdip","article_publisher":"https:\/\/www.facebook.com\/groups\/1220895301376005\/","article_author":"https:\/\/www.facebook.com\/Creawebsite-113915200150984","article_published_time":"2020-01-30T10:07:16+00:00","article_modified_time":"2025-08-26T09:21:49+00:00","author":"Jim","twitter_card":"summary_large_image","twitter_misc":{"Geschreven door":"Jim","Geschatte leestijd":"3 minuten"},"schema":{"@context":"https:\/\/schema.org","@graph":[{"@type":"Article","@id":"https:\/\/www.latribunedeplanas.com\/nl\/30-januari-2020-auto-van-het-tsjc-legitimatie-van-de-vereniging-van-eigenaars-les-planes-del-rei-bij-tenuitvoerlegging-van-het-vonnis\/#article","isPartOf":{"@id":"https:\/\/www.latribunedeplanas.com\/nl\/30-januari-2020-auto-van-het-tsjc-legitimatie-van-de-vereniging-van-eigenaars-les-planes-del-rei-bij-tenuitvoerlegging-van-het-vonnis\/"},"author":{"name":"Jim","@id":"https:\/\/www.latribunedeplanas.com\/nl\/#\/schema\/person\/590a87318688792f18d8e1c983528bc8"},"headline":"30 januari 2020 : Auto van het TSJC \u2013 Legitimatie van de Vereniging van Eigenaars \u00abLes Planes del Rei\u00bb bij tenuitvoerlegging van het vonnis","datePublished":"2020-01-30T10:07:16+00:00","dateModified":"2025-08-26T09:21:49+00:00","mainEntityOfPage":{"@id":"https:\/\/www.latribunedeplanas.com\/nl\/30-januari-2020-auto-van-het-tsjc-legitimatie-van-de-vereniging-van-eigenaars-les-planes-del-rei-bij-tenuitvoerlegging-van-het-vonnis\/"},"wordCount":698,"publisher":{"@id":"https:\/\/www.latribunedeplanas.com\/nl\/#organization"},"articleSection":["Documenten"],"inLanguage":"nl-NL"},{"@type":"WebPage","@id":"https:\/\/www.latribunedeplanas.com\/nl\/30-januari-2020-auto-van-het-tsjc-legitimatie-van-de-vereniging-van-eigenaars-les-planes-del-rei-bij-tenuitvoerlegging-van-het-vonnis\/","url":"https:\/\/www.latribunedeplanas.com\/nl\/30-januari-2020-auto-van-het-tsjc-legitimatie-van-de-vereniging-van-eigenaars-les-planes-del-rei-bij-tenuitvoerlegging-van-het-vonnis\/","name":"30 januari 2020 : Auto van het TSJC \u2013 Legitimatie van de Vereniging van Eigenaars \u00abLes Planes del Rei\u00bb bij tenuitvoerlegging van het vonnis - La Tribune de Planas del Rey, Pratdip","isPartOf":{"@id":"https:\/\/www.latribunedeplanas.com\/nl\/#website"},"datePublished":"2020-01-30T10:07:16+00:00","dateModified":"2025-08-26T09:21:49+00:00","description":"Het TSJC bevestigt de legitimatie van de Vereniging Les Planes del Rei en verwerpt het beroep van de gemeente Pratdip.","breadcrumb":{"@id":"https:\/\/www.latribunedeplanas.com\/nl\/30-januari-2020-auto-van-het-tsjc-legitimatie-van-de-vereniging-van-eigenaars-les-planes-del-rei-bij-tenuitvoerlegging-van-het-vonnis\/#breadcrumb"},"inLanguage":"nl-NL","potentialAction":[{"@type":"ReadAction","target":["https:\/\/www.latribunedeplanas.com\/nl\/30-januari-2020-auto-van-het-tsjc-legitimatie-van-de-vereniging-van-eigenaars-les-planes-del-rei-bij-tenuitvoerlegging-van-het-vonnis\/"]}]},{"@type":"BreadcrumbList","@id":"https:\/\/www.latribunedeplanas.com\/nl\/30-januari-2020-auto-van-het-tsjc-legitimatie-van-de-vereniging-van-eigenaars-les-planes-del-rei-bij-tenuitvoerlegging-van-het-vonnis\/#breadcrumb","itemListElement":[{"@type":"ListItem","position":1,"name":"Accueil","item":"https:\/\/www.latribunedeplanas.com\/nl\/"},{"@type":"ListItem","position":2,"name":"30 januari 2020 : Auto van het TSJC \u2013 Legitimatie van de Vereniging van Eigenaars \u00abLes Planes del Rei\u00bb bij tenuitvoerlegging van het vonnis"}]},{"@type":"WebSite","@id":"https:\/\/www.latribunedeplanas.com\/nl\/#website","url":"https:\/\/www.latribunedeplanas.com\/nl\/","name":"La Tribune de Planas del Rey, Pratdip","description":"Las Planas del Rey \u2013 Urbanisatie van de gemeente Pratdip","publisher":{"@id":"https:\/\/www.latribunedeplanas.com\/nl\/#organization"},"potentialAction":[{"@type":"SearchAction","target":{"@type":"EntryPoint","urlTemplate":"https:\/\/www.latribunedeplanas.com\/nl\/?s={search_term_string}"},"query-input":{"@type":"PropertyValueSpecification","valueRequired":true,"valueName":"search_term_string"}}],"inLanguage":"nl-NL"},{"@type":"Organization","@id":"https:\/\/www.latribunedeplanas.com\/nl\/#organization","name":"Vecinos de Planes del Rei (SOSPlanes)","url":"https:\/\/www.latribunedeplanas.com\/nl\/","logo":{"@type":"ImageObject","inLanguage":"nl-NL","@id":"https:\/\/www.latribunedeplanas.com\/nl\/#\/schema\/logo\/image\/","url":"https:\/\/www.latribunedeplanas.com\/wp-content\/uploads\/2021\/11\/logo-sos-planas-0.png","contentUrl":"https:\/\/www.latribunedeplanas.com\/wp-content\/uploads\/2021\/11\/logo-sos-planas-0.png","width":600,"height":400,"caption":"Vecinos de Planes del Rei (SOSPlanes)"},"image":{"@id":"https:\/\/www.latribunedeplanas.com\/nl\/#\/schema\/logo\/image\/"},"sameAs":["https:\/\/www.facebook.com\/groups\/1220895301376005\/","https:\/\/www.instagram.com\/lasplanasdelrey\/"]},{"@type":"Person","@id":"https:\/\/www.latribunedeplanas.com\/nl\/#\/schema\/person\/590a87318688792f18d8e1c983528bc8","name":"Jim","image":{"@type":"ImageObject","inLanguage":"nl-NL","@id":"https:\/\/secure.gravatar.com\/avatar\/5a89228fd282eb9ee33a60b4ff06f9c31751866f1fb91ca56263af0968354113?s=96&d=mm&r=g","url":"https:\/\/secure.gravatar.com\/avatar\/5a89228fd282eb9ee33a60b4ff06f9c31751866f1fb91ca56263af0968354113?s=96&d=mm&r=g","contentUrl":"https:\/\/secure.gravatar.com\/avatar\/5a89228fd282eb9ee33a60b4ff06f9c31751866f1fb91ca56263af0968354113?s=96&d=mm&r=g","caption":"Jim"},"sameAs":["https:\/\/www.creawebsite.be\/","https:\/\/www.facebook.com\/Creawebsite-113915200150984","https:\/\/www.instagram.com\/creawebsite.be\/","https:\/\/www.linkedin.com\/in\/jean-marc-delchef\/"]}]}},"_links":{"self":[{"href":"https:\/\/www.latribunedeplanas.com\/nl\/wp-json\/wp\/v2\/posts\/29110","targetHints":{"allow":["GET"]}}],"collection":[{"href":"https:\/\/www.latribunedeplanas.com\/nl\/wp-json\/wp\/v2\/posts"}],"about":[{"href":"https:\/\/www.latribunedeplanas.com\/nl\/wp-json\/wp\/v2\/types\/post"}],"author":[{"embeddable":true,"href":"https:\/\/www.latribunedeplanas.com\/nl\/wp-json\/wp\/v2\/users\/1"}],"replies":[{"embeddable":true,"href":"https:\/\/www.latribunedeplanas.com\/nl\/wp-json\/wp\/v2\/comments?post=29110"}],"version-history":[{"count":2,"href":"https:\/\/www.latribunedeplanas.com\/nl\/wp-json\/wp\/v2\/posts\/29110\/revisions"}],"predecessor-version":[{"id":29122,"href":"https:\/\/www.latribunedeplanas.com\/nl\/wp-json\/wp\/v2\/posts\/29110\/revisions\/29122"}],"wp:attachment":[{"href":"https:\/\/www.latribunedeplanas.com\/nl\/wp-json\/wp\/v2\/media?parent=29110"}],"wp:term":[{"taxonomy":"category","embeddable":true,"href":"https:\/\/www.latribunedeplanas.com\/nl\/wp-json\/wp\/v2\/categories?post=29110"},{"taxonomy":"post_tag","embeddable":true,"href":"https:\/\/www.latribunedeplanas.com\/nl\/wp-json\/wp\/v2\/tags?post=29110"}],"curies":[{"name":"wp","href":"https:\/\/api.w.org\/{rel}","templated":true}]}}