{"id":29035,"date":"2017-10-31T22:36:12","date_gmt":"2017-10-31T21:36:12","guid":{"rendered":"https:\/\/www.latribunedeplanas.com\/31-octobre-2017-cessation-de-la-gestion-et-des-activites-de-conservation-de-planas-lettre-eucc\/"},"modified":"2025-08-26T11:23:21","modified_gmt":"2025-08-26T09:23:21","slug":"31-oktober-2017-beeindiging-van-het-beheer-en-de-conserveringsactiviteiten-van-planas-brief-eucc","status":"publish","type":"post","link":"https:\/\/www.latribunedeplanas.com\/nl\/31-oktober-2017-beeindiging-van-het-beheer-en-de-conserveringsactiviteiten-van-planas-brief-eucc\/","title":{"rendered":"31 oktober 2017 : Be\u00ebindiging van het beheer en de conserveringsactiviteiten van Planas (brief EUCC)"},"content":{"rendered":"<p>[et_pb_section fb_built=&#8221;1&#8243; admin_label=&#8221;Section-Article&#8221; module_class=&#8221;section-article&#8221; _builder_version=&#8221;4.18.0&#8243; custom_margin=&#8221;0px|0px|0px|0px&#8221; custom_padding=&#8221;0px|0px|0px|0px&#8221; global_colors_info=&#8221;{}&#8221;][et_pb_row use_custom_gutter=&#8221;on&#8221; gutter_width=&#8221;1&#8243; custom_padding_last_edited=&#8221;on|phone&#8221; admin_label=&#8221;Ligne-Article&#8221; module_class=&#8221;ligne-article et_pb_row_fullwidth&#8221; _builder_version=&#8221;4.27.4&#8243; width=&#8221;100%&#8221; width_tablet=&#8221;100%&#8221; width_phone=&#8221;&#8221; width_last_edited=&#8221;on|desktop&#8221; max_width=&#8221;100%&#8221; max_width_tablet=&#8221;100%&#8221; max_width_phone=&#8221;&#8221; max_width_last_edited=&#8221;on|desktop&#8221; custom_margin=&#8221;0px||0px&#8221; custom_padding=&#8221;20px||0px||false|false&#8221; custom_padding_tablet=&#8221;20px||0px||false|false&#8221; custom_padding_phone=&#8221;15px||||false|false&#8221; make_fullwidth=&#8221;on&#8221; global_colors_info=&#8221;{}&#8221;][et_pb_column type=&#8221;4_4&#8243; _builder_version=&#8221;4.16&#8243; custom_padding=&#8221;|||&#8221; global_colors_info=&#8221;{}&#8221; custom_padding__hover=&#8221;|||&#8221;][et_pb_text admin_label=&#8221;Texte-31 oktober 2017: Be\u00ebindiging van het beheer en de conserveringsactiviteiten van Planas (brief EUCC)&#8221; module_class=&#8221;txt-article&#8221; _builder_version=&#8221;4.27.4&#8243; text_font=&#8221;|300|||||||&#8221; header_font=&#8221;||||||||&#8221; header_2_line_height=&#8221;1.2em&#8221; header_3_font=&#8221;||||||||&#8221; header_3_line_height=&#8221;1.3em&#8221; header_4_text_align=&#8221;center&#8221; custom_padding=&#8221;||||false|false&#8221; hover_enabled=&#8221;0&#8243; text_line_height_tablet=&#8221;&#8221; text_line_height_phone=&#8221;1.3em&#8221; text_line_height_last_edited=&#8221;on|desktop&#8221; header_2_font_size_tablet=&#8221;&#8221; header_2_font_size_phone=&#8221;&#8221; header_2_font_size_last_edited=&#8221;on|phone&#8221; header_3_font_size_tablet=&#8221;&#8221; header_3_font_size_phone=&#8221;23px&#8221; header_3_font_size_last_edited=&#8221;on|desktop&#8221; global_colors_info=&#8221;{}&#8221; sticky_enabled=&#8221;0&#8243;]<\/p>\n<h1>31 oktober 2017: Be\u00ebindiging van het beheer en de conserveringsactiviteiten van Planas (brief EUCC)<\/h1>\n<p>Brief gericht aan alle eigenaars: offici\u00eble kennisgeving van de be\u00ebindiging van de activiteiten van de <span class=\"accentue\">EUCC<\/span> met ingang van <span class=\"accentue\">1 november 2017<\/span> wegens gebrek aan middelen (kaspositie <span class=\"accentue\">\u20ac3.927,51<\/span>). Het document markeert een belangrijk keerpunt: einde van het zelfbeheer en overdracht van verantwoordelijkheden aan de <span class=\"accentue\">Gemeente Pratdip<\/span>.<\/p>\n<hr style=\"margin-bottom: 30px;\" \/>\n<h2>1) Context en reikwijdte<\/h2>\n<ul>\n<li><span class=\"accentue\">Ontvangers<\/span>: alle eigenaars van Planas.<\/li>\n<li><span class=\"accentue\">Aard<\/span>: offici\u00eble kennisgeving van de be\u00ebindiging van de activiteiten van de EUCC.<\/li>\n<li><span class=\"accentue\">Inwerkingtreding<\/span>: vanaf <span class=\"accentue\">1 november 2017<\/span> (onderhoud gestopt, personeel ontslagen).<\/li>\n<li><span class=\"accentue\">Effect<\/span>: einde van het zelfbeheer en feitelijke overdracht aan de <span class=\"accentue\">Gemeente Pratdip<\/span> voor de minimumdiensten.<\/li>\n<\/ul>\n<h2>2) Aangevoerde redenen<\/h2>\n<ul>\n<li><span class=\"accentue\">Financi\u00eble ontoereikendheid<\/span>: kaspositie beperkt tot <span class=\"accentue\">\u20ac3.927,51<\/span>.<\/li>\n<li><span class=\"accentue\">Ontslagen<\/span>: einde van de contracten; het onderhoud wordt niet langer verzekerd.<\/li>\n<li><span class=\"accentue\">Onbetaalde bijdragen (morosos)<\/span>: niet-betaling van bijdragen door een deel van de eigenaars en moeilijke inning.<\/li>\n<li><span class=\"accentue\">Effect van het arrest van het TSJC (21\/07\/2016)<\/span>: ontbinding uitgesproken zonder uitvoeringsmodaliteiten, waardoor juridische onzekerheid en een daling van de betalingen ontstonden.<\/li>\n<\/ul>\n<h2>3) Politieke kritiek<\/h2>\n<ul>\n<li><span class=\"accentue\">Gebrek aan reactie<\/span> van het gemeentebestuur en de lokale politiek.<\/li>\n<li><span class=\"accentue\">Na de verkiezingen van 2014<\/span>: Converg\u00e8ncia (3 raadsleden, inclusief de burgemeester); Unidos por Planas (1 raadslid, terugtrekking in april 2017); PSC (3 raadsleden, oppositie).<\/li>\n<li><span class=\"accentue\">Geen alternatieve meerderheid<\/span>: PSC + Unidos por Planas kwamen niet tot een akkoord, waardoor een blokkade in het nadeel van Planas blijft bestaan.<\/li>\n<\/ul>\n<h2>4) Belangrijkste aanklachten<\/h2>\n<ul>\n<li><span class=\"accentue\">Verlies van banen<\/span> voor het personeel, een situatie die als \u201cschandelijk\u201d wordt omschreven.<\/li>\n<li><span class=\"accentue\">Financi\u00eble asymmetrie<\/span>: ongeveer <span class=\"accentue\">\u20ac400.000\/jaar<\/span> aan IBI en nucleaire subsidies toegekend aan de gemeente dankzij Planas, zonder zichtbaar rendement in diensten.<\/li>\n<li><span class=\"accentue\">Gemeentelijke verantwoordelijkheid<\/span>: impliciete beschuldiging van het profiteren van inkomsten zonder de dienstverplichtingen na te komen.<\/li>\n<\/ul>\n<h2>5) Praktische gevolgen<\/h2>\n<ul>\n<li>Vanaf <span class=\"accentue\">1 november 2017<\/span> wordt er door de EUCC <span class=\"accentue\">geen conserveringsdienst<\/span> meer verzekerd.<\/li>\n<li>Planas is nu volledig afhankelijk van de <span class=\"accentue\">gemeentelijke diensten<\/span> (verlichting, water, afval, wegen, enz.).<\/li>\n<li>De brief bevat een <span class=\"accentue\">lijst met nuttige contacten<\/span> (gemeentehuis, politie, Mossos, brandweer, Comaigua).<\/li>\n<\/ul>\n<h2>Belang van het document<\/h2>\n<ul>\n<li><span class=\"accentue\">Breukakte<\/span> die een einde maakt aan het zelfbeheer door de EUCC.<\/li>\n<li><span class=\"accentue\">Overdracht van verantwoordelijkheden<\/span> aan de Gemeente Pratdip, zowel <span class=\"accentue\">juridisch<\/span> als <span class=\"accentue\">politiek<\/span>.<\/li>\n<li><span class=\"accentue\">Waarschuwingssignaal<\/span> over lokaal bestuur en het gebrek aan politieke samenwerking ten gunste van Planas.<\/li>\n<\/ul>\n<h2>Referenties<\/h2>\n<ul>\n<li><span class=\"accentue\">Geanalyseerd document<\/span>: informatiebrief van de EUCC gedateerd <span class=\"accentue\">31\/10\/2017<\/span>, ondertekend door <span class=\"accentue\">Christian Peuman<\/span> (voorzitter) en <span class=\"accentue\">Marc Laloyaux<\/span> (secretaris).<\/li>\n<li><span class=\"accentue\">Referentiepunten<\/span>: arrest van <span class=\"accentue\">ontbinding van de EUCC (TSJC, 21\/07\/2016)<\/span> en daaropvolgend gemeentelijk decreet.<\/li>\n<\/ul>\n<hr style=\"margin-bottom: 30px;\" \/>\n<h3 class=\"underline\">Document<\/h3>\n<p style=\"padding-top: 30px;\"><a href=\"https:\/\/www.latribunedeplanas.com\/wp-content\/uploads\/2025\/08\/2017-10-31-cessation-gestion-conservation-planas-nl.pdf\" class=\"pdfemb-viewer\" style=\"\" data-width=\"max\" data-height=\"max\" data-mobile-width=\"0\"  data-scrollbar=\"none\" data-download=\"on\" data-tracking=\"on\" data-newwindow=\"on\" data-pagetextbox=\"off\" data-scrolltotop=\"off\" data-startzoom=\"100\" data-startfpzoom=\"100\" data-toolbar=\"top\" data-toolbar-fixed=\"off\">2017-10-31-cessation-gestion-conservation-planas-nl<br\/><\/a><\/p>\n<p>[\/et_pb_text][\/et_pb_column][\/et_pb_row][\/et_pb_section]<\/p>\n","protected":false},"excerpt":{"rendered":"<p>31 oktober 2017: Be\u00ebindiging van het beheer en de conserveringsactiviteiten van Planas (brief EUCC) Brief gericht aan alle eigenaars: offici\u00eble kennisgeving van de be\u00ebindiging van de activiteiten van de EUCC met ingang van 1 november 2017 wegens gebrek aan middelen (kaspositie \u20ac3.927,51). Het document markeert een belangrijk keerpunt: einde van het zelfbeheer en overdracht van [&hellip;]<\/p>\n","protected":false},"author":1,"featured_media":0,"comment_status":"closed","ping_status":"closed","sticky":false,"template":"","format":"standard","meta":{"_et_pb_use_builder":"on","_et_pb_old_content":"","_et_gb_content_width":"","footnotes":""},"categories":[215],"tags":[],"class_list":["post-29035","post","type-post","status-publish","format-standard","hentry","category-documenten"],"yoast_head":"<!-- This site is optimized with the Yoast SEO plugin v27.5 - https:\/\/yoast.com\/product\/yoast-seo-wordpress\/ -->\n<title>31 oktober 2017 : Be\u00ebindiging van het beheer en de conserveringsactiviteiten van Planas (brief EUCC) - La Tribune de Planas del Rey, Pratdip<\/title>\n<meta name=\"description\" content=\"In 2017 stopte de EUCC van Planas haar activiteiten, waardoor de gemeente Pratdip verantwoordelijk werd voor de minimale diensten\" \/>\n<meta name=\"robots\" content=\"index, follow, max-snippet:-1, max-image-preview:large, max-video-preview:-1\" \/>\n<link rel=\"canonical\" href=\"https:\/\/www.latribunedeplanas.com\/nl\/31-oktober-2017-beeindiging-van-het-beheer-en-de-conserveringsactiviteiten-van-planas-brief-eucc\/\" \/>\n<meta property=\"og:locale\" content=\"nl_NL\" \/>\n<meta property=\"og:type\" content=\"article\" \/>\n<meta property=\"og:title\" content=\"31 oktober 2017 : Be\u00ebindiging van het beheer en de conserveringsactiviteiten van Planas (brief EUCC) - La Tribune de Planas del Rey, Pratdip\" \/>\n<meta property=\"og:description\" content=\"In 2017 stopte de EUCC van Planas haar activiteiten, waardoor de gemeente Pratdip verantwoordelijk werd voor de minimale diensten\" \/>\n<meta property=\"og:url\" content=\"https:\/\/www.latribunedeplanas.com\/nl\/31-oktober-2017-beeindiging-van-het-beheer-en-de-conserveringsactiviteiten-van-planas-brief-eucc\/\" \/>\n<meta property=\"og:site_name\" content=\"La Tribune de Planas del Rey, Pratdip\" \/>\n<meta property=\"article:publisher\" content=\"https:\/\/www.facebook.com\/groups\/1220895301376005\/\" \/>\n<meta property=\"article:author\" content=\"https:\/\/www.facebook.com\/Creawebsite-113915200150984\" \/>\n<meta property=\"article:published_time\" content=\"2017-10-31T21:36:12+00:00\" \/>\n<meta property=\"article:modified_time\" content=\"2025-08-26T09:23:21+00:00\" \/>\n<meta name=\"author\" content=\"Jim\" \/>\n<meta name=\"twitter:card\" content=\"summary_large_image\" \/>\n<meta name=\"twitter:label1\" content=\"Geschreven door\" \/>\n\t<meta name=\"twitter:data1\" content=\"Jim\" \/>\n\t<meta name=\"twitter:label2\" content=\"Geschatte leestijd\" \/>\n\t<meta name=\"twitter:data2\" content=\"2 minuten\" \/>\n<script type=\"application\/ld+json\" class=\"yoast-schema-graph\">{\"@context\":\"https:\\\/\\\/schema.org\",\"@graph\":[{\"@type\":\"Article\",\"@id\":\"https:\\\/\\\/www.latribunedeplanas.com\\\/nl\\\/31-oktober-2017-beeindiging-van-het-beheer-en-de-conserveringsactiviteiten-van-planas-brief-eucc\\\/#article\",\"isPartOf\":{\"@id\":\"https:\\\/\\\/www.latribunedeplanas.com\\\/nl\\\/31-oktober-2017-beeindiging-van-het-beheer-en-de-conserveringsactiviteiten-van-planas-brief-eucc\\\/\"},\"author\":{\"name\":\"Jim\",\"@id\":\"https:\\\/\\\/www.latribunedeplanas.com\\\/nl\\\/#\\\/schema\\\/person\\\/590a87318688792f18d8e1c983528bc8\"},\"headline\":\"31 oktober 2017 : Be\u00ebindiging van het beheer en de conserveringsactiviteiten van Planas (brief EUCC)\",\"datePublished\":\"2017-10-31T21:36:12+00:00\",\"dateModified\":\"2025-08-26T09:23:21+00:00\",\"mainEntityOfPage\":{\"@id\":\"https:\\\/\\\/www.latribunedeplanas.com\\\/nl\\\/31-oktober-2017-beeindiging-van-het-beheer-en-de-conserveringsactiviteiten-van-planas-brief-eucc\\\/\"},\"wordCount\":631,\"publisher\":{\"@id\":\"https:\\\/\\\/www.latribunedeplanas.com\\\/nl\\\/#organization\"},\"articleSection\":[\"Documenten\"],\"inLanguage\":\"nl-NL\"},{\"@type\":\"WebPage\",\"@id\":\"https:\\\/\\\/www.latribunedeplanas.com\\\/nl\\\/31-oktober-2017-beeindiging-van-het-beheer-en-de-conserveringsactiviteiten-van-planas-brief-eucc\\\/\",\"url\":\"https:\\\/\\\/www.latribunedeplanas.com\\\/nl\\\/31-oktober-2017-beeindiging-van-het-beheer-en-de-conserveringsactiviteiten-van-planas-brief-eucc\\\/\",\"name\":\"31 oktober 2017 : Be\u00ebindiging van het beheer en de conserveringsactiviteiten van Planas (brief EUCC) - La Tribune de Planas del Rey, Pratdip\",\"isPartOf\":{\"@id\":\"https:\\\/\\\/www.latribunedeplanas.com\\\/nl\\\/#website\"},\"datePublished\":\"2017-10-31T21:36:12+00:00\",\"dateModified\":\"2025-08-26T09:23:21+00:00\",\"description\":\"In 2017 stopte de EUCC van Planas haar activiteiten, waardoor de gemeente Pratdip verantwoordelijk werd voor de minimale diensten\",\"breadcrumb\":{\"@id\":\"https:\\\/\\\/www.latribunedeplanas.com\\\/nl\\\/31-oktober-2017-beeindiging-van-het-beheer-en-de-conserveringsactiviteiten-van-planas-brief-eucc\\\/#breadcrumb\"},\"inLanguage\":\"nl-NL\",\"potentialAction\":[{\"@type\":\"ReadAction\",\"target\":[\"https:\\\/\\\/www.latribunedeplanas.com\\\/nl\\\/31-oktober-2017-beeindiging-van-het-beheer-en-de-conserveringsactiviteiten-van-planas-brief-eucc\\\/\"]}]},{\"@type\":\"BreadcrumbList\",\"@id\":\"https:\\\/\\\/www.latribunedeplanas.com\\\/nl\\\/31-oktober-2017-beeindiging-van-het-beheer-en-de-conserveringsactiviteiten-van-planas-brief-eucc\\\/#breadcrumb\",\"itemListElement\":[{\"@type\":\"ListItem\",\"position\":1,\"name\":\"Accueil\",\"item\":\"https:\\\/\\\/www.latribunedeplanas.com\\\/nl\\\/\"},{\"@type\":\"ListItem\",\"position\":2,\"name\":\"31 oktober 2017 : Be\u00ebindiging van het beheer en de conserveringsactiviteiten van Planas (brief EUCC)\"}]},{\"@type\":\"WebSite\",\"@id\":\"https:\\\/\\\/www.latribunedeplanas.com\\\/nl\\\/#website\",\"url\":\"https:\\\/\\\/www.latribunedeplanas.com\\\/nl\\\/\",\"name\":\"La Tribune de Planas del Rey, Pratdip\",\"description\":\"Las Planas del Rey \u2013 Urbanisatie van de gemeente Pratdip\",\"publisher\":{\"@id\":\"https:\\\/\\\/www.latribunedeplanas.com\\\/nl\\\/#organization\"},\"potentialAction\":[{\"@type\":\"SearchAction\",\"target\":{\"@type\":\"EntryPoint\",\"urlTemplate\":\"https:\\\/\\\/www.latribunedeplanas.com\\\/nl\\\/?s={search_term_string}\"},\"query-input\":{\"@type\":\"PropertyValueSpecification\",\"valueRequired\":true,\"valueName\":\"search_term_string\"}}],\"inLanguage\":\"nl-NL\"},{\"@type\":\"Organization\",\"@id\":\"https:\\\/\\\/www.latribunedeplanas.com\\\/nl\\\/#organization\",\"name\":\"Vecinos de Planes del Rei (SOSPlanes)\",\"url\":\"https:\\\/\\\/www.latribunedeplanas.com\\\/nl\\\/\",\"logo\":{\"@type\":\"ImageObject\",\"inLanguage\":\"nl-NL\",\"@id\":\"https:\\\/\\\/www.latribunedeplanas.com\\\/nl\\\/#\\\/schema\\\/logo\\\/image\\\/\",\"url\":\"https:\\\/\\\/www.latribunedeplanas.com\\\/wp-content\\\/uploads\\\/2021\\\/11\\\/logo-sos-planas-0.png\",\"contentUrl\":\"https:\\\/\\\/www.latribunedeplanas.com\\\/wp-content\\\/uploads\\\/2021\\\/11\\\/logo-sos-planas-0.png\",\"width\":600,\"height\":400,\"caption\":\"Vecinos de Planes del Rei (SOSPlanes)\"},\"image\":{\"@id\":\"https:\\\/\\\/www.latribunedeplanas.com\\\/nl\\\/#\\\/schema\\\/logo\\\/image\\\/\"},\"sameAs\":[\"https:\\\/\\\/www.facebook.com\\\/groups\\\/1220895301376005\\\/\",\"https:\\\/\\\/www.instagram.com\\\/lasplanasdelrey\\\/\"]},{\"@type\":\"Person\",\"@id\":\"https:\\\/\\\/www.latribunedeplanas.com\\\/nl\\\/#\\\/schema\\\/person\\\/590a87318688792f18d8e1c983528bc8\",\"name\":\"Jim\",\"image\":{\"@type\":\"ImageObject\",\"inLanguage\":\"nl-NL\",\"@id\":\"https:\\\/\\\/secure.gravatar.com\\\/avatar\\\/5a89228fd282eb9ee33a60b4ff06f9c31751866f1fb91ca56263af0968354113?s=96&d=mm&r=g\",\"url\":\"https:\\\/\\\/secure.gravatar.com\\\/avatar\\\/5a89228fd282eb9ee33a60b4ff06f9c31751866f1fb91ca56263af0968354113?s=96&d=mm&r=g\",\"contentUrl\":\"https:\\\/\\\/secure.gravatar.com\\\/avatar\\\/5a89228fd282eb9ee33a60b4ff06f9c31751866f1fb91ca56263af0968354113?s=96&d=mm&r=g\",\"caption\":\"Jim\"},\"sameAs\":[\"https:\\\/\\\/www.creawebsite.be\\\/\",\"https:\\\/\\\/www.facebook.com\\\/Creawebsite-113915200150984\",\"https:\\\/\\\/www.instagram.com\\\/creawebsite.be\\\/\",\"https:\\\/\\\/www.linkedin.com\\\/in\\\/jean-marc-delchef\\\/\"]}]}<\/script>\n<!-- \/ Yoast SEO plugin. -->","yoast_head_json":{"title":"31 oktober 2017 : Be\u00ebindiging van het beheer en de conserveringsactiviteiten van Planas (brief EUCC) - La Tribune de Planas del Rey, Pratdip","description":"In 2017 stopte de EUCC van Planas haar activiteiten, waardoor de gemeente Pratdip verantwoordelijk werd voor de minimale diensten","robots":{"index":"index","follow":"follow","max-snippet":"max-snippet:-1","max-image-preview":"max-image-preview:large","max-video-preview":"max-video-preview:-1"},"canonical":"https:\/\/www.latribunedeplanas.com\/nl\/31-oktober-2017-beeindiging-van-het-beheer-en-de-conserveringsactiviteiten-van-planas-brief-eucc\/","og_locale":"nl_NL","og_type":"article","og_title":"31 oktober 2017 : Be\u00ebindiging van het beheer en de conserveringsactiviteiten van Planas (brief EUCC) - La Tribune de Planas del Rey, Pratdip","og_description":"In 2017 stopte de EUCC van Planas haar activiteiten, waardoor de gemeente Pratdip verantwoordelijk werd voor de minimale diensten","og_url":"https:\/\/www.latribunedeplanas.com\/nl\/31-oktober-2017-beeindiging-van-het-beheer-en-de-conserveringsactiviteiten-van-planas-brief-eucc\/","og_site_name":"La Tribune de Planas del Rey, Pratdip","article_publisher":"https:\/\/www.facebook.com\/groups\/1220895301376005\/","article_author":"https:\/\/www.facebook.com\/Creawebsite-113915200150984","article_published_time":"2017-10-31T21:36:12+00:00","article_modified_time":"2025-08-26T09:23:21+00:00","author":"Jim","twitter_card":"summary_large_image","twitter_misc":{"Geschreven door":"Jim","Geschatte leestijd":"2 minuten"},"schema":{"@context":"https:\/\/schema.org","@graph":[{"@type":"Article","@id":"https:\/\/www.latribunedeplanas.com\/nl\/31-oktober-2017-beeindiging-van-het-beheer-en-de-conserveringsactiviteiten-van-planas-brief-eucc\/#article","isPartOf":{"@id":"https:\/\/www.latribunedeplanas.com\/nl\/31-oktober-2017-beeindiging-van-het-beheer-en-de-conserveringsactiviteiten-van-planas-brief-eucc\/"},"author":{"name":"Jim","@id":"https:\/\/www.latribunedeplanas.com\/nl\/#\/schema\/person\/590a87318688792f18d8e1c983528bc8"},"headline":"31 oktober 2017 : Be\u00ebindiging van het beheer en de conserveringsactiviteiten van Planas (brief EUCC)","datePublished":"2017-10-31T21:36:12+00:00","dateModified":"2025-08-26T09:23:21+00:00","mainEntityOfPage":{"@id":"https:\/\/www.latribunedeplanas.com\/nl\/31-oktober-2017-beeindiging-van-het-beheer-en-de-conserveringsactiviteiten-van-planas-brief-eucc\/"},"wordCount":631,"publisher":{"@id":"https:\/\/www.latribunedeplanas.com\/nl\/#organization"},"articleSection":["Documenten"],"inLanguage":"nl-NL"},{"@type":"WebPage","@id":"https:\/\/www.latribunedeplanas.com\/nl\/31-oktober-2017-beeindiging-van-het-beheer-en-de-conserveringsactiviteiten-van-planas-brief-eucc\/","url":"https:\/\/www.latribunedeplanas.com\/nl\/31-oktober-2017-beeindiging-van-het-beheer-en-de-conserveringsactiviteiten-van-planas-brief-eucc\/","name":"31 oktober 2017 : Be\u00ebindiging van het beheer en de conserveringsactiviteiten van Planas (brief EUCC) - La Tribune de Planas del Rey, Pratdip","isPartOf":{"@id":"https:\/\/www.latribunedeplanas.com\/nl\/#website"},"datePublished":"2017-10-31T21:36:12+00:00","dateModified":"2025-08-26T09:23:21+00:00","description":"In 2017 stopte de EUCC van Planas haar activiteiten, waardoor de gemeente Pratdip verantwoordelijk werd voor de minimale diensten","breadcrumb":{"@id":"https:\/\/www.latribunedeplanas.com\/nl\/31-oktober-2017-beeindiging-van-het-beheer-en-de-conserveringsactiviteiten-van-planas-brief-eucc\/#breadcrumb"},"inLanguage":"nl-NL","potentialAction":[{"@type":"ReadAction","target":["https:\/\/www.latribunedeplanas.com\/nl\/31-oktober-2017-beeindiging-van-het-beheer-en-de-conserveringsactiviteiten-van-planas-brief-eucc\/"]}]},{"@type":"BreadcrumbList","@id":"https:\/\/www.latribunedeplanas.com\/nl\/31-oktober-2017-beeindiging-van-het-beheer-en-de-conserveringsactiviteiten-van-planas-brief-eucc\/#breadcrumb","itemListElement":[{"@type":"ListItem","position":1,"name":"Accueil","item":"https:\/\/www.latribunedeplanas.com\/nl\/"},{"@type":"ListItem","position":2,"name":"31 oktober 2017 : Be\u00ebindiging van het beheer en de conserveringsactiviteiten van Planas (brief EUCC)"}]},{"@type":"WebSite","@id":"https:\/\/www.latribunedeplanas.com\/nl\/#website","url":"https:\/\/www.latribunedeplanas.com\/nl\/","name":"La Tribune de Planas del Rey, Pratdip","description":"Las Planas del Rey \u2013 Urbanisatie van de gemeente Pratdip","publisher":{"@id":"https:\/\/www.latribunedeplanas.com\/nl\/#organization"},"potentialAction":[{"@type":"SearchAction","target":{"@type":"EntryPoint","urlTemplate":"https:\/\/www.latribunedeplanas.com\/nl\/?s={search_term_string}"},"query-input":{"@type":"PropertyValueSpecification","valueRequired":true,"valueName":"search_term_string"}}],"inLanguage":"nl-NL"},{"@type":"Organization","@id":"https:\/\/www.latribunedeplanas.com\/nl\/#organization","name":"Vecinos de Planes del Rei (SOSPlanes)","url":"https:\/\/www.latribunedeplanas.com\/nl\/","logo":{"@type":"ImageObject","inLanguage":"nl-NL","@id":"https:\/\/www.latribunedeplanas.com\/nl\/#\/schema\/logo\/image\/","url":"https:\/\/www.latribunedeplanas.com\/wp-content\/uploads\/2021\/11\/logo-sos-planas-0.png","contentUrl":"https:\/\/www.latribunedeplanas.com\/wp-content\/uploads\/2021\/11\/logo-sos-planas-0.png","width":600,"height":400,"caption":"Vecinos de Planes del Rei (SOSPlanes)"},"image":{"@id":"https:\/\/www.latribunedeplanas.com\/nl\/#\/schema\/logo\/image\/"},"sameAs":["https:\/\/www.facebook.com\/groups\/1220895301376005\/","https:\/\/www.instagram.com\/lasplanasdelrey\/"]},{"@type":"Person","@id":"https:\/\/www.latribunedeplanas.com\/nl\/#\/schema\/person\/590a87318688792f18d8e1c983528bc8","name":"Jim","image":{"@type":"ImageObject","inLanguage":"nl-NL","@id":"https:\/\/secure.gravatar.com\/avatar\/5a89228fd282eb9ee33a60b4ff06f9c31751866f1fb91ca56263af0968354113?s=96&d=mm&r=g","url":"https:\/\/secure.gravatar.com\/avatar\/5a89228fd282eb9ee33a60b4ff06f9c31751866f1fb91ca56263af0968354113?s=96&d=mm&r=g","contentUrl":"https:\/\/secure.gravatar.com\/avatar\/5a89228fd282eb9ee33a60b4ff06f9c31751866f1fb91ca56263af0968354113?s=96&d=mm&r=g","caption":"Jim"},"sameAs":["https:\/\/www.creawebsite.be\/","https:\/\/www.facebook.com\/Creawebsite-113915200150984","https:\/\/www.instagram.com\/creawebsite.be\/","https:\/\/www.linkedin.com\/in\/jean-marc-delchef\/"]}]}},"_links":{"self":[{"href":"https:\/\/www.latribunedeplanas.com\/nl\/wp-json\/wp\/v2\/posts\/29035","targetHints":{"allow":["GET"]}}],"collection":[{"href":"https:\/\/www.latribunedeplanas.com\/nl\/wp-json\/wp\/v2\/posts"}],"about":[{"href":"https:\/\/www.latribunedeplanas.com\/nl\/wp-json\/wp\/v2\/types\/post"}],"author":[{"embeddable":true,"href":"https:\/\/www.latribunedeplanas.com\/nl\/wp-json\/wp\/v2\/users\/1"}],"replies":[{"embeddable":true,"href":"https:\/\/www.latribunedeplanas.com\/nl\/wp-json\/wp\/v2\/comments?post=29035"}],"version-history":[{"count":3,"href":"https:\/\/www.latribunedeplanas.com\/nl\/wp-json\/wp\/v2\/posts\/29035\/revisions"}],"predecessor-version":[{"id":29125,"href":"https:\/\/www.latribunedeplanas.com\/nl\/wp-json\/wp\/v2\/posts\/29035\/revisions\/29125"}],"wp:attachment":[{"href":"https:\/\/www.latribunedeplanas.com\/nl\/wp-json\/wp\/v2\/media?parent=29035"}],"wp:term":[{"taxonomy":"category","embeddable":true,"href":"https:\/\/www.latribunedeplanas.com\/nl\/wp-json\/wp\/v2\/categories?post=29035"},{"taxonomy":"post_tag","embeddable":true,"href":"https:\/\/www.latribunedeplanas.com\/nl\/wp-json\/wp\/v2\/tags?post=29035"}],"curies":[{"name":"wp","href":"https:\/\/api.w.org\/{rel}","templated":true}]}}