{"id":28421,"date":"2004-06-03T16:37:19","date_gmt":"2004-06-03T14:37:19","guid":{"rendered":"https:\/\/www.latribunedeplanas.com\/3-juin-2004-analyse-sentence-du-juzgado-de-primera-instancia-n5-de-reus-procedure-ordinaire-n-236-03\/"},"modified":"2025-08-21T17:10:25","modified_gmt":"2025-08-21T15:10:25","slug":"3-juni-2004-vonnis-van-het-juzgado-de-primera-instancia-nr-5-te-reus-gewone-procedure-nr-236-03","status":"publish","type":"post","link":"https:\/\/www.latribunedeplanas.com\/nl\/3-juni-2004-vonnis-van-het-juzgado-de-primera-instancia-nr-5-te-reus-gewone-procedure-nr-236-03\/","title":{"rendered":"3 juni 2004: Vonnis van het Juzgado de Primera Instancia nr. 5 te Reus (gewone procedure nr. 236\/03)"},"content":{"rendered":"<p>[et_pb_section fb_built=&#8221;1&#8243; admin_label=&#8221;Section-Article&#8221; module_class=&#8221;section-article&#8221; _builder_version=&#8221;4.18.0&#8243; custom_margin=&#8221;0px|0px|0px|0px&#8221; custom_padding=&#8221;0px|0px|0px|0px&#8221; global_colors_info=&#8221;{}&#8221;][et_pb_row use_custom_gutter=&#8221;on&#8221; gutter_width=&#8221;1&#8243; custom_padding_last_edited=&#8221;on|phone&#8221; admin_label=&#8221;Ligne-Article&#8221; module_class=&#8221;ligne-article et_pb_row_fullwidth&#8221; _builder_version=&#8221;4.27.4&#8243; width=&#8221;100%&#8221; width_tablet=&#8221;100%&#8221; width_phone=&#8221;&#8221; width_last_edited=&#8221;on|desktop&#8221; max_width=&#8221;100%&#8221; max_width_tablet=&#8221;100%&#8221; max_width_phone=&#8221;&#8221; max_width_last_edited=&#8221;on|desktop&#8221; custom_margin=&#8221;0px||0px&#8221; custom_padding=&#8221;20px||0px||false|false&#8221; custom_padding_tablet=&#8221;20px||0px||false|false&#8221; custom_padding_phone=&#8221;15px||||false|false&#8221; make_fullwidth=&#8221;on&#8221; global_colors_info=&#8221;{}&#8221;][et_pb_column type=&#8221;4_4&#8243; _builder_version=&#8221;4.16&#8243; custom_padding=&#8221;|||&#8221; global_colors_info=&#8221;{}&#8221; custom_padding__hover=&#8221;|||&#8221;][et_pb_text admin_label=&#8221;Texte-3 juni 2004: Vonnis van het Juzgado de Primera Instancia nr. 5 te Reus (gewone procedure nr. 236\/03)&#8221; module_class=&#8221;txt-article&#8221; _builder_version=&#8221;4.27.4&#8243; text_font=&#8221;|300|||||||&#8221; header_font=&#8221;||||||||&#8221; header_2_line_height=&#8221;1.2em&#8221; header_3_font=&#8221;||||||||&#8221; header_3_line_height=&#8221;1.3em&#8221; header_4_text_align=&#8221;center&#8221; custom_padding=&#8221;||||false|false&#8221; hover_enabled=&#8221;0&#8243; text_line_height_tablet=&#8221;&#8221; text_line_height_phone=&#8221;1.3em&#8221; text_line_height_last_edited=&#8221;on|desktop&#8221; header_2_font_size_tablet=&#8221;&#8221; header_2_font_size_phone=&#8221;&#8221; header_2_font_size_last_edited=&#8221;on|phone&#8221; header_3_font_size_tablet=&#8221;&#8221; header_3_font_size_phone=&#8221;23px&#8221; header_3_font_size_last_edited=&#8221;on|desktop&#8221; global_colors_info=&#8221;{}&#8221; sticky_enabled=&#8221;0&#8243;]<\/p>\n<p>Op <span class=\"accentue\">3 juni 2004<\/span> deed het <span class=\"accentue\">Juzgado de Primera Instancia nr. 5 te Reus<\/span> (plaatsvervangend rechter <span class=\"accentue\">Rosa Mar\u00eda Lunar Mart\u00edn<\/span>) uitspraak in de procedure die was ingesteld door de <span class=\"accentue\">Entitat Urban\u00edstica de Conservaci\u00f3 Les Planes del Rei (EUCC)<\/span> tegen de <span class=\"accentue\">registrale eigenaar<\/span> (in gebreke) en \u00ab<span class=\"accentue\">iedere derde met belang<\/span>\u00bb, met het doel de <span class=\"accentue\">rectificatie van de gegevens in het Eigendomsregister<\/span> te verkrijgen met betrekking tot de percelen van <span class=\"accentue\">Planas del Rey (Planes del Rei)<\/span>.<\/p>\n<hr style=\"margin-bottom: 30px;\" \/>\n<h2>1) Aard en doel van het document<\/h2>\n<ul>\n<li><span class=\"accentue\">Type<\/span>: civiel vonnis (juicio ordinario) betreffende de <span class=\"accentue\">registerrectificatie<\/span>.<\/li>\n<li><span class=\"accentue\">Doel<\/span>: verduidelijking van de beschrijving en de eigendom van de percelen <span class=\"accentue\">finca 1169<\/span> en <span class=\"accentue\">finca 1331<\/span> van de urbanisatie.<\/li>\n<li><span class=\"accentue\">Partijen<\/span>: EUCC (eiser), registrale eigenaar (gedaagde in <span class=\"accentue\">gebreke<\/span>) en elke belanghebbende derde.<\/li>\n<li><span class=\"accentue\">Vertegenwoordiging<\/span>: Procurador <span class=\"accentue\">Marcelo Cairo<\/span>, advocaat <span class=\"accentue\">Francesc Sabat\u00e9<\/span>.<\/li>\n<\/ul>\n<h2>2) Feitelijke context<\/h2>\n<ul>\n<li>Urbanisatie uit de jaren 60, gepromoot door <span class=\"accentue\">Francis Lebasque<\/span>, onafgewerkt gebleven (verplichte overdrachten niet voltooid).<\/li>\n<li><span class=\"accentue\">Schuldeisersakkoord in 1968<\/span>: inschrijvingen bleven bestaan op naam van de promotor betreffende <span class=\"accentue\">gemeenschappelijke eigendommen<\/span> (wegen, groenzones, voorzieningen).<\/li>\n<li>Eerdere intentie van de promotor om over te dragen aan het <span class=\"accentue\">Consistorio<\/span>; beschrijvingsfouten kwamen aan het licht bij <span class=\"accentue\">segregaties<\/span> (duplicatie van voorzieningen in de dossiers).<\/li>\n<li>De procedure van 2004 maakt deel uit van de reeks regularisaties die gericht zijn op het <span class=\"accentue\">verzekeren van het openbaar eigendom<\/span> van de gemeenschappelijke eigendommen.<\/li>\n<\/ul>\n<h2>3) Door de rechtbank beslechte vragen<\/h2>\n<ul>\n<li>Precieze kwalificatie en registerbeschrijving van <span class=\"accentue\">finca 1169<\/span> (bestemming: <span class=\"accentue\">wegen en groenzones<\/span>; uitsluiting van sportvoorzieningen).<\/li>\n<li>Inschrijving van <span class=\"accentue\">finca 1331<\/span> (afkomstig uit een eerdere opsplitsing) op naam van de <span class=\"accentue\">gemeente Pratdip<\/span> als perceel met <span class=\"accentue\">zwembaden en sportvoorzieningen<\/span>.<\/li>\n<\/ul>\n<h2>4) Gronden en motieven (samenvatting)<\/h2>\n<ul>\n<li><span class=\"accentue\">Bewijslast<\/span>: door de rechtbank herinnerd (art. <span class=\"accentue\">1214 CC<\/span>) \u2014 ligt bij de partij die uitvoering\/rectificatie vordert.<\/li>\n<li><span class=\"accentue\">Aangeleverde bewijzen<\/span>: de EUCC toont aan dat de duplicatie van voorzieningen voortkwam uit een <span class=\"accentue\">verkeerde herbeschrijving<\/span> bij opsplitsingen; in werkelijkheid bevinden de voorzieningen zich <span class=\"accentue\">slechts op \u00e9\u00e9n perceel<\/span>.<\/li>\n<li><span class=\"accentue\">Afwezigheid van oppositie<\/span>: de promotor verscheen niet en <span class=\"accentue\">geen enkele derde<\/span> trad op; het bewijs bleef <span class=\"accentue\">onbetwist<\/span>.<\/li>\n<li><span class=\"accentue\">Wettelijke basis<\/span>: erkenning van de rectificatie op grond van <span class=\"accentue\">art. 605 van het Burgerlijk Wetboek<\/span> (openbare goederen) en de regels van de <span class=\"accentue\">Ley Hipotecaria (LH)<\/span> en het <span class=\"accentue\">Reglamento Hipotecario (RH)<\/span>, die de aanpassing van de inschrijvingen rechtvaardigen om de werkelijke bestemming en eigendom weer te geven.<\/li>\n<\/ul>\n<h2>5) Beslissing (Fallo)<\/h2>\n<ul>\n<li><span class=\"accentue\">Finca 1169<\/span>: <span class=\"accentue\">rectificatie<\/span> van de beschrijving door <span class=\"accentue\">alle verwijzingen naar zwembaden en tennisbanen te verwijderen<\/span>; behoud van de <span class=\"accentue\">gemeentelijke eigendom<\/span> als <span class=\"accentue\">wegen en groenzones<\/span>.<\/li>\n<li><span class=\"accentue\">Finca 1331<\/span>: <span class=\"accentue\">inschrijving<\/span> ten gunste van de <span class=\"accentue\">gemeente Pratdip<\/span> (perceel met <span class=\"accentue\">zwembaden en sportvoorzieningen<\/span>).<\/li>\n<li><span class=\"accentue\">Proceskosten<\/span>: geen veroordeling in de kosten (geen uitdrukkelijk verzoek).<\/li>\n<\/ul>\n<h2>6) Reikwijdte en gevolgen<\/h2>\n<ul>\n<li><span class=\"accentue\">Verzekering van het openbaar eigendom<\/span>: rechterlijke bevestiging dat de <span class=\"accentue\">gemeenschappelijke eigendommen<\/span> (wegen, groenzones, zwembaden, sportvoorzieningen) behoren tot de <span class=\"accentue\">gemeentelijke eigendom<\/span>.<\/li>\n<li><span class=\"accentue\">Einde van kadastrale dubbelzinnigheden<\/span>: de duplicatie in de beschrijvingen wordt opgeheven; het register moet de <span class=\"accentue\">feitelijke werkelijkheid<\/span> en de openbare bestemming weerspiegelen.<\/li>\n<li><span class=\"accentue\">Gemeentelijke verplichtingen<\/span>: de verduidelijkte eigendom versterkt het argument dat de <span class=\"accentue\">gemeente Pratdip<\/span> moet instaan voor <span class=\"accentue\">onderhoud en dienstverlening<\/span> op deze eigendommen.<\/li>\n<\/ul>\n<h2>7) Verband met andere stukken<\/h2>\n<ul>\n<li><span class=\"accentue\">Stedenbouwkundig convenant van 9 augustus 2002<\/span>: het vonnis van 2004 vormt de <span class=\"accentue\">rechterlijke concretisering<\/span> \u2014 wat bij overeenkomst werd \u201cgegarandeerd\u201d wordt door rechterlijke uitspraak <span class=\"accentue\">opgelegd<\/span>.<\/li>\n<li><span class=\"accentue\">Eerdere jurisprudenti\u00eble keten<\/span> (Falset 1993, executies 2001\u20132002): de beslissing maakt deel uit van de continu\u00efteit van de <span class=\"accentue\">regularisatie<\/span> van de verplichte overdrachten ten gunste van de gemeente.<\/li>\n<\/ul>\n<h2>8) Praktische aandachtspunten<\/h2>\n<ul>\n<li>Controleren, bij het Kadaster, de <span class=\"accentue\">daadwerkelijke update<\/span> van de beschrijvingen en de eigendom (1169 = wegen\/groenzones; 1331 = zwembad\/voorzieningen, beide op naam van de gemeente).<\/li>\n<li>In geval van betwisting de <span class=\"accentue\">bindende kracht<\/span> van het vonnis en de wettelijke basis (<span class=\"accentue\">art. 605 CC<\/span>, <span class=\"accentue\">LH<\/span>, <span class=\"accentue\">RH<\/span>) aanvoeren.<\/li>\n<li>Deze beslissing gebruiken om te pleiten voor de <span class=\"accentue\">gemeentelijke dienstverlening<\/span> in Planas del Rey.<\/li>\n<\/ul>\n<hr style=\"margin-bottom: 30px;\" \/>\n<h3 class=\"underline\">Document<\/h3>\n<p style=\"padding-top: 30px;\"><a href=\"https:\/\/www.latribunedeplanas.com\/wp-content\/uploads\/2017\/10\/2004-06-03-juicio-ordinario-reus-236-03.pdf\" class=\"pdfemb-viewer\" style=\"\" data-width=\"max\" data-height=\"max\" data-mobile-width=\"0\"  data-scrollbar=\"none\" data-download=\"on\" data-tracking=\"on\" data-newwindow=\"on\" data-pagetextbox=\"off\" data-scrolltotop=\"off\" data-startzoom=\"100\" data-startfpzoom=\"100\" data-toolbar=\"top\" data-toolbar-fixed=\"off\">2004-06-03-juicio-ordinario-reus-236-03<br\/><\/a><\/p>\n<p>[\/et_pb_text][\/et_pb_column][\/et_pb_row][\/et_pb_section]<\/p>\n","protected":false},"excerpt":{"rendered":"<p>Op 3 juni 2004 deed het Juzgado de Primera Instancia nr. 5 te Reus (plaatsvervangend rechter Rosa Mar\u00eda Lunar Mart\u00edn) uitspraak in de procedure die was ingesteld door de Entitat Urban\u00edstica de Conservaci\u00f3 Les Planes del Rei (EUCC) tegen de registrale eigenaar (in gebreke) en \u00abiedere derde met belang\u00bb, met het doel de rectificatie van [&hellip;]<\/p>\n","protected":false},"author":1,"featured_media":0,"comment_status":"closed","ping_status":"closed","sticky":false,"template":"","format":"standard","meta":{"_et_pb_use_builder":"on","_et_pb_old_content":"","_et_gb_content_width":"","footnotes":""},"categories":[215],"tags":[],"class_list":["post-28421","post","type-post","status-publish","format-standard","hentry","category-documenten"],"yoast_head":"<!-- This site is optimized with the Yoast SEO plugin v27.5 - https:\/\/yoast.com\/product\/yoast-seo-wordpress\/ -->\n<title>3 juni 2004: Vonnis van het Juzgado de Primera Instancia nr. 5 te Reus (gewone procedure nr. 236\/03) - La Tribune de Planas del Rey, Pratdip<\/title>\n<meta name=\"description\" content=\"Vonnis 2004: bevestiging gemeentelijk eigendom van wegen, groenzones, zwembaden en sportvoorzieningen in Planas del Rey\" \/>\n<meta name=\"robots\" content=\"index, follow, max-snippet:-1, max-image-preview:large, max-video-preview:-1\" \/>\n<link rel=\"canonical\" href=\"https:\/\/www.latribunedeplanas.com\/nl\/3-juni-2004-vonnis-van-het-juzgado-de-primera-instancia-nr-5-te-reus-gewone-procedure-nr-236-03\/\" \/>\n<meta property=\"og:locale\" content=\"nl_NL\" \/>\n<meta property=\"og:type\" content=\"article\" \/>\n<meta property=\"og:title\" content=\"3 juni 2004: Vonnis van het Juzgado de Primera Instancia nr. 5 te Reus (gewone procedure nr. 236\/03) - La Tribune de Planas del Rey, Pratdip\" \/>\n<meta property=\"og:description\" content=\"Vonnis 2004: bevestiging gemeentelijk eigendom van wegen, groenzones, zwembaden en sportvoorzieningen in Planas del Rey\" \/>\n<meta property=\"og:url\" content=\"https:\/\/www.latribunedeplanas.com\/nl\/3-juni-2004-vonnis-van-het-juzgado-de-primera-instancia-nr-5-te-reus-gewone-procedure-nr-236-03\/\" \/>\n<meta property=\"og:site_name\" content=\"La Tribune de Planas del Rey, Pratdip\" \/>\n<meta property=\"article:publisher\" content=\"https:\/\/www.facebook.com\/groups\/1220895301376005\/\" \/>\n<meta property=\"article:author\" content=\"https:\/\/www.facebook.com\/Creawebsite-113915200150984\" \/>\n<meta property=\"article:published_time\" content=\"2004-06-03T14:37:19+00:00\" \/>\n<meta property=\"article:modified_time\" content=\"2025-08-21T15:10:25+00:00\" \/>\n<meta name=\"author\" content=\"Jim\" \/>\n<meta name=\"twitter:card\" content=\"summary_large_image\" \/>\n<meta name=\"twitter:label1\" content=\"Geschreven door\" \/>\n\t<meta name=\"twitter:data1\" content=\"Jim\" \/>\n\t<meta name=\"twitter:label2\" content=\"Geschatte leestijd\" \/>\n\t<meta name=\"twitter:data2\" content=\"4 minuten\" \/>\n<script type=\"application\/ld+json\" class=\"yoast-schema-graph\">{\"@context\":\"https:\\\/\\\/schema.org\",\"@graph\":[{\"@type\":\"Article\",\"@id\":\"https:\\\/\\\/www.latribunedeplanas.com\\\/nl\\\/3-juni-2004-vonnis-van-het-juzgado-de-primera-instancia-nr-5-te-reus-gewone-procedure-nr-236-03\\\/#article\",\"isPartOf\":{\"@id\":\"https:\\\/\\\/www.latribunedeplanas.com\\\/nl\\\/3-juni-2004-vonnis-van-het-juzgado-de-primera-instancia-nr-5-te-reus-gewone-procedure-nr-236-03\\\/\"},\"author\":{\"name\":\"Jim\",\"@id\":\"https:\\\/\\\/www.latribunedeplanas.com\\\/nl\\\/#\\\/schema\\\/person\\\/590a87318688792f18d8e1c983528bc8\"},\"headline\":\"3 juni 2004: Vonnis van het Juzgado de Primera Instancia nr. 5 te Reus (gewone procedure nr. 236\\\/03)\",\"datePublished\":\"2004-06-03T14:37:19+00:00\",\"dateModified\":\"2025-08-21T15:10:25+00:00\",\"mainEntityOfPage\":{\"@id\":\"https:\\\/\\\/www.latribunedeplanas.com\\\/nl\\\/3-juni-2004-vonnis-van-het-juzgado-de-primera-instancia-nr-5-te-reus-gewone-procedure-nr-236-03\\\/\"},\"wordCount\":838,\"publisher\":{\"@id\":\"https:\\\/\\\/www.latribunedeplanas.com\\\/nl\\\/#organization\"},\"articleSection\":[\"Documenten\"],\"inLanguage\":\"nl-NL\"},{\"@type\":\"WebPage\",\"@id\":\"https:\\\/\\\/www.latribunedeplanas.com\\\/nl\\\/3-juni-2004-vonnis-van-het-juzgado-de-primera-instancia-nr-5-te-reus-gewone-procedure-nr-236-03\\\/\",\"url\":\"https:\\\/\\\/www.latribunedeplanas.com\\\/nl\\\/3-juni-2004-vonnis-van-het-juzgado-de-primera-instancia-nr-5-te-reus-gewone-procedure-nr-236-03\\\/\",\"name\":\"3 juni 2004: Vonnis van het Juzgado de Primera Instancia nr. 5 te Reus (gewone procedure nr. 236\\\/03) - La Tribune de Planas del Rey, Pratdip\",\"isPartOf\":{\"@id\":\"https:\\\/\\\/www.latribunedeplanas.com\\\/nl\\\/#website\"},\"datePublished\":\"2004-06-03T14:37:19+00:00\",\"dateModified\":\"2025-08-21T15:10:25+00:00\",\"description\":\"Vonnis 2004: bevestiging gemeentelijk eigendom van wegen, groenzones, zwembaden en sportvoorzieningen in Planas del Rey\",\"breadcrumb\":{\"@id\":\"https:\\\/\\\/www.latribunedeplanas.com\\\/nl\\\/3-juni-2004-vonnis-van-het-juzgado-de-primera-instancia-nr-5-te-reus-gewone-procedure-nr-236-03\\\/#breadcrumb\"},\"inLanguage\":\"nl-NL\",\"potentialAction\":[{\"@type\":\"ReadAction\",\"target\":[\"https:\\\/\\\/www.latribunedeplanas.com\\\/nl\\\/3-juni-2004-vonnis-van-het-juzgado-de-primera-instancia-nr-5-te-reus-gewone-procedure-nr-236-03\\\/\"]}]},{\"@type\":\"BreadcrumbList\",\"@id\":\"https:\\\/\\\/www.latribunedeplanas.com\\\/nl\\\/3-juni-2004-vonnis-van-het-juzgado-de-primera-instancia-nr-5-te-reus-gewone-procedure-nr-236-03\\\/#breadcrumb\",\"itemListElement\":[{\"@type\":\"ListItem\",\"position\":1,\"name\":\"Accueil\",\"item\":\"https:\\\/\\\/www.latribunedeplanas.com\\\/nl\\\/\"},{\"@type\":\"ListItem\",\"position\":2,\"name\":\"3 juni 2004: Vonnis van het Juzgado de Primera Instancia nr. 5 te Reus (gewone procedure nr. 236\\\/03)\"}]},{\"@type\":\"WebSite\",\"@id\":\"https:\\\/\\\/www.latribunedeplanas.com\\\/nl\\\/#website\",\"url\":\"https:\\\/\\\/www.latribunedeplanas.com\\\/nl\\\/\",\"name\":\"La Tribune de Planas del Rey, Pratdip\",\"description\":\"Las Planas del Rey \u2013 Urbanisatie van de gemeente Pratdip\",\"publisher\":{\"@id\":\"https:\\\/\\\/www.latribunedeplanas.com\\\/nl\\\/#organization\"},\"potentialAction\":[{\"@type\":\"SearchAction\",\"target\":{\"@type\":\"EntryPoint\",\"urlTemplate\":\"https:\\\/\\\/www.latribunedeplanas.com\\\/nl\\\/?s={search_term_string}\"},\"query-input\":{\"@type\":\"PropertyValueSpecification\",\"valueRequired\":true,\"valueName\":\"search_term_string\"}}],\"inLanguage\":\"nl-NL\"},{\"@type\":\"Organization\",\"@id\":\"https:\\\/\\\/www.latribunedeplanas.com\\\/nl\\\/#organization\",\"name\":\"Vecinos de Planes del Rei (SOSPlanes)\",\"url\":\"https:\\\/\\\/www.latribunedeplanas.com\\\/nl\\\/\",\"logo\":{\"@type\":\"ImageObject\",\"inLanguage\":\"nl-NL\",\"@id\":\"https:\\\/\\\/www.latribunedeplanas.com\\\/nl\\\/#\\\/schema\\\/logo\\\/image\\\/\",\"url\":\"https:\\\/\\\/www.latribunedeplanas.com\\\/wp-content\\\/uploads\\\/2021\\\/11\\\/logo-sos-planas-0.png\",\"contentUrl\":\"https:\\\/\\\/www.latribunedeplanas.com\\\/wp-content\\\/uploads\\\/2021\\\/11\\\/logo-sos-planas-0.png\",\"width\":600,\"height\":400,\"caption\":\"Vecinos de Planes del Rei (SOSPlanes)\"},\"image\":{\"@id\":\"https:\\\/\\\/www.latribunedeplanas.com\\\/nl\\\/#\\\/schema\\\/logo\\\/image\\\/\"},\"sameAs\":[\"https:\\\/\\\/www.facebook.com\\\/groups\\\/1220895301376005\\\/\",\"https:\\\/\\\/www.instagram.com\\\/lasplanasdelrey\\\/\"]},{\"@type\":\"Person\",\"@id\":\"https:\\\/\\\/www.latribunedeplanas.com\\\/nl\\\/#\\\/schema\\\/person\\\/590a87318688792f18d8e1c983528bc8\",\"name\":\"Jim\",\"image\":{\"@type\":\"ImageObject\",\"inLanguage\":\"nl-NL\",\"@id\":\"https:\\\/\\\/secure.gravatar.com\\\/avatar\\\/5a89228fd282eb9ee33a60b4ff06f9c31751866f1fb91ca56263af0968354113?s=96&d=mm&r=g\",\"url\":\"https:\\\/\\\/secure.gravatar.com\\\/avatar\\\/5a89228fd282eb9ee33a60b4ff06f9c31751866f1fb91ca56263af0968354113?s=96&d=mm&r=g\",\"contentUrl\":\"https:\\\/\\\/secure.gravatar.com\\\/avatar\\\/5a89228fd282eb9ee33a60b4ff06f9c31751866f1fb91ca56263af0968354113?s=96&d=mm&r=g\",\"caption\":\"Jim\"},\"sameAs\":[\"https:\\\/\\\/www.creawebsite.be\\\/\",\"https:\\\/\\\/www.facebook.com\\\/Creawebsite-113915200150984\",\"https:\\\/\\\/www.instagram.com\\\/creawebsite.be\\\/\",\"https:\\\/\\\/www.linkedin.com\\\/in\\\/jean-marc-delchef\\\/\"]}]}<\/script>\n<!-- \/ Yoast SEO plugin. -->","yoast_head_json":{"title":"3 juni 2004: Vonnis van het Juzgado de Primera Instancia nr. 5 te Reus (gewone procedure nr. 236\/03) - La Tribune de Planas del Rey, Pratdip","description":"Vonnis 2004: bevestiging gemeentelijk eigendom van wegen, groenzones, zwembaden en sportvoorzieningen in Planas del Rey","robots":{"index":"index","follow":"follow","max-snippet":"max-snippet:-1","max-image-preview":"max-image-preview:large","max-video-preview":"max-video-preview:-1"},"canonical":"https:\/\/www.latribunedeplanas.com\/nl\/3-juni-2004-vonnis-van-het-juzgado-de-primera-instancia-nr-5-te-reus-gewone-procedure-nr-236-03\/","og_locale":"nl_NL","og_type":"article","og_title":"3 juni 2004: Vonnis van het Juzgado de Primera Instancia nr. 5 te Reus (gewone procedure nr. 236\/03) - La Tribune de Planas del Rey, Pratdip","og_description":"Vonnis 2004: bevestiging gemeentelijk eigendom van wegen, groenzones, zwembaden en sportvoorzieningen in Planas del Rey","og_url":"https:\/\/www.latribunedeplanas.com\/nl\/3-juni-2004-vonnis-van-het-juzgado-de-primera-instancia-nr-5-te-reus-gewone-procedure-nr-236-03\/","og_site_name":"La Tribune de Planas del Rey, Pratdip","article_publisher":"https:\/\/www.facebook.com\/groups\/1220895301376005\/","article_author":"https:\/\/www.facebook.com\/Creawebsite-113915200150984","article_published_time":"2004-06-03T14:37:19+00:00","article_modified_time":"2025-08-21T15:10:25+00:00","author":"Jim","twitter_card":"summary_large_image","twitter_misc":{"Geschreven door":"Jim","Geschatte leestijd":"4 minuten"},"schema":{"@context":"https:\/\/schema.org","@graph":[{"@type":"Article","@id":"https:\/\/www.latribunedeplanas.com\/nl\/3-juni-2004-vonnis-van-het-juzgado-de-primera-instancia-nr-5-te-reus-gewone-procedure-nr-236-03\/#article","isPartOf":{"@id":"https:\/\/www.latribunedeplanas.com\/nl\/3-juni-2004-vonnis-van-het-juzgado-de-primera-instancia-nr-5-te-reus-gewone-procedure-nr-236-03\/"},"author":{"name":"Jim","@id":"https:\/\/www.latribunedeplanas.com\/nl\/#\/schema\/person\/590a87318688792f18d8e1c983528bc8"},"headline":"3 juni 2004: Vonnis van het Juzgado de Primera Instancia nr. 5 te Reus (gewone procedure nr. 236\/03)","datePublished":"2004-06-03T14:37:19+00:00","dateModified":"2025-08-21T15:10:25+00:00","mainEntityOfPage":{"@id":"https:\/\/www.latribunedeplanas.com\/nl\/3-juni-2004-vonnis-van-het-juzgado-de-primera-instancia-nr-5-te-reus-gewone-procedure-nr-236-03\/"},"wordCount":838,"publisher":{"@id":"https:\/\/www.latribunedeplanas.com\/nl\/#organization"},"articleSection":["Documenten"],"inLanguage":"nl-NL"},{"@type":"WebPage","@id":"https:\/\/www.latribunedeplanas.com\/nl\/3-juni-2004-vonnis-van-het-juzgado-de-primera-instancia-nr-5-te-reus-gewone-procedure-nr-236-03\/","url":"https:\/\/www.latribunedeplanas.com\/nl\/3-juni-2004-vonnis-van-het-juzgado-de-primera-instancia-nr-5-te-reus-gewone-procedure-nr-236-03\/","name":"3 juni 2004: Vonnis van het Juzgado de Primera Instancia nr. 5 te Reus (gewone procedure nr. 236\/03) - La Tribune de Planas del Rey, Pratdip","isPartOf":{"@id":"https:\/\/www.latribunedeplanas.com\/nl\/#website"},"datePublished":"2004-06-03T14:37:19+00:00","dateModified":"2025-08-21T15:10:25+00:00","description":"Vonnis 2004: bevestiging gemeentelijk eigendom van wegen, groenzones, zwembaden en sportvoorzieningen in Planas del Rey","breadcrumb":{"@id":"https:\/\/www.latribunedeplanas.com\/nl\/3-juni-2004-vonnis-van-het-juzgado-de-primera-instancia-nr-5-te-reus-gewone-procedure-nr-236-03\/#breadcrumb"},"inLanguage":"nl-NL","potentialAction":[{"@type":"ReadAction","target":["https:\/\/www.latribunedeplanas.com\/nl\/3-juni-2004-vonnis-van-het-juzgado-de-primera-instancia-nr-5-te-reus-gewone-procedure-nr-236-03\/"]}]},{"@type":"BreadcrumbList","@id":"https:\/\/www.latribunedeplanas.com\/nl\/3-juni-2004-vonnis-van-het-juzgado-de-primera-instancia-nr-5-te-reus-gewone-procedure-nr-236-03\/#breadcrumb","itemListElement":[{"@type":"ListItem","position":1,"name":"Accueil","item":"https:\/\/www.latribunedeplanas.com\/nl\/"},{"@type":"ListItem","position":2,"name":"3 juni 2004: Vonnis van het Juzgado de Primera Instancia nr. 5 te Reus (gewone procedure nr. 236\/03)"}]},{"@type":"WebSite","@id":"https:\/\/www.latribunedeplanas.com\/nl\/#website","url":"https:\/\/www.latribunedeplanas.com\/nl\/","name":"La Tribune de Planas del Rey, Pratdip","description":"Las Planas del Rey \u2013 Urbanisatie van de gemeente Pratdip","publisher":{"@id":"https:\/\/www.latribunedeplanas.com\/nl\/#organization"},"potentialAction":[{"@type":"SearchAction","target":{"@type":"EntryPoint","urlTemplate":"https:\/\/www.latribunedeplanas.com\/nl\/?s={search_term_string}"},"query-input":{"@type":"PropertyValueSpecification","valueRequired":true,"valueName":"search_term_string"}}],"inLanguage":"nl-NL"},{"@type":"Organization","@id":"https:\/\/www.latribunedeplanas.com\/nl\/#organization","name":"Vecinos de Planes del Rei (SOSPlanes)","url":"https:\/\/www.latribunedeplanas.com\/nl\/","logo":{"@type":"ImageObject","inLanguage":"nl-NL","@id":"https:\/\/www.latribunedeplanas.com\/nl\/#\/schema\/logo\/image\/","url":"https:\/\/www.latribunedeplanas.com\/wp-content\/uploads\/2021\/11\/logo-sos-planas-0.png","contentUrl":"https:\/\/www.latribunedeplanas.com\/wp-content\/uploads\/2021\/11\/logo-sos-planas-0.png","width":600,"height":400,"caption":"Vecinos de Planes del Rei (SOSPlanes)"},"image":{"@id":"https:\/\/www.latribunedeplanas.com\/nl\/#\/schema\/logo\/image\/"},"sameAs":["https:\/\/www.facebook.com\/groups\/1220895301376005\/","https:\/\/www.instagram.com\/lasplanasdelrey\/"]},{"@type":"Person","@id":"https:\/\/www.latribunedeplanas.com\/nl\/#\/schema\/person\/590a87318688792f18d8e1c983528bc8","name":"Jim","image":{"@type":"ImageObject","inLanguage":"nl-NL","@id":"https:\/\/secure.gravatar.com\/avatar\/5a89228fd282eb9ee33a60b4ff06f9c31751866f1fb91ca56263af0968354113?s=96&d=mm&r=g","url":"https:\/\/secure.gravatar.com\/avatar\/5a89228fd282eb9ee33a60b4ff06f9c31751866f1fb91ca56263af0968354113?s=96&d=mm&r=g","contentUrl":"https:\/\/secure.gravatar.com\/avatar\/5a89228fd282eb9ee33a60b4ff06f9c31751866f1fb91ca56263af0968354113?s=96&d=mm&r=g","caption":"Jim"},"sameAs":["https:\/\/www.creawebsite.be\/","https:\/\/www.facebook.com\/Creawebsite-113915200150984","https:\/\/www.instagram.com\/creawebsite.be\/","https:\/\/www.linkedin.com\/in\/jean-marc-delchef\/"]}]}},"_links":{"self":[{"href":"https:\/\/www.latribunedeplanas.com\/nl\/wp-json\/wp\/v2\/posts\/28421","targetHints":{"allow":["GET"]}}],"collection":[{"href":"https:\/\/www.latribunedeplanas.com\/nl\/wp-json\/wp\/v2\/posts"}],"about":[{"href":"https:\/\/www.latribunedeplanas.com\/nl\/wp-json\/wp\/v2\/types\/post"}],"author":[{"embeddable":true,"href":"https:\/\/www.latribunedeplanas.com\/nl\/wp-json\/wp\/v2\/users\/1"}],"replies":[{"embeddable":true,"href":"https:\/\/www.latribunedeplanas.com\/nl\/wp-json\/wp\/v2\/comments?post=28421"}],"version-history":[{"count":2,"href":"https:\/\/www.latribunedeplanas.com\/nl\/wp-json\/wp\/v2\/posts\/28421\/revisions"}],"predecessor-version":[{"id":28435,"href":"https:\/\/www.latribunedeplanas.com\/nl\/wp-json\/wp\/v2\/posts\/28421\/revisions\/28435"}],"wp:attachment":[{"href":"https:\/\/www.latribunedeplanas.com\/nl\/wp-json\/wp\/v2\/media?parent=28421"}],"wp:term":[{"taxonomy":"category","embeddable":true,"href":"https:\/\/www.latribunedeplanas.com\/nl\/wp-json\/wp\/v2\/categories?post=28421"},{"taxonomy":"post_tag","embeddable":true,"href":"https:\/\/www.latribunedeplanas.com\/nl\/wp-json\/wp\/v2\/tags?post=28421"}],"curies":[{"name":"wp","href":"https:\/\/api.w.org\/{rel}","templated":true}]}}