{"id":28406,"date":"2002-08-09T13:06:41","date_gmt":"2002-08-09T11:06:41","guid":{"rendered":"https:\/\/www.latribunedeplanas.com\/9-aout-2002-convention-urbanistique-entre-leucc-de-planes-del-rei-et-la-mairie-de-pratdip\/"},"modified":"2025-08-21T13:48:41","modified_gmt":"2025-08-21T11:48:41","slug":"9-augustus-2002-stedenbouwkundige-overeenkomst-tussen-de-eucc-van-planes-del-rei-en-de-gemeente-pratdip","status":"publish","type":"post","link":"https:\/\/www.latribunedeplanas.com\/nl\/9-augustus-2002-stedenbouwkundige-overeenkomst-tussen-de-eucc-van-planes-del-rei-en-de-gemeente-pratdip\/","title":{"rendered":"9 augustus 2002: Stedenbouwkundige overeenkomst tussen de EUCC van Planes del Rei en de Gemeente Pratdip"},"content":{"rendered":"<p>[et_pb_section fb_built=&#8221;1&#8243; admin_label=&#8221;Section-Article&#8221; module_class=&#8221;section-article&#8221; _builder_version=&#8221;4.18.0&#8243; custom_margin=&#8221;0px|0px|0px|0px&#8221; custom_padding=&#8221;0px|0px|0px|0px&#8221; global_colors_info=&#8221;{}&#8221;][et_pb_row use_custom_gutter=&#8221;on&#8221; gutter_width=&#8221;1&#8243; custom_padding_last_edited=&#8221;on|phone&#8221; admin_label=&#8221;Ligne-Article&#8221; module_class=&#8221;ligne-article et_pb_row_fullwidth&#8221; _builder_version=&#8221;4.27.4&#8243; width=&#8221;100%&#8221; width_tablet=&#8221;100%&#8221; width_phone=&#8221;&#8221; width_last_edited=&#8221;on|desktop&#8221; max_width=&#8221;100%&#8221; max_width_tablet=&#8221;100%&#8221; max_width_phone=&#8221;&#8221; max_width_last_edited=&#8221;on|desktop&#8221; custom_margin=&#8221;0px||0px&#8221; custom_padding=&#8221;20px||0px||false|false&#8221; custom_padding_tablet=&#8221;20px||0px||false|false&#8221; custom_padding_phone=&#8221;15px||||false|false&#8221; make_fullwidth=&#8221;on&#8221; global_colors_info=&#8221;{}&#8221;][et_pb_column type=&#8221;4_4&#8243; _builder_version=&#8221;4.16&#8243; custom_padding=&#8221;|||&#8221; global_colors_info=&#8221;{}&#8221; custom_padding__hover=&#8221;|||&#8221;][et_pb_text admin_label=&#8221;Texte-9 augustus 2002: Stedenbouwkundige overeenkomst tussen de EUCC van Planes del Rei en de Gemeente Pratdip&#8221; module_class=&#8221;txt-article&#8221; _builder_version=&#8221;4.27.4&#8243; text_font=&#8221;|300|||||||&#8221; header_font=&#8221;||||||||&#8221; header_2_line_height=&#8221;1.2em&#8221; header_3_font=&#8221;||||||||&#8221; header_3_line_height=&#8221;1.3em&#8221; header_4_text_align=&#8221;center&#8221; custom_padding=&#8221;||||false|false&#8221; hover_enabled=&#8221;0&#8243; text_line_height_tablet=&#8221;&#8221; text_line_height_phone=&#8221;1.3em&#8221; text_line_height_last_edited=&#8221;on|desktop&#8221; header_2_font_size_tablet=&#8221;&#8221; header_2_font_size_phone=&#8221;&#8221; header_2_font_size_last_edited=&#8221;on|phone&#8221; header_3_font_size_tablet=&#8221;&#8221; header_3_font_size_phone=&#8221;23px&#8221; header_3_font_size_last_edited=&#8221;on|desktop&#8221; global_colors_info=&#8221;{}&#8221; sticky_enabled=&#8221;0&#8243;]<\/p>\n<p>Op <span class=\"accentue\">9 augustus 2002<\/span> ondertekenen de <span class=\"accentue\">Entitat Urban\u00edstica Col\u00b7laboradora de Conservaci\u00f3 (EUCC)<\/span> van <span class=\"accentue\">Planes del Rei<\/span>, vertegenwoordigd door <span class=\"accentue\">Ren\u00e9 Mimouni<\/span>, en de <span class=\"accentue\">Gemeente Pratdip<\/span>, vertegenwoordigd door <span class=\"accentue\">Josep Fortuny<\/span>, een <span class=\"accentue\">convenio urban\u00edstico<\/span> om juridisch de eigendom en het beheer van de gemeenschappelijke zones van <span class=\"accentue\">Planas del Rey (Planes del Rei)<\/span> te verzekeren.<\/p>\n<hr style=\"margin-bottom: 30px;\" \/>\n<h2>1) Aard van het document<\/h2>\n<ul>\n<li>Administratieve overeenkomst (\u00ab <span class=\"accentue\">convenio urban\u00edstico<\/span> \u00bb) die de periode regelt <span class=\"accentue\">tot aan de formele ontvangst<\/span> van de urbanisatie.<\/li>\n<li>Partijen: <span class=\"accentue\">EUCC<\/span> (Ren\u00e9 Mimouni) en <span class=\"accentue\">Gemeente Pratdip<\/span> (Burgemeester Josep Fortuny).<\/li>\n<li>Doel: verduidelijken van de gevolgen van de <span class=\"accentue\">registratie<\/span> van de gemeenschappelijke eigendommen op naam van de gemeente en het organiseren van het overgangsbeheer.<\/li>\n<\/ul>\n<h2>2) Juridische context herinnerd<\/h2>\n<ul>\n<li>Urbanisatie gestart in de jaren 60 door <span class=\"accentue\">Francis Lebasque<\/span>, <span class=\"accentue\">onafgewerkt<\/span> gebleven.<\/li>\n<li><span class=\"accentue\">1968<\/span>: opschorting van betalingen door de promotor; de gemeenschappelijke eigendommen blijven in het register op zijn naam.<\/li>\n<li><span class=\"accentue\">1993<\/span>: vonnis van <span class=\"accentue\">Falset<\/span> dat de kosteloze overdracht van de gemeenschappelijke eigendommen aan de gemeente verplicht.<\/li>\n<li><span class=\"accentue\">2001<\/span>: <span class=\"accentue\">executieprocedure<\/span> (art. 708 LEC); <span class=\"accentue\">gerechtelijke inschrijving<\/span> van de gemeenschappelijke eigendommen op naam van de gemeente.<\/li>\n<\/ul>\n<h2>3) Essenti\u00eble inhoud van de overeenkomst (\u00ab Pactes \u00bb)<\/h2>\n<ul>\n<li><span class=\"accentue\">Eigendom \u2260 Ontvangst<\/span>: inschrijving op naam van de gemeente <em>betekent niet<\/em> de <span class=\"accentue\">administratieve ontvangst<\/span> van de werken.<\/li>\n<li><span class=\"accentue\">Bezettingsvergunning<\/span>: de gemeente machtigt de EUCC om de <span class=\"accentue\">finca registral 1169<\/span> (Eigendomsregister van <span class=\"accentue\">Falset<\/span>) te bezetten en te beheren voor behoud, onderhoud, gebruik van gemeenschappelijke diensten en de <span class=\"accentue\">voltooiing<\/span> van de werken.<\/li>\n<li><span class=\"accentue\">Verplichting van de EUCC<\/span>: de EUCC verbindt zich tot het waarborgen van het <span class=\"accentue\">onderhoud<\/span>, de <span class=\"accentue\">conservering<\/span> en de <span class=\"accentue\">afwerking<\/span> van de urbanisatiewerken.<\/li>\n<\/ul>\n<h2>4) Juridische draagwijdte<\/h2>\n<ul>\n<li><span class=\"accentue\">Rechtszekerheid<\/span>: vermijden dat private derden aanspraak maken op gemeenschappelijke gronden die al door iedereen gebruikt worden.<\/li>\n<li><span class=\"accentue\">Scheiding<\/span> eigendom\/ontvangst: de gemeente is eigenaar maar de <span class=\"accentue\">ontvangst<\/span> blijft uitgesteld.<\/li>\n<li><span class=\"accentue\">Uitbesteding van kosten<\/span>: <em>tijdens de overgangsfase<\/em> blijven beheer en kosten ten laste van de EUCC (dus van de eigenaars).<\/li>\n<\/ul>\n<h2>5) Discussiepunten \/ risicogebieden<\/h2>\n<ul>\n<li>Ontbreken van een <span class=\"accentue\">ontvangstkalender<\/span>: risico op onbepaalde verlenging van de overgangsfase.<\/li>\n<li><span class=\"accentue\">Financi\u00eble last<\/span> voor de eigenaars op reeds <span class=\"accentue\">gemeentelijke<\/span> eigendommen.<\/li>\n<li>Onduidelijkheid over de <span class=\"accentue\">precieze definitie<\/span> van de nog uit te voeren werken en hun <span class=\"accentue\">afwerkingscriteria<\/span>.<\/li>\n<\/ul>\n<h2>6) Conclusie<\/h2>\n<p>De overeenkomst van <span class=\"accentue\">9 augustus 2002<\/span> bevestigt een <span class=\"accentue\">overgangssituatie<\/span>: de gemeenschappelijke eigendommen behoren toe aan de gemeente, maar het <span class=\"accentue\">beheer<\/span> en de <span class=\"accentue\">voltooiing<\/span> van de werken blijven bij de EUCC <span class=\"accentue\">tot aan de ontvangst<\/span>. Deze regeling verzekerde het openbaar eigendom terwijl het <span class=\"accentue\">onderhoud<\/span> en de <span class=\"accentue\">kosten<\/span> werden doorgeschoven naar de eigenaars.<\/p>\n<hr style=\"margin-bottom: 30px;\" \/>\n<h2>Korte chronologie<\/h2>\n<ul>\n<li><span class=\"accentue\">1968<\/span>: opschorting van betalingen (promotor).<\/li>\n<li><span class=\"accentue\">1993<\/span>: vonnis Falset dat de overdracht verplicht.<\/li>\n<li><span class=\"accentue\">2001<\/span>: gerechtelijke executie (art. 708 LEC).<\/li>\n<li><span class=\"accentue\">2002<\/span>: overeenkomst EUCC\u2013Gemeente; overgangsbeheer.<\/li>\n<\/ul>\n<hr style=\"margin-bottom: 30px;\" \/>\n<h3 class=\"underline\">Document<\/h3>\n<p style=\"padding-top: 30px;\"><a href=\"https:\/\/www.latribunedeplanas.com\/wp-content\/uploads\/2002\/08\/2002-08-09-conveni-urbanistic.pdf\" class=\"pdfemb-viewer\" style=\"\" data-width=\"max\" data-height=\"max\" data-mobile-width=\"0\"  data-scrollbar=\"none\" data-download=\"on\" data-tracking=\"on\" data-newwindow=\"on\" data-pagetextbox=\"off\" data-scrolltotop=\"off\" data-startzoom=\"100\" data-startfpzoom=\"100\" data-toolbar=\"top\" data-toolbar-fixed=\"off\">2002-08-09-conveni-urbanistic<br\/><\/a><\/p>\n<p>[\/et_pb_text][\/et_pb_column][\/et_pb_row][\/et_pb_section]<\/p>\n","protected":false},"excerpt":{"rendered":"<p>Op 9 augustus 2002 ondertekenen de Entitat Urban\u00edstica Col\u00b7laboradora de Conservaci\u00f3 (EUCC) van Planes del Rei, vertegenwoordigd door Ren\u00e9 Mimouni, en de Gemeente Pratdip, vertegenwoordigd door Josep Fortuny, een convenio urban\u00edstico om juridisch de eigendom en het beheer van de gemeenschappelijke zones van Planas del Rey (Planes del Rei) te verzekeren. 1) Aard van het [&hellip;]<\/p>\n","protected":false},"author":1,"featured_media":0,"comment_status":"closed","ping_status":"closed","sticky":false,"template":"","format":"standard","meta":{"_et_pb_use_builder":"on","_et_pb_old_content":"","_et_gb_content_width":"","footnotes":""},"categories":[215],"tags":[],"class_list":["post-28406","post","type-post","status-publish","format-standard","hentry","category-documenten"],"yoast_head":"<!-- This site is optimized with the Yoast SEO plugin v27.5 - https:\/\/yoast.com\/product\/yoast-seo-wordpress\/ -->\n<title>9 augustus 2002: Stedenbouwkundige overeenkomst tussen de EUCC van Planes del Rei en de Gemeente Pratdip - La Tribune de Planas del Rey, Pratdip<\/title>\n<meta name=\"description\" content=\"2002: Gemeente Pratdip wordt eigenaar van gemeenschappelijke zones, maar EUCC behoudt beheer en kosten tot offici\u00eble ontvangst\" \/>\n<meta name=\"robots\" content=\"index, follow, max-snippet:-1, max-image-preview:large, max-video-preview:-1\" \/>\n<link rel=\"canonical\" href=\"https:\/\/www.latribunedeplanas.com\/nl\/9-augustus-2002-stedenbouwkundige-overeenkomst-tussen-de-eucc-van-planes-del-rei-en-de-gemeente-pratdip\/\" \/>\n<meta property=\"og:locale\" content=\"nl_NL\" \/>\n<meta property=\"og:type\" content=\"article\" \/>\n<meta property=\"og:title\" content=\"9 augustus 2002: Stedenbouwkundige overeenkomst tussen de EUCC van Planes del Rei en de Gemeente Pratdip - La Tribune de Planas del Rey, Pratdip\" \/>\n<meta property=\"og:description\" content=\"2002: Gemeente Pratdip wordt eigenaar van gemeenschappelijke zones, maar EUCC behoudt beheer en kosten tot offici\u00eble ontvangst\" \/>\n<meta property=\"og:url\" content=\"https:\/\/www.latribunedeplanas.com\/nl\/9-augustus-2002-stedenbouwkundige-overeenkomst-tussen-de-eucc-van-planes-del-rei-en-de-gemeente-pratdip\/\" \/>\n<meta property=\"og:site_name\" content=\"La Tribune de Planas del Rey, Pratdip\" \/>\n<meta property=\"article:publisher\" content=\"https:\/\/www.facebook.com\/groups\/1220895301376005\/\" \/>\n<meta property=\"article:author\" content=\"https:\/\/www.facebook.com\/Creawebsite-113915200150984\" \/>\n<meta property=\"article:published_time\" content=\"2002-08-09T11:06:41+00:00\" \/>\n<meta property=\"article:modified_time\" content=\"2025-08-21T11:48:41+00:00\" \/>\n<meta name=\"author\" content=\"Jim\" \/>\n<meta name=\"twitter:card\" content=\"summary_large_image\" \/>\n<meta name=\"twitter:label1\" content=\"Geschreven door\" \/>\n\t<meta name=\"twitter:data1\" content=\"Jim\" \/>\n\t<meta name=\"twitter:label2\" content=\"Geschatte leestijd\" \/>\n\t<meta name=\"twitter:data2\" content=\"3 minuten\" \/>\n<script type=\"application\/ld+json\" class=\"yoast-schema-graph\">{\"@context\":\"https:\\\/\\\/schema.org\",\"@graph\":[{\"@type\":\"Article\",\"@id\":\"https:\\\/\\\/www.latribunedeplanas.com\\\/nl\\\/9-augustus-2002-stedenbouwkundige-overeenkomst-tussen-de-eucc-van-planes-del-rei-en-de-gemeente-pratdip\\\/#article\",\"isPartOf\":{\"@id\":\"https:\\\/\\\/www.latribunedeplanas.com\\\/nl\\\/9-augustus-2002-stedenbouwkundige-overeenkomst-tussen-de-eucc-van-planes-del-rei-en-de-gemeente-pratdip\\\/\"},\"author\":{\"name\":\"Jim\",\"@id\":\"https:\\\/\\\/www.latribunedeplanas.com\\\/nl\\\/#\\\/schema\\\/person\\\/590a87318688792f18d8e1c983528bc8\"},\"headline\":\"9 augustus 2002: Stedenbouwkundige overeenkomst tussen de EUCC van Planes del Rei en de Gemeente Pratdip\",\"datePublished\":\"2002-08-09T11:06:41+00:00\",\"dateModified\":\"2025-08-21T11:48:41+00:00\",\"mainEntityOfPage\":{\"@id\":\"https:\\\/\\\/www.latribunedeplanas.com\\\/nl\\\/9-augustus-2002-stedenbouwkundige-overeenkomst-tussen-de-eucc-van-planes-del-rei-en-de-gemeente-pratdip\\\/\"},\"wordCount\":659,\"publisher\":{\"@id\":\"https:\\\/\\\/www.latribunedeplanas.com\\\/nl\\\/#organization\"},\"articleSection\":[\"Documenten\"],\"inLanguage\":\"nl-NL\"},{\"@type\":\"WebPage\",\"@id\":\"https:\\\/\\\/www.latribunedeplanas.com\\\/nl\\\/9-augustus-2002-stedenbouwkundige-overeenkomst-tussen-de-eucc-van-planes-del-rei-en-de-gemeente-pratdip\\\/\",\"url\":\"https:\\\/\\\/www.latribunedeplanas.com\\\/nl\\\/9-augustus-2002-stedenbouwkundige-overeenkomst-tussen-de-eucc-van-planes-del-rei-en-de-gemeente-pratdip\\\/\",\"name\":\"9 augustus 2002: Stedenbouwkundige overeenkomst tussen de EUCC van Planes del Rei en de Gemeente Pratdip - La Tribune de Planas del Rey, Pratdip\",\"isPartOf\":{\"@id\":\"https:\\\/\\\/www.latribunedeplanas.com\\\/nl\\\/#website\"},\"datePublished\":\"2002-08-09T11:06:41+00:00\",\"dateModified\":\"2025-08-21T11:48:41+00:00\",\"description\":\"2002: Gemeente Pratdip wordt eigenaar van gemeenschappelijke zones, maar EUCC behoudt beheer en kosten tot offici\u00eble ontvangst\",\"breadcrumb\":{\"@id\":\"https:\\\/\\\/www.latribunedeplanas.com\\\/nl\\\/9-augustus-2002-stedenbouwkundige-overeenkomst-tussen-de-eucc-van-planes-del-rei-en-de-gemeente-pratdip\\\/#breadcrumb\"},\"inLanguage\":\"nl-NL\",\"potentialAction\":[{\"@type\":\"ReadAction\",\"target\":[\"https:\\\/\\\/www.latribunedeplanas.com\\\/nl\\\/9-augustus-2002-stedenbouwkundige-overeenkomst-tussen-de-eucc-van-planes-del-rei-en-de-gemeente-pratdip\\\/\"]}]},{\"@type\":\"BreadcrumbList\",\"@id\":\"https:\\\/\\\/www.latribunedeplanas.com\\\/nl\\\/9-augustus-2002-stedenbouwkundige-overeenkomst-tussen-de-eucc-van-planes-del-rei-en-de-gemeente-pratdip\\\/#breadcrumb\",\"itemListElement\":[{\"@type\":\"ListItem\",\"position\":1,\"name\":\"Accueil\",\"item\":\"https:\\\/\\\/www.latribunedeplanas.com\\\/nl\\\/\"},{\"@type\":\"ListItem\",\"position\":2,\"name\":\"9 augustus 2002: Stedenbouwkundige overeenkomst tussen de EUCC van Planes del Rei en de Gemeente Pratdip\"}]},{\"@type\":\"WebSite\",\"@id\":\"https:\\\/\\\/www.latribunedeplanas.com\\\/nl\\\/#website\",\"url\":\"https:\\\/\\\/www.latribunedeplanas.com\\\/nl\\\/\",\"name\":\"La Tribune de Planas del Rey, Pratdip\",\"description\":\"Las Planas del Rey \u2013 Urbanisatie van de gemeente Pratdip\",\"publisher\":{\"@id\":\"https:\\\/\\\/www.latribunedeplanas.com\\\/nl\\\/#organization\"},\"potentialAction\":[{\"@type\":\"SearchAction\",\"target\":{\"@type\":\"EntryPoint\",\"urlTemplate\":\"https:\\\/\\\/www.latribunedeplanas.com\\\/nl\\\/?s={search_term_string}\"},\"query-input\":{\"@type\":\"PropertyValueSpecification\",\"valueRequired\":true,\"valueName\":\"search_term_string\"}}],\"inLanguage\":\"nl-NL\"},{\"@type\":\"Organization\",\"@id\":\"https:\\\/\\\/www.latribunedeplanas.com\\\/nl\\\/#organization\",\"name\":\"Vecinos de Planes del Rei (SOSPlanes)\",\"url\":\"https:\\\/\\\/www.latribunedeplanas.com\\\/nl\\\/\",\"logo\":{\"@type\":\"ImageObject\",\"inLanguage\":\"nl-NL\",\"@id\":\"https:\\\/\\\/www.latribunedeplanas.com\\\/nl\\\/#\\\/schema\\\/logo\\\/image\\\/\",\"url\":\"https:\\\/\\\/www.latribunedeplanas.com\\\/wp-content\\\/uploads\\\/2021\\\/11\\\/logo-sos-planas-0.png\",\"contentUrl\":\"https:\\\/\\\/www.latribunedeplanas.com\\\/wp-content\\\/uploads\\\/2021\\\/11\\\/logo-sos-planas-0.png\",\"width\":600,\"height\":400,\"caption\":\"Vecinos de Planes del Rei (SOSPlanes)\"},\"image\":{\"@id\":\"https:\\\/\\\/www.latribunedeplanas.com\\\/nl\\\/#\\\/schema\\\/logo\\\/image\\\/\"},\"sameAs\":[\"https:\\\/\\\/www.facebook.com\\\/groups\\\/1220895301376005\\\/\",\"https:\\\/\\\/www.instagram.com\\\/lasplanasdelrey\\\/\"]},{\"@type\":\"Person\",\"@id\":\"https:\\\/\\\/www.latribunedeplanas.com\\\/nl\\\/#\\\/schema\\\/person\\\/590a87318688792f18d8e1c983528bc8\",\"name\":\"Jim\",\"image\":{\"@type\":\"ImageObject\",\"inLanguage\":\"nl-NL\",\"@id\":\"https:\\\/\\\/secure.gravatar.com\\\/avatar\\\/5a89228fd282eb9ee33a60b4ff06f9c31751866f1fb91ca56263af0968354113?s=96&d=mm&r=g\",\"url\":\"https:\\\/\\\/secure.gravatar.com\\\/avatar\\\/5a89228fd282eb9ee33a60b4ff06f9c31751866f1fb91ca56263af0968354113?s=96&d=mm&r=g\",\"contentUrl\":\"https:\\\/\\\/secure.gravatar.com\\\/avatar\\\/5a89228fd282eb9ee33a60b4ff06f9c31751866f1fb91ca56263af0968354113?s=96&d=mm&r=g\",\"caption\":\"Jim\"},\"sameAs\":[\"https:\\\/\\\/www.creawebsite.be\\\/\",\"https:\\\/\\\/www.facebook.com\\\/Creawebsite-113915200150984\",\"https:\\\/\\\/www.instagram.com\\\/creawebsite.be\\\/\",\"https:\\\/\\\/www.linkedin.com\\\/in\\\/jean-marc-delchef\\\/\"]}]}<\/script>\n<!-- \/ Yoast SEO plugin. -->","yoast_head_json":{"title":"9 augustus 2002: Stedenbouwkundige overeenkomst tussen de EUCC van Planes del Rei en de Gemeente Pratdip - La Tribune de Planas del Rey, Pratdip","description":"2002: Gemeente Pratdip wordt eigenaar van gemeenschappelijke zones, maar EUCC behoudt beheer en kosten tot offici\u00eble ontvangst","robots":{"index":"index","follow":"follow","max-snippet":"max-snippet:-1","max-image-preview":"max-image-preview:large","max-video-preview":"max-video-preview:-1"},"canonical":"https:\/\/www.latribunedeplanas.com\/nl\/9-augustus-2002-stedenbouwkundige-overeenkomst-tussen-de-eucc-van-planes-del-rei-en-de-gemeente-pratdip\/","og_locale":"nl_NL","og_type":"article","og_title":"9 augustus 2002: Stedenbouwkundige overeenkomst tussen de EUCC van Planes del Rei en de Gemeente Pratdip - La Tribune de Planas del Rey, Pratdip","og_description":"2002: Gemeente Pratdip wordt eigenaar van gemeenschappelijke zones, maar EUCC behoudt beheer en kosten tot offici\u00eble ontvangst","og_url":"https:\/\/www.latribunedeplanas.com\/nl\/9-augustus-2002-stedenbouwkundige-overeenkomst-tussen-de-eucc-van-planes-del-rei-en-de-gemeente-pratdip\/","og_site_name":"La Tribune de Planas del Rey, Pratdip","article_publisher":"https:\/\/www.facebook.com\/groups\/1220895301376005\/","article_author":"https:\/\/www.facebook.com\/Creawebsite-113915200150984","article_published_time":"2002-08-09T11:06:41+00:00","article_modified_time":"2025-08-21T11:48:41+00:00","author":"Jim","twitter_card":"summary_large_image","twitter_misc":{"Geschreven door":"Jim","Geschatte leestijd":"3 minuten"},"schema":{"@context":"https:\/\/schema.org","@graph":[{"@type":"Article","@id":"https:\/\/www.latribunedeplanas.com\/nl\/9-augustus-2002-stedenbouwkundige-overeenkomst-tussen-de-eucc-van-planes-del-rei-en-de-gemeente-pratdip\/#article","isPartOf":{"@id":"https:\/\/www.latribunedeplanas.com\/nl\/9-augustus-2002-stedenbouwkundige-overeenkomst-tussen-de-eucc-van-planes-del-rei-en-de-gemeente-pratdip\/"},"author":{"name":"Jim","@id":"https:\/\/www.latribunedeplanas.com\/nl\/#\/schema\/person\/590a87318688792f18d8e1c983528bc8"},"headline":"9 augustus 2002: Stedenbouwkundige overeenkomst tussen de EUCC van Planes del Rei en de Gemeente Pratdip","datePublished":"2002-08-09T11:06:41+00:00","dateModified":"2025-08-21T11:48:41+00:00","mainEntityOfPage":{"@id":"https:\/\/www.latribunedeplanas.com\/nl\/9-augustus-2002-stedenbouwkundige-overeenkomst-tussen-de-eucc-van-planes-del-rei-en-de-gemeente-pratdip\/"},"wordCount":659,"publisher":{"@id":"https:\/\/www.latribunedeplanas.com\/nl\/#organization"},"articleSection":["Documenten"],"inLanguage":"nl-NL"},{"@type":"WebPage","@id":"https:\/\/www.latribunedeplanas.com\/nl\/9-augustus-2002-stedenbouwkundige-overeenkomst-tussen-de-eucc-van-planes-del-rei-en-de-gemeente-pratdip\/","url":"https:\/\/www.latribunedeplanas.com\/nl\/9-augustus-2002-stedenbouwkundige-overeenkomst-tussen-de-eucc-van-planes-del-rei-en-de-gemeente-pratdip\/","name":"9 augustus 2002: Stedenbouwkundige overeenkomst tussen de EUCC van Planes del Rei en de Gemeente Pratdip - La Tribune de Planas del Rey, Pratdip","isPartOf":{"@id":"https:\/\/www.latribunedeplanas.com\/nl\/#website"},"datePublished":"2002-08-09T11:06:41+00:00","dateModified":"2025-08-21T11:48:41+00:00","description":"2002: Gemeente Pratdip wordt eigenaar van gemeenschappelijke zones, maar EUCC behoudt beheer en kosten tot offici\u00eble ontvangst","breadcrumb":{"@id":"https:\/\/www.latribunedeplanas.com\/nl\/9-augustus-2002-stedenbouwkundige-overeenkomst-tussen-de-eucc-van-planes-del-rei-en-de-gemeente-pratdip\/#breadcrumb"},"inLanguage":"nl-NL","potentialAction":[{"@type":"ReadAction","target":["https:\/\/www.latribunedeplanas.com\/nl\/9-augustus-2002-stedenbouwkundige-overeenkomst-tussen-de-eucc-van-planes-del-rei-en-de-gemeente-pratdip\/"]}]},{"@type":"BreadcrumbList","@id":"https:\/\/www.latribunedeplanas.com\/nl\/9-augustus-2002-stedenbouwkundige-overeenkomst-tussen-de-eucc-van-planes-del-rei-en-de-gemeente-pratdip\/#breadcrumb","itemListElement":[{"@type":"ListItem","position":1,"name":"Accueil","item":"https:\/\/www.latribunedeplanas.com\/nl\/"},{"@type":"ListItem","position":2,"name":"9 augustus 2002: Stedenbouwkundige overeenkomst tussen de EUCC van Planes del Rei en de Gemeente Pratdip"}]},{"@type":"WebSite","@id":"https:\/\/www.latribunedeplanas.com\/nl\/#website","url":"https:\/\/www.latribunedeplanas.com\/nl\/","name":"La Tribune de Planas del Rey, Pratdip","description":"Las Planas del Rey \u2013 Urbanisatie van de gemeente Pratdip","publisher":{"@id":"https:\/\/www.latribunedeplanas.com\/nl\/#organization"},"potentialAction":[{"@type":"SearchAction","target":{"@type":"EntryPoint","urlTemplate":"https:\/\/www.latribunedeplanas.com\/nl\/?s={search_term_string}"},"query-input":{"@type":"PropertyValueSpecification","valueRequired":true,"valueName":"search_term_string"}}],"inLanguage":"nl-NL"},{"@type":"Organization","@id":"https:\/\/www.latribunedeplanas.com\/nl\/#organization","name":"Vecinos de Planes del Rei (SOSPlanes)","url":"https:\/\/www.latribunedeplanas.com\/nl\/","logo":{"@type":"ImageObject","inLanguage":"nl-NL","@id":"https:\/\/www.latribunedeplanas.com\/nl\/#\/schema\/logo\/image\/","url":"https:\/\/www.latribunedeplanas.com\/wp-content\/uploads\/2021\/11\/logo-sos-planas-0.png","contentUrl":"https:\/\/www.latribunedeplanas.com\/wp-content\/uploads\/2021\/11\/logo-sos-planas-0.png","width":600,"height":400,"caption":"Vecinos de Planes del Rei (SOSPlanes)"},"image":{"@id":"https:\/\/www.latribunedeplanas.com\/nl\/#\/schema\/logo\/image\/"},"sameAs":["https:\/\/www.facebook.com\/groups\/1220895301376005\/","https:\/\/www.instagram.com\/lasplanasdelrey\/"]},{"@type":"Person","@id":"https:\/\/www.latribunedeplanas.com\/nl\/#\/schema\/person\/590a87318688792f18d8e1c983528bc8","name":"Jim","image":{"@type":"ImageObject","inLanguage":"nl-NL","@id":"https:\/\/secure.gravatar.com\/avatar\/5a89228fd282eb9ee33a60b4ff06f9c31751866f1fb91ca56263af0968354113?s=96&d=mm&r=g","url":"https:\/\/secure.gravatar.com\/avatar\/5a89228fd282eb9ee33a60b4ff06f9c31751866f1fb91ca56263af0968354113?s=96&d=mm&r=g","contentUrl":"https:\/\/secure.gravatar.com\/avatar\/5a89228fd282eb9ee33a60b4ff06f9c31751866f1fb91ca56263af0968354113?s=96&d=mm&r=g","caption":"Jim"},"sameAs":["https:\/\/www.creawebsite.be\/","https:\/\/www.facebook.com\/Creawebsite-113915200150984","https:\/\/www.instagram.com\/creawebsite.be\/","https:\/\/www.linkedin.com\/in\/jean-marc-delchef\/"]}]}},"_links":{"self":[{"href":"https:\/\/www.latribunedeplanas.com\/nl\/wp-json\/wp\/v2\/posts\/28406","targetHints":{"allow":["GET"]}}],"collection":[{"href":"https:\/\/www.latribunedeplanas.com\/nl\/wp-json\/wp\/v2\/posts"}],"about":[{"href":"https:\/\/www.latribunedeplanas.com\/nl\/wp-json\/wp\/v2\/types\/post"}],"author":[{"embeddable":true,"href":"https:\/\/www.latribunedeplanas.com\/nl\/wp-json\/wp\/v2\/users\/1"}],"replies":[{"embeddable":true,"href":"https:\/\/www.latribunedeplanas.com\/nl\/wp-json\/wp\/v2\/comments?post=28406"}],"version-history":[{"count":2,"href":"https:\/\/www.latribunedeplanas.com\/nl\/wp-json\/wp\/v2\/posts\/28406\/revisions"}],"predecessor-version":[{"id":28416,"href":"https:\/\/www.latribunedeplanas.com\/nl\/wp-json\/wp\/v2\/posts\/28406\/revisions\/28416"}],"wp:attachment":[{"href":"https:\/\/www.latribunedeplanas.com\/nl\/wp-json\/wp\/v2\/media?parent=28406"}],"wp:term":[{"taxonomy":"category","embeddable":true,"href":"https:\/\/www.latribunedeplanas.com\/nl\/wp-json\/wp\/v2\/categories?post=28406"},{"taxonomy":"post_tag","embeddable":true,"href":"https:\/\/www.latribunedeplanas.com\/nl\/wp-json\/wp\/v2\/tags?post=28406"}],"curies":[{"name":"wp","href":"https:\/\/api.w.org\/{rel}","templated":true}]}}