{"id":27934,"date":"1987-05-17T14:54:04","date_gmt":"1987-05-17T12:54:04","guid":{"rendered":"https:\/\/www.latribunedeplanas.com\/19-mai-1987-avis-de-la-direction-generale-durbanisme-validite-dun-acte-doccupation-pour-formaliser-la-cession-a-pratdip\/"},"modified":"2025-08-15T15:15:42","modified_gmt":"2025-08-15T13:15:42","slug":"19-mei-1987-advies-van-de-directie-generaal-stedelijke-ontwikkeling-geldigheid-van-een-bezitsakte-om-de-overdracht-aan-pratdip-te-formaliseren","status":"publish","type":"post","link":"https:\/\/www.latribunedeplanas.com\/nl\/19-mei-1987-advies-van-de-directie-generaal-stedelijke-ontwikkeling-geldigheid-van-een-bezitsakte-om-de-overdracht-aan-pratdip-te-formaliseren\/","title":{"rendered":"19 mei 1987: Advies van de Directie-generaal Stedelijke Ontwikkeling &#8211; Geldigheid van een bezitsakte om de overdracht aan Pratdip te formaliseren"},"content":{"rendered":"<p>[et_pb_section fb_built=&#8221;1&#8243; admin_label=&#8221;Section-Article&#8221; module_class=&#8221;section-article&#8221; _builder_version=&#8221;4.18.0&#8243; custom_margin=&#8221;0px|0px|0px|0px&#8221; custom_padding=&#8221;0px|0px|0px|0px&#8221; global_colors_info=&#8221;{}&#8221;][et_pb_row use_custom_gutter=&#8221;on&#8221; gutter_width=&#8221;1&#8243; custom_padding_last_edited=&#8221;on|phone&#8221; admin_label=&#8221;Ligne-Article&#8221; module_class=&#8221;ligne-article et_pb_row_fullwidth&#8221; _builder_version=&#8221;4.27.4&#8243; width=&#8221;100%&#8221; width_tablet=&#8221;100%&#8221; width_phone=&#8221;&#8221; width_last_edited=&#8221;on|desktop&#8221; max_width=&#8221;100%&#8221; max_width_tablet=&#8221;100%&#8221; max_width_phone=&#8221;&#8221; max_width_last_edited=&#8221;on|desktop&#8221; custom_margin=&#8221;0px||0px&#8221; custom_padding=&#8221;20px||0px||false|false&#8221; custom_padding_tablet=&#8221;20px||0px||false|false&#8221; custom_padding_phone=&#8221;15px||||false|false&#8221; make_fullwidth=&#8221;on&#8221; global_colors_info=&#8221;{}&#8221;][et_pb_column type=&#8221;4_4&#8243; _builder_version=&#8221;4.16&#8243; custom_padding=&#8221;|||&#8221; global_colors_info=&#8221;{}&#8221; custom_padding__hover=&#8221;|||&#8221;][et_pb_text admin_label=&#8221;Texte-19 mei 1987: Advies van de Directie-generaal Stedelijke Ontwikkeling&#8221; module_class=&#8221;txt-article&#8221; _builder_version=&#8221;4.27.4&#8243; text_font=&#8221;|300|||||||&#8221; header_font=&#8221;||||||||&#8221; header_2_line_height=&#8221;1.2em&#8221; header_3_font=&#8221;||||||||&#8221; header_3_line_height=&#8221;1.3em&#8221; header_4_text_align=&#8221;center&#8221; custom_padding=&#8221;||||false|false&#8221; hover_enabled=&#8221;0&#8243; text_line_height_tablet=&#8221;&#8221; text_line_height_phone=&#8221;1.3em&#8221; text_line_height_last_edited=&#8221;on|desktop&#8221; header_2_font_size_tablet=&#8221;&#8221; header_2_font_size_phone=&#8221;&#8221; header_2_font_size_last_edited=&#8221;on|phone&#8221; header_3_font_size_tablet=&#8221;&#8221; header_3_font_size_phone=&#8221;23px&#8221; header_3_font_size_last_edited=&#8221;on|desktop&#8221; global_colors_info=&#8221;{}&#8221; sticky_enabled=&#8221;0&#8243;]<\/p>\n<p>De <span class=\"accentue\">Servei d\u2019Assessoria T\u00e8cnico-Jur\u00eddica<\/span> van de <span class=\"accentue\">Direcci\u00f3 General d\u2019Urbanisme<\/span> (Generalitat de Catalunya) antwoordt aan de <span class=\"accentue\">Gemeente Pratdip<\/span> over de mogelijkheid om de <span class=\"accentue\">notari\u00eble overdrachtsakte<\/span> te vervangen door een <span class=\"accentue\">bezitsakte<\/span>, gezien de <span class=\"accentue\">afwezigheid van de projectontwikkelaar<\/span> <span class=\"accentue\">Francisco Lebasque<\/span>.<\/p>\n<hr style=\"margin-bottom: 30px;\" \/>\n<h2>1) Aard van het document<\/h2>\n<ul>\n<li><span class=\"accentue\">Technisch-juridisch<\/span> advies van de Direcci\u00f3 General d\u2019Urbanisme (Generalitat).<\/li>\n<li>Ontvanger: <span class=\"accentue\">Gemeente Pratdip<\/span>.<\/li>\n<li>Onderwerp: <span class=\"accentue\">geldigheid<\/span> van een <span class=\"accentue\">bezitsakte<\/span> als vervanging van de notari\u00eble overdrachtsakte, wegens het niet verschijnen van de projectontwikkelaar.<\/li>\n<\/ul>\n<h2>2) Administratieve context<\/h2>\n<ul>\n<li><span class=\"accentue\">23\/07\/1986<\/span>: de <span class=\"accentue\">Comissi\u00f3 d\u2019Urbanisme de Tarragona<\/span> legt de overdracht van openbare eigendommen op (termijn van 3 maanden).<\/li>\n<li><span class=\"accentue\">27\/12\/1986<\/span>: <span class=\"accentue\">edict<\/span> gepubliceerd in het <span class=\"accentue\">BOP van Tarragona nr. 295<\/span> om de onvindbare projectontwikkelaar te informeren.<\/li>\n<li><span class=\"accentue\">17\/01\/1987<\/span>: de gemeente meldt de Commissie de <span class=\"accentue\">onmogelijkheid om F. Lebasque te lokaliseren<\/span> en stelt de <span class=\"accentue\">bezitsakte<\/span> voor.<\/li>\n<li><span class=\"accentue\">19\/05\/1987<\/span>: <span class=\"accentue\">huidig advies<\/span> van de Direcci\u00f3 General d\u2019Urbanisme.<\/li>\n<\/ul>\n<h2>3) Standpunt van de Generalitat (19\/05\/1987)<\/h2>\n<ul>\n<li>De <span class=\"accentue\">bezitsakte<\/span> kan de overdracht <span class=\"accentue\">rechtvaardigen<\/span>, maar is <span class=\"accentue\">op zichzelf niet voldoende<\/span>.<\/li>\n<li>Het is <span class=\"accentue\">aanbevolen<\/span> een <span class=\"accentue\">certificaat van het Kadaster<\/span> te verkrijgen dat de <span class=\"accentue\">onmogelijkheid bevestigt om<\/span> een formele overdracht in te schrijven.<\/li>\n<li>Er moet een <span class=\"accentue\">poging tot inschrijving<\/span> worden gedaan van een <span class=\"accentue\">verwervingsakte<\/span> in het kadaster, desnoods via een <span class=\"accentue\">speciale procedure<\/span>.<\/li>\n<li>De projectontwikkelaar moet <span class=\"accentue\">officieel op de hoogte<\/span> zijn gebracht (<span class=\"accentue\">edict<\/span>) met <span class=\"accentue\">dreiging van subsidiaire uitvoering<\/span> bij afwezigheid.<\/li>\n<li>In geval van <span class=\"accentue\">niet verschijnen<\/span> moet het <span class=\"accentue\">Ministeri Fiscal<\/span> worden betrokken om de afwezige ontwikkelaar te vertegenwoordigen, <span class=\"accentue\">vergelijkbaar met een onteigening<\/span>.<\/li>\n<\/ul>\n<h2>4) Reikwijdte en analyse<\/h2>\n<ul>\n<li>De Generalitat <span class=\"accentue\">schetst een wettelijke weg<\/span> om openbare gronden te verkrijgen <span class=\"accentue\">zonder medewerking van de projectontwikkelaar<\/span>.<\/li>\n<li>De regularisatie verloopt via een <span class=\"accentue\">subsidiaire uitvoering<\/span>: bezitsakte, <span class=\"accentue\">publicatie in het BOP<\/span>, en <span class=\"accentue\">tussenkomst van het Ministeri Fiscal<\/span>.<\/li>\n<li>Er is geen sprake van een <span class=\"accentue\">juridische onmogelijkheid<\/span>; de belemmering ligt in de <span class=\"accentue\">administratieve uitvoering<\/span>.<\/li>\n<\/ul>\n<h2>5) Belangrijk om te onthouden<\/h2>\n<ul>\n<li>De <span class=\"accentue\">bezitsakte<\/span> is <span class=\"accentue\">toelaatbaar<\/span> om de overdracht te formaliseren, onder <span class=\"accentue\">bepaalde voorwaarden<\/span>.<\/li>\n<li>Essentieel: <span class=\"accentue\">kadastercertificaat<\/span>, poging tot <span class=\"accentue\">inschrijving<\/span>, <span class=\"accentue\">edict<\/span> met dreiging van uitvoering, <span class=\"accentue\">inschakeling van het Ministeri Fiscal<\/span>.<\/li>\n<li>De gemeente beschikte <span class=\"accentue\">over alle middelen<\/span> om de openbare eigendommen van <span class=\"accentue\">Planes del Rei<\/span> in het gemeentelijk domein op te nemen.<\/li>\n<\/ul>\n<hr style=\"margin-bottom: 30px;\" \/>\n<h3 class=\"underline\">Document<\/h3>\n<p style=\"padding-top: 30px;\"><a href=\"https:\/\/www.latribunedeplanas.com\/wp-content\/uploads\/2022\/08\/1987-05-19-courrier-direction-urbanisme-mairie-accord-cession.pdf\" class=\"pdfemb-viewer\" style=\"\" data-width=\"max\" data-height=\"max\" data-mobile-width=\"0\"  data-scrollbar=\"none\" data-download=\"on\" data-tracking=\"on\" data-newwindow=\"on\" data-pagetextbox=\"off\" data-scrolltotop=\"off\" data-startzoom=\"100\" data-startfpzoom=\"100\" data-toolbar=\"top\" data-toolbar-fixed=\"off\">1987-05-19-courrier-direction-urbanisme-mairie-accord-cession<br\/><\/a><\/p>\n<p>[\/et_pb_text][\/et_pb_column][\/et_pb_row][\/et_pb_section]<\/p>\n","protected":false},"excerpt":{"rendered":"<p>De Servei d\u2019Assessoria T\u00e8cnico-Jur\u00eddica van de Direcci\u00f3 General d\u2019Urbanisme (Generalitat de Catalunya) antwoordt aan de Gemeente Pratdip over de mogelijkheid om de notari\u00eble overdrachtsakte te vervangen door een bezitsakte, gezien de afwezigheid van de projectontwikkelaar Francisco Lebasque. 1) Aard van het document Technisch-juridisch advies van de Direcci\u00f3 General d\u2019Urbanisme (Generalitat). Ontvanger: Gemeente Pratdip. Onderwerp: geldigheid [&hellip;]<\/p>\n","protected":false},"author":1,"featured_media":0,"comment_status":"closed","ping_status":"closed","sticky":false,"template":"","format":"standard","meta":{"_et_pb_use_builder":"on","_et_pb_old_content":"","_et_gb_content_width":"","footnotes":""},"categories":[215],"tags":[],"class_list":["post-27934","post","type-post","status-publish","format-standard","hentry","category-documenten"],"yoast_head":"<!-- This site is optimized with the Yoast SEO plugin v27.5 - https:\/\/yoast.com\/product\/yoast-seo-wordpress\/ -->\n<title>19 mei 1987: Advies van de Directie-generaal Stedelijke Ontwikkeling - Geldigheid van een bezitsakte om de overdracht aan Pratdip te formaliseren - La Tribune de Planas del Rey, Pratdip<\/title>\n<meta name=\"description\" content=\"In 1987 keurde Cataloni\u00eb de bezitsakte goed om Planes del Rei aan Pratdip over te dragen, onder strikte wettelijke voorwaarden.\" \/>\n<meta name=\"robots\" content=\"index, follow, max-snippet:-1, max-image-preview:large, max-video-preview:-1\" \/>\n<link rel=\"canonical\" href=\"https:\/\/www.latribunedeplanas.com\/nl\/19-mei-1987-advies-van-de-directie-generaal-stedelijke-ontwikkeling-geldigheid-van-een-bezitsakte-om-de-overdracht-aan-pratdip-te-formaliseren\/\" \/>\n<meta property=\"og:locale\" content=\"nl_NL\" \/>\n<meta property=\"og:type\" content=\"article\" \/>\n<meta property=\"og:title\" content=\"19 mei 1987: Advies van de Directie-generaal Stedelijke Ontwikkeling - Geldigheid van een bezitsakte om de overdracht aan Pratdip te formaliseren - La Tribune de Planas del Rey, Pratdip\" \/>\n<meta property=\"og:description\" content=\"In 1987 keurde Cataloni\u00eb de bezitsakte goed om Planes del Rei aan Pratdip over te dragen, onder strikte wettelijke voorwaarden.\" \/>\n<meta property=\"og:url\" content=\"https:\/\/www.latribunedeplanas.com\/nl\/19-mei-1987-advies-van-de-directie-generaal-stedelijke-ontwikkeling-geldigheid-van-een-bezitsakte-om-de-overdracht-aan-pratdip-te-formaliseren\/\" \/>\n<meta property=\"og:site_name\" content=\"La Tribune de Planas del Rey, Pratdip\" \/>\n<meta property=\"article:publisher\" content=\"https:\/\/www.facebook.com\/groups\/1220895301376005\/\" \/>\n<meta property=\"article:author\" content=\"https:\/\/www.facebook.com\/Creawebsite-113915200150984\" \/>\n<meta property=\"article:published_time\" content=\"1987-05-17T12:54:04+00:00\" \/>\n<meta property=\"article:modified_time\" content=\"2025-08-15T13:15:42+00:00\" \/>\n<meta name=\"author\" content=\"Jim\" \/>\n<meta name=\"twitter:card\" content=\"summary_large_image\" \/>\n<meta name=\"twitter:label1\" content=\"Geschreven door\" \/>\n\t<meta name=\"twitter:data1\" content=\"Jim\" \/>\n\t<meta name=\"twitter:label2\" content=\"Geschatte leestijd\" \/>\n\t<meta name=\"twitter:data2\" content=\"2 minuten\" \/>\n<script type=\"application\/ld+json\" class=\"yoast-schema-graph\">{\"@context\":\"https:\\\/\\\/schema.org\",\"@graph\":[{\"@type\":\"Article\",\"@id\":\"https:\\\/\\\/www.latribunedeplanas.com\\\/nl\\\/19-mei-1987-advies-van-de-directie-generaal-stedelijke-ontwikkeling-geldigheid-van-een-bezitsakte-om-de-overdracht-aan-pratdip-te-formaliseren\\\/#article\",\"isPartOf\":{\"@id\":\"https:\\\/\\\/www.latribunedeplanas.com\\\/nl\\\/19-mei-1987-advies-van-de-directie-generaal-stedelijke-ontwikkeling-geldigheid-van-een-bezitsakte-om-de-overdracht-aan-pratdip-te-formaliseren\\\/\"},\"author\":{\"name\":\"Jim\",\"@id\":\"https:\\\/\\\/www.latribunedeplanas.com\\\/nl\\\/#\\\/schema\\\/person\\\/590a87318688792f18d8e1c983528bc8\"},\"headline\":\"19 mei 1987: Advies van de Directie-generaal Stedelijke Ontwikkeling &#8211; Geldigheid van een bezitsakte om de overdracht aan Pratdip te formaliseren\",\"datePublished\":\"1987-05-17T12:54:04+00:00\",\"dateModified\":\"2025-08-15T13:15:42+00:00\",\"mainEntityOfPage\":{\"@id\":\"https:\\\/\\\/www.latribunedeplanas.com\\\/nl\\\/19-mei-1987-advies-van-de-directie-generaal-stedelijke-ontwikkeling-geldigheid-van-een-bezitsakte-om-de-overdracht-aan-pratdip-te-formaliseren\\\/\"},\"wordCount\":592,\"publisher\":{\"@id\":\"https:\\\/\\\/www.latribunedeplanas.com\\\/nl\\\/#organization\"},\"articleSection\":[\"Documenten\"],\"inLanguage\":\"nl-NL\"},{\"@type\":\"WebPage\",\"@id\":\"https:\\\/\\\/www.latribunedeplanas.com\\\/nl\\\/19-mei-1987-advies-van-de-directie-generaal-stedelijke-ontwikkeling-geldigheid-van-een-bezitsakte-om-de-overdracht-aan-pratdip-te-formaliseren\\\/\",\"url\":\"https:\\\/\\\/www.latribunedeplanas.com\\\/nl\\\/19-mei-1987-advies-van-de-directie-generaal-stedelijke-ontwikkeling-geldigheid-van-een-bezitsakte-om-de-overdracht-aan-pratdip-te-formaliseren\\\/\",\"name\":\"19 mei 1987: Advies van de Directie-generaal Stedelijke Ontwikkeling - Geldigheid van een bezitsakte om de overdracht aan Pratdip te formaliseren - La Tribune de Planas del Rey, Pratdip\",\"isPartOf\":{\"@id\":\"https:\\\/\\\/www.latribunedeplanas.com\\\/nl\\\/#website\"},\"datePublished\":\"1987-05-17T12:54:04+00:00\",\"dateModified\":\"2025-08-15T13:15:42+00:00\",\"description\":\"In 1987 keurde Cataloni\u00eb de bezitsakte goed om Planes del Rei aan Pratdip over te dragen, onder strikte wettelijke voorwaarden.\",\"breadcrumb\":{\"@id\":\"https:\\\/\\\/www.latribunedeplanas.com\\\/nl\\\/19-mei-1987-advies-van-de-directie-generaal-stedelijke-ontwikkeling-geldigheid-van-een-bezitsakte-om-de-overdracht-aan-pratdip-te-formaliseren\\\/#breadcrumb\"},\"inLanguage\":\"nl-NL\",\"potentialAction\":[{\"@type\":\"ReadAction\",\"target\":[\"https:\\\/\\\/www.latribunedeplanas.com\\\/nl\\\/19-mei-1987-advies-van-de-directie-generaal-stedelijke-ontwikkeling-geldigheid-van-een-bezitsakte-om-de-overdracht-aan-pratdip-te-formaliseren\\\/\"]}]},{\"@type\":\"BreadcrumbList\",\"@id\":\"https:\\\/\\\/www.latribunedeplanas.com\\\/nl\\\/19-mei-1987-advies-van-de-directie-generaal-stedelijke-ontwikkeling-geldigheid-van-een-bezitsakte-om-de-overdracht-aan-pratdip-te-formaliseren\\\/#breadcrumb\",\"itemListElement\":[{\"@type\":\"ListItem\",\"position\":1,\"name\":\"Accueil\",\"item\":\"https:\\\/\\\/www.latribunedeplanas.com\\\/nl\\\/\"},{\"@type\":\"ListItem\",\"position\":2,\"name\":\"19 mei 1987: Advies van de Directie-generaal Stedelijke Ontwikkeling &#8211; Geldigheid van een bezitsakte om de overdracht aan Pratdip te formaliseren\"}]},{\"@type\":\"WebSite\",\"@id\":\"https:\\\/\\\/www.latribunedeplanas.com\\\/nl\\\/#website\",\"url\":\"https:\\\/\\\/www.latribunedeplanas.com\\\/nl\\\/\",\"name\":\"La Tribune de Planas del Rey, Pratdip\",\"description\":\"Las Planas del Rey \u2013 Urbanisatie van de gemeente Pratdip\",\"publisher\":{\"@id\":\"https:\\\/\\\/www.latribunedeplanas.com\\\/nl\\\/#organization\"},\"potentialAction\":[{\"@type\":\"SearchAction\",\"target\":{\"@type\":\"EntryPoint\",\"urlTemplate\":\"https:\\\/\\\/www.latribunedeplanas.com\\\/nl\\\/?s={search_term_string}\"},\"query-input\":{\"@type\":\"PropertyValueSpecification\",\"valueRequired\":true,\"valueName\":\"search_term_string\"}}],\"inLanguage\":\"nl-NL\"},{\"@type\":\"Organization\",\"@id\":\"https:\\\/\\\/www.latribunedeplanas.com\\\/nl\\\/#organization\",\"name\":\"Vecinos de Planes del Rei (SOSPlanes)\",\"url\":\"https:\\\/\\\/www.latribunedeplanas.com\\\/nl\\\/\",\"logo\":{\"@type\":\"ImageObject\",\"inLanguage\":\"nl-NL\",\"@id\":\"https:\\\/\\\/www.latribunedeplanas.com\\\/nl\\\/#\\\/schema\\\/logo\\\/image\\\/\",\"url\":\"https:\\\/\\\/www.latribunedeplanas.com\\\/wp-content\\\/uploads\\\/2021\\\/11\\\/logo-sos-planas-0.png\",\"contentUrl\":\"https:\\\/\\\/www.latribunedeplanas.com\\\/wp-content\\\/uploads\\\/2021\\\/11\\\/logo-sos-planas-0.png\",\"width\":600,\"height\":400,\"caption\":\"Vecinos de Planes del Rei (SOSPlanes)\"},\"image\":{\"@id\":\"https:\\\/\\\/www.latribunedeplanas.com\\\/nl\\\/#\\\/schema\\\/logo\\\/image\\\/\"},\"sameAs\":[\"https:\\\/\\\/www.facebook.com\\\/groups\\\/1220895301376005\\\/\",\"https:\\\/\\\/www.instagram.com\\\/lasplanasdelrey\\\/\"]},{\"@type\":\"Person\",\"@id\":\"https:\\\/\\\/www.latribunedeplanas.com\\\/nl\\\/#\\\/schema\\\/person\\\/590a87318688792f18d8e1c983528bc8\",\"name\":\"Jim\",\"image\":{\"@type\":\"ImageObject\",\"inLanguage\":\"nl-NL\",\"@id\":\"https:\\\/\\\/secure.gravatar.com\\\/avatar\\\/5a89228fd282eb9ee33a60b4ff06f9c31751866f1fb91ca56263af0968354113?s=96&d=mm&r=g\",\"url\":\"https:\\\/\\\/secure.gravatar.com\\\/avatar\\\/5a89228fd282eb9ee33a60b4ff06f9c31751866f1fb91ca56263af0968354113?s=96&d=mm&r=g\",\"contentUrl\":\"https:\\\/\\\/secure.gravatar.com\\\/avatar\\\/5a89228fd282eb9ee33a60b4ff06f9c31751866f1fb91ca56263af0968354113?s=96&d=mm&r=g\",\"caption\":\"Jim\"},\"sameAs\":[\"https:\\\/\\\/www.creawebsite.be\\\/\",\"https:\\\/\\\/www.facebook.com\\\/Creawebsite-113915200150984\",\"https:\\\/\\\/www.instagram.com\\\/creawebsite.be\\\/\",\"https:\\\/\\\/www.linkedin.com\\\/in\\\/jean-marc-delchef\\\/\"]}]}<\/script>\n<!-- \/ Yoast SEO plugin. -->","yoast_head_json":{"title":"19 mei 1987: Advies van de Directie-generaal Stedelijke Ontwikkeling - Geldigheid van een bezitsakte om de overdracht aan Pratdip te formaliseren - La Tribune de Planas del Rey, Pratdip","description":"In 1987 keurde Cataloni\u00eb de bezitsakte goed om Planes del Rei aan Pratdip over te dragen, onder strikte wettelijke voorwaarden.","robots":{"index":"index","follow":"follow","max-snippet":"max-snippet:-1","max-image-preview":"max-image-preview:large","max-video-preview":"max-video-preview:-1"},"canonical":"https:\/\/www.latribunedeplanas.com\/nl\/19-mei-1987-advies-van-de-directie-generaal-stedelijke-ontwikkeling-geldigheid-van-een-bezitsakte-om-de-overdracht-aan-pratdip-te-formaliseren\/","og_locale":"nl_NL","og_type":"article","og_title":"19 mei 1987: Advies van de Directie-generaal Stedelijke Ontwikkeling - Geldigheid van een bezitsakte om de overdracht aan Pratdip te formaliseren - La Tribune de Planas del Rey, Pratdip","og_description":"In 1987 keurde Cataloni\u00eb de bezitsakte goed om Planes del Rei aan Pratdip over te dragen, onder strikte wettelijke voorwaarden.","og_url":"https:\/\/www.latribunedeplanas.com\/nl\/19-mei-1987-advies-van-de-directie-generaal-stedelijke-ontwikkeling-geldigheid-van-een-bezitsakte-om-de-overdracht-aan-pratdip-te-formaliseren\/","og_site_name":"La Tribune de Planas del Rey, Pratdip","article_publisher":"https:\/\/www.facebook.com\/groups\/1220895301376005\/","article_author":"https:\/\/www.facebook.com\/Creawebsite-113915200150984","article_published_time":"1987-05-17T12:54:04+00:00","article_modified_time":"2025-08-15T13:15:42+00:00","author":"Jim","twitter_card":"summary_large_image","twitter_misc":{"Geschreven door":"Jim","Geschatte leestijd":"2 minuten"},"schema":{"@context":"https:\/\/schema.org","@graph":[{"@type":"Article","@id":"https:\/\/www.latribunedeplanas.com\/nl\/19-mei-1987-advies-van-de-directie-generaal-stedelijke-ontwikkeling-geldigheid-van-een-bezitsakte-om-de-overdracht-aan-pratdip-te-formaliseren\/#article","isPartOf":{"@id":"https:\/\/www.latribunedeplanas.com\/nl\/19-mei-1987-advies-van-de-directie-generaal-stedelijke-ontwikkeling-geldigheid-van-een-bezitsakte-om-de-overdracht-aan-pratdip-te-formaliseren\/"},"author":{"name":"Jim","@id":"https:\/\/www.latribunedeplanas.com\/nl\/#\/schema\/person\/590a87318688792f18d8e1c983528bc8"},"headline":"19 mei 1987: Advies van de Directie-generaal Stedelijke Ontwikkeling &#8211; Geldigheid van een bezitsakte om de overdracht aan Pratdip te formaliseren","datePublished":"1987-05-17T12:54:04+00:00","dateModified":"2025-08-15T13:15:42+00:00","mainEntityOfPage":{"@id":"https:\/\/www.latribunedeplanas.com\/nl\/19-mei-1987-advies-van-de-directie-generaal-stedelijke-ontwikkeling-geldigheid-van-een-bezitsakte-om-de-overdracht-aan-pratdip-te-formaliseren\/"},"wordCount":592,"publisher":{"@id":"https:\/\/www.latribunedeplanas.com\/nl\/#organization"},"articleSection":["Documenten"],"inLanguage":"nl-NL"},{"@type":"WebPage","@id":"https:\/\/www.latribunedeplanas.com\/nl\/19-mei-1987-advies-van-de-directie-generaal-stedelijke-ontwikkeling-geldigheid-van-een-bezitsakte-om-de-overdracht-aan-pratdip-te-formaliseren\/","url":"https:\/\/www.latribunedeplanas.com\/nl\/19-mei-1987-advies-van-de-directie-generaal-stedelijke-ontwikkeling-geldigheid-van-een-bezitsakte-om-de-overdracht-aan-pratdip-te-formaliseren\/","name":"19 mei 1987: Advies van de Directie-generaal Stedelijke Ontwikkeling - Geldigheid van een bezitsakte om de overdracht aan Pratdip te formaliseren - La Tribune de Planas del Rey, Pratdip","isPartOf":{"@id":"https:\/\/www.latribunedeplanas.com\/nl\/#website"},"datePublished":"1987-05-17T12:54:04+00:00","dateModified":"2025-08-15T13:15:42+00:00","description":"In 1987 keurde Cataloni\u00eb de bezitsakte goed om Planes del Rei aan Pratdip over te dragen, onder strikte wettelijke voorwaarden.","breadcrumb":{"@id":"https:\/\/www.latribunedeplanas.com\/nl\/19-mei-1987-advies-van-de-directie-generaal-stedelijke-ontwikkeling-geldigheid-van-een-bezitsakte-om-de-overdracht-aan-pratdip-te-formaliseren\/#breadcrumb"},"inLanguage":"nl-NL","potentialAction":[{"@type":"ReadAction","target":["https:\/\/www.latribunedeplanas.com\/nl\/19-mei-1987-advies-van-de-directie-generaal-stedelijke-ontwikkeling-geldigheid-van-een-bezitsakte-om-de-overdracht-aan-pratdip-te-formaliseren\/"]}]},{"@type":"BreadcrumbList","@id":"https:\/\/www.latribunedeplanas.com\/nl\/19-mei-1987-advies-van-de-directie-generaal-stedelijke-ontwikkeling-geldigheid-van-een-bezitsakte-om-de-overdracht-aan-pratdip-te-formaliseren\/#breadcrumb","itemListElement":[{"@type":"ListItem","position":1,"name":"Accueil","item":"https:\/\/www.latribunedeplanas.com\/nl\/"},{"@type":"ListItem","position":2,"name":"19 mei 1987: Advies van de Directie-generaal Stedelijke Ontwikkeling &#8211; Geldigheid van een bezitsakte om de overdracht aan Pratdip te formaliseren"}]},{"@type":"WebSite","@id":"https:\/\/www.latribunedeplanas.com\/nl\/#website","url":"https:\/\/www.latribunedeplanas.com\/nl\/","name":"La Tribune de Planas del Rey, Pratdip","description":"Las Planas del Rey \u2013 Urbanisatie van de gemeente Pratdip","publisher":{"@id":"https:\/\/www.latribunedeplanas.com\/nl\/#organization"},"potentialAction":[{"@type":"SearchAction","target":{"@type":"EntryPoint","urlTemplate":"https:\/\/www.latribunedeplanas.com\/nl\/?s={search_term_string}"},"query-input":{"@type":"PropertyValueSpecification","valueRequired":true,"valueName":"search_term_string"}}],"inLanguage":"nl-NL"},{"@type":"Organization","@id":"https:\/\/www.latribunedeplanas.com\/nl\/#organization","name":"Vecinos de Planes del Rei (SOSPlanes)","url":"https:\/\/www.latribunedeplanas.com\/nl\/","logo":{"@type":"ImageObject","inLanguage":"nl-NL","@id":"https:\/\/www.latribunedeplanas.com\/nl\/#\/schema\/logo\/image\/","url":"https:\/\/www.latribunedeplanas.com\/wp-content\/uploads\/2021\/11\/logo-sos-planas-0.png","contentUrl":"https:\/\/www.latribunedeplanas.com\/wp-content\/uploads\/2021\/11\/logo-sos-planas-0.png","width":600,"height":400,"caption":"Vecinos de Planes del Rei (SOSPlanes)"},"image":{"@id":"https:\/\/www.latribunedeplanas.com\/nl\/#\/schema\/logo\/image\/"},"sameAs":["https:\/\/www.facebook.com\/groups\/1220895301376005\/","https:\/\/www.instagram.com\/lasplanasdelrey\/"]},{"@type":"Person","@id":"https:\/\/www.latribunedeplanas.com\/nl\/#\/schema\/person\/590a87318688792f18d8e1c983528bc8","name":"Jim","image":{"@type":"ImageObject","inLanguage":"nl-NL","@id":"https:\/\/secure.gravatar.com\/avatar\/5a89228fd282eb9ee33a60b4ff06f9c31751866f1fb91ca56263af0968354113?s=96&d=mm&r=g","url":"https:\/\/secure.gravatar.com\/avatar\/5a89228fd282eb9ee33a60b4ff06f9c31751866f1fb91ca56263af0968354113?s=96&d=mm&r=g","contentUrl":"https:\/\/secure.gravatar.com\/avatar\/5a89228fd282eb9ee33a60b4ff06f9c31751866f1fb91ca56263af0968354113?s=96&d=mm&r=g","caption":"Jim"},"sameAs":["https:\/\/www.creawebsite.be\/","https:\/\/www.facebook.com\/Creawebsite-113915200150984","https:\/\/www.instagram.com\/creawebsite.be\/","https:\/\/www.linkedin.com\/in\/jean-marc-delchef\/"]}]}},"_links":{"self":[{"href":"https:\/\/www.latribunedeplanas.com\/nl\/wp-json\/wp\/v2\/posts\/27934","targetHints":{"allow":["GET"]}}],"collection":[{"href":"https:\/\/www.latribunedeplanas.com\/nl\/wp-json\/wp\/v2\/posts"}],"about":[{"href":"https:\/\/www.latribunedeplanas.com\/nl\/wp-json\/wp\/v2\/types\/post"}],"author":[{"embeddable":true,"href":"https:\/\/www.latribunedeplanas.com\/nl\/wp-json\/wp\/v2\/users\/1"}],"replies":[{"embeddable":true,"href":"https:\/\/www.latribunedeplanas.com\/nl\/wp-json\/wp\/v2\/comments?post=27934"}],"version-history":[{"count":4,"href":"https:\/\/www.latribunedeplanas.com\/nl\/wp-json\/wp\/v2\/posts\/27934\/revisions"}],"predecessor-version":[{"id":27958,"href":"https:\/\/www.latribunedeplanas.com\/nl\/wp-json\/wp\/v2\/posts\/27934\/revisions\/27958"}],"wp:attachment":[{"href":"https:\/\/www.latribunedeplanas.com\/nl\/wp-json\/wp\/v2\/media?parent=27934"}],"wp:term":[{"taxonomy":"category","embeddable":true,"href":"https:\/\/www.latribunedeplanas.com\/nl\/wp-json\/wp\/v2\/categories?post=27934"},{"taxonomy":"post_tag","embeddable":true,"href":"https:\/\/www.latribunedeplanas.com\/nl\/wp-json\/wp\/v2\/tags?post=27934"}],"curies":[{"name":"wp","href":"https:\/\/api.w.org\/{rel}","templated":true}]}}