{"id":27580,"date":"1968-09-21T18:19:57","date_gmt":"1968-09-21T17:19:57","guid":{"rendered":"https:\/\/www.latribunedeplanas.com\/1968-cession-des-zones-communes-de-planas-del-rey-a-la-mairie-de-pratdip\/"},"modified":"2025-08-15T13:32:51","modified_gmt":"2025-08-15T11:32:51","slug":"21-september-1968-cession-des-zones-communes-de-planas-del-rey-a-la-mairie-de-pratdip","status":"publish","type":"post","link":"https:\/\/www.latribunedeplanas.com\/nl\/21-september-1968-cession-des-zones-communes-de-planas-del-rey-a-la-mairie-de-pratdip\/","title":{"rendered":"21 september 1968: Overdracht van de gemeenschappelijke zones van Planas del Rey aan de gemeente Pratdip"},"content":{"rendered":"<p>[et_pb_section fb_built=&#8221;1&#8243; admin_label=&#8221;Section-Article&#8221; module_class=&#8221;section-article&#8221; _builder_version=&#8221;4.18.0&#8243; custom_margin=&#8221;0px|0px|0px|0px&#8221; custom_padding=&#8221;0px|0px|0px|0px&#8221; global_colors_info=&#8221;{}&#8221;][et_pb_row use_custom_gutter=&#8221;on&#8221; gutter_width=&#8221;1&#8243; custom_padding_last_edited=&#8221;on|desktop&#8221; admin_label=&#8221;Ligne-Article&#8221; module_class=&#8221;ligne-article et_pb_row_fullwidth&#8221; _builder_version=&#8221;4.27.4&#8243; width=&#8221;100%&#8221; width_tablet=&#8221;100%&#8221; width_phone=&#8221;&#8221; width_last_edited=&#8221;on|desktop&#8221; max_width=&#8221;100%&#8221; max_width_tablet=&#8221;100%&#8221; max_width_phone=&#8221;&#8221; max_width_last_edited=&#8221;on|desktop&#8221; custom_margin=&#8221;0px||0px&#8221; custom_padding=&#8221;20px||0px||false|false&#8221; custom_padding_tablet=&#8221;20px||0px||false|false&#8221; custom_padding_phone=&#8221;15px||||false|false&#8221; make_fullwidth=&#8221;on&#8221; global_colors_info=&#8221;{}&#8221;][et_pb_column type=&#8221;4_4&#8243; _builder_version=&#8221;4.16&#8243; custom_padding=&#8221;|||&#8221; global_colors_info=&#8221;{}&#8221; custom_padding__hover=&#8221;|||&#8221;][et_pb_text admin_label=&#8221;Texte-1968: Overdracht van de gemeenschappelijke zones van Planas del Rey aan de gemeente Pratdip&#8221; module_class=&#8221;txt-article&#8221; _builder_version=&#8221;4.27.4&#8243; text_font=&#8221;|300|||||||&#8221; header_font=&#8221;||||||||&#8221; header_2_line_height=&#8221;1.2em&#8221; header_3_font=&#8221;||||||||&#8221; header_3_line_height=&#8221;1.3em&#8221; header_4_text_align=&#8221;center&#8221; custom_padding=&#8221;||||false|false&#8221; text_line_height_tablet=&#8221;&#8221; text_line_height_phone=&#8221;1.3em&#8221; text_line_height_last_edited=&#8221;on|desktop&#8221; header_2_font_size_tablet=&#8221;&#8221; header_2_font_size_phone=&#8221;&#8221; header_2_font_size_last_edited=&#8221;on|phone&#8221; header_3_font_size_tablet=&#8221;&#8221; header_3_font_size_phone=&#8221;23px&#8221; header_3_font_size_last_edited=&#8221;on|desktop&#8221; global_colors_info=&#8221;{}&#8221;]<\/p>\n<p>Op <span class=\"accentue\">21 september 1968<\/span> richtte de promotor van de urbanisatie <span class=\"accentue\">Planas del Rey (Planes del Rei)<\/span>, <span class=\"accentue\">Francisco Lebasque Belloncle<\/span>, een formeel verzoek aan de gemeente Pratdip met het doel <span class=\"accentue\">de wegen, netwerken en gemeenschappelijke diensten<\/span> van de urbanisatie over te dragen aan de gemeente, om zo het bestuur en de levering van openbare diensten te verbeteren.<\/p>\n<hr style=\"margin-bottom: 30px;\" \/>\n<h2>1) Context en aard van het document<\/h2>\n<ul>\n<li>Offici\u00eble brief van de promotor aan de gemeente, opgesteld op <span class=\"accentue\">verzoek van de eigenaars<\/span> van de urbanisatie en in het belang van een beter beheer.<\/li>\n<li>Doel: <span class=\"accentue\">aanbod tot overdracht<\/span> aan de gemeente van de infrastructuur en gemeenschappelijke diensten.<\/li>\n<\/ul>\n<hr style=\"margin-bottom: 30px;\" \/>\n<h2>2) Omvang van de voorgestelde overdracht<\/h2>\n<ul>\n<li><span class=\"accentue\">Wegen<\/span> van de urbanisatie (viales).<\/li>\n<li><span class=\"accentue\">Watervoorzieningsnetwerken<\/span>.<\/li>\n<li><span class=\"accentue\">Riolering<\/span>.<\/li>\n<li><span class=\"accentue\">Openbare verlichting<\/span>.<\/li>\n<li><span class=\"accentue\">Afvalinzameling<\/span>.<\/li>\n<li><span class=\"accentue\">Bewaking en toezicht<\/span>.<\/li>\n<li>En, in ruimere zin, <span class=\"accentue\">elke dienst die onder de gemeentelijke bevoegdheid valt<\/span>.<\/li>\n<\/ul>\n<hr style=\"margin-bottom: 30px;\" \/>\n<h2>3) Voorwaarden voorzien door de promotor<\/h2>\n<ul>\n<li>Overdracht aan de gemeente van alle <span class=\"accentue\">aanvullende documentatie<\/span> die nodig wordt geacht.<\/li>\n<li>Overhandiging van de <span class=\"accentue\">lijst van eigenaars<\/span> en eigendommen in de urbanisatie.<\/li>\n<li>Overdracht van de <span class=\"accentue\">onderhouds- en dienstrekeningen<\/span> van voorgaande jaren, voor vordering en inning door de gemeente, gevolgd door een <span class=\"accentue\">afrekening<\/span> met de promotor.<\/li>\n<li><span class=\"accentue\">Drinkwater<\/span>: de gemeente mag gebruikmaken van het bestaande kanaal tot aan het algemene reservoir dat deel uitmaakt van het overgedragen netwerk, <span class=\"accentue\">zolang de offici\u00eble oplevering<\/span> van de urbanisatie door de gemeente niet is voltooid.<\/li>\n<\/ul>\n<hr style=\"margin-bottom: 30px;\" \/>\n<h2>4) Juridische en stedenbouwkundige analyse<\/h2>\n<p>Deze brief vormt een <span class=\"accentue\">formeel aanbod tot overdracht<\/span> van infrastructuur en openbare diensten aan de gemeente. Het past in de logica van de <span class=\"accentue\">gemeentelijke oplevering<\/span> van de urbanisatiewerken, een noodzakelijke stap voor de gemeente om de diensten op zich te nemen.<\/p>\n<ul>\n<li><span class=\"accentue\">Reikwijdte<\/span>: indien aanvaard, wordt de gemeente verantwoordelijk voor het onderhoud van de wegen en de levering van de opgesomde diensten.<\/li>\n<li><span class=\"accentue\">Beperking van het document<\/span>: de brief bewijst niet de <span class=\"accentue\">aanvaarding<\/span> van de overdracht door de gemeente. Het op zich nemen vereiste een <span class=\"accentue\">formeel besluit<\/span> (gemeentelijk akkoord, administratieve akte en\/of notari\u00eble formaliteit).<\/li>\n<li><span class=\"accentue\">Gevolg<\/span>: bij gebrek aan formele aanvaarding\/oplevering werden de verplichtingen van de gemeente niet automatisch van kracht op 21\/09\/1968.<\/li>\n<\/ul>\n<hr style=\"margin-bottom: 30px;\" \/>\n<h2>5) Belangrijk citaat (oorspronkelijk in het Spaans)<\/h2>\n<blockquote>\n<p>\u201c\u2026 es su prop\u00f3sito hacer cesi\u00f3n de la vialidad general y servicios p\u00fablicos al Ayuntamiento de Pratdip \u2026 a viales de la urbanizaci\u00f3n, redes de abastecimiento de aguas, redes de desag\u00fces, alumbrado p\u00fablico, servicio de recogida de basuras, guarder\u00eda y vigilancia; adem\u00e1s, servicios de la competencia municipal \u2026\u201d<\/p>\n<\/blockquote>\n<hr style=\"margin-bottom: 30px;\" \/>\n<h2>Conclusie<\/h2>\n<p>Het document van <span class=\"accentue\">21 september 1968<\/span> bevestigt dat <span class=\"accentue\">een globale overdracht<\/span> van de infrastructuur en diensten van <span class=\"accentue\">Planas del Rey<\/span> werd <span class=\"accentue\">voorgesteld<\/span> aan de gemeente Pratdip door de promotor, namens en voor rekening van de eigenaars. Om de effectieve gemeentelijke verantwoordelijkheid vanaf 1968 vast te stellen, is het echter noodzakelijk om <span class=\"accentue\">de akte van aanvaarding<\/span> terug te vinden (gemeenteraadsbesluit, publicatie, notari\u00eble akte of urbanisatieregister) die de <span class=\"accentue\">oplevering<\/span> van deze werken bevestigt.<\/p>\n<hr style=\"margin-bottom: 30px;\" \/>\n<h3 class=\"underline\">Document<\/h3>\n<p style=\"padding-top: 30px;\"><a href=\"https:\/\/www.latribunedeplanas.com\/wp-content\/uploads\/2017\/09\/1968-09-21-cession-zones-communes-lebasque-pratdip.pdf\" class=\"pdfemb-viewer\" style=\"\" data-width=\"max\" data-height=\"max\" data-mobile-width=\"0\"  data-scrollbar=\"none\" data-download=\"on\" data-tracking=\"on\" data-newwindow=\"on\" data-pagetextbox=\"off\" data-scrolltotop=\"off\" data-startzoom=\"100\" data-startfpzoom=\"100\" data-toolbar=\"top\" data-toolbar-fixed=\"off\">1968-09-21-cession-zones-communes-lebasque-pratdip<br\/><\/a><\/p>\n<p>[\/et_pb_text][\/et_pb_column][\/et_pb_row][\/et_pb_section]<\/p>\n","protected":false},"excerpt":{"rendered":"<p>Op 21 september 1968 richtte de promotor van de urbanisatie Planas del Rey (Planes del Rei), Francisco Lebasque Belloncle, een formeel verzoek aan de gemeente Pratdip met het doel de wegen, netwerken en gemeenschappelijke diensten van de urbanisatie over te dragen aan de gemeente, om zo het bestuur en de levering van openbare diensten te [&hellip;]<\/p>\n","protected":false},"author":1,"featured_media":0,"comment_status":"closed","ping_status":"closed","sticky":false,"template":"","format":"standard","meta":{"_et_pb_use_builder":"on","_et_pb_old_content":"","_et_gb_content_width":"","footnotes":""},"categories":[215],"tags":[],"class_list":["post-27580","post","type-post","status-publish","format-standard","hentry","category-documenten"],"yoast_head":"<!-- This site is optimized with the Yoast SEO plugin v27.5 - https:\/\/yoast.com\/product\/yoast-seo-wordpress\/ -->\n<title>21 september 1968: Overdracht van de gemeenschappelijke zones van Planas del Rey aan de gemeente Pratdip - La Tribune de Planas del Rey, Pratdip<\/title>\n<meta name=\"description\" content=\"1968-voorstel tot overdracht van wegen, netwerken en gemeentelijke diensten van Planas del Rey aan de gemeente Pratdip.\" \/>\n<meta name=\"robots\" content=\"index, follow, max-snippet:-1, max-image-preview:large, max-video-preview:-1\" \/>\n<link rel=\"canonical\" href=\"https:\/\/www.latribunedeplanas.com\/nl\/21-september-1968-cession-des-zones-communes-de-planas-del-rey-a-la-mairie-de-pratdip\/\" \/>\n<meta property=\"og:locale\" content=\"nl_NL\" \/>\n<meta property=\"og:type\" content=\"article\" \/>\n<meta property=\"og:title\" content=\"21 september 1968: Overdracht van de gemeenschappelijke zones van Planas del Rey aan de gemeente Pratdip - La Tribune de Planas del Rey, Pratdip\" \/>\n<meta property=\"og:description\" content=\"1968-voorstel tot overdracht van wegen, netwerken en gemeentelijke diensten van Planas del Rey aan de gemeente Pratdip.\" \/>\n<meta property=\"og:url\" content=\"https:\/\/www.latribunedeplanas.com\/nl\/21-september-1968-cession-des-zones-communes-de-planas-del-rey-a-la-mairie-de-pratdip\/\" \/>\n<meta property=\"og:site_name\" content=\"La Tribune de Planas del Rey, Pratdip\" \/>\n<meta property=\"article:publisher\" content=\"https:\/\/www.facebook.com\/groups\/1220895301376005\/\" \/>\n<meta property=\"article:author\" content=\"https:\/\/www.facebook.com\/Creawebsite-113915200150984\" \/>\n<meta property=\"article:published_time\" content=\"1968-09-21T17:19:57+00:00\" \/>\n<meta property=\"article:modified_time\" content=\"2025-08-15T11:32:51+00:00\" \/>\n<meta name=\"author\" content=\"Jim\" \/>\n<meta name=\"twitter:card\" content=\"summary_large_image\" \/>\n<meta name=\"twitter:label1\" content=\"Geschreven door\" \/>\n\t<meta name=\"twitter:data1\" content=\"Jim\" \/>\n\t<meta name=\"twitter:label2\" content=\"Geschatte leestijd\" \/>\n\t<meta name=\"twitter:data2\" content=\"3 minuten\" \/>\n<script type=\"application\/ld+json\" class=\"yoast-schema-graph\">{\"@context\":\"https:\\\/\\\/schema.org\",\"@graph\":[{\"@type\":\"Article\",\"@id\":\"https:\\\/\\\/www.latribunedeplanas.com\\\/nl\\\/21-september-1968-cession-des-zones-communes-de-planas-del-rey-a-la-mairie-de-pratdip\\\/#article\",\"isPartOf\":{\"@id\":\"https:\\\/\\\/www.latribunedeplanas.com\\\/nl\\\/21-september-1968-cession-des-zones-communes-de-planas-del-rey-a-la-mairie-de-pratdip\\\/\"},\"author\":{\"name\":\"Jim\",\"@id\":\"https:\\\/\\\/www.latribunedeplanas.com\\\/nl\\\/#\\\/schema\\\/person\\\/590a87318688792f18d8e1c983528bc8\"},\"headline\":\"21 september 1968: Overdracht van de gemeenschappelijke zones van Planas del Rey aan de gemeente Pratdip\",\"datePublished\":\"1968-09-21T17:19:57+00:00\",\"dateModified\":\"2025-08-15T11:32:51+00:00\",\"mainEntityOfPage\":{\"@id\":\"https:\\\/\\\/www.latribunedeplanas.com\\\/nl\\\/21-september-1968-cession-des-zones-communes-de-planas-del-rey-a-la-mairie-de-pratdip\\\/\"},\"wordCount\":717,\"publisher\":{\"@id\":\"https:\\\/\\\/www.latribunedeplanas.com\\\/nl\\\/#organization\"},\"articleSection\":[\"Documenten\"],\"inLanguage\":\"nl-NL\"},{\"@type\":\"WebPage\",\"@id\":\"https:\\\/\\\/www.latribunedeplanas.com\\\/nl\\\/21-september-1968-cession-des-zones-communes-de-planas-del-rey-a-la-mairie-de-pratdip\\\/\",\"url\":\"https:\\\/\\\/www.latribunedeplanas.com\\\/nl\\\/21-september-1968-cession-des-zones-communes-de-planas-del-rey-a-la-mairie-de-pratdip\\\/\",\"name\":\"21 september 1968: Overdracht van de gemeenschappelijke zones van Planas del Rey aan de gemeente Pratdip - La Tribune de Planas del Rey, Pratdip\",\"isPartOf\":{\"@id\":\"https:\\\/\\\/www.latribunedeplanas.com\\\/nl\\\/#website\"},\"datePublished\":\"1968-09-21T17:19:57+00:00\",\"dateModified\":\"2025-08-15T11:32:51+00:00\",\"description\":\"1968-voorstel tot overdracht van wegen, netwerken en gemeentelijke diensten van Planas del Rey aan de gemeente Pratdip.\",\"breadcrumb\":{\"@id\":\"https:\\\/\\\/www.latribunedeplanas.com\\\/nl\\\/21-september-1968-cession-des-zones-communes-de-planas-del-rey-a-la-mairie-de-pratdip\\\/#breadcrumb\"},\"inLanguage\":\"nl-NL\",\"potentialAction\":[{\"@type\":\"ReadAction\",\"target\":[\"https:\\\/\\\/www.latribunedeplanas.com\\\/nl\\\/21-september-1968-cession-des-zones-communes-de-planas-del-rey-a-la-mairie-de-pratdip\\\/\"]}]},{\"@type\":\"BreadcrumbList\",\"@id\":\"https:\\\/\\\/www.latribunedeplanas.com\\\/nl\\\/21-september-1968-cession-des-zones-communes-de-planas-del-rey-a-la-mairie-de-pratdip\\\/#breadcrumb\",\"itemListElement\":[{\"@type\":\"ListItem\",\"position\":1,\"name\":\"Accueil\",\"item\":\"https:\\\/\\\/www.latribunedeplanas.com\\\/nl\\\/\"},{\"@type\":\"ListItem\",\"position\":2,\"name\":\"21 september 1968: Overdracht van de gemeenschappelijke zones van Planas del Rey aan de gemeente Pratdip\"}]},{\"@type\":\"WebSite\",\"@id\":\"https:\\\/\\\/www.latribunedeplanas.com\\\/nl\\\/#website\",\"url\":\"https:\\\/\\\/www.latribunedeplanas.com\\\/nl\\\/\",\"name\":\"La Tribune de Planas del Rey, Pratdip\",\"description\":\"Las Planas del Rey \u2013 Urbanisatie van de gemeente Pratdip\",\"publisher\":{\"@id\":\"https:\\\/\\\/www.latribunedeplanas.com\\\/nl\\\/#organization\"},\"potentialAction\":[{\"@type\":\"SearchAction\",\"target\":{\"@type\":\"EntryPoint\",\"urlTemplate\":\"https:\\\/\\\/www.latribunedeplanas.com\\\/nl\\\/?s={search_term_string}\"},\"query-input\":{\"@type\":\"PropertyValueSpecification\",\"valueRequired\":true,\"valueName\":\"search_term_string\"}}],\"inLanguage\":\"nl-NL\"},{\"@type\":\"Organization\",\"@id\":\"https:\\\/\\\/www.latribunedeplanas.com\\\/nl\\\/#organization\",\"name\":\"Vecinos de Planes del Rei (SOSPlanes)\",\"url\":\"https:\\\/\\\/www.latribunedeplanas.com\\\/nl\\\/\",\"logo\":{\"@type\":\"ImageObject\",\"inLanguage\":\"nl-NL\",\"@id\":\"https:\\\/\\\/www.latribunedeplanas.com\\\/nl\\\/#\\\/schema\\\/logo\\\/image\\\/\",\"url\":\"https:\\\/\\\/www.latribunedeplanas.com\\\/wp-content\\\/uploads\\\/2021\\\/11\\\/logo-sos-planas-0.png\",\"contentUrl\":\"https:\\\/\\\/www.latribunedeplanas.com\\\/wp-content\\\/uploads\\\/2021\\\/11\\\/logo-sos-planas-0.png\",\"width\":600,\"height\":400,\"caption\":\"Vecinos de Planes del Rei (SOSPlanes)\"},\"image\":{\"@id\":\"https:\\\/\\\/www.latribunedeplanas.com\\\/nl\\\/#\\\/schema\\\/logo\\\/image\\\/\"},\"sameAs\":[\"https:\\\/\\\/www.facebook.com\\\/groups\\\/1220895301376005\\\/\",\"https:\\\/\\\/www.instagram.com\\\/lasplanasdelrey\\\/\"]},{\"@type\":\"Person\",\"@id\":\"https:\\\/\\\/www.latribunedeplanas.com\\\/nl\\\/#\\\/schema\\\/person\\\/590a87318688792f18d8e1c983528bc8\",\"name\":\"Jim\",\"image\":{\"@type\":\"ImageObject\",\"inLanguage\":\"nl-NL\",\"@id\":\"https:\\\/\\\/secure.gravatar.com\\\/avatar\\\/5a89228fd282eb9ee33a60b4ff06f9c31751866f1fb91ca56263af0968354113?s=96&d=mm&r=g\",\"url\":\"https:\\\/\\\/secure.gravatar.com\\\/avatar\\\/5a89228fd282eb9ee33a60b4ff06f9c31751866f1fb91ca56263af0968354113?s=96&d=mm&r=g\",\"contentUrl\":\"https:\\\/\\\/secure.gravatar.com\\\/avatar\\\/5a89228fd282eb9ee33a60b4ff06f9c31751866f1fb91ca56263af0968354113?s=96&d=mm&r=g\",\"caption\":\"Jim\"},\"sameAs\":[\"https:\\\/\\\/www.creawebsite.be\\\/\",\"https:\\\/\\\/www.facebook.com\\\/Creawebsite-113915200150984\",\"https:\\\/\\\/www.instagram.com\\\/creawebsite.be\\\/\",\"https:\\\/\\\/www.linkedin.com\\\/in\\\/jean-marc-delchef\\\/\"]}]}<\/script>\n<!-- \/ Yoast SEO plugin. -->","yoast_head_json":{"title":"21 september 1968: Overdracht van de gemeenschappelijke zones van Planas del Rey aan de gemeente Pratdip - La Tribune de Planas del Rey, Pratdip","description":"1968-voorstel tot overdracht van wegen, netwerken en gemeentelijke diensten van Planas del Rey aan de gemeente Pratdip.","robots":{"index":"index","follow":"follow","max-snippet":"max-snippet:-1","max-image-preview":"max-image-preview:large","max-video-preview":"max-video-preview:-1"},"canonical":"https:\/\/www.latribunedeplanas.com\/nl\/21-september-1968-cession-des-zones-communes-de-planas-del-rey-a-la-mairie-de-pratdip\/","og_locale":"nl_NL","og_type":"article","og_title":"21 september 1968: Overdracht van de gemeenschappelijke zones van Planas del Rey aan de gemeente Pratdip - La Tribune de Planas del Rey, Pratdip","og_description":"1968-voorstel tot overdracht van wegen, netwerken en gemeentelijke diensten van Planas del Rey aan de gemeente Pratdip.","og_url":"https:\/\/www.latribunedeplanas.com\/nl\/21-september-1968-cession-des-zones-communes-de-planas-del-rey-a-la-mairie-de-pratdip\/","og_site_name":"La Tribune de Planas del Rey, Pratdip","article_publisher":"https:\/\/www.facebook.com\/groups\/1220895301376005\/","article_author":"https:\/\/www.facebook.com\/Creawebsite-113915200150984","article_published_time":"1968-09-21T17:19:57+00:00","article_modified_time":"2025-08-15T11:32:51+00:00","author":"Jim","twitter_card":"summary_large_image","twitter_misc":{"Geschreven door":"Jim","Geschatte leestijd":"3 minuten"},"schema":{"@context":"https:\/\/schema.org","@graph":[{"@type":"Article","@id":"https:\/\/www.latribunedeplanas.com\/nl\/21-september-1968-cession-des-zones-communes-de-planas-del-rey-a-la-mairie-de-pratdip\/#article","isPartOf":{"@id":"https:\/\/www.latribunedeplanas.com\/nl\/21-september-1968-cession-des-zones-communes-de-planas-del-rey-a-la-mairie-de-pratdip\/"},"author":{"name":"Jim","@id":"https:\/\/www.latribunedeplanas.com\/nl\/#\/schema\/person\/590a87318688792f18d8e1c983528bc8"},"headline":"21 september 1968: Overdracht van de gemeenschappelijke zones van Planas del Rey aan de gemeente Pratdip","datePublished":"1968-09-21T17:19:57+00:00","dateModified":"2025-08-15T11:32:51+00:00","mainEntityOfPage":{"@id":"https:\/\/www.latribunedeplanas.com\/nl\/21-september-1968-cession-des-zones-communes-de-planas-del-rey-a-la-mairie-de-pratdip\/"},"wordCount":717,"publisher":{"@id":"https:\/\/www.latribunedeplanas.com\/nl\/#organization"},"articleSection":["Documenten"],"inLanguage":"nl-NL"},{"@type":"WebPage","@id":"https:\/\/www.latribunedeplanas.com\/nl\/21-september-1968-cession-des-zones-communes-de-planas-del-rey-a-la-mairie-de-pratdip\/","url":"https:\/\/www.latribunedeplanas.com\/nl\/21-september-1968-cession-des-zones-communes-de-planas-del-rey-a-la-mairie-de-pratdip\/","name":"21 september 1968: Overdracht van de gemeenschappelijke zones van Planas del Rey aan de gemeente Pratdip - La Tribune de Planas del Rey, Pratdip","isPartOf":{"@id":"https:\/\/www.latribunedeplanas.com\/nl\/#website"},"datePublished":"1968-09-21T17:19:57+00:00","dateModified":"2025-08-15T11:32:51+00:00","description":"1968-voorstel tot overdracht van wegen, netwerken en gemeentelijke diensten van Planas del Rey aan de gemeente Pratdip.","breadcrumb":{"@id":"https:\/\/www.latribunedeplanas.com\/nl\/21-september-1968-cession-des-zones-communes-de-planas-del-rey-a-la-mairie-de-pratdip\/#breadcrumb"},"inLanguage":"nl-NL","potentialAction":[{"@type":"ReadAction","target":["https:\/\/www.latribunedeplanas.com\/nl\/21-september-1968-cession-des-zones-communes-de-planas-del-rey-a-la-mairie-de-pratdip\/"]}]},{"@type":"BreadcrumbList","@id":"https:\/\/www.latribunedeplanas.com\/nl\/21-september-1968-cession-des-zones-communes-de-planas-del-rey-a-la-mairie-de-pratdip\/#breadcrumb","itemListElement":[{"@type":"ListItem","position":1,"name":"Accueil","item":"https:\/\/www.latribunedeplanas.com\/nl\/"},{"@type":"ListItem","position":2,"name":"21 september 1968: Overdracht van de gemeenschappelijke zones van Planas del Rey aan de gemeente Pratdip"}]},{"@type":"WebSite","@id":"https:\/\/www.latribunedeplanas.com\/nl\/#website","url":"https:\/\/www.latribunedeplanas.com\/nl\/","name":"La Tribune de Planas del Rey, Pratdip","description":"Las Planas del Rey \u2013 Urbanisatie van de gemeente Pratdip","publisher":{"@id":"https:\/\/www.latribunedeplanas.com\/nl\/#organization"},"potentialAction":[{"@type":"SearchAction","target":{"@type":"EntryPoint","urlTemplate":"https:\/\/www.latribunedeplanas.com\/nl\/?s={search_term_string}"},"query-input":{"@type":"PropertyValueSpecification","valueRequired":true,"valueName":"search_term_string"}}],"inLanguage":"nl-NL"},{"@type":"Organization","@id":"https:\/\/www.latribunedeplanas.com\/nl\/#organization","name":"Vecinos de Planes del Rei (SOSPlanes)","url":"https:\/\/www.latribunedeplanas.com\/nl\/","logo":{"@type":"ImageObject","inLanguage":"nl-NL","@id":"https:\/\/www.latribunedeplanas.com\/nl\/#\/schema\/logo\/image\/","url":"https:\/\/www.latribunedeplanas.com\/wp-content\/uploads\/2021\/11\/logo-sos-planas-0.png","contentUrl":"https:\/\/www.latribunedeplanas.com\/wp-content\/uploads\/2021\/11\/logo-sos-planas-0.png","width":600,"height":400,"caption":"Vecinos de Planes del Rei (SOSPlanes)"},"image":{"@id":"https:\/\/www.latribunedeplanas.com\/nl\/#\/schema\/logo\/image\/"},"sameAs":["https:\/\/www.facebook.com\/groups\/1220895301376005\/","https:\/\/www.instagram.com\/lasplanasdelrey\/"]},{"@type":"Person","@id":"https:\/\/www.latribunedeplanas.com\/nl\/#\/schema\/person\/590a87318688792f18d8e1c983528bc8","name":"Jim","image":{"@type":"ImageObject","inLanguage":"nl-NL","@id":"https:\/\/secure.gravatar.com\/avatar\/5a89228fd282eb9ee33a60b4ff06f9c31751866f1fb91ca56263af0968354113?s=96&d=mm&r=g","url":"https:\/\/secure.gravatar.com\/avatar\/5a89228fd282eb9ee33a60b4ff06f9c31751866f1fb91ca56263af0968354113?s=96&d=mm&r=g","contentUrl":"https:\/\/secure.gravatar.com\/avatar\/5a89228fd282eb9ee33a60b4ff06f9c31751866f1fb91ca56263af0968354113?s=96&d=mm&r=g","caption":"Jim"},"sameAs":["https:\/\/www.creawebsite.be\/","https:\/\/www.facebook.com\/Creawebsite-113915200150984","https:\/\/www.instagram.com\/creawebsite.be\/","https:\/\/www.linkedin.com\/in\/jean-marc-delchef\/"]}]}},"_links":{"self":[{"href":"https:\/\/www.latribunedeplanas.com\/nl\/wp-json\/wp\/v2\/posts\/27580","targetHints":{"allow":["GET"]}}],"collection":[{"href":"https:\/\/www.latribunedeplanas.com\/nl\/wp-json\/wp\/v2\/posts"}],"about":[{"href":"https:\/\/www.latribunedeplanas.com\/nl\/wp-json\/wp\/v2\/types\/post"}],"author":[{"embeddable":true,"href":"https:\/\/www.latribunedeplanas.com\/nl\/wp-json\/wp\/v2\/users\/1"}],"replies":[{"embeddable":true,"href":"https:\/\/www.latribunedeplanas.com\/nl\/wp-json\/wp\/v2\/comments?post=27580"}],"version-history":[{"count":6,"href":"https:\/\/www.latribunedeplanas.com\/nl\/wp-json\/wp\/v2\/posts\/27580\/revisions"}],"predecessor-version":[{"id":27895,"href":"https:\/\/www.latribunedeplanas.com\/nl\/wp-json\/wp\/v2\/posts\/27580\/revisions\/27895"}],"wp:attachment":[{"href":"https:\/\/www.latribunedeplanas.com\/nl\/wp-json\/wp\/v2\/media?parent=27580"}],"wp:term":[{"taxonomy":"category","embeddable":true,"href":"https:\/\/www.latribunedeplanas.com\/nl\/wp-json\/wp\/v2\/categories?post=27580"},{"taxonomy":"post_tag","embeddable":true,"href":"https:\/\/www.latribunedeplanas.com\/nl\/wp-json\/wp\/v2\/tags?post=27580"}],"curies":[{"name":"wp","href":"https:\/\/api.w.org\/{rel}","templated":true}]}}