{"id":26837,"date":"2021-03-24T21:05:10","date_gmt":"2021-03-24T20:05:10","guid":{"rendered":"https:\/\/www.latribunedeplanas.com\/resume-de-la-reunion-du-19-mars-2021-a-la-mairie-de-pratdip\/"},"modified":"2025-08-04T12:28:22","modified_gmt":"2025-08-04T10:28:22","slug":"vergadering-van-19-maart-2021-in-het-gemeentehuis-van-pratdip","status":"publish","type":"post","link":"https:\/\/www.latribunedeplanas.com\/nl\/vergadering-van-19-maart-2021-in-het-gemeentehuis-van-pratdip\/","title":{"rendered":"Vergadering van 19 maart 2021 in het gemeentehuis van Pratdip"},"content":{"rendered":"<p>[et_pb_section fb_built=&#8221;1&#8243; admin_label=&#8221;Section-Article&#8221; module_class=&#8221;section-article&#8221; _builder_version=&#8221;4.16&#8243; custom_margin=&#8221;0px|0px|0px|0px&#8221; custom_padding=&#8221;0px|0px|0px|0px&#8221; global_colors_info=&#8221;{}&#8221;][et_pb_row use_custom_gutter=&#8221;on&#8221; gutter_width=&#8221;1&#8243; admin_label=&#8221;Ligne-Article&#8221; module_class=&#8221;ligne-article et_pb_row_fullwidth&#8221; _builder_version=&#8221;4.16&#8243; width=&#8221;100%&#8221; width_tablet=&#8221;100%&#8221; width_phone=&#8221;&#8221; width_last_edited=&#8221;on|desktop&#8221; max_width=&#8221;100%&#8221; max_width_tablet=&#8221;100%&#8221; max_width_phone=&#8221;&#8221; max_width_last_edited=&#8221;on|desktop&#8221; custom_margin=&#8221;0px||0px&#8221; custom_padding=&#8221;0px||0px&#8221; make_fullwidth=&#8221;on&#8221; global_colors_info=&#8221;{}&#8221;][et_pb_column type=&#8221;4_4&#8243; _builder_version=&#8221;4.16&#8243; custom_padding=&#8221;|||&#8221; global_colors_info=&#8221;{}&#8221; custom_padding__hover=&#8221;|||&#8221;][et_pb_text admin_label=&#8221;Texte-Article-Vergadering van 19 maart 2021 in het gemeentehuis van Pratdip&#8221; module_class=&#8221;txt-article&#8221; _builder_version=&#8221;4.27.4&#8243; text_font=&#8221;|300|||||||&#8221; header_font=&#8221;||||||||&#8221; header_2_line_height=&#8221;1.1em&#8221; header_3_font=&#8221;||||||||&#8221; header_3_line_height=&#8221;1.3em&#8221; header_4_text_align=&#8221;center&#8221; hover_enabled=&#8221;0&#8243; text_line_height_tablet=&#8221;&#8221; text_line_height_phone=&#8221;1.3em&#8221; text_line_height_last_edited=&#8221;on|desktop&#8221; header_3_font_size_tablet=&#8221;&#8221; header_3_font_size_phone=&#8221;23px&#8221; header_3_font_size_last_edited=&#8221;on|desktop&#8221; global_colors_info=&#8221;{}&#8221; sticky_enabled=&#8221;0&#8243;]<\/p>\n<h2>Een nieuw project voor reparcelaci\u00f3n in voorbereiding<\/h2>\n<p>Deze vergadering vond plaats in aanwezigheid van:<\/p>\n<ul>\n<li>Ana Paix\u00e0 \u2013 Advocaat van de gemeente<\/li>\n<li>Joan M\u00aa Rovira Vernet \u2013 Burgemeester (JxCAT-JUNTS)<\/li>\n<li>Izaskun \u2013 Gemeentesecretaris<\/li>\n<li>Jose Maria Rovira \u2013 Gemeenteraadslid (JxCAT-JUNTS)<\/li>\n<li>Jordi Pagan \u2013 Gemeenteraadslid (JxCAT-JUNTS)<\/li>\n<li>Amadeu Paune \u2013 Gemeenteraadslid (JxCAT-JUNTS)<\/li>\n<li>Toni Marco \u2013 Gemeenteraadslid (JxCAT-JUNTS)<\/li>\n<li>Gl\u00f2ria Moreno \u2013 Gemeenteraadslid (AvP)<\/li>\n<li>Jose Pescador \u2013 Gemeenteraadslid (AvP)<\/li>\n<li>Evelynne Planet \u2013 Voorzitster van AvP<\/li>\n<li>Christian Peuman \u2013 Voormalig voorzitter van de EUCC<\/li>\n<li>Marie-Jo \u2013 Vriendin van dhr. Peuman<\/li>\n<li>Meritxell \u2013 Vertegenwoordigster van Unidos por Planas 2019<\/li>\n<li>Leonardo Meriz \u2013 Vertegenwoordiger van Unidos por Planas 2019<\/li>\n<\/ul>\n<p>Mevrouw Ana Paix\u00e0, advocaat van de gemeente, informeerde de aanwezigen over de wens van het gemeentebestuur om een <span class=\"accentue\">aangepast reparcelaci\u00f3n-project<\/span> opnieuw op te starten, beter afgestemd op de huidige behoeften en realistischer op financieel vlak. Ze gaf ook aan dat de gemeente de renovatiewerken in Planas zo snel mogelijk wil starten.<\/p>\n<p>Tegelijkertijd wordt voorgesteld een <span class=\"accentue\">samenwerkingsentiteit<\/span> op te richten zodat de eigenaars aan het proces kunnen deelnemen. De gemeente nodigt ook uit om vertegenwoordigers aan te wijzen die samen met het bestuur het project zullen herzien en de werkzaamheden opvolgen.<\/p>\n<p><span class=\"accentue\">In afwachting van de uitvoering van het project<\/span> zullen alle eigenaars een stedelijke heffing moeten betalen ter dekking van het onderhoud van de urbanisatie.<\/p>\n<p>Verschillende aanwezigen uitten hun bedenkingen. Toch benadrukte mevr. Paix\u00e0 dat <span class=\"accentue\">het project zal doorgaan, met of zonder de deelname van de eigenaars<\/span>. Ze vroeg om de medewerking van de voormalige voorzitter van de EUCC om de werkelijke onderhoudskosten te ramen en de toekomstige verdeelsleutels vast te stellen.<\/p>\n<hr style=\"margin-bottom: 30px;\" \/>\n<h2>Vragen en bezwaren van de vertegenwoordigers van Avan\u00e7a Pratdip<\/h2>\n<p>Op onze vragen antwoordde mevr. Paix\u00e0:<\/p>\n<ul>\n<li><span class=\"accentue\">De termijn voor de registratie van het project is niet bepaald<\/span>, maar zij stelt dat deze kort zal zijn, ondanks het tegengestelde standpunt van onze raadslid Jose Pescador, die volgens haar niet serieus genomen moet worden.<\/li>\n<li>Er is ook niet gespecificeerd hoelang de eigenaars deze nieuwe belasting moeten betalen, behalve dat dit zal zijn <span class=\"accentue\">&#8220;tot het einde van de werken&#8221;<\/span>.<\/li>\n<\/ul>\n<p>Dhr. Pescador uitte zijn vrees dat deze onduidelijkheid zal leiden tot <span class=\"accentue\">een permanente onderhoudsbijdrage zonder afgebakend einde<\/span>.<\/p>\n<hr style=\"margin-bottom: 30px;\" \/>\n<h2>Standpunt van Leonardo Meriz<\/h2>\n<p>Dhr. Meriz gaf aan dat hij <span class=\"accentue\">elke stedelijke heffing<\/span> in het kader van het reparcelaci\u00f3n-project voor zijn eigendom zal aanvechten.<\/p>\n<p>Streng antwoord van mevr. Paix\u00e0: <span class=\"accentue\">&#8220;Hij zal verliezen, zoals alle andere eigenaars verloren hebben, behalve die van de ontbinding van de EUCC.&#8221;<\/span><\/p>\n<p>Hij stelde voor om eerst het project aan te passen en dan pas te registreren. Mevr. Paix\u00e0 wees dit af en zei dat dit tot een vertraging van twee jaar zou leiden.<\/p>\n<hr style=\"margin-bottom: 30px;\" \/>\n<h2>Gezamenlijke verzoeken: verlichting en groenzones<\/h2>\n<p>AvP en dhr. Meriz kwamen overeen de gemeente te vragen <span class=\"accentue\">onmiddellijk de verantwoordelijkheid op zich te nemen voor de openbare verlichting en de groenzones<\/span>.<\/p>\n<p>Een nieuwe vergadering is gepland binnen 15 dagen.<\/p>\n<hr style=\"margin-bottom: 30px;\" \/>\n<h2>AvP roept op tot een strategische vergadering<\/h2>\n<p>De gemeenteraadsleden van AvP achten het noodzakelijk om <span class=\"accentue\">dringend de volledige groep samen te roepen<\/span> om de strategie voor de komende onderhandelingen met het gemeentebestuur en andere politieke groepen vast te leggen.<\/p>\n<hr style=\"margin-bottom: 30px;\" \/>\n<h2>Juridische analyse: reactie van meester Jordi Barqu\u00edn<\/h2>\n<p>Naar aanleiding van de situatie raadpleegde AvP haar advocaat, meester Jordi Barqu\u00edn. Dit zijn zijn eerste conclusies:<\/p>\n<ul>\n<li>Uit de woorden van mevr. Paix\u00e0 blijkt volgens hem een <span class=\"accentue\">impliciete erkenning van de ontbinding van de EUCC<\/span>: &#8220;excepto el de la eliminaci\u00f3n de la EUCC&#8221;.<\/li>\n<li>Hij herinnert eraan dat de gemeente in 2018 beroep aantekende tegen de tenuitvoerlegging van de uitspraken van 20\/07 en 21\/07\/2016, met het argument dat ze tegenstrijdig zouden zijn.<\/li>\n<li>Echter, de uitspraak van 21 juli 2016 stelt duidelijk dat <span class=\"accentue\">de EUCC op die datum is ontbonden<\/span>.<\/li>\n<li>Tot op heden heeft het hof van beroep van het TSJC hierover nog steeds geen uitspraak gedaan. Die uitspraak wordt sinds februari 2020 verwacht.<\/li>\n<\/ul>\n<p>Tot slot verklaart meester Barqu\u00edn:<\/p>\n<ul>\n<li><span class=\"accentue\">&#8220;Een nieuwe EUCC kan wettelijk niet worden opgericht.&#8221;<\/span><\/li>\n<li>Volgens hem zijn de installaties publiek en <span class=\"accentue\">vallen ze niet langer onder een particuliere onderhoudsstructuur<\/span>, ondanks wat de gemeente voorstelt onder een samenwerkingsmodel.<\/li>\n<li><span class=\"accentue\">&#8220;Een zogenaamde collaboratieve EUCC zou onwettig zijn.&#8221;<\/span><\/li>\n<\/ul>\n<p>Wij achten het van essentieel belang dit juridische standpunt te delen, dat <span class=\"accentue\">duidelijk elke mogelijkheid uitsluit om de EUCC opnieuw op te richten<\/span> in welke vorm dan ook.<\/p>\n<p>Voor de <span class=\"accentue\">Asociaci\u00f3n de Vecinos Les Planes del Rei (SOS Planas)<\/span><br \/>\n<span class=\"accentue\">G\u00e9rard Marais<\/span><\/p>\n<hr style=\"margin-bottom: 30px;\" \/>\n<blockquote>\n<h2>Terminologische toelichting<\/h2>\n<p>Er bestaat geen exacte Nederlandse vertaling voor de Spaanse juridische term <em>\u00abreparcelaci\u00f3n\u00bb<\/em>. Men zou in de verleiding kunnen komen om het te vertalen als herontwikkeling, maar dat zou onjuist zijn.<\/p>\n<p>In werkelijkheid verwijst <em>reparcelaci\u00f3n<\/em> naar een specifieke juridische en administratieve procedure binnen het Spaanse stedenbouwrecht:<br \/>\n<span class=\"accentue\">het gaat om een herverdeling van percelen<\/span> om ze aan te passen aan een nieuw stedenbouwkundig plan.<\/p>\n<p>Deze operatie zorgt ervoor dat kosten en baten van de stadsontwikkeling (wegen, publieke voorzieningen, verplichte afstanden, enz.) billijk worden verdeeld onder de eigenaars.<\/p>\n<p>De meest getrouwe Nederlandse vertaling zou zijn:<br \/>\n<span class=\"accentue\">&#8220;herverkaveling in stedelijk gebied&#8221;<\/span> of <span class=\"accentue\">&#8220;stedenbouwkundige herverkaveling&#8221;<\/span>.<\/p>\n<\/blockquote>\n<p>[\/et_pb_text][\/et_pb_column][\/et_pb_row][\/et_pb_section]<\/p>\n","protected":false},"excerpt":{"rendered":"<p>Een nieuw project voor reparcelaci\u00f3n in voorbereiding Deze vergadering vond plaats in aanwezigheid van: Ana Paix\u00e0 \u2013 Advocaat van de gemeente Joan M\u00aa Rovira Vernet \u2013 Burgemeester (JxCAT-JUNTS) Izaskun \u2013 Gemeentesecretaris Jose Maria Rovira \u2013 Gemeenteraadslid (JxCAT-JUNTS) Jordi Pagan \u2013 Gemeenteraadslid (JxCAT-JUNTS) Amadeu Paune \u2013 Gemeenteraadslid (JxCAT-JUNTS) Toni Marco \u2013 Gemeenteraadslid (JxCAT-JUNTS) Gl\u00f2ria Moreno \u2013 [&hellip;]<\/p>\n","protected":false},"author":1,"featured_media":26838,"comment_status":"closed","ping_status":"closed","sticky":false,"template":"","format":"standard","meta":{"_et_pb_use_builder":"on","_et_pb_old_content":"","_et_gb_content_width":"","footnotes":""},"categories":[212],"tags":[],"class_list":["post-26837","post","type-post","status-publish","format-standard","has-post-thumbnail","hentry","category-artikelen-van-2021-en-2022"],"yoast_head":"<!-- This site is optimized with the Yoast SEO plugin v27.5 - https:\/\/yoast.com\/product\/yoast-seo-wordpress\/ -->\n<title>Vergadering van 19 maart 2021 in het gemeentehuis van Pratdip - La Tribune de Planas del Rey, Pratdip<\/title>\n<meta name=\"description\" content=\"Vergadering van 19 maart 2021 in Pratdip over de reparcelaci\u00f3n, de EUCC en het juridisch advies van meester Jordi Barqu\u00edn en Ana Paix\u00e0.\" \/>\n<meta name=\"robots\" content=\"index, follow, max-snippet:-1, max-image-preview:large, max-video-preview:-1\" \/>\n<link rel=\"canonical\" href=\"https:\/\/www.latribunedeplanas.com\/nl\/vergadering-van-19-maart-2021-in-het-gemeentehuis-van-pratdip\/\" \/>\n<meta property=\"og:locale\" content=\"nl_NL\" \/>\n<meta property=\"og:type\" content=\"article\" \/>\n<meta property=\"og:title\" content=\"Vergadering van 19 maart 2021 in het gemeentehuis van Pratdip - La Tribune de Planas del Rey, Pratdip\" \/>\n<meta property=\"og:description\" content=\"Vergadering van 19 maart 2021 in Pratdip over de reparcelaci\u00f3n, de EUCC en het juridisch advies van meester Jordi Barqu\u00edn en Ana Paix\u00e0.\" \/>\n<meta property=\"og:url\" content=\"https:\/\/www.latribunedeplanas.com\/nl\/vergadering-van-19-maart-2021-in-het-gemeentehuis-van-pratdip\/\" \/>\n<meta property=\"og:site_name\" content=\"La Tribune de Planas del Rey, Pratdip\" \/>\n<meta property=\"article:publisher\" content=\"https:\/\/www.facebook.com\/groups\/1220895301376005\/\" \/>\n<meta property=\"article:author\" content=\"https:\/\/www.facebook.com\/Creawebsite-113915200150984\" \/>\n<meta property=\"article:published_time\" content=\"2021-03-24T20:05:10+00:00\" \/>\n<meta property=\"article:modified_time\" content=\"2025-08-04T10:28:22+00:00\" \/>\n<meta property=\"og:image\" content=\"https:\/\/www.latribunedeplanas.com\/wp-content\/uploads\/2021\/03\/reunion-19-mars.jpg\" \/>\n\t<meta property=\"og:image:width\" content=\"540\" \/>\n\t<meta property=\"og:image:height\" content=\"350\" \/>\n\t<meta property=\"og:image:type\" content=\"image\/jpeg\" \/>\n<meta name=\"author\" content=\"Jim\" \/>\n<meta name=\"twitter:card\" content=\"summary_large_image\" \/>\n<meta name=\"twitter:label1\" content=\"Geschreven door\" \/>\n\t<meta name=\"twitter:data1\" content=\"Jim\" \/>\n\t<meta name=\"twitter:label2\" content=\"Geschatte leestijd\" \/>\n\t<meta name=\"twitter:data2\" content=\"4 minuten\" \/>\n<script type=\"application\/ld+json\" class=\"yoast-schema-graph\">{\"@context\":\"https:\\\/\\\/schema.org\",\"@graph\":[{\"@type\":\"Article\",\"@id\":\"https:\\\/\\\/www.latribunedeplanas.com\\\/nl\\\/vergadering-van-19-maart-2021-in-het-gemeentehuis-van-pratdip\\\/#article\",\"isPartOf\":{\"@id\":\"https:\\\/\\\/www.latribunedeplanas.com\\\/nl\\\/vergadering-van-19-maart-2021-in-het-gemeentehuis-van-pratdip\\\/\"},\"author\":{\"name\":\"Jim\",\"@id\":\"https:\\\/\\\/www.latribunedeplanas.com\\\/nl\\\/#\\\/schema\\\/person\\\/590a87318688792f18d8e1c983528bc8\"},\"headline\":\"Vergadering van 19 maart 2021 in het gemeentehuis van Pratdip\",\"datePublished\":\"2021-03-24T20:05:10+00:00\",\"dateModified\":\"2025-08-04T10:28:22+00:00\",\"mainEntityOfPage\":{\"@id\":\"https:\\\/\\\/www.latribunedeplanas.com\\\/nl\\\/vergadering-van-19-maart-2021-in-het-gemeentehuis-van-pratdip\\\/\"},\"wordCount\":996,\"publisher\":{\"@id\":\"https:\\\/\\\/www.latribunedeplanas.com\\\/nl\\\/#organization\"},\"image\":{\"@id\":\"https:\\\/\\\/www.latribunedeplanas.com\\\/nl\\\/vergadering-van-19-maart-2021-in-het-gemeentehuis-van-pratdip\\\/#primaryimage\"},\"thumbnailUrl\":\"https:\\\/\\\/www.latribunedeplanas.com\\\/wp-content\\\/uploads\\\/2021\\\/03\\\/reunion-19-mars.jpg\",\"articleSection\":[\"Artikelen van 2021 en 2022\"],\"inLanguage\":\"nl-NL\"},{\"@type\":\"WebPage\",\"@id\":\"https:\\\/\\\/www.latribunedeplanas.com\\\/nl\\\/vergadering-van-19-maart-2021-in-het-gemeentehuis-van-pratdip\\\/\",\"url\":\"https:\\\/\\\/www.latribunedeplanas.com\\\/nl\\\/vergadering-van-19-maart-2021-in-het-gemeentehuis-van-pratdip\\\/\",\"name\":\"Vergadering van 19 maart 2021 in het gemeentehuis van Pratdip - La Tribune de Planas del Rey, Pratdip\",\"isPartOf\":{\"@id\":\"https:\\\/\\\/www.latribunedeplanas.com\\\/nl\\\/#website\"},\"primaryImageOfPage\":{\"@id\":\"https:\\\/\\\/www.latribunedeplanas.com\\\/nl\\\/vergadering-van-19-maart-2021-in-het-gemeentehuis-van-pratdip\\\/#primaryimage\"},\"image\":{\"@id\":\"https:\\\/\\\/www.latribunedeplanas.com\\\/nl\\\/vergadering-van-19-maart-2021-in-het-gemeentehuis-van-pratdip\\\/#primaryimage\"},\"thumbnailUrl\":\"https:\\\/\\\/www.latribunedeplanas.com\\\/wp-content\\\/uploads\\\/2021\\\/03\\\/reunion-19-mars.jpg\",\"datePublished\":\"2021-03-24T20:05:10+00:00\",\"dateModified\":\"2025-08-04T10:28:22+00:00\",\"description\":\"Vergadering van 19 maart 2021 in Pratdip over de reparcelaci\u00f3n, de EUCC en het juridisch advies van meester Jordi Barqu\u00edn en Ana Paix\u00e0.\",\"breadcrumb\":{\"@id\":\"https:\\\/\\\/www.latribunedeplanas.com\\\/nl\\\/vergadering-van-19-maart-2021-in-het-gemeentehuis-van-pratdip\\\/#breadcrumb\"},\"inLanguage\":\"nl-NL\",\"potentialAction\":[{\"@type\":\"ReadAction\",\"target\":[\"https:\\\/\\\/www.latribunedeplanas.com\\\/nl\\\/vergadering-van-19-maart-2021-in-het-gemeentehuis-van-pratdip\\\/\"]}]},{\"@type\":\"ImageObject\",\"inLanguage\":\"nl-NL\",\"@id\":\"https:\\\/\\\/www.latribunedeplanas.com\\\/nl\\\/vergadering-van-19-maart-2021-in-het-gemeentehuis-van-pratdip\\\/#primaryimage\",\"url\":\"https:\\\/\\\/www.latribunedeplanas.com\\\/wp-content\\\/uploads\\\/2021\\\/03\\\/reunion-19-mars.jpg\",\"contentUrl\":\"https:\\\/\\\/www.latribunedeplanas.com\\\/wp-content\\\/uploads\\\/2021\\\/03\\\/reunion-19-mars.jpg\",\"width\":540,\"height\":350},{\"@type\":\"BreadcrumbList\",\"@id\":\"https:\\\/\\\/www.latribunedeplanas.com\\\/nl\\\/vergadering-van-19-maart-2021-in-het-gemeentehuis-van-pratdip\\\/#breadcrumb\",\"itemListElement\":[{\"@type\":\"ListItem\",\"position\":1,\"name\":\"Accueil\",\"item\":\"https:\\\/\\\/www.latribunedeplanas.com\\\/nl\\\/\"},{\"@type\":\"ListItem\",\"position\":2,\"name\":\"Vergadering van 19 maart 2021 in het gemeentehuis van Pratdip\"}]},{\"@type\":\"WebSite\",\"@id\":\"https:\\\/\\\/www.latribunedeplanas.com\\\/nl\\\/#website\",\"url\":\"https:\\\/\\\/www.latribunedeplanas.com\\\/nl\\\/\",\"name\":\"La Tribune de Planas del Rey, Pratdip\",\"description\":\"Las Planas del Rey \u2013 Urbanisatie van de gemeente Pratdip\",\"publisher\":{\"@id\":\"https:\\\/\\\/www.latribunedeplanas.com\\\/nl\\\/#organization\"},\"potentialAction\":[{\"@type\":\"SearchAction\",\"target\":{\"@type\":\"EntryPoint\",\"urlTemplate\":\"https:\\\/\\\/www.latribunedeplanas.com\\\/nl\\\/?s={search_term_string}\"},\"query-input\":{\"@type\":\"PropertyValueSpecification\",\"valueRequired\":true,\"valueName\":\"search_term_string\"}}],\"inLanguage\":\"nl-NL\"},{\"@type\":\"Organization\",\"@id\":\"https:\\\/\\\/www.latribunedeplanas.com\\\/nl\\\/#organization\",\"name\":\"Vecinos de Planes del Rei (SOSPlanes)\",\"url\":\"https:\\\/\\\/www.latribunedeplanas.com\\\/nl\\\/\",\"logo\":{\"@type\":\"ImageObject\",\"inLanguage\":\"nl-NL\",\"@id\":\"https:\\\/\\\/www.latribunedeplanas.com\\\/nl\\\/#\\\/schema\\\/logo\\\/image\\\/\",\"url\":\"https:\\\/\\\/www.latribunedeplanas.com\\\/wp-content\\\/uploads\\\/2021\\\/11\\\/logo-sos-planas-0.png\",\"contentUrl\":\"https:\\\/\\\/www.latribunedeplanas.com\\\/wp-content\\\/uploads\\\/2021\\\/11\\\/logo-sos-planas-0.png\",\"width\":600,\"height\":400,\"caption\":\"Vecinos de Planes del Rei (SOSPlanes)\"},\"image\":{\"@id\":\"https:\\\/\\\/www.latribunedeplanas.com\\\/nl\\\/#\\\/schema\\\/logo\\\/image\\\/\"},\"sameAs\":[\"https:\\\/\\\/www.facebook.com\\\/groups\\\/1220895301376005\\\/\",\"https:\\\/\\\/www.instagram.com\\\/lasplanasdelrey\\\/\"]},{\"@type\":\"Person\",\"@id\":\"https:\\\/\\\/www.latribunedeplanas.com\\\/nl\\\/#\\\/schema\\\/person\\\/590a87318688792f18d8e1c983528bc8\",\"name\":\"Jim\",\"image\":{\"@type\":\"ImageObject\",\"inLanguage\":\"nl-NL\",\"@id\":\"https:\\\/\\\/secure.gravatar.com\\\/avatar\\\/5a89228fd282eb9ee33a60b4ff06f9c31751866f1fb91ca56263af0968354113?s=96&d=mm&r=g\",\"url\":\"https:\\\/\\\/secure.gravatar.com\\\/avatar\\\/5a89228fd282eb9ee33a60b4ff06f9c31751866f1fb91ca56263af0968354113?s=96&d=mm&r=g\",\"contentUrl\":\"https:\\\/\\\/secure.gravatar.com\\\/avatar\\\/5a89228fd282eb9ee33a60b4ff06f9c31751866f1fb91ca56263af0968354113?s=96&d=mm&r=g\",\"caption\":\"Jim\"},\"sameAs\":[\"https:\\\/\\\/www.creawebsite.be\\\/\",\"https:\\\/\\\/www.facebook.com\\\/Creawebsite-113915200150984\",\"https:\\\/\\\/www.instagram.com\\\/creawebsite.be\\\/\",\"https:\\\/\\\/www.linkedin.com\\\/in\\\/jean-marc-delchef\\\/\"]}]}<\/script>\n<!-- \/ Yoast SEO plugin. -->","yoast_head_json":{"title":"Vergadering van 19 maart 2021 in het gemeentehuis van Pratdip - La Tribune de Planas del Rey, Pratdip","description":"Vergadering van 19 maart 2021 in Pratdip over de reparcelaci\u00f3n, de EUCC en het juridisch advies van meester Jordi Barqu\u00edn en Ana Paix\u00e0.","robots":{"index":"index","follow":"follow","max-snippet":"max-snippet:-1","max-image-preview":"max-image-preview:large","max-video-preview":"max-video-preview:-1"},"canonical":"https:\/\/www.latribunedeplanas.com\/nl\/vergadering-van-19-maart-2021-in-het-gemeentehuis-van-pratdip\/","og_locale":"nl_NL","og_type":"article","og_title":"Vergadering van 19 maart 2021 in het gemeentehuis van Pratdip - La Tribune de Planas del Rey, Pratdip","og_description":"Vergadering van 19 maart 2021 in Pratdip over de reparcelaci\u00f3n, de EUCC en het juridisch advies van meester Jordi Barqu\u00edn en Ana Paix\u00e0.","og_url":"https:\/\/www.latribunedeplanas.com\/nl\/vergadering-van-19-maart-2021-in-het-gemeentehuis-van-pratdip\/","og_site_name":"La Tribune de Planas del Rey, Pratdip","article_publisher":"https:\/\/www.facebook.com\/groups\/1220895301376005\/","article_author":"https:\/\/www.facebook.com\/Creawebsite-113915200150984","article_published_time":"2021-03-24T20:05:10+00:00","article_modified_time":"2025-08-04T10:28:22+00:00","og_image":[{"width":540,"height":350,"url":"https:\/\/www.latribunedeplanas.com\/wp-content\/uploads\/2021\/03\/reunion-19-mars.jpg","type":"image\/jpeg"}],"author":"Jim","twitter_card":"summary_large_image","twitter_misc":{"Geschreven door":"Jim","Geschatte leestijd":"4 minuten"},"schema":{"@context":"https:\/\/schema.org","@graph":[{"@type":"Article","@id":"https:\/\/www.latribunedeplanas.com\/nl\/vergadering-van-19-maart-2021-in-het-gemeentehuis-van-pratdip\/#article","isPartOf":{"@id":"https:\/\/www.latribunedeplanas.com\/nl\/vergadering-van-19-maart-2021-in-het-gemeentehuis-van-pratdip\/"},"author":{"name":"Jim","@id":"https:\/\/www.latribunedeplanas.com\/nl\/#\/schema\/person\/590a87318688792f18d8e1c983528bc8"},"headline":"Vergadering van 19 maart 2021 in het gemeentehuis van Pratdip","datePublished":"2021-03-24T20:05:10+00:00","dateModified":"2025-08-04T10:28:22+00:00","mainEntityOfPage":{"@id":"https:\/\/www.latribunedeplanas.com\/nl\/vergadering-van-19-maart-2021-in-het-gemeentehuis-van-pratdip\/"},"wordCount":996,"publisher":{"@id":"https:\/\/www.latribunedeplanas.com\/nl\/#organization"},"image":{"@id":"https:\/\/www.latribunedeplanas.com\/nl\/vergadering-van-19-maart-2021-in-het-gemeentehuis-van-pratdip\/#primaryimage"},"thumbnailUrl":"https:\/\/www.latribunedeplanas.com\/wp-content\/uploads\/2021\/03\/reunion-19-mars.jpg","articleSection":["Artikelen van 2021 en 2022"],"inLanguage":"nl-NL"},{"@type":"WebPage","@id":"https:\/\/www.latribunedeplanas.com\/nl\/vergadering-van-19-maart-2021-in-het-gemeentehuis-van-pratdip\/","url":"https:\/\/www.latribunedeplanas.com\/nl\/vergadering-van-19-maart-2021-in-het-gemeentehuis-van-pratdip\/","name":"Vergadering van 19 maart 2021 in het gemeentehuis van Pratdip - La Tribune de Planas del Rey, Pratdip","isPartOf":{"@id":"https:\/\/www.latribunedeplanas.com\/nl\/#website"},"primaryImageOfPage":{"@id":"https:\/\/www.latribunedeplanas.com\/nl\/vergadering-van-19-maart-2021-in-het-gemeentehuis-van-pratdip\/#primaryimage"},"image":{"@id":"https:\/\/www.latribunedeplanas.com\/nl\/vergadering-van-19-maart-2021-in-het-gemeentehuis-van-pratdip\/#primaryimage"},"thumbnailUrl":"https:\/\/www.latribunedeplanas.com\/wp-content\/uploads\/2021\/03\/reunion-19-mars.jpg","datePublished":"2021-03-24T20:05:10+00:00","dateModified":"2025-08-04T10:28:22+00:00","description":"Vergadering van 19 maart 2021 in Pratdip over de reparcelaci\u00f3n, de EUCC en het juridisch advies van meester Jordi Barqu\u00edn en Ana Paix\u00e0.","breadcrumb":{"@id":"https:\/\/www.latribunedeplanas.com\/nl\/vergadering-van-19-maart-2021-in-het-gemeentehuis-van-pratdip\/#breadcrumb"},"inLanguage":"nl-NL","potentialAction":[{"@type":"ReadAction","target":["https:\/\/www.latribunedeplanas.com\/nl\/vergadering-van-19-maart-2021-in-het-gemeentehuis-van-pratdip\/"]}]},{"@type":"ImageObject","inLanguage":"nl-NL","@id":"https:\/\/www.latribunedeplanas.com\/nl\/vergadering-van-19-maart-2021-in-het-gemeentehuis-van-pratdip\/#primaryimage","url":"https:\/\/www.latribunedeplanas.com\/wp-content\/uploads\/2021\/03\/reunion-19-mars.jpg","contentUrl":"https:\/\/www.latribunedeplanas.com\/wp-content\/uploads\/2021\/03\/reunion-19-mars.jpg","width":540,"height":350},{"@type":"BreadcrumbList","@id":"https:\/\/www.latribunedeplanas.com\/nl\/vergadering-van-19-maart-2021-in-het-gemeentehuis-van-pratdip\/#breadcrumb","itemListElement":[{"@type":"ListItem","position":1,"name":"Accueil","item":"https:\/\/www.latribunedeplanas.com\/nl\/"},{"@type":"ListItem","position":2,"name":"Vergadering van 19 maart 2021 in het gemeentehuis van Pratdip"}]},{"@type":"WebSite","@id":"https:\/\/www.latribunedeplanas.com\/nl\/#website","url":"https:\/\/www.latribunedeplanas.com\/nl\/","name":"La Tribune de Planas del Rey, Pratdip","description":"Las Planas del Rey \u2013 Urbanisatie van de gemeente Pratdip","publisher":{"@id":"https:\/\/www.latribunedeplanas.com\/nl\/#organization"},"potentialAction":[{"@type":"SearchAction","target":{"@type":"EntryPoint","urlTemplate":"https:\/\/www.latribunedeplanas.com\/nl\/?s={search_term_string}"},"query-input":{"@type":"PropertyValueSpecification","valueRequired":true,"valueName":"search_term_string"}}],"inLanguage":"nl-NL"},{"@type":"Organization","@id":"https:\/\/www.latribunedeplanas.com\/nl\/#organization","name":"Vecinos de Planes del Rei (SOSPlanes)","url":"https:\/\/www.latribunedeplanas.com\/nl\/","logo":{"@type":"ImageObject","inLanguage":"nl-NL","@id":"https:\/\/www.latribunedeplanas.com\/nl\/#\/schema\/logo\/image\/","url":"https:\/\/www.latribunedeplanas.com\/wp-content\/uploads\/2021\/11\/logo-sos-planas-0.png","contentUrl":"https:\/\/www.latribunedeplanas.com\/wp-content\/uploads\/2021\/11\/logo-sos-planas-0.png","width":600,"height":400,"caption":"Vecinos de Planes del Rei (SOSPlanes)"},"image":{"@id":"https:\/\/www.latribunedeplanas.com\/nl\/#\/schema\/logo\/image\/"},"sameAs":["https:\/\/www.facebook.com\/groups\/1220895301376005\/","https:\/\/www.instagram.com\/lasplanasdelrey\/"]},{"@type":"Person","@id":"https:\/\/www.latribunedeplanas.com\/nl\/#\/schema\/person\/590a87318688792f18d8e1c983528bc8","name":"Jim","image":{"@type":"ImageObject","inLanguage":"nl-NL","@id":"https:\/\/secure.gravatar.com\/avatar\/5a89228fd282eb9ee33a60b4ff06f9c31751866f1fb91ca56263af0968354113?s=96&d=mm&r=g","url":"https:\/\/secure.gravatar.com\/avatar\/5a89228fd282eb9ee33a60b4ff06f9c31751866f1fb91ca56263af0968354113?s=96&d=mm&r=g","contentUrl":"https:\/\/secure.gravatar.com\/avatar\/5a89228fd282eb9ee33a60b4ff06f9c31751866f1fb91ca56263af0968354113?s=96&d=mm&r=g","caption":"Jim"},"sameAs":["https:\/\/www.creawebsite.be\/","https:\/\/www.facebook.com\/Creawebsite-113915200150984","https:\/\/www.instagram.com\/creawebsite.be\/","https:\/\/www.linkedin.com\/in\/jean-marc-delchef\/"]}]}},"_links":{"self":[{"href":"https:\/\/www.latribunedeplanas.com\/nl\/wp-json\/wp\/v2\/posts\/26837","targetHints":{"allow":["GET"]}}],"collection":[{"href":"https:\/\/www.latribunedeplanas.com\/nl\/wp-json\/wp\/v2\/posts"}],"about":[{"href":"https:\/\/www.latribunedeplanas.com\/nl\/wp-json\/wp\/v2\/types\/post"}],"author":[{"embeddable":true,"href":"https:\/\/www.latribunedeplanas.com\/nl\/wp-json\/wp\/v2\/users\/1"}],"replies":[{"embeddable":true,"href":"https:\/\/www.latribunedeplanas.com\/nl\/wp-json\/wp\/v2\/comments?post=26837"}],"version-history":[{"count":2,"href":"https:\/\/www.latribunedeplanas.com\/nl\/wp-json\/wp\/v2\/posts\/26837\/revisions"}],"predecessor-version":[{"id":26841,"href":"https:\/\/www.latribunedeplanas.com\/nl\/wp-json\/wp\/v2\/posts\/26837\/revisions\/26841"}],"wp:featuredmedia":[{"embeddable":true,"href":"https:\/\/www.latribunedeplanas.com\/nl\/wp-json\/wp\/v2\/media\/26838"}],"wp:attachment":[{"href":"https:\/\/www.latribunedeplanas.com\/nl\/wp-json\/wp\/v2\/media?parent=26837"}],"wp:term":[{"taxonomy":"category","embeddable":true,"href":"https:\/\/www.latribunedeplanas.com\/nl\/wp-json\/wp\/v2\/categories?post=26837"},{"taxonomy":"post_tag","embeddable":true,"href":"https:\/\/www.latribunedeplanas.com\/nl\/wp-json\/wp\/v2\/tags?post=26837"}],"curies":[{"name":"wp","href":"https:\/\/api.w.org\/{rel}","templated":true}]}}