{"id":24626,"date":"2010-12-28T23:23:04","date_gmt":"2010-12-28T22:23:04","guid":{"rendered":"https:\/\/www.latribunedeplanas.com\/contrat-entre-le-baix-camp-la-mairie-de-pratdip-et-la-societe-comaigua\/"},"modified":"2025-07-09T15:02:05","modified_gmt":"2025-07-09T13:02:05","slug":"contrat-entre-le-baix-camp-la-mairie-de-pratdip-et-la-societe-comaigua","status":"publish","type":"post","link":"https:\/\/www.latribunedeplanas.com\/nl\/contrat-entre-le-baix-camp-la-mairie-de-pratdip-et-la-societe-comaigua\/","title":{"rendered":"Planas del Rey: een overeenkomst die veel zegt"},"content":{"rendered":"<p>[et_pb_section fb_built=&#8221;1&#8243; admin_label=&#8221;Section-Article&#8221; module_class=&#8221;section-article&#8221; _builder_version=&#8221;4.16&#8243; custom_margin=&#8221;0px|0px|0px|0px&#8221; custom_padding=&#8221;0px|0px|0px|0px&#8221; global_colors_info=&#8221;{}&#8221;][et_pb_row use_custom_gutter=&#8221;on&#8221; gutter_width=&#8221;1&#8243; admin_label=&#8221;Ligne-Article&#8221; module_class=&#8221;ligne-article et_pb_row_fullwidth&#8221; _builder_version=&#8221;4.16&#8243; width=&#8221;100%&#8221; width_tablet=&#8221;100%&#8221; width_phone=&#8221;&#8221; width_last_edited=&#8221;on|desktop&#8221; max_width=&#8221;100%&#8221; max_width_tablet=&#8221;100%&#8221; max_width_phone=&#8221;&#8221; max_width_last_edited=&#8221;on|desktop&#8221; custom_margin=&#8221;0px||0px&#8221; custom_padding=&#8221;0px||0px&#8221; make_fullwidth=&#8221;on&#8221; global_colors_info=&#8221;{}&#8221;][et_pb_column type=&#8221;4_4&#8243; _builder_version=&#8221;4.16&#8243; custom_padding=&#8221;|||&#8221; global_colors_info=&#8221;{}&#8221; custom_padding__hover=&#8221;|||&#8221;][et_pb_text admin_label=&#8221;Texte-Article-Planas del Rey: een overeenkomst die veel zegt&#8221; module_class=&#8221;txt-article&#8221; _builder_version=&#8221;4.27.4&#8243; text_font=&#8221;|300|||||||&#8221; header_font=&#8221;||||||||&#8221; header_2_font=&#8221;|600|||||||&#8221; header_2_font_size=&#8221;24px&#8221; header_2_line_height=&#8221;1.3em&#8221; header_3_font=&#8221;||||||||&#8221; header_3_font_size=&#8221;24px&#8221; header_3_line_height=&#8221;1.3em&#8221; header_4_font=&#8221;||||||||&#8221; header_4_text_align=&#8221;center&#8221; header_4_text_color=&#8221;#840303&#8243; header_4_font_size=&#8221;20px&#8221; header_5_font=&#8221;|600|||||||&#8221; header_5_text_color=&#8221;#840303&#8243; header_5_font_size=&#8221;20px&#8221; header_5_line_height=&#8221;1.7em&#8221; text_line_height_tablet=&#8221;&#8221; text_line_height_phone=&#8221;1.3em&#8221; text_line_height_last_edited=&#8221;on|desktop&#8221; header_2_font_size_tablet=&#8221;&#8221; header_2_font_size_phone=&#8221;23px&#8221; header_2_font_size_last_edited=&#8221;on|phone&#8221; header_2_line_height_phone=&#8221;1.3em&#8221; header_2_line_height_last_edited=&#8221;off|tablet&#8221; header_3_font_size_tablet=&#8221;&#8221; header_3_font_size_phone=&#8221;23px&#8221; header_3_font_size_last_edited=&#8221;on|phone&#8221; header_4_font_size_tablet=&#8221;&#8221; header_4_font_size_phone=&#8221;15px&#8221; header_4_font_size_last_edited=&#8221;on|phone&#8221; header_5_line_height_tablet=&#8221;&#8221; header_5_line_height_phone=&#8221;1.3em&#8221; header_5_line_height_last_edited=&#8221;on|phone&#8221; global_colors_info=&#8221;{}&#8221;]<\/p>\n<h2>1. Een offici\u00eble openbare overeenkomst (28 december 2010)<\/h2>\n<p>Op 28 december 2010 ondertekenden de Consell Comarcal del Baix Camp, de gemeente Pratdip en het waterdistributiebedrijf (Secomsa Aig\u00fces, later <span class=\"accentue\">Comaigua<\/span> genoemd) een <span class=\"accentue\">formele overeenkomst<\/span>. Deze overeenkomst volgde op een gerechtelijke veroordeling waarbij de gemeente werd verplicht om <span class=\"accentue\">het beheer en de facturatie van water en huisvuil in Planas del Rey op zich te nemen<\/span>.<\/p>\n<p>Deze overeenkomst formaliseerde onder andere:<\/p>\n<ul>\n<li>De delegatie van de <span class=\"accentue\">drinkwatervoorziening<\/span> aan Secomsa Aig\u00fces via de Consell Comarcal.<\/li>\n<li>Volledig beheer: meteropname, facturatie, analyses, ophaling, betalingen, enz.<\/li>\n<li>Financiering verzekerd door de gemeente, \u20ac35.518 + btw\/jaar.<\/li>\n<li>Een initi\u00eble looptijd van \u00e9\u00e9n jaar, stilzwijgend verlengbaar.<\/li>\n<\/ul>\n<hr style=\"margin-bottom:30px;\"\/>\n<h2>2. Een overeenkomst met juridische waarde: &#8220;de dolk in de rug&#8221;<\/h2>\n<p>Het artikel van La Tribune de Planas verwees er expliciet naar onder de titel <a href=\"https:\/\/www.latribunedeplanas.com\/nl\/nieuwe-overeenkomst-over-waterbeheer-ondertekend-tussen-het-stadhuis-en-de-voorzitter-van-het-eucc\/\">Nieuwe Overeenkomst\u2026 \u2013 \u201cDe dolk in de rug\u201d<\/a>, en benadrukte het institutionele karakter van de akte, die werd ondertekend ondanks gemeentelijke weerstand en na een gerechtelijke veroordeling.<\/p>\n<p><span class=\"accentue\">Dit document is een officieel publiek stuk<\/span>, dat rechtstreeks ingaat tegen het huidige offici\u00eble standpunt van de gemeente, die beweert dat de urbanisatie &#8220;nooit werd overgedragen&#8221;.<\/p>\n<hr style=\"margin-bottom:30px;\"\/>\n<h2>3. Secomsa wordt Comaigua: juridische continu\u00efteit<\/h2>\n<p>In mei 2014 wijzigde Secomsa Aig\u00fces zijn handelsnaam in <span class=\"accentue\">Comaigua<\/span>, zonder de juridische aard van de oorspronkelijke delegatie te wijzigen. Dit bedrijf, nog steeds verbonden aan de Consell Comarcal, is vandaag verantwoordelijk voor de watervoorziening in Planas del Rey.<\/p>\n<hr style=\"margin-bottom:30px;\"\/>\n<h2>4. Wat dit document aantoont<\/h2>\n<ol>\n<li><span class=\"accentue\">Expliciete erkenning<\/span> door de gemeente van haar verantwoordelijkheden inzake openbare dienstverlening.<\/li>\n<li><span class=\"accentue\">Invoering van een formeel beheerssysteem<\/span>, ge\u00efntegreerd in het institutionele kader (via contract, financiering, controle, enz.).<\/li>\n<li><span class=\"accentue\">Overduidelijke tegenstrijdigheid<\/span> met het huidige gemeentelijke discours, dat beweert dat de urbanisatie buiten haar bevoegdheid valt.<\/li>\n<\/ol>\n<hr style=\"margin-bottom:30px;\"\/>\n<h2>5. Waarom dit vandaag cruciaal is<\/h2>\n<ul>\n<li>De bewoners lijden nog steeds onder <span class=\"accentue\">terugkerende wateronderbrekingen<\/span>.<\/li>\n<li>De gemeente beroept zich regelmatig op het <span class=\"accentue\">argument van &#8220;niet-overdracht&#8221;<\/span> om haar inactiviteit te rechtvaardigen.<\/li>\n<li>Deze overeenkomst uit 2010, versterkt door eerdere rechterlijke erkenning, toont aan dat de gemeente handelde als een <span class=\"accentue\">legitieme publieke autoriteit in Planas<\/span> \u2014 en dit ruim v\u00f3\u00f3r een formele overdracht.<\/li>\n<\/ul>\n<hr style=\"margin-bottom:30px;\"\/>\n<h2>Conclusie<\/h2>\n<p>Het artikel uit 2010 bevestigt dat de gemeente Pratdip nooit \u201cvreemd\u201d is geweest aan het waterbeheer van Planas del Rey. Deze overeenkomst, gerechtelijk opgelegd en administratief strikt toegepast, versterkt de positie van de bewoners: Pratdip kan zich wettelijk niet langer onttrekken aan haar verplichtingen met een beroep op vermeende territoriale onbevoegdheid.<\/p>\n<p class=\"accentue\">Association de Vecinos Les Planes del Rei (SOS Planas)<\/p>\n<hr style=\"margin-bottom:30px;\"\/>\n<h3 class=\"underline\">Oorspronkelijk document<\/h3>\n<p style=\"padding-top: 30px;\"><a href=\"https:\/\/www.latribunedeplanas.com\/wp-content\/uploads\/2018\/09\/2010-12-28-convenio-mairie-comaigua.pdf\" class=\"pdfemb-viewer\" style=\"\" data-width=\"max\" data-height=\"max\" data-mobile-width=\"0\"  data-scrollbar=\"none\" data-download=\"on\" data-tracking=\"on\" data-newwindow=\"on\" data-pagetextbox=\"off\" data-scrolltotop=\"off\" data-startzoom=\"100\" data-startfpzoom=\"100\" data-toolbar=\"top\" data-toolbar-fixed=\"off\">2010-12-28-convenio-mairie-comaigua<br\/><\/a><\/p>\n<p>[\/et_pb_text][et_pb_text admin_label=&#8221;Texte-Lien&#8221; module_class=&#8221;txt-article&#8221; _builder_version=&#8221;4.27.4&#8243; text_font=&#8221;|300|||||||&#8221; header_font=&#8221;||||||||&#8221; header_2_line_height=&#8221;1.2em&#8221; header_3_font=&#8221;||||||||&#8221; header_3_line_height=&#8221;1.3em&#8221; header_4_text_align=&#8221;center&#8221; custom_padding=&#8221;30px||||false|false&#8221; text_line_height_tablet=&#8221;&#8221; text_line_height_phone=&#8221;1.3em&#8221; text_line_height_last_edited=&#8221;on|desktop&#8221; header_2_font_size_tablet=&#8221;&#8221; header_2_font_size_phone=&#8221;&#8221; header_2_font_size_last_edited=&#8221;on|phone&#8221; header_3_font_size_tablet=&#8221;&#8221; header_3_font_size_phone=&#8221;23px&#8221; header_3_font_size_last_edited=&#8221;on|desktop&#8221; locked=&#8221;off&#8221; global_colors_info=&#8221;{}&#8221;]<a href=\"https:\/\/www.latribunedeplanas.com\/nl\/vonnis-in-het-proces-voor-de-inzameling-van-water-en-huishoudelijk-afval\/\">-Lees ook: De rechtbank beslist: Het is de verantwoordelijkheid van de gemeente Pratdip om de openbare diensten in Planas te garanderen<\/a><\/p>\n<p><a href=\"https:\/\/www.latribunedeplanas.com\/nl\/nieuwe-overeenkomst-over-waterbeheer-ondertekend-tussen-het-stadhuis-en-de-voorzitter-van-het-eucc\/\">-Lees ook: Een omstreden overeenkomst, ondanks de rechtspraak, ondertekend tussen de gemeente Pratdip en de EUCC van Planas del Rey<\/a><\/p>\n<p><a href=\"https:\/\/www.latribunedeplanas.com\/nl\/dossier-fenouillet-twee-gerechtelijke-uitspraken-die-de-gemeente-pratdip-liever-negeerde\/\">-Lees ook: Dossier \u201cFenouillet\u201d: Twee gerechtelijke uitspraken die de gemeente Pratdip liever negeerde<\/a>[\/et_pb_text][\/et_pb_column][\/et_pb_row][\/et_pb_section]<\/p>\n","protected":false},"excerpt":{"rendered":"<p>1. Een offici\u00eble openbare overeenkomst (28 december 2010) Op 28 december 2010 ondertekenden de Consell Comarcal del Baix Camp, de gemeente Pratdip en het waterdistributiebedrijf (Secomsa Aig\u00fces, later Comaigua genoemd) een formele overeenkomst. Deze overeenkomst volgde op een gerechtelijke veroordeling waarbij de gemeente werd verplicht om het beheer en de facturatie van water en huisvuil [&hellip;]<\/p>\n","protected":false},"author":1,"featured_media":24627,"comment_status":"closed","ping_status":"closed","sticky":false,"template":"","format":"standard","meta":{"_et_pb_use_builder":"on","_et_pb_old_content":"","_et_gb_content_width":"","footnotes":""},"categories":[194,209],"tags":[],"class_list":["post-24626","post","type-post","status-publish","format-standard","has-post-thumbnail","hentry","category-articles-de-2000-a-2010","category-artikelen-van-2000-tot-2010"],"yoast_head":"<!-- This site is optimized with the Yoast SEO plugin v27.5 - https:\/\/yoast.com\/product\/yoast-seo-wordpress\/ -->\n<title>Planas del Rey: een overeenkomst die veel zegt<\/title>\n<meta name=\"description\" content=\"de Consell Comarcal del Baix Camp, de gemeente Pratdip en het waterdistributiebedrijf Secomsa Aig\u00fces, later Comaigua\" \/>\n<meta name=\"robots\" content=\"index, follow, max-snippet:-1, max-image-preview:large, max-video-preview:-1\" \/>\n<link rel=\"canonical\" href=\"https:\/\/www.latribunedeplanas.com\/nl\/contrat-entre-le-baix-camp-la-mairie-de-pratdip-et-la-societe-comaigua\/\" \/>\n<meta property=\"og:locale\" content=\"nl_NL\" \/>\n<meta property=\"og:type\" content=\"article\" \/>\n<meta property=\"og:title\" content=\"Planas del Rey: een overeenkomst die veel zegt\" \/>\n<meta property=\"og:description\" content=\"de Consell Comarcal del Baix Camp, de gemeente Pratdip en het waterdistributiebedrijf Secomsa Aig\u00fces, later Comaigua\" \/>\n<meta property=\"og:url\" content=\"https:\/\/www.latribunedeplanas.com\/nl\/contrat-entre-le-baix-camp-la-mairie-de-pratdip-et-la-societe-comaigua\/\" \/>\n<meta property=\"og:site_name\" content=\"La Tribune de Planas del Rey, Pratdip\" \/>\n<meta property=\"article:publisher\" content=\"https:\/\/www.facebook.com\/groups\/1220895301376005\/\" \/>\n<meta property=\"article:author\" content=\"https:\/\/www.facebook.com\/Creawebsite-113915200150984\" \/>\n<meta property=\"article:published_time\" content=\"2010-12-28T22:23:04+00:00\" \/>\n<meta property=\"article:modified_time\" content=\"2025-07-09T13:02:05+00:00\" \/>\n<meta property=\"og:image\" content=\"https:\/\/www.latribunedeplanas.com\/wp-content\/uploads\/2018\/09\/comaigua.png\" \/>\n\t<meta property=\"og:image:width\" content=\"600\" \/>\n\t<meta property=\"og:image:height\" content=\"374\" \/>\n\t<meta property=\"og:image:type\" content=\"image\/png\" \/>\n<meta name=\"author\" content=\"Jim\" \/>\n<meta name=\"twitter:card\" content=\"summary_large_image\" \/>\n<meta name=\"twitter:label1\" content=\"Geschreven door\" \/>\n\t<meta name=\"twitter:data1\" content=\"Jim\" \/>\n\t<meta name=\"twitter:label2\" content=\"Geschatte leestijd\" \/>\n\t<meta name=\"twitter:data2\" content=\"3 minuten\" \/>\n<script type=\"application\/ld+json\" class=\"yoast-schema-graph\">{\"@context\":\"https:\\\/\\\/schema.org\",\"@graph\":[{\"@type\":\"Article\",\"@id\":\"https:\\\/\\\/www.latribunedeplanas.com\\\/nl\\\/contrat-entre-le-baix-camp-la-mairie-de-pratdip-et-la-societe-comaigua\\\/#article\",\"isPartOf\":{\"@id\":\"https:\\\/\\\/www.latribunedeplanas.com\\\/nl\\\/contrat-entre-le-baix-camp-la-mairie-de-pratdip-et-la-societe-comaigua\\\/\"},\"author\":{\"name\":\"Jim\",\"@id\":\"https:\\\/\\\/www.latribunedeplanas.com\\\/nl\\\/#\\\/schema\\\/person\\\/590a87318688792f18d8e1c983528bc8\"},\"headline\":\"Planas del Rey: een overeenkomst die veel zegt\",\"datePublished\":\"2010-12-28T22:23:04+00:00\",\"dateModified\":\"2025-07-09T13:02:05+00:00\",\"mainEntityOfPage\":{\"@id\":\"https:\\\/\\\/www.latribunedeplanas.com\\\/nl\\\/contrat-entre-le-baix-camp-la-mairie-de-pratdip-et-la-societe-comaigua\\\/\"},\"wordCount\":829,\"publisher\":{\"@id\":\"https:\\\/\\\/www.latribunedeplanas.com\\\/nl\\\/#organization\"},\"image\":{\"@id\":\"https:\\\/\\\/www.latribunedeplanas.com\\\/nl\\\/contrat-entre-le-baix-camp-la-mairie-de-pratdip-et-la-societe-comaigua\\\/#primaryimage\"},\"thumbnailUrl\":\"https:\\\/\\\/www.latribunedeplanas.com\\\/wp-content\\\/uploads\\\/2018\\\/09\\\/comaigua.png\",\"articleSection\":[\"Articles de 2000 \u00e0 2010\",\"Artikelen van 2000 tot 2010\"],\"inLanguage\":\"nl-NL\"},{\"@type\":\"WebPage\",\"@id\":\"https:\\\/\\\/www.latribunedeplanas.com\\\/nl\\\/contrat-entre-le-baix-camp-la-mairie-de-pratdip-et-la-societe-comaigua\\\/\",\"url\":\"https:\\\/\\\/www.latribunedeplanas.com\\\/nl\\\/contrat-entre-le-baix-camp-la-mairie-de-pratdip-et-la-societe-comaigua\\\/\",\"name\":\"Planas del Rey: een overeenkomst die veel zegt\",\"isPartOf\":{\"@id\":\"https:\\\/\\\/www.latribunedeplanas.com\\\/nl\\\/#website\"},\"primaryImageOfPage\":{\"@id\":\"https:\\\/\\\/www.latribunedeplanas.com\\\/nl\\\/contrat-entre-le-baix-camp-la-mairie-de-pratdip-et-la-societe-comaigua\\\/#primaryimage\"},\"image\":{\"@id\":\"https:\\\/\\\/www.latribunedeplanas.com\\\/nl\\\/contrat-entre-le-baix-camp-la-mairie-de-pratdip-et-la-societe-comaigua\\\/#primaryimage\"},\"thumbnailUrl\":\"https:\\\/\\\/www.latribunedeplanas.com\\\/wp-content\\\/uploads\\\/2018\\\/09\\\/comaigua.png\",\"datePublished\":\"2010-12-28T22:23:04+00:00\",\"dateModified\":\"2025-07-09T13:02:05+00:00\",\"description\":\"de Consell Comarcal del Baix Camp, de gemeente Pratdip en het waterdistributiebedrijf Secomsa Aig\u00fces, later Comaigua\",\"breadcrumb\":{\"@id\":\"https:\\\/\\\/www.latribunedeplanas.com\\\/nl\\\/contrat-entre-le-baix-camp-la-mairie-de-pratdip-et-la-societe-comaigua\\\/#breadcrumb\"},\"inLanguage\":\"nl-NL\",\"potentialAction\":[{\"@type\":\"ReadAction\",\"target\":[\"https:\\\/\\\/www.latribunedeplanas.com\\\/nl\\\/contrat-entre-le-baix-camp-la-mairie-de-pratdip-et-la-societe-comaigua\\\/\"]}]},{\"@type\":\"ImageObject\",\"inLanguage\":\"nl-NL\",\"@id\":\"https:\\\/\\\/www.latribunedeplanas.com\\\/nl\\\/contrat-entre-le-baix-camp-la-mairie-de-pratdip-et-la-societe-comaigua\\\/#primaryimage\",\"url\":\"https:\\\/\\\/www.latribunedeplanas.com\\\/wp-content\\\/uploads\\\/2018\\\/09\\\/comaigua.png\",\"contentUrl\":\"https:\\\/\\\/www.latribunedeplanas.com\\\/wp-content\\\/uploads\\\/2018\\\/09\\\/comaigua.png\",\"width\":600,\"height\":374},{\"@type\":\"BreadcrumbList\",\"@id\":\"https:\\\/\\\/www.latribunedeplanas.com\\\/nl\\\/contrat-entre-le-baix-camp-la-mairie-de-pratdip-et-la-societe-comaigua\\\/#breadcrumb\",\"itemListElement\":[{\"@type\":\"ListItem\",\"position\":1,\"name\":\"Accueil\",\"item\":\"https:\\\/\\\/www.latribunedeplanas.com\\\/nl\\\/\"},{\"@type\":\"ListItem\",\"position\":2,\"name\":\"Planas del Rey: een overeenkomst die veel zegt\"}]},{\"@type\":\"WebSite\",\"@id\":\"https:\\\/\\\/www.latribunedeplanas.com\\\/nl\\\/#website\",\"url\":\"https:\\\/\\\/www.latribunedeplanas.com\\\/nl\\\/\",\"name\":\"La Tribune de Planas del Rey, Pratdip\",\"description\":\"Las Planas del Rey \u2013 Urbanisatie van de gemeente Pratdip\",\"publisher\":{\"@id\":\"https:\\\/\\\/www.latribunedeplanas.com\\\/nl\\\/#organization\"},\"potentialAction\":[{\"@type\":\"SearchAction\",\"target\":{\"@type\":\"EntryPoint\",\"urlTemplate\":\"https:\\\/\\\/www.latribunedeplanas.com\\\/nl\\\/?s={search_term_string}\"},\"query-input\":{\"@type\":\"PropertyValueSpecification\",\"valueRequired\":true,\"valueName\":\"search_term_string\"}}],\"inLanguage\":\"nl-NL\"},{\"@type\":\"Organization\",\"@id\":\"https:\\\/\\\/www.latribunedeplanas.com\\\/nl\\\/#organization\",\"name\":\"Vecinos de Planes del Rei (SOSPlanes)\",\"url\":\"https:\\\/\\\/www.latribunedeplanas.com\\\/nl\\\/\",\"logo\":{\"@type\":\"ImageObject\",\"inLanguage\":\"nl-NL\",\"@id\":\"https:\\\/\\\/www.latribunedeplanas.com\\\/nl\\\/#\\\/schema\\\/logo\\\/image\\\/\",\"url\":\"https:\\\/\\\/www.latribunedeplanas.com\\\/wp-content\\\/uploads\\\/2021\\\/11\\\/logo-sos-planas-0.png\",\"contentUrl\":\"https:\\\/\\\/www.latribunedeplanas.com\\\/wp-content\\\/uploads\\\/2021\\\/11\\\/logo-sos-planas-0.png\",\"width\":600,\"height\":400,\"caption\":\"Vecinos de Planes del Rei (SOSPlanes)\"},\"image\":{\"@id\":\"https:\\\/\\\/www.latribunedeplanas.com\\\/nl\\\/#\\\/schema\\\/logo\\\/image\\\/\"},\"sameAs\":[\"https:\\\/\\\/www.facebook.com\\\/groups\\\/1220895301376005\\\/\",\"https:\\\/\\\/www.instagram.com\\\/lasplanasdelrey\\\/\"]},{\"@type\":\"Person\",\"@id\":\"https:\\\/\\\/www.latribunedeplanas.com\\\/nl\\\/#\\\/schema\\\/person\\\/590a87318688792f18d8e1c983528bc8\",\"name\":\"Jim\",\"image\":{\"@type\":\"ImageObject\",\"inLanguage\":\"nl-NL\",\"@id\":\"https:\\\/\\\/secure.gravatar.com\\\/avatar\\\/5a89228fd282eb9ee33a60b4ff06f9c31751866f1fb91ca56263af0968354113?s=96&d=mm&r=g\",\"url\":\"https:\\\/\\\/secure.gravatar.com\\\/avatar\\\/5a89228fd282eb9ee33a60b4ff06f9c31751866f1fb91ca56263af0968354113?s=96&d=mm&r=g\",\"contentUrl\":\"https:\\\/\\\/secure.gravatar.com\\\/avatar\\\/5a89228fd282eb9ee33a60b4ff06f9c31751866f1fb91ca56263af0968354113?s=96&d=mm&r=g\",\"caption\":\"Jim\"},\"sameAs\":[\"https:\\\/\\\/www.creawebsite.be\\\/\",\"https:\\\/\\\/www.facebook.com\\\/Creawebsite-113915200150984\",\"https:\\\/\\\/www.instagram.com\\\/creawebsite.be\\\/\",\"https:\\\/\\\/www.linkedin.com\\\/in\\\/jean-marc-delchef\\\/\"]}]}<\/script>\n<!-- \/ Yoast SEO plugin. -->","yoast_head_json":{"title":"Planas del Rey: een overeenkomst die veel zegt","description":"de Consell Comarcal del Baix Camp, de gemeente Pratdip en het waterdistributiebedrijf Secomsa Aig\u00fces, later Comaigua","robots":{"index":"index","follow":"follow","max-snippet":"max-snippet:-1","max-image-preview":"max-image-preview:large","max-video-preview":"max-video-preview:-1"},"canonical":"https:\/\/www.latribunedeplanas.com\/nl\/contrat-entre-le-baix-camp-la-mairie-de-pratdip-et-la-societe-comaigua\/","og_locale":"nl_NL","og_type":"article","og_title":"Planas del Rey: een overeenkomst die veel zegt","og_description":"de Consell Comarcal del Baix Camp, de gemeente Pratdip en het waterdistributiebedrijf Secomsa Aig\u00fces, later Comaigua","og_url":"https:\/\/www.latribunedeplanas.com\/nl\/contrat-entre-le-baix-camp-la-mairie-de-pratdip-et-la-societe-comaigua\/","og_site_name":"La Tribune de Planas del Rey, Pratdip","article_publisher":"https:\/\/www.facebook.com\/groups\/1220895301376005\/","article_author":"https:\/\/www.facebook.com\/Creawebsite-113915200150984","article_published_time":"2010-12-28T22:23:04+00:00","article_modified_time":"2025-07-09T13:02:05+00:00","og_image":[{"width":600,"height":374,"url":"https:\/\/www.latribunedeplanas.com\/wp-content\/uploads\/2018\/09\/comaigua.png","type":"image\/png"}],"author":"Jim","twitter_card":"summary_large_image","twitter_misc":{"Geschreven door":"Jim","Geschatte leestijd":"3 minuten"},"schema":{"@context":"https:\/\/schema.org","@graph":[{"@type":"Article","@id":"https:\/\/www.latribunedeplanas.com\/nl\/contrat-entre-le-baix-camp-la-mairie-de-pratdip-et-la-societe-comaigua\/#article","isPartOf":{"@id":"https:\/\/www.latribunedeplanas.com\/nl\/contrat-entre-le-baix-camp-la-mairie-de-pratdip-et-la-societe-comaigua\/"},"author":{"name":"Jim","@id":"https:\/\/www.latribunedeplanas.com\/nl\/#\/schema\/person\/590a87318688792f18d8e1c983528bc8"},"headline":"Planas del Rey: een overeenkomst die veel zegt","datePublished":"2010-12-28T22:23:04+00:00","dateModified":"2025-07-09T13:02:05+00:00","mainEntityOfPage":{"@id":"https:\/\/www.latribunedeplanas.com\/nl\/contrat-entre-le-baix-camp-la-mairie-de-pratdip-et-la-societe-comaigua\/"},"wordCount":829,"publisher":{"@id":"https:\/\/www.latribunedeplanas.com\/nl\/#organization"},"image":{"@id":"https:\/\/www.latribunedeplanas.com\/nl\/contrat-entre-le-baix-camp-la-mairie-de-pratdip-et-la-societe-comaigua\/#primaryimage"},"thumbnailUrl":"https:\/\/www.latribunedeplanas.com\/wp-content\/uploads\/2018\/09\/comaigua.png","articleSection":["Articles de 2000 \u00e0 2010","Artikelen van 2000 tot 2010"],"inLanguage":"nl-NL"},{"@type":"WebPage","@id":"https:\/\/www.latribunedeplanas.com\/nl\/contrat-entre-le-baix-camp-la-mairie-de-pratdip-et-la-societe-comaigua\/","url":"https:\/\/www.latribunedeplanas.com\/nl\/contrat-entre-le-baix-camp-la-mairie-de-pratdip-et-la-societe-comaigua\/","name":"Planas del Rey: een overeenkomst die veel zegt","isPartOf":{"@id":"https:\/\/www.latribunedeplanas.com\/nl\/#website"},"primaryImageOfPage":{"@id":"https:\/\/www.latribunedeplanas.com\/nl\/contrat-entre-le-baix-camp-la-mairie-de-pratdip-et-la-societe-comaigua\/#primaryimage"},"image":{"@id":"https:\/\/www.latribunedeplanas.com\/nl\/contrat-entre-le-baix-camp-la-mairie-de-pratdip-et-la-societe-comaigua\/#primaryimage"},"thumbnailUrl":"https:\/\/www.latribunedeplanas.com\/wp-content\/uploads\/2018\/09\/comaigua.png","datePublished":"2010-12-28T22:23:04+00:00","dateModified":"2025-07-09T13:02:05+00:00","description":"de Consell Comarcal del Baix Camp, de gemeente Pratdip en het waterdistributiebedrijf Secomsa Aig\u00fces, later Comaigua","breadcrumb":{"@id":"https:\/\/www.latribunedeplanas.com\/nl\/contrat-entre-le-baix-camp-la-mairie-de-pratdip-et-la-societe-comaigua\/#breadcrumb"},"inLanguage":"nl-NL","potentialAction":[{"@type":"ReadAction","target":["https:\/\/www.latribunedeplanas.com\/nl\/contrat-entre-le-baix-camp-la-mairie-de-pratdip-et-la-societe-comaigua\/"]}]},{"@type":"ImageObject","inLanguage":"nl-NL","@id":"https:\/\/www.latribunedeplanas.com\/nl\/contrat-entre-le-baix-camp-la-mairie-de-pratdip-et-la-societe-comaigua\/#primaryimage","url":"https:\/\/www.latribunedeplanas.com\/wp-content\/uploads\/2018\/09\/comaigua.png","contentUrl":"https:\/\/www.latribunedeplanas.com\/wp-content\/uploads\/2018\/09\/comaigua.png","width":600,"height":374},{"@type":"BreadcrumbList","@id":"https:\/\/www.latribunedeplanas.com\/nl\/contrat-entre-le-baix-camp-la-mairie-de-pratdip-et-la-societe-comaigua\/#breadcrumb","itemListElement":[{"@type":"ListItem","position":1,"name":"Accueil","item":"https:\/\/www.latribunedeplanas.com\/nl\/"},{"@type":"ListItem","position":2,"name":"Planas del Rey: een overeenkomst die veel zegt"}]},{"@type":"WebSite","@id":"https:\/\/www.latribunedeplanas.com\/nl\/#website","url":"https:\/\/www.latribunedeplanas.com\/nl\/","name":"La Tribune de Planas del Rey, Pratdip","description":"Las Planas del Rey \u2013 Urbanisatie van de gemeente Pratdip","publisher":{"@id":"https:\/\/www.latribunedeplanas.com\/nl\/#organization"},"potentialAction":[{"@type":"SearchAction","target":{"@type":"EntryPoint","urlTemplate":"https:\/\/www.latribunedeplanas.com\/nl\/?s={search_term_string}"},"query-input":{"@type":"PropertyValueSpecification","valueRequired":true,"valueName":"search_term_string"}}],"inLanguage":"nl-NL"},{"@type":"Organization","@id":"https:\/\/www.latribunedeplanas.com\/nl\/#organization","name":"Vecinos de Planes del Rei (SOSPlanes)","url":"https:\/\/www.latribunedeplanas.com\/nl\/","logo":{"@type":"ImageObject","inLanguage":"nl-NL","@id":"https:\/\/www.latribunedeplanas.com\/nl\/#\/schema\/logo\/image\/","url":"https:\/\/www.latribunedeplanas.com\/wp-content\/uploads\/2021\/11\/logo-sos-planas-0.png","contentUrl":"https:\/\/www.latribunedeplanas.com\/wp-content\/uploads\/2021\/11\/logo-sos-planas-0.png","width":600,"height":400,"caption":"Vecinos de Planes del Rei (SOSPlanes)"},"image":{"@id":"https:\/\/www.latribunedeplanas.com\/nl\/#\/schema\/logo\/image\/"},"sameAs":["https:\/\/www.facebook.com\/groups\/1220895301376005\/","https:\/\/www.instagram.com\/lasplanasdelrey\/"]},{"@type":"Person","@id":"https:\/\/www.latribunedeplanas.com\/nl\/#\/schema\/person\/590a87318688792f18d8e1c983528bc8","name":"Jim","image":{"@type":"ImageObject","inLanguage":"nl-NL","@id":"https:\/\/secure.gravatar.com\/avatar\/5a89228fd282eb9ee33a60b4ff06f9c31751866f1fb91ca56263af0968354113?s=96&d=mm&r=g","url":"https:\/\/secure.gravatar.com\/avatar\/5a89228fd282eb9ee33a60b4ff06f9c31751866f1fb91ca56263af0968354113?s=96&d=mm&r=g","contentUrl":"https:\/\/secure.gravatar.com\/avatar\/5a89228fd282eb9ee33a60b4ff06f9c31751866f1fb91ca56263af0968354113?s=96&d=mm&r=g","caption":"Jim"},"sameAs":["https:\/\/www.creawebsite.be\/","https:\/\/www.facebook.com\/Creawebsite-113915200150984","https:\/\/www.instagram.com\/creawebsite.be\/","https:\/\/www.linkedin.com\/in\/jean-marc-delchef\/"]}]}},"_links":{"self":[{"href":"https:\/\/www.latribunedeplanas.com\/nl\/wp-json\/wp\/v2\/posts\/24626","targetHints":{"allow":["GET"]}}],"collection":[{"href":"https:\/\/www.latribunedeplanas.com\/nl\/wp-json\/wp\/v2\/posts"}],"about":[{"href":"https:\/\/www.latribunedeplanas.com\/nl\/wp-json\/wp\/v2\/types\/post"}],"author":[{"embeddable":true,"href":"https:\/\/www.latribunedeplanas.com\/nl\/wp-json\/wp\/v2\/users\/1"}],"replies":[{"embeddable":true,"href":"https:\/\/www.latribunedeplanas.com\/nl\/wp-json\/wp\/v2\/comments?post=24626"}],"version-history":[{"count":0,"href":"https:\/\/www.latribunedeplanas.com\/nl\/wp-json\/wp\/v2\/posts\/24626\/revisions"}],"wp:featuredmedia":[{"embeddable":true,"href":"https:\/\/www.latribunedeplanas.com\/nl\/wp-json\/wp\/v2\/media\/24627"}],"wp:attachment":[{"href":"https:\/\/www.latribunedeplanas.com\/nl\/wp-json\/wp\/v2\/media?parent=24626"}],"wp:term":[{"taxonomy":"category","embeddable":true,"href":"https:\/\/www.latribunedeplanas.com\/nl\/wp-json\/wp\/v2\/categories?post=24626"},{"taxonomy":"post_tag","embeddable":true,"href":"https:\/\/www.latribunedeplanas.com\/nl\/wp-json\/wp\/v2\/tags?post=24626"}],"curies":[{"name":"wp","href":"https:\/\/api.w.org\/{rel}","templated":true}]}}