{"id":22774,"date":"1968-12-28T18:48:06","date_gmt":"1968-12-28T17:48:06","guid":{"rendered":"https:\/\/www.latribunedeplanas.com\/le-transfert-des-espaces-communs-et-des-services-de-lurbanisation-ne-peut-etre-effectue-sans-les-etudes-appropriees\/"},"modified":"2025-07-14T22:07:33","modified_gmt":"2025-07-14T20:07:33","slug":"de-overdracht-van-verstedelijking-kan-niet-worden-uitgevoerd-zonder-de-juiste-studies","status":"publish","type":"post","link":"https:\/\/www.latribunedeplanas.com\/nl\/de-overdracht-van-verstedelijking-kan-niet-worden-uitgevoerd-zonder-de-juiste-studies\/","title":{"rendered":"28 december 1968: De manoeuvres die de integratie van Planas del Rey hebben afgeremd"},"content":{"rendered":"<p>[et_pb_section fb_built=&#8221;1&#8243; admin_label=&#8221;Section-Article&#8221; module_class=&#8221;section-article&#8221; _builder_version=&#8221;4.16&#8243; custom_margin=&#8221;0px|0px|0px|0px&#8221; custom_padding=&#8221;0px|0px|0px|0px&#8221; global_colors_info=&#8221;{}&#8221;][et_pb_row use_custom_gutter=&#8221;on&#8221; gutter_width=&#8221;1&#8243; admin_label=&#8221;Ligne-Article&#8221; module_class=&#8221;ligne-article et_pb_row_fullwidth&#8221; _builder_version=&#8221;4.16&#8243; width=&#8221;100%&#8221; width_tablet=&#8221;100%&#8221; width_phone=&#8221;100%&#8221; width_last_edited=&#8221;on|desktop&#8221; max_width=&#8221;100%&#8221; max_width_tablet=&#8221;100%&#8221; max_width_phone=&#8221;100%&#8221; max_width_last_edited=&#8221;on|desktop&#8221; custom_margin=&#8221;0px||0px&#8221; custom_padding=&#8221;0px||0px&#8221; make_fullwidth=&#8221;on&#8221; global_colors_info=&#8221;{}&#8221;][et_pb_column type=&#8221;4_4&#8243; _builder_version=&#8221;4.16&#8243; custom_padding=&#8221;|||&#8221; global_colors_info=&#8221;{}&#8221; custom_padding__hover=&#8221;|||&#8221;][et_pb_text admin_label=&#8221;Texte-Artikel-28 december 1968: De manoeuvres die de integratie van Planas del Rey hebben afgeremd&#8221; module_class=&#8221;txt-article&#8221; _builder_version=&#8221;4.27.4&#8243; text_font=&#8221;|300|||||||&#8221; header_font=&#8221;||||||||&#8221; header_2_font=&#8221;|600|||||||&#8221; header_2_font_size=&#8221;24px&#8221; header_2_line_height=&#8221;1.3em&#8221; header_3_font=&#8221;||||||||&#8221; header_3_font_size=&#8221;24px&#8221; header_3_line_height=&#8221;1.3em&#8221; header_4_font=&#8221;||||||||&#8221; header_4_text_align=&#8221;center&#8221; header_4_text_color=&#8221;#840303&#8243; header_4_font_size=&#8221;20px&#8221; header_5_font=&#8221;|600|||||||&#8221; header_5_text_color=&#8221;#840303&#8243; header_5_font_size=&#8221;20px&#8221; header_5_line_height=&#8221;1.7em&#8221; text_line_height_tablet=&#8221;&#8221; text_line_height_phone=&#8221;1.3em&#8221; text_line_height_last_edited=&#8221;on|desktop&#8221; header_2_font_size_tablet=&#8221;&#8221; header_2_font_size_phone=&#8221;23px&#8221; header_2_font_size_last_edited=&#8221;on|phone&#8221; header_2_line_height_phone=&#8221;1.3em&#8221; header_2_line_height_last_edited=&#8221;off|tablet&#8221; header_3_font_size_tablet=&#8221;&#8221; header_3_font_size_phone=&#8221;23px&#8221; header_3_font_size_last_edited=&#8221;on|phone&#8221; header_4_font_size_tablet=&#8221;&#8221; header_4_font_size_phone=&#8221;15px&#8221; header_4_font_size_last_edited=&#8221;on|phone&#8221; header_5_line_height_tablet=&#8221;&#8221; header_5_line_height_phone=&#8221;1.3em&#8221; header_5_line_height_last_edited=&#8221;on|phone&#8221; global_colors_info=&#8221;{}&#8221;]<\/p>\n<p>Een officieel document, gedateerd op <span class=\"accentue\">28 december 1968<\/span> en opgedoken uit de archieven van het <span class=\"accentue\">Ministerie van Binnenlandse Zaken<\/span>, werpt nieuw licht op de geschiedenis van Planas del Rey. Deze tekst bevestigt dat de <span class=\"accentue\">gemeente Pratdip<\/span> al eind jaren &#8217;60 officieel werd gevraagd om de urbanisatie te integreren\u2026 voordat het proces vrijwillig of administratief werd geblokkeerd.<\/p>\n<hr style=\"margin-bottom:30px;\"\/>\n<h2>Een dossier geopend op vraag van Pratdip<\/h2>\n<p>In die tijd had het gemeentebestuur van Pratdip de <span class=\"accentue\">Nationale Dienst voor Inspectie en Bijstand aan Lokale Overheden<\/span> gecontacteerd om een officieel advies te verkrijgen over de overdracht van de infrastructuur van Planas del Rey.<\/p>\n<p>Deze stap volgde op een gezamenlijke voorstel van ontwikkelaar <span class=\"accentue\">Francisco Lebasque Belloncle<\/span> en verschillende eigenaars, die de gemeente uitnodigden om de wegen, netwerken en reeds bestaande diensten in de urbanisatie over te nemen.<\/p>\n<hr style=\"margin-bottom:30px;\"\/>\n<h2>Wat het offici\u00eble document zegt:<\/h2>\n<p>Het document van 28 december 1968 laat aan duidelijkheid niets te wensen over:<\/p>\n<ul>\n<li>Het herinnert eraan dat de <span class=\"accentue\">wet gemeenten toestaat<\/span> om dergelijke overdrachten te aanvaarden, en dat de overdracht van wegen zelfs een <span class=\"accentue\">essentieel element<\/span> is in elk urbanisatieproces (artikel 129 van de Stedenbouwwet).<\/li>\n<li>Het stelt echter de <span class=\"accentue\">afwezigheid van de noodzakelijke documenten<\/span> vast, waaronder:<\/li>\n<ul>\n<li>Het besluit van de gemeenteraad van 18 oktober 1968,<\/li>\n<li>Een gedetailleerde inventaris van de infrastructuur,<\/li>\n<li>De aanvullende plannen en studies die nodig zijn voor een weloverwogen beslissing.<\/li>\n<\/ul>\n<\/ul>\n<hr style=\"margin-bottom:30px;\"\/>\n<h2>Een principeakkoord\u2026 onder voorwaarden<\/h2>\n<p>Hoewel de dienst aangeeft dat het voorstel van de ontwikkelaar <span class=\"accentue\">interessant kan zijn voor de gemeente<\/span>, preciseert ze dat een offici\u00eble aanvaarding <span class=\"accentue\">vooraf vereist:<\/span><\/p>\n<ul>\n<li>Een gedetailleerde inventaris van het oppervlak, de grenzen en de staat van de infrastructuur,<\/li>\n<li>Een inschatting van de onderhoudskosten, eventuele waardeverminderingen en te verwachten voordelen,<\/li>\n<li>Technische documenten die toelaten de haalbaarheid en de verplichtingen voor de gemeente in te schatten.<\/li>\n<\/ul>\n<hr style=\"margin-bottom:30px;\"\/>\n<h2>Een onafgewerkt, maar veelzeggend proces<\/h2>\n<p>Juridisch en historisch gezien is dit document van groot belang:<\/p>\n<ul>\n<li> <span class=\"accentue\">De gemeente erkent officieel dat zij werd gevraagd<\/span> om Planas del Rey te integreren.<\/li>\n<li>Het integratieproces werd effectief <span class=\"accentue\">opgestart<\/span>, maar bleef onafgewerkt door het ontbreken van de vereiste aanvullende documenten.<\/li>\n<li>Deze administratieve blokkering kan op twee manieren ge\u00efnterpreteerd worden:<\/li>\n<ul>\n<li>Ofwel als een gebrek aan initiatief van de ontwikkelaar,<\/li>\n<li>Ofwel \u2014 en dat is het meest waarschijnlijke scenario gezien de volgende decennia \u2014 als een uiting van een politieke wil van de gemeente om de <span class=\"accentue\">integratie van Planas bewust te vertragen of te vermijden<\/span>.<\/li>\n<\/ul>\n<\/ul>\n<hr style=\"margin-bottom:30px;\"\/>\n<h2>Een politieke keuze die blijft bestaan<\/h2>\n<p>Dit document, dat meer dan 50 jaar lang vergeten of verborgen bleef, toont aan dat het uitblijven van de overname van Planas del Rey door de gemeente Pratdip geen kwestie van toeval of onoverkomelijke belemmering is.<\/p>\n<p>Vanaf het begin waren alle wettelijke voorwaarden aanwezig om de integratie mogelijk te maken. Maar het gebrek aan daadkracht om de procedure af te ronden, de afwezigheid van een inventaris en vooral het politieke opportunisme hebben geleid tot een onafgewerkte urbanisatie\u2026 die vandaag nog steeds voortduurt, tot nadeel van de bewoners.<\/p>\n<p class=\"accentue\">Asociaci\u00f3n de Vecinos Les Planes del Rei (SOS Planas)<\/p>\n<hr style=\"margin-bottom:30px;\"\/>\n<h3 class=\"underline\">Origineel document<\/h3>\n<p style=\"padding-top: 30px;\"><a href=\"https:\/\/www.latribunedeplanas.com\/wp-content\/uploads\/2017\/09\/1968-12-28-cession-approbation-ministere-interieur.pdf\" class=\"pdfemb-viewer\" style=\"\" data-width=\"max\" data-height=\"max\" data-mobile-width=\"0\"  data-scrollbar=\"none\" data-download=\"on\" data-tracking=\"on\" data-newwindow=\"on\" data-pagetextbox=\"off\" data-scrolltotop=\"off\" data-startzoom=\"100\" data-startfpzoom=\"100\" data-toolbar=\"top\" data-toolbar-fixed=\"off\">1968-12-28-cession- approbation-ministere-interieur<br\/><\/a><\/p>\n<p>[\/et_pb_text][et_pb_text admin_label=&#8221;Texte-Liens&#8221; module_class=&#8221;txt-article&#8221; _builder_version=&#8221;4.27.4&#8243; text_font=&#8221;|300|||||||&#8221; text_line_height=&#8221;1.2em&#8221; header_font=&#8221;||||||||&#8221; header_2_font=&#8221;|600|||||||&#8221; header_2_text_color=&#8221;#840303&#8243; header_2_font_size=&#8221;24px&#8221; header_2_line_height=&#8221;1.3em&#8221; header_3_font=&#8221;||||||||&#8221; header_3_font_size=&#8221;24px&#8221; header_3_line_height=&#8221;1.3em&#8221; header_4_font=&#8221;||||||||&#8221; header_4_text_align=&#8221;center&#8221; header_4_text_color=&#8221;#840303&#8243; header_4_font_size=&#8221;20px&#8221; header_5_font=&#8221;|600|||||||&#8221; header_5_text_color=&#8221;#840303&#8243; header_5_font_size=&#8221;20px&#8221; header_5_line_height=&#8221;1.7em&#8221; custom_padding=&#8221;30px||||false|false&#8221; hover_enabled=&#8221;0&#8243; text_line_height_tablet=&#8221;&#8221; text_line_height_phone=&#8221;1.2em&#8221; text_line_height_last_edited=&#8221;on|phone&#8221; header_2_font_size_tablet=&#8221;&#8221; header_2_font_size_phone=&#8221;23px&#8221; header_2_font_size_last_edited=&#8221;on|phone&#8221; header_2_line_height_phone=&#8221;1.3em&#8221; header_2_line_height_last_edited=&#8221;off|tablet&#8221; header_3_font_size_tablet=&#8221;&#8221; header_3_font_size_phone=&#8221;23px&#8221; header_3_font_size_last_edited=&#8221;on|phone&#8221; header_4_font_size_tablet=&#8221;&#8221; header_4_font_size_phone=&#8221;15px&#8221; header_4_font_size_last_edited=&#8221;on|phone&#8221; header_5_line_height_tablet=&#8221;&#8221; header_5_line_height_phone=&#8221;1.3em&#8221; header_5_line_height_last_edited=&#8221;on|phone&#8221; locked=&#8221;off&#8221; global_colors_info=&#8221;{}&#8221; sticky_enabled=&#8221;0&#8243;]<a href=\"https:\/\/www.latribunedeplanas.com\/nl\/de-promotor-geef-de-gemeenschappelijke-zones-van-de-urbanisatie-aan-het-gemeentehuis-van-pratdip\/\">-Lees ook: 1968: De projectontwikkelaar stelt voor Planas aan de gemeente over te dragen\u2026 maar er gebeurt niets<\/a><\/p>\n<p><a href=\"https:\/\/www.latribunedeplanas.com\/nl\/het-gemeentehuis-van-pratdip-stemt-ermee-in-om-de-gemeenschappelijke-ruimtes-van-de-urbanisatie-te-ontvangen\/\">-Lees ook: 23 december 1968: Toen het gemeentebestuur van Pratdip in principe akkoord ging om Planas del Rey over te nemen<\/a><\/p>\n<p><a href=\"https:\/\/www.latribunedeplanas.com\/nl\/oprichting-van-de-stedelijke-samenwerkende-vereniging-euc-entite-urbanistique-collaboratrice-planes-del-rei\/\">-Lees ook: Planas del Rey: toen de gemeente de oprichting van de EUCC oplegde\u2026 om die vervolgens als schild te gebruiken<\/a><\/p>\n<p><a href=\"https:\/\/www.latribunedeplanas.com\/nl\/de-promotor-bevestig-de-overdracht-van-de-gemeenschappelijke-ruimtes-aan-de-pratdip\/\">-Lees ook: 1977: Toen de promotor van Planas de infrastructuur aanbood aan het gemeentebestuur van Pratdip<\/a><\/p>\n<p><a href=\"https:\/\/www.latribunedeplanas.com\/nl\/de-rechtbank-van-falset-veroordeelt-de-gemeente-pratdip-om-de-overdracht-van-gemeenschappelijke-ruimtes-te-aanvaarden\/\">-Lees ook: 1993: De rechtbank verplicht Lebasque om de gemeenschappelijke eigendommen van Planas over te dragen aan de gemeente Pratdip<\/a><\/p>\n<p><a href=\"https:\/\/www.latribunedeplanas.com\/nl\/bevestiging-van-het-vonnis-van-de-rechtbank-van-falset-van-23-november-1993\/\">-Lees ook: Wanneer justitie de projectontwikkelaar vervangt: een vergeten vonnis van 29 oktober 2001<\/a><\/p>\n<p><a href=\"https:\/\/www.latribunedeplanas.com\/nl\/bevestiging-dat-gemeenschappelijke-ruimtes-op-naam-van-het-gemeentehuis-staan-geregistreerd\/\">-Lees ook: Bevestiging dat gemeenschappelijke ruimtes op naam van het gemeentehuis staan \u200b\u200bgeregistreerd<\/a><\/p>\n<p><a href=\"https:\/\/www.latribunedeplanas.com\/nl\/het-gemeentehuis-van-pratdip-en-de-eucc-ondertekenen-een-overeenkomst-over-het-vruchtgebruik-van-gemeenschappelijke-ruimten\/\">-Lees ook: Een overeenkomst ondertekend tussen de EUCC en de gemeente om de situatie van de gemeenschappelijke gronden te verduidelijken<\/a><\/p>\n<p><a href=\"wanneer-de-rechtbank-de-gemeente-verplicht-planas-te-erkennen-en-pratdip-blijft-de-kop-in-het-zand-steken\/\">-Lees ook: Wanneer de rechtbank de gemeente verplicht Planas te erkennen\u2026 en Pratdip blijft de kop in het zand steken<\/a><\/p>\n<p><a href=\"https:\/\/www.latribunedeplanas.com\/nl\/ontbinding-van-de-eucc-vonnis-van-het-hoogste-gerechtshof-van-catalonie\/\">-Lees ook: De rechter beslist: de EUCC van Planas del Rey had al sinds 1995 moeten worden ontbonden<\/a>[\/et_pb_text][\/et_pb_column][\/et_pb_row][\/et_pb_section]<\/p>\n","protected":false},"excerpt":{"rendered":"<p>Een officieel document, gedateerd op 28 december 1968 en opgedoken uit de archieven van het Ministerie van Binnenlandse Zaken, werpt nieuw licht op de geschiedenis van Planas del Rey. Deze tekst bevestigt dat de gemeente Pratdip al eind jaren &#8217;60 officieel werd gevraagd om de urbanisatie te integreren\u2026 voordat het proces vrijwillig of administratief werd [&hellip;]<\/p>\n","protected":false},"author":1,"featured_media":22775,"comment_status":"closed","ping_status":"closed","sticky":false,"template":"","format":"standard","meta":{"_et_pb_use_builder":"on","_et_pb_old_content":"","_et_gb_content_width":"","footnotes":""},"categories":[208],"tags":[],"class_list":["post-22774","post","type-post","status-publish","format-standard","has-post-thumbnail","hentry","category-artikelen-van-1964-tot-1999"],"yoast_head":"<!-- This site is optimized with the Yoast SEO plugin v27.5 - https:\/\/yoast.com\/product\/yoast-seo-wordpress\/ -->\n<title>28 december 1968: De manoeuvres die de integratie van Planas del Rey hebben afgeremd<\/title>\n<meta name=\"description\" content=\"archieven van het Ministerie van Binnenlandse Zaken, werpt nieuw licht op de geschiedenis van Planas del Rey\" \/>\n<meta name=\"robots\" content=\"index, follow, max-snippet:-1, max-image-preview:large, max-video-preview:-1\" \/>\n<link rel=\"canonical\" href=\"https:\/\/www.latribunedeplanas.com\/nl\/de-overdracht-van-verstedelijking-kan-niet-worden-uitgevoerd-zonder-de-juiste-studies\/\" \/>\n<meta property=\"og:locale\" content=\"nl_NL\" \/>\n<meta property=\"og:type\" content=\"article\" \/>\n<meta property=\"og:title\" content=\"De overdracht van verstedelijking kan niet worden uitgevoerd zonder de juiste studies\" \/>\n<meta property=\"og:description\" content=\"archieven van het Ministerie van Binnenlandse Zaken, werpt nieuw licht op de geschiedenis van Planas del Rey\" \/>\n<meta property=\"og:url\" content=\"https:\/\/www.latribunedeplanas.com\/nl\/de-overdracht-van-verstedelijking-kan-niet-worden-uitgevoerd-zonder-de-juiste-studies\/\" \/>\n<meta property=\"og:site_name\" content=\"La Tribune de Planas del Rey, Pratdip\" \/>\n<meta property=\"article:publisher\" content=\"https:\/\/www.facebook.com\/groups\/1220895301376005\/\" \/>\n<meta property=\"article:author\" content=\"https:\/\/www.facebook.com\/Creawebsite-113915200150984\" \/>\n<meta property=\"article:published_time\" content=\"1968-12-28T17:48:06+00:00\" \/>\n<meta property=\"article:modified_time\" content=\"2025-07-14T20:07:33+00:00\" \/>\n<meta property=\"og:image\" content=\"https:\/\/www.latribunedeplanas.com\/wp-content\/uploads\/1968\/12\/impossible.png\" \/>\n\t<meta property=\"og:image:width\" content=\"600\" \/>\n\t<meta property=\"og:image:height\" content=\"450\" \/>\n\t<meta property=\"og:image:type\" content=\"image\/png\" \/>\n<meta name=\"author\" content=\"Jim\" \/>\n<meta name=\"twitter:card\" content=\"summary_large_image\" \/>\n<meta name=\"twitter:label1\" content=\"Geschreven door\" \/>\n\t<meta name=\"twitter:data1\" content=\"Jim\" \/>\n\t<meta name=\"twitter:label2\" content=\"Geschatte leestijd\" \/>\n\t<meta name=\"twitter:data2\" content=\"3 minuten\" \/>\n<script type=\"application\/ld+json\" class=\"yoast-schema-graph\">{\"@context\":\"https:\\\/\\\/schema.org\",\"@graph\":[{\"@type\":\"Article\",\"@id\":\"https:\\\/\\\/www.latribunedeplanas.com\\\/nl\\\/de-overdracht-van-verstedelijking-kan-niet-worden-uitgevoerd-zonder-de-juiste-studies\\\/#article\",\"isPartOf\":{\"@id\":\"https:\\\/\\\/www.latribunedeplanas.com\\\/nl\\\/de-overdracht-van-verstedelijking-kan-niet-worden-uitgevoerd-zonder-de-juiste-studies\\\/\"},\"author\":{\"name\":\"Jim\",\"@id\":\"https:\\\/\\\/www.latribunedeplanas.com\\\/nl\\\/#\\\/schema\\\/person\\\/590a87318688792f18d8e1c983528bc8\"},\"headline\":\"28 december 1968: De manoeuvres die de integratie van Planas del Rey hebben afgeremd\",\"datePublished\":\"1968-12-28T17:48:06+00:00\",\"dateModified\":\"2025-07-14T20:07:33+00:00\",\"mainEntityOfPage\":{\"@id\":\"https:\\\/\\\/www.latribunedeplanas.com\\\/nl\\\/de-overdracht-van-verstedelijking-kan-niet-worden-uitgevoerd-zonder-de-juiste-studies\\\/\"},\"wordCount\":1142,\"publisher\":{\"@id\":\"https:\\\/\\\/www.latribunedeplanas.com\\\/nl\\\/#organization\"},\"image\":{\"@id\":\"https:\\\/\\\/www.latribunedeplanas.com\\\/nl\\\/de-overdracht-van-verstedelijking-kan-niet-worden-uitgevoerd-zonder-de-juiste-studies\\\/#primaryimage\"},\"thumbnailUrl\":\"https:\\\/\\\/www.latribunedeplanas.com\\\/wp-content\\\/uploads\\\/1968\\\/12\\\/impossible.png\",\"articleSection\":[\"Artikelen van 1964 tot 1999\"],\"inLanguage\":\"nl-NL\"},{\"@type\":\"WebPage\",\"@id\":\"https:\\\/\\\/www.latribunedeplanas.com\\\/nl\\\/de-overdracht-van-verstedelijking-kan-niet-worden-uitgevoerd-zonder-de-juiste-studies\\\/\",\"url\":\"https:\\\/\\\/www.latribunedeplanas.com\\\/nl\\\/de-overdracht-van-verstedelijking-kan-niet-worden-uitgevoerd-zonder-de-juiste-studies\\\/\",\"name\":\"28 december 1968: De manoeuvres die de integratie van Planas del Rey hebben afgeremd\",\"isPartOf\":{\"@id\":\"https:\\\/\\\/www.latribunedeplanas.com\\\/nl\\\/#website\"},\"primaryImageOfPage\":{\"@id\":\"https:\\\/\\\/www.latribunedeplanas.com\\\/nl\\\/de-overdracht-van-verstedelijking-kan-niet-worden-uitgevoerd-zonder-de-juiste-studies\\\/#primaryimage\"},\"image\":{\"@id\":\"https:\\\/\\\/www.latribunedeplanas.com\\\/nl\\\/de-overdracht-van-verstedelijking-kan-niet-worden-uitgevoerd-zonder-de-juiste-studies\\\/#primaryimage\"},\"thumbnailUrl\":\"https:\\\/\\\/www.latribunedeplanas.com\\\/wp-content\\\/uploads\\\/1968\\\/12\\\/impossible.png\",\"datePublished\":\"1968-12-28T17:48:06+00:00\",\"dateModified\":\"2025-07-14T20:07:33+00:00\",\"description\":\"archieven van het Ministerie van Binnenlandse Zaken, werpt nieuw licht op de geschiedenis van Planas del Rey\",\"breadcrumb\":{\"@id\":\"https:\\\/\\\/www.latribunedeplanas.com\\\/nl\\\/de-overdracht-van-verstedelijking-kan-niet-worden-uitgevoerd-zonder-de-juiste-studies\\\/#breadcrumb\"},\"inLanguage\":\"nl-NL\",\"potentialAction\":[{\"@type\":\"ReadAction\",\"target\":[\"https:\\\/\\\/www.latribunedeplanas.com\\\/nl\\\/de-overdracht-van-verstedelijking-kan-niet-worden-uitgevoerd-zonder-de-juiste-studies\\\/\"]}]},{\"@type\":\"ImageObject\",\"inLanguage\":\"nl-NL\",\"@id\":\"https:\\\/\\\/www.latribunedeplanas.com\\\/nl\\\/de-overdracht-van-verstedelijking-kan-niet-worden-uitgevoerd-zonder-de-juiste-studies\\\/#primaryimage\",\"url\":\"https:\\\/\\\/www.latribunedeplanas.com\\\/wp-content\\\/uploads\\\/1968\\\/12\\\/impossible.png\",\"contentUrl\":\"https:\\\/\\\/www.latribunedeplanas.com\\\/wp-content\\\/uploads\\\/1968\\\/12\\\/impossible.png\",\"width\":600,\"height\":450,\"caption\":\"Le transfert de l\u2019urbanisation ne peut \u00eatre effectu\u00e9 sans les \u00e9tudes appropri\u00e9es\"},{\"@type\":\"BreadcrumbList\",\"@id\":\"https:\\\/\\\/www.latribunedeplanas.com\\\/nl\\\/de-overdracht-van-verstedelijking-kan-niet-worden-uitgevoerd-zonder-de-juiste-studies\\\/#breadcrumb\",\"itemListElement\":[{\"@type\":\"ListItem\",\"position\":1,\"name\":\"Accueil\",\"item\":\"https:\\\/\\\/www.latribunedeplanas.com\\\/nl\\\/\"},{\"@type\":\"ListItem\",\"position\":2,\"name\":\"28 december 1968: De manoeuvres die de integratie van Planas del Rey hebben afgeremd\"}]},{\"@type\":\"WebSite\",\"@id\":\"https:\\\/\\\/www.latribunedeplanas.com\\\/nl\\\/#website\",\"url\":\"https:\\\/\\\/www.latribunedeplanas.com\\\/nl\\\/\",\"name\":\"La Tribune de Planas del Rey, Pratdip\",\"description\":\"Las Planas del Rey \u2013 Urbanisatie van de gemeente Pratdip\",\"publisher\":{\"@id\":\"https:\\\/\\\/www.latribunedeplanas.com\\\/nl\\\/#organization\"},\"potentialAction\":[{\"@type\":\"SearchAction\",\"target\":{\"@type\":\"EntryPoint\",\"urlTemplate\":\"https:\\\/\\\/www.latribunedeplanas.com\\\/nl\\\/?s={search_term_string}\"},\"query-input\":{\"@type\":\"PropertyValueSpecification\",\"valueRequired\":true,\"valueName\":\"search_term_string\"}}],\"inLanguage\":\"nl-NL\"},{\"@type\":\"Organization\",\"@id\":\"https:\\\/\\\/www.latribunedeplanas.com\\\/nl\\\/#organization\",\"name\":\"Vecinos de Planes del Rei (SOSPlanes)\",\"url\":\"https:\\\/\\\/www.latribunedeplanas.com\\\/nl\\\/\",\"logo\":{\"@type\":\"ImageObject\",\"inLanguage\":\"nl-NL\",\"@id\":\"https:\\\/\\\/www.latribunedeplanas.com\\\/nl\\\/#\\\/schema\\\/logo\\\/image\\\/\",\"url\":\"https:\\\/\\\/www.latribunedeplanas.com\\\/wp-content\\\/uploads\\\/2021\\\/11\\\/logo-sos-planas-0.png\",\"contentUrl\":\"https:\\\/\\\/www.latribunedeplanas.com\\\/wp-content\\\/uploads\\\/2021\\\/11\\\/logo-sos-planas-0.png\",\"width\":600,\"height\":400,\"caption\":\"Vecinos de Planes del Rei (SOSPlanes)\"},\"image\":{\"@id\":\"https:\\\/\\\/www.latribunedeplanas.com\\\/nl\\\/#\\\/schema\\\/logo\\\/image\\\/\"},\"sameAs\":[\"https:\\\/\\\/www.facebook.com\\\/groups\\\/1220895301376005\\\/\",\"https:\\\/\\\/www.instagram.com\\\/lasplanasdelrey\\\/\"]},{\"@type\":\"Person\",\"@id\":\"https:\\\/\\\/www.latribunedeplanas.com\\\/nl\\\/#\\\/schema\\\/person\\\/590a87318688792f18d8e1c983528bc8\",\"name\":\"Jim\",\"image\":{\"@type\":\"ImageObject\",\"inLanguage\":\"nl-NL\",\"@id\":\"https:\\\/\\\/secure.gravatar.com\\\/avatar\\\/5a89228fd282eb9ee33a60b4ff06f9c31751866f1fb91ca56263af0968354113?s=96&d=mm&r=g\",\"url\":\"https:\\\/\\\/secure.gravatar.com\\\/avatar\\\/5a89228fd282eb9ee33a60b4ff06f9c31751866f1fb91ca56263af0968354113?s=96&d=mm&r=g\",\"contentUrl\":\"https:\\\/\\\/secure.gravatar.com\\\/avatar\\\/5a89228fd282eb9ee33a60b4ff06f9c31751866f1fb91ca56263af0968354113?s=96&d=mm&r=g\",\"caption\":\"Jim\"},\"sameAs\":[\"https:\\\/\\\/www.creawebsite.be\\\/\",\"https:\\\/\\\/www.facebook.com\\\/Creawebsite-113915200150984\",\"https:\\\/\\\/www.instagram.com\\\/creawebsite.be\\\/\",\"https:\\\/\\\/www.linkedin.com\\\/in\\\/jean-marc-delchef\\\/\"]}]}<\/script>\n<!-- \/ Yoast SEO plugin. -->","yoast_head_json":{"title":"28 december 1968: De manoeuvres die de integratie van Planas del Rey hebben afgeremd","description":"archieven van het Ministerie van Binnenlandse Zaken, werpt nieuw licht op de geschiedenis van Planas del Rey","robots":{"index":"index","follow":"follow","max-snippet":"max-snippet:-1","max-image-preview":"max-image-preview:large","max-video-preview":"max-video-preview:-1"},"canonical":"https:\/\/www.latribunedeplanas.com\/nl\/de-overdracht-van-verstedelijking-kan-niet-worden-uitgevoerd-zonder-de-juiste-studies\/","og_locale":"nl_NL","og_type":"article","og_title":"De overdracht van verstedelijking kan niet worden uitgevoerd zonder de juiste studies","og_description":"archieven van het Ministerie van Binnenlandse Zaken, werpt nieuw licht op de geschiedenis van Planas del Rey","og_url":"https:\/\/www.latribunedeplanas.com\/nl\/de-overdracht-van-verstedelijking-kan-niet-worden-uitgevoerd-zonder-de-juiste-studies\/","og_site_name":"La Tribune de Planas del Rey, Pratdip","article_publisher":"https:\/\/www.facebook.com\/groups\/1220895301376005\/","article_author":"https:\/\/www.facebook.com\/Creawebsite-113915200150984","article_published_time":"1968-12-28T17:48:06+00:00","article_modified_time":"2025-07-14T20:07:33+00:00","og_image":[{"width":600,"height":450,"url":"https:\/\/www.latribunedeplanas.com\/wp-content\/uploads\/1968\/12\/impossible.png","type":"image\/png"}],"author":"Jim","twitter_card":"summary_large_image","twitter_misc":{"Geschreven door":"Jim","Geschatte leestijd":"3 minuten"},"schema":{"@context":"https:\/\/schema.org","@graph":[{"@type":"Article","@id":"https:\/\/www.latribunedeplanas.com\/nl\/de-overdracht-van-verstedelijking-kan-niet-worden-uitgevoerd-zonder-de-juiste-studies\/#article","isPartOf":{"@id":"https:\/\/www.latribunedeplanas.com\/nl\/de-overdracht-van-verstedelijking-kan-niet-worden-uitgevoerd-zonder-de-juiste-studies\/"},"author":{"name":"Jim","@id":"https:\/\/www.latribunedeplanas.com\/nl\/#\/schema\/person\/590a87318688792f18d8e1c983528bc8"},"headline":"28 december 1968: De manoeuvres die de integratie van Planas del Rey hebben afgeremd","datePublished":"1968-12-28T17:48:06+00:00","dateModified":"2025-07-14T20:07:33+00:00","mainEntityOfPage":{"@id":"https:\/\/www.latribunedeplanas.com\/nl\/de-overdracht-van-verstedelijking-kan-niet-worden-uitgevoerd-zonder-de-juiste-studies\/"},"wordCount":1142,"publisher":{"@id":"https:\/\/www.latribunedeplanas.com\/nl\/#organization"},"image":{"@id":"https:\/\/www.latribunedeplanas.com\/nl\/de-overdracht-van-verstedelijking-kan-niet-worden-uitgevoerd-zonder-de-juiste-studies\/#primaryimage"},"thumbnailUrl":"https:\/\/www.latribunedeplanas.com\/wp-content\/uploads\/1968\/12\/impossible.png","articleSection":["Artikelen van 1964 tot 1999"],"inLanguage":"nl-NL"},{"@type":"WebPage","@id":"https:\/\/www.latribunedeplanas.com\/nl\/de-overdracht-van-verstedelijking-kan-niet-worden-uitgevoerd-zonder-de-juiste-studies\/","url":"https:\/\/www.latribunedeplanas.com\/nl\/de-overdracht-van-verstedelijking-kan-niet-worden-uitgevoerd-zonder-de-juiste-studies\/","name":"28 december 1968: De manoeuvres die de integratie van Planas del Rey hebben afgeremd","isPartOf":{"@id":"https:\/\/www.latribunedeplanas.com\/nl\/#website"},"primaryImageOfPage":{"@id":"https:\/\/www.latribunedeplanas.com\/nl\/de-overdracht-van-verstedelijking-kan-niet-worden-uitgevoerd-zonder-de-juiste-studies\/#primaryimage"},"image":{"@id":"https:\/\/www.latribunedeplanas.com\/nl\/de-overdracht-van-verstedelijking-kan-niet-worden-uitgevoerd-zonder-de-juiste-studies\/#primaryimage"},"thumbnailUrl":"https:\/\/www.latribunedeplanas.com\/wp-content\/uploads\/1968\/12\/impossible.png","datePublished":"1968-12-28T17:48:06+00:00","dateModified":"2025-07-14T20:07:33+00:00","description":"archieven van het Ministerie van Binnenlandse Zaken, werpt nieuw licht op de geschiedenis van Planas del Rey","breadcrumb":{"@id":"https:\/\/www.latribunedeplanas.com\/nl\/de-overdracht-van-verstedelijking-kan-niet-worden-uitgevoerd-zonder-de-juiste-studies\/#breadcrumb"},"inLanguage":"nl-NL","potentialAction":[{"@type":"ReadAction","target":["https:\/\/www.latribunedeplanas.com\/nl\/de-overdracht-van-verstedelijking-kan-niet-worden-uitgevoerd-zonder-de-juiste-studies\/"]}]},{"@type":"ImageObject","inLanguage":"nl-NL","@id":"https:\/\/www.latribunedeplanas.com\/nl\/de-overdracht-van-verstedelijking-kan-niet-worden-uitgevoerd-zonder-de-juiste-studies\/#primaryimage","url":"https:\/\/www.latribunedeplanas.com\/wp-content\/uploads\/1968\/12\/impossible.png","contentUrl":"https:\/\/www.latribunedeplanas.com\/wp-content\/uploads\/1968\/12\/impossible.png","width":600,"height":450,"caption":"Le transfert de l\u2019urbanisation ne peut \u00eatre effectu\u00e9 sans les \u00e9tudes appropri\u00e9es"},{"@type":"BreadcrumbList","@id":"https:\/\/www.latribunedeplanas.com\/nl\/de-overdracht-van-verstedelijking-kan-niet-worden-uitgevoerd-zonder-de-juiste-studies\/#breadcrumb","itemListElement":[{"@type":"ListItem","position":1,"name":"Accueil","item":"https:\/\/www.latribunedeplanas.com\/nl\/"},{"@type":"ListItem","position":2,"name":"28 december 1968: De manoeuvres die de integratie van Planas del Rey hebben afgeremd"}]},{"@type":"WebSite","@id":"https:\/\/www.latribunedeplanas.com\/nl\/#website","url":"https:\/\/www.latribunedeplanas.com\/nl\/","name":"La Tribune de Planas del Rey, Pratdip","description":"Las Planas del Rey \u2013 Urbanisatie van de gemeente Pratdip","publisher":{"@id":"https:\/\/www.latribunedeplanas.com\/nl\/#organization"},"potentialAction":[{"@type":"SearchAction","target":{"@type":"EntryPoint","urlTemplate":"https:\/\/www.latribunedeplanas.com\/nl\/?s={search_term_string}"},"query-input":{"@type":"PropertyValueSpecification","valueRequired":true,"valueName":"search_term_string"}}],"inLanguage":"nl-NL"},{"@type":"Organization","@id":"https:\/\/www.latribunedeplanas.com\/nl\/#organization","name":"Vecinos de Planes del Rei (SOSPlanes)","url":"https:\/\/www.latribunedeplanas.com\/nl\/","logo":{"@type":"ImageObject","inLanguage":"nl-NL","@id":"https:\/\/www.latribunedeplanas.com\/nl\/#\/schema\/logo\/image\/","url":"https:\/\/www.latribunedeplanas.com\/wp-content\/uploads\/2021\/11\/logo-sos-planas-0.png","contentUrl":"https:\/\/www.latribunedeplanas.com\/wp-content\/uploads\/2021\/11\/logo-sos-planas-0.png","width":600,"height":400,"caption":"Vecinos de Planes del Rei (SOSPlanes)"},"image":{"@id":"https:\/\/www.latribunedeplanas.com\/nl\/#\/schema\/logo\/image\/"},"sameAs":["https:\/\/www.facebook.com\/groups\/1220895301376005\/","https:\/\/www.instagram.com\/lasplanasdelrey\/"]},{"@type":"Person","@id":"https:\/\/www.latribunedeplanas.com\/nl\/#\/schema\/person\/590a87318688792f18d8e1c983528bc8","name":"Jim","image":{"@type":"ImageObject","inLanguage":"nl-NL","@id":"https:\/\/secure.gravatar.com\/avatar\/5a89228fd282eb9ee33a60b4ff06f9c31751866f1fb91ca56263af0968354113?s=96&d=mm&r=g","url":"https:\/\/secure.gravatar.com\/avatar\/5a89228fd282eb9ee33a60b4ff06f9c31751866f1fb91ca56263af0968354113?s=96&d=mm&r=g","contentUrl":"https:\/\/secure.gravatar.com\/avatar\/5a89228fd282eb9ee33a60b4ff06f9c31751866f1fb91ca56263af0968354113?s=96&d=mm&r=g","caption":"Jim"},"sameAs":["https:\/\/www.creawebsite.be\/","https:\/\/www.facebook.com\/Creawebsite-113915200150984","https:\/\/www.instagram.com\/creawebsite.be\/","https:\/\/www.linkedin.com\/in\/jean-marc-delchef\/"]}]}},"_links":{"self":[{"href":"https:\/\/www.latribunedeplanas.com\/nl\/wp-json\/wp\/v2\/posts\/22774","targetHints":{"allow":["GET"]}}],"collection":[{"href":"https:\/\/www.latribunedeplanas.com\/nl\/wp-json\/wp\/v2\/posts"}],"about":[{"href":"https:\/\/www.latribunedeplanas.com\/nl\/wp-json\/wp\/v2\/types\/post"}],"author":[{"embeddable":true,"href":"https:\/\/www.latribunedeplanas.com\/nl\/wp-json\/wp\/v2\/users\/1"}],"replies":[{"embeddable":true,"href":"https:\/\/www.latribunedeplanas.com\/nl\/wp-json\/wp\/v2\/comments?post=22774"}],"version-history":[{"count":1,"href":"https:\/\/www.latribunedeplanas.com\/nl\/wp-json\/wp\/v2\/posts\/22774\/revisions"}],"predecessor-version":[{"id":25053,"href":"https:\/\/www.latribunedeplanas.com\/nl\/wp-json\/wp\/v2\/posts\/22774\/revisions\/25053"}],"wp:featuredmedia":[{"embeddable":true,"href":"https:\/\/www.latribunedeplanas.com\/nl\/wp-json\/wp\/v2\/media\/22775"}],"wp:attachment":[{"href":"https:\/\/www.latribunedeplanas.com\/nl\/wp-json\/wp\/v2\/media?parent=22774"}],"wp:term":[{"taxonomy":"category","embeddable":true,"href":"https:\/\/www.latribunedeplanas.com\/nl\/wp-json\/wp\/v2\/categories?post=22774"},{"taxonomy":"post_tag","embeddable":true,"href":"https:\/\/www.latribunedeplanas.com\/nl\/wp-json\/wp\/v2\/tags?post=22774"}],"curies":[{"name":"wp","href":"https:\/\/api.w.org\/{rel}","templated":true}]}}