{"id":22571,"date":"2023-08-22T14:12:35","date_gmt":"2023-08-22T12:12:35","guid":{"rendered":"https:\/\/www.latribunedeplanas.com\/resume-de-notre-entrevue-avec-la-maire-de-pratdip\/"},"modified":"2025-11-14T10:04:21","modified_gmt":"2025-11-14T09:04:21","slug":"samenvatting-van-ons-interview-met-de-burgemeester-van-pratdip","status":"publish","type":"post","link":"https:\/\/www.latribunedeplanas.com\/nl\/samenvatting-van-ons-interview-met-de-burgemeester-van-pratdip\/","title":{"rendered":"Ontmoeting met de nieuwe burgemeester van Pratdip, Silvia Carrillo"},"content":{"rendered":"<p>[et_pb_section fb_built=&#8221;1&#8243; admin_label=&#8221;Section-Article&#8221; module_class=&#8221;section-article&#8221; _builder_version=&#8221;4.18.0&#8243; custom_margin=&#8221;0px|0px|0px|0px&#8221; custom_padding=&#8221;0px|0px|0px|0px&#8221; global_colors_info=&#8221;{}&#8221;][et_pb_row use_custom_gutter=&#8221;on&#8221; gutter_width=&#8221;1&#8243; admin_label=&#8221;Ligne-Article&#8221; module_class=&#8221;ligne-article et_pb_row_fullwidth&#8221; _builder_version=&#8221;4.16&#8243; width=&#8221;100%&#8221; width_tablet=&#8221;100%&#8221; width_phone=&#8221;&#8221; width_last_edited=&#8221;on|desktop&#8221; max_width=&#8221;100%&#8221; max_width_tablet=&#8221;100%&#8221; max_width_phone=&#8221;&#8221; max_width_last_edited=&#8221;on|desktop&#8221; custom_margin=&#8221;0px||0px&#8221; custom_padding=&#8221;0px||0px&#8221; make_fullwidth=&#8221;on&#8221; global_colors_info=&#8221;{}&#8221;][et_pb_column type=&#8221;4_4&#8243; _builder_version=&#8221;4.16&#8243; custom_padding=&#8221;|||&#8221; global_colors_info=&#8221;{}&#8221; custom_padding__hover=&#8221;|||&#8221;][et_pb_text admin_label=&#8221;Texte-Samenvatting van ons interview met de burgemeester van Pratdip&#8221; module_class=&#8221;txt-article&#8221; _builder_version=&#8221;4.27.4&#8243; text_font=&#8221;|300|||||||&#8221; header_font=&#8221;||||||||&#8221; header_2_line_height=&#8221;1.2em&#8221; header_3_font=&#8221;||||||||&#8221; header_3_line_height=&#8221;1.3em&#8221; header_4_text_align=&#8221;center&#8221; text_line_height_tablet=&#8221;&#8221; text_line_height_phone=&#8221;1.3em&#8221; text_line_height_last_edited=&#8221;on|desktop&#8221; header_2_font_size_tablet=&#8221;&#8221; header_2_font_size_phone=&#8221;&#8221; header_2_font_size_last_edited=&#8221;on|phone&#8221; header_3_font_size_tablet=&#8221;&#8221; header_3_font_size_phone=&#8221;23px&#8221; header_3_font_size_last_edited=&#8221;on|desktop&#8221; global_colors_info=&#8221;{}&#8221;]<\/p>\n<p>Op <span class=\"accentue\">woensdag 9 augustus<\/span> werd onze vereniging ontvangen door <span class=\"accentue\">mevrouw Silvia Carrillo<\/span>, de nieuwe burgemeester van Pratdip. Drie bestuursleden waren aanwezig: <span class=\"accentue\">Fr\u00e9d\u00e9ric Zuccheretti<\/span>, <span class=\"accentue\">JM Delchef (Jim)<\/span> en onze voorzitter <span class=\"accentue\">G\u00e9rard Marais<\/span>.<\/p>\n<h2>Een respectvolle en constructieve ontvangst<\/h2>\n<p>Voor het eerst, en dat willen we benadrukken, werd de <span class=\"accentue\">AVPR &#8211; SOS Planas<\/span> met respect en hartelijkheid ontvangen op het gemeentehuis. We begonnen het gesprek met felicitaties aan mevrouw Carrillo voor haar verkiezingsoverwinning.<\/p>\n<h2>Onze eisen herbevestigd<\/h2>\n<p>We hebben de vaste doelstellingen van onze vereniging uiteengezet: de bewoners van Planes del Rei <span class=\"accentue\">volwaardige burgers<\/span> maken, met dezelfde rechten en plichten als die van Pratdip.<\/p>\n<p>We herinnerden eraan dat onze actie een <span class=\"accentue\">juridisch verzet tegen misbruiken<\/span> van vroegere burgemeesters is, en dat onze gerechtelijke stappen gemotiveerd waren door de noodzaak om fundamentele rechten te doen respecteren.<\/p>\n<h2>Overhandigde documenten<\/h2>\n<p>We hebben haar twee essenti\u00eble documenten overhandigd:<\/p>\n<ul>\n<li>Een overzicht van de gerechtelijke stappen die sinds de <a href=\"https:\/\/www.latribunedeplanas.com\/nl\/ontbinding-van-de-eucc-vonnis-van-het-hoogste-gerechtshof-van-catalonie\/\">uitspraak van 2016<\/a> zijn ondernomen en de daaruit voortvloeiende verplichtingen.<\/li>\n<li>Een kopie van het <a href=\"https:\/\/www.latribunedeplanas.com\/wp-content\/uploads\/2022\/02\/2021-12-29-recurso-de-alzada-alegationes-reparacelacion-2021-ayto-pratdip.pdf\" target=\"_blank\">administratief beroep (recurso de alzada)<\/a> dat in december 2021 werd ingediend tegen de megalomane werken die de voormalige burgemeester voor 100% aan de bewoners wilde doorrekenen, terwijl de gemeente 45% van de urbanisatie bezit.<\/li>\n<\/ul>\n<p>We hebben onze eis herhaald om artikel 26 van wet 7\/1985 van 2 april inzake het lokale bestuur toe te passen, die <span class=\"accentue\">de levering van minimale openbare diensten<\/span> voorschrijft, te beginnen met openbare verlichting.<\/p>\n<h2>Over de integratie van Planes<\/h2>\n<p>We hebben onze onbegrip geuit over de gedeeltelijke integratie van de urbanisatie (alleen de groene zones), terwijl deze gebieden sinds 1965 ongewijzigd zijn gebleven. Mevrouw Carrillo gaf toe dat ook zij deze beslissing niet begreep.<\/p>\n<p>Ze verzekerde ons van haar <span class=\"accentue\">inzet voor transparantie<\/span> en haar bereidheid om persoonlijk dossiers over de urbanisaties op te volgen.<\/p>\n<h2>Een nieuw perspectief<\/h2>\n<p>We verwelkomen deze nieuwe benadering, zeker omdat zij zich bereid toonde onze advocaat, <span class=\"accentue\">Meester Barquin<\/span>, te ontmoeten \u2014 een historische primeur voor onze vereniging.<\/p>\n<h2>Conclusie<\/h2>\n<p>Deze eerste ontmoeting was zeer positief. Maar <span class=\"accentue\">alleen concrete acties van de gemeente<\/span>, in overeenstemming met legaliteit en rechtvaardigheid, zullen echt kunnen beantwoorden aan de verwachtingen van de bewoners.<\/p>\n<p><span class=\"accentue\">Voor AVPR &#8211; SOS Planas<\/span><br \/>\nDe voorzitter, <span class=\"accentue\">G\u00e9rard Marais<\/span><\/p>\n<p>[\/et_pb_text][\/et_pb_column][\/et_pb_row][\/et_pb_section]<\/p>\n","protected":false},"excerpt":{"rendered":"<p>Op woensdag 9 augustus werd onze vereniging ontvangen door mevrouw Silvia Carrillo, de nieuwe burgemeester van Pratdip. Drie bestuursleden waren aanwezig: Fr\u00e9d\u00e9ric Zuccheretti, JM Delchef (Jim) en onze voorzitter G\u00e9rard Marais. Een respectvolle en constructieve ontvangst Voor het eerst, en dat willen we benadrukken, werd de AVPR &#8211; SOS Planas met respect en hartelijkheid ontvangen [&hellip;]<\/p>\n","protected":false},"author":1,"featured_media":22572,"comment_status":"closed","ping_status":"closed","sticky":false,"template":"","format":"standard","meta":{"_et_pb_use_builder":"on","_et_pb_old_content":"","_et_gb_content_width":"","footnotes":""},"categories":[168],"tags":[],"class_list":["post-22571","post","type-post","status-publish","format-standard","has-post-thumbnail","hentry","category-artikelen-van-2023"],"yoast_head":"<!-- This site is optimized with the Yoast SEO plugin v27.5 - https:\/\/yoast.com\/product\/yoast-seo-wordpress\/ -->\n<title>De nieuwe burgemeester van Pratdip, Silvia Carrillo<\/title>\n<meta name=\"description\" content=\"Ontmoeting met de nieuwe burgemeester van Pratdip, Silvia Carrillo: een constructieve uitwisseling, in afwachting van concrete daden.\" \/>\n<meta name=\"robots\" content=\"index, follow, max-snippet:-1, max-image-preview:large, max-video-preview:-1\" \/>\n<link rel=\"canonical\" href=\"https:\/\/www.latribunedeplanas.com\/nl\/samenvatting-van-ons-interview-met-de-burgemeester-van-pratdip\/\" \/>\n<meta property=\"og:locale\" content=\"nl_NL\" \/>\n<meta property=\"og:type\" content=\"article\" \/>\n<meta property=\"og:title\" content=\"De nieuwe burgemeester van Pratdip, Silvia Carrillo\" \/>\n<meta property=\"og:description\" content=\"Ontmoeting met de nieuwe burgemeester van Pratdip, Silvia Carrillo: een constructieve uitwisseling, in afwachting van concrete daden.\" \/>\n<meta property=\"og:url\" content=\"https:\/\/www.latribunedeplanas.com\/nl\/samenvatting-van-ons-interview-met-de-burgemeester-van-pratdip\/\" \/>\n<meta property=\"og:site_name\" content=\"La Tribune de Planas del Rey, Pratdip\" \/>\n<meta property=\"article:publisher\" content=\"https:\/\/www.facebook.com\/groups\/1220895301376005\/\" \/>\n<meta property=\"article:author\" content=\"https:\/\/www.facebook.com\/Creawebsite-113915200150984\" \/>\n<meta property=\"article:published_time\" content=\"2023-08-22T12:12:35+00:00\" \/>\n<meta property=\"article:modified_time\" content=\"2025-11-14T09:04:21+00:00\" \/>\n<meta property=\"og:image\" content=\"https:\/\/www.latribunedeplanas.com\/wp-content\/uploads\/2023\/08\/mairesse-de-pratdip.jpg\" \/>\n\t<meta property=\"og:image:width\" content=\"1080\" \/>\n\t<meta property=\"og:image:height\" content=\"700\" \/>\n\t<meta property=\"og:image:type\" content=\"image\/jpeg\" \/>\n<meta name=\"author\" content=\"Jim\" \/>\n<meta name=\"twitter:card\" content=\"summary_large_image\" \/>\n<meta name=\"twitter:label1\" content=\"Geschreven door\" \/>\n\t<meta name=\"twitter:data1\" content=\"Jim\" \/>\n\t<meta name=\"twitter:label2\" content=\"Geschatte leestijd\" \/>\n\t<meta name=\"twitter:data2\" content=\"3 minuten\" \/>\n<script type=\"application\/ld+json\" class=\"yoast-schema-graph\">{\"@context\":\"https:\\\/\\\/schema.org\",\"@graph\":[{\"@type\":\"Article\",\"@id\":\"https:\\\/\\\/www.latribunedeplanas.com\\\/nl\\\/samenvatting-van-ons-interview-met-de-burgemeester-van-pratdip\\\/#article\",\"isPartOf\":{\"@id\":\"https:\\\/\\\/www.latribunedeplanas.com\\\/nl\\\/samenvatting-van-ons-interview-met-de-burgemeester-van-pratdip\\\/\"},\"author\":{\"name\":\"Jim\",\"@id\":\"https:\\\/\\\/www.latribunedeplanas.com\\\/nl\\\/#\\\/schema\\\/person\\\/590a87318688792f18d8e1c983528bc8\"},\"headline\":\"Ontmoeting met de nieuwe burgemeester van Pratdip, Silvia Carrillo\",\"datePublished\":\"2023-08-22T12:12:35+00:00\",\"dateModified\":\"2025-11-14T09:04:21+00:00\",\"mainEntityOfPage\":{\"@id\":\"https:\\\/\\\/www.latribunedeplanas.com\\\/nl\\\/samenvatting-van-ons-interview-met-de-burgemeester-van-pratdip\\\/\"},\"wordCount\":561,\"publisher\":{\"@id\":\"https:\\\/\\\/www.latribunedeplanas.com\\\/nl\\\/#organization\"},\"image\":{\"@id\":\"https:\\\/\\\/www.latribunedeplanas.com\\\/nl\\\/samenvatting-van-ons-interview-met-de-burgemeester-van-pratdip\\\/#primaryimage\"},\"thumbnailUrl\":\"https:\\\/\\\/www.latribunedeplanas.com\\\/wp-content\\\/uploads\\\/2023\\\/08\\\/mairesse-de-pratdip.jpg\",\"articleSection\":[\"Artikelen van 2023\"],\"inLanguage\":\"nl-NL\"},{\"@type\":\"WebPage\",\"@id\":\"https:\\\/\\\/www.latribunedeplanas.com\\\/nl\\\/samenvatting-van-ons-interview-met-de-burgemeester-van-pratdip\\\/\",\"url\":\"https:\\\/\\\/www.latribunedeplanas.com\\\/nl\\\/samenvatting-van-ons-interview-met-de-burgemeester-van-pratdip\\\/\",\"name\":\"De nieuwe burgemeester van Pratdip, Silvia Carrillo\",\"isPartOf\":{\"@id\":\"https:\\\/\\\/www.latribunedeplanas.com\\\/nl\\\/#website\"},\"primaryImageOfPage\":{\"@id\":\"https:\\\/\\\/www.latribunedeplanas.com\\\/nl\\\/samenvatting-van-ons-interview-met-de-burgemeester-van-pratdip\\\/#primaryimage\"},\"image\":{\"@id\":\"https:\\\/\\\/www.latribunedeplanas.com\\\/nl\\\/samenvatting-van-ons-interview-met-de-burgemeester-van-pratdip\\\/#primaryimage\"},\"thumbnailUrl\":\"https:\\\/\\\/www.latribunedeplanas.com\\\/wp-content\\\/uploads\\\/2023\\\/08\\\/mairesse-de-pratdip.jpg\",\"datePublished\":\"2023-08-22T12:12:35+00:00\",\"dateModified\":\"2025-11-14T09:04:21+00:00\",\"description\":\"Ontmoeting met de nieuwe burgemeester van Pratdip, Silvia Carrillo: een constructieve uitwisseling, in afwachting van concrete daden.\",\"breadcrumb\":{\"@id\":\"https:\\\/\\\/www.latribunedeplanas.com\\\/nl\\\/samenvatting-van-ons-interview-met-de-burgemeester-van-pratdip\\\/#breadcrumb\"},\"inLanguage\":\"nl-NL\",\"potentialAction\":[{\"@type\":\"ReadAction\",\"target\":[\"https:\\\/\\\/www.latribunedeplanas.com\\\/nl\\\/samenvatting-van-ons-interview-met-de-burgemeester-van-pratdip\\\/\"]}]},{\"@type\":\"ImageObject\",\"inLanguage\":\"nl-NL\",\"@id\":\"https:\\\/\\\/www.latribunedeplanas.com\\\/nl\\\/samenvatting-van-ons-interview-met-de-burgemeester-van-pratdip\\\/#primaryimage\",\"url\":\"https:\\\/\\\/www.latribunedeplanas.com\\\/wp-content\\\/uploads\\\/2023\\\/08\\\/mairesse-de-pratdip.jpg\",\"contentUrl\":\"https:\\\/\\\/www.latribunedeplanas.com\\\/wp-content\\\/uploads\\\/2023\\\/08\\\/mairesse-de-pratdip.jpg\",\"width\":1080,\"height\":700},{\"@type\":\"BreadcrumbList\",\"@id\":\"https:\\\/\\\/www.latribunedeplanas.com\\\/nl\\\/samenvatting-van-ons-interview-met-de-burgemeester-van-pratdip\\\/#breadcrumb\",\"itemListElement\":[{\"@type\":\"ListItem\",\"position\":1,\"name\":\"Accueil\",\"item\":\"https:\\\/\\\/www.latribunedeplanas.com\\\/nl\\\/\"},{\"@type\":\"ListItem\",\"position\":2,\"name\":\"Ontmoeting met de nieuwe burgemeester van Pratdip, Silvia Carrillo\"}]},{\"@type\":\"WebSite\",\"@id\":\"https:\\\/\\\/www.latribunedeplanas.com\\\/nl\\\/#website\",\"url\":\"https:\\\/\\\/www.latribunedeplanas.com\\\/nl\\\/\",\"name\":\"La Tribune de Planas del Rey, Pratdip\",\"description\":\"Las Planas del Rey \u2013 Urbanisatie van de gemeente Pratdip\",\"publisher\":{\"@id\":\"https:\\\/\\\/www.latribunedeplanas.com\\\/nl\\\/#organization\"},\"potentialAction\":[{\"@type\":\"SearchAction\",\"target\":{\"@type\":\"EntryPoint\",\"urlTemplate\":\"https:\\\/\\\/www.latribunedeplanas.com\\\/nl\\\/?s={search_term_string}\"},\"query-input\":{\"@type\":\"PropertyValueSpecification\",\"valueRequired\":true,\"valueName\":\"search_term_string\"}}],\"inLanguage\":\"nl-NL\"},{\"@type\":\"Organization\",\"@id\":\"https:\\\/\\\/www.latribunedeplanas.com\\\/nl\\\/#organization\",\"name\":\"Vecinos de Planes del Rei (SOSPlanes)\",\"url\":\"https:\\\/\\\/www.latribunedeplanas.com\\\/nl\\\/\",\"logo\":{\"@type\":\"ImageObject\",\"inLanguage\":\"nl-NL\",\"@id\":\"https:\\\/\\\/www.latribunedeplanas.com\\\/nl\\\/#\\\/schema\\\/logo\\\/image\\\/\",\"url\":\"https:\\\/\\\/www.latribunedeplanas.com\\\/wp-content\\\/uploads\\\/2021\\\/11\\\/logo-sos-planas-0.png\",\"contentUrl\":\"https:\\\/\\\/www.latribunedeplanas.com\\\/wp-content\\\/uploads\\\/2021\\\/11\\\/logo-sos-planas-0.png\",\"width\":600,\"height\":400,\"caption\":\"Vecinos de Planes del Rei (SOSPlanes)\"},\"image\":{\"@id\":\"https:\\\/\\\/www.latribunedeplanas.com\\\/nl\\\/#\\\/schema\\\/logo\\\/image\\\/\"},\"sameAs\":[\"https:\\\/\\\/www.facebook.com\\\/groups\\\/1220895301376005\\\/\",\"https:\\\/\\\/www.instagram.com\\\/lasplanasdelrey\\\/\"]},{\"@type\":\"Person\",\"@id\":\"https:\\\/\\\/www.latribunedeplanas.com\\\/nl\\\/#\\\/schema\\\/person\\\/590a87318688792f18d8e1c983528bc8\",\"name\":\"Jim\",\"image\":{\"@type\":\"ImageObject\",\"inLanguage\":\"nl-NL\",\"@id\":\"https:\\\/\\\/secure.gravatar.com\\\/avatar\\\/5a89228fd282eb9ee33a60b4ff06f9c31751866f1fb91ca56263af0968354113?s=96&d=mm&r=g\",\"url\":\"https:\\\/\\\/secure.gravatar.com\\\/avatar\\\/5a89228fd282eb9ee33a60b4ff06f9c31751866f1fb91ca56263af0968354113?s=96&d=mm&r=g\",\"contentUrl\":\"https:\\\/\\\/secure.gravatar.com\\\/avatar\\\/5a89228fd282eb9ee33a60b4ff06f9c31751866f1fb91ca56263af0968354113?s=96&d=mm&r=g\",\"caption\":\"Jim\"},\"sameAs\":[\"https:\\\/\\\/www.creawebsite.be\\\/\",\"https:\\\/\\\/www.facebook.com\\\/Creawebsite-113915200150984\",\"https:\\\/\\\/www.instagram.com\\\/creawebsite.be\\\/\",\"https:\\\/\\\/www.linkedin.com\\\/in\\\/jean-marc-delchef\\\/\"]}]}<\/script>\n<!-- \/ Yoast SEO plugin. -->","yoast_head_json":{"title":"De nieuwe burgemeester van Pratdip, Silvia Carrillo","description":"Ontmoeting met de nieuwe burgemeester van Pratdip, Silvia Carrillo: een constructieve uitwisseling, in afwachting van concrete daden.","robots":{"index":"index","follow":"follow","max-snippet":"max-snippet:-1","max-image-preview":"max-image-preview:large","max-video-preview":"max-video-preview:-1"},"canonical":"https:\/\/www.latribunedeplanas.com\/nl\/samenvatting-van-ons-interview-met-de-burgemeester-van-pratdip\/","og_locale":"nl_NL","og_type":"article","og_title":"De nieuwe burgemeester van Pratdip, Silvia Carrillo","og_description":"Ontmoeting met de nieuwe burgemeester van Pratdip, Silvia Carrillo: een constructieve uitwisseling, in afwachting van concrete daden.","og_url":"https:\/\/www.latribunedeplanas.com\/nl\/samenvatting-van-ons-interview-met-de-burgemeester-van-pratdip\/","og_site_name":"La Tribune de Planas del Rey, Pratdip","article_publisher":"https:\/\/www.facebook.com\/groups\/1220895301376005\/","article_author":"https:\/\/www.facebook.com\/Creawebsite-113915200150984","article_published_time":"2023-08-22T12:12:35+00:00","article_modified_time":"2025-11-14T09:04:21+00:00","og_image":[{"width":1080,"height":700,"url":"https:\/\/www.latribunedeplanas.com\/wp-content\/uploads\/2023\/08\/mairesse-de-pratdip.jpg","type":"image\/jpeg"}],"author":"Jim","twitter_card":"summary_large_image","twitter_misc":{"Geschreven door":"Jim","Geschatte leestijd":"3 minuten"},"schema":{"@context":"https:\/\/schema.org","@graph":[{"@type":"Article","@id":"https:\/\/www.latribunedeplanas.com\/nl\/samenvatting-van-ons-interview-met-de-burgemeester-van-pratdip\/#article","isPartOf":{"@id":"https:\/\/www.latribunedeplanas.com\/nl\/samenvatting-van-ons-interview-met-de-burgemeester-van-pratdip\/"},"author":{"name":"Jim","@id":"https:\/\/www.latribunedeplanas.com\/nl\/#\/schema\/person\/590a87318688792f18d8e1c983528bc8"},"headline":"Ontmoeting met de nieuwe burgemeester van Pratdip, Silvia Carrillo","datePublished":"2023-08-22T12:12:35+00:00","dateModified":"2025-11-14T09:04:21+00:00","mainEntityOfPage":{"@id":"https:\/\/www.latribunedeplanas.com\/nl\/samenvatting-van-ons-interview-met-de-burgemeester-van-pratdip\/"},"wordCount":561,"publisher":{"@id":"https:\/\/www.latribunedeplanas.com\/nl\/#organization"},"image":{"@id":"https:\/\/www.latribunedeplanas.com\/nl\/samenvatting-van-ons-interview-met-de-burgemeester-van-pratdip\/#primaryimage"},"thumbnailUrl":"https:\/\/www.latribunedeplanas.com\/wp-content\/uploads\/2023\/08\/mairesse-de-pratdip.jpg","articleSection":["Artikelen van 2023"],"inLanguage":"nl-NL"},{"@type":"WebPage","@id":"https:\/\/www.latribunedeplanas.com\/nl\/samenvatting-van-ons-interview-met-de-burgemeester-van-pratdip\/","url":"https:\/\/www.latribunedeplanas.com\/nl\/samenvatting-van-ons-interview-met-de-burgemeester-van-pratdip\/","name":"De nieuwe burgemeester van Pratdip, Silvia Carrillo","isPartOf":{"@id":"https:\/\/www.latribunedeplanas.com\/nl\/#website"},"primaryImageOfPage":{"@id":"https:\/\/www.latribunedeplanas.com\/nl\/samenvatting-van-ons-interview-met-de-burgemeester-van-pratdip\/#primaryimage"},"image":{"@id":"https:\/\/www.latribunedeplanas.com\/nl\/samenvatting-van-ons-interview-met-de-burgemeester-van-pratdip\/#primaryimage"},"thumbnailUrl":"https:\/\/www.latribunedeplanas.com\/wp-content\/uploads\/2023\/08\/mairesse-de-pratdip.jpg","datePublished":"2023-08-22T12:12:35+00:00","dateModified":"2025-11-14T09:04:21+00:00","description":"Ontmoeting met de nieuwe burgemeester van Pratdip, Silvia Carrillo: een constructieve uitwisseling, in afwachting van concrete daden.","breadcrumb":{"@id":"https:\/\/www.latribunedeplanas.com\/nl\/samenvatting-van-ons-interview-met-de-burgemeester-van-pratdip\/#breadcrumb"},"inLanguage":"nl-NL","potentialAction":[{"@type":"ReadAction","target":["https:\/\/www.latribunedeplanas.com\/nl\/samenvatting-van-ons-interview-met-de-burgemeester-van-pratdip\/"]}]},{"@type":"ImageObject","inLanguage":"nl-NL","@id":"https:\/\/www.latribunedeplanas.com\/nl\/samenvatting-van-ons-interview-met-de-burgemeester-van-pratdip\/#primaryimage","url":"https:\/\/www.latribunedeplanas.com\/wp-content\/uploads\/2023\/08\/mairesse-de-pratdip.jpg","contentUrl":"https:\/\/www.latribunedeplanas.com\/wp-content\/uploads\/2023\/08\/mairesse-de-pratdip.jpg","width":1080,"height":700},{"@type":"BreadcrumbList","@id":"https:\/\/www.latribunedeplanas.com\/nl\/samenvatting-van-ons-interview-met-de-burgemeester-van-pratdip\/#breadcrumb","itemListElement":[{"@type":"ListItem","position":1,"name":"Accueil","item":"https:\/\/www.latribunedeplanas.com\/nl\/"},{"@type":"ListItem","position":2,"name":"Ontmoeting met de nieuwe burgemeester van Pratdip, Silvia Carrillo"}]},{"@type":"WebSite","@id":"https:\/\/www.latribunedeplanas.com\/nl\/#website","url":"https:\/\/www.latribunedeplanas.com\/nl\/","name":"La Tribune de Planas del Rey, Pratdip","description":"Las Planas del Rey \u2013 Urbanisatie van de gemeente Pratdip","publisher":{"@id":"https:\/\/www.latribunedeplanas.com\/nl\/#organization"},"potentialAction":[{"@type":"SearchAction","target":{"@type":"EntryPoint","urlTemplate":"https:\/\/www.latribunedeplanas.com\/nl\/?s={search_term_string}"},"query-input":{"@type":"PropertyValueSpecification","valueRequired":true,"valueName":"search_term_string"}}],"inLanguage":"nl-NL"},{"@type":"Organization","@id":"https:\/\/www.latribunedeplanas.com\/nl\/#organization","name":"Vecinos de Planes del Rei (SOSPlanes)","url":"https:\/\/www.latribunedeplanas.com\/nl\/","logo":{"@type":"ImageObject","inLanguage":"nl-NL","@id":"https:\/\/www.latribunedeplanas.com\/nl\/#\/schema\/logo\/image\/","url":"https:\/\/www.latribunedeplanas.com\/wp-content\/uploads\/2021\/11\/logo-sos-planas-0.png","contentUrl":"https:\/\/www.latribunedeplanas.com\/wp-content\/uploads\/2021\/11\/logo-sos-planas-0.png","width":600,"height":400,"caption":"Vecinos de Planes del Rei (SOSPlanes)"},"image":{"@id":"https:\/\/www.latribunedeplanas.com\/nl\/#\/schema\/logo\/image\/"},"sameAs":["https:\/\/www.facebook.com\/groups\/1220895301376005\/","https:\/\/www.instagram.com\/lasplanasdelrey\/"]},{"@type":"Person","@id":"https:\/\/www.latribunedeplanas.com\/nl\/#\/schema\/person\/590a87318688792f18d8e1c983528bc8","name":"Jim","image":{"@type":"ImageObject","inLanguage":"nl-NL","@id":"https:\/\/secure.gravatar.com\/avatar\/5a89228fd282eb9ee33a60b4ff06f9c31751866f1fb91ca56263af0968354113?s=96&d=mm&r=g","url":"https:\/\/secure.gravatar.com\/avatar\/5a89228fd282eb9ee33a60b4ff06f9c31751866f1fb91ca56263af0968354113?s=96&d=mm&r=g","contentUrl":"https:\/\/secure.gravatar.com\/avatar\/5a89228fd282eb9ee33a60b4ff06f9c31751866f1fb91ca56263af0968354113?s=96&d=mm&r=g","caption":"Jim"},"sameAs":["https:\/\/www.creawebsite.be\/","https:\/\/www.facebook.com\/Creawebsite-113915200150984","https:\/\/www.instagram.com\/creawebsite.be\/","https:\/\/www.linkedin.com\/in\/jean-marc-delchef\/"]}]}},"_links":{"self":[{"href":"https:\/\/www.latribunedeplanas.com\/nl\/wp-json\/wp\/v2\/posts\/22571","targetHints":{"allow":["GET"]}}],"collection":[{"href":"https:\/\/www.latribunedeplanas.com\/nl\/wp-json\/wp\/v2\/posts"}],"about":[{"href":"https:\/\/www.latribunedeplanas.com\/nl\/wp-json\/wp\/v2\/types\/post"}],"author":[{"embeddable":true,"href":"https:\/\/www.latribunedeplanas.com\/nl\/wp-json\/wp\/v2\/users\/1"}],"replies":[{"embeddable":true,"href":"https:\/\/www.latribunedeplanas.com\/nl\/wp-json\/wp\/v2\/comments?post=22571"}],"version-history":[{"count":5,"href":"https:\/\/www.latribunedeplanas.com\/nl\/wp-json\/wp\/v2\/posts\/22571\/revisions"}],"predecessor-version":[{"id":30333,"href":"https:\/\/www.latribunedeplanas.com\/nl\/wp-json\/wp\/v2\/posts\/22571\/revisions\/30333"}],"wp:featuredmedia":[{"embeddable":true,"href":"https:\/\/www.latribunedeplanas.com\/nl\/wp-json\/wp\/v2\/media\/22572"}],"wp:attachment":[{"href":"https:\/\/www.latribunedeplanas.com\/nl\/wp-json\/wp\/v2\/media?parent=22571"}],"wp:term":[{"taxonomy":"category","embeddable":true,"href":"https:\/\/www.latribunedeplanas.com\/nl\/wp-json\/wp\/v2\/categories?post=22571"},{"taxonomy":"post_tag","embeddable":true,"href":"https:\/\/www.latribunedeplanas.com\/nl\/wp-json\/wp\/v2\/tags?post=22571"}],"curies":[{"name":"wp","href":"https:\/\/api.w.org\/{rel}","templated":true}]}}