{"id":29298,"date":"2024-06-21T14:09:54","date_gmt":"2024-06-21T12:09:54","guid":{"rendered":"https:\/\/www.latribunedeplanas.com\/21-juin-2024-nota-simple-informativa-du-registre-de-la-propriete-de-falset-finca-n1169-planas-del-rey\/"},"modified":"2025-11-14T09:59:32","modified_gmt":"2025-11-14T08:59:32","slug":"21-de-junio-de-2024-nota-simple-informativa-del-registro-de-la-propiedad-de-falset-finca-n1169-planas-del-rey","status":"publish","type":"post","link":"https:\/\/www.latribunedeplanas.com\/es\/21-de-junio-de-2024-nota-simple-informativa-del-registro-de-la-propiedad-de-falset-finca-n1169-planas-del-rey\/","title":{"rendered":"21 de junio de 2024: Nota simple informativa del Registro de la Propiedad de Falset \u2013 Finca n\u00b01169 (Planas del Rey)"},"content":{"rendered":"<p>[et_pb_section fb_built=\u00bb1&#8243; admin_label=\u00bbSection-Article\u00bb module_class=\u00bbsection-article\u00bb _builder_version=\u00bb4.18.0&#8243; custom_margin=\u00bb0px|0px|0px|0px\u00bb custom_padding=\u00bb0px|0px|0px|0px\u00bb global_colors_info=\u00bb{}\u00bb][et_pb_row use_custom_gutter=\u00bbon\u00bb gutter_width=\u00bb1&#8243; custom_padding_last_edited=\u00bbon|phone\u00bb admin_label=\u00bbLigne-Article\u00bb module_class=\u00bbligne-article et_pb_row_fullwidth\u00bb _builder_version=\u00bb4.27.4&#8243; width=\u00bb100%\u00bb width_tablet=\u00bb100%\u00bb width_phone=\u00bb\u00bb width_last_edited=\u00bbon|desktop\u00bb max_width=\u00bb100%\u00bb max_width_tablet=\u00bb100%\u00bb max_width_phone=\u00bb\u00bb max_width_last_edited=\u00bbon|desktop\u00bb custom_margin=\u00bb0px||0px\u00bb custom_padding=\u00bb20px||0px||false|false\u00bb custom_padding_tablet=\u00bb20px||0px||false|false\u00bb custom_padding_phone=\u00bb15px||||false|false\u00bb make_fullwidth=\u00bbon\u00bb global_colors_info=\u00bb{}\u00bb][et_pb_column type=\u00bb4_4&#8243; _builder_version=\u00bb4.16&#8243; custom_padding=\u00bb|||\u00bb global_colors_info=\u00bb{}\u00bb custom_padding__hover=\u00bb|||\u00bb][et_pb_text admin_label=\u00bbTexte-21 de junio de 2024 : Nota simple informativa del Registro de la Propiedad de Falset \u2013 Finca n\u00b01169 (Planas del Rey)\u00bb module_class=\u00bbtxt-article\u00bb _builder_version=\u00bb4.27.4&#8243; text_font=\u00bb|300|||||||\u00bb header_font=\u00bb||||||||\u00bb header_2_line_height=\u00bb1.2em\u00bb header_3_font=\u00bb||||||||\u00bb header_3_line_height=\u00bb1.3em\u00bb header_4_text_align=\u00bbcenter\u00bb custom_padding=\u00bb||||false|false\u00bb text_line_height_tablet=\u00bb\u00bb text_line_height_phone=\u00bb1.3em\u00bb text_line_height_last_edited=\u00bbon|desktop\u00bb header_2_font_size_tablet=\u00bb\u00bb header_2_font_size_phone=\u00bb\u00bb header_2_font_size_last_edited=\u00bbon|phone\u00bb header_3_font_size_tablet=\u00bb\u00bb header_3_font_size_phone=\u00bb23px\u00bb header_3_font_size_last_edited=\u00bbon|desktop\u00bb global_colors_info=\u00bb{}\u00bb]<\/p>\n<p>El <span class=\"accentue\">21 de junio de 2024<\/span>, el <span class=\"accentue\">Registro de la Propiedad de Falset<\/span> expide una <span class=\"accentue\">nota simple informativa<\/span> relativa a la <span class=\"accentue\">finca n\u00b01169<\/span>, situada en el t\u00e9rmino municipal de <span class=\"accentue\">Pratdip<\/span>, correspondiente a la urbanizaci\u00f3n <span class=\"accentue\">Planas del Rey<\/span>. El documento detalla la situaci\u00f3n jur\u00eddica, la titularidad y las cargas que afectan a esta parcela, incluyendo las zonas deportivas y los viales.<\/p>\n<hr style=\"margin-bottom: 30px;\" \/>\n<h2>1) Descripci\u00f3n de la finca<\/h2>\n<ul>\n<li><span class=\"accentue\">Localizaci\u00f3n<\/span> : T\u00e9rmino municipal de Pratdip, partida \u00ab Las Planas \u00bb, hoy urbanizaci\u00f3n Planas del Rey.<\/li>\n<li><span class=\"accentue\">Superficie<\/span> : 3 hect\u00e1reas, 75 \u00e1reas, 51 centi\u00e1reas despu\u00e9s de diversas segregaciones.<\/li>\n<li><span class=\"accentue\">Equipamientos<\/span> : zona deportiva con piscina ol\u00edmpica, piscina infantil, cinco pistas de tenis, jardines, paseos y zonas de aparcamiento.<\/li>\n<li><span class=\"accentue\">Destino<\/span> : la superficie se distribuye en viales de la urbanizaci\u00f3n y equipamientos comunes.<\/li>\n<\/ul>\n<h2>2) Titularidad<\/h2>\n<ul>\n<li><span class=\"accentue\">Titular<\/span> : <span class=\"accentue\">Ayuntamiento de Pratdip<\/span>, NIF P4312000E.<\/li>\n<li><span class=\"accentue\">Modo de adquisici\u00f3n<\/span> : <span class=\"accentue\">Cesi\u00f3n<\/span> autorizada por el <span class=\"accentue\">Juzgado de Primera Instancia n\u00b01 de Falset<\/span> (Protocolo n\u00b0195 del 24\/12\/2001).<\/li>\n<li><span class=\"accentue\">Inscripci\u00f3n<\/span> : 4\u00aa inscripci\u00f3n, Tomo 943, Libro 36, Folio 223, de fecha 13\/03\/2002.<\/li>\n<\/ul>\n<h2>3) Cargas y servidumbres<\/h2>\n<ul>\n<li><span class=\"accentue\">Servidumbre real y perpetua<\/span> : las instalaciones deportivas, viales, redes de agua y alcantarillado est\u00e1n afectas al uso de todas las parcelas de la urbanizaci\u00f3n (escritura notarial del 13\/08\/1968, inscripci\u00f3n 27\/08\/1968).<\/li>\n<li><span class=\"accentue\">Observaciones<\/span> : la finca fue objeto de un convenio judicial aceptado por sus acreedores en 1973; tambi\u00e9n se benefici\u00f3 de exenciones fiscales temporales (2002).<\/li>\n<\/ul>\n<h2>4) Consecuencias y alcance<\/h2>\n<ul>\n<li>El registro certifica que <span class=\"accentue\">el Ayuntamiento de Pratdip es oficialmente titular<\/span> de la finca desde 2002.<\/li>\n<li>Contrariamente a lo que el Ayuntamiento ha afirmado en numerosas ocasiones, en este documento no se menciona ninguna <span class=\"accentue\">ECU<\/span> ni <span class=\"accentue\">Entidad Colaboradora Urban\u00edstica<\/span>.<\/li>\n<li>Esta situaci\u00f3n demuestra que la <span class=\"accentue\">municipalidad es legalmente responsable<\/span> de las infraestructuras comunes de Planas del Rey, en virtud de la inscripci\u00f3n registral.<\/li>\n<\/ul>\n<hr style=\"margin-bottom: 30px;\" \/>\n<h3 class=\"underline\">Documento<\/h3>\n<p style=\"padding-top: 30px;\"><a href=\"https:\/\/www.latribunedeplanas.com\/wp-content\/uploads\/2025\/08\/2024-06-21-info-registre-cadastre-falset.pdf\" class=\"pdfemb-viewer\" style=\"\" data-width=\"max\" data-height=\"max\" data-mobile-width=\"0\"  data-scrollbar=\"none\" data-download=\"on\" data-tracking=\"on\" data-newwindow=\"on\" data-pagetextbox=\"off\" data-scrolltotop=\"off\" data-startzoom=\"100\" data-startfpzoom=\"100\" data-toolbar=\"top\" data-toolbar-fixed=\"off\">2024-06-21-info-registre-cadastre-falset<br\/><\/a><\/p>\n<p>[\/et_pb_text][\/et_pb_column][\/et_pb_row][\/et_pb_section]<\/p>\n","protected":false},"excerpt":{"rendered":"<p>El 21 de junio de 2024, el Registro de la Propiedad de Falset expide una nota simple informativa relativa a la finca n\u00b01169, situada en el t\u00e9rmino municipal de Pratdip, correspondiente a la urbanizaci\u00f3n Planas del Rey. El documento detalla la situaci\u00f3n jur\u00eddica, la titularidad y las cargas que afectan a esta parcela, incluyendo las [&hellip;]<\/p>\n","protected":false},"author":1,"featured_media":0,"comment_status":"closed","ping_status":"closed","sticky":false,"template":"","format":"standard","meta":{"_et_pb_use_builder":"on","_et_pb_old_content":"","_et_gb_content_width":"","footnotes":""},"categories":[217],"tags":[],"class_list":["post-29298","post","type-post","status-publish","format-standard","hentry","category-documentos"],"yoast_head":"<!-- This site is optimized with the Yoast SEO plugin v27.5 - https:\/\/yoast.com\/product\/yoast-seo-wordpress\/ -->\n<title>Nota simple informativa del Registro de la Propiedad de Falset<\/title>\n<meta name=\"description\" content=\"El registro de Falset confirma desde 2002 la titularidad municipal de la finca 1169 de Planas del Rey a nombre del Ayuntamiento de Pratdip.\" \/>\n<meta name=\"robots\" content=\"index, follow, max-snippet:-1, max-image-preview:large, max-video-preview:-1\" \/>\n<link rel=\"canonical\" href=\"https:\/\/www.latribunedeplanas.com\/es\/21-de-junio-de-2024-nota-simple-informativa-del-registro-de-la-propiedad-de-falset-finca-n1169-planas-del-rey\/\" \/>\n<meta property=\"og:locale\" content=\"es_ES\" \/>\n<meta property=\"og:type\" content=\"article\" \/>\n<meta property=\"og:title\" content=\"Nota simple informativa del Registro de la Propiedad de Falset\" \/>\n<meta property=\"og:description\" content=\"El registro de Falset confirma desde 2002 la titularidad municipal de la finca 1169 de Planas del Rey a nombre del Ayuntamiento de Pratdip.\" \/>\n<meta property=\"og:url\" content=\"https:\/\/www.latribunedeplanas.com\/es\/21-de-junio-de-2024-nota-simple-informativa-del-registro-de-la-propiedad-de-falset-finca-n1169-planas-del-rey\/\" \/>\n<meta property=\"og:site_name\" content=\"La Tribune de Planas\" \/>\n<meta property=\"article:publisher\" content=\"https:\/\/www.facebook.com\/groups\/1220895301376005\/\" \/>\n<meta property=\"article:author\" content=\"https:\/\/www.facebook.com\/Creawebsite-113915200150984\" \/>\n<meta property=\"article:published_time\" content=\"2024-06-21T12:09:54+00:00\" \/>\n<meta property=\"article:modified_time\" content=\"2025-11-14T08:59:32+00:00\" \/>\n<meta name=\"author\" content=\"Jim\" \/>\n<meta name=\"twitter:card\" content=\"summary_large_image\" \/>\n<meta name=\"twitter:label1\" content=\"Escrito por\" \/>\n\t<meta name=\"twitter:data1\" content=\"Jim\" \/>\n\t<meta name=\"twitter:label2\" content=\"Tiempo de lectura\" \/>\n\t<meta name=\"twitter:data2\" content=\"2 minutos\" \/>\n<script type=\"application\/ld+json\" class=\"yoast-schema-graph\">{\"@context\":\"https:\\\/\\\/schema.org\",\"@graph\":[{\"@type\":\"Article\",\"@id\":\"https:\\\/\\\/www.latribunedeplanas.com\\\/es\\\/21-de-junio-de-2024-nota-simple-informativa-del-registro-de-la-propiedad-de-falset-finca-n1169-planas-del-rey\\\/#article\",\"isPartOf\":{\"@id\":\"https:\\\/\\\/www.latribunedeplanas.com\\\/es\\\/21-de-junio-de-2024-nota-simple-informativa-del-registro-de-la-propiedad-de-falset-finca-n1169-planas-del-rey\\\/\"},\"author\":{\"name\":\"Jim\",\"@id\":\"https:\\\/\\\/www.latribunedeplanas.com\\\/es\\\/#\\\/schema\\\/person\\\/590a87318688792f18d8e1c983528bc8\"},\"headline\":\"21 de junio de 2024: Nota simple informativa del Registro de la Propiedad de Falset \u2013 Finca n\u00b01169 (Planas del Rey)\",\"datePublished\":\"2024-06-21T12:09:54+00:00\",\"dateModified\":\"2025-11-14T08:59:32+00:00\",\"mainEntityOfPage\":{\"@id\":\"https:\\\/\\\/www.latribunedeplanas.com\\\/es\\\/21-de-junio-de-2024-nota-simple-informativa-del-registro-de-la-propiedad-de-falset-finca-n1169-planas-del-rey\\\/\"},\"wordCount\":552,\"publisher\":{\"@id\":\"https:\\\/\\\/www.latribunedeplanas.com\\\/es\\\/#organization\"},\"articleSection\":[\"Documentos\"],\"inLanguage\":\"es\"},{\"@type\":\"WebPage\",\"@id\":\"https:\\\/\\\/www.latribunedeplanas.com\\\/es\\\/21-de-junio-de-2024-nota-simple-informativa-del-registro-de-la-propiedad-de-falset-finca-n1169-planas-del-rey\\\/\",\"url\":\"https:\\\/\\\/www.latribunedeplanas.com\\\/es\\\/21-de-junio-de-2024-nota-simple-informativa-del-registro-de-la-propiedad-de-falset-finca-n1169-planas-del-rey\\\/\",\"name\":\"Nota simple informativa del Registro de la Propiedad de Falset\",\"isPartOf\":{\"@id\":\"https:\\\/\\\/www.latribunedeplanas.com\\\/es\\\/#website\"},\"datePublished\":\"2024-06-21T12:09:54+00:00\",\"dateModified\":\"2025-11-14T08:59:32+00:00\",\"description\":\"El registro de Falset confirma desde 2002 la titularidad municipal de la finca 1169 de Planas del Rey a nombre del Ayuntamiento de Pratdip.\",\"breadcrumb\":{\"@id\":\"https:\\\/\\\/www.latribunedeplanas.com\\\/es\\\/21-de-junio-de-2024-nota-simple-informativa-del-registro-de-la-propiedad-de-falset-finca-n1169-planas-del-rey\\\/#breadcrumb\"},\"inLanguage\":\"es\",\"potentialAction\":[{\"@type\":\"ReadAction\",\"target\":[\"https:\\\/\\\/www.latribunedeplanas.com\\\/es\\\/21-de-junio-de-2024-nota-simple-informativa-del-registro-de-la-propiedad-de-falset-finca-n1169-planas-del-rey\\\/\"]}]},{\"@type\":\"BreadcrumbList\",\"@id\":\"https:\\\/\\\/www.latribunedeplanas.com\\\/es\\\/21-de-junio-de-2024-nota-simple-informativa-del-registro-de-la-propiedad-de-falset-finca-n1169-planas-del-rey\\\/#breadcrumb\",\"itemListElement\":[{\"@type\":\"ListItem\",\"position\":1,\"name\":\"Accueil\",\"item\":\"https:\\\/\\\/www.latribunedeplanas.com\\\/es\\\/\"},{\"@type\":\"ListItem\",\"position\":2,\"name\":\"21 de junio de 2024: Nota simple informativa del Registro de la Propiedad de Falset \u2013 Finca n\u00b01169 (Planas del Rey)\"}]},{\"@type\":\"WebSite\",\"@id\":\"https:\\\/\\\/www.latribunedeplanas.com\\\/es\\\/#website\",\"url\":\"https:\\\/\\\/www.latribunedeplanas.com\\\/es\\\/\",\"name\":\"La Tribune de Planas\",\"description\":\"Les Planes del Rei - Urbanizaci\u00f3n del municipio de Pratdip\",\"publisher\":{\"@id\":\"https:\\\/\\\/www.latribunedeplanas.com\\\/es\\\/#organization\"},\"potentialAction\":[{\"@type\":\"SearchAction\",\"target\":{\"@type\":\"EntryPoint\",\"urlTemplate\":\"https:\\\/\\\/www.latribunedeplanas.com\\\/es\\\/?s={search_term_string}\"},\"query-input\":{\"@type\":\"PropertyValueSpecification\",\"valueRequired\":true,\"valueName\":\"search_term_string\"}}],\"inLanguage\":\"es\"},{\"@type\":\"Organization\",\"@id\":\"https:\\\/\\\/www.latribunedeplanas.com\\\/es\\\/#organization\",\"name\":\"Vecinos de Planes del Rei (SOSPlanes)\",\"url\":\"https:\\\/\\\/www.latribunedeplanas.com\\\/es\\\/\",\"logo\":{\"@type\":\"ImageObject\",\"inLanguage\":\"es\",\"@id\":\"https:\\\/\\\/www.latribunedeplanas.com\\\/es\\\/#\\\/schema\\\/logo\\\/image\\\/\",\"url\":\"https:\\\/\\\/www.latribunedeplanas.com\\\/wp-content\\\/uploads\\\/2021\\\/11\\\/logo-sos-planas-0.png\",\"contentUrl\":\"https:\\\/\\\/www.latribunedeplanas.com\\\/wp-content\\\/uploads\\\/2021\\\/11\\\/logo-sos-planas-0.png\",\"width\":600,\"height\":400,\"caption\":\"Vecinos de Planes del Rei (SOSPlanes)\"},\"image\":{\"@id\":\"https:\\\/\\\/www.latribunedeplanas.com\\\/es\\\/#\\\/schema\\\/logo\\\/image\\\/\"},\"sameAs\":[\"https:\\\/\\\/www.facebook.com\\\/groups\\\/1220895301376005\\\/\",\"https:\\\/\\\/www.instagram.com\\\/lasplanasdelrey\\\/\"]},{\"@type\":\"Person\",\"@id\":\"https:\\\/\\\/www.latribunedeplanas.com\\\/es\\\/#\\\/schema\\\/person\\\/590a87318688792f18d8e1c983528bc8\",\"name\":\"Jim\",\"image\":{\"@type\":\"ImageObject\",\"inLanguage\":\"es\",\"@id\":\"https:\\\/\\\/secure.gravatar.com\\\/avatar\\\/5a89228fd282eb9ee33a60b4ff06f9c31751866f1fb91ca56263af0968354113?s=96&d=mm&r=g\",\"url\":\"https:\\\/\\\/secure.gravatar.com\\\/avatar\\\/5a89228fd282eb9ee33a60b4ff06f9c31751866f1fb91ca56263af0968354113?s=96&d=mm&r=g\",\"contentUrl\":\"https:\\\/\\\/secure.gravatar.com\\\/avatar\\\/5a89228fd282eb9ee33a60b4ff06f9c31751866f1fb91ca56263af0968354113?s=96&d=mm&r=g\",\"caption\":\"Jim\"},\"sameAs\":[\"https:\\\/\\\/www.creawebsite.be\\\/\",\"https:\\\/\\\/www.facebook.com\\\/Creawebsite-113915200150984\",\"https:\\\/\\\/www.instagram.com\\\/creawebsite.be\\\/\",\"https:\\\/\\\/www.linkedin.com\\\/in\\\/jean-marc-delchef\\\/\"]}]}<\/script>\n<!-- \/ Yoast SEO plugin. -->","yoast_head_json":{"title":"Nota simple informativa del Registro de la Propiedad de Falset","description":"El registro de Falset confirma desde 2002 la titularidad municipal de la finca 1169 de Planas del Rey a nombre del Ayuntamiento de Pratdip.","robots":{"index":"index","follow":"follow","max-snippet":"max-snippet:-1","max-image-preview":"max-image-preview:large","max-video-preview":"max-video-preview:-1"},"canonical":"https:\/\/www.latribunedeplanas.com\/es\/21-de-junio-de-2024-nota-simple-informativa-del-registro-de-la-propiedad-de-falset-finca-n1169-planas-del-rey\/","og_locale":"es_ES","og_type":"article","og_title":"Nota simple informativa del Registro de la Propiedad de Falset","og_description":"El registro de Falset confirma desde 2002 la titularidad municipal de la finca 1169 de Planas del Rey a nombre del Ayuntamiento de Pratdip.","og_url":"https:\/\/www.latribunedeplanas.com\/es\/21-de-junio-de-2024-nota-simple-informativa-del-registro-de-la-propiedad-de-falset-finca-n1169-planas-del-rey\/","og_site_name":"La Tribune de Planas","article_publisher":"https:\/\/www.facebook.com\/groups\/1220895301376005\/","article_author":"https:\/\/www.facebook.com\/Creawebsite-113915200150984","article_published_time":"2024-06-21T12:09:54+00:00","article_modified_time":"2025-11-14T08:59:32+00:00","author":"Jim","twitter_card":"summary_large_image","twitter_misc":{"Escrito por":"Jim","Tiempo de lectura":"2 minutos"},"schema":{"@context":"https:\/\/schema.org","@graph":[{"@type":"Article","@id":"https:\/\/www.latribunedeplanas.com\/es\/21-de-junio-de-2024-nota-simple-informativa-del-registro-de-la-propiedad-de-falset-finca-n1169-planas-del-rey\/#article","isPartOf":{"@id":"https:\/\/www.latribunedeplanas.com\/es\/21-de-junio-de-2024-nota-simple-informativa-del-registro-de-la-propiedad-de-falset-finca-n1169-planas-del-rey\/"},"author":{"name":"Jim","@id":"https:\/\/www.latribunedeplanas.com\/es\/#\/schema\/person\/590a87318688792f18d8e1c983528bc8"},"headline":"21 de junio de 2024: Nota simple informativa del Registro de la Propiedad de Falset \u2013 Finca n\u00b01169 (Planas del Rey)","datePublished":"2024-06-21T12:09:54+00:00","dateModified":"2025-11-14T08:59:32+00:00","mainEntityOfPage":{"@id":"https:\/\/www.latribunedeplanas.com\/es\/21-de-junio-de-2024-nota-simple-informativa-del-registro-de-la-propiedad-de-falset-finca-n1169-planas-del-rey\/"},"wordCount":552,"publisher":{"@id":"https:\/\/www.latribunedeplanas.com\/es\/#organization"},"articleSection":["Documentos"],"inLanguage":"es"},{"@type":"WebPage","@id":"https:\/\/www.latribunedeplanas.com\/es\/21-de-junio-de-2024-nota-simple-informativa-del-registro-de-la-propiedad-de-falset-finca-n1169-planas-del-rey\/","url":"https:\/\/www.latribunedeplanas.com\/es\/21-de-junio-de-2024-nota-simple-informativa-del-registro-de-la-propiedad-de-falset-finca-n1169-planas-del-rey\/","name":"Nota simple informativa del Registro de la Propiedad de Falset","isPartOf":{"@id":"https:\/\/www.latribunedeplanas.com\/es\/#website"},"datePublished":"2024-06-21T12:09:54+00:00","dateModified":"2025-11-14T08:59:32+00:00","description":"El registro de Falset confirma desde 2002 la titularidad municipal de la finca 1169 de Planas del Rey a nombre del Ayuntamiento de Pratdip.","breadcrumb":{"@id":"https:\/\/www.latribunedeplanas.com\/es\/21-de-junio-de-2024-nota-simple-informativa-del-registro-de-la-propiedad-de-falset-finca-n1169-planas-del-rey\/#breadcrumb"},"inLanguage":"es","potentialAction":[{"@type":"ReadAction","target":["https:\/\/www.latribunedeplanas.com\/es\/21-de-junio-de-2024-nota-simple-informativa-del-registro-de-la-propiedad-de-falset-finca-n1169-planas-del-rey\/"]}]},{"@type":"BreadcrumbList","@id":"https:\/\/www.latribunedeplanas.com\/es\/21-de-junio-de-2024-nota-simple-informativa-del-registro-de-la-propiedad-de-falset-finca-n1169-planas-del-rey\/#breadcrumb","itemListElement":[{"@type":"ListItem","position":1,"name":"Accueil","item":"https:\/\/www.latribunedeplanas.com\/es\/"},{"@type":"ListItem","position":2,"name":"21 de junio de 2024: Nota simple informativa del Registro de la Propiedad de Falset \u2013 Finca n\u00b01169 (Planas del Rey)"}]},{"@type":"WebSite","@id":"https:\/\/www.latribunedeplanas.com\/es\/#website","url":"https:\/\/www.latribunedeplanas.com\/es\/","name":"La Tribune de Planas","description":"Les Planes del Rei - Urbanizaci\u00f3n del municipio de Pratdip","publisher":{"@id":"https:\/\/www.latribunedeplanas.com\/es\/#organization"},"potentialAction":[{"@type":"SearchAction","target":{"@type":"EntryPoint","urlTemplate":"https:\/\/www.latribunedeplanas.com\/es\/?s={search_term_string}"},"query-input":{"@type":"PropertyValueSpecification","valueRequired":true,"valueName":"search_term_string"}}],"inLanguage":"es"},{"@type":"Organization","@id":"https:\/\/www.latribunedeplanas.com\/es\/#organization","name":"Vecinos de Planes del Rei (SOSPlanes)","url":"https:\/\/www.latribunedeplanas.com\/es\/","logo":{"@type":"ImageObject","inLanguage":"es","@id":"https:\/\/www.latribunedeplanas.com\/es\/#\/schema\/logo\/image\/","url":"https:\/\/www.latribunedeplanas.com\/wp-content\/uploads\/2021\/11\/logo-sos-planas-0.png","contentUrl":"https:\/\/www.latribunedeplanas.com\/wp-content\/uploads\/2021\/11\/logo-sos-planas-0.png","width":600,"height":400,"caption":"Vecinos de Planes del Rei (SOSPlanes)"},"image":{"@id":"https:\/\/www.latribunedeplanas.com\/es\/#\/schema\/logo\/image\/"},"sameAs":["https:\/\/www.facebook.com\/groups\/1220895301376005\/","https:\/\/www.instagram.com\/lasplanasdelrey\/"]},{"@type":"Person","@id":"https:\/\/www.latribunedeplanas.com\/es\/#\/schema\/person\/590a87318688792f18d8e1c983528bc8","name":"Jim","image":{"@type":"ImageObject","inLanguage":"es","@id":"https:\/\/secure.gravatar.com\/avatar\/5a89228fd282eb9ee33a60b4ff06f9c31751866f1fb91ca56263af0968354113?s=96&d=mm&r=g","url":"https:\/\/secure.gravatar.com\/avatar\/5a89228fd282eb9ee33a60b4ff06f9c31751866f1fb91ca56263af0968354113?s=96&d=mm&r=g","contentUrl":"https:\/\/secure.gravatar.com\/avatar\/5a89228fd282eb9ee33a60b4ff06f9c31751866f1fb91ca56263af0968354113?s=96&d=mm&r=g","caption":"Jim"},"sameAs":["https:\/\/www.creawebsite.be\/","https:\/\/www.facebook.com\/Creawebsite-113915200150984","https:\/\/www.instagram.com\/creawebsite.be\/","https:\/\/www.linkedin.com\/in\/jean-marc-delchef\/"]}]}},"_links":{"self":[{"href":"https:\/\/www.latribunedeplanas.com\/es\/wp-json\/wp\/v2\/posts\/29298","targetHints":{"allow":["GET"]}}],"collection":[{"href":"https:\/\/www.latribunedeplanas.com\/es\/wp-json\/wp\/v2\/posts"}],"about":[{"href":"https:\/\/www.latribunedeplanas.com\/es\/wp-json\/wp\/v2\/types\/post"}],"author":[{"embeddable":true,"href":"https:\/\/www.latribunedeplanas.com\/es\/wp-json\/wp\/v2\/users\/1"}],"replies":[{"embeddable":true,"href":"https:\/\/www.latribunedeplanas.com\/es\/wp-json\/wp\/v2\/comments?post=29298"}],"version-history":[{"count":4,"href":"https:\/\/www.latribunedeplanas.com\/es\/wp-json\/wp\/v2\/posts\/29298\/revisions"}],"predecessor-version":[{"id":30329,"href":"https:\/\/www.latribunedeplanas.com\/es\/wp-json\/wp\/v2\/posts\/29298\/revisions\/30329"}],"wp:attachment":[{"href":"https:\/\/www.latribunedeplanas.com\/es\/wp-json\/wp\/v2\/media?parent=29298"}],"wp:term":[{"taxonomy":"category","embeddable":true,"href":"https:\/\/www.latribunedeplanas.com\/es\/wp-json\/wp\/v2\/categories?post=29298"},{"taxonomy":"post_tag","embeddable":true,"href":"https:\/\/www.latribunedeplanas.com\/es\/wp-json\/wp\/v2\/tags?post=29298"}],"curies":[{"name":"wp","href":"https:\/\/api.w.org\/{rel}","templated":true}]}}