{"id":29244,"date":"2022-05-25T12:53:25","date_gmt":"2022-05-25T10:53:25","guid":{"rendered":"https:\/\/www.latribunedeplanas.com\/25-mai-2022-auto-dadmission-dune-plainte-penale-querella-juzgado-de-instruccion-n3-de-reus\/"},"modified":"2025-08-27T13:22:29","modified_gmt":"2025-08-27T11:22:29","slug":"25-de-mayo-de-2022-auto-de-admision-de-una-querella-penal-juzgado-de-instruccion-n3-de-reus","status":"publish","type":"post","link":"https:\/\/www.latribunedeplanas.com\/es\/25-de-mayo-de-2022-auto-de-admision-de-una-querella-penal-juzgado-de-instruccion-n3-de-reus\/","title":{"rendered":"25 de mayo de 2022: Auto de admisi\u00f3n de una querella penal \u2013 Juzgado de Instrucci\u00f3n n\u00b03 de Reus"},"content":{"rendered":"<p>[et_pb_section fb_built=\u00bb1&#8243; admin_label=\u00bbSection-Article\u00bb module_class=\u00bbsection-article\u00bb _builder_version=\u00bb4.18.0&#8243; custom_margin=\u00bb0px|0px|0px|0px\u00bb custom_padding=\u00bb0px|0px|0px|0px\u00bb global_colors_info=\u00bb{}\u00bb][et_pb_row use_custom_gutter=\u00bbon\u00bb gutter_width=\u00bb1&#8243; custom_padding_last_edited=\u00bbon|phone\u00bb admin_label=\u00bbLigne-Article\u00bb module_class=\u00bbligne-article et_pb_row_fullwidth\u00bb _builder_version=\u00bb4.27.4&#8243; width=\u00bb100%\u00bb width_tablet=\u00bb100%\u00bb width_phone=\u00bb\u00bb width_last_edited=\u00bbon|desktop\u00bb max_width=\u00bb100%\u00bb max_width_tablet=\u00bb100%\u00bb max_width_phone=\u00bb\u00bb max_width_last_edited=\u00bbon|desktop\u00bb custom_margin=\u00bb0px||0px\u00bb custom_padding=\u00bb20px||0px||false|false\u00bb custom_padding_tablet=\u00bb20px||0px||false|false\u00bb custom_padding_phone=\u00bb15px||||false|false\u00bb make_fullwidth=\u00bbon\u00bb global_colors_info=\u00bb{}\u00bb][et_pb_column type=\u00bb4_4&#8243; _builder_version=\u00bb4.16&#8243; custom_padding=\u00bb|||\u00bb global_colors_info=\u00bb{}\u00bb custom_padding__hover=\u00bb|||\u00bb][et_pb_text admin_label=\u00bbTexte-25 de mayo de 2022: Auto de admisi\u00f3n de una querella penal \u2013 Juzgado de Instrucci\u00f3n n\u00b03 de Reus\u00bb module_class=\u00bbtxt-article\u00bb _builder_version=\u00bb4.27.4&#8243; text_font=\u00bb|300|||||||\u00bb header_font=\u00bb||||||||\u00bb header_2_line_height=\u00bb1.2em\u00bb header_3_font=\u00bb||||||||\u00bb header_3_line_height=\u00bb1.3em\u00bb header_4_text_align=\u00bbcenter\u00bb custom_padding=\u00bb||||false|false\u00bb hover_enabled=\u00bb0&#8243; text_line_height_tablet=\u00bb\u00bb text_line_height_phone=\u00bb1.3em\u00bb text_line_height_last_edited=\u00bbon|desktop\u00bb header_2_font_size_tablet=\u00bb\u00bb header_2_font_size_phone=\u00bb\u00bb header_2_font_size_last_edited=\u00bbon|phone\u00bb header_3_font_size_tablet=\u00bb\u00bb header_3_font_size_phone=\u00bb23px\u00bb header_3_font_size_last_edited=\u00bbon|desktop\u00bb global_colors_info=\u00bb{}\u00bb sticky_enabled=\u00bb0&#8243;]<\/p>\n<p>El <span class=\"accentue\">25 de mayo de 2022<\/span>, el <span class=\"accentue\">Juzgado de Instrucci\u00f3n n\u00b03 de Reus<\/span> admite a tr\u00e1mite la <span class=\"accentue\">querella penal<\/span> presentada por la <span class=\"accentue\">Asociaci\u00f3n de Vecinos Les Planes del Rei (SOS Planas)<\/span> contra varios responsables municipales por hechos susceptibles de constituir delitos de <span class=\"accentue\">prevaricaci\u00f3n administrativa<\/span>.<\/p>\n<hr style=\"margin-bottom: 30px;\" \/>\n<h2>1) Objeto del procedimiento<\/h2>\n<ul>\n<li>Admisi\u00f3n de la querella presentada por la asociaci\u00f3n SOS Planas.<\/li>\n<li>Apertura de una instrucci\u00f3n penal por hechos potencialmente constitutivos de prevaricaci\u00f3n.<\/li>\n<\/ul>\n<h2>2) Personas se\u00f1aladas en la querella<\/h2>\n<ul>\n<li><span class=\"accentue\">Joan Maria Rovira Vernet<\/span>, exalcalde de Pratdip.<\/li>\n<li><span class=\"accentue\">Izaskun Larroya Robert<\/span>, secretario municipal.<\/li>\n<\/ul>\n<h2>3) Hechos denunciados<\/h2>\n<ul>\n<li>Mantenimiento de la <span class=\"accentue\">ECU<\/span> tras su disoluci\u00f3n legal por sentencia del <span class=\"accentue\">21 de agosto de 2016<\/span>.<\/li>\n<li>Cobros impuestos a los propietarios a pesar de dicha disoluci\u00f3n.<\/li>\n<li>Inacci\u00f3n municipal en la prestaci\u00f3n de los servicios m\u00ednimos obligatorios.<\/li>\n<li>Utilizaci\u00f3n de la <span class=\"accentue\">ECU<\/span> como \u00abmuro\u00bb para eludir las obligaciones legales.<\/li>\n<\/ul>\n<h2>4) Decisi\u00f3n del juez<\/h2>\n<ul>\n<li>Aceptaci\u00f3n de la querella y apertura de la instrucci\u00f3n penal.<\/li>\n<li>Identificaci\u00f3n completa de los se\u00f1alados.<\/li>\n<li>Citaci\u00f3n en calidad de <span class=\"accentue\">investigados<\/span> (personas encausadas).<\/li>\n<li>Instrucci\u00f3n formal para examinar las responsabilidades.<\/li>\n<\/ul>\n<h2>5) Referencias legales<\/h2>\n<ul>\n<li><span class=\"accentue\">Art\u00edculos 405 y siguientes<\/span> de la Ley de Enjuiciamiento Criminal (admisi\u00f3n de querellas).<\/li>\n<\/ul>\n<h2>6) Conclusi\u00f3n<\/h2>\n<p>Este documento marca un <span class=\"accentue\">punto de inflexi\u00f3n<\/span> en la lucha emprendida por la asociaci\u00f3n SOS Planas.<br \/>\nLa justicia acepta investigar por <span class=\"accentue\">prevaricaci\u00f3n<\/span> a responsables municipales, lo que confirma la seriedad de las acusaciones y refuerza la legitimidad de las reivindicaciones vecinales. Esto podr\u00eda derivar en <span class=\"accentue\">procesamientos<\/span>, un <span class=\"accentue\">juicio penal<\/span> y, potencialmente, en <span class=\"accentue\">condenas<\/span>.<\/p>\n<hr style=\"margin-bottom: 30px;\" \/>\n<h3 class=\"underline\">Documento<\/h3>\n<p style=\"padding-top: 30px;\"><a href=\"https:\/\/www.latribunedeplanas.com\/wp-content\/uploads\/2022\/08\/2022-05-25-auto-de-admision-de-querella.pdf\" class=\"pdfemb-viewer\" style=\"\" data-width=\"max\" data-height=\"max\" data-mobile-width=\"0\"  data-scrollbar=\"none\" data-download=\"on\" data-tracking=\"on\" data-newwindow=\"on\" data-pagetextbox=\"off\" data-scrolltotop=\"off\" data-startzoom=\"100\" data-startfpzoom=\"100\" data-toolbar=\"top\" data-toolbar-fixed=\"off\">2022-05-25-auto-de-admision-de-querella<br\/><\/a><\/p>\n<p>[\/et_pb_text][\/et_pb_column][\/et_pb_row][\/et_pb_section]<\/p>\n","protected":false},"excerpt":{"rendered":"<p>El 25 de mayo de 2022, el Juzgado de Instrucci\u00f3n n\u00b03 de Reus admite a tr\u00e1mite la querella penal presentada por la Asociaci\u00f3n de Vecinos Les Planes del Rei (SOS Planas) contra varios responsables municipales por hechos susceptibles de constituir delitos de prevaricaci\u00f3n administrativa. 1) Objeto del procedimiento Admisi\u00f3n de la querella presentada por la [&hellip;]<\/p>\n","protected":false},"author":1,"featured_media":0,"comment_status":"closed","ping_status":"closed","sticky":false,"template":"","format":"standard","meta":{"_et_pb_use_builder":"on","_et_pb_old_content":"","_et_gb_content_width":"","footnotes":""},"categories":[217],"tags":[],"class_list":["post-29244","post","type-post","status-publish","format-standard","hentry","category-documentos"],"yoast_head":"<!-- This site is optimized with the Yoast SEO plugin v27.5 - https:\/\/yoast.com\/product\/yoast-seo-wordpress\/ -->\n<title>25 de mayo de 2022: Auto de admisi\u00f3n de una querella penal \u2013 Juzgado de Instrucci\u00f3n n\u00b03 de Reus - La Tribune de Planas<\/title>\n<meta name=\"description\" content=\"El Juzgado de Reus admite la querella de SOS Planas contra la alcald\u00eda de Pratdip por presunta prevaricaci\u00f3n administrativa.\" \/>\n<meta name=\"robots\" content=\"index, follow, max-snippet:-1, max-image-preview:large, max-video-preview:-1\" \/>\n<link rel=\"canonical\" href=\"https:\/\/www.latribunedeplanas.com\/es\/25-de-mayo-de-2022-auto-de-admision-de-una-querella-penal-juzgado-de-instruccion-n3-de-reus\/\" \/>\n<meta property=\"og:locale\" content=\"es_ES\" \/>\n<meta property=\"og:type\" content=\"article\" \/>\n<meta property=\"og:title\" content=\"25 de mayo de 2022: Auto de admisi\u00f3n de una querella penal \u2013 Juzgado de Instrucci\u00f3n n\u00b03 de Reus - La Tribune de Planas\" \/>\n<meta property=\"og:description\" content=\"El Juzgado de Reus admite la querella de SOS Planas contra la alcald\u00eda de Pratdip por presunta prevaricaci\u00f3n administrativa.\" \/>\n<meta property=\"og:url\" content=\"https:\/\/www.latribunedeplanas.com\/es\/25-de-mayo-de-2022-auto-de-admision-de-una-querella-penal-juzgado-de-instruccion-n3-de-reus\/\" \/>\n<meta property=\"og:site_name\" content=\"La Tribune de Planas\" \/>\n<meta property=\"article:publisher\" content=\"https:\/\/www.facebook.com\/groups\/1220895301376005\/\" \/>\n<meta property=\"article:author\" content=\"https:\/\/www.facebook.com\/Creawebsite-113915200150984\" \/>\n<meta property=\"article:published_time\" content=\"2022-05-25T10:53:25+00:00\" \/>\n<meta property=\"article:modified_time\" content=\"2025-08-27T11:22:29+00:00\" \/>\n<meta name=\"author\" content=\"Jim\" \/>\n<meta name=\"twitter:card\" content=\"summary_large_image\" \/>\n<meta name=\"twitter:label1\" content=\"Escrito por\" \/>\n\t<meta name=\"twitter:data1\" content=\"Jim\" \/>\n\t<meta name=\"twitter:label2\" content=\"Tiempo de lectura\" \/>\n\t<meta name=\"twitter:data2\" content=\"2 minutos\" \/>\n<script type=\"application\/ld+json\" class=\"yoast-schema-graph\">{\"@context\":\"https:\\\/\\\/schema.org\",\"@graph\":[{\"@type\":\"Article\",\"@id\":\"https:\\\/\\\/www.latribunedeplanas.com\\\/es\\\/25-de-mayo-de-2022-auto-de-admision-de-una-querella-penal-juzgado-de-instruccion-n3-de-reus\\\/#article\",\"isPartOf\":{\"@id\":\"https:\\\/\\\/www.latribunedeplanas.com\\\/es\\\/25-de-mayo-de-2022-auto-de-admision-de-una-querella-penal-juzgado-de-instruccion-n3-de-reus\\\/\"},\"author\":{\"name\":\"Jim\",\"@id\":\"https:\\\/\\\/www.latribunedeplanas.com\\\/es\\\/#\\\/schema\\\/person\\\/590a87318688792f18d8e1c983528bc8\"},\"headline\":\"25 de mayo de 2022: Auto de admisi\u00f3n de una querella penal \u2013 Juzgado de Instrucci\u00f3n n\u00b03 de Reus\",\"datePublished\":\"2022-05-25T10:53:25+00:00\",\"dateModified\":\"2025-08-27T11:22:29+00:00\",\"mainEntityOfPage\":{\"@id\":\"https:\\\/\\\/www.latribunedeplanas.com\\\/es\\\/25-de-mayo-de-2022-auto-de-admision-de-una-querella-penal-juzgado-de-instruccion-n3-de-reus\\\/\"},\"wordCount\":528,\"publisher\":{\"@id\":\"https:\\\/\\\/www.latribunedeplanas.com\\\/es\\\/#organization\"},\"articleSection\":[\"Documentos\"],\"inLanguage\":\"es\"},{\"@type\":\"WebPage\",\"@id\":\"https:\\\/\\\/www.latribunedeplanas.com\\\/es\\\/25-de-mayo-de-2022-auto-de-admision-de-una-querella-penal-juzgado-de-instruccion-n3-de-reus\\\/\",\"url\":\"https:\\\/\\\/www.latribunedeplanas.com\\\/es\\\/25-de-mayo-de-2022-auto-de-admision-de-una-querella-penal-juzgado-de-instruccion-n3-de-reus\\\/\",\"name\":\"25 de mayo de 2022: Auto de admisi\u00f3n de una querella penal \u2013 Juzgado de Instrucci\u00f3n n\u00b03 de Reus - La Tribune de Planas\",\"isPartOf\":{\"@id\":\"https:\\\/\\\/www.latribunedeplanas.com\\\/es\\\/#website\"},\"datePublished\":\"2022-05-25T10:53:25+00:00\",\"dateModified\":\"2025-08-27T11:22:29+00:00\",\"description\":\"El Juzgado de Reus admite la querella de SOS Planas contra la alcald\u00eda de Pratdip por presunta prevaricaci\u00f3n administrativa.\",\"breadcrumb\":{\"@id\":\"https:\\\/\\\/www.latribunedeplanas.com\\\/es\\\/25-de-mayo-de-2022-auto-de-admision-de-una-querella-penal-juzgado-de-instruccion-n3-de-reus\\\/#breadcrumb\"},\"inLanguage\":\"es\",\"potentialAction\":[{\"@type\":\"ReadAction\",\"target\":[\"https:\\\/\\\/www.latribunedeplanas.com\\\/es\\\/25-de-mayo-de-2022-auto-de-admision-de-una-querella-penal-juzgado-de-instruccion-n3-de-reus\\\/\"]}]},{\"@type\":\"BreadcrumbList\",\"@id\":\"https:\\\/\\\/www.latribunedeplanas.com\\\/es\\\/25-de-mayo-de-2022-auto-de-admision-de-una-querella-penal-juzgado-de-instruccion-n3-de-reus\\\/#breadcrumb\",\"itemListElement\":[{\"@type\":\"ListItem\",\"position\":1,\"name\":\"Accueil\",\"item\":\"https:\\\/\\\/www.latribunedeplanas.com\\\/es\\\/\"},{\"@type\":\"ListItem\",\"position\":2,\"name\":\"25 de mayo de 2022: Auto de admisi\u00f3n de una querella penal \u2013 Juzgado de Instrucci\u00f3n n\u00b03 de Reus\"}]},{\"@type\":\"WebSite\",\"@id\":\"https:\\\/\\\/www.latribunedeplanas.com\\\/es\\\/#website\",\"url\":\"https:\\\/\\\/www.latribunedeplanas.com\\\/es\\\/\",\"name\":\"La Tribune de Planas\",\"description\":\"Les Planes del Rei - Urbanizaci\u00f3n del municipio de Pratdip\",\"publisher\":{\"@id\":\"https:\\\/\\\/www.latribunedeplanas.com\\\/es\\\/#organization\"},\"potentialAction\":[{\"@type\":\"SearchAction\",\"target\":{\"@type\":\"EntryPoint\",\"urlTemplate\":\"https:\\\/\\\/www.latribunedeplanas.com\\\/es\\\/?s={search_term_string}\"},\"query-input\":{\"@type\":\"PropertyValueSpecification\",\"valueRequired\":true,\"valueName\":\"search_term_string\"}}],\"inLanguage\":\"es\"},{\"@type\":\"Organization\",\"@id\":\"https:\\\/\\\/www.latribunedeplanas.com\\\/es\\\/#organization\",\"name\":\"Vecinos de Planes del Rei (SOSPlanes)\",\"url\":\"https:\\\/\\\/www.latribunedeplanas.com\\\/es\\\/\",\"logo\":{\"@type\":\"ImageObject\",\"inLanguage\":\"es\",\"@id\":\"https:\\\/\\\/www.latribunedeplanas.com\\\/es\\\/#\\\/schema\\\/logo\\\/image\\\/\",\"url\":\"https:\\\/\\\/www.latribunedeplanas.com\\\/wp-content\\\/uploads\\\/2021\\\/11\\\/logo-sos-planas-0.png\",\"contentUrl\":\"https:\\\/\\\/www.latribunedeplanas.com\\\/wp-content\\\/uploads\\\/2021\\\/11\\\/logo-sos-planas-0.png\",\"width\":600,\"height\":400,\"caption\":\"Vecinos de Planes del Rei (SOSPlanes)\"},\"image\":{\"@id\":\"https:\\\/\\\/www.latribunedeplanas.com\\\/es\\\/#\\\/schema\\\/logo\\\/image\\\/\"},\"sameAs\":[\"https:\\\/\\\/www.facebook.com\\\/groups\\\/1220895301376005\\\/\",\"https:\\\/\\\/www.instagram.com\\\/lasplanasdelrey\\\/\"]},{\"@type\":\"Person\",\"@id\":\"https:\\\/\\\/www.latribunedeplanas.com\\\/es\\\/#\\\/schema\\\/person\\\/590a87318688792f18d8e1c983528bc8\",\"name\":\"Jim\",\"image\":{\"@type\":\"ImageObject\",\"inLanguage\":\"es\",\"@id\":\"https:\\\/\\\/secure.gravatar.com\\\/avatar\\\/5a89228fd282eb9ee33a60b4ff06f9c31751866f1fb91ca56263af0968354113?s=96&d=mm&r=g\",\"url\":\"https:\\\/\\\/secure.gravatar.com\\\/avatar\\\/5a89228fd282eb9ee33a60b4ff06f9c31751866f1fb91ca56263af0968354113?s=96&d=mm&r=g\",\"contentUrl\":\"https:\\\/\\\/secure.gravatar.com\\\/avatar\\\/5a89228fd282eb9ee33a60b4ff06f9c31751866f1fb91ca56263af0968354113?s=96&d=mm&r=g\",\"caption\":\"Jim\"},\"sameAs\":[\"https:\\\/\\\/www.creawebsite.be\\\/\",\"https:\\\/\\\/www.facebook.com\\\/Creawebsite-113915200150984\",\"https:\\\/\\\/www.instagram.com\\\/creawebsite.be\\\/\",\"https:\\\/\\\/www.linkedin.com\\\/in\\\/jean-marc-delchef\\\/\"]}]}<\/script>\n<!-- \/ Yoast SEO plugin. -->","yoast_head_json":{"title":"25 de mayo de 2022: Auto de admisi\u00f3n de una querella penal \u2013 Juzgado de Instrucci\u00f3n n\u00b03 de Reus - La Tribune de Planas","description":"El Juzgado de Reus admite la querella de SOS Planas contra la alcald\u00eda de Pratdip por presunta prevaricaci\u00f3n administrativa.","robots":{"index":"index","follow":"follow","max-snippet":"max-snippet:-1","max-image-preview":"max-image-preview:large","max-video-preview":"max-video-preview:-1"},"canonical":"https:\/\/www.latribunedeplanas.com\/es\/25-de-mayo-de-2022-auto-de-admision-de-una-querella-penal-juzgado-de-instruccion-n3-de-reus\/","og_locale":"es_ES","og_type":"article","og_title":"25 de mayo de 2022: Auto de admisi\u00f3n de una querella penal \u2013 Juzgado de Instrucci\u00f3n n\u00b03 de Reus - La Tribune de Planas","og_description":"El Juzgado de Reus admite la querella de SOS Planas contra la alcald\u00eda de Pratdip por presunta prevaricaci\u00f3n administrativa.","og_url":"https:\/\/www.latribunedeplanas.com\/es\/25-de-mayo-de-2022-auto-de-admision-de-una-querella-penal-juzgado-de-instruccion-n3-de-reus\/","og_site_name":"La Tribune de Planas","article_publisher":"https:\/\/www.facebook.com\/groups\/1220895301376005\/","article_author":"https:\/\/www.facebook.com\/Creawebsite-113915200150984","article_published_time":"2022-05-25T10:53:25+00:00","article_modified_time":"2025-08-27T11:22:29+00:00","author":"Jim","twitter_card":"summary_large_image","twitter_misc":{"Escrito por":"Jim","Tiempo de lectura":"2 minutos"},"schema":{"@context":"https:\/\/schema.org","@graph":[{"@type":"Article","@id":"https:\/\/www.latribunedeplanas.com\/es\/25-de-mayo-de-2022-auto-de-admision-de-una-querella-penal-juzgado-de-instruccion-n3-de-reus\/#article","isPartOf":{"@id":"https:\/\/www.latribunedeplanas.com\/es\/25-de-mayo-de-2022-auto-de-admision-de-una-querella-penal-juzgado-de-instruccion-n3-de-reus\/"},"author":{"name":"Jim","@id":"https:\/\/www.latribunedeplanas.com\/es\/#\/schema\/person\/590a87318688792f18d8e1c983528bc8"},"headline":"25 de mayo de 2022: Auto de admisi\u00f3n de una querella penal \u2013 Juzgado de Instrucci\u00f3n n\u00b03 de Reus","datePublished":"2022-05-25T10:53:25+00:00","dateModified":"2025-08-27T11:22:29+00:00","mainEntityOfPage":{"@id":"https:\/\/www.latribunedeplanas.com\/es\/25-de-mayo-de-2022-auto-de-admision-de-una-querella-penal-juzgado-de-instruccion-n3-de-reus\/"},"wordCount":528,"publisher":{"@id":"https:\/\/www.latribunedeplanas.com\/es\/#organization"},"articleSection":["Documentos"],"inLanguage":"es"},{"@type":"WebPage","@id":"https:\/\/www.latribunedeplanas.com\/es\/25-de-mayo-de-2022-auto-de-admision-de-una-querella-penal-juzgado-de-instruccion-n3-de-reus\/","url":"https:\/\/www.latribunedeplanas.com\/es\/25-de-mayo-de-2022-auto-de-admision-de-una-querella-penal-juzgado-de-instruccion-n3-de-reus\/","name":"25 de mayo de 2022: Auto de admisi\u00f3n de una querella penal \u2013 Juzgado de Instrucci\u00f3n n\u00b03 de Reus - La Tribune de Planas","isPartOf":{"@id":"https:\/\/www.latribunedeplanas.com\/es\/#website"},"datePublished":"2022-05-25T10:53:25+00:00","dateModified":"2025-08-27T11:22:29+00:00","description":"El Juzgado de Reus admite la querella de SOS Planas contra la alcald\u00eda de Pratdip por presunta prevaricaci\u00f3n administrativa.","breadcrumb":{"@id":"https:\/\/www.latribunedeplanas.com\/es\/25-de-mayo-de-2022-auto-de-admision-de-una-querella-penal-juzgado-de-instruccion-n3-de-reus\/#breadcrumb"},"inLanguage":"es","potentialAction":[{"@type":"ReadAction","target":["https:\/\/www.latribunedeplanas.com\/es\/25-de-mayo-de-2022-auto-de-admision-de-una-querella-penal-juzgado-de-instruccion-n3-de-reus\/"]}]},{"@type":"BreadcrumbList","@id":"https:\/\/www.latribunedeplanas.com\/es\/25-de-mayo-de-2022-auto-de-admision-de-una-querella-penal-juzgado-de-instruccion-n3-de-reus\/#breadcrumb","itemListElement":[{"@type":"ListItem","position":1,"name":"Accueil","item":"https:\/\/www.latribunedeplanas.com\/es\/"},{"@type":"ListItem","position":2,"name":"25 de mayo de 2022: Auto de admisi\u00f3n de una querella penal \u2013 Juzgado de Instrucci\u00f3n n\u00b03 de Reus"}]},{"@type":"WebSite","@id":"https:\/\/www.latribunedeplanas.com\/es\/#website","url":"https:\/\/www.latribunedeplanas.com\/es\/","name":"La Tribune de Planas","description":"Les Planes del Rei - Urbanizaci\u00f3n del municipio de Pratdip","publisher":{"@id":"https:\/\/www.latribunedeplanas.com\/es\/#organization"},"potentialAction":[{"@type":"SearchAction","target":{"@type":"EntryPoint","urlTemplate":"https:\/\/www.latribunedeplanas.com\/es\/?s={search_term_string}"},"query-input":{"@type":"PropertyValueSpecification","valueRequired":true,"valueName":"search_term_string"}}],"inLanguage":"es"},{"@type":"Organization","@id":"https:\/\/www.latribunedeplanas.com\/es\/#organization","name":"Vecinos de Planes del Rei (SOSPlanes)","url":"https:\/\/www.latribunedeplanas.com\/es\/","logo":{"@type":"ImageObject","inLanguage":"es","@id":"https:\/\/www.latribunedeplanas.com\/es\/#\/schema\/logo\/image\/","url":"https:\/\/www.latribunedeplanas.com\/wp-content\/uploads\/2021\/11\/logo-sos-planas-0.png","contentUrl":"https:\/\/www.latribunedeplanas.com\/wp-content\/uploads\/2021\/11\/logo-sos-planas-0.png","width":600,"height":400,"caption":"Vecinos de Planes del Rei (SOSPlanes)"},"image":{"@id":"https:\/\/www.latribunedeplanas.com\/es\/#\/schema\/logo\/image\/"},"sameAs":["https:\/\/www.facebook.com\/groups\/1220895301376005\/","https:\/\/www.instagram.com\/lasplanasdelrey\/"]},{"@type":"Person","@id":"https:\/\/www.latribunedeplanas.com\/es\/#\/schema\/person\/590a87318688792f18d8e1c983528bc8","name":"Jim","image":{"@type":"ImageObject","inLanguage":"es","@id":"https:\/\/secure.gravatar.com\/avatar\/5a89228fd282eb9ee33a60b4ff06f9c31751866f1fb91ca56263af0968354113?s=96&d=mm&r=g","url":"https:\/\/secure.gravatar.com\/avatar\/5a89228fd282eb9ee33a60b4ff06f9c31751866f1fb91ca56263af0968354113?s=96&d=mm&r=g","contentUrl":"https:\/\/secure.gravatar.com\/avatar\/5a89228fd282eb9ee33a60b4ff06f9c31751866f1fb91ca56263af0968354113?s=96&d=mm&r=g","caption":"Jim"},"sameAs":["https:\/\/www.creawebsite.be\/","https:\/\/www.facebook.com\/Creawebsite-113915200150984","https:\/\/www.instagram.com\/creawebsite.be\/","https:\/\/www.linkedin.com\/in\/jean-marc-delchef\/"]}]}},"_links":{"self":[{"href":"https:\/\/www.latribunedeplanas.com\/es\/wp-json\/wp\/v2\/posts\/29244","targetHints":{"allow":["GET"]}}],"collection":[{"href":"https:\/\/www.latribunedeplanas.com\/es\/wp-json\/wp\/v2\/posts"}],"about":[{"href":"https:\/\/www.latribunedeplanas.com\/es\/wp-json\/wp\/v2\/types\/post"}],"author":[{"embeddable":true,"href":"https:\/\/www.latribunedeplanas.com\/es\/wp-json\/wp\/v2\/users\/1"}],"replies":[{"embeddable":true,"href":"https:\/\/www.latribunedeplanas.com\/es\/wp-json\/wp\/v2\/comments?post=29244"}],"version-history":[{"count":3,"href":"https:\/\/www.latribunedeplanas.com\/es\/wp-json\/wp\/v2\/posts\/29244\/revisions"}],"predecessor-version":[{"id":29258,"href":"https:\/\/www.latribunedeplanas.com\/es\/wp-json\/wp\/v2\/posts\/29244\/revisions\/29258"}],"wp:attachment":[{"href":"https:\/\/www.latribunedeplanas.com\/es\/wp-json\/wp\/v2\/media?parent=29244"}],"wp:term":[{"taxonomy":"category","embeddable":true,"href":"https:\/\/www.latribunedeplanas.com\/es\/wp-json\/wp\/v2\/categories?post=29244"},{"taxonomy":"post_tag","embeddable":true,"href":"https:\/\/www.latribunedeplanas.com\/es\/wp-json\/wp\/v2\/tags?post=29244"}],"curies":[{"name":"wp","href":"https:\/\/api.w.org\/{rel}","templated":true}]}}