{"id":29227,"date":"2022-01-12T12:07:09","date_gmt":"2022-01-12T11:07:09","guid":{"rendered":"https:\/\/www.latribunedeplanas.com\/12-janvier-2022-admission-de-la-plainte-penale-de-lassociation-de-vecinos-les-planes-del-rei-sos-planas-par-le-juzgado-de-instruccion-n4-de-reus\/"},"modified":"2025-08-27T12:14:25","modified_gmt":"2025-08-27T10:14:25","slug":"12-de-enero-de-2022-admision-de-la-querella-penal-de-la-asociacion-de-vecinos-les-planes-del-rei-sos-planas-por-el-juzgado-de-instruccion-no4-de-reus","status":"publish","type":"post","link":"https:\/\/www.latribunedeplanas.com\/es\/12-de-enero-de-2022-admision-de-la-querella-penal-de-la-asociacion-de-vecinos-les-planes-del-rei-sos-planas-por-el-juzgado-de-instruccion-no4-de-reus\/","title":{"rendered":"12 de enero de 2022: Admisi\u00f3n de la querella penal de la Asociaci\u00f3n de Vecinos \u00abLes Planes del Rei\u00bb (SOS Planas) por el Juzgado de Instrucci\u00f3n n\u00ba4 de Reus"},"content":{"rendered":"<p>[et_pb_section fb_built=\u00bb1&#8243; admin_label=\u00bbSection-Article\u00bb module_class=\u00bbsection-article\u00bb _builder_version=\u00bb4.18.0&#8243; custom_margin=\u00bb0px|0px|0px|0px\u00bb custom_padding=\u00bb0px|0px|0px|0px\u00bb global_colors_info=\u00bb{}\u00bb][et_pb_row use_custom_gutter=\u00bbon\u00bb gutter_width=\u00bb1&#8243; custom_padding_last_edited=\u00bbon|phone\u00bb admin_label=\u00bbLigne-Article\u00bb module_class=\u00bbligne-article et_pb_row_fullwidth\u00bb _builder_version=\u00bb4.27.4&#8243; width=\u00bb100%\u00bb width_tablet=\u00bb100%\u00bb width_phone=\u00bb\u00bb width_last_edited=\u00bbon|desktop\u00bb max_width=\u00bb100%\u00bb max_width_tablet=\u00bb100%\u00bb max_width_phone=\u00bb\u00bb max_width_last_edited=\u00bbon|desktop\u00bb custom_margin=\u00bb0px||0px\u00bb custom_padding=\u00bb20px||0px||false|false\u00bb custom_padding_tablet=\u00bb20px||0px||false|false\u00bb custom_padding_phone=\u00bb15px||||false|false\u00bb make_fullwidth=\u00bbon\u00bb global_colors_info=\u00bb{}\u00bb][et_pb_column type=\u00bb4_4&#8243; _builder_version=\u00bb4.16&#8243; custom_padding=\u00bb|||\u00bb global_colors_info=\u00bb{}\u00bb custom_padding__hover=\u00bb|||\u00bb][et_pb_text admin_label=\u00bbTexte-12 de enero de 2022: Admisi\u00f3n de la querella penal de la Asociaci\u00f3n de Vecinos \u00abLes Planes del Rei\u00bb (SOS Planas) por el Juzgado de Instrucci\u00f3n n\u00ba4 de Reus\u00bb module_class=\u00bbtxt-article\u00bb _builder_version=\u00bb4.27.4&#8243; text_font=\u00bb|300|||||||\u00bb header_font=\u00bb||||||||\u00bb header_2_line_height=\u00bb1.2em\u00bb header_3_font=\u00bb||||||||\u00bb header_3_line_height=\u00bb1.3em\u00bb header_4_text_align=\u00bbcenter\u00bb custom_padding=\u00bb||||false|false\u00bb hover_enabled=\u00bb0&#8243; text_line_height_tablet=\u00bb\u00bb text_line_height_phone=\u00bb1.3em\u00bb text_line_height_last_edited=\u00bbon|desktop\u00bb header_2_font_size_tablet=\u00bb\u00bb header_2_font_size_phone=\u00bb\u00bb header_2_font_size_last_edited=\u00bbon|phone\u00bb header_3_font_size_tablet=\u00bb\u00bb header_3_font_size_phone=\u00bb23px\u00bb header_3_font_size_last_edited=\u00bbon|desktop\u00bb global_colors_info=\u00bb{}\u00bb sticky_enabled=\u00bb0&#8243;]<\/p>\n<p>El <span class=\"accentue\">12 de enero de 2022<\/span>, el <span class=\"accentue\">Juzgado de Instrucci\u00f3n n\u00ba4 de Reus<\/span> admite a tr\u00e1mite la <span class=\"accentue\">querella penal<\/span> presentada por la <span class=\"accentue\">Asociaci\u00f3n de Vecinos \u00abLes Planes del Rei\u00bb (SOS Planas)<\/span> contra responsables del <span class=\"accentue\">Ayuntamiento de Pratdip<\/span>. La querella denuncia <span class=\"accentue\">irregularidades urban\u00edsticas<\/span>, hechos de <span class=\"accentue\">prevaricaci\u00f3n<\/span> y de <span class=\"accentue\">desobediencia<\/span> relacionados con el proyecto de <span class=\"accentue\">reparcelaci\u00f3n<\/span> del <span class=\"accentue\">PAU 4 \u2013 Planas\/Planes del Rei<\/span>.<\/p>\n<hr style=\"margin-bottom: 30px;\" \/>\n<h2>1) Personas se\u00f1aladas y contexto<\/h2>\n<ul>\n<li><span class=\"accentue\">Personas se\u00f1aladas<\/span>: <span class=\"accentue\">Joan Maria Rovira Vernet<\/span> (alcalde) e <span class=\"accentue\">Izaskun Larroya Robert<\/span> (secretaria-interventora), as\u00ed como cualquier otra persona f\u00edsica o jur\u00eddica que pudiera resultar responsable.<\/li>\n<li><span class=\"accentue\">Contexto<\/span>: desde <span class=\"accentue\">2012<\/span>, el ayuntamiento intenta relanzar un <span class=\"accentue\">proyecto de reparcelaci\u00f3n<\/span> para el <span class=\"accentue\">PAU 4<\/span>, sistem\u00e1ticamente recurrido y rechazado por el <span class=\"accentue\">Registro de la Propiedad de Falset<\/span>. \u00daltima publicaci\u00f3n: <span class=\"accentue\">14 de diciembre de 2021<\/span> en el <span class=\"accentue\">BOP de Tarragona<\/span> (\u00abModificaci\u00f3n del 2\u00ba Texto Refundido del Proyecto de Reparcelaci\u00f3n Econ\u00f3mica\u00bb).<\/li>\n<\/ul>\n<h2>2) Fundamentos jur\u00eddicos invocados<\/h2>\n<ul>\n<li><span class=\"accentue\">Art. 320.1 CP<\/span> \u2013 Delito contra la <span class=\"accentue\">ordenaci\u00f3n del territorio y el urbanismo<\/span> (aprobaciones o licencias contrarias a las normas).<\/li>\n<li><span class=\"accentue\">Art. 404 CP<\/span> \u2013 <span class=\"accentue\">Prevaricaci\u00f3n administrativa<\/span> (resoluci\u00f3n arbitraria e injusta dictada a sabiendas).<\/li>\n<li><span class=\"accentue\">Art. 410.1 CP<\/span> \u2013 <span class=\"accentue\">Desobediencia y denegaci\u00f3n de auxilio<\/span> (negativa a ejecutar <span class=\"accentue\">resoluciones judiciales<\/span> u \u00f3rdenes administrativas).<\/li>\n<\/ul>\n<h2>3) Hechos e irregularidades denunciados<\/h2>\n<ul>\n<li><span class=\"accentue\">Incumplimiento reiterado<\/span> de sentencias y resoluciones favorables a los propietarios y a la asociaci\u00f3n.<\/li>\n<li><span class=\"accentue\">Publicaci\u00f3n irregular<\/span> en el <span class=\"accentue\">BOP (14\/12\/2021)<\/span> del <span class=\"accentue\">2\u00ba Texto Refundido<\/span> de la reparcelaci\u00f3n.<\/li>\n<li><span class=\"accentue\">Falta de notificaciones individuales<\/span> a los propietarios en los plazos legales (cartas enviadas solo el <span class=\"accentue\">12 de enero de 2022<\/span>).<\/li>\n<li><span class=\"accentue\">Falsa menci\u00f3n<\/span> de una <span class=\"accentue\">ECU activa<\/span>, cuando su <span class=\"accentue\">disoluci\u00f3n<\/span> fue confirmada por el <span class=\"accentue\">TSJC el 21\/07\/2016<\/span>.<\/li>\n<li><span class=\"accentue\">Cesiones y recepciones<\/span>: zonas verdes, viales y equipamientos (piscina, espacios p\u00fablicos) ya <span class=\"accentue\">materializados y recepcionados<\/span>, como confirma el <span class=\"accentue\">informe municipal de 31\/03\/2021<\/span> (urbanizaci\u00f3n \u00ab<span class=\"accentue\">totalmente consolidada<\/span>\u00bb, solo mantenimiento).<\/li>\n<li><span class=\"accentue\">Reparto ilegal de costes<\/span>: coste total <span class=\"accentue\">7.212.552,78 \u20ac<\/span>. Seg\u00fan el <span class=\"accentue\">art. 139 TRLUC<\/span> (cooperaci\u00f3n): <span class=\"accentue\">44,9 %<\/span> (\u2248 3,2 M\u20ac) a cargo del ayuntamiento, <span class=\"accentue\">55,1 %<\/span> (\u2248 3,97 M\u20ac) a los propietarios. Esta norma no fue aplicada correctamente.<\/li>\n<li><span class=\"accentue\">Violaci\u00f3n del art. 140 TRLUC<\/span>: la iniciativa del proyecto deb\u00eda corresponder a los propietarios (>50 % de las superficies), lo cual no se respet\u00f3.<\/li>\n<\/ul>\n<h2>4) Peticiones de la asociaci\u00f3n<\/h2>\n<ul>\n<li><span class=\"accentue\">Art. 320.1 CP<\/span> \u2013 Condena a <span class=\"accentue\">3 a\u00f1os de prisi\u00f3n<\/span> + <span class=\"accentue\">multa de 7.200 \u20ac<\/span> (24 meses a 10 \u20ac\/d\u00eda).<\/li>\n<li><span class=\"accentue\">Art. 404 CP<\/span> \u2013 Prevaricaci\u00f3n: <span class=\"accentue\">inhabilitaci\u00f3n 10 a\u00f1os<\/span> para cargo p\u00fablico y derecho de sufragio pasivo.<\/li>\n<li><span class=\"accentue\">Art. 410.1 CP<\/span> \u2013 Desobediencia: <span class=\"accentue\">inhabilitaci\u00f3n 2 a\u00f1os<\/span> + <span class=\"accentue\">multa de 3.600 \u20ac<\/span> (12 meses a 10 \u20ac\/d\u00eda).<\/li>\n<li><span class=\"accentue\">Indemnizaci\u00f3n<\/span>: pago <span class=\"accentue\">solidario<\/span> de <span class=\"accentue\">50.000 \u20ac<\/span> por da\u00f1os y perjuicios.<\/li>\n<\/ul>\n<h2>5) Puntos clave a destacar<\/h2>\n<ul>\n<li>El tribunal reconoce la <span class=\"accentue\">solidez jur\u00eddica<\/span> de los argumentos y abre la <span class=\"accentue\">fase de instrucci\u00f3n<\/span>.<\/li>\n<li>Las acusaciones se centran en un supuesto caso de <span class=\"accentue\">fraude urban\u00edstico<\/span> en torno al <span class=\"accentue\">PAU 4<\/span>, basado en <span class=\"accentue\">irregularidades de procedimiento<\/span> y un <span class=\"accentue\">reparto indebido de cargas<\/span>.<\/li>\n<li>El <span class=\"accentue\">informe municipal de 31\/03\/2021<\/span> y la <span class=\"accentue\">disoluci\u00f3n definitiva de la ECU (TSJC 21\/07\/2016)<\/span> contradicen directamente la l\u00f3gica del proyecto de reparcelaci\u00f3n modificado.<\/li>\n<\/ul>\n<hr style=\"margin-bottom: 30px;\" \/>\n<h3 class=\"underline\">Documento<\/h3>\n<p style=\"padding-top: 30px;\"><a href=\"https:\/\/www.latribunedeplanas.com\/wp-content\/uploads\/2025\/06\/2022-01-12-reponse-du-tribunal-suite-a-notre-plainte-au-penal.pdf\" class=\"pdfemb-viewer\" style=\"\" data-width=\"max\" data-height=\"max\" data-mobile-width=\"0\"  data-scrollbar=\"none\" data-download=\"on\" data-tracking=\"on\" data-newwindow=\"on\" data-pagetextbox=\"off\" data-scrolltotop=\"off\" data-startzoom=\"100\" data-startfpzoom=\"100\" data-toolbar=\"top\" data-toolbar-fixed=\"off\">2022-01-12-reponse-du-tribunal-suite-a-notre-plainte-au-penal<br\/><\/a><\/p>\n<p>[\/et_pb_text][\/et_pb_column][\/et_pb_row][\/et_pb_section]<\/p>\n","protected":false},"excerpt":{"rendered":"<p>El 12 de enero de 2022, el Juzgado de Instrucci\u00f3n n\u00ba4 de Reus admite a tr\u00e1mite la querella penal presentada por la Asociaci\u00f3n de Vecinos \u00abLes Planes del Rei\u00bb (SOS Planas) contra responsables del Ayuntamiento de Pratdip. La querella denuncia irregularidades urban\u00edsticas, hechos de prevaricaci\u00f3n y de desobediencia relacionados con el proyecto de reparcelaci\u00f3n del [&hellip;]<\/p>\n","protected":false},"author":1,"featured_media":0,"comment_status":"closed","ping_status":"closed","sticky":false,"template":"","format":"standard","meta":{"_et_pb_use_builder":"on","_et_pb_old_content":"","_et_gb_content_width":"","footnotes":""},"categories":[217],"tags":[],"class_list":["post-29227","post","type-post","status-publish","format-standard","hentry","category-documentos"],"yoast_head":"<!-- This site is optimized with the Yoast SEO plugin v27.5 - https:\/\/yoast.com\/product\/yoast-seo-wordpress\/ -->\n<title>12 de enero de 2022: Admisi\u00f3n de la querella penal de la Asociaci\u00f3n de Vecinos \u00abLes Planes del Rei\u00bb (SOS Planas) por el Juzgado de Instrucci\u00f3n n\u00ba4 de Reus - La Tribune de Planas<\/title>\n<meta name=\"description\" content=\"En 2022, SOS Planas logra la admisi\u00f3n de una querella penal contra el Ayuntamiento de Pratdip por fraude urban\u00edstico y prevaricaci\u00f3n.\" \/>\n<meta name=\"robots\" content=\"index, follow, max-snippet:-1, max-image-preview:large, max-video-preview:-1\" \/>\n<link rel=\"canonical\" href=\"https:\/\/www.latribunedeplanas.com\/es\/12-de-enero-de-2022-admision-de-la-querella-penal-de-la-asociacion-de-vecinos-les-planes-del-rei-sos-planas-por-el-juzgado-de-instruccion-no4-de-reus\/\" \/>\n<meta property=\"og:locale\" content=\"es_ES\" \/>\n<meta property=\"og:type\" content=\"article\" \/>\n<meta property=\"og:title\" content=\"12 de enero de 2022: Admisi\u00f3n de la querella penal de la Asociaci\u00f3n de Vecinos \u00abLes Planes del Rei\u00bb (SOS Planas) por el Juzgado de Instrucci\u00f3n n\u00ba4 de Reus - La Tribune de Planas\" \/>\n<meta property=\"og:description\" content=\"En 2022, SOS Planas logra la admisi\u00f3n de una querella penal contra el Ayuntamiento de Pratdip por fraude urban\u00edstico y prevaricaci\u00f3n.\" \/>\n<meta property=\"og:url\" content=\"https:\/\/www.latribunedeplanas.com\/es\/12-de-enero-de-2022-admision-de-la-querella-penal-de-la-asociacion-de-vecinos-les-planes-del-rei-sos-planas-por-el-juzgado-de-instruccion-no4-de-reus\/\" \/>\n<meta property=\"og:site_name\" content=\"La Tribune de Planas\" \/>\n<meta property=\"article:publisher\" content=\"https:\/\/www.facebook.com\/groups\/1220895301376005\/\" \/>\n<meta property=\"article:author\" content=\"https:\/\/www.facebook.com\/Creawebsite-113915200150984\" \/>\n<meta property=\"article:published_time\" content=\"2022-01-12T11:07:09+00:00\" \/>\n<meta property=\"article:modified_time\" content=\"2025-08-27T10:14:25+00:00\" \/>\n<meta name=\"author\" content=\"Jim\" \/>\n<meta name=\"twitter:card\" content=\"summary_large_image\" \/>\n<meta name=\"twitter:label1\" content=\"Escrito por\" \/>\n\t<meta name=\"twitter:data1\" content=\"Jim\" \/>\n\t<meta name=\"twitter:label2\" content=\"Tiempo de lectura\" \/>\n\t<meta name=\"twitter:data2\" content=\"3 minutos\" \/>\n<script type=\"application\/ld+json\" class=\"yoast-schema-graph\">{\"@context\":\"https:\\\/\\\/schema.org\",\"@graph\":[{\"@type\":\"Article\",\"@id\":\"https:\\\/\\\/www.latribunedeplanas.com\\\/es\\\/12-de-enero-de-2022-admision-de-la-querella-penal-de-la-asociacion-de-vecinos-les-planes-del-rei-sos-planas-por-el-juzgado-de-instruccion-no4-de-reus\\\/#article\",\"isPartOf\":{\"@id\":\"https:\\\/\\\/www.latribunedeplanas.com\\\/es\\\/12-de-enero-de-2022-admision-de-la-querella-penal-de-la-asociacion-de-vecinos-les-planes-del-rei-sos-planas-por-el-juzgado-de-instruccion-no4-de-reus\\\/\"},\"author\":{\"name\":\"Jim\",\"@id\":\"https:\\\/\\\/www.latribunedeplanas.com\\\/es\\\/#\\\/schema\\\/person\\\/590a87318688792f18d8e1c983528bc8\"},\"headline\":\"12 de enero de 2022: Admisi\u00f3n de la querella penal de la Asociaci\u00f3n de Vecinos \u00abLes Planes del Rei\u00bb (SOS Planas) por el Juzgado de Instrucci\u00f3n n\u00ba4 de Reus\",\"datePublished\":\"2022-01-12T11:07:09+00:00\",\"dateModified\":\"2025-08-27T10:14:25+00:00\",\"mainEntityOfPage\":{\"@id\":\"https:\\\/\\\/www.latribunedeplanas.com\\\/es\\\/12-de-enero-de-2022-admision-de-la-querella-penal-de-la-asociacion-de-vecinos-les-planes-del-rei-sos-planas-por-el-juzgado-de-instruccion-no4-de-reus\\\/\"},\"wordCount\":770,\"publisher\":{\"@id\":\"https:\\\/\\\/www.latribunedeplanas.com\\\/es\\\/#organization\"},\"articleSection\":[\"Documentos\"],\"inLanguage\":\"es\"},{\"@type\":\"WebPage\",\"@id\":\"https:\\\/\\\/www.latribunedeplanas.com\\\/es\\\/12-de-enero-de-2022-admision-de-la-querella-penal-de-la-asociacion-de-vecinos-les-planes-del-rei-sos-planas-por-el-juzgado-de-instruccion-no4-de-reus\\\/\",\"url\":\"https:\\\/\\\/www.latribunedeplanas.com\\\/es\\\/12-de-enero-de-2022-admision-de-la-querella-penal-de-la-asociacion-de-vecinos-les-planes-del-rei-sos-planas-por-el-juzgado-de-instruccion-no4-de-reus\\\/\",\"name\":\"12 de enero de 2022: Admisi\u00f3n de la querella penal de la Asociaci\u00f3n de Vecinos \u00abLes Planes del Rei\u00bb (SOS Planas) por el Juzgado de Instrucci\u00f3n n\u00ba4 de Reus - La Tribune de Planas\",\"isPartOf\":{\"@id\":\"https:\\\/\\\/www.latribunedeplanas.com\\\/es\\\/#website\"},\"datePublished\":\"2022-01-12T11:07:09+00:00\",\"dateModified\":\"2025-08-27T10:14:25+00:00\",\"description\":\"En 2022, SOS Planas logra la admisi\u00f3n de una querella penal contra el Ayuntamiento de Pratdip por fraude urban\u00edstico y prevaricaci\u00f3n.\",\"breadcrumb\":{\"@id\":\"https:\\\/\\\/www.latribunedeplanas.com\\\/es\\\/12-de-enero-de-2022-admision-de-la-querella-penal-de-la-asociacion-de-vecinos-les-planes-del-rei-sos-planas-por-el-juzgado-de-instruccion-no4-de-reus\\\/#breadcrumb\"},\"inLanguage\":\"es\",\"potentialAction\":[{\"@type\":\"ReadAction\",\"target\":[\"https:\\\/\\\/www.latribunedeplanas.com\\\/es\\\/12-de-enero-de-2022-admision-de-la-querella-penal-de-la-asociacion-de-vecinos-les-planes-del-rei-sos-planas-por-el-juzgado-de-instruccion-no4-de-reus\\\/\"]}]},{\"@type\":\"BreadcrumbList\",\"@id\":\"https:\\\/\\\/www.latribunedeplanas.com\\\/es\\\/12-de-enero-de-2022-admision-de-la-querella-penal-de-la-asociacion-de-vecinos-les-planes-del-rei-sos-planas-por-el-juzgado-de-instruccion-no4-de-reus\\\/#breadcrumb\",\"itemListElement\":[{\"@type\":\"ListItem\",\"position\":1,\"name\":\"Accueil\",\"item\":\"https:\\\/\\\/www.latribunedeplanas.com\\\/es\\\/\"},{\"@type\":\"ListItem\",\"position\":2,\"name\":\"12 de enero de 2022: Admisi\u00f3n de la querella penal de la Asociaci\u00f3n de Vecinos \u00abLes Planes del Rei\u00bb (SOS Planas) por el Juzgado de Instrucci\u00f3n n\u00ba4 de Reus\"}]},{\"@type\":\"WebSite\",\"@id\":\"https:\\\/\\\/www.latribunedeplanas.com\\\/es\\\/#website\",\"url\":\"https:\\\/\\\/www.latribunedeplanas.com\\\/es\\\/\",\"name\":\"La Tribune de Planas\",\"description\":\"Les Planes del Rei - Urbanizaci\u00f3n del municipio de Pratdip\",\"publisher\":{\"@id\":\"https:\\\/\\\/www.latribunedeplanas.com\\\/es\\\/#organization\"},\"potentialAction\":[{\"@type\":\"SearchAction\",\"target\":{\"@type\":\"EntryPoint\",\"urlTemplate\":\"https:\\\/\\\/www.latribunedeplanas.com\\\/es\\\/?s={search_term_string}\"},\"query-input\":{\"@type\":\"PropertyValueSpecification\",\"valueRequired\":true,\"valueName\":\"search_term_string\"}}],\"inLanguage\":\"es\"},{\"@type\":\"Organization\",\"@id\":\"https:\\\/\\\/www.latribunedeplanas.com\\\/es\\\/#organization\",\"name\":\"Vecinos de Planes del Rei (SOSPlanes)\",\"url\":\"https:\\\/\\\/www.latribunedeplanas.com\\\/es\\\/\",\"logo\":{\"@type\":\"ImageObject\",\"inLanguage\":\"es\",\"@id\":\"https:\\\/\\\/www.latribunedeplanas.com\\\/es\\\/#\\\/schema\\\/logo\\\/image\\\/\",\"url\":\"https:\\\/\\\/www.latribunedeplanas.com\\\/wp-content\\\/uploads\\\/2021\\\/11\\\/logo-sos-planas-0.png\",\"contentUrl\":\"https:\\\/\\\/www.latribunedeplanas.com\\\/wp-content\\\/uploads\\\/2021\\\/11\\\/logo-sos-planas-0.png\",\"width\":600,\"height\":400,\"caption\":\"Vecinos de Planes del Rei (SOSPlanes)\"},\"image\":{\"@id\":\"https:\\\/\\\/www.latribunedeplanas.com\\\/es\\\/#\\\/schema\\\/logo\\\/image\\\/\"},\"sameAs\":[\"https:\\\/\\\/www.facebook.com\\\/groups\\\/1220895301376005\\\/\",\"https:\\\/\\\/www.instagram.com\\\/lasplanasdelrey\\\/\"]},{\"@type\":\"Person\",\"@id\":\"https:\\\/\\\/www.latribunedeplanas.com\\\/es\\\/#\\\/schema\\\/person\\\/590a87318688792f18d8e1c983528bc8\",\"name\":\"Jim\",\"image\":{\"@type\":\"ImageObject\",\"inLanguage\":\"es\",\"@id\":\"https:\\\/\\\/secure.gravatar.com\\\/avatar\\\/5a89228fd282eb9ee33a60b4ff06f9c31751866f1fb91ca56263af0968354113?s=96&d=mm&r=g\",\"url\":\"https:\\\/\\\/secure.gravatar.com\\\/avatar\\\/5a89228fd282eb9ee33a60b4ff06f9c31751866f1fb91ca56263af0968354113?s=96&d=mm&r=g\",\"contentUrl\":\"https:\\\/\\\/secure.gravatar.com\\\/avatar\\\/5a89228fd282eb9ee33a60b4ff06f9c31751866f1fb91ca56263af0968354113?s=96&d=mm&r=g\",\"caption\":\"Jim\"},\"sameAs\":[\"https:\\\/\\\/www.creawebsite.be\\\/\",\"https:\\\/\\\/www.facebook.com\\\/Creawebsite-113915200150984\",\"https:\\\/\\\/www.instagram.com\\\/creawebsite.be\\\/\",\"https:\\\/\\\/www.linkedin.com\\\/in\\\/jean-marc-delchef\\\/\"]}]}<\/script>\n<!-- \/ Yoast SEO plugin. -->","yoast_head_json":{"title":"12 de enero de 2022: Admisi\u00f3n de la querella penal de la Asociaci\u00f3n de Vecinos \u00abLes Planes del Rei\u00bb (SOS Planas) por el Juzgado de Instrucci\u00f3n n\u00ba4 de Reus - La Tribune de Planas","description":"En 2022, SOS Planas logra la admisi\u00f3n de una querella penal contra el Ayuntamiento de Pratdip por fraude urban\u00edstico y prevaricaci\u00f3n.","robots":{"index":"index","follow":"follow","max-snippet":"max-snippet:-1","max-image-preview":"max-image-preview:large","max-video-preview":"max-video-preview:-1"},"canonical":"https:\/\/www.latribunedeplanas.com\/es\/12-de-enero-de-2022-admision-de-la-querella-penal-de-la-asociacion-de-vecinos-les-planes-del-rei-sos-planas-por-el-juzgado-de-instruccion-no4-de-reus\/","og_locale":"es_ES","og_type":"article","og_title":"12 de enero de 2022: Admisi\u00f3n de la querella penal de la Asociaci\u00f3n de Vecinos \u00abLes Planes del Rei\u00bb (SOS Planas) por el Juzgado de Instrucci\u00f3n n\u00ba4 de Reus - La Tribune de Planas","og_description":"En 2022, SOS Planas logra la admisi\u00f3n de una querella penal contra el Ayuntamiento de Pratdip por fraude urban\u00edstico y prevaricaci\u00f3n.","og_url":"https:\/\/www.latribunedeplanas.com\/es\/12-de-enero-de-2022-admision-de-la-querella-penal-de-la-asociacion-de-vecinos-les-planes-del-rei-sos-planas-por-el-juzgado-de-instruccion-no4-de-reus\/","og_site_name":"La Tribune de Planas","article_publisher":"https:\/\/www.facebook.com\/groups\/1220895301376005\/","article_author":"https:\/\/www.facebook.com\/Creawebsite-113915200150984","article_published_time":"2022-01-12T11:07:09+00:00","article_modified_time":"2025-08-27T10:14:25+00:00","author":"Jim","twitter_card":"summary_large_image","twitter_misc":{"Escrito por":"Jim","Tiempo de lectura":"3 minutos"},"schema":{"@context":"https:\/\/schema.org","@graph":[{"@type":"Article","@id":"https:\/\/www.latribunedeplanas.com\/es\/12-de-enero-de-2022-admision-de-la-querella-penal-de-la-asociacion-de-vecinos-les-planes-del-rei-sos-planas-por-el-juzgado-de-instruccion-no4-de-reus\/#article","isPartOf":{"@id":"https:\/\/www.latribunedeplanas.com\/es\/12-de-enero-de-2022-admision-de-la-querella-penal-de-la-asociacion-de-vecinos-les-planes-del-rei-sos-planas-por-el-juzgado-de-instruccion-no4-de-reus\/"},"author":{"name":"Jim","@id":"https:\/\/www.latribunedeplanas.com\/es\/#\/schema\/person\/590a87318688792f18d8e1c983528bc8"},"headline":"12 de enero de 2022: Admisi\u00f3n de la querella penal de la Asociaci\u00f3n de Vecinos \u00abLes Planes del Rei\u00bb (SOS Planas) por el Juzgado de Instrucci\u00f3n n\u00ba4 de Reus","datePublished":"2022-01-12T11:07:09+00:00","dateModified":"2025-08-27T10:14:25+00:00","mainEntityOfPage":{"@id":"https:\/\/www.latribunedeplanas.com\/es\/12-de-enero-de-2022-admision-de-la-querella-penal-de-la-asociacion-de-vecinos-les-planes-del-rei-sos-planas-por-el-juzgado-de-instruccion-no4-de-reus\/"},"wordCount":770,"publisher":{"@id":"https:\/\/www.latribunedeplanas.com\/es\/#organization"},"articleSection":["Documentos"],"inLanguage":"es"},{"@type":"WebPage","@id":"https:\/\/www.latribunedeplanas.com\/es\/12-de-enero-de-2022-admision-de-la-querella-penal-de-la-asociacion-de-vecinos-les-planes-del-rei-sos-planas-por-el-juzgado-de-instruccion-no4-de-reus\/","url":"https:\/\/www.latribunedeplanas.com\/es\/12-de-enero-de-2022-admision-de-la-querella-penal-de-la-asociacion-de-vecinos-les-planes-del-rei-sos-planas-por-el-juzgado-de-instruccion-no4-de-reus\/","name":"12 de enero de 2022: Admisi\u00f3n de la querella penal de la Asociaci\u00f3n de Vecinos \u00abLes Planes del Rei\u00bb (SOS Planas) por el Juzgado de Instrucci\u00f3n n\u00ba4 de Reus - La Tribune de Planas","isPartOf":{"@id":"https:\/\/www.latribunedeplanas.com\/es\/#website"},"datePublished":"2022-01-12T11:07:09+00:00","dateModified":"2025-08-27T10:14:25+00:00","description":"En 2022, SOS Planas logra la admisi\u00f3n de una querella penal contra el Ayuntamiento de Pratdip por fraude urban\u00edstico y prevaricaci\u00f3n.","breadcrumb":{"@id":"https:\/\/www.latribunedeplanas.com\/es\/12-de-enero-de-2022-admision-de-la-querella-penal-de-la-asociacion-de-vecinos-les-planes-del-rei-sos-planas-por-el-juzgado-de-instruccion-no4-de-reus\/#breadcrumb"},"inLanguage":"es","potentialAction":[{"@type":"ReadAction","target":["https:\/\/www.latribunedeplanas.com\/es\/12-de-enero-de-2022-admision-de-la-querella-penal-de-la-asociacion-de-vecinos-les-planes-del-rei-sos-planas-por-el-juzgado-de-instruccion-no4-de-reus\/"]}]},{"@type":"BreadcrumbList","@id":"https:\/\/www.latribunedeplanas.com\/es\/12-de-enero-de-2022-admision-de-la-querella-penal-de-la-asociacion-de-vecinos-les-planes-del-rei-sos-planas-por-el-juzgado-de-instruccion-no4-de-reus\/#breadcrumb","itemListElement":[{"@type":"ListItem","position":1,"name":"Accueil","item":"https:\/\/www.latribunedeplanas.com\/es\/"},{"@type":"ListItem","position":2,"name":"12 de enero de 2022: Admisi\u00f3n de la querella penal de la Asociaci\u00f3n de Vecinos \u00abLes Planes del Rei\u00bb (SOS Planas) por el Juzgado de Instrucci\u00f3n n\u00ba4 de Reus"}]},{"@type":"WebSite","@id":"https:\/\/www.latribunedeplanas.com\/es\/#website","url":"https:\/\/www.latribunedeplanas.com\/es\/","name":"La Tribune de Planas","description":"Les Planes del Rei - Urbanizaci\u00f3n del municipio de Pratdip","publisher":{"@id":"https:\/\/www.latribunedeplanas.com\/es\/#organization"},"potentialAction":[{"@type":"SearchAction","target":{"@type":"EntryPoint","urlTemplate":"https:\/\/www.latribunedeplanas.com\/es\/?s={search_term_string}"},"query-input":{"@type":"PropertyValueSpecification","valueRequired":true,"valueName":"search_term_string"}}],"inLanguage":"es"},{"@type":"Organization","@id":"https:\/\/www.latribunedeplanas.com\/es\/#organization","name":"Vecinos de Planes del Rei (SOSPlanes)","url":"https:\/\/www.latribunedeplanas.com\/es\/","logo":{"@type":"ImageObject","inLanguage":"es","@id":"https:\/\/www.latribunedeplanas.com\/es\/#\/schema\/logo\/image\/","url":"https:\/\/www.latribunedeplanas.com\/wp-content\/uploads\/2021\/11\/logo-sos-planas-0.png","contentUrl":"https:\/\/www.latribunedeplanas.com\/wp-content\/uploads\/2021\/11\/logo-sos-planas-0.png","width":600,"height":400,"caption":"Vecinos de Planes del Rei (SOSPlanes)"},"image":{"@id":"https:\/\/www.latribunedeplanas.com\/es\/#\/schema\/logo\/image\/"},"sameAs":["https:\/\/www.facebook.com\/groups\/1220895301376005\/","https:\/\/www.instagram.com\/lasplanasdelrey\/"]},{"@type":"Person","@id":"https:\/\/www.latribunedeplanas.com\/es\/#\/schema\/person\/590a87318688792f18d8e1c983528bc8","name":"Jim","image":{"@type":"ImageObject","inLanguage":"es","@id":"https:\/\/secure.gravatar.com\/avatar\/5a89228fd282eb9ee33a60b4ff06f9c31751866f1fb91ca56263af0968354113?s=96&d=mm&r=g","url":"https:\/\/secure.gravatar.com\/avatar\/5a89228fd282eb9ee33a60b4ff06f9c31751866f1fb91ca56263af0968354113?s=96&d=mm&r=g","contentUrl":"https:\/\/secure.gravatar.com\/avatar\/5a89228fd282eb9ee33a60b4ff06f9c31751866f1fb91ca56263af0968354113?s=96&d=mm&r=g","caption":"Jim"},"sameAs":["https:\/\/www.creawebsite.be\/","https:\/\/www.facebook.com\/Creawebsite-113915200150984","https:\/\/www.instagram.com\/creawebsite.be\/","https:\/\/www.linkedin.com\/in\/jean-marc-delchef\/"]}]}},"_links":{"self":[{"href":"https:\/\/www.latribunedeplanas.com\/es\/wp-json\/wp\/v2\/posts\/29227","targetHints":{"allow":["GET"]}}],"collection":[{"href":"https:\/\/www.latribunedeplanas.com\/es\/wp-json\/wp\/v2\/posts"}],"about":[{"href":"https:\/\/www.latribunedeplanas.com\/es\/wp-json\/wp\/v2\/types\/post"}],"author":[{"embeddable":true,"href":"https:\/\/www.latribunedeplanas.com\/es\/wp-json\/wp\/v2\/users\/1"}],"replies":[{"embeddable":true,"href":"https:\/\/www.latribunedeplanas.com\/es\/wp-json\/wp\/v2\/comments?post=29227"}],"version-history":[{"count":2,"href":"https:\/\/www.latribunedeplanas.com\/es\/wp-json\/wp\/v2\/posts\/29227\/revisions"}],"predecessor-version":[{"id":29230,"href":"https:\/\/www.latribunedeplanas.com\/es\/wp-json\/wp\/v2\/posts\/29227\/revisions\/29230"}],"wp:attachment":[{"href":"https:\/\/www.latribunedeplanas.com\/es\/wp-json\/wp\/v2\/media?parent=29227"}],"wp:term":[{"taxonomy":"category","embeddable":true,"href":"https:\/\/www.latribunedeplanas.com\/es\/wp-json\/wp\/v2\/categories?post=29227"},{"taxonomy":"post_tag","embeddable":true,"href":"https:\/\/www.latribunedeplanas.com\/es\/wp-json\/wp\/v2\/tags?post=29227"}],"curies":[{"name":"wp","href":"https:\/\/api.w.org\/{rel}","templated":true}]}}