{"id":29140,"date":"2021-03-31T11:56:25","date_gmt":"2021-03-31T09:56:25","guid":{"rendered":"https:\/\/www.latribunedeplanas.com\/31-mars-2021-rapport-technique-reception-de-la-zone-dequipements-de-planes-del-rei\/"},"modified":"2025-08-26T12:02:36","modified_gmt":"2025-08-26T10:02:36","slug":"31-de-marzo-de-2021-informe-tecnico-recepcion-de-la-zona-de-equipamientos-de-planes-del-rei","status":"publish","type":"post","link":"https:\/\/www.latribunedeplanas.com\/es\/31-de-marzo-de-2021-informe-tecnico-recepcion-de-la-zona-de-equipamientos-de-planes-del-rei\/","title":{"rendered":"31 de marzo de 2021: Informe t\u00e9cnico \u2013 Recepci\u00f3n de la zona de equipamientos de Planes del Rei"},"content":{"rendered":"<p>[et_pb_section fb_built=\u00bb1&#8243; admin_label=\u00bbSection-Article\u00bb module_class=\u00bbsection-article\u00bb _builder_version=\u00bb4.18.0&#8243; custom_margin=\u00bb0px|0px|0px|0px\u00bb custom_padding=\u00bb0px|0px|0px|0px\u00bb global_colors_info=\u00bb{}\u00bb][et_pb_row use_custom_gutter=\u00bbon\u00bb gutter_width=\u00bb1&#8243; custom_padding_last_edited=\u00bbon|phone\u00bb admin_label=\u00bbLigne-Article\u00bb module_class=\u00bbligne-article et_pb_row_fullwidth\u00bb _builder_version=\u00bb4.27.4&#8243; width=\u00bb100%\u00bb width_tablet=\u00bb100%\u00bb width_phone=\u00bb\u00bb width_last_edited=\u00bbon|desktop\u00bb max_width=\u00bb100%\u00bb max_width_tablet=\u00bb100%\u00bb max_width_phone=\u00bb\u00bb max_width_last_edited=\u00bbon|desktop\u00bb custom_margin=\u00bb0px||0px\u00bb custom_padding=\u00bb20px||0px||false|false\u00bb custom_padding_tablet=\u00bb20px||0px||false|false\u00bb custom_padding_phone=\u00bb15px||||false|false\u00bb make_fullwidth=\u00bbon\u00bb global_colors_info=\u00bb{}\u00bb][et_pb_column type=\u00bb4_4&#8243; _builder_version=\u00bb4.16&#8243; custom_padding=\u00bb|||\u00bb global_colors_info=\u00bb{}\u00bb custom_padding__hover=\u00bb|||\u00bb][et_pb_text admin_label=\u00bbTexte-31 de marzo de 2021: Informe t\u00e9cnico \u2013 Recepci\u00f3n de la zona de equipamientos de Planes del Rei\u00bb module_class=\u00bbtxt-article\u00bb _builder_version=\u00bb4.27.4&#8243; text_font=\u00bb|300|||||||\u00bb header_font=\u00bb||||||||\u00bb header_2_line_height=\u00bb1.2em\u00bb header_3_font=\u00bb||||||||\u00bb header_3_line_height=\u00bb1.3em\u00bb header_4_text_align=\u00bbcenter\u00bb custom_padding=\u00bb||||false|false\u00bb hover_enabled=\u00bb0&#8243; text_line_height_tablet=\u00bb\u00bb text_line_height_phone=\u00bb1.3em\u00bb text_line_height_last_edited=\u00bbon|desktop\u00bb header_2_font_size_tablet=\u00bb\u00bb header_2_font_size_phone=\u00bb\u00bb header_2_font_size_last_edited=\u00bbon|phone\u00bb header_3_font_size_tablet=\u00bb\u00bb header_3_font_size_phone=\u00bb23px\u00bb header_3_font_size_last_edited=\u00bbon|desktop\u00bb global_colors_info=\u00bb{}\u00bb sticky_enabled=\u00bb0&#8243;]<\/p>\n<p>El <span class=\"accentue\">31 de marzo de 2021<\/span>, a solicitud del <span class=\"accentue\">Ayuntamiento de Pratdip<\/span>, el arquitecto del <span class=\"accentue\">Consell Comarcal del Baix Camp<\/span> emite un <span class=\"accentue\">informe t\u00e9cnico<\/span> sobre la conveniencia de la recepci\u00f3n municipal de la <span class=\"accentue\">zona de equipamientos<\/span> de la urbanizaci\u00f3n <span class=\"accentue\">Planes del Rei<\/span> (piscinas, zona deportiva y recreativa, aparcamiento y zona verde). El documento concluye la <span class=\"accentue\">viabilidad<\/span> y la <span class=\"accentue\">oportunidad<\/span> de esta recepci\u00f3n parcial, sin perjuicio de la reurbanizaci\u00f3n global del sector.<\/p>\n<hr style=\"margin-bottom: 30px;\" \/>\n<h2>1) Datos catastrales y urban\u00edsticos<\/h2>\n<ul>\n<li><span class=\"accentue\">Localizaci\u00f3n<\/span>: Avinguda de Pratdip s\/n \u2013 referencia catastral 3741626CF2434S0001AB.<\/li>\n<li><span class=\"accentue\">Clasificaci\u00f3n<\/span>: <span class=\"accentue\">suelo urbano<\/span>, integrado en el <span class=\"accentue\">PAU4<\/span>, calificaci\u00f3n <span class=\"accentue\">sistema de equipamientos (Clave Ep)<\/span>.<\/li>\n<li><span class=\"accentue\">POUM<\/span>: aprobado el 30\/10\/2008, texto refundido el 03\/07\/2009, publicado en el DOGC el 09\/02\/2010.<\/li>\n<\/ul>\n<h2>2) Zona de equipamientos objeto del informe<\/h2>\n<ul>\n<li><span class=\"accentue\">Piscinas<\/span> en servicio.<\/li>\n<li><span class=\"accentue\">Zona deportiva<\/span> con pistas de tenis.<\/li>\n<li><span class=\"accentue\">Gran zona verde<\/span> con juegos infantiles.<\/li>\n<li><span class=\"accentue\">Aparcamiento<\/span> anexo.<\/li>\n<\/ul>\n<h2>3) Contexto de gesti\u00f3n y cesiones<\/h2>\n<ul>\n<li><span class=\"accentue\">Gesti\u00f3n por cooperaci\u00f3n<\/span> del PAU4: la iniciativa de las obras de urbanizaci\u00f3n corresponde al ayuntamiento, a cargo de los propietarios (art\u00edculo 120 TRLUC).<\/li>\n<li><span class=\"accentue\">Proyecto de reparcelaci\u00f3n<\/span>: aprobado definitivamente, pendiente de inscripci\u00f3n en el Registro de la Propiedad de Falset.<\/li>\n<li><span class=\"accentue\">Cesiones<\/span>: viales, zonas verdes y espacios de equipamientos ya transferidos al ayuntamiento.<\/li>\n<li>Desde la <span class=\"accentue\">disoluci\u00f3n de la ECU<\/span>, el ayuntamiento ya realiza un mantenimiento m\u00ednimo (apertura estival y seguridad de las piscinas).<\/li>\n<\/ul>\n<h2>4) Estado y repercusiones t\u00e9cnicas<\/h2>\n<ul>\n<li>Equipamientos <span class=\"accentue\">consolidados y operativos<\/span>, que requieren \u00fanicamente <span class=\"accentue\">mantenimiento ordinario<\/span>.<\/li>\n<li>El proyecto de urbanizaci\u00f3n global no contempla obras adicionales para esta zona, ya funcional.<\/li>\n<\/ul>\n<h2>5) Valoraci\u00f3n jur\u00eddica<\/h2>\n<ul>\n<li>La recepci\u00f3n parcial <span class=\"accentue\">no infringe<\/span> el art\u00edculo 122 del TRLUC sobre la financiaci\u00f3n de las obras de urbanizaci\u00f3n.<\/li>\n<li>Los propietarios han <span class=\"accentue\">cumplido sus obligaciones<\/span> al ceder espacios plenamente operativos y en buen estado.<\/li>\n<\/ul>\n<h2>6) Conclusi\u00f3n<\/h2>\n<ul>\n<li>La recepci\u00f3n por parte del <span class=\"accentue\">Ayuntamiento de Pratdip<\/span> se considera <span class=\"accentue\">viable<\/span> y <span class=\"accentue\">oportuna<\/span>.<\/li>\n<li>Garantiza la <span class=\"accentue\">seguridad<\/span>, la <span class=\"accentue\">salubridad<\/span> y el mantenimiento de servicios de <span class=\"accentue\">inter\u00e9s p\u00fablico<\/span>.<\/li>\n<li>Esta recepci\u00f3n <span class=\"accentue\">no interfiere<\/span> con la reurbanizaci\u00f3n global del PAU4 ni con su futura recepci\u00f3n definitiva.<\/li>\n<\/ul>\n<hr style=\"margin-bottom: 30px;\" \/>\n<h3 class=\"underline\">Documento<\/h3>\n<p style=\"padding-top: 30px;\"><a href=\"https:\/\/www.latribunedeplanas.com\/wp-content\/uploads\/2025\/08\/2021-03-31-etude-reception-mairie-zone-equipements-planas.pdf\" class=\"pdfemb-viewer\" style=\"\" data-width=\"max\" data-height=\"max\" data-mobile-width=\"0\"  data-scrollbar=\"none\" data-download=\"on\" data-tracking=\"on\" data-newwindow=\"on\" data-pagetextbox=\"off\" data-scrolltotop=\"off\" data-startzoom=\"100\" data-startfpzoom=\"100\" data-toolbar=\"top\" data-toolbar-fixed=\"off\">2021-03-31-etude-reception-mairie-zone-equipements-planas<br\/><\/a><\/p>\n<p>[\/et_pb_text][\/et_pb_column][\/et_pb_row][\/et_pb_section]<\/p>\n","protected":false},"excerpt":{"rendered":"<p>El 31 de marzo de 2021, a solicitud del Ayuntamiento de Pratdip, el arquitecto del Consell Comarcal del Baix Camp emite un informe t\u00e9cnico sobre la conveniencia de la recepci\u00f3n municipal de la zona de equipamientos de la urbanizaci\u00f3n Planes del Rei (piscinas, zona deportiva y recreativa, aparcamiento y zona verde). El documento concluye la [&hellip;]<\/p>\n","protected":false},"author":1,"featured_media":0,"comment_status":"closed","ping_status":"closed","sticky":false,"template":"","format":"standard","meta":{"_et_pb_use_builder":"on","_et_pb_old_content":"","_et_gb_content_width":"","footnotes":""},"categories":[217],"tags":[],"class_list":["post-29140","post","type-post","status-publish","format-standard","hentry","category-documentos"],"yoast_head":"<!-- This site is optimized with the Yoast SEO plugin v27.5 - https:\/\/yoast.com\/product\/yoast-seo-wordpress\/ -->\n<title>31 de marzo de 2021: Informe t\u00e9cnico \u2013 Recepci\u00f3n de la zona de equipamientos de Planes del Rei - La Tribune de Planas<\/title>\n<meta name=\"description\" content=\"Recepci\u00f3n del Ayuntamiento de Pratdip de la zona de equipamientos de Planes del Rei: piscinas, deportes, aparcamiento y zonas verdes.\" \/>\n<meta name=\"robots\" content=\"index, follow, max-snippet:-1, max-image-preview:large, max-video-preview:-1\" \/>\n<link rel=\"canonical\" href=\"https:\/\/www.latribunedeplanas.com\/es\/31-de-marzo-de-2021-informe-tecnico-recepcion-de-la-zona-de-equipamientos-de-planes-del-rei\/\" \/>\n<meta property=\"og:locale\" content=\"es_ES\" \/>\n<meta property=\"og:type\" content=\"article\" \/>\n<meta property=\"og:title\" content=\"31 de marzo de 2021: Informe t\u00e9cnico \u2013 Recepci\u00f3n de la zona de equipamientos de Planes del Rei - La Tribune de Planas\" \/>\n<meta property=\"og:description\" content=\"Recepci\u00f3n del Ayuntamiento de Pratdip de la zona de equipamientos de Planes del Rei: piscinas, deportes, aparcamiento y zonas verdes.\" \/>\n<meta property=\"og:url\" content=\"https:\/\/www.latribunedeplanas.com\/es\/31-de-marzo-de-2021-informe-tecnico-recepcion-de-la-zona-de-equipamientos-de-planes-del-rei\/\" \/>\n<meta property=\"og:site_name\" content=\"La Tribune de Planas\" \/>\n<meta property=\"article:publisher\" content=\"https:\/\/www.facebook.com\/groups\/1220895301376005\/\" \/>\n<meta property=\"article:author\" content=\"https:\/\/www.facebook.com\/Creawebsite-113915200150984\" \/>\n<meta property=\"article:published_time\" content=\"2021-03-31T09:56:25+00:00\" \/>\n<meta property=\"article:modified_time\" content=\"2025-08-26T10:02:36+00:00\" \/>\n<meta name=\"author\" content=\"Jim\" \/>\n<meta name=\"twitter:card\" content=\"summary_large_image\" \/>\n<meta name=\"twitter:label1\" content=\"Escrito por\" \/>\n\t<meta name=\"twitter:data1\" content=\"Jim\" \/>\n\t<meta name=\"twitter:label2\" content=\"Tiempo de lectura\" \/>\n\t<meta name=\"twitter:data2\" content=\"2 minutos\" \/>\n<script type=\"application\/ld+json\" class=\"yoast-schema-graph\">{\"@context\":\"https:\\\/\\\/schema.org\",\"@graph\":[{\"@type\":\"Article\",\"@id\":\"https:\\\/\\\/www.latribunedeplanas.com\\\/es\\\/31-de-marzo-de-2021-informe-tecnico-recepcion-de-la-zona-de-equipamientos-de-planes-del-rei\\\/#article\",\"isPartOf\":{\"@id\":\"https:\\\/\\\/www.latribunedeplanas.com\\\/es\\\/31-de-marzo-de-2021-informe-tecnico-recepcion-de-la-zona-de-equipamientos-de-planes-del-rei\\\/\"},\"author\":{\"name\":\"Jim\",\"@id\":\"https:\\\/\\\/www.latribunedeplanas.com\\\/es\\\/#\\\/schema\\\/person\\\/590a87318688792f18d8e1c983528bc8\"},\"headline\":\"31 de marzo de 2021: Informe t\u00e9cnico \u2013 Recepci\u00f3n de la zona de equipamientos de Planes del Rei\",\"datePublished\":\"2021-03-31T09:56:25+00:00\",\"dateModified\":\"2025-08-26T10:02:36+00:00\",\"mainEntityOfPage\":{\"@id\":\"https:\\\/\\\/www.latribunedeplanas.com\\\/es\\\/31-de-marzo-de-2021-informe-tecnico-recepcion-de-la-zona-de-equipamientos-de-planes-del-rei\\\/\"},\"wordCount\":611,\"publisher\":{\"@id\":\"https:\\\/\\\/www.latribunedeplanas.com\\\/es\\\/#organization\"},\"articleSection\":[\"Documentos\"],\"inLanguage\":\"es\"},{\"@type\":\"WebPage\",\"@id\":\"https:\\\/\\\/www.latribunedeplanas.com\\\/es\\\/31-de-marzo-de-2021-informe-tecnico-recepcion-de-la-zona-de-equipamientos-de-planes-del-rei\\\/\",\"url\":\"https:\\\/\\\/www.latribunedeplanas.com\\\/es\\\/31-de-marzo-de-2021-informe-tecnico-recepcion-de-la-zona-de-equipamientos-de-planes-del-rei\\\/\",\"name\":\"31 de marzo de 2021: Informe t\u00e9cnico \u2013 Recepci\u00f3n de la zona de equipamientos de Planes del Rei - La Tribune de Planas\",\"isPartOf\":{\"@id\":\"https:\\\/\\\/www.latribunedeplanas.com\\\/es\\\/#website\"},\"datePublished\":\"2021-03-31T09:56:25+00:00\",\"dateModified\":\"2025-08-26T10:02:36+00:00\",\"description\":\"Recepci\u00f3n del Ayuntamiento de Pratdip de la zona de equipamientos de Planes del Rei: piscinas, deportes, aparcamiento y zonas verdes.\",\"breadcrumb\":{\"@id\":\"https:\\\/\\\/www.latribunedeplanas.com\\\/es\\\/31-de-marzo-de-2021-informe-tecnico-recepcion-de-la-zona-de-equipamientos-de-planes-del-rei\\\/#breadcrumb\"},\"inLanguage\":\"es\",\"potentialAction\":[{\"@type\":\"ReadAction\",\"target\":[\"https:\\\/\\\/www.latribunedeplanas.com\\\/es\\\/31-de-marzo-de-2021-informe-tecnico-recepcion-de-la-zona-de-equipamientos-de-planes-del-rei\\\/\"]}]},{\"@type\":\"BreadcrumbList\",\"@id\":\"https:\\\/\\\/www.latribunedeplanas.com\\\/es\\\/31-de-marzo-de-2021-informe-tecnico-recepcion-de-la-zona-de-equipamientos-de-planes-del-rei\\\/#breadcrumb\",\"itemListElement\":[{\"@type\":\"ListItem\",\"position\":1,\"name\":\"Accueil\",\"item\":\"https:\\\/\\\/www.latribunedeplanas.com\\\/es\\\/\"},{\"@type\":\"ListItem\",\"position\":2,\"name\":\"31 de marzo de 2021: Informe t\u00e9cnico \u2013 Recepci\u00f3n de la zona de equipamientos de Planes del Rei\"}]},{\"@type\":\"WebSite\",\"@id\":\"https:\\\/\\\/www.latribunedeplanas.com\\\/es\\\/#website\",\"url\":\"https:\\\/\\\/www.latribunedeplanas.com\\\/es\\\/\",\"name\":\"La Tribune de Planas\",\"description\":\"Les Planes del Rei - Urbanizaci\u00f3n del municipio de Pratdip\",\"publisher\":{\"@id\":\"https:\\\/\\\/www.latribunedeplanas.com\\\/es\\\/#organization\"},\"potentialAction\":[{\"@type\":\"SearchAction\",\"target\":{\"@type\":\"EntryPoint\",\"urlTemplate\":\"https:\\\/\\\/www.latribunedeplanas.com\\\/es\\\/?s={search_term_string}\"},\"query-input\":{\"@type\":\"PropertyValueSpecification\",\"valueRequired\":true,\"valueName\":\"search_term_string\"}}],\"inLanguage\":\"es\"},{\"@type\":\"Organization\",\"@id\":\"https:\\\/\\\/www.latribunedeplanas.com\\\/es\\\/#organization\",\"name\":\"Vecinos de Planes del Rei (SOSPlanes)\",\"url\":\"https:\\\/\\\/www.latribunedeplanas.com\\\/es\\\/\",\"logo\":{\"@type\":\"ImageObject\",\"inLanguage\":\"es\",\"@id\":\"https:\\\/\\\/www.latribunedeplanas.com\\\/es\\\/#\\\/schema\\\/logo\\\/image\\\/\",\"url\":\"https:\\\/\\\/www.latribunedeplanas.com\\\/wp-content\\\/uploads\\\/2021\\\/11\\\/logo-sos-planas-0.png\",\"contentUrl\":\"https:\\\/\\\/www.latribunedeplanas.com\\\/wp-content\\\/uploads\\\/2021\\\/11\\\/logo-sos-planas-0.png\",\"width\":600,\"height\":400,\"caption\":\"Vecinos de Planes del Rei (SOSPlanes)\"},\"image\":{\"@id\":\"https:\\\/\\\/www.latribunedeplanas.com\\\/es\\\/#\\\/schema\\\/logo\\\/image\\\/\"},\"sameAs\":[\"https:\\\/\\\/www.facebook.com\\\/groups\\\/1220895301376005\\\/\",\"https:\\\/\\\/www.instagram.com\\\/lasplanasdelrey\\\/\"]},{\"@type\":\"Person\",\"@id\":\"https:\\\/\\\/www.latribunedeplanas.com\\\/es\\\/#\\\/schema\\\/person\\\/590a87318688792f18d8e1c983528bc8\",\"name\":\"Jim\",\"image\":{\"@type\":\"ImageObject\",\"inLanguage\":\"es\",\"@id\":\"https:\\\/\\\/secure.gravatar.com\\\/avatar\\\/5a89228fd282eb9ee33a60b4ff06f9c31751866f1fb91ca56263af0968354113?s=96&d=mm&r=g\",\"url\":\"https:\\\/\\\/secure.gravatar.com\\\/avatar\\\/5a89228fd282eb9ee33a60b4ff06f9c31751866f1fb91ca56263af0968354113?s=96&d=mm&r=g\",\"contentUrl\":\"https:\\\/\\\/secure.gravatar.com\\\/avatar\\\/5a89228fd282eb9ee33a60b4ff06f9c31751866f1fb91ca56263af0968354113?s=96&d=mm&r=g\",\"caption\":\"Jim\"},\"sameAs\":[\"https:\\\/\\\/www.creawebsite.be\\\/\",\"https:\\\/\\\/www.facebook.com\\\/Creawebsite-113915200150984\",\"https:\\\/\\\/www.instagram.com\\\/creawebsite.be\\\/\",\"https:\\\/\\\/www.linkedin.com\\\/in\\\/jean-marc-delchef\\\/\"]}]}<\/script>\n<!-- \/ Yoast SEO plugin. -->","yoast_head_json":{"title":"31 de marzo de 2021: Informe t\u00e9cnico \u2013 Recepci\u00f3n de la zona de equipamientos de Planes del Rei - La Tribune de Planas","description":"Recepci\u00f3n del Ayuntamiento de Pratdip de la zona de equipamientos de Planes del Rei: piscinas, deportes, aparcamiento y zonas verdes.","robots":{"index":"index","follow":"follow","max-snippet":"max-snippet:-1","max-image-preview":"max-image-preview:large","max-video-preview":"max-video-preview:-1"},"canonical":"https:\/\/www.latribunedeplanas.com\/es\/31-de-marzo-de-2021-informe-tecnico-recepcion-de-la-zona-de-equipamientos-de-planes-del-rei\/","og_locale":"es_ES","og_type":"article","og_title":"31 de marzo de 2021: Informe t\u00e9cnico \u2013 Recepci\u00f3n de la zona de equipamientos de Planes del Rei - La Tribune de Planas","og_description":"Recepci\u00f3n del Ayuntamiento de Pratdip de la zona de equipamientos de Planes del Rei: piscinas, deportes, aparcamiento y zonas verdes.","og_url":"https:\/\/www.latribunedeplanas.com\/es\/31-de-marzo-de-2021-informe-tecnico-recepcion-de-la-zona-de-equipamientos-de-planes-del-rei\/","og_site_name":"La Tribune de Planas","article_publisher":"https:\/\/www.facebook.com\/groups\/1220895301376005\/","article_author":"https:\/\/www.facebook.com\/Creawebsite-113915200150984","article_published_time":"2021-03-31T09:56:25+00:00","article_modified_time":"2025-08-26T10:02:36+00:00","author":"Jim","twitter_card":"summary_large_image","twitter_misc":{"Escrito por":"Jim","Tiempo de lectura":"2 minutos"},"schema":{"@context":"https:\/\/schema.org","@graph":[{"@type":"Article","@id":"https:\/\/www.latribunedeplanas.com\/es\/31-de-marzo-de-2021-informe-tecnico-recepcion-de-la-zona-de-equipamientos-de-planes-del-rei\/#article","isPartOf":{"@id":"https:\/\/www.latribunedeplanas.com\/es\/31-de-marzo-de-2021-informe-tecnico-recepcion-de-la-zona-de-equipamientos-de-planes-del-rei\/"},"author":{"name":"Jim","@id":"https:\/\/www.latribunedeplanas.com\/es\/#\/schema\/person\/590a87318688792f18d8e1c983528bc8"},"headline":"31 de marzo de 2021: Informe t\u00e9cnico \u2013 Recepci\u00f3n de la zona de equipamientos de Planes del Rei","datePublished":"2021-03-31T09:56:25+00:00","dateModified":"2025-08-26T10:02:36+00:00","mainEntityOfPage":{"@id":"https:\/\/www.latribunedeplanas.com\/es\/31-de-marzo-de-2021-informe-tecnico-recepcion-de-la-zona-de-equipamientos-de-planes-del-rei\/"},"wordCount":611,"publisher":{"@id":"https:\/\/www.latribunedeplanas.com\/es\/#organization"},"articleSection":["Documentos"],"inLanguage":"es"},{"@type":"WebPage","@id":"https:\/\/www.latribunedeplanas.com\/es\/31-de-marzo-de-2021-informe-tecnico-recepcion-de-la-zona-de-equipamientos-de-planes-del-rei\/","url":"https:\/\/www.latribunedeplanas.com\/es\/31-de-marzo-de-2021-informe-tecnico-recepcion-de-la-zona-de-equipamientos-de-planes-del-rei\/","name":"31 de marzo de 2021: Informe t\u00e9cnico \u2013 Recepci\u00f3n de la zona de equipamientos de Planes del Rei - La Tribune de Planas","isPartOf":{"@id":"https:\/\/www.latribunedeplanas.com\/es\/#website"},"datePublished":"2021-03-31T09:56:25+00:00","dateModified":"2025-08-26T10:02:36+00:00","description":"Recepci\u00f3n del Ayuntamiento de Pratdip de la zona de equipamientos de Planes del Rei: piscinas, deportes, aparcamiento y zonas verdes.","breadcrumb":{"@id":"https:\/\/www.latribunedeplanas.com\/es\/31-de-marzo-de-2021-informe-tecnico-recepcion-de-la-zona-de-equipamientos-de-planes-del-rei\/#breadcrumb"},"inLanguage":"es","potentialAction":[{"@type":"ReadAction","target":["https:\/\/www.latribunedeplanas.com\/es\/31-de-marzo-de-2021-informe-tecnico-recepcion-de-la-zona-de-equipamientos-de-planes-del-rei\/"]}]},{"@type":"BreadcrumbList","@id":"https:\/\/www.latribunedeplanas.com\/es\/31-de-marzo-de-2021-informe-tecnico-recepcion-de-la-zona-de-equipamientos-de-planes-del-rei\/#breadcrumb","itemListElement":[{"@type":"ListItem","position":1,"name":"Accueil","item":"https:\/\/www.latribunedeplanas.com\/es\/"},{"@type":"ListItem","position":2,"name":"31 de marzo de 2021: Informe t\u00e9cnico \u2013 Recepci\u00f3n de la zona de equipamientos de Planes del Rei"}]},{"@type":"WebSite","@id":"https:\/\/www.latribunedeplanas.com\/es\/#website","url":"https:\/\/www.latribunedeplanas.com\/es\/","name":"La Tribune de Planas","description":"Les Planes del Rei - Urbanizaci\u00f3n del municipio de Pratdip","publisher":{"@id":"https:\/\/www.latribunedeplanas.com\/es\/#organization"},"potentialAction":[{"@type":"SearchAction","target":{"@type":"EntryPoint","urlTemplate":"https:\/\/www.latribunedeplanas.com\/es\/?s={search_term_string}"},"query-input":{"@type":"PropertyValueSpecification","valueRequired":true,"valueName":"search_term_string"}}],"inLanguage":"es"},{"@type":"Organization","@id":"https:\/\/www.latribunedeplanas.com\/es\/#organization","name":"Vecinos de Planes del Rei (SOSPlanes)","url":"https:\/\/www.latribunedeplanas.com\/es\/","logo":{"@type":"ImageObject","inLanguage":"es","@id":"https:\/\/www.latribunedeplanas.com\/es\/#\/schema\/logo\/image\/","url":"https:\/\/www.latribunedeplanas.com\/wp-content\/uploads\/2021\/11\/logo-sos-planas-0.png","contentUrl":"https:\/\/www.latribunedeplanas.com\/wp-content\/uploads\/2021\/11\/logo-sos-planas-0.png","width":600,"height":400,"caption":"Vecinos de Planes del Rei (SOSPlanes)"},"image":{"@id":"https:\/\/www.latribunedeplanas.com\/es\/#\/schema\/logo\/image\/"},"sameAs":["https:\/\/www.facebook.com\/groups\/1220895301376005\/","https:\/\/www.instagram.com\/lasplanasdelrey\/"]},{"@type":"Person","@id":"https:\/\/www.latribunedeplanas.com\/es\/#\/schema\/person\/590a87318688792f18d8e1c983528bc8","name":"Jim","image":{"@type":"ImageObject","inLanguage":"es","@id":"https:\/\/secure.gravatar.com\/avatar\/5a89228fd282eb9ee33a60b4ff06f9c31751866f1fb91ca56263af0968354113?s=96&d=mm&r=g","url":"https:\/\/secure.gravatar.com\/avatar\/5a89228fd282eb9ee33a60b4ff06f9c31751866f1fb91ca56263af0968354113?s=96&d=mm&r=g","contentUrl":"https:\/\/secure.gravatar.com\/avatar\/5a89228fd282eb9ee33a60b4ff06f9c31751866f1fb91ca56263af0968354113?s=96&d=mm&r=g","caption":"Jim"},"sameAs":["https:\/\/www.creawebsite.be\/","https:\/\/www.facebook.com\/Creawebsite-113915200150984","https:\/\/www.instagram.com\/creawebsite.be\/","https:\/\/www.linkedin.com\/in\/jean-marc-delchef\/"]}]}},"_links":{"self":[{"href":"https:\/\/www.latribunedeplanas.com\/es\/wp-json\/wp\/v2\/posts\/29140","targetHints":{"allow":["GET"]}}],"collection":[{"href":"https:\/\/www.latribunedeplanas.com\/es\/wp-json\/wp\/v2\/posts"}],"about":[{"href":"https:\/\/www.latribunedeplanas.com\/es\/wp-json\/wp\/v2\/types\/post"}],"author":[{"embeddable":true,"href":"https:\/\/www.latribunedeplanas.com\/es\/wp-json\/wp\/v2\/users\/1"}],"replies":[{"embeddable":true,"href":"https:\/\/www.latribunedeplanas.com\/es\/wp-json\/wp\/v2\/comments?post=29140"}],"version-history":[{"count":2,"href":"https:\/\/www.latribunedeplanas.com\/es\/wp-json\/wp\/v2\/posts\/29140\/revisions"}],"predecessor-version":[{"id":29144,"href":"https:\/\/www.latribunedeplanas.com\/es\/wp-json\/wp\/v2\/posts\/29140\/revisions\/29144"}],"wp:attachment":[{"href":"https:\/\/www.latribunedeplanas.com\/es\/wp-json\/wp\/v2\/media?parent=29140"}],"wp:term":[{"taxonomy":"category","embeddable":true,"href":"https:\/\/www.latribunedeplanas.com\/es\/wp-json\/wp\/v2\/categories?post=29140"},{"taxonomy":"post_tag","embeddable":true,"href":"https:\/\/www.latribunedeplanas.com\/es\/wp-json\/wp\/v2\/tags?post=29140"}],"curies":[{"name":"wp","href":"https:\/\/api.w.org\/{rel}","templated":true}]}}