{"id":29112,"date":"2020-01-30T11:07:16","date_gmt":"2020-01-30T10:07:16","guid":{"rendered":"https:\/\/www.latribunedeplanas.com\/30-janvier-2020-auto-du-tsjc-legitimation-de-lassociation-de-vecinos-les-planes-del-rei-en-execution-de-sentence\/"},"modified":"2025-08-26T11:15:36","modified_gmt":"2025-08-26T09:15:36","slug":"30-de-enero-de-2020-auto-del-tsjc-legitimacion-de-la-asociacion-de-vecinos-les-planes-del-rei-en-ejecucion-de-sentencia","status":"publish","type":"post","link":"https:\/\/www.latribunedeplanas.com\/es\/30-de-enero-de-2020-auto-del-tsjc-legitimacion-de-la-asociacion-de-vecinos-les-planes-del-rei-en-ejecucion-de-sentencia\/","title":{"rendered":"30 de enero de 2020: Auto del TSJC \u2013 Legitimaci\u00f3n de la Asociaci\u00f3n de Vecinos \u00abLes Planes del Rei\u00bb en ejecuci\u00f3n de sentencia"},"content":{"rendered":"<p>[et_pb_section fb_built=\u00bb1&#8243; admin_label=\u00bbSection-Article\u00bb module_class=\u00bbsection-article\u00bb _builder_version=\u00bb4.18.0&#8243; custom_margin=\u00bb0px|0px|0px|0px\u00bb custom_padding=\u00bb0px|0px|0px|0px\u00bb global_colors_info=\u00bb{}\u00bb][et_pb_row use_custom_gutter=\u00bbon\u00bb gutter_width=\u00bb1&#8243; custom_padding_last_edited=\u00bbon|phone\u00bb admin_label=\u00bbLigne-Article\u00bb module_class=\u00bbligne-article et_pb_row_fullwidth\u00bb _builder_version=\u00bb4.27.4&#8243; width=\u00bb100%\u00bb width_tablet=\u00bb100%\u00bb width_phone=\u00bb\u00bb width_last_edited=\u00bbon|desktop\u00bb max_width=\u00bb100%\u00bb max_width_tablet=\u00bb100%\u00bb max_width_phone=\u00bb\u00bb max_width_last_edited=\u00bbon|desktop\u00bb custom_margin=\u00bb0px||0px\u00bb custom_padding=\u00bb20px||0px||false|false\u00bb custom_padding_tablet=\u00bb20px||0px||false|false\u00bb custom_padding_phone=\u00bb15px||||false|false\u00bb make_fullwidth=\u00bbon\u00bb global_colors_info=\u00bb{}\u00bb][et_pb_column type=\u00bb4_4&#8243; _builder_version=\u00bb4.16&#8243; custom_padding=\u00bb|||\u00bb global_colors_info=\u00bb{}\u00bb custom_padding__hover=\u00bb|||\u00bb][et_pb_text admin_label=\u00bbTexte-30 de enero de 2020: Auto del TSJC \u2013 Legitimaci\u00f3n de la Asociaci\u00f3n de Vecinos \u00abLes Planes del Rei\u00bb en ejecuci\u00f3n de sentencia\u00bb module_class=\u00bbtxt-article\u00bb _builder_version=\u00bb4.27.4&#8243; text_font=\u00bb|300|||||||\u00bb header_font=\u00bb||||||||\u00bb header_2_line_height=\u00bb1.2em\u00bb header_3_font=\u00bb||||||||\u00bb header_3_line_height=\u00bb1.3em\u00bb header_4_text_align=\u00bbcenter\u00bb custom_padding=\u00bb||||false|false\u00bb hover_enabled=\u00bb0&#8243; text_line_height_tablet=\u00bb\u00bb text_line_height_phone=\u00bb1.3em\u00bb text_line_height_last_edited=\u00bbon|desktop\u00bb header_2_font_size_tablet=\u00bb\u00bb header_2_font_size_phone=\u00bb\u00bb header_2_font_size_last_edited=\u00bbon|phone\u00bb header_3_font_size_tablet=\u00bb\u00bb header_3_font_size_phone=\u00bb23px\u00bb header_3_font_size_last_edited=\u00bbon|desktop\u00bb global_colors_info=\u00bb{}\u00bb sticky_enabled=\u00bb0&#8243;]<\/p>\n<p>El <span class=\"accentue\">30 de enero de 2020<\/span> (notificaci\u00f3n el <span class=\"accentue\">11 de febrero de 2020<\/span>), la <span class=\"accentue\">Sala de lo Contencioso-Administrativo (Secci\u00f3n 3\u00aa) del TSJC<\/span> desestima el recurso de reposici\u00f3n del <span class=\"accentue\">Ayuntamiento de Pratdip<\/span> dirigido a excluir a la <span class=\"accentue\">Asociaci\u00f3n de Vecinos \u00abLes Planes del Rei\u00bb<\/span> del procedimiento de ejecuci\u00f3n relativo a la <span class=\"accentue\">reparcelaci\u00f3n<\/span>. El Tribunal recuerda que en fase de <span class=\"accentue\">ejecuci\u00f3n de sentencia<\/span> pueden intervenir las <span class=\"accentue\">personas afectadas por el fallo<\/span> (art. 109.1 LJCA) y considera legitimada a la asociaci\u00f3n, dado que su \u00e1mbito coincide con el de la <span class=\"accentue\">ECU Les Planes del Rei<\/span> disuelta por sentencia de <span class=\"accentue\">21\/07\/2016<\/span>. Resoluci\u00f3n <span class=\"accentue\">definitiva<\/span> (sin recurso).<\/p>\n<hr style=\"margin-bottom: 30px;\" \/>\n<h2>1) Naturaleza del documento<\/h2>\n<ul>\n<li><span class=\"accentue\">Jurisdicci\u00f3n<\/span>: Tribunal Superior de Justicia de Catalu\u00f1a (TSJC), Sala de lo Contencioso-Administrativo, Secci\u00f3n 3\u00aa.<\/li>\n<li><span class=\"accentue\">Fecha<\/span>: 30\/01\/2020 (notificaci\u00f3n 11\/02\/2020).<\/li>\n<li><span class=\"accentue\">Procedimiento<\/span>: Recurso de Apelaci\u00f3n de Auto n.\u00ba 251\/2018 (ejecuci\u00f3n de sentencia).<\/li>\n<li><span class=\"accentue\">Magistrados<\/span>: Manuel T\u00e1boas Bentanachs; Isabel Hern\u00e1ndez Pascual (ponente); H\u00e9ctor Garc\u00eda Morago.<\/li>\n<\/ul>\n<h2>2) Partes<\/h2>\n<ul>\n<li><span class=\"accentue\">Parte apelante<\/span>: Ayuntamiento de Pratdip (Procuradora: Inmaculada Lasala Buxeres).<\/li>\n<li><span class=\"accentue\">Partes apeladas<\/span>: Asociaci\u00f3n de Vecinos \u00abLes Planes del Rei\u00bb y numerosos propietarios (lista en el auto).<\/li>\n<li><span class=\"accentue\">Representaci\u00f3n<\/span>: Abogado de la asociaci\u00f3n: Jordi Barqu\u00edn; Procurador: Faustino Igualador Peco.<\/li>\n<\/ul>\n<h2>3) Contexto y objeto del litigio<\/h2>\n<ul>\n<li><span class=\"accentue\">Solicitud del ayuntamiento<\/span>: no admitir a la asociaci\u00f3n como parte apelada, alegando que no fue parte en primera instancia y que no acreditaba inter\u00e9s o derecho propio.<\/li>\n<li><span class=\"accentue\">Objeto<\/span>: ejecuci\u00f3n de las decisiones relacionadas con la <span class=\"accentue\">reparcelaci\u00f3n<\/span> del \u00e1mbito \u00abPlanes del Rei\u00bb, tras la <span class=\"accentue\">disoluci\u00f3n de la ECU Les Planes del Rei<\/span> (sentencia TSJC n.\u00ba 642 de 21\/07\/2016).<\/li>\n<\/ul>\n<h2>4) Fundamentos jur\u00eddicos<\/h2>\n<ul>\n<li><span class=\"accentue\">Art\u00edculo 109.1 LJCA (Ley 29\/1998)<\/span>: en ejecuci\u00f3n de sentencia pueden <span class=\"accentue\">personarse<\/span> y promover incidentes todas las <span class=\"accentue\">personas afectadas<\/span>, no solo las que fueron parte en el procedimiento principal.<\/li>\n<li><span class=\"accentue\">Afectaci\u00f3n presumida<\/span>: la asociaci\u00f3n agrupa a los <span class=\"accentue\">vecinos de Planes del Rei<\/span>, \u00e1mbito coincidente con el de la <span class=\"accentue\">ECU<\/span> disuelta; en ausencia de prueba en contrario, esta coincidencia <span class=\"accentue\">presume la afectaci\u00f3n<\/span>.<\/li>\n<li><span class=\"accentue\">Alegaci\u00f3n nueva e infundada<\/span>: el argumento tard\u00edo del ayuntamiento (falta de prueba de inter\u00e9s) es rechazado.<\/li>\n<\/ul>\n<h2>5) Decisi\u00f3n<\/h2>\n<ul>\n<li><span class=\"accentue\">Desestimaci\u00f3n<\/span> (DESESTIMAR) del recurso de reposici\u00f3n del Ayuntamiento de Pratdip.<\/li>\n<li><span class=\"accentue\">Consecuencia<\/span>: la Asociaci\u00f3n de Vecinos \u00abLes Planes del Rei\u00bb permanece <span class=\"accentue\">parte leg\u00edtima<\/span> en ejecuci\u00f3n.<\/li>\n<li><span class=\"accentue\">Recursos<\/span>: ninguno (resoluci\u00f3n no susceptible de recurso).<\/li>\n<\/ul>\n<h2>6) Alcance para Planas del Rey<\/h2>\n<ul>\n<li><span class=\"accentue\">Representaci\u00f3n colectiva consolidada<\/span>: la asociaci\u00f3n es reconocida como interlocutor leg\u00edtimo en los procedimientos de ejecuci\u00f3n (disoluci\u00f3n de la ECU, reparcelaci\u00f3n, servicios m\u00ednimos, etc.).<\/li>\n<li><span class=\"accentue\">Limitaci\u00f3n de maniobras dilatorias<\/span>: el ayuntamiento ya no puede cuestionar la legitimaci\u00f3n de la asociaci\u00f3n para excluirla de los procedimientos.<\/li>\n<li><span class=\"accentue\">Seguridad jur\u00eddica<\/span>: aclaraci\u00f3n \u00fatil para las futuras etapas administrativas (recepci\u00f3n, obras, financiaci\u00f3n, etc.).<\/li>\n<\/ul>\n<h2>7) Referencias<\/h2>\n<ul>\n<li><span class=\"accentue\">Auto<\/span>: TSJC, Secci\u00f3n 3\u00aa, 30\/01\/2020 (notificaci\u00f3n 11\/02\/2020), Recurso de Apelaci\u00f3n de Auto n.\u00ba 251\/2018.<\/li>\n<li><span class=\"accentue\">Sentencia anterior<\/span>: TSJC n.\u00ba 642, 21\/07\/2016 (disoluci\u00f3n de la ECU Les Planes del Rei).<\/li>\n<li><span class=\"accentue\">Base legal<\/span>: art. 109.1 de la Ley 29\/1998 (LJCA).<\/li>\n<\/ul>\n<hr style=\"margin-bottom: 30px;\" \/>\n<h3 class=\"underline\">Documento<\/h3>\n<p style=\"padding-top: 30px;\"><a href=\"https:\/\/www.latribunedeplanas.com\/wp-content\/uploads\/2020\/02\/LexNet-tmp9568.Iuritex.44983.pdf\" class=\"pdfemb-viewer\" style=\"\" data-width=\"max\" data-height=\"max\" data-mobile-width=\"0\"  data-scrollbar=\"none\" data-download=\"on\" data-tracking=\"on\" data-newwindow=\"on\" data-pagetextbox=\"off\" data-scrolltotop=\"off\" data-startzoom=\"100\" data-startfpzoom=\"100\" data-toolbar=\"top\" data-toolbar-fixed=\"off\">LexNet-tmp9568.Iuritex.44983<br\/><\/a><\/p>\n<p>[\/et_pb_text][\/et_pb_column][\/et_pb_row][\/et_pb_section]<\/p>\n","protected":false},"excerpt":{"rendered":"<p>El 30 de enero de 2020 (notificaci\u00f3n el 11 de febrero de 2020), la Sala de lo Contencioso-Administrativo (Secci\u00f3n 3\u00aa) del TSJC desestima el recurso de reposici\u00f3n del Ayuntamiento de Pratdip dirigido a excluir a la Asociaci\u00f3n de Vecinos \u00abLes Planes del Rei\u00bb del procedimiento de ejecuci\u00f3n relativo a la reparcelaci\u00f3n. El Tribunal recuerda que [&hellip;]<\/p>\n","protected":false},"author":1,"featured_media":0,"comment_status":"closed","ping_status":"closed","sticky":false,"template":"","format":"standard","meta":{"_et_pb_use_builder":"on","_et_pb_old_content":"","_et_gb_content_width":"","footnotes":""},"categories":[217],"tags":[],"class_list":["post-29112","post","type-post","status-publish","format-standard","hentry","category-documentos"],"yoast_head":"<!-- This site is optimized with the Yoast SEO plugin v27.5 - https:\/\/yoast.com\/product\/yoast-seo-wordpress\/ -->\n<title>30 de enero de 2020: Auto del TSJC \u2013 Legitimaci\u00f3n de la Asociaci\u00f3n de Vecinos \u00abLes Planes del Rei\u00bb en ejecuci\u00f3n de sentencia - La Tribune de Planas<\/title>\n<meta name=\"description\" content=\"El TSJC confirma la legitimaci\u00f3n de la Asociaci\u00f3n Les Planes del Rei y rechaza el recurso del Ayuntamiento de Pratdip.\" \/>\n<meta name=\"robots\" content=\"index, follow, max-snippet:-1, max-image-preview:large, max-video-preview:-1\" \/>\n<link rel=\"canonical\" href=\"https:\/\/www.latribunedeplanas.com\/es\/30-de-enero-de-2020-auto-del-tsjc-legitimacion-de-la-asociacion-de-vecinos-les-planes-del-rei-en-ejecucion-de-sentencia\/\" \/>\n<meta property=\"og:locale\" content=\"es_ES\" \/>\n<meta property=\"og:type\" content=\"article\" \/>\n<meta property=\"og:title\" content=\"30 de enero de 2020: Auto del TSJC \u2013 Legitimaci\u00f3n de la Asociaci\u00f3n de Vecinos \u00abLes Planes del Rei\u00bb en ejecuci\u00f3n de sentencia - La Tribune de Planas\" \/>\n<meta property=\"og:description\" content=\"El TSJC confirma la legitimaci\u00f3n de la Asociaci\u00f3n Les Planes del Rei y rechaza el recurso del Ayuntamiento de Pratdip.\" \/>\n<meta property=\"og:url\" content=\"https:\/\/www.latribunedeplanas.com\/es\/30-de-enero-de-2020-auto-del-tsjc-legitimacion-de-la-asociacion-de-vecinos-les-planes-del-rei-en-ejecucion-de-sentencia\/\" \/>\n<meta property=\"og:site_name\" content=\"La Tribune de Planas\" \/>\n<meta property=\"article:publisher\" content=\"https:\/\/www.facebook.com\/groups\/1220895301376005\/\" \/>\n<meta property=\"article:author\" content=\"https:\/\/www.facebook.com\/Creawebsite-113915200150984\" \/>\n<meta property=\"article:published_time\" content=\"2020-01-30T10:07:16+00:00\" \/>\n<meta property=\"article:modified_time\" content=\"2025-08-26T09:15:36+00:00\" \/>\n<meta name=\"author\" content=\"Jim\" \/>\n<meta name=\"twitter:card\" content=\"summary_large_image\" \/>\n<meta name=\"twitter:label1\" content=\"Escrito por\" \/>\n\t<meta name=\"twitter:data1\" content=\"Jim\" \/>\n\t<meta name=\"twitter:label2\" content=\"Tiempo de lectura\" \/>\n\t<meta name=\"twitter:data2\" content=\"3 minutos\" \/>\n<script type=\"application\/ld+json\" class=\"yoast-schema-graph\">{\"@context\":\"https:\\\/\\\/schema.org\",\"@graph\":[{\"@type\":\"Article\",\"@id\":\"https:\\\/\\\/www.latribunedeplanas.com\\\/es\\\/30-de-enero-de-2020-auto-del-tsjc-legitimacion-de-la-asociacion-de-vecinos-les-planes-del-rei-en-ejecucion-de-sentencia\\\/#article\",\"isPartOf\":{\"@id\":\"https:\\\/\\\/www.latribunedeplanas.com\\\/es\\\/30-de-enero-de-2020-auto-del-tsjc-legitimacion-de-la-asociacion-de-vecinos-les-planes-del-rei-en-ejecucion-de-sentencia\\\/\"},\"author\":{\"name\":\"Jim\",\"@id\":\"https:\\\/\\\/www.latribunedeplanas.com\\\/es\\\/#\\\/schema\\\/person\\\/590a87318688792f18d8e1c983528bc8\"},\"headline\":\"30 de enero de 2020: Auto del TSJC \u2013 Legitimaci\u00f3n de la Asociaci\u00f3n de Vecinos \u00abLes Planes del Rei\u00bb en ejecuci\u00f3n de sentencia\",\"datePublished\":\"2020-01-30T10:07:16+00:00\",\"dateModified\":\"2025-08-26T09:15:36+00:00\",\"mainEntityOfPage\":{\"@id\":\"https:\\\/\\\/www.latribunedeplanas.com\\\/es\\\/30-de-enero-de-2020-auto-del-tsjc-legitimacion-de-la-asociacion-de-vecinos-les-planes-del-rei-en-ejecucion-de-sentencia\\\/\"},\"wordCount\":769,\"publisher\":{\"@id\":\"https:\\\/\\\/www.latribunedeplanas.com\\\/es\\\/#organization\"},\"articleSection\":[\"Documentos\"],\"inLanguage\":\"es\"},{\"@type\":\"WebPage\",\"@id\":\"https:\\\/\\\/www.latribunedeplanas.com\\\/es\\\/30-de-enero-de-2020-auto-del-tsjc-legitimacion-de-la-asociacion-de-vecinos-les-planes-del-rei-en-ejecucion-de-sentencia\\\/\",\"url\":\"https:\\\/\\\/www.latribunedeplanas.com\\\/es\\\/30-de-enero-de-2020-auto-del-tsjc-legitimacion-de-la-asociacion-de-vecinos-les-planes-del-rei-en-ejecucion-de-sentencia\\\/\",\"name\":\"30 de enero de 2020: Auto del TSJC \u2013 Legitimaci\u00f3n de la Asociaci\u00f3n de Vecinos \u00abLes Planes del Rei\u00bb en ejecuci\u00f3n de sentencia - La Tribune de Planas\",\"isPartOf\":{\"@id\":\"https:\\\/\\\/www.latribunedeplanas.com\\\/es\\\/#website\"},\"datePublished\":\"2020-01-30T10:07:16+00:00\",\"dateModified\":\"2025-08-26T09:15:36+00:00\",\"description\":\"El TSJC confirma la legitimaci\u00f3n de la Asociaci\u00f3n Les Planes del Rei y rechaza el recurso del Ayuntamiento de Pratdip.\",\"breadcrumb\":{\"@id\":\"https:\\\/\\\/www.latribunedeplanas.com\\\/es\\\/30-de-enero-de-2020-auto-del-tsjc-legitimacion-de-la-asociacion-de-vecinos-les-planes-del-rei-en-ejecucion-de-sentencia\\\/#breadcrumb\"},\"inLanguage\":\"es\",\"potentialAction\":[{\"@type\":\"ReadAction\",\"target\":[\"https:\\\/\\\/www.latribunedeplanas.com\\\/es\\\/30-de-enero-de-2020-auto-del-tsjc-legitimacion-de-la-asociacion-de-vecinos-les-planes-del-rei-en-ejecucion-de-sentencia\\\/\"]}]},{\"@type\":\"BreadcrumbList\",\"@id\":\"https:\\\/\\\/www.latribunedeplanas.com\\\/es\\\/30-de-enero-de-2020-auto-del-tsjc-legitimacion-de-la-asociacion-de-vecinos-les-planes-del-rei-en-ejecucion-de-sentencia\\\/#breadcrumb\",\"itemListElement\":[{\"@type\":\"ListItem\",\"position\":1,\"name\":\"Accueil\",\"item\":\"https:\\\/\\\/www.latribunedeplanas.com\\\/es\\\/\"},{\"@type\":\"ListItem\",\"position\":2,\"name\":\"30 de enero de 2020: Auto del TSJC \u2013 Legitimaci\u00f3n de la Asociaci\u00f3n de Vecinos \u00abLes Planes del Rei\u00bb en ejecuci\u00f3n de sentencia\"}]},{\"@type\":\"WebSite\",\"@id\":\"https:\\\/\\\/www.latribunedeplanas.com\\\/es\\\/#website\",\"url\":\"https:\\\/\\\/www.latribunedeplanas.com\\\/es\\\/\",\"name\":\"La Tribune de Planas\",\"description\":\"Les Planes del Rei - Urbanizaci\u00f3n del municipio de Pratdip\",\"publisher\":{\"@id\":\"https:\\\/\\\/www.latribunedeplanas.com\\\/es\\\/#organization\"},\"potentialAction\":[{\"@type\":\"SearchAction\",\"target\":{\"@type\":\"EntryPoint\",\"urlTemplate\":\"https:\\\/\\\/www.latribunedeplanas.com\\\/es\\\/?s={search_term_string}\"},\"query-input\":{\"@type\":\"PropertyValueSpecification\",\"valueRequired\":true,\"valueName\":\"search_term_string\"}}],\"inLanguage\":\"es\"},{\"@type\":\"Organization\",\"@id\":\"https:\\\/\\\/www.latribunedeplanas.com\\\/es\\\/#organization\",\"name\":\"Vecinos de Planes del Rei (SOSPlanes)\",\"url\":\"https:\\\/\\\/www.latribunedeplanas.com\\\/es\\\/\",\"logo\":{\"@type\":\"ImageObject\",\"inLanguage\":\"es\",\"@id\":\"https:\\\/\\\/www.latribunedeplanas.com\\\/es\\\/#\\\/schema\\\/logo\\\/image\\\/\",\"url\":\"https:\\\/\\\/www.latribunedeplanas.com\\\/wp-content\\\/uploads\\\/2021\\\/11\\\/logo-sos-planas-0.png\",\"contentUrl\":\"https:\\\/\\\/www.latribunedeplanas.com\\\/wp-content\\\/uploads\\\/2021\\\/11\\\/logo-sos-planas-0.png\",\"width\":600,\"height\":400,\"caption\":\"Vecinos de Planes del Rei (SOSPlanes)\"},\"image\":{\"@id\":\"https:\\\/\\\/www.latribunedeplanas.com\\\/es\\\/#\\\/schema\\\/logo\\\/image\\\/\"},\"sameAs\":[\"https:\\\/\\\/www.facebook.com\\\/groups\\\/1220895301376005\\\/\",\"https:\\\/\\\/www.instagram.com\\\/lasplanasdelrey\\\/\"]},{\"@type\":\"Person\",\"@id\":\"https:\\\/\\\/www.latribunedeplanas.com\\\/es\\\/#\\\/schema\\\/person\\\/590a87318688792f18d8e1c983528bc8\",\"name\":\"Jim\",\"image\":{\"@type\":\"ImageObject\",\"inLanguage\":\"es\",\"@id\":\"https:\\\/\\\/secure.gravatar.com\\\/avatar\\\/5a89228fd282eb9ee33a60b4ff06f9c31751866f1fb91ca56263af0968354113?s=96&d=mm&r=g\",\"url\":\"https:\\\/\\\/secure.gravatar.com\\\/avatar\\\/5a89228fd282eb9ee33a60b4ff06f9c31751866f1fb91ca56263af0968354113?s=96&d=mm&r=g\",\"contentUrl\":\"https:\\\/\\\/secure.gravatar.com\\\/avatar\\\/5a89228fd282eb9ee33a60b4ff06f9c31751866f1fb91ca56263af0968354113?s=96&d=mm&r=g\",\"caption\":\"Jim\"},\"sameAs\":[\"https:\\\/\\\/www.creawebsite.be\\\/\",\"https:\\\/\\\/www.facebook.com\\\/Creawebsite-113915200150984\",\"https:\\\/\\\/www.instagram.com\\\/creawebsite.be\\\/\",\"https:\\\/\\\/www.linkedin.com\\\/in\\\/jean-marc-delchef\\\/\"]}]}<\/script>\n<!-- \/ Yoast SEO plugin. -->","yoast_head_json":{"title":"30 de enero de 2020: Auto del TSJC \u2013 Legitimaci\u00f3n de la Asociaci\u00f3n de Vecinos \u00abLes Planes del Rei\u00bb en ejecuci\u00f3n de sentencia - La Tribune de Planas","description":"El TSJC confirma la legitimaci\u00f3n de la Asociaci\u00f3n Les Planes del Rei y rechaza el recurso del Ayuntamiento de Pratdip.","robots":{"index":"index","follow":"follow","max-snippet":"max-snippet:-1","max-image-preview":"max-image-preview:large","max-video-preview":"max-video-preview:-1"},"canonical":"https:\/\/www.latribunedeplanas.com\/es\/30-de-enero-de-2020-auto-del-tsjc-legitimacion-de-la-asociacion-de-vecinos-les-planes-del-rei-en-ejecucion-de-sentencia\/","og_locale":"es_ES","og_type":"article","og_title":"30 de enero de 2020: Auto del TSJC \u2013 Legitimaci\u00f3n de la Asociaci\u00f3n de Vecinos \u00abLes Planes del Rei\u00bb en ejecuci\u00f3n de sentencia - La Tribune de Planas","og_description":"El TSJC confirma la legitimaci\u00f3n de la Asociaci\u00f3n Les Planes del Rei y rechaza el recurso del Ayuntamiento de Pratdip.","og_url":"https:\/\/www.latribunedeplanas.com\/es\/30-de-enero-de-2020-auto-del-tsjc-legitimacion-de-la-asociacion-de-vecinos-les-planes-del-rei-en-ejecucion-de-sentencia\/","og_site_name":"La Tribune de Planas","article_publisher":"https:\/\/www.facebook.com\/groups\/1220895301376005\/","article_author":"https:\/\/www.facebook.com\/Creawebsite-113915200150984","article_published_time":"2020-01-30T10:07:16+00:00","article_modified_time":"2025-08-26T09:15:36+00:00","author":"Jim","twitter_card":"summary_large_image","twitter_misc":{"Escrito por":"Jim","Tiempo de lectura":"3 minutos"},"schema":{"@context":"https:\/\/schema.org","@graph":[{"@type":"Article","@id":"https:\/\/www.latribunedeplanas.com\/es\/30-de-enero-de-2020-auto-del-tsjc-legitimacion-de-la-asociacion-de-vecinos-les-planes-del-rei-en-ejecucion-de-sentencia\/#article","isPartOf":{"@id":"https:\/\/www.latribunedeplanas.com\/es\/30-de-enero-de-2020-auto-del-tsjc-legitimacion-de-la-asociacion-de-vecinos-les-planes-del-rei-en-ejecucion-de-sentencia\/"},"author":{"name":"Jim","@id":"https:\/\/www.latribunedeplanas.com\/es\/#\/schema\/person\/590a87318688792f18d8e1c983528bc8"},"headline":"30 de enero de 2020: Auto del TSJC \u2013 Legitimaci\u00f3n de la Asociaci\u00f3n de Vecinos \u00abLes Planes del Rei\u00bb en ejecuci\u00f3n de sentencia","datePublished":"2020-01-30T10:07:16+00:00","dateModified":"2025-08-26T09:15:36+00:00","mainEntityOfPage":{"@id":"https:\/\/www.latribunedeplanas.com\/es\/30-de-enero-de-2020-auto-del-tsjc-legitimacion-de-la-asociacion-de-vecinos-les-planes-del-rei-en-ejecucion-de-sentencia\/"},"wordCount":769,"publisher":{"@id":"https:\/\/www.latribunedeplanas.com\/es\/#organization"},"articleSection":["Documentos"],"inLanguage":"es"},{"@type":"WebPage","@id":"https:\/\/www.latribunedeplanas.com\/es\/30-de-enero-de-2020-auto-del-tsjc-legitimacion-de-la-asociacion-de-vecinos-les-planes-del-rei-en-ejecucion-de-sentencia\/","url":"https:\/\/www.latribunedeplanas.com\/es\/30-de-enero-de-2020-auto-del-tsjc-legitimacion-de-la-asociacion-de-vecinos-les-planes-del-rei-en-ejecucion-de-sentencia\/","name":"30 de enero de 2020: Auto del TSJC \u2013 Legitimaci\u00f3n de la Asociaci\u00f3n de Vecinos \u00abLes Planes del Rei\u00bb en ejecuci\u00f3n de sentencia - La Tribune de Planas","isPartOf":{"@id":"https:\/\/www.latribunedeplanas.com\/es\/#website"},"datePublished":"2020-01-30T10:07:16+00:00","dateModified":"2025-08-26T09:15:36+00:00","description":"El TSJC confirma la legitimaci\u00f3n de la Asociaci\u00f3n Les Planes del Rei y rechaza el recurso del Ayuntamiento de Pratdip.","breadcrumb":{"@id":"https:\/\/www.latribunedeplanas.com\/es\/30-de-enero-de-2020-auto-del-tsjc-legitimacion-de-la-asociacion-de-vecinos-les-planes-del-rei-en-ejecucion-de-sentencia\/#breadcrumb"},"inLanguage":"es","potentialAction":[{"@type":"ReadAction","target":["https:\/\/www.latribunedeplanas.com\/es\/30-de-enero-de-2020-auto-del-tsjc-legitimacion-de-la-asociacion-de-vecinos-les-planes-del-rei-en-ejecucion-de-sentencia\/"]}]},{"@type":"BreadcrumbList","@id":"https:\/\/www.latribunedeplanas.com\/es\/30-de-enero-de-2020-auto-del-tsjc-legitimacion-de-la-asociacion-de-vecinos-les-planes-del-rei-en-ejecucion-de-sentencia\/#breadcrumb","itemListElement":[{"@type":"ListItem","position":1,"name":"Accueil","item":"https:\/\/www.latribunedeplanas.com\/es\/"},{"@type":"ListItem","position":2,"name":"30 de enero de 2020: Auto del TSJC \u2013 Legitimaci\u00f3n de la Asociaci\u00f3n de Vecinos \u00abLes Planes del Rei\u00bb en ejecuci\u00f3n de sentencia"}]},{"@type":"WebSite","@id":"https:\/\/www.latribunedeplanas.com\/es\/#website","url":"https:\/\/www.latribunedeplanas.com\/es\/","name":"La Tribune de Planas","description":"Les Planes del Rei - Urbanizaci\u00f3n del municipio de Pratdip","publisher":{"@id":"https:\/\/www.latribunedeplanas.com\/es\/#organization"},"potentialAction":[{"@type":"SearchAction","target":{"@type":"EntryPoint","urlTemplate":"https:\/\/www.latribunedeplanas.com\/es\/?s={search_term_string}"},"query-input":{"@type":"PropertyValueSpecification","valueRequired":true,"valueName":"search_term_string"}}],"inLanguage":"es"},{"@type":"Organization","@id":"https:\/\/www.latribunedeplanas.com\/es\/#organization","name":"Vecinos de Planes del Rei (SOSPlanes)","url":"https:\/\/www.latribunedeplanas.com\/es\/","logo":{"@type":"ImageObject","inLanguage":"es","@id":"https:\/\/www.latribunedeplanas.com\/es\/#\/schema\/logo\/image\/","url":"https:\/\/www.latribunedeplanas.com\/wp-content\/uploads\/2021\/11\/logo-sos-planas-0.png","contentUrl":"https:\/\/www.latribunedeplanas.com\/wp-content\/uploads\/2021\/11\/logo-sos-planas-0.png","width":600,"height":400,"caption":"Vecinos de Planes del Rei (SOSPlanes)"},"image":{"@id":"https:\/\/www.latribunedeplanas.com\/es\/#\/schema\/logo\/image\/"},"sameAs":["https:\/\/www.facebook.com\/groups\/1220895301376005\/","https:\/\/www.instagram.com\/lasplanasdelrey\/"]},{"@type":"Person","@id":"https:\/\/www.latribunedeplanas.com\/es\/#\/schema\/person\/590a87318688792f18d8e1c983528bc8","name":"Jim","image":{"@type":"ImageObject","inLanguage":"es","@id":"https:\/\/secure.gravatar.com\/avatar\/5a89228fd282eb9ee33a60b4ff06f9c31751866f1fb91ca56263af0968354113?s=96&d=mm&r=g","url":"https:\/\/secure.gravatar.com\/avatar\/5a89228fd282eb9ee33a60b4ff06f9c31751866f1fb91ca56263af0968354113?s=96&d=mm&r=g","contentUrl":"https:\/\/secure.gravatar.com\/avatar\/5a89228fd282eb9ee33a60b4ff06f9c31751866f1fb91ca56263af0968354113?s=96&d=mm&r=g","caption":"Jim"},"sameAs":["https:\/\/www.creawebsite.be\/","https:\/\/www.facebook.com\/Creawebsite-113915200150984","https:\/\/www.instagram.com\/creawebsite.be\/","https:\/\/www.linkedin.com\/in\/jean-marc-delchef\/"]}]}},"_links":{"self":[{"href":"https:\/\/www.latribunedeplanas.com\/es\/wp-json\/wp\/v2\/posts\/29112","targetHints":{"allow":["GET"]}}],"collection":[{"href":"https:\/\/www.latribunedeplanas.com\/es\/wp-json\/wp\/v2\/posts"}],"about":[{"href":"https:\/\/www.latribunedeplanas.com\/es\/wp-json\/wp\/v2\/types\/post"}],"author":[{"embeddable":true,"href":"https:\/\/www.latribunedeplanas.com\/es\/wp-json\/wp\/v2\/users\/1"}],"replies":[{"embeddable":true,"href":"https:\/\/www.latribunedeplanas.com\/es\/wp-json\/wp\/v2\/comments?post=29112"}],"version-history":[{"count":2,"href":"https:\/\/www.latribunedeplanas.com\/es\/wp-json\/wp\/v2\/posts\/29112\/revisions"}],"predecessor-version":[{"id":29115,"href":"https:\/\/www.latribunedeplanas.com\/es\/wp-json\/wp\/v2\/posts\/29112\/revisions\/29115"}],"wp:attachment":[{"href":"https:\/\/www.latribunedeplanas.com\/es\/wp-json\/wp\/v2\/media?parent=29112"}],"wp:term":[{"taxonomy":"category","embeddable":true,"href":"https:\/\/www.latribunedeplanas.com\/es\/wp-json\/wp\/v2\/categories?post=29112"},{"taxonomy":"post_tag","embeddable":true,"href":"https:\/\/www.latribunedeplanas.com\/es\/wp-json\/wp\/v2\/tags?post=29112"}],"curies":[{"name":"wp","href":"https:\/\/api.w.org\/{rel}","templated":true}]}}