{"id":29092,"date":"2019-07-12T10:19:28","date_gmt":"2019-07-12T08:19:28","guid":{"rendered":"https:\/\/www.latribunedeplanas.com\/12-juillet-2019-reponse-de-la-mairie-de-pratdip-a-une-plainte-sur-leclairage-renvoi-vers-leucc\/"},"modified":"2025-08-26T10:53:07","modified_gmt":"2025-08-26T08:53:07","slug":"12-de-julio-de-2019-respuesta-del-ayuntamiento-de-pratdip-a-una-queja-sobre-el-alumbrado-remision-a-la-ecu","status":"publish","type":"post","link":"https:\/\/www.latribunedeplanas.com\/es\/12-de-julio-de-2019-respuesta-del-ayuntamiento-de-pratdip-a-una-queja-sobre-el-alumbrado-remision-a-la-ecu\/","title":{"rendered":"12 de julio de 2019: Respuesta del Ayuntamiento de Pratdip a una queja sobre el alumbrado \u2013 remisi\u00f3n a la ECU"},"content":{"rendered":"<p>[et_pb_section fb_built=\u00bb1&#8243; admin_label=\u00bbSection-Article\u00bb module_class=\u00bbsection-article\u00bb _builder_version=\u00bb4.18.0&#8243; custom_margin=\u00bb0px|0px|0px|0px\u00bb custom_padding=\u00bb0px|0px|0px|0px\u00bb global_colors_info=\u00bb{}\u00bb][et_pb_row use_custom_gutter=\u00bbon\u00bb gutter_width=\u00bb1&#8243; custom_padding_last_edited=\u00bbon|phone\u00bb admin_label=\u00bbLigne-Article\u00bb module_class=\u00bbligne-article et_pb_row_fullwidth\u00bb _builder_version=\u00bb4.27.4&#8243; width=\u00bb100%\u00bb width_tablet=\u00bb100%\u00bb width_phone=\u00bb\u00bb width_last_edited=\u00bbon|desktop\u00bb max_width=\u00bb100%\u00bb max_width_tablet=\u00bb100%\u00bb max_width_phone=\u00bb\u00bb max_width_last_edited=\u00bbon|desktop\u00bb custom_margin=\u00bb0px||0px\u00bb custom_padding=\u00bb20px||0px||false|false\u00bb custom_padding_tablet=\u00bb20px||0px||false|false\u00bb custom_padding_phone=\u00bb15px||||false|false\u00bb make_fullwidth=\u00bbon\u00bb global_colors_info=\u00bb{}\u00bb][et_pb_column type=\u00bb4_4&#8243; _builder_version=\u00bb4.16&#8243; custom_padding=\u00bb|||\u00bb global_colors_info=\u00bb{}\u00bb custom_padding__hover=\u00bb|||\u00bb][et_pb_text admin_label=\u00bbTexte-12 de julio de 2019: Respuesta del Ayuntamiento de Pratdip a una queja sobre el alumbrado \u2013 remisi\u00f3n a la ECU\u00bb module_class=\u00bbtxt-article\u00bb _builder_version=\u00bb4.27.4&#8243; text_font=\u00bb|300|||||||\u00bb header_font=\u00bb||||||||\u00bb header_2_line_height=\u00bb1.2em\u00bb header_3_font=\u00bb||||||||\u00bb header_3_line_height=\u00bb1.3em\u00bb header_4_text_align=\u00bbcenter\u00bb custom_padding=\u00bb||||false|false\u00bb hover_enabled=\u00bb0&#8243; text_line_height_tablet=\u00bb\u00bb text_line_height_phone=\u00bb1.3em\u00bb text_line_height_last_edited=\u00bbon|desktop\u00bb header_2_font_size_tablet=\u00bb\u00bb header_2_font_size_phone=\u00bb\u00bb header_2_font_size_last_edited=\u00bbon|phone\u00bb header_3_font_size_tablet=\u00bb\u00bb header_3_font_size_phone=\u00bb23px\u00bb header_3_font_size_last_edited=\u00bbon|desktop\u00bb global_colors_info=\u00bb{}\u00bb sticky_enabled=\u00bb0&#8243;]<\/p>\n<p>El <span class=\"accentue\">12 de julio de 2019<\/span>, el <span class=\"accentue\">Alcalde de Pratdip<\/span> responde a <span class=\"accentue\">M. Mike Allen<\/span> (Planes del Rei \/ Planas del Rey) en relaci\u00f3n con la ausencia de <span class=\"accentue\">alumbrado p\u00fablico<\/span>. El Ayuntamiento afirma no tener competencia en la urbanizaci\u00f3n, remite a la <span class=\"accentue\">entidad de conservaci\u00f3n<\/span> (ECU) que considera no disuelta \u00aben firme\u00bb, e invoca el <span class=\"accentue\">art. 120 del DL 1\/2010<\/span> (gastos de urbanizaci\u00f3n a cargo de los propietarios) y el <span class=\"accentue\">art. 169 del Decreto 305\/2006<\/span> (no recepci\u00f3n). Referencia de entrada: <span class=\"accentue\">2019-E-RC-941<\/span>. <\/p>\n<hr style=\"margin-bottom: 30px;\" \/>\n<h2>1) Contexto y alcance<\/h2>\n<ul>\n<li><span class=\"accentue\">Destinatario<\/span>: M. Mike Allen (residente en Planes del Rei \/ Planas del Rey).<\/li>\n<li><span class=\"accentue\">Objeto<\/span>: ausencia de alumbrado en las calles de la urbanizaci\u00f3n.<\/li>\n<li><span class=\"accentue\">Referencia<\/span>: entrada en el registro <span class=\"accentue\">2019-E-RC-941<\/span>.<\/li>\n<li><span class=\"accentue\">Naturaleza<\/span>: carta oficial en catal\u00e1n, firmada electr\u00f3nicamente por el alcalde.<\/li>\n<\/ul>\n<h2>2) Posici\u00f3n y fundamentos invocados por el Ayuntamiento<\/h2>\n<ul>\n<li><span class=\"accentue\">Incompetencia alegada<\/span>: el <span class=\"accentue\">Ayuntamiento<\/span> afirma no tener \u00abpotestat d\u2019actuaci\u00f3\u00bb en la urbanizaci\u00f3n.<\/li>\n<li><span class=\"accentue\">ECU \u201cno disuelta\u201d<\/span>: la conservaci\u00f3n seguir\u00eda correspondiendo a la <span class=\"accentue\">entidad de conservaci\u00f3n<\/span>, cuya disoluci\u00f3n no tendr\u00eda, seg\u00fan el Ayuntamiento, \u00abresoluci\u00f3n en firme\u00bb.<\/li>\n<li><span class=\"accentue\">Base jur\u00eddica citada<\/span>:\n<ul>\n<li><span class=\"accentue\">Art. 120 \u2013 DL 1\/2010<\/span>: el <span class=\"accentue\">alumbrado<\/span> forma parte de los gastos de urbanizaci\u00f3n a cargo de los propietarios.<\/li>\n<li><span class=\"accentue\">Art. 169 \u2013 Decreto 305\/2006<\/span>: en ausencia de <span class=\"accentue\">recepci\u00f3n<\/span>, el mantenimiento sigue a cargo de los propietarios.<\/li>\n<\/ul>\n<\/li>\n<li><span class=\"accentue\">Consecuencia<\/span>: la solicitud debe dirigirse a la <span class=\"accentue\">entidad urban\u00edstica responsable<\/span> (ECU) y no al Ayuntamiento.<\/li>\n<\/ul>\n<h2>3) Observaciones y puntos litigiosos (fuera del contenido de la carta)<\/h2>\n<ul>\n<li><span class=\"accentue\">Sobre la ECU<\/span>: la tesis de una ECU \u201cactiva\u201d fue posteriormente cuestionada a la luz de las decisiones judiciales que certifican su desaparici\u00f3n.<\/li>\n<li><span class=\"accentue\">Sobre el alumbrado p\u00fablico<\/span>: el alumbrado se considera generalmente un <span class=\"accentue\">servicio p\u00fablico local esencial<\/span>; la estrategia de asimilarlo a un simple gasto permanente de urbanizaci\u00f3n es discutible cuando la urbanizaci\u00f3n est\u00e1 habitada desde hace d\u00e9cadas.<\/li>\n<li><span class=\"accentue\">Sobre la recepci\u00f3n<\/span>: la <span class=\"accentue\">no recepci\u00f3n<\/span> no puede justificar indefinidamente la ausencia de servicios m\u00ednimos; sobre todo revela la inacci\u00f3n municipal en concluir el procedimiento.<\/li>\n<\/ul>\n<h2>4) Consecuencias pr\u00e1cticas para los vecinos<\/h2>\n<ul>\n<li><span class=\"accentue\">Remisi\u00f3n de responsabilidad<\/span> a una entidad de conservaci\u00f3n presentada como competente, bloqueando toda intervenci\u00f3n municipal inmediata.<\/li>\n<li><span class=\"accentue\">Persistencia de las molestias<\/span> (inseguridad, calles sin luz) y carga financiera trasladada a los propietarios.<\/li>\n<li><span class=\"accentue\">Argumento tipo<\/span> reutilizable por el Ayuntamiento para rechazar otros servicios (agua, v\u00edas, saneamiento) en ausencia de recepci\u00f3n.<\/li>\n<\/ul>\n<h2>5) L\u00edneas de acci\u00f3n (redacci\u00f3n posible)<\/h2>\n<ul>\n<li><span class=\"accentue\">Recordar<\/span> las decisiones judiciales posteriores que confirman la desaparici\u00f3n de la ECU y la <span class=\"accentue\">competencia municipal<\/span> en materia de servicios esenciales.<\/li>\n<li><span class=\"accentue\">Exigir<\/span> un calendario formal de <span class=\"accentue\">recepci\u00f3n<\/span> de las obras y un plan transitorio de <span class=\"accentue\">alumbrado<\/span> (seguridad inmediata).<\/li>\n<li><span class=\"accentue\">Documentar<\/span> los riesgos (seguridad vial, robos, ca\u00eddas) y <span class=\"accentue\">requerir formalmente<\/span> al Ayuntamiento garantizar un servicio m\u00ednimo.<\/li>\n<\/ul>\n<hr style=\"margin-bottom: 30px;\" \/>\n<h3 class=\"underline\">Documento<\/h3>\n<p style=\"padding-top: 30px;\"><a href=\"https:\/\/www.latribunedeplanas.com\/wp-content\/uploads\/2025\/08\/2019-07-12-courrier-mike-mairie.pdf\" class=\"pdfemb-viewer\" style=\"\" data-width=\"max\" data-height=\"max\" data-mobile-width=\"0\"  data-scrollbar=\"none\" data-download=\"on\" data-tracking=\"on\" data-newwindow=\"on\" data-pagetextbox=\"off\" data-scrolltotop=\"off\" data-startzoom=\"100\" data-startfpzoom=\"100\" data-toolbar=\"top\" data-toolbar-fixed=\"off\">2019-07-12-courrier-mike-mairie<br\/><\/a><\/p>\n<p>[\/et_pb_text][\/et_pb_column][\/et_pb_row][\/et_pb_section]<\/p>\n","protected":false},"excerpt":{"rendered":"<p>El 12 de julio de 2019, el Alcalde de Pratdip responde a M. Mike Allen (Planes del Rei \/ Planas del Rey) en relaci\u00f3n con la ausencia de alumbrado p\u00fablico. El Ayuntamiento afirma no tener competencia en la urbanizaci\u00f3n, remite a la entidad de conservaci\u00f3n (ECU) que considera no disuelta \u00aben firme\u00bb, e invoca el [&hellip;]<\/p>\n","protected":false},"author":1,"featured_media":0,"comment_status":"closed","ping_status":"closed","sticky":false,"template":"","format":"standard","meta":{"_et_pb_use_builder":"on","_et_pb_old_content":"","_et_gb_content_width":"","footnotes":""},"categories":[217],"tags":[],"class_list":["post-29092","post","type-post","status-publish","format-standard","hentry","category-documentos"],"yoast_head":"<!-- This site is optimized with the Yoast SEO plugin v27.5 - https:\/\/yoast.com\/product\/yoast-seo-wordpress\/ -->\n<title>12 de julio de 2019: Respuesta del Ayuntamiento de Pratdip a una queja sobre el alumbrado \u2013 remisi\u00f3n a la ECU - La Tribune de Planas<\/title>\n<meta name=\"description\" content=\"En 2019, el Ayuntamiento de Pratdip se niega a asumir el alumbrado en Planas del Rey y remite a una ECU ya disuelta judicialmente.\" \/>\n<meta name=\"robots\" content=\"index, follow, max-snippet:-1, max-image-preview:large, max-video-preview:-1\" \/>\n<link rel=\"canonical\" href=\"https:\/\/www.latribunedeplanas.com\/es\/12-de-julio-de-2019-respuesta-del-ayuntamiento-de-pratdip-a-una-queja-sobre-el-alumbrado-remision-a-la-ecu\/\" \/>\n<meta property=\"og:locale\" content=\"es_ES\" \/>\n<meta property=\"og:type\" content=\"article\" \/>\n<meta property=\"og:title\" content=\"12 de julio de 2019: Respuesta del Ayuntamiento de Pratdip a una queja sobre el alumbrado \u2013 remisi\u00f3n a la ECU - La Tribune de Planas\" \/>\n<meta property=\"og:description\" content=\"En 2019, el Ayuntamiento de Pratdip se niega a asumir el alumbrado en Planas del Rey y remite a una ECU ya disuelta judicialmente.\" \/>\n<meta property=\"og:url\" content=\"https:\/\/www.latribunedeplanas.com\/es\/12-de-julio-de-2019-respuesta-del-ayuntamiento-de-pratdip-a-una-queja-sobre-el-alumbrado-remision-a-la-ecu\/\" \/>\n<meta property=\"og:site_name\" content=\"La Tribune de Planas\" \/>\n<meta property=\"article:publisher\" content=\"https:\/\/www.facebook.com\/groups\/1220895301376005\/\" \/>\n<meta property=\"article:author\" content=\"https:\/\/www.facebook.com\/Creawebsite-113915200150984\" \/>\n<meta property=\"article:published_time\" content=\"2019-07-12T08:19:28+00:00\" \/>\n<meta property=\"article:modified_time\" content=\"2025-08-26T08:53:07+00:00\" \/>\n<meta name=\"author\" content=\"Jim\" \/>\n<meta name=\"twitter:card\" content=\"summary_large_image\" \/>\n<meta name=\"twitter:label1\" content=\"Escrito por\" \/>\n\t<meta name=\"twitter:data1\" content=\"Jim\" \/>\n\t<meta name=\"twitter:label2\" content=\"Tiempo de lectura\" \/>\n\t<meta name=\"twitter:data2\" content=\"3 minutos\" \/>\n<script type=\"application\/ld+json\" class=\"yoast-schema-graph\">{\"@context\":\"https:\\\/\\\/schema.org\",\"@graph\":[{\"@type\":\"Article\",\"@id\":\"https:\\\/\\\/www.latribunedeplanas.com\\\/es\\\/12-de-julio-de-2019-respuesta-del-ayuntamiento-de-pratdip-a-una-queja-sobre-el-alumbrado-remision-a-la-ecu\\\/#article\",\"isPartOf\":{\"@id\":\"https:\\\/\\\/www.latribunedeplanas.com\\\/es\\\/12-de-julio-de-2019-respuesta-del-ayuntamiento-de-pratdip-a-una-queja-sobre-el-alumbrado-remision-a-la-ecu\\\/\"},\"author\":{\"name\":\"Jim\",\"@id\":\"https:\\\/\\\/www.latribunedeplanas.com\\\/es\\\/#\\\/schema\\\/person\\\/590a87318688792f18d8e1c983528bc8\"},\"headline\":\"12 de julio de 2019: Respuesta del Ayuntamiento de Pratdip a una queja sobre el alumbrado \u2013 remisi\u00f3n a la ECU\",\"datePublished\":\"2019-07-12T08:19:28+00:00\",\"dateModified\":\"2025-08-26T08:53:07+00:00\",\"mainEntityOfPage\":{\"@id\":\"https:\\\/\\\/www.latribunedeplanas.com\\\/es\\\/12-de-julio-de-2019-respuesta-del-ayuntamiento-de-pratdip-a-una-queja-sobre-el-alumbrado-remision-a-la-ecu\\\/\"},\"wordCount\":727,\"publisher\":{\"@id\":\"https:\\\/\\\/www.latribunedeplanas.com\\\/es\\\/#organization\"},\"articleSection\":[\"Documentos\"],\"inLanguage\":\"es\"},{\"@type\":\"WebPage\",\"@id\":\"https:\\\/\\\/www.latribunedeplanas.com\\\/es\\\/12-de-julio-de-2019-respuesta-del-ayuntamiento-de-pratdip-a-una-queja-sobre-el-alumbrado-remision-a-la-ecu\\\/\",\"url\":\"https:\\\/\\\/www.latribunedeplanas.com\\\/es\\\/12-de-julio-de-2019-respuesta-del-ayuntamiento-de-pratdip-a-una-queja-sobre-el-alumbrado-remision-a-la-ecu\\\/\",\"name\":\"12 de julio de 2019: Respuesta del Ayuntamiento de Pratdip a una queja sobre el alumbrado \u2013 remisi\u00f3n a la ECU - La Tribune de Planas\",\"isPartOf\":{\"@id\":\"https:\\\/\\\/www.latribunedeplanas.com\\\/es\\\/#website\"},\"datePublished\":\"2019-07-12T08:19:28+00:00\",\"dateModified\":\"2025-08-26T08:53:07+00:00\",\"description\":\"En 2019, el Ayuntamiento de Pratdip se niega a asumir el alumbrado en Planas del Rey y remite a una ECU ya disuelta judicialmente.\",\"breadcrumb\":{\"@id\":\"https:\\\/\\\/www.latribunedeplanas.com\\\/es\\\/12-de-julio-de-2019-respuesta-del-ayuntamiento-de-pratdip-a-una-queja-sobre-el-alumbrado-remision-a-la-ecu\\\/#breadcrumb\"},\"inLanguage\":\"es\",\"potentialAction\":[{\"@type\":\"ReadAction\",\"target\":[\"https:\\\/\\\/www.latribunedeplanas.com\\\/es\\\/12-de-julio-de-2019-respuesta-del-ayuntamiento-de-pratdip-a-una-queja-sobre-el-alumbrado-remision-a-la-ecu\\\/\"]}]},{\"@type\":\"BreadcrumbList\",\"@id\":\"https:\\\/\\\/www.latribunedeplanas.com\\\/es\\\/12-de-julio-de-2019-respuesta-del-ayuntamiento-de-pratdip-a-una-queja-sobre-el-alumbrado-remision-a-la-ecu\\\/#breadcrumb\",\"itemListElement\":[{\"@type\":\"ListItem\",\"position\":1,\"name\":\"Accueil\",\"item\":\"https:\\\/\\\/www.latribunedeplanas.com\\\/es\\\/\"},{\"@type\":\"ListItem\",\"position\":2,\"name\":\"12 de julio de 2019: Respuesta del Ayuntamiento de Pratdip a una queja sobre el alumbrado \u2013 remisi\u00f3n a la ECU\"}]},{\"@type\":\"WebSite\",\"@id\":\"https:\\\/\\\/www.latribunedeplanas.com\\\/es\\\/#website\",\"url\":\"https:\\\/\\\/www.latribunedeplanas.com\\\/es\\\/\",\"name\":\"La Tribune de Planas\",\"description\":\"Les Planes del Rei - Urbanizaci\u00f3n del municipio de Pratdip\",\"publisher\":{\"@id\":\"https:\\\/\\\/www.latribunedeplanas.com\\\/es\\\/#organization\"},\"potentialAction\":[{\"@type\":\"SearchAction\",\"target\":{\"@type\":\"EntryPoint\",\"urlTemplate\":\"https:\\\/\\\/www.latribunedeplanas.com\\\/es\\\/?s={search_term_string}\"},\"query-input\":{\"@type\":\"PropertyValueSpecification\",\"valueRequired\":true,\"valueName\":\"search_term_string\"}}],\"inLanguage\":\"es\"},{\"@type\":\"Organization\",\"@id\":\"https:\\\/\\\/www.latribunedeplanas.com\\\/es\\\/#organization\",\"name\":\"Vecinos de Planes del Rei (SOSPlanes)\",\"url\":\"https:\\\/\\\/www.latribunedeplanas.com\\\/es\\\/\",\"logo\":{\"@type\":\"ImageObject\",\"inLanguage\":\"es\",\"@id\":\"https:\\\/\\\/www.latribunedeplanas.com\\\/es\\\/#\\\/schema\\\/logo\\\/image\\\/\",\"url\":\"https:\\\/\\\/www.latribunedeplanas.com\\\/wp-content\\\/uploads\\\/2021\\\/11\\\/logo-sos-planas-0.png\",\"contentUrl\":\"https:\\\/\\\/www.latribunedeplanas.com\\\/wp-content\\\/uploads\\\/2021\\\/11\\\/logo-sos-planas-0.png\",\"width\":600,\"height\":400,\"caption\":\"Vecinos de Planes del Rei (SOSPlanes)\"},\"image\":{\"@id\":\"https:\\\/\\\/www.latribunedeplanas.com\\\/es\\\/#\\\/schema\\\/logo\\\/image\\\/\"},\"sameAs\":[\"https:\\\/\\\/www.facebook.com\\\/groups\\\/1220895301376005\\\/\",\"https:\\\/\\\/www.instagram.com\\\/lasplanasdelrey\\\/\"]},{\"@type\":\"Person\",\"@id\":\"https:\\\/\\\/www.latribunedeplanas.com\\\/es\\\/#\\\/schema\\\/person\\\/590a87318688792f18d8e1c983528bc8\",\"name\":\"Jim\",\"image\":{\"@type\":\"ImageObject\",\"inLanguage\":\"es\",\"@id\":\"https:\\\/\\\/secure.gravatar.com\\\/avatar\\\/5a89228fd282eb9ee33a60b4ff06f9c31751866f1fb91ca56263af0968354113?s=96&d=mm&r=g\",\"url\":\"https:\\\/\\\/secure.gravatar.com\\\/avatar\\\/5a89228fd282eb9ee33a60b4ff06f9c31751866f1fb91ca56263af0968354113?s=96&d=mm&r=g\",\"contentUrl\":\"https:\\\/\\\/secure.gravatar.com\\\/avatar\\\/5a89228fd282eb9ee33a60b4ff06f9c31751866f1fb91ca56263af0968354113?s=96&d=mm&r=g\",\"caption\":\"Jim\"},\"sameAs\":[\"https:\\\/\\\/www.creawebsite.be\\\/\",\"https:\\\/\\\/www.facebook.com\\\/Creawebsite-113915200150984\",\"https:\\\/\\\/www.instagram.com\\\/creawebsite.be\\\/\",\"https:\\\/\\\/www.linkedin.com\\\/in\\\/jean-marc-delchef\\\/\"]}]}<\/script>\n<!-- \/ Yoast SEO plugin. -->","yoast_head_json":{"title":"12 de julio de 2019: Respuesta del Ayuntamiento de Pratdip a una queja sobre el alumbrado \u2013 remisi\u00f3n a la ECU - La Tribune de Planas","description":"En 2019, el Ayuntamiento de Pratdip se niega a asumir el alumbrado en Planas del Rey y remite a una ECU ya disuelta judicialmente.","robots":{"index":"index","follow":"follow","max-snippet":"max-snippet:-1","max-image-preview":"max-image-preview:large","max-video-preview":"max-video-preview:-1"},"canonical":"https:\/\/www.latribunedeplanas.com\/es\/12-de-julio-de-2019-respuesta-del-ayuntamiento-de-pratdip-a-una-queja-sobre-el-alumbrado-remision-a-la-ecu\/","og_locale":"es_ES","og_type":"article","og_title":"12 de julio de 2019: Respuesta del Ayuntamiento de Pratdip a una queja sobre el alumbrado \u2013 remisi\u00f3n a la ECU - La Tribune de Planas","og_description":"En 2019, el Ayuntamiento de Pratdip se niega a asumir el alumbrado en Planas del Rey y remite a una ECU ya disuelta judicialmente.","og_url":"https:\/\/www.latribunedeplanas.com\/es\/12-de-julio-de-2019-respuesta-del-ayuntamiento-de-pratdip-a-una-queja-sobre-el-alumbrado-remision-a-la-ecu\/","og_site_name":"La Tribune de Planas","article_publisher":"https:\/\/www.facebook.com\/groups\/1220895301376005\/","article_author":"https:\/\/www.facebook.com\/Creawebsite-113915200150984","article_published_time":"2019-07-12T08:19:28+00:00","article_modified_time":"2025-08-26T08:53:07+00:00","author":"Jim","twitter_card":"summary_large_image","twitter_misc":{"Escrito por":"Jim","Tiempo de lectura":"3 minutos"},"schema":{"@context":"https:\/\/schema.org","@graph":[{"@type":"Article","@id":"https:\/\/www.latribunedeplanas.com\/es\/12-de-julio-de-2019-respuesta-del-ayuntamiento-de-pratdip-a-una-queja-sobre-el-alumbrado-remision-a-la-ecu\/#article","isPartOf":{"@id":"https:\/\/www.latribunedeplanas.com\/es\/12-de-julio-de-2019-respuesta-del-ayuntamiento-de-pratdip-a-una-queja-sobre-el-alumbrado-remision-a-la-ecu\/"},"author":{"name":"Jim","@id":"https:\/\/www.latribunedeplanas.com\/es\/#\/schema\/person\/590a87318688792f18d8e1c983528bc8"},"headline":"12 de julio de 2019: Respuesta del Ayuntamiento de Pratdip a una queja sobre el alumbrado \u2013 remisi\u00f3n a la ECU","datePublished":"2019-07-12T08:19:28+00:00","dateModified":"2025-08-26T08:53:07+00:00","mainEntityOfPage":{"@id":"https:\/\/www.latribunedeplanas.com\/es\/12-de-julio-de-2019-respuesta-del-ayuntamiento-de-pratdip-a-una-queja-sobre-el-alumbrado-remision-a-la-ecu\/"},"wordCount":727,"publisher":{"@id":"https:\/\/www.latribunedeplanas.com\/es\/#organization"},"articleSection":["Documentos"],"inLanguage":"es"},{"@type":"WebPage","@id":"https:\/\/www.latribunedeplanas.com\/es\/12-de-julio-de-2019-respuesta-del-ayuntamiento-de-pratdip-a-una-queja-sobre-el-alumbrado-remision-a-la-ecu\/","url":"https:\/\/www.latribunedeplanas.com\/es\/12-de-julio-de-2019-respuesta-del-ayuntamiento-de-pratdip-a-una-queja-sobre-el-alumbrado-remision-a-la-ecu\/","name":"12 de julio de 2019: Respuesta del Ayuntamiento de Pratdip a una queja sobre el alumbrado \u2013 remisi\u00f3n a la ECU - La Tribune de Planas","isPartOf":{"@id":"https:\/\/www.latribunedeplanas.com\/es\/#website"},"datePublished":"2019-07-12T08:19:28+00:00","dateModified":"2025-08-26T08:53:07+00:00","description":"En 2019, el Ayuntamiento de Pratdip se niega a asumir el alumbrado en Planas del Rey y remite a una ECU ya disuelta judicialmente.","breadcrumb":{"@id":"https:\/\/www.latribunedeplanas.com\/es\/12-de-julio-de-2019-respuesta-del-ayuntamiento-de-pratdip-a-una-queja-sobre-el-alumbrado-remision-a-la-ecu\/#breadcrumb"},"inLanguage":"es","potentialAction":[{"@type":"ReadAction","target":["https:\/\/www.latribunedeplanas.com\/es\/12-de-julio-de-2019-respuesta-del-ayuntamiento-de-pratdip-a-una-queja-sobre-el-alumbrado-remision-a-la-ecu\/"]}]},{"@type":"BreadcrumbList","@id":"https:\/\/www.latribunedeplanas.com\/es\/12-de-julio-de-2019-respuesta-del-ayuntamiento-de-pratdip-a-una-queja-sobre-el-alumbrado-remision-a-la-ecu\/#breadcrumb","itemListElement":[{"@type":"ListItem","position":1,"name":"Accueil","item":"https:\/\/www.latribunedeplanas.com\/es\/"},{"@type":"ListItem","position":2,"name":"12 de julio de 2019: Respuesta del Ayuntamiento de Pratdip a una queja sobre el alumbrado \u2013 remisi\u00f3n a la ECU"}]},{"@type":"WebSite","@id":"https:\/\/www.latribunedeplanas.com\/es\/#website","url":"https:\/\/www.latribunedeplanas.com\/es\/","name":"La Tribune de Planas","description":"Les Planes del Rei - Urbanizaci\u00f3n del municipio de Pratdip","publisher":{"@id":"https:\/\/www.latribunedeplanas.com\/es\/#organization"},"potentialAction":[{"@type":"SearchAction","target":{"@type":"EntryPoint","urlTemplate":"https:\/\/www.latribunedeplanas.com\/es\/?s={search_term_string}"},"query-input":{"@type":"PropertyValueSpecification","valueRequired":true,"valueName":"search_term_string"}}],"inLanguage":"es"},{"@type":"Organization","@id":"https:\/\/www.latribunedeplanas.com\/es\/#organization","name":"Vecinos de Planes del Rei (SOSPlanes)","url":"https:\/\/www.latribunedeplanas.com\/es\/","logo":{"@type":"ImageObject","inLanguage":"es","@id":"https:\/\/www.latribunedeplanas.com\/es\/#\/schema\/logo\/image\/","url":"https:\/\/www.latribunedeplanas.com\/wp-content\/uploads\/2021\/11\/logo-sos-planas-0.png","contentUrl":"https:\/\/www.latribunedeplanas.com\/wp-content\/uploads\/2021\/11\/logo-sos-planas-0.png","width":600,"height":400,"caption":"Vecinos de Planes del Rei (SOSPlanes)"},"image":{"@id":"https:\/\/www.latribunedeplanas.com\/es\/#\/schema\/logo\/image\/"},"sameAs":["https:\/\/www.facebook.com\/groups\/1220895301376005\/","https:\/\/www.instagram.com\/lasplanasdelrey\/"]},{"@type":"Person","@id":"https:\/\/www.latribunedeplanas.com\/es\/#\/schema\/person\/590a87318688792f18d8e1c983528bc8","name":"Jim","image":{"@type":"ImageObject","inLanguage":"es","@id":"https:\/\/secure.gravatar.com\/avatar\/5a89228fd282eb9ee33a60b4ff06f9c31751866f1fb91ca56263af0968354113?s=96&d=mm&r=g","url":"https:\/\/secure.gravatar.com\/avatar\/5a89228fd282eb9ee33a60b4ff06f9c31751866f1fb91ca56263af0968354113?s=96&d=mm&r=g","contentUrl":"https:\/\/secure.gravatar.com\/avatar\/5a89228fd282eb9ee33a60b4ff06f9c31751866f1fb91ca56263af0968354113?s=96&d=mm&r=g","caption":"Jim"},"sameAs":["https:\/\/www.creawebsite.be\/","https:\/\/www.facebook.com\/Creawebsite-113915200150984","https:\/\/www.instagram.com\/creawebsite.be\/","https:\/\/www.linkedin.com\/in\/jean-marc-delchef\/"]}]}},"_links":{"self":[{"href":"https:\/\/www.latribunedeplanas.com\/es\/wp-json\/wp\/v2\/posts\/29092","targetHints":{"allow":["GET"]}}],"collection":[{"href":"https:\/\/www.latribunedeplanas.com\/es\/wp-json\/wp\/v2\/posts"}],"about":[{"href":"https:\/\/www.latribunedeplanas.com\/es\/wp-json\/wp\/v2\/types\/post"}],"author":[{"embeddable":true,"href":"https:\/\/www.latribunedeplanas.com\/es\/wp-json\/wp\/v2\/users\/1"}],"replies":[{"embeddable":true,"href":"https:\/\/www.latribunedeplanas.com\/es\/wp-json\/wp\/v2\/comments?post=29092"}],"version-history":[{"count":3,"href":"https:\/\/www.latribunedeplanas.com\/es\/wp-json\/wp\/v2\/posts\/29092\/revisions"}],"predecessor-version":[{"id":29104,"href":"https:\/\/www.latribunedeplanas.com\/es\/wp-json\/wp\/v2\/posts\/29092\/revisions\/29104"}],"wp:attachment":[{"href":"https:\/\/www.latribunedeplanas.com\/es\/wp-json\/wp\/v2\/media?parent=29092"}],"wp:term":[{"taxonomy":"category","embeddable":true,"href":"https:\/\/www.latribunedeplanas.com\/es\/wp-json\/wp\/v2\/categories?post=29092"},{"taxonomy":"post_tag","embeddable":true,"href":"https:\/\/www.latribunedeplanas.com\/es\/wp-json\/wp\/v2\/tags?post=29092"}],"curies":[{"name":"wp","href":"https:\/\/api.w.org\/{rel}","templated":true}]}}