{"id":29066,"date":"2018-01-10T09:50:04","date_gmt":"2018-01-10T08:50:04","guid":{"rendered":"https:\/\/www.latribunedeplanas.com\/10-janvier-2018-sentence-executoire-du-tsjc-auto-du-juzgado-contencioso-administrativo-n1-de-tarragone-12-12-2017\/"},"modified":"2025-08-26T09:59:28","modified_gmt":"2025-08-26T07:59:28","slug":"10-de-enero-de-2018-sentencia-ejecutoria-del-tsjc-auto-del-juzgado-contencioso-administrativo-n-o-1-de-tarragona-12-12-2017","status":"publish","type":"post","link":"https:\/\/www.latribunedeplanas.com\/es\/10-de-enero-de-2018-sentencia-ejecutoria-del-tsjc-auto-del-juzgado-contencioso-administrativo-n-o-1-de-tarragona-12-12-2017\/","title":{"rendered":"10 de enero de 2018: Sentencia ejecutoria del TSJC \u2013 Auto del Juzgado Contencioso-Administrativo n.\u00ba 1 de Tarragona (12\/12\/2017)"},"content":{"rendered":"<p>[et_pb_section fb_built=\u00bb1&#8243; admin_label=\u00bbSection-Article\u00bb module_class=\u00bbsection-article\u00bb _builder_version=\u00bb4.18.0&#8243; custom_margin=\u00bb0px|0px|0px|0px\u00bb custom_padding=\u00bb0px|0px|0px|0px\u00bb global_colors_info=\u00bb{}\u00bb][et_pb_row use_custom_gutter=\u00bbon\u00bb gutter_width=\u00bb1&#8243; custom_padding_last_edited=\u00bbon|phone\u00bb admin_label=\u00bbLigne-Article\u00bb module_class=\u00bbligne-article et_pb_row_fullwidth\u00bb _builder_version=\u00bb4.27.4&#8243; width=\u00bb100%\u00bb width_tablet=\u00bb100%\u00bb width_phone=\u00bb\u00bb width_last_edited=\u00bbon|desktop\u00bb max_width=\u00bb100%\u00bb max_width_tablet=\u00bb100%\u00bb max_width_phone=\u00bb\u00bb max_width_last_edited=\u00bbon|desktop\u00bb custom_margin=\u00bb0px||0px\u00bb custom_padding=\u00bb20px||0px||false|false\u00bb custom_padding_tablet=\u00bb20px||0px||false|false\u00bb custom_padding_phone=\u00bb15px||||false|false\u00bb make_fullwidth=\u00bbon\u00bb global_colors_info=\u00bb{}\u00bb][et_pb_column type=\u00bb4_4&#8243; _builder_version=\u00bb4.16&#8243; custom_padding=\u00bb|||\u00bb global_colors_info=\u00bb{}\u00bb custom_padding__hover=\u00bb|||\u00bb][et_pb_text admin_label=\u00bbTexte-10 de enero de 2018: Sentencia ejecutoria del TSJC \u2013 Auto del Juzgado Contencioso-Administrativo n.\u00ba 1 de Tarragona (12\/12\/2017)\u00bb module_class=\u00bbtxt-article\u00bb _builder_version=\u00bb4.27.4&#8243; text_font=\u00bb|300|||||||\u00bb header_font=\u00bb||||||||\u00bb header_2_line_height=\u00bb1.2em\u00bb header_3_font=\u00bb||||||||\u00bb header_3_line_height=\u00bb1.3em\u00bb header_4_text_align=\u00bbcenter\u00bb custom_padding=\u00bb||||false|false\u00bb hover_enabled=\u00bb0&#8243; text_line_height_tablet=\u00bb\u00bb text_line_height_phone=\u00bb1.3em\u00bb text_line_height_last_edited=\u00bbon|desktop\u00bb header_2_font_size_tablet=\u00bb\u00bb header_2_font_size_phone=\u00bb\u00bb header_2_font_size_last_edited=\u00bbon|phone\u00bb header_3_font_size_tablet=\u00bb\u00bb header_3_font_size_phone=\u00bb23px\u00bb header_3_font_size_last_edited=\u00bbon|desktop\u00bb global_colors_info=\u00bb{}\u00bb sticky_enabled=\u00bb0&#8243;]<\/p>\n<p>El <span class=\"accentue\">12 de diciembre de 2017<\/span>, el <span class=\"accentue\">Juzgado Contencioso-Administrativo n.\u00ba 1 de Tarragona<\/span> dicta un <span class=\"accentue\">auto<\/span> (notificado el <span class=\"accentue\">10 de enero de 2018<\/span>) en el marco del <span class=\"accentue\">procedimiento de ejecuci\u00f3n n.\u00ba 14\/17<\/span>, derivado del <span class=\"accentue\">recurso ordinario n.\u00ba 582\/10<\/span> y consecutivo a la <span class=\"accentue\">Sentencia n.\u00ba 64\/2016<\/span> (Secci\u00f3n Tercera del <span class=\"accentue\">TSJC<\/span>). La resoluci\u00f3n confirma la <span class=\"accentue\">disoluci\u00f3n efectiva<\/span> de la <span class=\"accentue\">ECU Les Planes del Rei<\/span> y precisa el \u00f3rgano encargado de la liquidaci\u00f3n. :contentReference[oaicite:0]{index=0}<\/p>\n<hr style=\"margin-bottom: 30px;\" \/>\n<h2>1) Contexto procesal<\/h2>\n<ul>\n<li><span class=\"accentue\">Procedimiento<\/span>: ejecuci\u00f3n <span class=\"accentue\">n.\u00ba 14\/17<\/span> (en cumplimiento del fallo del TSJC).<\/li>\n<li><span class=\"accentue\">Origen<\/span>: recurso ordinario <span class=\"accentue\">n.\u00ba 582\/10<\/span> \u2013 <span class=\"accentue\">Sentencia n.\u00ba 64\/2016<\/span> del TSJC (Secci\u00f3n Tercera).<\/li>\n<li><span class=\"accentue\">Parte actora<\/span>: <span class=\"accentue\">Juan Oliver Saladrigas<\/span>, <span class=\"accentue\">G\u00e9rard Marais<\/span> y otros 22, representados por el <span class=\"accentue\">letrado Jordi Barqu\u00edn de Cozar<\/span>.<\/li>\n<li><span class=\"accentue\">Parte demandada<\/span>: <span class=\"accentue\">Ayuntamiento de Pratdip<\/span> y <span class=\"accentue\">ECU Les Planes del Rei<\/span>.<\/li>\n<\/ul>\n<h2>2) Objeto de la petici\u00f3n<\/h2>\n<ul>\n<li>Obtener la <span class=\"accentue\">ejecuci\u00f3n<\/span> de la <span class=\"accentue\">sentencia de 21\/07\/2016<\/span> que declara disuelta la <span class=\"accentue\">ECU Les Planes del Rei<\/span>.<\/li>\n<\/ul>\n<h2>3) Decisi\u00f3n del tribunal (puntos clave)<\/h2>\n<ul>\n<li><span class=\"accentue\">Disoluci\u00f3n de pleno derecho<\/span>: la ECU se <span class=\"accentue\">considera disuelta<\/span> por efecto directo de la sentencia del TSJC; el Ayuntamiento debe actuar en consecuencia, <span class=\"accentue\">como si la disoluci\u00f3n ya estuviera acordada<\/span>.<\/li>\n<li><span class=\"accentue\">\u00d3rgano de liquidaci\u00f3n<\/span>: el <span class=\"accentue\">Consejo Rector<\/span> pasa <span class=\"accentue\">autom\u00e1ticamente<\/span> a ser el \u00f3rgano de liquidaci\u00f3n, conforme al <span class=\"accentue\">art\u00edculo 195.3<\/span> del Reglamento de desarrollo de la Ley de Urbanismo de Catalu\u00f1a.<\/li>\n<li><span class=\"accentue\">Sin otras medidas inmediatas<\/span>: en esta fase, el juzgado <span class=\"accentue\">no se pronuncia<\/span> sobre las modalidades de liquidaci\u00f3n ni sobre el reparto posterior de responsabilidades por falta de elementos suficientes.<\/li>\n<\/ul>\n<p>Estos puntos fijan el marco de ejecuci\u00f3n: disoluci\u00f3n acordada y competencia del Consejo Rector para la fase liquidatoria. :contentReference[oaicite:1]{index=1}<\/p>\n<h2>4) Consecuencias jur\u00eddicas<\/h2>\n<ul>\n<li><span class=\"accentue\">Disoluci\u00f3n definitiva y ejecutoria<\/span>: <span class=\"accentue\">no puede volver a ser cuestionada<\/span> por el Ayuntamiento.<\/li>\n<li><span class=\"accentue\">Obligaci\u00f3n de actuar<\/span>: el <span class=\"accentue\">Ayuntamiento de Pratdip<\/span> debe comportarse <span class=\"accentue\">como si hubiera acordado \u00e9l mismo<\/span> la disoluci\u00f3n.<\/li>\n<li><span class=\"accentue\">Ilegalidad<\/span> de cualquier acto administrativo\/urban\u00edstico que pretenda que la <span class=\"accentue\">ECU siga existiendo<\/span>: tal postura <span class=\"accentue\">vulnera directamente<\/span> una sentencia ejecutoria.<\/li>\n<li><span class=\"accentue\">V\u00eda abierta<\/span>: el auto abre la v\u00eda a una <span class=\"accentue\">liquidaci\u00f3n oficial<\/span>, en la que el Ayuntamiento debe <span class=\"accentue\">colaborar<\/span>.<\/li>\n<\/ul>\n<p>En la pr\u00e1ctica, todo mantenimiento ficticio de la ECU en actos posteriores (p. ej., documentos de planificaci\u00f3n o proyectos tipo <span class=\"accentue\">PAU 4<\/span>) quedar\u00eda viciado de ilegalidad. :contentReference[oaicite:2]{index=2}<\/p>\n<h2>5) Conclusi\u00f3n<\/h2>\n<p>Pieza jur\u00eddica <span class=\"accentue\">mayor<\/span>, el auto confirma la <span class=\"accentue\">disoluci\u00f3n efectiva<\/span> de la ECU, <span class=\"accentue\">proh\u00edbe<\/span> toda impugnaci\u00f3n por parte del Ayuntamiento y <span class=\"accentue\">designa<\/span> al <span class=\"accentue\">Consejo Rector<\/span> como \u00f3rgano de liquidaci\u00f3n \u2014 un <span class=\"accentue\">fundamento s\u00f3lido<\/span> para actuar si el consistorio persiste en ignorar esta situaci\u00f3n. :contentReference[oaicite:3]{index=3}<\/p>\n<hr style=\"margin-bottom: 30px;\" \/>\n<h3 class=\"underline\">Documento<\/h3>\n<p style=\"padding-top: 30px;\"><a href=\"https:\/\/www.latribunedeplanas.com\/wp-content\/uploads\/2018\/01\/2018-01-10-sentence-executoire-tsjc.pdf\" class=\"pdfemb-viewer\" style=\"\" data-width=\"max\" data-height=\"max\" data-mobile-width=\"0\"  data-scrollbar=\"none\" data-download=\"on\" data-tracking=\"on\" data-newwindow=\"on\" data-pagetextbox=\"off\" data-scrolltotop=\"off\" data-startzoom=\"100\" data-startfpzoom=\"100\" data-toolbar=\"top\" data-toolbar-fixed=\"off\">2018-01-10-sentence-executoire-tsjc<br\/><\/a><\/p>\n<p>[\/et_pb_text][\/et_pb_column][\/et_pb_row][\/et_pb_section]<\/p>\n","protected":false},"excerpt":{"rendered":"<p>El 12 de diciembre de 2017, el Juzgado Contencioso-Administrativo n.\u00ba 1 de Tarragona dicta un auto (notificado el 10 de enero de 2018) en el marco del procedimiento de ejecuci\u00f3n n.\u00ba 14\/17, derivado del recurso ordinario n.\u00ba 582\/10 y consecutivo a la Sentencia n.\u00ba 64\/2016 (Secci\u00f3n Tercera del TSJC). La resoluci\u00f3n confirma la disoluci\u00f3n efectiva [&hellip;]<\/p>\n","protected":false},"author":1,"featured_media":0,"comment_status":"closed","ping_status":"closed","sticky":false,"template":"","format":"standard","meta":{"_et_pb_use_builder":"on","_et_pb_old_content":"","_et_gb_content_width":"","footnotes":""},"categories":[217],"tags":[],"class_list":["post-29066","post","type-post","status-publish","format-standard","hentry","category-documentos"],"yoast_head":"<!-- This site is optimized with the Yoast SEO plugin v27.5 - https:\/\/yoast.com\/product\/yoast-seo-wordpress\/ -->\n<title>10 de enero de 2018: Sentencia ejecutoria del TSJC \u2013 Auto del Juzgado Contencioso-Administrativo n.\u00ba 1 de Tarragona (12\/12\/2017) - La Tribune de Planas<\/title>\n<meta name=\"description\" content=\"Sentencia ejecutoria del 10\/01\/2018 que confirma la disoluci\u00f3n de la ECU Les Planes del Rei y designa al Consejo Rector liquidador.\" \/>\n<meta name=\"robots\" content=\"index, follow, max-snippet:-1, max-image-preview:large, max-video-preview:-1\" \/>\n<link rel=\"canonical\" href=\"https:\/\/www.latribunedeplanas.com\/es\/10-de-enero-de-2018-sentencia-ejecutoria-del-tsjc-auto-del-juzgado-contencioso-administrativo-n-o-1-de-tarragona-12-12-2017\/\" \/>\n<meta property=\"og:locale\" content=\"es_ES\" \/>\n<meta property=\"og:type\" content=\"article\" \/>\n<meta property=\"og:title\" content=\"10 de enero de 2018: Sentencia ejecutoria del TSJC \u2013 Auto del Juzgado Contencioso-Administrativo n.\u00ba 1 de Tarragona (12\/12\/2017) - La Tribune de Planas\" \/>\n<meta property=\"og:description\" content=\"Sentencia ejecutoria del 10\/01\/2018 que confirma la disoluci\u00f3n de la ECU Les Planes del Rei y designa al Consejo Rector liquidador.\" \/>\n<meta property=\"og:url\" content=\"https:\/\/www.latribunedeplanas.com\/es\/10-de-enero-de-2018-sentencia-ejecutoria-del-tsjc-auto-del-juzgado-contencioso-administrativo-n-o-1-de-tarragona-12-12-2017\/\" \/>\n<meta property=\"og:site_name\" content=\"La Tribune de Planas\" \/>\n<meta property=\"article:publisher\" content=\"https:\/\/www.facebook.com\/groups\/1220895301376005\/\" \/>\n<meta property=\"article:author\" content=\"https:\/\/www.facebook.com\/Creawebsite-113915200150984\" \/>\n<meta property=\"article:published_time\" content=\"2018-01-10T08:50:04+00:00\" \/>\n<meta property=\"article:modified_time\" content=\"2025-08-26T07:59:28+00:00\" \/>\n<meta name=\"author\" content=\"Jim\" \/>\n<meta name=\"twitter:card\" content=\"summary_large_image\" \/>\n<meta name=\"twitter:label1\" content=\"Escrito por\" \/>\n\t<meta name=\"twitter:data1\" content=\"Jim\" \/>\n\t<meta name=\"twitter:label2\" content=\"Tiempo de lectura\" \/>\n\t<meta name=\"twitter:data2\" content=\"3 minutos\" \/>\n<script type=\"application\/ld+json\" class=\"yoast-schema-graph\">{\"@context\":\"https:\\\/\\\/schema.org\",\"@graph\":[{\"@type\":\"Article\",\"@id\":\"https:\\\/\\\/www.latribunedeplanas.com\\\/es\\\/10-de-enero-de-2018-sentencia-ejecutoria-del-tsjc-auto-del-juzgado-contencioso-administrativo-n-o-1-de-tarragona-12-12-2017\\\/#article\",\"isPartOf\":{\"@id\":\"https:\\\/\\\/www.latribunedeplanas.com\\\/es\\\/10-de-enero-de-2018-sentencia-ejecutoria-del-tsjc-auto-del-juzgado-contencioso-administrativo-n-o-1-de-tarragona-12-12-2017\\\/\"},\"author\":{\"name\":\"Jim\",\"@id\":\"https:\\\/\\\/www.latribunedeplanas.com\\\/es\\\/#\\\/schema\\\/person\\\/590a87318688792f18d8e1c983528bc8\"},\"headline\":\"10 de enero de 2018: Sentencia ejecutoria del TSJC \u2013 Auto del Juzgado Contencioso-Administrativo n.\u00ba 1 de Tarragona (12\\\/12\\\/2017)\",\"datePublished\":\"2018-01-10T08:50:04+00:00\",\"dateModified\":\"2025-08-26T07:59:28+00:00\",\"mainEntityOfPage\":{\"@id\":\"https:\\\/\\\/www.latribunedeplanas.com\\\/es\\\/10-de-enero-de-2018-sentencia-ejecutoria-del-tsjc-auto-del-juzgado-contencioso-administrativo-n-o-1-de-tarragona-12-12-2017\\\/\"},\"wordCount\":693,\"publisher\":{\"@id\":\"https:\\\/\\\/www.latribunedeplanas.com\\\/es\\\/#organization\"},\"articleSection\":[\"Documentos\"],\"inLanguage\":\"es\"},{\"@type\":\"WebPage\",\"@id\":\"https:\\\/\\\/www.latribunedeplanas.com\\\/es\\\/10-de-enero-de-2018-sentencia-ejecutoria-del-tsjc-auto-del-juzgado-contencioso-administrativo-n-o-1-de-tarragona-12-12-2017\\\/\",\"url\":\"https:\\\/\\\/www.latribunedeplanas.com\\\/es\\\/10-de-enero-de-2018-sentencia-ejecutoria-del-tsjc-auto-del-juzgado-contencioso-administrativo-n-o-1-de-tarragona-12-12-2017\\\/\",\"name\":\"10 de enero de 2018: Sentencia ejecutoria del TSJC \u2013 Auto del Juzgado Contencioso-Administrativo n.\u00ba 1 de Tarragona (12\\\/12\\\/2017) - La Tribune de Planas\",\"isPartOf\":{\"@id\":\"https:\\\/\\\/www.latribunedeplanas.com\\\/es\\\/#website\"},\"datePublished\":\"2018-01-10T08:50:04+00:00\",\"dateModified\":\"2025-08-26T07:59:28+00:00\",\"description\":\"Sentencia ejecutoria del 10\\\/01\\\/2018 que confirma la disoluci\u00f3n de la ECU Les Planes del Rei y designa al Consejo Rector liquidador.\",\"breadcrumb\":{\"@id\":\"https:\\\/\\\/www.latribunedeplanas.com\\\/es\\\/10-de-enero-de-2018-sentencia-ejecutoria-del-tsjc-auto-del-juzgado-contencioso-administrativo-n-o-1-de-tarragona-12-12-2017\\\/#breadcrumb\"},\"inLanguage\":\"es\",\"potentialAction\":[{\"@type\":\"ReadAction\",\"target\":[\"https:\\\/\\\/www.latribunedeplanas.com\\\/es\\\/10-de-enero-de-2018-sentencia-ejecutoria-del-tsjc-auto-del-juzgado-contencioso-administrativo-n-o-1-de-tarragona-12-12-2017\\\/\"]}]},{\"@type\":\"BreadcrumbList\",\"@id\":\"https:\\\/\\\/www.latribunedeplanas.com\\\/es\\\/10-de-enero-de-2018-sentencia-ejecutoria-del-tsjc-auto-del-juzgado-contencioso-administrativo-n-o-1-de-tarragona-12-12-2017\\\/#breadcrumb\",\"itemListElement\":[{\"@type\":\"ListItem\",\"position\":1,\"name\":\"Accueil\",\"item\":\"https:\\\/\\\/www.latribunedeplanas.com\\\/es\\\/\"},{\"@type\":\"ListItem\",\"position\":2,\"name\":\"10 de enero de 2018: Sentencia ejecutoria del TSJC \u2013 Auto del Juzgado Contencioso-Administrativo n.\u00ba 1 de Tarragona (12\\\/12\\\/2017)\"}]},{\"@type\":\"WebSite\",\"@id\":\"https:\\\/\\\/www.latribunedeplanas.com\\\/es\\\/#website\",\"url\":\"https:\\\/\\\/www.latribunedeplanas.com\\\/es\\\/\",\"name\":\"La Tribune de Planas\",\"description\":\"Les Planes del Rei - Urbanizaci\u00f3n del municipio de Pratdip\",\"publisher\":{\"@id\":\"https:\\\/\\\/www.latribunedeplanas.com\\\/es\\\/#organization\"},\"potentialAction\":[{\"@type\":\"SearchAction\",\"target\":{\"@type\":\"EntryPoint\",\"urlTemplate\":\"https:\\\/\\\/www.latribunedeplanas.com\\\/es\\\/?s={search_term_string}\"},\"query-input\":{\"@type\":\"PropertyValueSpecification\",\"valueRequired\":true,\"valueName\":\"search_term_string\"}}],\"inLanguage\":\"es\"},{\"@type\":\"Organization\",\"@id\":\"https:\\\/\\\/www.latribunedeplanas.com\\\/es\\\/#organization\",\"name\":\"Vecinos de Planes del Rei (SOSPlanes)\",\"url\":\"https:\\\/\\\/www.latribunedeplanas.com\\\/es\\\/\",\"logo\":{\"@type\":\"ImageObject\",\"inLanguage\":\"es\",\"@id\":\"https:\\\/\\\/www.latribunedeplanas.com\\\/es\\\/#\\\/schema\\\/logo\\\/image\\\/\",\"url\":\"https:\\\/\\\/www.latribunedeplanas.com\\\/wp-content\\\/uploads\\\/2021\\\/11\\\/logo-sos-planas-0.png\",\"contentUrl\":\"https:\\\/\\\/www.latribunedeplanas.com\\\/wp-content\\\/uploads\\\/2021\\\/11\\\/logo-sos-planas-0.png\",\"width\":600,\"height\":400,\"caption\":\"Vecinos de Planes del Rei (SOSPlanes)\"},\"image\":{\"@id\":\"https:\\\/\\\/www.latribunedeplanas.com\\\/es\\\/#\\\/schema\\\/logo\\\/image\\\/\"},\"sameAs\":[\"https:\\\/\\\/www.facebook.com\\\/groups\\\/1220895301376005\\\/\",\"https:\\\/\\\/www.instagram.com\\\/lasplanasdelrey\\\/\"]},{\"@type\":\"Person\",\"@id\":\"https:\\\/\\\/www.latribunedeplanas.com\\\/es\\\/#\\\/schema\\\/person\\\/590a87318688792f18d8e1c983528bc8\",\"name\":\"Jim\",\"image\":{\"@type\":\"ImageObject\",\"inLanguage\":\"es\",\"@id\":\"https:\\\/\\\/secure.gravatar.com\\\/avatar\\\/5a89228fd282eb9ee33a60b4ff06f9c31751866f1fb91ca56263af0968354113?s=96&d=mm&r=g\",\"url\":\"https:\\\/\\\/secure.gravatar.com\\\/avatar\\\/5a89228fd282eb9ee33a60b4ff06f9c31751866f1fb91ca56263af0968354113?s=96&d=mm&r=g\",\"contentUrl\":\"https:\\\/\\\/secure.gravatar.com\\\/avatar\\\/5a89228fd282eb9ee33a60b4ff06f9c31751866f1fb91ca56263af0968354113?s=96&d=mm&r=g\",\"caption\":\"Jim\"},\"sameAs\":[\"https:\\\/\\\/www.creawebsite.be\\\/\",\"https:\\\/\\\/www.facebook.com\\\/Creawebsite-113915200150984\",\"https:\\\/\\\/www.instagram.com\\\/creawebsite.be\\\/\",\"https:\\\/\\\/www.linkedin.com\\\/in\\\/jean-marc-delchef\\\/\"]}]}<\/script>\n<!-- \/ Yoast SEO plugin. -->","yoast_head_json":{"title":"10 de enero de 2018: Sentencia ejecutoria del TSJC \u2013 Auto del Juzgado Contencioso-Administrativo n.\u00ba 1 de Tarragona (12\/12\/2017) - La Tribune de Planas","description":"Sentencia ejecutoria del 10\/01\/2018 que confirma la disoluci\u00f3n de la ECU Les Planes del Rei y designa al Consejo Rector liquidador.","robots":{"index":"index","follow":"follow","max-snippet":"max-snippet:-1","max-image-preview":"max-image-preview:large","max-video-preview":"max-video-preview:-1"},"canonical":"https:\/\/www.latribunedeplanas.com\/es\/10-de-enero-de-2018-sentencia-ejecutoria-del-tsjc-auto-del-juzgado-contencioso-administrativo-n-o-1-de-tarragona-12-12-2017\/","og_locale":"es_ES","og_type":"article","og_title":"10 de enero de 2018: Sentencia ejecutoria del TSJC \u2013 Auto del Juzgado Contencioso-Administrativo n.\u00ba 1 de Tarragona (12\/12\/2017) - La Tribune de Planas","og_description":"Sentencia ejecutoria del 10\/01\/2018 que confirma la disoluci\u00f3n de la ECU Les Planes del Rei y designa al Consejo Rector liquidador.","og_url":"https:\/\/www.latribunedeplanas.com\/es\/10-de-enero-de-2018-sentencia-ejecutoria-del-tsjc-auto-del-juzgado-contencioso-administrativo-n-o-1-de-tarragona-12-12-2017\/","og_site_name":"La Tribune de Planas","article_publisher":"https:\/\/www.facebook.com\/groups\/1220895301376005\/","article_author":"https:\/\/www.facebook.com\/Creawebsite-113915200150984","article_published_time":"2018-01-10T08:50:04+00:00","article_modified_time":"2025-08-26T07:59:28+00:00","author":"Jim","twitter_card":"summary_large_image","twitter_misc":{"Escrito por":"Jim","Tiempo de lectura":"3 minutos"},"schema":{"@context":"https:\/\/schema.org","@graph":[{"@type":"Article","@id":"https:\/\/www.latribunedeplanas.com\/es\/10-de-enero-de-2018-sentencia-ejecutoria-del-tsjc-auto-del-juzgado-contencioso-administrativo-n-o-1-de-tarragona-12-12-2017\/#article","isPartOf":{"@id":"https:\/\/www.latribunedeplanas.com\/es\/10-de-enero-de-2018-sentencia-ejecutoria-del-tsjc-auto-del-juzgado-contencioso-administrativo-n-o-1-de-tarragona-12-12-2017\/"},"author":{"name":"Jim","@id":"https:\/\/www.latribunedeplanas.com\/es\/#\/schema\/person\/590a87318688792f18d8e1c983528bc8"},"headline":"10 de enero de 2018: Sentencia ejecutoria del TSJC \u2013 Auto del Juzgado Contencioso-Administrativo n.\u00ba 1 de Tarragona (12\/12\/2017)","datePublished":"2018-01-10T08:50:04+00:00","dateModified":"2025-08-26T07:59:28+00:00","mainEntityOfPage":{"@id":"https:\/\/www.latribunedeplanas.com\/es\/10-de-enero-de-2018-sentencia-ejecutoria-del-tsjc-auto-del-juzgado-contencioso-administrativo-n-o-1-de-tarragona-12-12-2017\/"},"wordCount":693,"publisher":{"@id":"https:\/\/www.latribunedeplanas.com\/es\/#organization"},"articleSection":["Documentos"],"inLanguage":"es"},{"@type":"WebPage","@id":"https:\/\/www.latribunedeplanas.com\/es\/10-de-enero-de-2018-sentencia-ejecutoria-del-tsjc-auto-del-juzgado-contencioso-administrativo-n-o-1-de-tarragona-12-12-2017\/","url":"https:\/\/www.latribunedeplanas.com\/es\/10-de-enero-de-2018-sentencia-ejecutoria-del-tsjc-auto-del-juzgado-contencioso-administrativo-n-o-1-de-tarragona-12-12-2017\/","name":"10 de enero de 2018: Sentencia ejecutoria del TSJC \u2013 Auto del Juzgado Contencioso-Administrativo n.\u00ba 1 de Tarragona (12\/12\/2017) - La Tribune de Planas","isPartOf":{"@id":"https:\/\/www.latribunedeplanas.com\/es\/#website"},"datePublished":"2018-01-10T08:50:04+00:00","dateModified":"2025-08-26T07:59:28+00:00","description":"Sentencia ejecutoria del 10\/01\/2018 que confirma la disoluci\u00f3n de la ECU Les Planes del Rei y designa al Consejo Rector liquidador.","breadcrumb":{"@id":"https:\/\/www.latribunedeplanas.com\/es\/10-de-enero-de-2018-sentencia-ejecutoria-del-tsjc-auto-del-juzgado-contencioso-administrativo-n-o-1-de-tarragona-12-12-2017\/#breadcrumb"},"inLanguage":"es","potentialAction":[{"@type":"ReadAction","target":["https:\/\/www.latribunedeplanas.com\/es\/10-de-enero-de-2018-sentencia-ejecutoria-del-tsjc-auto-del-juzgado-contencioso-administrativo-n-o-1-de-tarragona-12-12-2017\/"]}]},{"@type":"BreadcrumbList","@id":"https:\/\/www.latribunedeplanas.com\/es\/10-de-enero-de-2018-sentencia-ejecutoria-del-tsjc-auto-del-juzgado-contencioso-administrativo-n-o-1-de-tarragona-12-12-2017\/#breadcrumb","itemListElement":[{"@type":"ListItem","position":1,"name":"Accueil","item":"https:\/\/www.latribunedeplanas.com\/es\/"},{"@type":"ListItem","position":2,"name":"10 de enero de 2018: Sentencia ejecutoria del TSJC \u2013 Auto del Juzgado Contencioso-Administrativo n.\u00ba 1 de Tarragona (12\/12\/2017)"}]},{"@type":"WebSite","@id":"https:\/\/www.latribunedeplanas.com\/es\/#website","url":"https:\/\/www.latribunedeplanas.com\/es\/","name":"La Tribune de Planas","description":"Les Planes del Rei - Urbanizaci\u00f3n del municipio de Pratdip","publisher":{"@id":"https:\/\/www.latribunedeplanas.com\/es\/#organization"},"potentialAction":[{"@type":"SearchAction","target":{"@type":"EntryPoint","urlTemplate":"https:\/\/www.latribunedeplanas.com\/es\/?s={search_term_string}"},"query-input":{"@type":"PropertyValueSpecification","valueRequired":true,"valueName":"search_term_string"}}],"inLanguage":"es"},{"@type":"Organization","@id":"https:\/\/www.latribunedeplanas.com\/es\/#organization","name":"Vecinos de Planes del Rei (SOSPlanes)","url":"https:\/\/www.latribunedeplanas.com\/es\/","logo":{"@type":"ImageObject","inLanguage":"es","@id":"https:\/\/www.latribunedeplanas.com\/es\/#\/schema\/logo\/image\/","url":"https:\/\/www.latribunedeplanas.com\/wp-content\/uploads\/2021\/11\/logo-sos-planas-0.png","contentUrl":"https:\/\/www.latribunedeplanas.com\/wp-content\/uploads\/2021\/11\/logo-sos-planas-0.png","width":600,"height":400,"caption":"Vecinos de Planes del Rei (SOSPlanes)"},"image":{"@id":"https:\/\/www.latribunedeplanas.com\/es\/#\/schema\/logo\/image\/"},"sameAs":["https:\/\/www.facebook.com\/groups\/1220895301376005\/","https:\/\/www.instagram.com\/lasplanasdelrey\/"]},{"@type":"Person","@id":"https:\/\/www.latribunedeplanas.com\/es\/#\/schema\/person\/590a87318688792f18d8e1c983528bc8","name":"Jim","image":{"@type":"ImageObject","inLanguage":"es","@id":"https:\/\/secure.gravatar.com\/avatar\/5a89228fd282eb9ee33a60b4ff06f9c31751866f1fb91ca56263af0968354113?s=96&d=mm&r=g","url":"https:\/\/secure.gravatar.com\/avatar\/5a89228fd282eb9ee33a60b4ff06f9c31751866f1fb91ca56263af0968354113?s=96&d=mm&r=g","contentUrl":"https:\/\/secure.gravatar.com\/avatar\/5a89228fd282eb9ee33a60b4ff06f9c31751866f1fb91ca56263af0968354113?s=96&d=mm&r=g","caption":"Jim"},"sameAs":["https:\/\/www.creawebsite.be\/","https:\/\/www.facebook.com\/Creawebsite-113915200150984","https:\/\/www.instagram.com\/creawebsite.be\/","https:\/\/www.linkedin.com\/in\/jean-marc-delchef\/"]}]}},"_links":{"self":[{"href":"https:\/\/www.latribunedeplanas.com\/es\/wp-json\/wp\/v2\/posts\/29066","targetHints":{"allow":["GET"]}}],"collection":[{"href":"https:\/\/www.latribunedeplanas.com\/es\/wp-json\/wp\/v2\/posts"}],"about":[{"href":"https:\/\/www.latribunedeplanas.com\/es\/wp-json\/wp\/v2\/types\/post"}],"author":[{"embeddable":true,"href":"https:\/\/www.latribunedeplanas.com\/es\/wp-json\/wp\/v2\/users\/1"}],"replies":[{"embeddable":true,"href":"https:\/\/www.latribunedeplanas.com\/es\/wp-json\/wp\/v2\/comments?post=29066"}],"version-history":[{"count":2,"href":"https:\/\/www.latribunedeplanas.com\/es\/wp-json\/wp\/v2\/posts\/29066\/revisions"}],"predecessor-version":[{"id":29070,"href":"https:\/\/www.latribunedeplanas.com\/es\/wp-json\/wp\/v2\/posts\/29066\/revisions\/29070"}],"wp:attachment":[{"href":"https:\/\/www.latribunedeplanas.com\/es\/wp-json\/wp\/v2\/media?parent=29066"}],"wp:term":[{"taxonomy":"category","embeddable":true,"href":"https:\/\/www.latribunedeplanas.com\/es\/wp-json\/wp\/v2\/categories?post=29066"},{"taxonomy":"post_tag","embeddable":true,"href":"https:\/\/www.latribunedeplanas.com\/es\/wp-json\/wp\/v2\/tags?post=29066"}],"curies":[{"name":"wp","href":"https:\/\/api.w.org\/{rel}","templated":true}]}}