{"id":29037,"date":"2017-10-31T22:36:12","date_gmt":"2017-10-31T21:36:12","guid":{"rendered":"https:\/\/www.latribunedeplanas.com\/31-octobre-2017-cessation-de-la-gestion-et-des-activites-de-conservation-de-planas-lettre-eucc\/"},"modified":"2025-08-26T11:24:52","modified_gmt":"2025-08-26T09:24:52","slug":"31-de-octubre-de-2017-cese-de-la-gestion-y-de-las-actividades-de-conservacion-de-planas-carta-ecu","status":"publish","type":"post","link":"https:\/\/www.latribunedeplanas.com\/es\/31-de-octubre-de-2017-cese-de-la-gestion-y-de-las-actividades-de-conservacion-de-planas-carta-ecu\/","title":{"rendered":"31 de octubre de 2017: Cese de la gesti\u00f3n y de las actividades de Conservaci\u00f3n de Planas (carta ECU)"},"content":{"rendered":"<p>[et_pb_section fb_built=\u00bb1&#8243; admin_label=\u00bbSection-Article\u00bb module_class=\u00bbsection-article\u00bb _builder_version=\u00bb4.18.0&#8243; custom_margin=\u00bb0px|0px|0px|0px\u00bb custom_padding=\u00bb0px|0px|0px|0px\u00bb global_colors_info=\u00bb{}\u00bb][et_pb_row use_custom_gutter=\u00bbon\u00bb gutter_width=\u00bb1&#8243; custom_padding_last_edited=\u00bbon|phone\u00bb admin_label=\u00bbLigne-Article\u00bb module_class=\u00bbligne-article et_pb_row_fullwidth\u00bb _builder_version=\u00bb4.27.4&#8243; width=\u00bb100%\u00bb width_tablet=\u00bb100%\u00bb width_phone=\u00bb\u00bb width_last_edited=\u00bbon|desktop\u00bb max_width=\u00bb100%\u00bb max_width_tablet=\u00bb100%\u00bb max_width_phone=\u00bb\u00bb max_width_last_edited=\u00bbon|desktop\u00bb custom_margin=\u00bb0px||0px\u00bb custom_padding=\u00bb20px||0px||false|false\u00bb custom_padding_tablet=\u00bb20px||0px||false|false\u00bb custom_padding_phone=\u00bb15px||||false|false\u00bb make_fullwidth=\u00bbon\u00bb global_colors_info=\u00bb{}\u00bb][et_pb_column type=\u00bb4_4&#8243; _builder_version=\u00bb4.16&#8243; custom_padding=\u00bb|||\u00bb global_colors_info=\u00bb{}\u00bb custom_padding__hover=\u00bb|||\u00bb][et_pb_text admin_label=\u00bbTexte-31 de octubre de 2017 : Cese de la gesti\u00f3n y de las actividades de Conservaci\u00f3n de Planas (carta ECU)\u00bb module_class=\u00bbtxt-article\u00bb _builder_version=\u00bb4.27.4&#8243; text_font=\u00bb|300|||||||\u00bb header_font=\u00bb||||||||\u00bb header_2_line_height=\u00bb1.2em\u00bb header_3_font=\u00bb||||||||\u00bb header_3_line_height=\u00bb1.3em\u00bb header_4_text_align=\u00bbcenter\u00bb custom_padding=\u00bb||||false|false\u00bb hover_enabled=\u00bb0&#8243; text_line_height_tablet=\u00bb\u00bb text_line_height_phone=\u00bb1.3em\u00bb text_line_height_last_edited=\u00bbon|desktop\u00bb header_2_font_size_tablet=\u00bb\u00bb header_2_font_size_phone=\u00bb\u00bb header_2_font_size_last_edited=\u00bbon|phone\u00bb header_3_font_size_tablet=\u00bb\u00bb header_3_font_size_phone=\u00bb23px\u00bb header_3_font_size_last_edited=\u00bbon|desktop\u00bb global_colors_info=\u00bb{}\u00bb sticky_enabled=\u00bb0&#8243;]<\/p>\n<p>Carta dirigida a todos los propietarios: notificaci\u00f3n oficial del cese de las actividades de la <span class=\"accentue\">ECU<\/span> a partir del <span class=\"accentue\">1 de noviembre de 2017<\/span> por falta de medios (tesorer\u00eda de <span class=\"accentue\">3.927,51 \u20ac<\/span>). El documento marca un giro importante: fin de la autogesti\u00f3n y traspaso de responsabilidades hacia el <span class=\"accentue\">Ayuntamiento de Pratdip<\/span>.<\/p>\n<hr style=\"margin-bottom: 30px;\" \/>\n<h2>1) Contexto y alcance<\/h2>\n<ul>\n<li><span class=\"accentue\">Destinatarios<\/span>: todos los propietarios de Planas.<\/li>\n<li><span class=\"accentue\">Naturaleza<\/span>: notificaci\u00f3n oficial del cese de las actividades de la ECU.<\/li>\n<li><span class=\"accentue\">Entrada en vigor<\/span>: desde el <span class=\"accentue\">1 de noviembre de 2017<\/span> (mantenimiento detenido, personal despedido).<\/li>\n<li><span class=\"accentue\">Efecto<\/span>: fin de la gesti\u00f3n en autogesti\u00f3n y traspaso de hecho al <span class=\"accentue\">Ayuntamiento de Pratdip<\/span> para los servicios m\u00ednimos.<\/li>\n<\/ul>\n<h2>2) Motivos invocados<\/h2>\n<ul>\n<li><span class=\"accentue\">Insuficiencia financiera<\/span>: tesorer\u00eda limitada a <span class=\"accentue\">3.927,51 \u20ac<\/span>.<\/li>\n<li><span class=\"accentue\">Despidos<\/span>: fin de los contratos; el mantenimiento ya no est\u00e1 asegurado.<\/li>\n<li><span class=\"accentue\">Impagos (morosos)<\/span>: falta de pago de cuotas por parte de algunos propietarios y recuperaci\u00f3n dif\u00edcil.<\/li>\n<li><span class=\"accentue\">Efecto de la sentencia del TSJC (21\/07\/2016)<\/span>: disoluci\u00f3n pronunciada sin modalidades de ejecuci\u00f3n, creando un vac\u00edo jur\u00eddico y una disminuci\u00f3n de los pagos.<\/li>\n<\/ul>\n<h2>3) Cr\u00edtica pol\u00edtica<\/h2>\n<ul>\n<li><span class=\"accentue\">Falta de reacci\u00f3n<\/span> del ayuntamiento y del mundo pol\u00edtico local.<\/li>\n<li><span class=\"accentue\">Tras las elecciones de 2014<\/span>: Converg\u00e8ncia (3 electos, incluido el alcalde); Unidos por Planas (1 electo, retirada en abril de 2017); PSC (3 electos, oposici\u00f3n).<\/li>\n<li><span class=\"accentue\">Ausencia de mayor\u00eda alternativa<\/span>: PSC + Unidos por Planas no logran acuerdos, manteniendo un bloqueo en detrimento de Planas.<\/li>\n<\/ul>\n<h2>4) Denuncias principales<\/h2>\n<ul>\n<li><span class=\"accentue\">P\u00e9rdida de empleo<\/span> del personal, situaci\u00f3n calificada de \u201cvergonzosa\u201d.<\/li>\n<li><span class=\"accentue\">Asimetr\u00eda financiera<\/span>: alrededor de <span class=\"accentue\">400.000 \u20ac \/ a\u00f1o<\/span> de IBI y subvenciones nucleares atribuidos al municipio gracias a Planas, sin retorno visible en servicios.<\/li>\n<li><span class=\"accentue\">Responsabilidad municipal<\/span>: acusaci\u00f3n impl\u00edcita de aprovechar los ingresos sin asumir las obligaciones de servicio.<\/li>\n<\/ul>\n<h2>5) Consecuencias pr\u00e1cticas<\/h2>\n<ul>\n<li>A partir del <span class=\"accentue\">1 de noviembre de 2017<\/span>, ya no se asegura <span class=\"accentue\">ning\u00fan servicio de conservaci\u00f3n<\/span> por la ECU.<\/li>\n<li>Planas depende ahora enteramente de los <span class=\"accentue\">servicios municipales<\/span> (alumbrado, agua, basuras, viario, etc.).<\/li>\n<li>La carta incluye una <span class=\"accentue\">lista de contactos \u00fatiles<\/span> (ayuntamiento, polic\u00eda, Mossos, bomberos, Comaigua).<\/li>\n<\/ul>\n<h2>Importancia del documento<\/h2>\n<ul>\n<li><span class=\"accentue\">Acto de ruptura<\/span> que pone fin a la autogesti\u00f3n por la ECU.<\/li>\n<li><span class=\"accentue\">Traspaso de responsabilidades<\/span> hacia el Ayuntamiento de Pratdip, tanto <span class=\"accentue\">jur\u00eddicamente<\/span> como <span class=\"accentue\">pol\u00edticamente<\/span>.<\/li>\n<li><span class=\"accentue\">Se\u00f1al de alerta<\/span> sobre la gobernanza local y la ausencia de cooperaci\u00f3n pol\u00edtica en beneficio de Planas.<\/li>\n<\/ul>\n<h2>Referencias<\/h2>\n<ul>\n<li><span class=\"accentue\">Documento analizado<\/span>: carta informativa de la ECU fechada el <span class=\"accentue\">31\/10\/2017<\/span>, firmada por <span class=\"accentue\">Christian Peuman<\/span> (presidente) y <span class=\"accentue\">Marc Laloyaux<\/span> (secretario).<\/li>\n<li><span class=\"accentue\">Puntos de referencia<\/span>: sentencia de <span class=\"accentue\">disoluci\u00f3n de la ECU (TSJC, 21\/07\/2016)<\/span> y decreto municipal subsiguiente.<\/li>\n<\/ul>\n<hr style=\"margin-bottom: 30px;\" \/>\n<h3 class=\"underline\">Documento<\/h3>\n<p style=\"padding-top: 30px;\"><a href=\"https:\/\/www.latribunedeplanas.com\/wp-content\/uploads\/2025\/08\/2017-10-31-cessation-gestion-conservation-planas-es.pdf\" class=\"pdfemb-viewer\" style=\"\" data-width=\"max\" data-height=\"max\" data-mobile-width=\"0\"  data-scrollbar=\"none\" data-download=\"on\" data-tracking=\"on\" data-newwindow=\"on\" data-pagetextbox=\"off\" data-scrolltotop=\"off\" data-startzoom=\"100\" data-startfpzoom=\"100\" data-toolbar=\"top\" data-toolbar-fixed=\"off\">2017-10-31-cessation-gestion-conservation-planas-es<br\/><\/a><\/p>\n<p>[\/et_pb_text][\/et_pb_column][\/et_pb_row][\/et_pb_section]<\/p>\n","protected":false},"excerpt":{"rendered":"<p>Carta dirigida a todos los propietarios: notificaci\u00f3n oficial del cese de las actividades de la ECU a partir del 1 de noviembre de 2017 por falta de medios (tesorer\u00eda de 3.927,51 \u20ac). El documento marca un giro importante: fin de la autogesti\u00f3n y traspaso de responsabilidades hacia el Ayuntamiento de Pratdip. 1) Contexto y alcance [&hellip;]<\/p>\n","protected":false},"author":1,"featured_media":0,"comment_status":"closed","ping_status":"closed","sticky":false,"template":"","format":"standard","meta":{"_et_pb_use_builder":"on","_et_pb_old_content":"","_et_gb_content_width":"","footnotes":""},"categories":[217],"tags":[],"class_list":["post-29037","post","type-post","status-publish","format-standard","hentry","category-documentos"],"yoast_head":"<!-- This site is optimized with the Yoast SEO plugin v27.5 - https:\/\/yoast.com\/product\/yoast-seo-wordpress\/ -->\n<title>31 de octubre de 2017: Cese de la gesti\u00f3n y de las actividades de Conservaci\u00f3n de Planas (carta ECU) - La Tribune de Planas<\/title>\n<meta name=\"description\" content=\"En 2017 la ECU de Planas cesa sus actividades, dejando al Ayuntamiento de Pratdip frente a sus obligaciones y servicios m\u00ednimos.\" \/>\n<meta name=\"robots\" content=\"index, follow, max-snippet:-1, max-image-preview:large, max-video-preview:-1\" \/>\n<link rel=\"canonical\" href=\"https:\/\/www.latribunedeplanas.com\/es\/31-de-octubre-de-2017-cese-de-la-gestion-y-de-las-actividades-de-conservacion-de-planas-carta-ecu\/\" \/>\n<meta property=\"og:locale\" content=\"es_ES\" \/>\n<meta property=\"og:type\" content=\"article\" \/>\n<meta property=\"og:title\" content=\"31 de octubre de 2017: Cese de la gesti\u00f3n y de las actividades de Conservaci\u00f3n de Planas (carta ECU) - La Tribune de Planas\" \/>\n<meta property=\"og:description\" content=\"En 2017 la ECU de Planas cesa sus actividades, dejando al Ayuntamiento de Pratdip frente a sus obligaciones y servicios m\u00ednimos.\" \/>\n<meta property=\"og:url\" content=\"https:\/\/www.latribunedeplanas.com\/es\/31-de-octubre-de-2017-cese-de-la-gestion-y-de-las-actividades-de-conservacion-de-planas-carta-ecu\/\" \/>\n<meta property=\"og:site_name\" content=\"La Tribune de Planas\" \/>\n<meta property=\"article:publisher\" content=\"https:\/\/www.facebook.com\/groups\/1220895301376005\/\" \/>\n<meta property=\"article:author\" content=\"https:\/\/www.facebook.com\/Creawebsite-113915200150984\" \/>\n<meta property=\"article:published_time\" content=\"2017-10-31T21:36:12+00:00\" \/>\n<meta property=\"article:modified_time\" content=\"2025-08-26T09:24:52+00:00\" \/>\n<meta name=\"author\" content=\"Jim\" \/>\n<meta name=\"twitter:card\" content=\"summary_large_image\" \/>\n<meta name=\"twitter:label1\" content=\"Escrito por\" \/>\n\t<meta name=\"twitter:data1\" content=\"Jim\" \/>\n\t<meta name=\"twitter:label2\" content=\"Tiempo de lectura\" \/>\n\t<meta name=\"twitter:data2\" content=\"3 minutos\" \/>\n<script type=\"application\/ld+json\" class=\"yoast-schema-graph\">{\"@context\":\"https:\\\/\\\/schema.org\",\"@graph\":[{\"@type\":\"Article\",\"@id\":\"https:\\\/\\\/www.latribunedeplanas.com\\\/es\\\/31-de-octubre-de-2017-cese-de-la-gestion-y-de-las-actividades-de-conservacion-de-planas-carta-ecu\\\/#article\",\"isPartOf\":{\"@id\":\"https:\\\/\\\/www.latribunedeplanas.com\\\/es\\\/31-de-octubre-de-2017-cese-de-la-gestion-y-de-las-actividades-de-conservacion-de-planas-carta-ecu\\\/\"},\"author\":{\"name\":\"Jim\",\"@id\":\"https:\\\/\\\/www.latribunedeplanas.com\\\/es\\\/#\\\/schema\\\/person\\\/590a87318688792f18d8e1c983528bc8\"},\"headline\":\"31 de octubre de 2017: Cese de la gesti\u00f3n y de las actividades de Conservaci\u00f3n de Planas (carta ECU)\",\"datePublished\":\"2017-10-31T21:36:12+00:00\",\"dateModified\":\"2025-08-26T09:24:52+00:00\",\"mainEntityOfPage\":{\"@id\":\"https:\\\/\\\/www.latribunedeplanas.com\\\/es\\\/31-de-octubre-de-2017-cese-de-la-gestion-y-de-las-actividades-de-conservacion-de-planas-carta-ecu\\\/\"},\"wordCount\":682,\"publisher\":{\"@id\":\"https:\\\/\\\/www.latribunedeplanas.com\\\/es\\\/#organization\"},\"articleSection\":[\"Documentos\"],\"inLanguage\":\"es\"},{\"@type\":\"WebPage\",\"@id\":\"https:\\\/\\\/www.latribunedeplanas.com\\\/es\\\/31-de-octubre-de-2017-cese-de-la-gestion-y-de-las-actividades-de-conservacion-de-planas-carta-ecu\\\/\",\"url\":\"https:\\\/\\\/www.latribunedeplanas.com\\\/es\\\/31-de-octubre-de-2017-cese-de-la-gestion-y-de-las-actividades-de-conservacion-de-planas-carta-ecu\\\/\",\"name\":\"31 de octubre de 2017: Cese de la gesti\u00f3n y de las actividades de Conservaci\u00f3n de Planas (carta ECU) - La Tribune de Planas\",\"isPartOf\":{\"@id\":\"https:\\\/\\\/www.latribunedeplanas.com\\\/es\\\/#website\"},\"datePublished\":\"2017-10-31T21:36:12+00:00\",\"dateModified\":\"2025-08-26T09:24:52+00:00\",\"description\":\"En 2017 la ECU de Planas cesa sus actividades, dejando al Ayuntamiento de Pratdip frente a sus obligaciones y servicios m\u00ednimos.\",\"breadcrumb\":{\"@id\":\"https:\\\/\\\/www.latribunedeplanas.com\\\/es\\\/31-de-octubre-de-2017-cese-de-la-gestion-y-de-las-actividades-de-conservacion-de-planas-carta-ecu\\\/#breadcrumb\"},\"inLanguage\":\"es\",\"potentialAction\":[{\"@type\":\"ReadAction\",\"target\":[\"https:\\\/\\\/www.latribunedeplanas.com\\\/es\\\/31-de-octubre-de-2017-cese-de-la-gestion-y-de-las-actividades-de-conservacion-de-planas-carta-ecu\\\/\"]}]},{\"@type\":\"BreadcrumbList\",\"@id\":\"https:\\\/\\\/www.latribunedeplanas.com\\\/es\\\/31-de-octubre-de-2017-cese-de-la-gestion-y-de-las-actividades-de-conservacion-de-planas-carta-ecu\\\/#breadcrumb\",\"itemListElement\":[{\"@type\":\"ListItem\",\"position\":1,\"name\":\"Accueil\",\"item\":\"https:\\\/\\\/www.latribunedeplanas.com\\\/es\\\/\"},{\"@type\":\"ListItem\",\"position\":2,\"name\":\"31 de octubre de 2017: Cese de la gesti\u00f3n y de las actividades de Conservaci\u00f3n de Planas (carta ECU)\"}]},{\"@type\":\"WebSite\",\"@id\":\"https:\\\/\\\/www.latribunedeplanas.com\\\/es\\\/#website\",\"url\":\"https:\\\/\\\/www.latribunedeplanas.com\\\/es\\\/\",\"name\":\"La Tribune de Planas\",\"description\":\"Les Planes del Rei - Urbanizaci\u00f3n del municipio de Pratdip\",\"publisher\":{\"@id\":\"https:\\\/\\\/www.latribunedeplanas.com\\\/es\\\/#organization\"},\"potentialAction\":[{\"@type\":\"SearchAction\",\"target\":{\"@type\":\"EntryPoint\",\"urlTemplate\":\"https:\\\/\\\/www.latribunedeplanas.com\\\/es\\\/?s={search_term_string}\"},\"query-input\":{\"@type\":\"PropertyValueSpecification\",\"valueRequired\":true,\"valueName\":\"search_term_string\"}}],\"inLanguage\":\"es\"},{\"@type\":\"Organization\",\"@id\":\"https:\\\/\\\/www.latribunedeplanas.com\\\/es\\\/#organization\",\"name\":\"Vecinos de Planes del Rei (SOSPlanes)\",\"url\":\"https:\\\/\\\/www.latribunedeplanas.com\\\/es\\\/\",\"logo\":{\"@type\":\"ImageObject\",\"inLanguage\":\"es\",\"@id\":\"https:\\\/\\\/www.latribunedeplanas.com\\\/es\\\/#\\\/schema\\\/logo\\\/image\\\/\",\"url\":\"https:\\\/\\\/www.latribunedeplanas.com\\\/wp-content\\\/uploads\\\/2021\\\/11\\\/logo-sos-planas-0.png\",\"contentUrl\":\"https:\\\/\\\/www.latribunedeplanas.com\\\/wp-content\\\/uploads\\\/2021\\\/11\\\/logo-sos-planas-0.png\",\"width\":600,\"height\":400,\"caption\":\"Vecinos de Planes del Rei (SOSPlanes)\"},\"image\":{\"@id\":\"https:\\\/\\\/www.latribunedeplanas.com\\\/es\\\/#\\\/schema\\\/logo\\\/image\\\/\"},\"sameAs\":[\"https:\\\/\\\/www.facebook.com\\\/groups\\\/1220895301376005\\\/\",\"https:\\\/\\\/www.instagram.com\\\/lasplanasdelrey\\\/\"]},{\"@type\":\"Person\",\"@id\":\"https:\\\/\\\/www.latribunedeplanas.com\\\/es\\\/#\\\/schema\\\/person\\\/590a87318688792f18d8e1c983528bc8\",\"name\":\"Jim\",\"image\":{\"@type\":\"ImageObject\",\"inLanguage\":\"es\",\"@id\":\"https:\\\/\\\/secure.gravatar.com\\\/avatar\\\/5a89228fd282eb9ee33a60b4ff06f9c31751866f1fb91ca56263af0968354113?s=96&d=mm&r=g\",\"url\":\"https:\\\/\\\/secure.gravatar.com\\\/avatar\\\/5a89228fd282eb9ee33a60b4ff06f9c31751866f1fb91ca56263af0968354113?s=96&d=mm&r=g\",\"contentUrl\":\"https:\\\/\\\/secure.gravatar.com\\\/avatar\\\/5a89228fd282eb9ee33a60b4ff06f9c31751866f1fb91ca56263af0968354113?s=96&d=mm&r=g\",\"caption\":\"Jim\"},\"sameAs\":[\"https:\\\/\\\/www.creawebsite.be\\\/\",\"https:\\\/\\\/www.facebook.com\\\/Creawebsite-113915200150984\",\"https:\\\/\\\/www.instagram.com\\\/creawebsite.be\\\/\",\"https:\\\/\\\/www.linkedin.com\\\/in\\\/jean-marc-delchef\\\/\"]}]}<\/script>\n<!-- \/ Yoast SEO plugin. -->","yoast_head_json":{"title":"31 de octubre de 2017: Cese de la gesti\u00f3n y de las actividades de Conservaci\u00f3n de Planas (carta ECU) - La Tribune de Planas","description":"En 2017 la ECU de Planas cesa sus actividades, dejando al Ayuntamiento de Pratdip frente a sus obligaciones y servicios m\u00ednimos.","robots":{"index":"index","follow":"follow","max-snippet":"max-snippet:-1","max-image-preview":"max-image-preview:large","max-video-preview":"max-video-preview:-1"},"canonical":"https:\/\/www.latribunedeplanas.com\/es\/31-de-octubre-de-2017-cese-de-la-gestion-y-de-las-actividades-de-conservacion-de-planas-carta-ecu\/","og_locale":"es_ES","og_type":"article","og_title":"31 de octubre de 2017: Cese de la gesti\u00f3n y de las actividades de Conservaci\u00f3n de Planas (carta ECU) - La Tribune de Planas","og_description":"En 2017 la ECU de Planas cesa sus actividades, dejando al Ayuntamiento de Pratdip frente a sus obligaciones y servicios m\u00ednimos.","og_url":"https:\/\/www.latribunedeplanas.com\/es\/31-de-octubre-de-2017-cese-de-la-gestion-y-de-las-actividades-de-conservacion-de-planas-carta-ecu\/","og_site_name":"La Tribune de Planas","article_publisher":"https:\/\/www.facebook.com\/groups\/1220895301376005\/","article_author":"https:\/\/www.facebook.com\/Creawebsite-113915200150984","article_published_time":"2017-10-31T21:36:12+00:00","article_modified_time":"2025-08-26T09:24:52+00:00","author":"Jim","twitter_card":"summary_large_image","twitter_misc":{"Escrito por":"Jim","Tiempo de lectura":"3 minutos"},"schema":{"@context":"https:\/\/schema.org","@graph":[{"@type":"Article","@id":"https:\/\/www.latribunedeplanas.com\/es\/31-de-octubre-de-2017-cese-de-la-gestion-y-de-las-actividades-de-conservacion-de-planas-carta-ecu\/#article","isPartOf":{"@id":"https:\/\/www.latribunedeplanas.com\/es\/31-de-octubre-de-2017-cese-de-la-gestion-y-de-las-actividades-de-conservacion-de-planas-carta-ecu\/"},"author":{"name":"Jim","@id":"https:\/\/www.latribunedeplanas.com\/es\/#\/schema\/person\/590a87318688792f18d8e1c983528bc8"},"headline":"31 de octubre de 2017: Cese de la gesti\u00f3n y de las actividades de Conservaci\u00f3n de Planas (carta ECU)","datePublished":"2017-10-31T21:36:12+00:00","dateModified":"2025-08-26T09:24:52+00:00","mainEntityOfPage":{"@id":"https:\/\/www.latribunedeplanas.com\/es\/31-de-octubre-de-2017-cese-de-la-gestion-y-de-las-actividades-de-conservacion-de-planas-carta-ecu\/"},"wordCount":682,"publisher":{"@id":"https:\/\/www.latribunedeplanas.com\/es\/#organization"},"articleSection":["Documentos"],"inLanguage":"es"},{"@type":"WebPage","@id":"https:\/\/www.latribunedeplanas.com\/es\/31-de-octubre-de-2017-cese-de-la-gestion-y-de-las-actividades-de-conservacion-de-planas-carta-ecu\/","url":"https:\/\/www.latribunedeplanas.com\/es\/31-de-octubre-de-2017-cese-de-la-gestion-y-de-las-actividades-de-conservacion-de-planas-carta-ecu\/","name":"31 de octubre de 2017: Cese de la gesti\u00f3n y de las actividades de Conservaci\u00f3n de Planas (carta ECU) - La Tribune de Planas","isPartOf":{"@id":"https:\/\/www.latribunedeplanas.com\/es\/#website"},"datePublished":"2017-10-31T21:36:12+00:00","dateModified":"2025-08-26T09:24:52+00:00","description":"En 2017 la ECU de Planas cesa sus actividades, dejando al Ayuntamiento de Pratdip frente a sus obligaciones y servicios m\u00ednimos.","breadcrumb":{"@id":"https:\/\/www.latribunedeplanas.com\/es\/31-de-octubre-de-2017-cese-de-la-gestion-y-de-las-actividades-de-conservacion-de-planas-carta-ecu\/#breadcrumb"},"inLanguage":"es","potentialAction":[{"@type":"ReadAction","target":["https:\/\/www.latribunedeplanas.com\/es\/31-de-octubre-de-2017-cese-de-la-gestion-y-de-las-actividades-de-conservacion-de-planas-carta-ecu\/"]}]},{"@type":"BreadcrumbList","@id":"https:\/\/www.latribunedeplanas.com\/es\/31-de-octubre-de-2017-cese-de-la-gestion-y-de-las-actividades-de-conservacion-de-planas-carta-ecu\/#breadcrumb","itemListElement":[{"@type":"ListItem","position":1,"name":"Accueil","item":"https:\/\/www.latribunedeplanas.com\/es\/"},{"@type":"ListItem","position":2,"name":"31 de octubre de 2017: Cese de la gesti\u00f3n y de las actividades de Conservaci\u00f3n de Planas (carta ECU)"}]},{"@type":"WebSite","@id":"https:\/\/www.latribunedeplanas.com\/es\/#website","url":"https:\/\/www.latribunedeplanas.com\/es\/","name":"La Tribune de Planas","description":"Les Planes del Rei - Urbanizaci\u00f3n del municipio de Pratdip","publisher":{"@id":"https:\/\/www.latribunedeplanas.com\/es\/#organization"},"potentialAction":[{"@type":"SearchAction","target":{"@type":"EntryPoint","urlTemplate":"https:\/\/www.latribunedeplanas.com\/es\/?s={search_term_string}"},"query-input":{"@type":"PropertyValueSpecification","valueRequired":true,"valueName":"search_term_string"}}],"inLanguage":"es"},{"@type":"Organization","@id":"https:\/\/www.latribunedeplanas.com\/es\/#organization","name":"Vecinos de Planes del Rei (SOSPlanes)","url":"https:\/\/www.latribunedeplanas.com\/es\/","logo":{"@type":"ImageObject","inLanguage":"es","@id":"https:\/\/www.latribunedeplanas.com\/es\/#\/schema\/logo\/image\/","url":"https:\/\/www.latribunedeplanas.com\/wp-content\/uploads\/2021\/11\/logo-sos-planas-0.png","contentUrl":"https:\/\/www.latribunedeplanas.com\/wp-content\/uploads\/2021\/11\/logo-sos-planas-0.png","width":600,"height":400,"caption":"Vecinos de Planes del Rei (SOSPlanes)"},"image":{"@id":"https:\/\/www.latribunedeplanas.com\/es\/#\/schema\/logo\/image\/"},"sameAs":["https:\/\/www.facebook.com\/groups\/1220895301376005\/","https:\/\/www.instagram.com\/lasplanasdelrey\/"]},{"@type":"Person","@id":"https:\/\/www.latribunedeplanas.com\/es\/#\/schema\/person\/590a87318688792f18d8e1c983528bc8","name":"Jim","image":{"@type":"ImageObject","inLanguage":"es","@id":"https:\/\/secure.gravatar.com\/avatar\/5a89228fd282eb9ee33a60b4ff06f9c31751866f1fb91ca56263af0968354113?s=96&d=mm&r=g","url":"https:\/\/secure.gravatar.com\/avatar\/5a89228fd282eb9ee33a60b4ff06f9c31751866f1fb91ca56263af0968354113?s=96&d=mm&r=g","contentUrl":"https:\/\/secure.gravatar.com\/avatar\/5a89228fd282eb9ee33a60b4ff06f9c31751866f1fb91ca56263af0968354113?s=96&d=mm&r=g","caption":"Jim"},"sameAs":["https:\/\/www.creawebsite.be\/","https:\/\/www.facebook.com\/Creawebsite-113915200150984","https:\/\/www.instagram.com\/creawebsite.be\/","https:\/\/www.linkedin.com\/in\/jean-marc-delchef\/"]}]}},"_links":{"self":[{"href":"https:\/\/www.latribunedeplanas.com\/es\/wp-json\/wp\/v2\/posts\/29037","targetHints":{"allow":["GET"]}}],"collection":[{"href":"https:\/\/www.latribunedeplanas.com\/es\/wp-json\/wp\/v2\/posts"}],"about":[{"href":"https:\/\/www.latribunedeplanas.com\/es\/wp-json\/wp\/v2\/types\/post"}],"author":[{"embeddable":true,"href":"https:\/\/www.latribunedeplanas.com\/es\/wp-json\/wp\/v2\/users\/1"}],"replies":[{"embeddable":true,"href":"https:\/\/www.latribunedeplanas.com\/es\/wp-json\/wp\/v2\/comments?post=29037"}],"version-history":[{"count":3,"href":"https:\/\/www.latribunedeplanas.com\/es\/wp-json\/wp\/v2\/posts\/29037\/revisions"}],"predecessor-version":[{"id":29128,"href":"https:\/\/www.latribunedeplanas.com\/es\/wp-json\/wp\/v2\/posts\/29037\/revisions\/29128"}],"wp:attachment":[{"href":"https:\/\/www.latribunedeplanas.com\/es\/wp-json\/wp\/v2\/media?parent=29037"}],"wp:term":[{"taxonomy":"category","embeddable":true,"href":"https:\/\/www.latribunedeplanas.com\/es\/wp-json\/wp\/v2\/categories?post=29037"},{"taxonomy":"post_tag","embeddable":true,"href":"https:\/\/www.latribunedeplanas.com\/es\/wp-json\/wp\/v2\/tags?post=29037"}],"curies":[{"name":"wp","href":"https:\/\/api.w.org\/{rel}","templated":true}]}}