{"id":29004,"date":"2016-07-21T21:49:51","date_gmt":"2016-07-21T19:49:51","guid":{"rendered":"https:\/\/www.latribunedeplanas.com\/21-juillet-2016-arret-du-tsjc-sentencia-n64-appel-n582-2010-dissolution-de-leucc-les-planes-del-rei\/"},"modified":"2025-08-26T11:24:44","modified_gmt":"2025-08-26T09:24:44","slug":"21-de-julio-de-2016-sentencia-del-tsjc-sentencia-n64-recurso-de-apelacion-n582-2010-victoria-de-sos-planas-y-disolucion-de-la-ecu-les-planes-del-rei","status":"publish","type":"post","link":"https:\/\/www.latribunedeplanas.com\/es\/21-de-julio-de-2016-sentencia-del-tsjc-sentencia-n64-recurso-de-apelacion-n582-2010-victoria-de-sos-planas-y-disolucion-de-la-ecu-les-planes-del-rei\/","title":{"rendered":"21 de julio de 2016: Sentencia del TSJC (Sentencia n\u00b064) \u2013 Recurso de apelaci\u00f3n n\u00b0582\/2010 \u2013 Victoria de SOS Planas y disoluci\u00f3n de la ECU Les Planes del Rei"},"content":{"rendered":"<p>[et_pb_section fb_built=\u00bb1&#8243; admin_label=\u00bbSection-Article\u00bb module_class=\u00bbsection-article\u00bb _builder_version=\u00bb4.18.0&#8243; custom_margin=\u00bb0px|0px|0px|0px\u00bb custom_padding=\u00bb0px|0px|0px|0px\u00bb global_colors_info=\u00bb{}\u00bb][et_pb_row use_custom_gutter=\u00bbon\u00bb gutter_width=\u00bb1&#8243; custom_padding_last_edited=\u00bbon|phone\u00bb admin_label=\u00bbLigne-Article\u00bb module_class=\u00bbligne-article et_pb_row_fullwidth\u00bb _builder_version=\u00bb4.27.4&#8243; width=\u00bb100%\u00bb width_tablet=\u00bb100%\u00bb width_phone=\u00bb\u00bb width_last_edited=\u00bbon|desktop\u00bb max_width=\u00bb100%\u00bb max_width_tablet=\u00bb100%\u00bb max_width_phone=\u00bb\u00bb max_width_last_edited=\u00bbon|desktop\u00bb custom_margin=\u00bb0px||0px\u00bb custom_padding=\u00bb20px||0px||false|false\u00bb custom_padding_tablet=\u00bb20px||0px||false|false\u00bb custom_padding_phone=\u00bb15px||||false|false\u00bb make_fullwidth=\u00bbon\u00bb global_colors_info=\u00bb{}\u00bb][et_pb_column type=\u00bb4_4&#8243; _builder_version=\u00bb4.16&#8243; custom_padding=\u00bb|||\u00bb global_colors_info=\u00bb{}\u00bb custom_padding__hover=\u00bb|||\u00bb][et_pb_text admin_label=\u00bbTexte-21 de julio de 2016 : Sentencia del TSJC (Sentencia n\u00b064) \u2013 Recurso de apelaci\u00f3n n\u00b0582\/2010 \u2013 Victoria de SOS Planas y disoluci\u00f3n de la ECU Les Planes del Rei\u00bb module_class=\u00bbtxt-article\u00bb _builder_version=\u00bb4.27.4&#8243; text_font=\u00bb|300|||||||\u00bb header_font=\u00bb||||||||\u00bb header_2_line_height=\u00bb1.2em\u00bb header_3_font=\u00bb||||||||\u00bb header_3_line_height=\u00bb1.3em\u00bb header_4_text_align=\u00bbcenter\u00bb custom_padding=\u00bb||||false|false\u00bb text_line_height_tablet=\u00bb\u00bb text_line_height_phone=\u00bb1.3em\u00bb text_line_height_last_edited=\u00bbon|desktop\u00bb header_2_font_size_tablet=\u00bb\u00bb header_2_font_size_phone=\u00bb\u00bb header_2_font_size_last_edited=\u00bbon|phone\u00bb header_3_font_size_tablet=\u00bb\u00bb header_3_font_size_phone=\u00bb23px\u00bb header_3_font_size_last_edited=\u00bbon|desktop\u00bb global_colors_info=\u00bb{}\u00bb]<\/p>\n<p>El <span class=\"accentue\">21 de julio de 2016<\/span>, la <span class=\"accentue\">Secci\u00f3n Tercera<\/span> de la <span class=\"accentue\">Sala de lo Contencioso-Administrativo<\/span> del <span class=\"accentue\">Tribunal Superior de Justicia de Catalu\u00f1a (TSJC)<\/span> resuelve el recurso de apelaci\u00f3n interpuesto por varios <span class=\"accentue\">propietarios<\/span>, agrupados en la <span class=\"accentue\">asociaci\u00f3n SOS Planas<\/span>, contra el <span class=\"accentue\">Ayuntamiento de Pratdip<\/span> y la <span class=\"accentue\">ECU Les Planes del Rei<\/span>.<br \/>\nEl Tribunal <span class=\"accentue\">revoca en parte<\/span> la sentencia de primera instancia (26\/03\/2013, n\u00b0130\/2013) y admite la <span class=\"accentue\">disoluci\u00f3n<\/span> de la ECU, constituyendo una <span class=\"accentue\">victoria decisiva<\/span> para SOS Planas.<\/p>\n<hr style=\"margin-bottom: 30px;\" \/>\n<h2>1) Contexto<\/h2>\n<ul>\n<li><span class=\"accentue\">Procedimiento<\/span> : recurso de apelaci\u00f3n n\u00b0582\/2010 interpuesto por los propietarios a trav\u00e9s de SOS Planas.<\/li>\n<li><span class=\"accentue\">Primera instancia<\/span> : Juzgado Contencioso-Administrativo n\u00b01 de Tarragona, sentencia del 26 de marzo de 2013 que rechazaba la disoluci\u00f3n.<\/li>\n<li><span class=\"accentue\">Partes en apelaci\u00f3n<\/span> : SOS Planas (apelantes) vs. Ayuntamiento de Pratdip y ECU.<\/li>\n<\/ul>\n<h2>2) Motivaci\u00f3n del Tribunal<\/h2>\n<ul>\n<li><span class=\"accentue\">Marco legal<\/span> : Decreto legislativo 1\/1990 (Ley de Urbanismo de Catalu\u00f1a).<\/li>\n<li><span class=\"accentue\">Duraci\u00f3n m\u00e1xima<\/span> : obligaci\u00f3n de los propietarios de conservar la urbanizaci\u00f3n limitada a 5 a\u00f1os despu\u00e9s de 1990.<\/li>\n<li><span class=\"accentue\">Constataci\u00f3n<\/span> : este plazo ya hab\u00eda expirado ampliamente; el mantenimiento de la ECU carec\u00eda por tanto de base legal.<\/li>\n<\/ul>\n<h2>3) Decisi\u00f3n (Fallo)<\/h2>\n<ul>\n<li><span class=\"accentue\">Recurso parcialmente estimado<\/span> a favor de SOS Planas y de los propietarios.<\/li>\n<li><span class=\"accentue\">Revocaci\u00f3n parcial<\/span> de la sentencia de 2013.<\/li>\n<li><span class=\"accentue\">Reconocimiento de la disoluci\u00f3n<\/span> de la ECU Les Planes del Rei.<\/li>\n<li><span class=\"accentue\">Sin condena en costas<\/span> (ni en apelaci\u00f3n ni en primera instancia).<\/li>\n<\/ul>\n<h2>4) Importancia y consecuencias<\/h2>\n<ul>\n<li><span class=\"accentue\">Victoria hist\u00f3rica de SOS Planas<\/span> : la ECU debi\u00f3 desaparecer ya en 1995.<\/li>\n<li><span class=\"accentue\">Ilegalidad prolongada<\/span> : m\u00e1s de 20 a\u00f1os de cargas impuestas abusivamente a los propietarios.<\/li>\n<li><span class=\"accentue\">Responsabilidad municipal<\/span> : el Ayuntamiento de Pratdip ya no puede refugiarse en la ECU para evitar garantizar los <span class=\"accentue\">servicios p\u00fablicos m\u00ednimos<\/span>.<\/li>\n<li><span class=\"accentue\">Instrumento jur\u00eddico<\/span> : base para reclamar devoluciones de cuotas y la asunci\u00f3n de servicios por parte del municipio.<\/li>\n<\/ul>\n<hr style=\"margin-bottom: 30px;\" \/>\n<h3 class=\"underline\">Documento<\/h3>\n<p style=\"padding-top: 30px;\"><a href=\"https:\/\/www.latribunedeplanas.com\/wp-content\/uploads\/2016\/07\/21-07-16-sentence.pdf\" class=\"pdfemb-viewer\" style=\"\" data-width=\"max\" data-height=\"max\" data-mobile-width=\"0\"  data-scrollbar=\"none\" data-download=\"on\" data-tracking=\"on\" data-newwindow=\"on\" data-pagetextbox=\"off\" data-scrolltotop=\"off\" data-startzoom=\"100\" data-startfpzoom=\"100\" data-toolbar=\"top\" data-toolbar-fixed=\"off\">21-07-16-sentence<br\/><\/a><\/p>\n<p>[\/et_pb_text][\/et_pb_column][\/et_pb_row][\/et_pb_section]<\/p>\n","protected":false},"excerpt":{"rendered":"<p>El 21 de julio de 2016, la Secci\u00f3n Tercera de la Sala de lo Contencioso-Administrativo del Tribunal Superior de Justicia de Catalu\u00f1a (TSJC) resuelve el recurso de apelaci\u00f3n interpuesto por varios propietarios, agrupados en la asociaci\u00f3n SOS Planas, contra el Ayuntamiento de Pratdip y la ECU Les Planes del Rei. El Tribunal revoca en parte [&hellip;]<\/p>\n","protected":false},"author":1,"featured_media":0,"comment_status":"closed","ping_status":"closed","sticky":false,"template":"","format":"standard","meta":{"_et_pb_use_builder":"on","_et_pb_old_content":"","_et_gb_content_width":"","footnotes":""},"categories":[217],"tags":[],"class_list":["post-29004","post","type-post","status-publish","format-standard","hentry","category-documentos"],"yoast_head":"<!-- This site is optimized with the Yoast SEO plugin v27.5 - https:\/\/yoast.com\/product\/yoast-seo-wordpress\/ -->\n<title>21 de julio de 2016: Sentencia del TSJC (Sentencia n\u00b064) \u2013 Recurso de apelaci\u00f3n n\u00b0582\/2010 \u2013 Victoria de SOS Planas y disoluci\u00f3n de la ECU Les Planes del Rei - La Tribune de Planas<\/title>\n<meta name=\"description\" content=\"Sentencia del TSJC 21\/07\/2016: victoria de SOS Planas con la disoluci\u00f3n de la ECU Les Planes del Rei en Pratdip.\" \/>\n<meta name=\"robots\" content=\"index, follow, max-snippet:-1, max-image-preview:large, max-video-preview:-1\" \/>\n<link rel=\"canonical\" href=\"https:\/\/www.latribunedeplanas.com\/es\/21-de-julio-de-2016-sentencia-del-tsjc-sentencia-n64-recurso-de-apelacion-n582-2010-victoria-de-sos-planas-y-disolucion-de-la-ecu-les-planes-del-rei\/\" \/>\n<meta property=\"og:locale\" content=\"es_ES\" \/>\n<meta property=\"og:type\" content=\"article\" \/>\n<meta property=\"og:title\" content=\"21 de julio de 2016: Sentencia del TSJC (Sentencia n\u00b064) \u2013 Recurso de apelaci\u00f3n n\u00b0582\/2010 \u2013 Victoria de SOS Planas y disoluci\u00f3n de la ECU Les Planes del Rei - La Tribune de Planas\" \/>\n<meta property=\"og:description\" content=\"Sentencia del TSJC 21\/07\/2016: victoria de SOS Planas con la disoluci\u00f3n de la ECU Les Planes del Rei en Pratdip.\" \/>\n<meta property=\"og:url\" content=\"https:\/\/www.latribunedeplanas.com\/es\/21-de-julio-de-2016-sentencia-del-tsjc-sentencia-n64-recurso-de-apelacion-n582-2010-victoria-de-sos-planas-y-disolucion-de-la-ecu-les-planes-del-rei\/\" \/>\n<meta property=\"og:site_name\" content=\"La Tribune de Planas\" \/>\n<meta property=\"article:publisher\" content=\"https:\/\/www.facebook.com\/groups\/1220895301376005\/\" \/>\n<meta property=\"article:author\" content=\"https:\/\/www.facebook.com\/Creawebsite-113915200150984\" \/>\n<meta property=\"article:published_time\" content=\"2016-07-21T19:49:51+00:00\" \/>\n<meta property=\"article:modified_time\" content=\"2025-08-26T09:24:44+00:00\" \/>\n<meta name=\"author\" content=\"Jim\" \/>\n<meta name=\"twitter:card\" content=\"summary_large_image\" \/>\n<meta name=\"twitter:label1\" content=\"Escrito por\" \/>\n\t<meta name=\"twitter:data1\" content=\"Jim\" \/>\n\t<meta name=\"twitter:label2\" content=\"Tiempo de lectura\" \/>\n\t<meta name=\"twitter:data2\" content=\"2 minutos\" \/>\n<script type=\"application\/ld+json\" class=\"yoast-schema-graph\">{\"@context\":\"https:\\\/\\\/schema.org\",\"@graph\":[{\"@type\":\"Article\",\"@id\":\"https:\\\/\\\/www.latribunedeplanas.com\\\/es\\\/21-de-julio-de-2016-sentencia-del-tsjc-sentencia-n64-recurso-de-apelacion-n582-2010-victoria-de-sos-planas-y-disolucion-de-la-ecu-les-planes-del-rei\\\/#article\",\"isPartOf\":{\"@id\":\"https:\\\/\\\/www.latribunedeplanas.com\\\/es\\\/21-de-julio-de-2016-sentencia-del-tsjc-sentencia-n64-recurso-de-apelacion-n582-2010-victoria-de-sos-planas-y-disolucion-de-la-ecu-les-planes-del-rei\\\/\"},\"author\":{\"name\":\"Jim\",\"@id\":\"https:\\\/\\\/www.latribunedeplanas.com\\\/es\\\/#\\\/schema\\\/person\\\/590a87318688792f18d8e1c983528bc8\"},\"headline\":\"21 de julio de 2016: Sentencia del TSJC (Sentencia n\u00b064) \u2013 Recurso de apelaci\u00f3n n\u00b0582\\\/2010 \u2013 Victoria de SOS Planas y disoluci\u00f3n de la ECU Les Planes del Rei\",\"datePublished\":\"2016-07-21T19:49:51+00:00\",\"dateModified\":\"2025-08-26T09:24:44+00:00\",\"mainEntityOfPage\":{\"@id\":\"https:\\\/\\\/www.latribunedeplanas.com\\\/es\\\/21-de-julio-de-2016-sentencia-del-tsjc-sentencia-n64-recurso-de-apelacion-n582-2010-victoria-de-sos-planas-y-disolucion-de-la-ecu-les-planes-del-rei\\\/\"},\"wordCount\":581,\"publisher\":{\"@id\":\"https:\\\/\\\/www.latribunedeplanas.com\\\/es\\\/#organization\"},\"articleSection\":[\"Documentos\"],\"inLanguage\":\"es\"},{\"@type\":\"WebPage\",\"@id\":\"https:\\\/\\\/www.latribunedeplanas.com\\\/es\\\/21-de-julio-de-2016-sentencia-del-tsjc-sentencia-n64-recurso-de-apelacion-n582-2010-victoria-de-sos-planas-y-disolucion-de-la-ecu-les-planes-del-rei\\\/\",\"url\":\"https:\\\/\\\/www.latribunedeplanas.com\\\/es\\\/21-de-julio-de-2016-sentencia-del-tsjc-sentencia-n64-recurso-de-apelacion-n582-2010-victoria-de-sos-planas-y-disolucion-de-la-ecu-les-planes-del-rei\\\/\",\"name\":\"21 de julio de 2016: Sentencia del TSJC (Sentencia n\u00b064) \u2013 Recurso de apelaci\u00f3n n\u00b0582\\\/2010 \u2013 Victoria de SOS Planas y disoluci\u00f3n de la ECU Les Planes del Rei - La Tribune de Planas\",\"isPartOf\":{\"@id\":\"https:\\\/\\\/www.latribunedeplanas.com\\\/es\\\/#website\"},\"datePublished\":\"2016-07-21T19:49:51+00:00\",\"dateModified\":\"2025-08-26T09:24:44+00:00\",\"description\":\"Sentencia del TSJC 21\\\/07\\\/2016: victoria de SOS Planas con la disoluci\u00f3n de la ECU Les Planes del Rei en Pratdip.\",\"breadcrumb\":{\"@id\":\"https:\\\/\\\/www.latribunedeplanas.com\\\/es\\\/21-de-julio-de-2016-sentencia-del-tsjc-sentencia-n64-recurso-de-apelacion-n582-2010-victoria-de-sos-planas-y-disolucion-de-la-ecu-les-planes-del-rei\\\/#breadcrumb\"},\"inLanguage\":\"es\",\"potentialAction\":[{\"@type\":\"ReadAction\",\"target\":[\"https:\\\/\\\/www.latribunedeplanas.com\\\/es\\\/21-de-julio-de-2016-sentencia-del-tsjc-sentencia-n64-recurso-de-apelacion-n582-2010-victoria-de-sos-planas-y-disolucion-de-la-ecu-les-planes-del-rei\\\/\"]}]},{\"@type\":\"BreadcrumbList\",\"@id\":\"https:\\\/\\\/www.latribunedeplanas.com\\\/es\\\/21-de-julio-de-2016-sentencia-del-tsjc-sentencia-n64-recurso-de-apelacion-n582-2010-victoria-de-sos-planas-y-disolucion-de-la-ecu-les-planes-del-rei\\\/#breadcrumb\",\"itemListElement\":[{\"@type\":\"ListItem\",\"position\":1,\"name\":\"Accueil\",\"item\":\"https:\\\/\\\/www.latribunedeplanas.com\\\/es\\\/\"},{\"@type\":\"ListItem\",\"position\":2,\"name\":\"21 de julio de 2016: Sentencia del TSJC (Sentencia n\u00b064) \u2013 Recurso de apelaci\u00f3n n\u00b0582\\\/2010 \u2013 Victoria de SOS Planas y disoluci\u00f3n de la ECU Les Planes del Rei\"}]},{\"@type\":\"WebSite\",\"@id\":\"https:\\\/\\\/www.latribunedeplanas.com\\\/es\\\/#website\",\"url\":\"https:\\\/\\\/www.latribunedeplanas.com\\\/es\\\/\",\"name\":\"La Tribune de Planas\",\"description\":\"Les Planes del Rei - Urbanizaci\u00f3n del municipio de Pratdip\",\"publisher\":{\"@id\":\"https:\\\/\\\/www.latribunedeplanas.com\\\/es\\\/#organization\"},\"potentialAction\":[{\"@type\":\"SearchAction\",\"target\":{\"@type\":\"EntryPoint\",\"urlTemplate\":\"https:\\\/\\\/www.latribunedeplanas.com\\\/es\\\/?s={search_term_string}\"},\"query-input\":{\"@type\":\"PropertyValueSpecification\",\"valueRequired\":true,\"valueName\":\"search_term_string\"}}],\"inLanguage\":\"es\"},{\"@type\":\"Organization\",\"@id\":\"https:\\\/\\\/www.latribunedeplanas.com\\\/es\\\/#organization\",\"name\":\"Vecinos de Planes del Rei (SOSPlanes)\",\"url\":\"https:\\\/\\\/www.latribunedeplanas.com\\\/es\\\/\",\"logo\":{\"@type\":\"ImageObject\",\"inLanguage\":\"es\",\"@id\":\"https:\\\/\\\/www.latribunedeplanas.com\\\/es\\\/#\\\/schema\\\/logo\\\/image\\\/\",\"url\":\"https:\\\/\\\/www.latribunedeplanas.com\\\/wp-content\\\/uploads\\\/2021\\\/11\\\/logo-sos-planas-0.png\",\"contentUrl\":\"https:\\\/\\\/www.latribunedeplanas.com\\\/wp-content\\\/uploads\\\/2021\\\/11\\\/logo-sos-planas-0.png\",\"width\":600,\"height\":400,\"caption\":\"Vecinos de Planes del Rei (SOSPlanes)\"},\"image\":{\"@id\":\"https:\\\/\\\/www.latribunedeplanas.com\\\/es\\\/#\\\/schema\\\/logo\\\/image\\\/\"},\"sameAs\":[\"https:\\\/\\\/www.facebook.com\\\/groups\\\/1220895301376005\\\/\",\"https:\\\/\\\/www.instagram.com\\\/lasplanasdelrey\\\/\"]},{\"@type\":\"Person\",\"@id\":\"https:\\\/\\\/www.latribunedeplanas.com\\\/es\\\/#\\\/schema\\\/person\\\/590a87318688792f18d8e1c983528bc8\",\"name\":\"Jim\",\"image\":{\"@type\":\"ImageObject\",\"inLanguage\":\"es\",\"@id\":\"https:\\\/\\\/secure.gravatar.com\\\/avatar\\\/5a89228fd282eb9ee33a60b4ff06f9c31751866f1fb91ca56263af0968354113?s=96&d=mm&r=g\",\"url\":\"https:\\\/\\\/secure.gravatar.com\\\/avatar\\\/5a89228fd282eb9ee33a60b4ff06f9c31751866f1fb91ca56263af0968354113?s=96&d=mm&r=g\",\"contentUrl\":\"https:\\\/\\\/secure.gravatar.com\\\/avatar\\\/5a89228fd282eb9ee33a60b4ff06f9c31751866f1fb91ca56263af0968354113?s=96&d=mm&r=g\",\"caption\":\"Jim\"},\"sameAs\":[\"https:\\\/\\\/www.creawebsite.be\\\/\",\"https:\\\/\\\/www.facebook.com\\\/Creawebsite-113915200150984\",\"https:\\\/\\\/www.instagram.com\\\/creawebsite.be\\\/\",\"https:\\\/\\\/www.linkedin.com\\\/in\\\/jean-marc-delchef\\\/\"]}]}<\/script>\n<!-- \/ Yoast SEO plugin. -->","yoast_head_json":{"title":"21 de julio de 2016: Sentencia del TSJC (Sentencia n\u00b064) \u2013 Recurso de apelaci\u00f3n n\u00b0582\/2010 \u2013 Victoria de SOS Planas y disoluci\u00f3n de la ECU Les Planes del Rei - La Tribune de Planas","description":"Sentencia del TSJC 21\/07\/2016: victoria de SOS Planas con la disoluci\u00f3n de la ECU Les Planes del Rei en Pratdip.","robots":{"index":"index","follow":"follow","max-snippet":"max-snippet:-1","max-image-preview":"max-image-preview:large","max-video-preview":"max-video-preview:-1"},"canonical":"https:\/\/www.latribunedeplanas.com\/es\/21-de-julio-de-2016-sentencia-del-tsjc-sentencia-n64-recurso-de-apelacion-n582-2010-victoria-de-sos-planas-y-disolucion-de-la-ecu-les-planes-del-rei\/","og_locale":"es_ES","og_type":"article","og_title":"21 de julio de 2016: Sentencia del TSJC (Sentencia n\u00b064) \u2013 Recurso de apelaci\u00f3n n\u00b0582\/2010 \u2013 Victoria de SOS Planas y disoluci\u00f3n de la ECU Les Planes del Rei - La Tribune de Planas","og_description":"Sentencia del TSJC 21\/07\/2016: victoria de SOS Planas con la disoluci\u00f3n de la ECU Les Planes del Rei en Pratdip.","og_url":"https:\/\/www.latribunedeplanas.com\/es\/21-de-julio-de-2016-sentencia-del-tsjc-sentencia-n64-recurso-de-apelacion-n582-2010-victoria-de-sos-planas-y-disolucion-de-la-ecu-les-planes-del-rei\/","og_site_name":"La Tribune de Planas","article_publisher":"https:\/\/www.facebook.com\/groups\/1220895301376005\/","article_author":"https:\/\/www.facebook.com\/Creawebsite-113915200150984","article_published_time":"2016-07-21T19:49:51+00:00","article_modified_time":"2025-08-26T09:24:44+00:00","author":"Jim","twitter_card":"summary_large_image","twitter_misc":{"Escrito por":"Jim","Tiempo de lectura":"2 minutos"},"schema":{"@context":"https:\/\/schema.org","@graph":[{"@type":"Article","@id":"https:\/\/www.latribunedeplanas.com\/es\/21-de-julio-de-2016-sentencia-del-tsjc-sentencia-n64-recurso-de-apelacion-n582-2010-victoria-de-sos-planas-y-disolucion-de-la-ecu-les-planes-del-rei\/#article","isPartOf":{"@id":"https:\/\/www.latribunedeplanas.com\/es\/21-de-julio-de-2016-sentencia-del-tsjc-sentencia-n64-recurso-de-apelacion-n582-2010-victoria-de-sos-planas-y-disolucion-de-la-ecu-les-planes-del-rei\/"},"author":{"name":"Jim","@id":"https:\/\/www.latribunedeplanas.com\/es\/#\/schema\/person\/590a87318688792f18d8e1c983528bc8"},"headline":"21 de julio de 2016: Sentencia del TSJC (Sentencia n\u00b064) \u2013 Recurso de apelaci\u00f3n n\u00b0582\/2010 \u2013 Victoria de SOS Planas y disoluci\u00f3n de la ECU Les Planes del Rei","datePublished":"2016-07-21T19:49:51+00:00","dateModified":"2025-08-26T09:24:44+00:00","mainEntityOfPage":{"@id":"https:\/\/www.latribunedeplanas.com\/es\/21-de-julio-de-2016-sentencia-del-tsjc-sentencia-n64-recurso-de-apelacion-n582-2010-victoria-de-sos-planas-y-disolucion-de-la-ecu-les-planes-del-rei\/"},"wordCount":581,"publisher":{"@id":"https:\/\/www.latribunedeplanas.com\/es\/#organization"},"articleSection":["Documentos"],"inLanguage":"es"},{"@type":"WebPage","@id":"https:\/\/www.latribunedeplanas.com\/es\/21-de-julio-de-2016-sentencia-del-tsjc-sentencia-n64-recurso-de-apelacion-n582-2010-victoria-de-sos-planas-y-disolucion-de-la-ecu-les-planes-del-rei\/","url":"https:\/\/www.latribunedeplanas.com\/es\/21-de-julio-de-2016-sentencia-del-tsjc-sentencia-n64-recurso-de-apelacion-n582-2010-victoria-de-sos-planas-y-disolucion-de-la-ecu-les-planes-del-rei\/","name":"21 de julio de 2016: Sentencia del TSJC (Sentencia n\u00b064) \u2013 Recurso de apelaci\u00f3n n\u00b0582\/2010 \u2013 Victoria de SOS Planas y disoluci\u00f3n de la ECU Les Planes del Rei - La Tribune de Planas","isPartOf":{"@id":"https:\/\/www.latribunedeplanas.com\/es\/#website"},"datePublished":"2016-07-21T19:49:51+00:00","dateModified":"2025-08-26T09:24:44+00:00","description":"Sentencia del TSJC 21\/07\/2016: victoria de SOS Planas con la disoluci\u00f3n de la ECU Les Planes del Rei en Pratdip.","breadcrumb":{"@id":"https:\/\/www.latribunedeplanas.com\/es\/21-de-julio-de-2016-sentencia-del-tsjc-sentencia-n64-recurso-de-apelacion-n582-2010-victoria-de-sos-planas-y-disolucion-de-la-ecu-les-planes-del-rei\/#breadcrumb"},"inLanguage":"es","potentialAction":[{"@type":"ReadAction","target":["https:\/\/www.latribunedeplanas.com\/es\/21-de-julio-de-2016-sentencia-del-tsjc-sentencia-n64-recurso-de-apelacion-n582-2010-victoria-de-sos-planas-y-disolucion-de-la-ecu-les-planes-del-rei\/"]}]},{"@type":"BreadcrumbList","@id":"https:\/\/www.latribunedeplanas.com\/es\/21-de-julio-de-2016-sentencia-del-tsjc-sentencia-n64-recurso-de-apelacion-n582-2010-victoria-de-sos-planas-y-disolucion-de-la-ecu-les-planes-del-rei\/#breadcrumb","itemListElement":[{"@type":"ListItem","position":1,"name":"Accueil","item":"https:\/\/www.latribunedeplanas.com\/es\/"},{"@type":"ListItem","position":2,"name":"21 de julio de 2016: Sentencia del TSJC (Sentencia n\u00b064) \u2013 Recurso de apelaci\u00f3n n\u00b0582\/2010 \u2013 Victoria de SOS Planas y disoluci\u00f3n de la ECU Les Planes del Rei"}]},{"@type":"WebSite","@id":"https:\/\/www.latribunedeplanas.com\/es\/#website","url":"https:\/\/www.latribunedeplanas.com\/es\/","name":"La Tribune de Planas","description":"Les Planes del Rei - Urbanizaci\u00f3n del municipio de Pratdip","publisher":{"@id":"https:\/\/www.latribunedeplanas.com\/es\/#organization"},"potentialAction":[{"@type":"SearchAction","target":{"@type":"EntryPoint","urlTemplate":"https:\/\/www.latribunedeplanas.com\/es\/?s={search_term_string}"},"query-input":{"@type":"PropertyValueSpecification","valueRequired":true,"valueName":"search_term_string"}}],"inLanguage":"es"},{"@type":"Organization","@id":"https:\/\/www.latribunedeplanas.com\/es\/#organization","name":"Vecinos de Planes del Rei (SOSPlanes)","url":"https:\/\/www.latribunedeplanas.com\/es\/","logo":{"@type":"ImageObject","inLanguage":"es","@id":"https:\/\/www.latribunedeplanas.com\/es\/#\/schema\/logo\/image\/","url":"https:\/\/www.latribunedeplanas.com\/wp-content\/uploads\/2021\/11\/logo-sos-planas-0.png","contentUrl":"https:\/\/www.latribunedeplanas.com\/wp-content\/uploads\/2021\/11\/logo-sos-planas-0.png","width":600,"height":400,"caption":"Vecinos de Planes del Rei (SOSPlanes)"},"image":{"@id":"https:\/\/www.latribunedeplanas.com\/es\/#\/schema\/logo\/image\/"},"sameAs":["https:\/\/www.facebook.com\/groups\/1220895301376005\/","https:\/\/www.instagram.com\/lasplanasdelrey\/"]},{"@type":"Person","@id":"https:\/\/www.latribunedeplanas.com\/es\/#\/schema\/person\/590a87318688792f18d8e1c983528bc8","name":"Jim","image":{"@type":"ImageObject","inLanguage":"es","@id":"https:\/\/secure.gravatar.com\/avatar\/5a89228fd282eb9ee33a60b4ff06f9c31751866f1fb91ca56263af0968354113?s=96&d=mm&r=g","url":"https:\/\/secure.gravatar.com\/avatar\/5a89228fd282eb9ee33a60b4ff06f9c31751866f1fb91ca56263af0968354113?s=96&d=mm&r=g","contentUrl":"https:\/\/secure.gravatar.com\/avatar\/5a89228fd282eb9ee33a60b4ff06f9c31751866f1fb91ca56263af0968354113?s=96&d=mm&r=g","caption":"Jim"},"sameAs":["https:\/\/www.creawebsite.be\/","https:\/\/www.facebook.com\/Creawebsite-113915200150984","https:\/\/www.instagram.com\/creawebsite.be\/","https:\/\/www.linkedin.com\/in\/jean-marc-delchef\/"]}]}},"_links":{"self":[{"href":"https:\/\/www.latribunedeplanas.com\/es\/wp-json\/wp\/v2\/posts\/29004","targetHints":{"allow":["GET"]}}],"collection":[{"href":"https:\/\/www.latribunedeplanas.com\/es\/wp-json\/wp\/v2\/posts"}],"about":[{"href":"https:\/\/www.latribunedeplanas.com\/es\/wp-json\/wp\/v2\/types\/post"}],"author":[{"embeddable":true,"href":"https:\/\/www.latribunedeplanas.com\/es\/wp-json\/wp\/v2\/users\/1"}],"replies":[{"embeddable":true,"href":"https:\/\/www.latribunedeplanas.com\/es\/wp-json\/wp\/v2\/comments?post=29004"}],"version-history":[{"count":6,"href":"https:\/\/www.latribunedeplanas.com\/es\/wp-json\/wp\/v2\/posts\/29004\/revisions"}],"predecessor-version":[{"id":29127,"href":"https:\/\/www.latribunedeplanas.com\/es\/wp-json\/wp\/v2\/posts\/29004\/revisions\/29127"}],"wp:attachment":[{"href":"https:\/\/www.latribunedeplanas.com\/es\/wp-json\/wp\/v2\/media?parent=29004"}],"wp:term":[{"taxonomy":"category","embeddable":true,"href":"https:\/\/www.latribunedeplanas.com\/es\/wp-json\/wp\/v2\/categories?post=29004"},{"taxonomy":"post_tag","embeddable":true,"href":"https:\/\/www.latribunedeplanas.com\/es\/wp-json\/wp\/v2\/tags?post=29004"}],"curies":[{"name":"wp","href":"https:\/\/api.w.org\/{rel}","templated":true}]}}