{"id":28973,"date":"2013-06-28T20:57:26","date_gmt":"2013-06-28T18:57:26","guid":{"rendered":"https:\/\/www.latribunedeplanas.com\/28-juin-2013-diligencia-de-ordenacion-appel-n582-2010-transmis-au-tsjc\/"},"modified":"2025-08-26T11:24:31","modified_gmt":"2025-08-26T09:24:31","slug":"28-de-junio-de-2013-diligencia-de-ordenacion-recurso-n582-2010-remitido-al-tsjc","status":"publish","type":"post","link":"https:\/\/www.latribunedeplanas.com\/es\/28-de-junio-de-2013-diligencia-de-ordenacion-recurso-n582-2010-remitido-al-tsjc\/","title":{"rendered":"28 de junio de 2013: Diligencia de ordenaci\u00f3n &#8211; Recurso n\u00b0582\/2010 remitido al TSJC"},"content":{"rendered":"<p>[et_pb_section fb_built=\u00bb1&#8243; admin_label=\u00bbSection-Article\u00bb module_class=\u00bbsection-article\u00bb _builder_version=\u00bb4.18.0&#8243; custom_margin=\u00bb0px|0px|0px|0px\u00bb custom_padding=\u00bb0px|0px|0px|0px\u00bb global_colors_info=\u00bb{}\u00bb][et_pb_row use_custom_gutter=\u00bbon\u00bb gutter_width=\u00bb1&#8243; custom_padding_last_edited=\u00bbon|phone\u00bb admin_label=\u00bbLigne-Article\u00bb module_class=\u00bbligne-article et_pb_row_fullwidth\u00bb _builder_version=\u00bb4.27.4&#8243; width=\u00bb100%\u00bb width_tablet=\u00bb100%\u00bb width_phone=\u00bb\u00bb width_last_edited=\u00bbon|desktop\u00bb max_width=\u00bb100%\u00bb max_width_tablet=\u00bb100%\u00bb max_width_phone=\u00bb\u00bb max_width_last_edited=\u00bbon|desktop\u00bb custom_margin=\u00bb0px||0px\u00bb custom_padding=\u00bb20px||0px||false|false\u00bb custom_padding_tablet=\u00bb20px||0px||false|false\u00bb custom_padding_phone=\u00bb15px||||false|false\u00bb make_fullwidth=\u00bbon\u00bb global_colors_info=\u00bb{}\u00bb][et_pb_column type=\u00bb4_4&#8243; _builder_version=\u00bb4.16&#8243; custom_padding=\u00bb|||\u00bb global_colors_info=\u00bb{}\u00bb custom_padding__hover=\u00bb|||\u00bb][et_pb_text admin_label=\u00bbTexte-28 de junio de 2013 : Diligencia de ordenaci\u00f3n &#8211; Recurso n\u00b0582\/2010 remitido al TSJC\u00bb module_class=\u00bbtxt-article\u00bb _builder_version=\u00bb4.27.4&#8243; text_font=\u00bb|300|||||||\u00bb header_font=\u00bb||||||||\u00bb header_2_line_height=\u00bb1.2em\u00bb header_3_font=\u00bb||||||||\u00bb header_3_line_height=\u00bb1.3em\u00bb header_4_text_align=\u00bbcenter\u00bb custom_padding=\u00bb||||false|false\u00bb hover_enabled=\u00bb0&#8243; text_line_height_tablet=\u00bb\u00bb text_line_height_phone=\u00bb1.3em\u00bb text_line_height_last_edited=\u00bbon|desktop\u00bb header_2_font_size_tablet=\u00bb\u00bb header_2_font_size_phone=\u00bb\u00bb header_2_font_size_last_edited=\u00bbon|phone\u00bb header_3_font_size_tablet=\u00bb\u00bb header_3_font_size_phone=\u00bb23px\u00bb header_3_font_size_last_edited=\u00bbon|desktop\u00bb global_colors_info=\u00bb{}\u00bb sticky_enabled=\u00bb0&#8243;]<\/p>\n<p>El <span class=\"accentue\">28\/06\/2013<\/span>, la <span class=\"accentue\">Secretaria Judicial M\u00aa Pilar Pera Bajo<\/span> (Juzgado Contencioso-Administrativo n\u00b01 de Tarragona) constata la presentaci\u00f3n, en tiempo y forma, de los escritos de <span class=\"accentue\">oposici\u00f3n<\/span> del <span class=\"accentue\">Ayuntamiento de Pratdip<\/span> y de la <span class=\"accentue\">ECU Les Planes del Rei<\/span> al <span class=\"accentue\">recurso de apelaci\u00f3n<\/span> interpuesto por los propietarios (SOS Planas) contra la <span class=\"accentue\">sentencia de 26\/03\/2013 (n\u00b0130\/2013)<\/span>. Los <span class=\"accentue\">autos y el expediente administrativo<\/span> son <span class=\"accentue\">remitidos<\/span> a la <span class=\"accentue\">Sala de lo Contencioso-Administrativo del TSJC<\/span> y el recurso es <span class=\"accentue\">admitido en \u201cambos efectos\u201d<\/span> (efecto suspensivo y devolutivo), con <span class=\"accentue\">emplazamiento<\/span> de las partes para comparecer en un plazo de <span class=\"accentue\">30 d\u00edas<\/span>.<\/p>\n<hr style=\"margin-bottom: 30px;\" \/>\n<h2>1) Partes y procedimiento<\/h2>\n<ul>\n<li><span class=\"accentue\">Tribunal<\/span> : Juzgado Contencioso-Administrativo n\u00b01 de Tarragona.<\/li>\n<li><span class=\"accentue\">Procedimiento<\/span> : Recurso ordinario <span class=\"accentue\">n\u00b0582\/2010<\/span> (Tomo III).<\/li>\n<li><span class=\"accentue\">Parte actora (demandantes)<\/span> : Juan Oliver Saladrigas, Gerardus Jansen y otros propietarios, representados por <span class=\"accentue\">Me Jordi Barqu\u00edn de Cozar Roura<\/span>.<\/li>\n<li><span class=\"accentue\">Partes demandadas<\/span> : <span class=\"accentue\">ECU Les Planes del Rei<\/span> y <span class=\"accentue\">Ayuntamiento de Pratdip<\/span>, representados por <span class=\"accentue\">Sara Garc\u00eda Aguilera<\/span>, <span class=\"accentue\">Anna Paix\u00e0 Matas<\/span> y <span class=\"accentue\">Antonio El\u00edas Arcal\u00eds<\/span>.<\/li>\n<li><span class=\"accentue\">Secretar\u00eda<\/span> : Secretar\u00eda Judicial <span class=\"accentue\">D\u00aa M\u00aa Pilar Pera Bajo<\/span>.<\/li>\n<\/ul>\n<h2>2) Decisi\u00f3n procesal del 28\/06\/2013<\/h2>\n<ul>\n<li>Se tienen en cuenta los escritos de <span class=\"accentue\">oposici\u00f3n<\/span> del Ayuntamiento y de la ECU al recurso de apelaci\u00f3n.<\/li>\n<li><span class=\"accentue\">Remisi\u00f3n<\/span> de los <em>autos<\/em> y del <em>expediente administrativo<\/em> al <span class=\"accentue\">TSJC<\/span> para la <span class=\"accentue\">sustanciaci\u00f3n<\/span> del recurso.<\/li>\n<li><span class=\"accentue\">Admisi\u00f3n<\/span> del recurso <span class=\"accentue\">en ambos efectos<\/span> (efecto suspensivo + devolutivo).<\/li>\n<li><span class=\"accentue\">Emplazamiento<\/span> : plazo de <span class=\"accentue\">30 d\u00edas<\/span> para que las partes comparezcan y ejerzan sus derechos ante el TSJC.<\/li>\n<\/ul>\n<h2>3) Puntos clave<\/h2>\n<ol>\n<li>La sentencia de <span class=\"accentue\">26\/03\/2013 (n\u00b0130\/2013)<\/span> que rechazaba la disoluci\u00f3n de la ECU es <span class=\"accentue\">impugnada<\/span> por los propietarios.<\/li>\n<li>El <span class=\"accentue\">Ayuntamiento<\/span> y la <span class=\"accentue\">ECU<\/span> se <span class=\"accentue\">oponen<\/span> por escrito y defienden la sentencia inicial.<\/li>\n<li>El asunto es elevado ante la <span class=\"accentue\">jurisdicci\u00f3n de apelaci\u00f3n<\/span> (TSJC) que resolver\u00e1 en el fondo.<\/li>\n<li>El <span class=\"accentue\">efecto suspensivo<\/span> impide que la resoluci\u00f3n recurrida produzca efectos definitivos hasta la sentencia del TSJC.<\/li>\n<\/ol>\n<h2>4) Alcance pr\u00e1ctico para los propietarios<\/h2>\n<ul>\n<li>Al <span class=\"accentue\">28\/06\/2013<\/span>, el procedimiento est\u00e1 <span class=\"accentue\">todav\u00eda en curso<\/span> : la cuesti\u00f3n de la <span class=\"accentue\">disoluci\u00f3n de la ECU<\/span> sigue jur\u00eddicamente abierta.<\/li>\n<li>Los propietarios deben <span class=\"accentue\">comparecer<\/span> en el plazo y preparar sus <span class=\"accentue\">escritos de apelaci\u00f3n<\/span> ante el <span class=\"accentue\">TSJC<\/span>.<\/li>\n<\/ul>\n<hr style=\"margin-bottom: 30px;\" \/>\n<h3>Referencia del documento<\/h3>\n<p><span class=\"accentue\">C\u00e9dula de notificaci\u00f3n \u2013 Emplazamiento<\/span>, Juzgado Contencioso-Administrativo n\u00b01 de Tarragona, <span class=\"accentue\">28\/06\/2013<\/span>, Recurso ordinario n\u00b0 <span class=\"accentue\">582\/2010<\/span> (Tomo III) \u2013 remisi\u00f3n al <span class=\"accentue\">TSJC<\/span>.<\/p>\n<hr style=\"margin-bottom: 30px;\" \/>\n<h3 class=\"underline\">Documento<\/h3>\n<p style=\"padding-top: 30px;\"><a href=\"https:\/\/www.latribunedeplanas.com\/wp-content\/uploads\/2025\/08\/2013-06-28-appel-582-2010-sosplanas-tarragona.pdf\" class=\"pdfemb-viewer\" style=\"\" data-width=\"max\" data-height=\"max\" data-mobile-width=\"0\"  data-scrollbar=\"none\" data-download=\"on\" data-tracking=\"on\" data-newwindow=\"on\" data-pagetextbox=\"off\" data-scrolltotop=\"off\" data-startzoom=\"100\" data-startfpzoom=\"100\" data-toolbar=\"top\" data-toolbar-fixed=\"off\">2013-06-28-appel-582-2010-sosplanas-tarragona<br\/><\/a><\/p>\n<p>[\/et_pb_text][\/et_pb_column][\/et_pb_row][\/et_pb_section]<\/p>\n","protected":false},"excerpt":{"rendered":"<p>El 28\/06\/2013, la Secretaria Judicial M\u00aa Pilar Pera Bajo (Juzgado Contencioso-Administrativo n\u00b01 de Tarragona) constata la presentaci\u00f3n, en tiempo y forma, de los escritos de oposici\u00f3n del Ayuntamiento de Pratdip y de la ECU Les Planes del Rei al recurso de apelaci\u00f3n interpuesto por los propietarios (SOS Planas) contra la sentencia de 26\/03\/2013 (n\u00b0130\/2013). Los [&hellip;]<\/p>\n","protected":false},"author":1,"featured_media":0,"comment_status":"closed","ping_status":"closed","sticky":false,"template":"","format":"standard","meta":{"_et_pb_use_builder":"on","_et_pb_old_content":"","_et_gb_content_width":"","footnotes":""},"categories":[217],"tags":[],"class_list":["post-28973","post","type-post","status-publish","format-standard","hentry","category-documentos"],"yoast_head":"<!-- This site is optimized with the Yoast SEO plugin v27.5 - https:\/\/yoast.com\/product\/yoast-seo-wordpress\/ -->\n<title>28 de junio de 2013: Diligencia de ordenaci\u00f3n - Recurso n\u00b0582\/2010 remitido al TSJC - La Tribune de Planas<\/title>\n<meta name=\"description\" content=\"28\/06\/2013: el JCA de Tarragona remite el recurso 582\/2010 al TSJC, lo admite en ambos efectos y emplaza a las partes en 30 d\u00edas.\" \/>\n<meta name=\"robots\" content=\"index, follow, max-snippet:-1, max-image-preview:large, max-video-preview:-1\" \/>\n<link rel=\"canonical\" href=\"https:\/\/www.latribunedeplanas.com\/es\/28-de-junio-de-2013-diligencia-de-ordenacion-recurso-n582-2010-remitido-al-tsjc\/\" \/>\n<meta property=\"og:locale\" content=\"es_ES\" \/>\n<meta property=\"og:type\" content=\"article\" \/>\n<meta property=\"og:title\" content=\"28 de junio de 2013: Diligencia de ordenaci\u00f3n - Recurso n\u00b0582\/2010 remitido al TSJC - La Tribune de Planas\" \/>\n<meta property=\"og:description\" content=\"28\/06\/2013: el JCA de Tarragona remite el recurso 582\/2010 al TSJC, lo admite en ambos efectos y emplaza a las partes en 30 d\u00edas.\" \/>\n<meta property=\"og:url\" content=\"https:\/\/www.latribunedeplanas.com\/es\/28-de-junio-de-2013-diligencia-de-ordenacion-recurso-n582-2010-remitido-al-tsjc\/\" \/>\n<meta property=\"og:site_name\" content=\"La Tribune de Planas\" \/>\n<meta property=\"article:publisher\" content=\"https:\/\/www.facebook.com\/groups\/1220895301376005\/\" \/>\n<meta property=\"article:author\" content=\"https:\/\/www.facebook.com\/Creawebsite-113915200150984\" \/>\n<meta property=\"article:published_time\" content=\"2013-06-28T18:57:26+00:00\" \/>\n<meta property=\"article:modified_time\" content=\"2025-08-26T09:24:31+00:00\" \/>\n<meta name=\"author\" content=\"Jim\" \/>\n<meta name=\"twitter:card\" content=\"summary_large_image\" \/>\n<meta name=\"twitter:label1\" content=\"Escrito por\" \/>\n\t<meta name=\"twitter:data1\" content=\"Jim\" \/>\n\t<meta name=\"twitter:label2\" content=\"Tiempo de lectura\" \/>\n\t<meta name=\"twitter:data2\" content=\"2 minutos\" \/>\n<script type=\"application\/ld+json\" class=\"yoast-schema-graph\">{\"@context\":\"https:\\\/\\\/schema.org\",\"@graph\":[{\"@type\":\"Article\",\"@id\":\"https:\\\/\\\/www.latribunedeplanas.com\\\/es\\\/28-de-junio-de-2013-diligencia-de-ordenacion-recurso-n582-2010-remitido-al-tsjc\\\/#article\",\"isPartOf\":{\"@id\":\"https:\\\/\\\/www.latribunedeplanas.com\\\/es\\\/28-de-junio-de-2013-diligencia-de-ordenacion-recurso-n582-2010-remitido-al-tsjc\\\/\"},\"author\":{\"name\":\"Jim\",\"@id\":\"https:\\\/\\\/www.latribunedeplanas.com\\\/es\\\/#\\\/schema\\\/person\\\/590a87318688792f18d8e1c983528bc8\"},\"headline\":\"28 de junio de 2013: Diligencia de ordenaci\u00f3n &#8211; Recurso n\u00b0582\\\/2010 remitido al TSJC\",\"datePublished\":\"2013-06-28T18:57:26+00:00\",\"dateModified\":\"2025-08-26T09:24:31+00:00\",\"mainEntityOfPage\":{\"@id\":\"https:\\\/\\\/www.latribunedeplanas.com\\\/es\\\/28-de-junio-de-2013-diligencia-de-ordenacion-recurso-n582-2010-remitido-al-tsjc\\\/\"},\"wordCount\":632,\"publisher\":{\"@id\":\"https:\\\/\\\/www.latribunedeplanas.com\\\/es\\\/#organization\"},\"articleSection\":[\"Documentos\"],\"inLanguage\":\"es\"},{\"@type\":\"WebPage\",\"@id\":\"https:\\\/\\\/www.latribunedeplanas.com\\\/es\\\/28-de-junio-de-2013-diligencia-de-ordenacion-recurso-n582-2010-remitido-al-tsjc\\\/\",\"url\":\"https:\\\/\\\/www.latribunedeplanas.com\\\/es\\\/28-de-junio-de-2013-diligencia-de-ordenacion-recurso-n582-2010-remitido-al-tsjc\\\/\",\"name\":\"28 de junio de 2013: Diligencia de ordenaci\u00f3n - Recurso n\u00b0582\\\/2010 remitido al TSJC - La Tribune de Planas\",\"isPartOf\":{\"@id\":\"https:\\\/\\\/www.latribunedeplanas.com\\\/es\\\/#website\"},\"datePublished\":\"2013-06-28T18:57:26+00:00\",\"dateModified\":\"2025-08-26T09:24:31+00:00\",\"description\":\"28\\\/06\\\/2013: el JCA de Tarragona remite el recurso 582\\\/2010 al TSJC, lo admite en ambos efectos y emplaza a las partes en 30 d\u00edas.\",\"breadcrumb\":{\"@id\":\"https:\\\/\\\/www.latribunedeplanas.com\\\/es\\\/28-de-junio-de-2013-diligencia-de-ordenacion-recurso-n582-2010-remitido-al-tsjc\\\/#breadcrumb\"},\"inLanguage\":\"es\",\"potentialAction\":[{\"@type\":\"ReadAction\",\"target\":[\"https:\\\/\\\/www.latribunedeplanas.com\\\/es\\\/28-de-junio-de-2013-diligencia-de-ordenacion-recurso-n582-2010-remitido-al-tsjc\\\/\"]}]},{\"@type\":\"BreadcrumbList\",\"@id\":\"https:\\\/\\\/www.latribunedeplanas.com\\\/es\\\/28-de-junio-de-2013-diligencia-de-ordenacion-recurso-n582-2010-remitido-al-tsjc\\\/#breadcrumb\",\"itemListElement\":[{\"@type\":\"ListItem\",\"position\":1,\"name\":\"Accueil\",\"item\":\"https:\\\/\\\/www.latribunedeplanas.com\\\/es\\\/\"},{\"@type\":\"ListItem\",\"position\":2,\"name\":\"28 de junio de 2013: Diligencia de ordenaci\u00f3n &#8211; Recurso n\u00b0582\\\/2010 remitido al TSJC\"}]},{\"@type\":\"WebSite\",\"@id\":\"https:\\\/\\\/www.latribunedeplanas.com\\\/es\\\/#website\",\"url\":\"https:\\\/\\\/www.latribunedeplanas.com\\\/es\\\/\",\"name\":\"La Tribune de Planas\",\"description\":\"Les Planes del Rei - Urbanizaci\u00f3n del municipio de Pratdip\",\"publisher\":{\"@id\":\"https:\\\/\\\/www.latribunedeplanas.com\\\/es\\\/#organization\"},\"potentialAction\":[{\"@type\":\"SearchAction\",\"target\":{\"@type\":\"EntryPoint\",\"urlTemplate\":\"https:\\\/\\\/www.latribunedeplanas.com\\\/es\\\/?s={search_term_string}\"},\"query-input\":{\"@type\":\"PropertyValueSpecification\",\"valueRequired\":true,\"valueName\":\"search_term_string\"}}],\"inLanguage\":\"es\"},{\"@type\":\"Organization\",\"@id\":\"https:\\\/\\\/www.latribunedeplanas.com\\\/es\\\/#organization\",\"name\":\"Vecinos de Planes del Rei (SOSPlanes)\",\"url\":\"https:\\\/\\\/www.latribunedeplanas.com\\\/es\\\/\",\"logo\":{\"@type\":\"ImageObject\",\"inLanguage\":\"es\",\"@id\":\"https:\\\/\\\/www.latribunedeplanas.com\\\/es\\\/#\\\/schema\\\/logo\\\/image\\\/\",\"url\":\"https:\\\/\\\/www.latribunedeplanas.com\\\/wp-content\\\/uploads\\\/2021\\\/11\\\/logo-sos-planas-0.png\",\"contentUrl\":\"https:\\\/\\\/www.latribunedeplanas.com\\\/wp-content\\\/uploads\\\/2021\\\/11\\\/logo-sos-planas-0.png\",\"width\":600,\"height\":400,\"caption\":\"Vecinos de Planes del Rei (SOSPlanes)\"},\"image\":{\"@id\":\"https:\\\/\\\/www.latribunedeplanas.com\\\/es\\\/#\\\/schema\\\/logo\\\/image\\\/\"},\"sameAs\":[\"https:\\\/\\\/www.facebook.com\\\/groups\\\/1220895301376005\\\/\",\"https:\\\/\\\/www.instagram.com\\\/lasplanasdelrey\\\/\"]},{\"@type\":\"Person\",\"@id\":\"https:\\\/\\\/www.latribunedeplanas.com\\\/es\\\/#\\\/schema\\\/person\\\/590a87318688792f18d8e1c983528bc8\",\"name\":\"Jim\",\"image\":{\"@type\":\"ImageObject\",\"inLanguage\":\"es\",\"@id\":\"https:\\\/\\\/secure.gravatar.com\\\/avatar\\\/5a89228fd282eb9ee33a60b4ff06f9c31751866f1fb91ca56263af0968354113?s=96&d=mm&r=g\",\"url\":\"https:\\\/\\\/secure.gravatar.com\\\/avatar\\\/5a89228fd282eb9ee33a60b4ff06f9c31751866f1fb91ca56263af0968354113?s=96&d=mm&r=g\",\"contentUrl\":\"https:\\\/\\\/secure.gravatar.com\\\/avatar\\\/5a89228fd282eb9ee33a60b4ff06f9c31751866f1fb91ca56263af0968354113?s=96&d=mm&r=g\",\"caption\":\"Jim\"},\"sameAs\":[\"https:\\\/\\\/www.creawebsite.be\\\/\",\"https:\\\/\\\/www.facebook.com\\\/Creawebsite-113915200150984\",\"https:\\\/\\\/www.instagram.com\\\/creawebsite.be\\\/\",\"https:\\\/\\\/www.linkedin.com\\\/in\\\/jean-marc-delchef\\\/\"]}]}<\/script>\n<!-- \/ Yoast SEO plugin. -->","yoast_head_json":{"title":"28 de junio de 2013: Diligencia de ordenaci\u00f3n - Recurso n\u00b0582\/2010 remitido al TSJC - La Tribune de Planas","description":"28\/06\/2013: el JCA de Tarragona remite el recurso 582\/2010 al TSJC, lo admite en ambos efectos y emplaza a las partes en 30 d\u00edas.","robots":{"index":"index","follow":"follow","max-snippet":"max-snippet:-1","max-image-preview":"max-image-preview:large","max-video-preview":"max-video-preview:-1"},"canonical":"https:\/\/www.latribunedeplanas.com\/es\/28-de-junio-de-2013-diligencia-de-ordenacion-recurso-n582-2010-remitido-al-tsjc\/","og_locale":"es_ES","og_type":"article","og_title":"28 de junio de 2013: Diligencia de ordenaci\u00f3n - Recurso n\u00b0582\/2010 remitido al TSJC - La Tribune de Planas","og_description":"28\/06\/2013: el JCA de Tarragona remite el recurso 582\/2010 al TSJC, lo admite en ambos efectos y emplaza a las partes en 30 d\u00edas.","og_url":"https:\/\/www.latribunedeplanas.com\/es\/28-de-junio-de-2013-diligencia-de-ordenacion-recurso-n582-2010-remitido-al-tsjc\/","og_site_name":"La Tribune de Planas","article_publisher":"https:\/\/www.facebook.com\/groups\/1220895301376005\/","article_author":"https:\/\/www.facebook.com\/Creawebsite-113915200150984","article_published_time":"2013-06-28T18:57:26+00:00","article_modified_time":"2025-08-26T09:24:31+00:00","author":"Jim","twitter_card":"summary_large_image","twitter_misc":{"Escrito por":"Jim","Tiempo de lectura":"2 minutos"},"schema":{"@context":"https:\/\/schema.org","@graph":[{"@type":"Article","@id":"https:\/\/www.latribunedeplanas.com\/es\/28-de-junio-de-2013-diligencia-de-ordenacion-recurso-n582-2010-remitido-al-tsjc\/#article","isPartOf":{"@id":"https:\/\/www.latribunedeplanas.com\/es\/28-de-junio-de-2013-diligencia-de-ordenacion-recurso-n582-2010-remitido-al-tsjc\/"},"author":{"name":"Jim","@id":"https:\/\/www.latribunedeplanas.com\/es\/#\/schema\/person\/590a87318688792f18d8e1c983528bc8"},"headline":"28 de junio de 2013: Diligencia de ordenaci\u00f3n &#8211; Recurso n\u00b0582\/2010 remitido al TSJC","datePublished":"2013-06-28T18:57:26+00:00","dateModified":"2025-08-26T09:24:31+00:00","mainEntityOfPage":{"@id":"https:\/\/www.latribunedeplanas.com\/es\/28-de-junio-de-2013-diligencia-de-ordenacion-recurso-n582-2010-remitido-al-tsjc\/"},"wordCount":632,"publisher":{"@id":"https:\/\/www.latribunedeplanas.com\/es\/#organization"},"articleSection":["Documentos"],"inLanguage":"es"},{"@type":"WebPage","@id":"https:\/\/www.latribunedeplanas.com\/es\/28-de-junio-de-2013-diligencia-de-ordenacion-recurso-n582-2010-remitido-al-tsjc\/","url":"https:\/\/www.latribunedeplanas.com\/es\/28-de-junio-de-2013-diligencia-de-ordenacion-recurso-n582-2010-remitido-al-tsjc\/","name":"28 de junio de 2013: Diligencia de ordenaci\u00f3n - Recurso n\u00b0582\/2010 remitido al TSJC - La Tribune de Planas","isPartOf":{"@id":"https:\/\/www.latribunedeplanas.com\/es\/#website"},"datePublished":"2013-06-28T18:57:26+00:00","dateModified":"2025-08-26T09:24:31+00:00","description":"28\/06\/2013: el JCA de Tarragona remite el recurso 582\/2010 al TSJC, lo admite en ambos efectos y emplaza a las partes en 30 d\u00edas.","breadcrumb":{"@id":"https:\/\/www.latribunedeplanas.com\/es\/28-de-junio-de-2013-diligencia-de-ordenacion-recurso-n582-2010-remitido-al-tsjc\/#breadcrumb"},"inLanguage":"es","potentialAction":[{"@type":"ReadAction","target":["https:\/\/www.latribunedeplanas.com\/es\/28-de-junio-de-2013-diligencia-de-ordenacion-recurso-n582-2010-remitido-al-tsjc\/"]}]},{"@type":"BreadcrumbList","@id":"https:\/\/www.latribunedeplanas.com\/es\/28-de-junio-de-2013-diligencia-de-ordenacion-recurso-n582-2010-remitido-al-tsjc\/#breadcrumb","itemListElement":[{"@type":"ListItem","position":1,"name":"Accueil","item":"https:\/\/www.latribunedeplanas.com\/es\/"},{"@type":"ListItem","position":2,"name":"28 de junio de 2013: Diligencia de ordenaci\u00f3n &#8211; Recurso n\u00b0582\/2010 remitido al TSJC"}]},{"@type":"WebSite","@id":"https:\/\/www.latribunedeplanas.com\/es\/#website","url":"https:\/\/www.latribunedeplanas.com\/es\/","name":"La Tribune de Planas","description":"Les Planes del Rei - Urbanizaci\u00f3n del municipio de Pratdip","publisher":{"@id":"https:\/\/www.latribunedeplanas.com\/es\/#organization"},"potentialAction":[{"@type":"SearchAction","target":{"@type":"EntryPoint","urlTemplate":"https:\/\/www.latribunedeplanas.com\/es\/?s={search_term_string}"},"query-input":{"@type":"PropertyValueSpecification","valueRequired":true,"valueName":"search_term_string"}}],"inLanguage":"es"},{"@type":"Organization","@id":"https:\/\/www.latribunedeplanas.com\/es\/#organization","name":"Vecinos de Planes del Rei (SOSPlanes)","url":"https:\/\/www.latribunedeplanas.com\/es\/","logo":{"@type":"ImageObject","inLanguage":"es","@id":"https:\/\/www.latribunedeplanas.com\/es\/#\/schema\/logo\/image\/","url":"https:\/\/www.latribunedeplanas.com\/wp-content\/uploads\/2021\/11\/logo-sos-planas-0.png","contentUrl":"https:\/\/www.latribunedeplanas.com\/wp-content\/uploads\/2021\/11\/logo-sos-planas-0.png","width":600,"height":400,"caption":"Vecinos de Planes del Rei (SOSPlanes)"},"image":{"@id":"https:\/\/www.latribunedeplanas.com\/es\/#\/schema\/logo\/image\/"},"sameAs":["https:\/\/www.facebook.com\/groups\/1220895301376005\/","https:\/\/www.instagram.com\/lasplanasdelrey\/"]},{"@type":"Person","@id":"https:\/\/www.latribunedeplanas.com\/es\/#\/schema\/person\/590a87318688792f18d8e1c983528bc8","name":"Jim","image":{"@type":"ImageObject","inLanguage":"es","@id":"https:\/\/secure.gravatar.com\/avatar\/5a89228fd282eb9ee33a60b4ff06f9c31751866f1fb91ca56263af0968354113?s=96&d=mm&r=g","url":"https:\/\/secure.gravatar.com\/avatar\/5a89228fd282eb9ee33a60b4ff06f9c31751866f1fb91ca56263af0968354113?s=96&d=mm&r=g","contentUrl":"https:\/\/secure.gravatar.com\/avatar\/5a89228fd282eb9ee33a60b4ff06f9c31751866f1fb91ca56263af0968354113?s=96&d=mm&r=g","caption":"Jim"},"sameAs":["https:\/\/www.creawebsite.be\/","https:\/\/www.facebook.com\/Creawebsite-113915200150984","https:\/\/www.instagram.com\/creawebsite.be\/","https:\/\/www.linkedin.com\/in\/jean-marc-delchef\/"]}]}},"_links":{"self":[{"href":"https:\/\/www.latribunedeplanas.com\/es\/wp-json\/wp\/v2\/posts\/28973","targetHints":{"allow":["GET"]}}],"collection":[{"href":"https:\/\/www.latribunedeplanas.com\/es\/wp-json\/wp\/v2\/posts"}],"about":[{"href":"https:\/\/www.latribunedeplanas.com\/es\/wp-json\/wp\/v2\/types\/post"}],"author":[{"embeddable":true,"href":"https:\/\/www.latribunedeplanas.com\/es\/wp-json\/wp\/v2\/users\/1"}],"replies":[{"embeddable":true,"href":"https:\/\/www.latribunedeplanas.com\/es\/wp-json\/wp\/v2\/comments?post=28973"}],"version-history":[{"count":5,"href":"https:\/\/www.latribunedeplanas.com\/es\/wp-json\/wp\/v2\/posts\/28973\/revisions"}],"predecessor-version":[{"id":29126,"href":"https:\/\/www.latribunedeplanas.com\/es\/wp-json\/wp\/v2\/posts\/28973\/revisions\/29126"}],"wp:attachment":[{"href":"https:\/\/www.latribunedeplanas.com\/es\/wp-json\/wp\/v2\/media?parent=28973"}],"wp:term":[{"taxonomy":"category","embeddable":true,"href":"https:\/\/www.latribunedeplanas.com\/es\/wp-json\/wp\/v2\/categories?post=28973"},{"taxonomy":"post_tag","embeddable":true,"href":"https:\/\/www.latribunedeplanas.com\/es\/wp-json\/wp\/v2\/tags?post=28973"}],"curies":[{"name":"wp","href":"https:\/\/api.w.org\/{rel}","templated":true}]}}