{"id":28957,"date":"2013-06-04T16:58:32","date_gmt":"2013-06-04T14:58:32","guid":{"rendered":"https:\/\/www.latribunedeplanas.com\/4-juin-2013-allegations-de-la-mairie-de-pratdip-opposition-a-lappel-n582-2010-de-sos-planas\/"},"modified":"2025-08-25T17:10:36","modified_gmt":"2025-08-25T15:10:36","slug":"4-de-junio-de-2013-alegaciones-del-ayuntamiento-de-pratdip-oposicion-al-recurso-n-o-582-2010-de-sos-planas","status":"publish","type":"post","link":"https:\/\/www.latribunedeplanas.com\/es\/4-de-junio-de-2013-alegaciones-del-ayuntamiento-de-pratdip-oposicion-al-recurso-n-o-582-2010-de-sos-planas\/","title":{"rendered":"4 de junio de 2013: Alegaciones del Ayuntamiento de Pratdip \u2013 Oposici\u00f3n al recurso n.\u00ba 582\/2010 de SOS Planas"},"content":{"rendered":"<p>[et_pb_section fb_built=\u00bb1&#8243; admin_label=\u00bbSection-Article\u00bb module_class=\u00bbsection-article\u00bb _builder_version=\u00bb4.18.0&#8243; custom_margin=\u00bb0px|0px|0px|0px\u00bb custom_padding=\u00bb0px|0px|0px|0px\u00bb global_colors_info=\u00bb{}\u00bb][et_pb_row use_custom_gutter=\u00bbon\u00bb gutter_width=\u00bb1&#8243; custom_padding_last_edited=\u00bbon|phone\u00bb admin_label=\u00bbLigne-Article\u00bb module_class=\u00bbligne-article et_pb_row_fullwidth\u00bb _builder_version=\u00bb4.27.4&#8243; width=\u00bb100%\u00bb width_tablet=\u00bb100%\u00bb width_phone=\u00bb\u00bb width_last_edited=\u00bbon|desktop\u00bb max_width=\u00bb100%\u00bb max_width_tablet=\u00bb100%\u00bb max_width_phone=\u00bb\u00bb max_width_last_edited=\u00bbon|desktop\u00bb custom_margin=\u00bb0px||0px\u00bb custom_padding=\u00bb20px||0px||false|false\u00bb custom_padding_tablet=\u00bb20px||0px||false|false\u00bb custom_padding_phone=\u00bb15px||||false|false\u00bb make_fullwidth=\u00bbon\u00bb global_colors_info=\u00bb{}\u00bb][et_pb_column type=\u00bb4_4&#8243; _builder_version=\u00bb4.16&#8243; custom_padding=\u00bb|||\u00bb global_colors_info=\u00bb{}\u00bb custom_padding__hover=\u00bb|||\u00bb][et_pb_text admin_label=\u00bbTexte-4 de junio de 2013 : Alegaciones del Ayuntamiento de Pratdip \u2013 Oposici\u00f3n al recurso n.\u00ba 582\/2010 de SOS Planas\u00bb module_class=\u00bbtxt-article\u00bb _builder_version=\u00bb4.27.4&#8243; text_font=\u00bb|300|||||||\u00bb header_font=\u00bb||||||||\u00bb header_2_line_height=\u00bb1.2em\u00bb header_3_font=\u00bb||||||||\u00bb header_3_line_height=\u00bb1.3em\u00bb header_4_text_align=\u00bbcenter\u00bb custom_padding=\u00bb||||false|false\u00bb hover_enabled=\u00bb0&#8243; text_line_height_tablet=\u00bb\u00bb text_line_height_phone=\u00bb1.3em\u00bb text_line_height_last_edited=\u00bbon|desktop\u00bb header_2_font_size_tablet=\u00bb\u00bb header_2_font_size_phone=\u00bb\u00bb header_2_font_size_last_edited=\u00bbon|phone\u00bb header_3_font_size_tablet=\u00bb\u00bb header_3_font_size_phone=\u00bb23px\u00bb header_3_font_size_last_edited=\u00bbon|desktop\u00bb global_colors_info=\u00bb{}\u00bb sticky_enabled=\u00bb0&#8243;]<\/p>\n<p>El <span class=\"accentue\">4 de junio de 2013<\/span>, el <span class=\"accentue\">Ajuntament de Pratdip<\/span> presenta un escrito de <span class=\"accentue\">oposici\u00f3n<\/span> ante el <span class=\"accentue\">Juzgado Contencioso-Administrativo n.\u00ba 1 de Tarragona<\/span>, en el marco del recurso <span class=\"accentue\">582\/2010<\/span> interpuesto por la <span class=\"accentue\">Asociaci\u00f3n de Vecinos SOS Planas<\/span>.<br \/>\nEl objetivo del ayuntamiento es doble: obtener la <span class=\"accentue\">inadmisi\u00f3n<\/span> del recurso o, en su defecto, la <span class=\"accentue\">confirmaci\u00f3n<\/span> de la sentencia impugnada.<\/p>\n<hr style=\"margin-bottom: 30px;\" \/>\n<h2>1) Contexto<\/h2>\n<ul>\n<li><span class=\"accentue\">Procedimiento<\/span> : SOS Planas solicitaba la <span class=\"accentue\">disoluci\u00f3n<\/span> de la <span class=\"accentue\">ECU Les Planes del Rei<\/span> y la <span class=\"accentue\">asunci\u00f3n de las obras<\/span> por parte del ayuntamiento.<\/li>\n<li><span class=\"accentue\">Posici\u00f3n del ayuntamiento<\/span> : la responsabilidad corresponde a los <span class=\"accentue\">propietarios<\/span>, dado que la urbanizaci\u00f3n est\u00e1 inacabada.<\/li>\n<\/ul>\n<hr style=\"margin-bottom: 30px;\" \/>\n<h2>2) Motivos invocados<\/h2>\n<h3>a) Inadmisi\u00f3n del recurso<\/h3>\n<p>El ayuntamiento sostiene que el recurso no aporta <span class=\"accentue\">ninguna cr\u00edtica jur\u00eddica motivada<\/span> de la sentencia y se limita a repetir los argumentos iniciales. Por ello solicita su <span class=\"accentue\">desestimaci\u00f3n<\/span>.<\/p>\n<h3>b) Antecedentes hist\u00f3ricos<\/h3>\n<p>El escrito repasa la cronolog\u00eda desde <span class=\"accentue\">1965<\/span> :<\/p>\n<ul>\n<li><span class=\"accentue\">1965<\/span> : aprobaci\u00f3n del plan parcial, con obligaci\u00f3n de los propietarios de asumir los servicios hasta la cesi\u00f3n.<\/li>\n<li><span class=\"accentue\">1968\u20131987<\/span> : m\u00faltiples intentos fallidos de cesi\u00f3n; desaparici\u00f3n del promotor Lebasque.<\/li>\n<li><span class=\"accentue\">1987<\/span> : creaci\u00f3n de la <span class=\"accentue\">ECU Les Planes del Rei<\/span>.<\/li>\n<li><span class=\"accentue\">1993<\/span> : sentencia que obliga a Lebasque a ceder determinados terrenos.<\/li>\n<li><span class=\"accentue\">2001<\/span> : ejecuci\u00f3n judicial, pero parcial (\u224815 % de las cesiones previstas).<\/li>\n<li><span class=\"accentue\">2005\u20132008<\/span> : asambleas de la ECU (con participaci\u00f3n de los actuales actores) que validan proyectos de urbanizaci\u00f3n y convenios con el ayuntamiento.<\/li>\n<li><span class=\"accentue\">2009\u20132010<\/span> : ratificaci\u00f3n de convenios; constataci\u00f3n de la necesidad de <span class=\"accentue\">reparcelaci\u00f3n<\/span>.<\/li>\n<li><span class=\"accentue\">2012<\/span> : aprobaci\u00f3n del proyecto de reparcelaci\u00f3n, con reparto equitativo de cargas y regularizaci\u00f3n de cesiones.<\/li>\n<\/ul>\n<h3>c) Imposibilidad de disolver la ECU<\/h3>\n<ul>\n<li>La <span class=\"accentue\">ECU<\/span> no ha finalizado las <span class=\"accentue\">obras comunes<\/span> previstas.<\/li>\n<li>Un informe t\u00e9cnico (arquitecto P\u00e9rez Pastor) confirma que las infraestructuras son <span class=\"accentue\">obsoletas<\/span> e incompletas.<\/li>\n<li>El <span class=\"accentue\">POUM<\/span> y la legislaci\u00f3n vigente imponen todav\u00eda la finalizaci\u00f3n de las obras por los <span class=\"accentue\">propietarios<\/span>.<\/li>\n<li>Las cesiones realizadas cubren solo un <span class=\"accentue\">15 %<\/span> de las obligaciones totales.<\/li>\n<\/ul>\n<hr style=\"margin-bottom: 30px;\" \/>\n<h2>3) Conclusi\u00f3n del escrito<\/h2>\n<ul>\n<li><span class=\"accentue\">Inadmisi\u00f3n<\/span> del recurso por falta de motivaci\u00f3n.<\/li>\n<li>En su defecto, <span class=\"accentue\">confirmaci\u00f3n<\/span> de la sentencia: mantenimiento de la ECU, obligaci\u00f3n de los propietarios de finalizar y financiar la urbanizaci\u00f3n.<\/li>\n<li>El ayuntamiento acusa a los recurrentes de <span class=\"accentue\">mala fe<\/span>, al haber participado en asambleas que validaban los proyectos y pretender ahora trasladar la carga financiera.<\/li>\n<\/ul>\n<hr style=\"margin-bottom: 30px;\" \/>\n<h3 class=\"underline\">Documento<\/h3>\n<p style=\"padding-top: 30px;\"><a href=\"https:\/\/www.latribunedeplanas.com\/wp-content\/uploads\/2017\/09\/04-07-2013-allegation.pdf\" class=\"pdfemb-viewer\" style=\"\" data-width=\"max\" data-height=\"max\" data-mobile-width=\"0\"  data-scrollbar=\"none\" data-download=\"on\" data-tracking=\"on\" data-newwindow=\"on\" data-pagetextbox=\"off\" data-scrolltotop=\"off\" data-startzoom=\"100\" data-startfpzoom=\"100\" data-toolbar=\"top\" data-toolbar-fixed=\"off\">04-07-2013-allegation<br\/><\/a><\/p>\n<p>[\/et_pb_text][\/et_pb_column][\/et_pb_row][\/et_pb_section]<\/p>\n","protected":false},"excerpt":{"rendered":"<p>El 4 de junio de 2013, el Ajuntament de Pratdip presenta un escrito de oposici\u00f3n ante el Juzgado Contencioso-Administrativo n.\u00ba 1 de Tarragona, en el marco del recurso 582\/2010 interpuesto por la Asociaci\u00f3n de Vecinos SOS Planas. El objetivo del ayuntamiento es doble: obtener la inadmisi\u00f3n del recurso o, en su defecto, la confirmaci\u00f3n de [&hellip;]<\/p>\n","protected":false},"author":1,"featured_media":0,"comment_status":"closed","ping_status":"closed","sticky":false,"template":"","format":"standard","meta":{"_et_pb_use_builder":"on","_et_pb_old_content":"","_et_gb_content_width":"","footnotes":""},"categories":[217],"tags":[],"class_list":["post-28957","post","type-post","status-publish","format-standard","hentry","category-documentos"],"yoast_head":"<!-- This site is optimized with the Yoast SEO plugin v27.5 - https:\/\/yoast.com\/product\/yoast-seo-wordpress\/ -->\n<title>4 de junio de 2013: Alegaciones del Ayuntamiento de Pratdip \u2013 Oposici\u00f3n al recurso n.\u00ba 582\/2010 de SOS Planas - La Tribune de Planas<\/title>\n<meta name=\"description\" content=\"Alegaciones del Ayuntamiento de Pratdip en 2013 contra el recurso de SOS Planas, rechazando la disoluci\u00f3n de la ECU Les Planes del Rei.\" \/>\n<meta name=\"robots\" content=\"index, follow, max-snippet:-1, max-image-preview:large, max-video-preview:-1\" \/>\n<link rel=\"canonical\" href=\"https:\/\/www.latribunedeplanas.com\/es\/4-de-junio-de-2013-alegaciones-del-ayuntamiento-de-pratdip-oposicion-al-recurso-n-o-582-2010-de-sos-planas\/\" \/>\n<meta property=\"og:locale\" content=\"es_ES\" \/>\n<meta property=\"og:type\" content=\"article\" \/>\n<meta property=\"og:title\" content=\"4 de junio de 2013: Alegaciones del Ayuntamiento de Pratdip \u2013 Oposici\u00f3n al recurso n.\u00ba 582\/2010 de SOS Planas - La Tribune de Planas\" \/>\n<meta property=\"og:description\" content=\"Alegaciones del Ayuntamiento de Pratdip en 2013 contra el recurso de SOS Planas, rechazando la disoluci\u00f3n de la ECU Les Planes del Rei.\" \/>\n<meta property=\"og:url\" content=\"https:\/\/www.latribunedeplanas.com\/es\/4-de-junio-de-2013-alegaciones-del-ayuntamiento-de-pratdip-oposicion-al-recurso-n-o-582-2010-de-sos-planas\/\" \/>\n<meta property=\"og:site_name\" content=\"La Tribune de Planas\" \/>\n<meta property=\"article:publisher\" content=\"https:\/\/www.facebook.com\/groups\/1220895301376005\/\" \/>\n<meta property=\"article:author\" content=\"https:\/\/www.facebook.com\/Creawebsite-113915200150984\" \/>\n<meta property=\"article:published_time\" content=\"2013-06-04T14:58:32+00:00\" \/>\n<meta property=\"article:modified_time\" content=\"2025-08-25T15:10:36+00:00\" \/>\n<meta name=\"author\" content=\"Jim\" \/>\n<meta name=\"twitter:card\" content=\"summary_large_image\" \/>\n<meta name=\"twitter:label1\" content=\"Escrito por\" \/>\n\t<meta name=\"twitter:data1\" content=\"Jim\" \/>\n\t<meta name=\"twitter:label2\" content=\"Tiempo de lectura\" \/>\n\t<meta name=\"twitter:data2\" content=\"2 minutos\" \/>\n<script type=\"application\/ld+json\" class=\"yoast-schema-graph\">{\"@context\":\"https:\\\/\\\/schema.org\",\"@graph\":[{\"@type\":\"Article\",\"@id\":\"https:\\\/\\\/www.latribunedeplanas.com\\\/es\\\/4-de-junio-de-2013-alegaciones-del-ayuntamiento-de-pratdip-oposicion-al-recurso-n-o-582-2010-de-sos-planas\\\/#article\",\"isPartOf\":{\"@id\":\"https:\\\/\\\/www.latribunedeplanas.com\\\/es\\\/4-de-junio-de-2013-alegaciones-del-ayuntamiento-de-pratdip-oposicion-al-recurso-n-o-582-2010-de-sos-planas\\\/\"},\"author\":{\"name\":\"Jim\",\"@id\":\"https:\\\/\\\/www.latribunedeplanas.com\\\/es\\\/#\\\/schema\\\/person\\\/590a87318688792f18d8e1c983528bc8\"},\"headline\":\"4 de junio de 2013: Alegaciones del Ayuntamiento de Pratdip \u2013 Oposici\u00f3n al recurso n.\u00ba 582\\\/2010 de SOS Planas\",\"datePublished\":\"2013-06-04T14:58:32+00:00\",\"dateModified\":\"2025-08-25T15:10:36+00:00\",\"mainEntityOfPage\":{\"@id\":\"https:\\\/\\\/www.latribunedeplanas.com\\\/es\\\/4-de-junio-de-2013-alegaciones-del-ayuntamiento-de-pratdip-oposicion-al-recurso-n-o-582-2010-de-sos-planas\\\/\"},\"wordCount\":647,\"publisher\":{\"@id\":\"https:\\\/\\\/www.latribunedeplanas.com\\\/es\\\/#organization\"},\"articleSection\":[\"Documentos\"],\"inLanguage\":\"es\"},{\"@type\":\"WebPage\",\"@id\":\"https:\\\/\\\/www.latribunedeplanas.com\\\/es\\\/4-de-junio-de-2013-alegaciones-del-ayuntamiento-de-pratdip-oposicion-al-recurso-n-o-582-2010-de-sos-planas\\\/\",\"url\":\"https:\\\/\\\/www.latribunedeplanas.com\\\/es\\\/4-de-junio-de-2013-alegaciones-del-ayuntamiento-de-pratdip-oposicion-al-recurso-n-o-582-2010-de-sos-planas\\\/\",\"name\":\"4 de junio de 2013: Alegaciones del Ayuntamiento de Pratdip \u2013 Oposici\u00f3n al recurso n.\u00ba 582\\\/2010 de SOS Planas - La Tribune de Planas\",\"isPartOf\":{\"@id\":\"https:\\\/\\\/www.latribunedeplanas.com\\\/es\\\/#website\"},\"datePublished\":\"2013-06-04T14:58:32+00:00\",\"dateModified\":\"2025-08-25T15:10:36+00:00\",\"description\":\"Alegaciones del Ayuntamiento de Pratdip en 2013 contra el recurso de SOS Planas, rechazando la disoluci\u00f3n de la ECU Les Planes del Rei.\",\"breadcrumb\":{\"@id\":\"https:\\\/\\\/www.latribunedeplanas.com\\\/es\\\/4-de-junio-de-2013-alegaciones-del-ayuntamiento-de-pratdip-oposicion-al-recurso-n-o-582-2010-de-sos-planas\\\/#breadcrumb\"},\"inLanguage\":\"es\",\"potentialAction\":[{\"@type\":\"ReadAction\",\"target\":[\"https:\\\/\\\/www.latribunedeplanas.com\\\/es\\\/4-de-junio-de-2013-alegaciones-del-ayuntamiento-de-pratdip-oposicion-al-recurso-n-o-582-2010-de-sos-planas\\\/\"]}]},{\"@type\":\"BreadcrumbList\",\"@id\":\"https:\\\/\\\/www.latribunedeplanas.com\\\/es\\\/4-de-junio-de-2013-alegaciones-del-ayuntamiento-de-pratdip-oposicion-al-recurso-n-o-582-2010-de-sos-planas\\\/#breadcrumb\",\"itemListElement\":[{\"@type\":\"ListItem\",\"position\":1,\"name\":\"Accueil\",\"item\":\"https:\\\/\\\/www.latribunedeplanas.com\\\/es\\\/\"},{\"@type\":\"ListItem\",\"position\":2,\"name\":\"4 de junio de 2013: Alegaciones del Ayuntamiento de Pratdip \u2013 Oposici\u00f3n al recurso n.\u00ba 582\\\/2010 de SOS Planas\"}]},{\"@type\":\"WebSite\",\"@id\":\"https:\\\/\\\/www.latribunedeplanas.com\\\/es\\\/#website\",\"url\":\"https:\\\/\\\/www.latribunedeplanas.com\\\/es\\\/\",\"name\":\"La Tribune de Planas\",\"description\":\"Les Planes del Rei - Urbanizaci\u00f3n del municipio de Pratdip\",\"publisher\":{\"@id\":\"https:\\\/\\\/www.latribunedeplanas.com\\\/es\\\/#organization\"},\"potentialAction\":[{\"@type\":\"SearchAction\",\"target\":{\"@type\":\"EntryPoint\",\"urlTemplate\":\"https:\\\/\\\/www.latribunedeplanas.com\\\/es\\\/?s={search_term_string}\"},\"query-input\":{\"@type\":\"PropertyValueSpecification\",\"valueRequired\":true,\"valueName\":\"search_term_string\"}}],\"inLanguage\":\"es\"},{\"@type\":\"Organization\",\"@id\":\"https:\\\/\\\/www.latribunedeplanas.com\\\/es\\\/#organization\",\"name\":\"Vecinos de Planes del Rei (SOSPlanes)\",\"url\":\"https:\\\/\\\/www.latribunedeplanas.com\\\/es\\\/\",\"logo\":{\"@type\":\"ImageObject\",\"inLanguage\":\"es\",\"@id\":\"https:\\\/\\\/www.latribunedeplanas.com\\\/es\\\/#\\\/schema\\\/logo\\\/image\\\/\",\"url\":\"https:\\\/\\\/www.latribunedeplanas.com\\\/wp-content\\\/uploads\\\/2021\\\/11\\\/logo-sos-planas-0.png\",\"contentUrl\":\"https:\\\/\\\/www.latribunedeplanas.com\\\/wp-content\\\/uploads\\\/2021\\\/11\\\/logo-sos-planas-0.png\",\"width\":600,\"height\":400,\"caption\":\"Vecinos de Planes del Rei (SOSPlanes)\"},\"image\":{\"@id\":\"https:\\\/\\\/www.latribunedeplanas.com\\\/es\\\/#\\\/schema\\\/logo\\\/image\\\/\"},\"sameAs\":[\"https:\\\/\\\/www.facebook.com\\\/groups\\\/1220895301376005\\\/\",\"https:\\\/\\\/www.instagram.com\\\/lasplanasdelrey\\\/\"]},{\"@type\":\"Person\",\"@id\":\"https:\\\/\\\/www.latribunedeplanas.com\\\/es\\\/#\\\/schema\\\/person\\\/590a87318688792f18d8e1c983528bc8\",\"name\":\"Jim\",\"image\":{\"@type\":\"ImageObject\",\"inLanguage\":\"es\",\"@id\":\"https:\\\/\\\/secure.gravatar.com\\\/avatar\\\/5a89228fd282eb9ee33a60b4ff06f9c31751866f1fb91ca56263af0968354113?s=96&d=mm&r=g\",\"url\":\"https:\\\/\\\/secure.gravatar.com\\\/avatar\\\/5a89228fd282eb9ee33a60b4ff06f9c31751866f1fb91ca56263af0968354113?s=96&d=mm&r=g\",\"contentUrl\":\"https:\\\/\\\/secure.gravatar.com\\\/avatar\\\/5a89228fd282eb9ee33a60b4ff06f9c31751866f1fb91ca56263af0968354113?s=96&d=mm&r=g\",\"caption\":\"Jim\"},\"sameAs\":[\"https:\\\/\\\/www.creawebsite.be\\\/\",\"https:\\\/\\\/www.facebook.com\\\/Creawebsite-113915200150984\",\"https:\\\/\\\/www.instagram.com\\\/creawebsite.be\\\/\",\"https:\\\/\\\/www.linkedin.com\\\/in\\\/jean-marc-delchef\\\/\"]}]}<\/script>\n<!-- \/ Yoast SEO plugin. -->","yoast_head_json":{"title":"4 de junio de 2013: Alegaciones del Ayuntamiento de Pratdip \u2013 Oposici\u00f3n al recurso n.\u00ba 582\/2010 de SOS Planas - La Tribune de Planas","description":"Alegaciones del Ayuntamiento de Pratdip en 2013 contra el recurso de SOS Planas, rechazando la disoluci\u00f3n de la ECU Les Planes del Rei.","robots":{"index":"index","follow":"follow","max-snippet":"max-snippet:-1","max-image-preview":"max-image-preview:large","max-video-preview":"max-video-preview:-1"},"canonical":"https:\/\/www.latribunedeplanas.com\/es\/4-de-junio-de-2013-alegaciones-del-ayuntamiento-de-pratdip-oposicion-al-recurso-n-o-582-2010-de-sos-planas\/","og_locale":"es_ES","og_type":"article","og_title":"4 de junio de 2013: Alegaciones del Ayuntamiento de Pratdip \u2013 Oposici\u00f3n al recurso n.\u00ba 582\/2010 de SOS Planas - La Tribune de Planas","og_description":"Alegaciones del Ayuntamiento de Pratdip en 2013 contra el recurso de SOS Planas, rechazando la disoluci\u00f3n de la ECU Les Planes del Rei.","og_url":"https:\/\/www.latribunedeplanas.com\/es\/4-de-junio-de-2013-alegaciones-del-ayuntamiento-de-pratdip-oposicion-al-recurso-n-o-582-2010-de-sos-planas\/","og_site_name":"La Tribune de Planas","article_publisher":"https:\/\/www.facebook.com\/groups\/1220895301376005\/","article_author":"https:\/\/www.facebook.com\/Creawebsite-113915200150984","article_published_time":"2013-06-04T14:58:32+00:00","article_modified_time":"2025-08-25T15:10:36+00:00","author":"Jim","twitter_card":"summary_large_image","twitter_misc":{"Escrito por":"Jim","Tiempo de lectura":"2 minutos"},"schema":{"@context":"https:\/\/schema.org","@graph":[{"@type":"Article","@id":"https:\/\/www.latribunedeplanas.com\/es\/4-de-junio-de-2013-alegaciones-del-ayuntamiento-de-pratdip-oposicion-al-recurso-n-o-582-2010-de-sos-planas\/#article","isPartOf":{"@id":"https:\/\/www.latribunedeplanas.com\/es\/4-de-junio-de-2013-alegaciones-del-ayuntamiento-de-pratdip-oposicion-al-recurso-n-o-582-2010-de-sos-planas\/"},"author":{"name":"Jim","@id":"https:\/\/www.latribunedeplanas.com\/es\/#\/schema\/person\/590a87318688792f18d8e1c983528bc8"},"headline":"4 de junio de 2013: Alegaciones del Ayuntamiento de Pratdip \u2013 Oposici\u00f3n al recurso n.\u00ba 582\/2010 de SOS Planas","datePublished":"2013-06-04T14:58:32+00:00","dateModified":"2025-08-25T15:10:36+00:00","mainEntityOfPage":{"@id":"https:\/\/www.latribunedeplanas.com\/es\/4-de-junio-de-2013-alegaciones-del-ayuntamiento-de-pratdip-oposicion-al-recurso-n-o-582-2010-de-sos-planas\/"},"wordCount":647,"publisher":{"@id":"https:\/\/www.latribunedeplanas.com\/es\/#organization"},"articleSection":["Documentos"],"inLanguage":"es"},{"@type":"WebPage","@id":"https:\/\/www.latribunedeplanas.com\/es\/4-de-junio-de-2013-alegaciones-del-ayuntamiento-de-pratdip-oposicion-al-recurso-n-o-582-2010-de-sos-planas\/","url":"https:\/\/www.latribunedeplanas.com\/es\/4-de-junio-de-2013-alegaciones-del-ayuntamiento-de-pratdip-oposicion-al-recurso-n-o-582-2010-de-sos-planas\/","name":"4 de junio de 2013: Alegaciones del Ayuntamiento de Pratdip \u2013 Oposici\u00f3n al recurso n.\u00ba 582\/2010 de SOS Planas - La Tribune de Planas","isPartOf":{"@id":"https:\/\/www.latribunedeplanas.com\/es\/#website"},"datePublished":"2013-06-04T14:58:32+00:00","dateModified":"2025-08-25T15:10:36+00:00","description":"Alegaciones del Ayuntamiento de Pratdip en 2013 contra el recurso de SOS Planas, rechazando la disoluci\u00f3n de la ECU Les Planes del Rei.","breadcrumb":{"@id":"https:\/\/www.latribunedeplanas.com\/es\/4-de-junio-de-2013-alegaciones-del-ayuntamiento-de-pratdip-oposicion-al-recurso-n-o-582-2010-de-sos-planas\/#breadcrumb"},"inLanguage":"es","potentialAction":[{"@type":"ReadAction","target":["https:\/\/www.latribunedeplanas.com\/es\/4-de-junio-de-2013-alegaciones-del-ayuntamiento-de-pratdip-oposicion-al-recurso-n-o-582-2010-de-sos-planas\/"]}]},{"@type":"BreadcrumbList","@id":"https:\/\/www.latribunedeplanas.com\/es\/4-de-junio-de-2013-alegaciones-del-ayuntamiento-de-pratdip-oposicion-al-recurso-n-o-582-2010-de-sos-planas\/#breadcrumb","itemListElement":[{"@type":"ListItem","position":1,"name":"Accueil","item":"https:\/\/www.latribunedeplanas.com\/es\/"},{"@type":"ListItem","position":2,"name":"4 de junio de 2013: Alegaciones del Ayuntamiento de Pratdip \u2013 Oposici\u00f3n al recurso n.\u00ba 582\/2010 de SOS Planas"}]},{"@type":"WebSite","@id":"https:\/\/www.latribunedeplanas.com\/es\/#website","url":"https:\/\/www.latribunedeplanas.com\/es\/","name":"La Tribune de Planas","description":"Les Planes del Rei - Urbanizaci\u00f3n del municipio de Pratdip","publisher":{"@id":"https:\/\/www.latribunedeplanas.com\/es\/#organization"},"potentialAction":[{"@type":"SearchAction","target":{"@type":"EntryPoint","urlTemplate":"https:\/\/www.latribunedeplanas.com\/es\/?s={search_term_string}"},"query-input":{"@type":"PropertyValueSpecification","valueRequired":true,"valueName":"search_term_string"}}],"inLanguage":"es"},{"@type":"Organization","@id":"https:\/\/www.latribunedeplanas.com\/es\/#organization","name":"Vecinos de Planes del Rei (SOSPlanes)","url":"https:\/\/www.latribunedeplanas.com\/es\/","logo":{"@type":"ImageObject","inLanguage":"es","@id":"https:\/\/www.latribunedeplanas.com\/es\/#\/schema\/logo\/image\/","url":"https:\/\/www.latribunedeplanas.com\/wp-content\/uploads\/2021\/11\/logo-sos-planas-0.png","contentUrl":"https:\/\/www.latribunedeplanas.com\/wp-content\/uploads\/2021\/11\/logo-sos-planas-0.png","width":600,"height":400,"caption":"Vecinos de Planes del Rei (SOSPlanes)"},"image":{"@id":"https:\/\/www.latribunedeplanas.com\/es\/#\/schema\/logo\/image\/"},"sameAs":["https:\/\/www.facebook.com\/groups\/1220895301376005\/","https:\/\/www.instagram.com\/lasplanasdelrey\/"]},{"@type":"Person","@id":"https:\/\/www.latribunedeplanas.com\/es\/#\/schema\/person\/590a87318688792f18d8e1c983528bc8","name":"Jim","image":{"@type":"ImageObject","inLanguage":"es","@id":"https:\/\/secure.gravatar.com\/avatar\/5a89228fd282eb9ee33a60b4ff06f9c31751866f1fb91ca56263af0968354113?s=96&d=mm&r=g","url":"https:\/\/secure.gravatar.com\/avatar\/5a89228fd282eb9ee33a60b4ff06f9c31751866f1fb91ca56263af0968354113?s=96&d=mm&r=g","contentUrl":"https:\/\/secure.gravatar.com\/avatar\/5a89228fd282eb9ee33a60b4ff06f9c31751866f1fb91ca56263af0968354113?s=96&d=mm&r=g","caption":"Jim"},"sameAs":["https:\/\/www.creawebsite.be\/","https:\/\/www.facebook.com\/Creawebsite-113915200150984","https:\/\/www.instagram.com\/creawebsite.be\/","https:\/\/www.linkedin.com\/in\/jean-marc-delchef\/"]}]}},"_links":{"self":[{"href":"https:\/\/www.latribunedeplanas.com\/es\/wp-json\/wp\/v2\/posts\/28957","targetHints":{"allow":["GET"]}}],"collection":[{"href":"https:\/\/www.latribunedeplanas.com\/es\/wp-json\/wp\/v2\/posts"}],"about":[{"href":"https:\/\/www.latribunedeplanas.com\/es\/wp-json\/wp\/v2\/types\/post"}],"author":[{"embeddable":true,"href":"https:\/\/www.latribunedeplanas.com\/es\/wp-json\/wp\/v2\/users\/1"}],"replies":[{"embeddable":true,"href":"https:\/\/www.latribunedeplanas.com\/es\/wp-json\/wp\/v2\/comments?post=28957"}],"version-history":[{"count":2,"href":"https:\/\/www.latribunedeplanas.com\/es\/wp-json\/wp\/v2\/posts\/28957\/revisions"}],"predecessor-version":[{"id":28959,"href":"https:\/\/www.latribunedeplanas.com\/es\/wp-json\/wp\/v2\/posts\/28957\/revisions\/28959"}],"wp:attachment":[{"href":"https:\/\/www.latribunedeplanas.com\/es\/wp-json\/wp\/v2\/media?parent=28957"}],"wp:term":[{"taxonomy":"category","embeddable":true,"href":"https:\/\/www.latribunedeplanas.com\/es\/wp-json\/wp\/v2\/categories?post=28957"},{"taxonomy":"post_tag","embeddable":true,"href":"https:\/\/www.latribunedeplanas.com\/es\/wp-json\/wp\/v2\/tags?post=28957"}],"curies":[{"name":"wp","href":"https:\/\/api.w.org\/{rel}","templated":true}]}}