{"id":28931,"date":"2013-03-26T16:12:16","date_gmt":"2013-03-26T15:12:16","guid":{"rendered":"https:\/\/www.latribunedeplanas.com\/26-mars-2013-jugement-n130-2013-demande-de-dissolution-de-leucc-les-planes-del-rei-rejetee\/"},"modified":"2025-08-25T16:30:25","modified_gmt":"2025-08-25T14:30:25","slug":"26-de-marzo-de-2013-sentencia-n130-2013-rechazo-de-la-solicitud-de-disolucion-de-la-ecu-les-planes-del-rei","status":"publish","type":"post","link":"https:\/\/www.latribunedeplanas.com\/es\/26-de-marzo-de-2013-sentencia-n130-2013-rechazo-de-la-solicitud-de-disolucion-de-la-ecu-les-planes-del-rei\/","title":{"rendered":"26 de marzo de 2013: Sentencia n\u00b0130\/2013 &#8211; Rechazo de la solicitud de disoluci\u00f3n de la ECU Les Planes del Rei"},"content":{"rendered":"<p>[et_pb_section fb_built=\u00bb1&#8243; admin_label=\u00bbSection-Article\u00bb module_class=\u00bbsection-article\u00bb _builder_version=\u00bb4.18.0&#8243; custom_margin=\u00bb0px|0px|0px|0px\u00bb custom_padding=\u00bb0px|0px|0px|0px\u00bb global_colors_info=\u00bb{}\u00bb][et_pb_row use_custom_gutter=\u00bbon\u00bb gutter_width=\u00bb1&#8243; custom_padding_last_edited=\u00bbon|phone\u00bb admin_label=\u00bbLigne-Article\u00bb module_class=\u00bbligne-article et_pb_row_fullwidth\u00bb _builder_version=\u00bb4.27.4&#8243; width=\u00bb100%\u00bb width_tablet=\u00bb100%\u00bb width_phone=\u00bb\u00bb width_last_edited=\u00bbon|desktop\u00bb max_width=\u00bb100%\u00bb max_width_tablet=\u00bb100%\u00bb max_width_phone=\u00bb\u00bb max_width_last_edited=\u00bbon|desktop\u00bb custom_margin=\u00bb0px||0px\u00bb custom_padding=\u00bb20px||0px||false|false\u00bb custom_padding_tablet=\u00bb20px||0px||false|false\u00bb custom_padding_phone=\u00bb15px||||false|false\u00bb make_fullwidth=\u00bbon\u00bb global_colors_info=\u00bb{}\u00bb][et_pb_column type=\u00bb4_4&#8243; _builder_version=\u00bb4.16&#8243; custom_padding=\u00bb|||\u00bb global_colors_info=\u00bb{}\u00bb custom_padding__hover=\u00bb|||\u00bb][et_pb_text admin_label=\u00bbTexte-26 de marzo de 2013 : Sentencia n\u00b0130\/2013 \u2013 Rechazo de la solicitud de disoluci\u00f3n de la ECU Les Planes del Rei\u00bb module_class=\u00bbtxt-article\u00bb _builder_version=\u00bb4.27.4&#8243; text_font=\u00bb|300|||||||\u00bb header_font=\u00bb||||||||\u00bb header_2_line_height=\u00bb1.2em\u00bb header_3_font=\u00bb||||||||\u00bb header_3_line_height=\u00bb1.3em\u00bb header_4_text_align=\u00bbcenter\u00bb custom_padding=\u00bb||||false|false\u00bb hover_enabled=\u00bb0&#8243; text_line_height_tablet=\u00bb\u00bb text_line_height_phone=\u00bb1.3em\u00bb text_line_height_last_edited=\u00bbon|desktop\u00bb header_2_font_size_tablet=\u00bb\u00bb header_2_font_size_phone=\u00bb\u00bb header_2_font_size_last_edited=\u00bbon|phone\u00bb header_3_font_size_tablet=\u00bb\u00bb header_3_font_size_phone=\u00bb23px\u00bb header_3_font_size_last_edited=\u00bbon|desktop\u00bb global_colors_info=\u00bb{}\u00bb sticky_enabled=\u00bb0&#8243;]<\/p>\n<p>El <span class=\"accentue\">26 de marzo de 2013<\/span>, el <span class=\"accentue\">Juzgado Contencioso-Administrativo n\u00b01 de Tarragona<\/span> resuelve el recurso interpuesto por la <span class=\"accentue\">Asociaci\u00f3n de Vecinos (SOS Planas)<\/span> solicitando la <span class=\"accentue\">disoluci\u00f3n<\/span> de la <span class=\"accentue\">ECU Les Planes del Rei<\/span>.<br \/>\nLa petici\u00f3n es rechazada, con el argumento de que las <span class=\"accentue\">obras de urbanizaci\u00f3n<\/span> a\u00fan no han sido oficialmente <span class=\"accentue\">recepcionadas<\/span> por el <span class=\"accentue\">Ayuntamiento de Pratdip<\/span>.<br \/>\nEn consecuencia, la ECU mantiene su existencia jur\u00eddica y el Ayuntamiento no est\u00e1 obligado a asumir de inmediato los servicios m\u00ednimos.<\/p>\n<hr style=\"margin-bottom: 30px;\" \/>\n<h2>1) Contexto<\/h2>\n<ul>\n<li><span class=\"accentue\">Parte demandante<\/span> : Asociaci\u00f3n de Vecinos Les Planes del Rei (SOS Planas &#8211; asociaci\u00f3n de propietarios).<\/li>\n<li><span class=\"accentue\">Objeto<\/span> : obtener la disoluci\u00f3n de la ECU y la transferencia de los servicios al Ayuntamiento.<\/li>\n<li><span class=\"accentue\">Argumento de los demandantes<\/span> : se consideraba que las infraestructuras ya hab\u00edan sido entregadas al Ayuntamiento.<\/li>\n<li><span class=\"accentue\">Respuesta del Ayuntamiento<\/span> : ausencia de recepci\u00f3n formal de las obras, mantenimiento de la ECU.<\/li>\n<\/ul>\n<hr style=\"margin-bottom: 30px;\" \/>\n<h2>2) Razonamiento del tribunal<\/h2>\n<ul>\n<li>El silencio administrativo del Ayuntamiento constitu\u00eda un rechazo impl\u00edcito, pero el recurso es admitido.<\/li>\n<li>Examen de las <span class=\"accentue\">actas de la ECU<\/span> (2005-2008): no consta ninguna entrega oficial de infraestructuras.<\/li>\n<li><span class=\"accentue\">23\/02\/2009<\/span> : aprobaci\u00f3n del proyecto de urbanizaci\u00f3n por el Ayuntamiento.<\/li>\n<li><span class=\"accentue\">2009-2010<\/span> : convenios sucesivos Ayuntamiento-ECU para la ejecuci\u00f3n de obras y gesti\u00f3n de ciertos servicios (agua, basuras).<\/li>\n<li><span class=\"accentue\">09\/02\/2010<\/span> : publicaci\u00f3n en el DOGC del POUM confirmando <span class=\"accentue\">carencias<\/span> a subsanar.<\/li>\n<li><span class=\"accentue\">2011<\/span> : cambio del sistema de actuaci\u00f3n a \u00abcooperaci\u00f3n\u00bb para poder beneficiarse de subvenciones y completar la reurbanizaci\u00f3n.<\/li>\n<li>Conclusi\u00f3n del juez : sin recepci\u00f3n oficial de las infraestructuras, la disoluci\u00f3n de la ECU es jur\u00eddicamente imposible.<\/li>\n<\/ul>\n<hr style=\"margin-bottom: 30px;\" \/>\n<h2>3) Consecuencias<\/h2>\n<ul>\n<li>La ECU <span class=\"accentue\">sigue en vigor<\/span> hasta la recepci\u00f3n de las obras por parte del Ayuntamiento.<\/li>\n<li>Los propietarios deben seguir financiando la ECU y sus servicios.<\/li>\n<li>El Ayuntamiento de Pratdip <span class=\"accentue\">aplaza sus obligaciones<\/span>, utilizando la falta de recepci\u00f3n como argumento jur\u00eddico.<\/li>\n<li>La sentencia constituye un <span class=\"accentue\">rev\u00e9s para SOS Planas<\/span>, retrasando la disoluci\u00f3n que no tendr\u00e1 lugar hasta 2016 tras otros procedimientos.<\/li>\n<\/ul>\n<hr style=\"margin-bottom: 30px;\" \/>\n<h3 class=\"underline\">Documento<\/h3>\n<p style=\"padding-top: 30px;\"><a href=\"https:\/\/www.latribunedeplanas.com\/wp-content\/uploads\/2025\/08\/2013-03-26-jugement-130-2013-sosplanas-tarragona.pdf\" class=\"pdfemb-viewer\" style=\"\" data-width=\"max\" data-height=\"max\" data-mobile-width=\"0\"  data-scrollbar=\"none\" data-download=\"on\" data-tracking=\"on\" data-newwindow=\"on\" data-pagetextbox=\"off\" data-scrolltotop=\"off\" data-startzoom=\"100\" data-startfpzoom=\"100\" data-toolbar=\"top\" data-toolbar-fixed=\"off\">2013-03-26-jugement-130-2013-sosplanas-tarragona<br\/><\/a><\/p>\n<p>[\/et_pb_text][\/et_pb_column][\/et_pb_row][\/et_pb_section]<\/p>\n","protected":false},"excerpt":{"rendered":"<p>El 26 de marzo de 2013, el Juzgado Contencioso-Administrativo n\u00b01 de Tarragona resuelve el recurso interpuesto por la Asociaci\u00f3n de Vecinos (SOS Planas) solicitando la disoluci\u00f3n de la ECU Les Planes del Rei. La petici\u00f3n es rechazada, con el argumento de que las obras de urbanizaci\u00f3n a\u00fan no han sido oficialmente recepcionadas por el Ayuntamiento [&hellip;]<\/p>\n","protected":false},"author":1,"featured_media":0,"comment_status":"closed","ping_status":"closed","sticky":false,"template":"","format":"standard","meta":{"_et_pb_use_builder":"on","_et_pb_old_content":"","_et_gb_content_width":"","footnotes":""},"categories":[217],"tags":[],"class_list":["post-28931","post","type-post","status-publish","format-standard","hentry","category-documentos"],"yoast_head":"<!-- This site is optimized with the Yoast SEO plugin v27.5 - https:\/\/yoast.com\/product\/yoast-seo-wordpress\/ -->\n<title>26 de marzo de 2013: Sentencia n\u00b0130\/2013 - Rechazo de la solicitud de disoluci\u00f3n de la ECU Les Planes del Rei - La Tribune de Planas<\/title>\n<meta name=\"description\" content=\"Sentencia del 26\/03\/2013: se rechaza la disoluci\u00f3n de la ECU Les Planes del Rei por falta de recepci\u00f3n oficial de las obras\" \/>\n<meta name=\"robots\" content=\"index, follow, max-snippet:-1, max-image-preview:large, max-video-preview:-1\" \/>\n<link rel=\"canonical\" href=\"https:\/\/www.latribunedeplanas.com\/es\/26-de-marzo-de-2013-sentencia-n130-2013-rechazo-de-la-solicitud-de-disolucion-de-la-ecu-les-planes-del-rei\/\" \/>\n<meta property=\"og:locale\" content=\"es_ES\" \/>\n<meta property=\"og:type\" content=\"article\" \/>\n<meta property=\"og:title\" content=\"26 de marzo de 2013: Sentencia n\u00b0130\/2013 - Rechazo de la solicitud de disoluci\u00f3n de la ECU Les Planes del Rei - La Tribune de Planas\" \/>\n<meta property=\"og:description\" content=\"Sentencia del 26\/03\/2013: se rechaza la disoluci\u00f3n de la ECU Les Planes del Rei por falta de recepci\u00f3n oficial de las obras\" \/>\n<meta property=\"og:url\" content=\"https:\/\/www.latribunedeplanas.com\/es\/26-de-marzo-de-2013-sentencia-n130-2013-rechazo-de-la-solicitud-de-disolucion-de-la-ecu-les-planes-del-rei\/\" \/>\n<meta property=\"og:site_name\" content=\"La Tribune de Planas\" \/>\n<meta property=\"article:publisher\" content=\"https:\/\/www.facebook.com\/groups\/1220895301376005\/\" \/>\n<meta property=\"article:author\" content=\"https:\/\/www.facebook.com\/Creawebsite-113915200150984\" \/>\n<meta property=\"article:published_time\" content=\"2013-03-26T15:12:16+00:00\" \/>\n<meta property=\"article:modified_time\" content=\"2025-08-25T14:30:25+00:00\" \/>\n<meta name=\"author\" content=\"Jim\" \/>\n<meta name=\"twitter:card\" content=\"summary_large_image\" \/>\n<meta name=\"twitter:label1\" content=\"Escrito por\" \/>\n\t<meta name=\"twitter:data1\" content=\"Jim\" \/>\n\t<meta name=\"twitter:label2\" content=\"Tiempo de lectura\" \/>\n\t<meta name=\"twitter:data2\" content=\"2 minutos\" \/>\n<script type=\"application\/ld+json\" class=\"yoast-schema-graph\">{\"@context\":\"https:\\\/\\\/schema.org\",\"@graph\":[{\"@type\":\"Article\",\"@id\":\"https:\\\/\\\/www.latribunedeplanas.com\\\/es\\\/26-de-marzo-de-2013-sentencia-n130-2013-rechazo-de-la-solicitud-de-disolucion-de-la-ecu-les-planes-del-rei\\\/#article\",\"isPartOf\":{\"@id\":\"https:\\\/\\\/www.latribunedeplanas.com\\\/es\\\/26-de-marzo-de-2013-sentencia-n130-2013-rechazo-de-la-solicitud-de-disolucion-de-la-ecu-les-planes-del-rei\\\/\"},\"author\":{\"name\":\"Jim\",\"@id\":\"https:\\\/\\\/www.latribunedeplanas.com\\\/es\\\/#\\\/schema\\\/person\\\/590a87318688792f18d8e1c983528bc8\"},\"headline\":\"26 de marzo de 2013: Sentencia n\u00b0130\\\/2013 &#8211; Rechazo de la solicitud de disoluci\u00f3n de la ECU Les Planes del Rei\",\"datePublished\":\"2013-03-26T15:12:16+00:00\",\"dateModified\":\"2025-08-25T14:30:25+00:00\",\"mainEntityOfPage\":{\"@id\":\"https:\\\/\\\/www.latribunedeplanas.com\\\/es\\\/26-de-marzo-de-2013-sentencia-n130-2013-rechazo-de-la-solicitud-de-disolucion-de-la-ecu-les-planes-del-rei\\\/\"},\"wordCount\":601,\"publisher\":{\"@id\":\"https:\\\/\\\/www.latribunedeplanas.com\\\/es\\\/#organization\"},\"articleSection\":[\"Documentos\"],\"inLanguage\":\"es\"},{\"@type\":\"WebPage\",\"@id\":\"https:\\\/\\\/www.latribunedeplanas.com\\\/es\\\/26-de-marzo-de-2013-sentencia-n130-2013-rechazo-de-la-solicitud-de-disolucion-de-la-ecu-les-planes-del-rei\\\/\",\"url\":\"https:\\\/\\\/www.latribunedeplanas.com\\\/es\\\/26-de-marzo-de-2013-sentencia-n130-2013-rechazo-de-la-solicitud-de-disolucion-de-la-ecu-les-planes-del-rei\\\/\",\"name\":\"26 de marzo de 2013: Sentencia n\u00b0130\\\/2013 - Rechazo de la solicitud de disoluci\u00f3n de la ECU Les Planes del Rei - La Tribune de Planas\",\"isPartOf\":{\"@id\":\"https:\\\/\\\/www.latribunedeplanas.com\\\/es\\\/#website\"},\"datePublished\":\"2013-03-26T15:12:16+00:00\",\"dateModified\":\"2025-08-25T14:30:25+00:00\",\"description\":\"Sentencia del 26\\\/03\\\/2013: se rechaza la disoluci\u00f3n de la ECU Les Planes del Rei por falta de recepci\u00f3n oficial de las obras\",\"breadcrumb\":{\"@id\":\"https:\\\/\\\/www.latribunedeplanas.com\\\/es\\\/26-de-marzo-de-2013-sentencia-n130-2013-rechazo-de-la-solicitud-de-disolucion-de-la-ecu-les-planes-del-rei\\\/#breadcrumb\"},\"inLanguage\":\"es\",\"potentialAction\":[{\"@type\":\"ReadAction\",\"target\":[\"https:\\\/\\\/www.latribunedeplanas.com\\\/es\\\/26-de-marzo-de-2013-sentencia-n130-2013-rechazo-de-la-solicitud-de-disolucion-de-la-ecu-les-planes-del-rei\\\/\"]}]},{\"@type\":\"BreadcrumbList\",\"@id\":\"https:\\\/\\\/www.latribunedeplanas.com\\\/es\\\/26-de-marzo-de-2013-sentencia-n130-2013-rechazo-de-la-solicitud-de-disolucion-de-la-ecu-les-planes-del-rei\\\/#breadcrumb\",\"itemListElement\":[{\"@type\":\"ListItem\",\"position\":1,\"name\":\"Accueil\",\"item\":\"https:\\\/\\\/www.latribunedeplanas.com\\\/es\\\/\"},{\"@type\":\"ListItem\",\"position\":2,\"name\":\"26 de marzo de 2013: Sentencia n\u00b0130\\\/2013 &#8211; Rechazo de la solicitud de disoluci\u00f3n de la ECU Les Planes del Rei\"}]},{\"@type\":\"WebSite\",\"@id\":\"https:\\\/\\\/www.latribunedeplanas.com\\\/es\\\/#website\",\"url\":\"https:\\\/\\\/www.latribunedeplanas.com\\\/es\\\/\",\"name\":\"La Tribune de Planas\",\"description\":\"Les Planes del Rei - Urbanizaci\u00f3n del municipio de Pratdip\",\"publisher\":{\"@id\":\"https:\\\/\\\/www.latribunedeplanas.com\\\/es\\\/#organization\"},\"potentialAction\":[{\"@type\":\"SearchAction\",\"target\":{\"@type\":\"EntryPoint\",\"urlTemplate\":\"https:\\\/\\\/www.latribunedeplanas.com\\\/es\\\/?s={search_term_string}\"},\"query-input\":{\"@type\":\"PropertyValueSpecification\",\"valueRequired\":true,\"valueName\":\"search_term_string\"}}],\"inLanguage\":\"es\"},{\"@type\":\"Organization\",\"@id\":\"https:\\\/\\\/www.latribunedeplanas.com\\\/es\\\/#organization\",\"name\":\"Vecinos de Planes del Rei (SOSPlanes)\",\"url\":\"https:\\\/\\\/www.latribunedeplanas.com\\\/es\\\/\",\"logo\":{\"@type\":\"ImageObject\",\"inLanguage\":\"es\",\"@id\":\"https:\\\/\\\/www.latribunedeplanas.com\\\/es\\\/#\\\/schema\\\/logo\\\/image\\\/\",\"url\":\"https:\\\/\\\/www.latribunedeplanas.com\\\/wp-content\\\/uploads\\\/2021\\\/11\\\/logo-sos-planas-0.png\",\"contentUrl\":\"https:\\\/\\\/www.latribunedeplanas.com\\\/wp-content\\\/uploads\\\/2021\\\/11\\\/logo-sos-planas-0.png\",\"width\":600,\"height\":400,\"caption\":\"Vecinos de Planes del Rei (SOSPlanes)\"},\"image\":{\"@id\":\"https:\\\/\\\/www.latribunedeplanas.com\\\/es\\\/#\\\/schema\\\/logo\\\/image\\\/\"},\"sameAs\":[\"https:\\\/\\\/www.facebook.com\\\/groups\\\/1220895301376005\\\/\",\"https:\\\/\\\/www.instagram.com\\\/lasplanasdelrey\\\/\"]},{\"@type\":\"Person\",\"@id\":\"https:\\\/\\\/www.latribunedeplanas.com\\\/es\\\/#\\\/schema\\\/person\\\/590a87318688792f18d8e1c983528bc8\",\"name\":\"Jim\",\"image\":{\"@type\":\"ImageObject\",\"inLanguage\":\"es\",\"@id\":\"https:\\\/\\\/secure.gravatar.com\\\/avatar\\\/5a89228fd282eb9ee33a60b4ff06f9c31751866f1fb91ca56263af0968354113?s=96&d=mm&r=g\",\"url\":\"https:\\\/\\\/secure.gravatar.com\\\/avatar\\\/5a89228fd282eb9ee33a60b4ff06f9c31751866f1fb91ca56263af0968354113?s=96&d=mm&r=g\",\"contentUrl\":\"https:\\\/\\\/secure.gravatar.com\\\/avatar\\\/5a89228fd282eb9ee33a60b4ff06f9c31751866f1fb91ca56263af0968354113?s=96&d=mm&r=g\",\"caption\":\"Jim\"},\"sameAs\":[\"https:\\\/\\\/www.creawebsite.be\\\/\",\"https:\\\/\\\/www.facebook.com\\\/Creawebsite-113915200150984\",\"https:\\\/\\\/www.instagram.com\\\/creawebsite.be\\\/\",\"https:\\\/\\\/www.linkedin.com\\\/in\\\/jean-marc-delchef\\\/\"]}]}<\/script>\n<!-- \/ Yoast SEO plugin. -->","yoast_head_json":{"title":"26 de marzo de 2013: Sentencia n\u00b0130\/2013 - Rechazo de la solicitud de disoluci\u00f3n de la ECU Les Planes del Rei - La Tribune de Planas","description":"Sentencia del 26\/03\/2013: se rechaza la disoluci\u00f3n de la ECU Les Planes del Rei por falta de recepci\u00f3n oficial de las obras","robots":{"index":"index","follow":"follow","max-snippet":"max-snippet:-1","max-image-preview":"max-image-preview:large","max-video-preview":"max-video-preview:-1"},"canonical":"https:\/\/www.latribunedeplanas.com\/es\/26-de-marzo-de-2013-sentencia-n130-2013-rechazo-de-la-solicitud-de-disolucion-de-la-ecu-les-planes-del-rei\/","og_locale":"es_ES","og_type":"article","og_title":"26 de marzo de 2013: Sentencia n\u00b0130\/2013 - Rechazo de la solicitud de disoluci\u00f3n de la ECU Les Planes del Rei - La Tribune de Planas","og_description":"Sentencia del 26\/03\/2013: se rechaza la disoluci\u00f3n de la ECU Les Planes del Rei por falta de recepci\u00f3n oficial de las obras","og_url":"https:\/\/www.latribunedeplanas.com\/es\/26-de-marzo-de-2013-sentencia-n130-2013-rechazo-de-la-solicitud-de-disolucion-de-la-ecu-les-planes-del-rei\/","og_site_name":"La Tribune de Planas","article_publisher":"https:\/\/www.facebook.com\/groups\/1220895301376005\/","article_author":"https:\/\/www.facebook.com\/Creawebsite-113915200150984","article_published_time":"2013-03-26T15:12:16+00:00","article_modified_time":"2025-08-25T14:30:25+00:00","author":"Jim","twitter_card":"summary_large_image","twitter_misc":{"Escrito por":"Jim","Tiempo de lectura":"2 minutos"},"schema":{"@context":"https:\/\/schema.org","@graph":[{"@type":"Article","@id":"https:\/\/www.latribunedeplanas.com\/es\/26-de-marzo-de-2013-sentencia-n130-2013-rechazo-de-la-solicitud-de-disolucion-de-la-ecu-les-planes-del-rei\/#article","isPartOf":{"@id":"https:\/\/www.latribunedeplanas.com\/es\/26-de-marzo-de-2013-sentencia-n130-2013-rechazo-de-la-solicitud-de-disolucion-de-la-ecu-les-planes-del-rei\/"},"author":{"name":"Jim","@id":"https:\/\/www.latribunedeplanas.com\/es\/#\/schema\/person\/590a87318688792f18d8e1c983528bc8"},"headline":"26 de marzo de 2013: Sentencia n\u00b0130\/2013 &#8211; Rechazo de la solicitud de disoluci\u00f3n de la ECU Les Planes del Rei","datePublished":"2013-03-26T15:12:16+00:00","dateModified":"2025-08-25T14:30:25+00:00","mainEntityOfPage":{"@id":"https:\/\/www.latribunedeplanas.com\/es\/26-de-marzo-de-2013-sentencia-n130-2013-rechazo-de-la-solicitud-de-disolucion-de-la-ecu-les-planes-del-rei\/"},"wordCount":601,"publisher":{"@id":"https:\/\/www.latribunedeplanas.com\/es\/#organization"},"articleSection":["Documentos"],"inLanguage":"es"},{"@type":"WebPage","@id":"https:\/\/www.latribunedeplanas.com\/es\/26-de-marzo-de-2013-sentencia-n130-2013-rechazo-de-la-solicitud-de-disolucion-de-la-ecu-les-planes-del-rei\/","url":"https:\/\/www.latribunedeplanas.com\/es\/26-de-marzo-de-2013-sentencia-n130-2013-rechazo-de-la-solicitud-de-disolucion-de-la-ecu-les-planes-del-rei\/","name":"26 de marzo de 2013: Sentencia n\u00b0130\/2013 - Rechazo de la solicitud de disoluci\u00f3n de la ECU Les Planes del Rei - La Tribune de Planas","isPartOf":{"@id":"https:\/\/www.latribunedeplanas.com\/es\/#website"},"datePublished":"2013-03-26T15:12:16+00:00","dateModified":"2025-08-25T14:30:25+00:00","description":"Sentencia del 26\/03\/2013: se rechaza la disoluci\u00f3n de la ECU Les Planes del Rei por falta de recepci\u00f3n oficial de las obras","breadcrumb":{"@id":"https:\/\/www.latribunedeplanas.com\/es\/26-de-marzo-de-2013-sentencia-n130-2013-rechazo-de-la-solicitud-de-disolucion-de-la-ecu-les-planes-del-rei\/#breadcrumb"},"inLanguage":"es","potentialAction":[{"@type":"ReadAction","target":["https:\/\/www.latribunedeplanas.com\/es\/26-de-marzo-de-2013-sentencia-n130-2013-rechazo-de-la-solicitud-de-disolucion-de-la-ecu-les-planes-del-rei\/"]}]},{"@type":"BreadcrumbList","@id":"https:\/\/www.latribunedeplanas.com\/es\/26-de-marzo-de-2013-sentencia-n130-2013-rechazo-de-la-solicitud-de-disolucion-de-la-ecu-les-planes-del-rei\/#breadcrumb","itemListElement":[{"@type":"ListItem","position":1,"name":"Accueil","item":"https:\/\/www.latribunedeplanas.com\/es\/"},{"@type":"ListItem","position":2,"name":"26 de marzo de 2013: Sentencia n\u00b0130\/2013 &#8211; Rechazo de la solicitud de disoluci\u00f3n de la ECU Les Planes del Rei"}]},{"@type":"WebSite","@id":"https:\/\/www.latribunedeplanas.com\/es\/#website","url":"https:\/\/www.latribunedeplanas.com\/es\/","name":"La Tribune de Planas","description":"Les Planes del Rei - Urbanizaci\u00f3n del municipio de Pratdip","publisher":{"@id":"https:\/\/www.latribunedeplanas.com\/es\/#organization"},"potentialAction":[{"@type":"SearchAction","target":{"@type":"EntryPoint","urlTemplate":"https:\/\/www.latribunedeplanas.com\/es\/?s={search_term_string}"},"query-input":{"@type":"PropertyValueSpecification","valueRequired":true,"valueName":"search_term_string"}}],"inLanguage":"es"},{"@type":"Organization","@id":"https:\/\/www.latribunedeplanas.com\/es\/#organization","name":"Vecinos de Planes del Rei (SOSPlanes)","url":"https:\/\/www.latribunedeplanas.com\/es\/","logo":{"@type":"ImageObject","inLanguage":"es","@id":"https:\/\/www.latribunedeplanas.com\/es\/#\/schema\/logo\/image\/","url":"https:\/\/www.latribunedeplanas.com\/wp-content\/uploads\/2021\/11\/logo-sos-planas-0.png","contentUrl":"https:\/\/www.latribunedeplanas.com\/wp-content\/uploads\/2021\/11\/logo-sos-planas-0.png","width":600,"height":400,"caption":"Vecinos de Planes del Rei (SOSPlanes)"},"image":{"@id":"https:\/\/www.latribunedeplanas.com\/es\/#\/schema\/logo\/image\/"},"sameAs":["https:\/\/www.facebook.com\/groups\/1220895301376005\/","https:\/\/www.instagram.com\/lasplanasdelrey\/"]},{"@type":"Person","@id":"https:\/\/www.latribunedeplanas.com\/es\/#\/schema\/person\/590a87318688792f18d8e1c983528bc8","name":"Jim","image":{"@type":"ImageObject","inLanguage":"es","@id":"https:\/\/secure.gravatar.com\/avatar\/5a89228fd282eb9ee33a60b4ff06f9c31751866f1fb91ca56263af0968354113?s=96&d=mm&r=g","url":"https:\/\/secure.gravatar.com\/avatar\/5a89228fd282eb9ee33a60b4ff06f9c31751866f1fb91ca56263af0968354113?s=96&d=mm&r=g","contentUrl":"https:\/\/secure.gravatar.com\/avatar\/5a89228fd282eb9ee33a60b4ff06f9c31751866f1fb91ca56263af0968354113?s=96&d=mm&r=g","caption":"Jim"},"sameAs":["https:\/\/www.creawebsite.be\/","https:\/\/www.facebook.com\/Creawebsite-113915200150984","https:\/\/www.instagram.com\/creawebsite.be\/","https:\/\/www.linkedin.com\/in\/jean-marc-delchef\/"]}]}},"_links":{"self":[{"href":"https:\/\/www.latribunedeplanas.com\/es\/wp-json\/wp\/v2\/posts\/28931","targetHints":{"allow":["GET"]}}],"collection":[{"href":"https:\/\/www.latribunedeplanas.com\/es\/wp-json\/wp\/v2\/posts"}],"about":[{"href":"https:\/\/www.latribunedeplanas.com\/es\/wp-json\/wp\/v2\/types\/post"}],"author":[{"embeddable":true,"href":"https:\/\/www.latribunedeplanas.com\/es\/wp-json\/wp\/v2\/users\/1"}],"replies":[{"embeddable":true,"href":"https:\/\/www.latribunedeplanas.com\/es\/wp-json\/wp\/v2\/comments?post=28931"}],"version-history":[{"count":3,"href":"https:\/\/www.latribunedeplanas.com\/es\/wp-json\/wp\/v2\/posts\/28931\/revisions"}],"predecessor-version":[{"id":28939,"href":"https:\/\/www.latribunedeplanas.com\/es\/wp-json\/wp\/v2\/posts\/28931\/revisions\/28939"}],"wp:attachment":[{"href":"https:\/\/www.latribunedeplanas.com\/es\/wp-json\/wp\/v2\/media?parent=28931"}],"wp:term":[{"taxonomy":"category","embeddable":true,"href":"https:\/\/www.latribunedeplanas.com\/es\/wp-json\/wp\/v2\/categories?post=28931"},{"taxonomy":"post_tag","embeddable":true,"href":"https:\/\/www.latribunedeplanas.com\/es\/wp-json\/wp\/v2\/tags?post=28931"}],"curies":[{"name":"wp","href":"https:\/\/api.w.org\/{rel}","templated":true}]}}