{"id":28906,"date":"2010-12-28T15:40:25","date_gmt":"2010-12-28T14:40:25","guid":{"rendered":"https:\/\/www.latribunedeplanas.com\/28-decembre-2010-annexe-au-convenio-mairie-de-pratdip-consell-comarcal-comaigua-actions-urgentes-pour-leau-a-planas-del-rey\/"},"modified":"2025-08-25T15:46:32","modified_gmt":"2025-08-25T13:46:32","slug":"28-de-diciembre-de-2010-anexo-al-convenio-ayuntamiento-de-pratdip-consell-comarcal-comaigua-acciones-urgentes-para-el-agua-en-planas-del-rey","status":"publish","type":"post","link":"https:\/\/www.latribunedeplanas.com\/es\/28-de-diciembre-de-2010-anexo-al-convenio-ayuntamiento-de-pratdip-consell-comarcal-comaigua-acciones-urgentes-para-el-agua-en-planas-del-rey\/","title":{"rendered":"28 de diciembre de 2010: Anexo al Convenio Ayuntamiento de Pratdip &#8211; Consell Comarcal (Comaigua) &#8211; Acciones urgentes para el agua en Planas del Rey"},"content":{"rendered":"<p>[et_pb_section fb_built=\u00bb1&#8243; admin_label=\u00bbSection-Article\u00bb module_class=\u00bbsection-article\u00bb _builder_version=\u00bb4.18.0&#8243; custom_margin=\u00bb0px|0px|0px|0px\u00bb custom_padding=\u00bb0px|0px|0px|0px\u00bb global_colors_info=\u00bb{}\u00bb][et_pb_row use_custom_gutter=\u00bbon\u00bb gutter_width=\u00bb1&#8243; custom_padding_last_edited=\u00bbon|phone\u00bb admin_label=\u00bbLigne-Article\u00bb module_class=\u00bbligne-article et_pb_row_fullwidth\u00bb _builder_version=\u00bb4.27.4&#8243; width=\u00bb100%\u00bb width_tablet=\u00bb100%\u00bb width_phone=\u00bb\u00bb width_last_edited=\u00bbon|desktop\u00bb max_width=\u00bb100%\u00bb max_width_tablet=\u00bb100%\u00bb max_width_phone=\u00bb\u00bb max_width_last_edited=\u00bbon|desktop\u00bb custom_margin=\u00bb0px||0px\u00bb custom_padding=\u00bb20px||0px||false|false\u00bb custom_padding_tablet=\u00bb20px||0px||false|false\u00bb custom_padding_phone=\u00bb15px||||false|false\u00bb make_fullwidth=\u00bbon\u00bb global_colors_info=\u00bb{}\u00bb][et_pb_column type=\u00bb4_4&#8243; _builder_version=\u00bb4.16&#8243; custom_padding=\u00bb|||\u00bb global_colors_info=\u00bb{}\u00bb custom_padding__hover=\u00bb|||\u00bb][et_pb_text admin_label=\u00bbTexte-28 de diciembre de 2010: Anexo al Convenio Ayuntamiento de Pratdip \u2013 Consell Comarcal (Comaigua) \u2013 Acciones urgentes para el agua en Planas del Rey\u00a0\u00bb module_class=\u00bbtxt-article\u00bb _builder_version=\u00bb4.27.4&#8243; text_font=\u00bb|300|||||||\u00bb header_font=\u00bb||||||||\u00bb header_2_line_height=\u00bb1.2em\u00bb header_3_font=\u00bb||||||||\u00bb header_3_line_height=\u00bb1.3em\u00bb header_4_text_align=\u00bbcenter\u00bb custom_padding=\u00bb||||false|false\u00bb hover_enabled=\u00bb0&#8243; text_line_height_tablet=\u00bb\u00bb text_line_height_phone=\u00bb1.3em\u00bb text_line_height_last_edited=\u00bbon|desktop\u00bb header_2_font_size_tablet=\u00bb\u00bb header_2_font_size_phone=\u00bb\u00bb header_2_font_size_last_edited=\u00bbon|phone\u00bb header_3_font_size_tablet=\u00bb\u00bb header_3_font_size_phone=\u00bb23px\u00bb header_3_font_size_last_edited=\u00bbon|desktop\u00bb global_colors_info=\u00bb{}\u00bb sticky_enabled=\u00bb0&#8243;]<\/p>\n<p>El <span class=\"accentue\">28\/12\/2010<\/span>, el <span class=\"accentue\">Ayuntamiento de Pratdip<\/span> y el <span class=\"accentue\">Consell Comarcal del Baix Camp<\/span> aprueban un <span class=\"accentue\">anexo<\/span> al convenio inicial, con el fin de ampliar el encargo de <span class=\"accentue\">gesti\u00f3n excepcional y subsidiaria<\/span> del <span class=\"accentue\">agua potable<\/span> en <span class=\"accentue\">Planas del Rey (Planes del Rei)<\/span>.<br \/>\nEste anexo introduce por primera vez medidas de <span class=\"accentue\">mantenimiento e inspecci\u00f3n<\/span> de la red, confiadas a <span class=\"accentue\">Comaigua SL<\/span>.<\/p>\n<hr style=\"margin-bottom: 30px;\" \/>\n<h2>1) Contexto y justificaci\u00f3n<\/h2>\n<ul>\n<li><span class=\"accentue\">Propiedad de la red<\/span>: las instalaciones interiores de agua siguen siendo propiedad de los <span class=\"accentue\">propietarios<\/span>, nunca cedidas ni recepcionadas por su obsolescencia.<\/li>\n<li><span class=\"accentue\">Competencia municipal limitada<\/span>: el Ayuntamiento no puede asumir la gesti\u00f3n ordinaria mientras no exista <span class=\"accentue\">reparcelaci\u00f3n<\/span> y <span class=\"accentue\">recepci\u00f3n oficial<\/span> de las obras de urbanizaci\u00f3n.<\/li>\n<li><span class=\"accentue\">Marco jur\u00eddico<\/span>: varias sentencias (2013, TSJC 2016) confirman que el Ayuntamiento carece de competencia ordinaria; act\u00faa con car\u00e1cter <span class=\"accentue\">excepcional y subsidiario<\/span> (art. 21.1.m de la Ley 7\/1985).<\/li>\n<li><span class=\"accentue\">Carga financiera<\/span>: la financiaci\u00f3n recae \u00edntegramente en los <span class=\"accentue\">propietarios<\/span> de la urbanizaci\u00f3n privada.<\/li>\n<\/ul>\n<h2>2) Nuevas acciones previstas por el anexo<\/h2>\n<ul>\n<li><span class=\"accentue\">Vigilancia, inspecci\u00f3n y mantenimiento correctivo<\/span> de la red 24h\/24 y 365 d\u00edas\/a\u00f1o.<\/li>\n<li><span class=\"accentue\">Instalaci\u00f3n<\/span> de <span class=\"accentue\">telecontrol<\/span> y <span class=\"accentue\">contadores generales<\/span> (a cargo del explotador, facturados a los abonados).<\/li>\n<li><span class=\"accentue\">Limpieza anual<\/span> de los dep\u00f3sitos de agua.<\/li>\n<\/ul>\n<p class=\"accentue\" style=\"margin: 12px 0;\">Estas tareas de mantenimiento se conf\u00edan a <span class=\"accentue\">Comaigua SL<\/span>, como explotador especializado mandatado por el Consell Comarcal.<\/p>\n<h2>3) Coste y financiaci\u00f3n<\/h2>\n<ul>\n<li><span class=\"accentue\">Importe anual<\/span>: <span class=\"accentue\">49.485,29 \u20ac<\/span> + IVA.<\/li>\n<li><span class=\"accentue\">Desglose<\/span>: personal (20.367,73 \u20ac), limpieza dep\u00f3sitos (4.417 \u20ac), material (17.875 \u20ac), gastos generales (6.825,58 \u20ac).<\/li>\n<li><span class=\"accentue\">Facturaci\u00f3n<\/span>: el coste se repercute \u00edntegramente a los <span class=\"accentue\">usuarios<\/span> de Planas del Rey.<\/li>\n<\/ul>\n<h2>4) Duraci\u00f3n y resoluci\u00f3n<\/h2>\n<ul>\n<li><span class=\"accentue\">Duraci\u00f3n<\/span>: 1 a\u00f1o, renovable expresamente de a\u00f1o en a\u00f1o.<\/li>\n<li><span class=\"accentue\">Resoluci\u00f3n anticipada<\/span>: posible unilateralmente por cualquiera de las partes con <span class=\"accentue\">preaviso de 3 meses<\/span>, o de mutuo acuerdo.<\/li>\n<\/ul>\n<h2>5) Consecuencias pr\u00e1cticas<\/h2>\n<ul>\n<li><span class=\"accentue\">Sin recepci\u00f3n<\/span>: la formalizaci\u00f3n del anexo no implica la recepci\u00f3n de la urbanizaci\u00f3n, ni siquiera parcial.<\/li>\n<li><span class=\"accentue\">Servicio m\u00ednimo<\/span>: la intervenci\u00f3n busca \u00fanicamente garantizar el acceso al agua como servicio b\u00e1sico, sin asumir plena responsabilidad municipal.<\/li>\n<li><span class=\"accentue\">Carga de los propietarios<\/span>: costes e inversiones siguen a cargo de los residentes.<\/li>\n<\/ul>\n<hr style=\"margin-bottom: 30px;\" \/>\n<h3 class=\"underline\">Documento<\/h3>\n<p style=\"padding-top: 30px;\"><a href=\"https:\/\/www.latribunedeplanas.com\/wp-content\/uploads\/2019\/08\/2010-12-28-annex-conveni-comaigua.pdf\" class=\"pdfemb-viewer\" style=\"\" data-width=\"max\" data-height=\"max\" data-mobile-width=\"0\"  data-scrollbar=\"none\" data-download=\"on\" data-tracking=\"on\" data-newwindow=\"on\" data-pagetextbox=\"off\" data-scrolltotop=\"off\" data-startzoom=\"100\" data-startfpzoom=\"100\" data-toolbar=\"top\" data-toolbar-fixed=\"off\">2010-12-28-annex-conveni-comaigua<br\/><\/a><\/p>\n<p>[\/et_pb_text][\/et_pb_column][\/et_pb_row][\/et_pb_section]<\/p>\n","protected":false},"excerpt":{"rendered":"<p>El 28\/12\/2010, el Ayuntamiento de Pratdip y el Consell Comarcal del Baix Camp aprueban un anexo al convenio inicial, con el fin de ampliar el encargo de gesti\u00f3n excepcional y subsidiaria del agua potable en Planas del Rey (Planes del Rei). Este anexo introduce por primera vez medidas de mantenimiento e inspecci\u00f3n de la red, [&hellip;]<\/p>\n","protected":false},"author":1,"featured_media":0,"comment_status":"closed","ping_status":"closed","sticky":false,"template":"","format":"standard","meta":{"_et_pb_use_builder":"on","_et_pb_old_content":"","_et_gb_content_width":"","footnotes":""},"categories":[217],"tags":[],"class_list":["post-28906","post","type-post","status-publish","format-standard","hentry","category-documentos"],"yoast_head":"<!-- This site is optimized with the Yoast SEO plugin v27.5 - https:\/\/yoast.com\/product\/yoast-seo-wordpress\/ -->\n<title>28 de diciembre de 2010: Anexo al Convenio Ayuntamiento de Pratdip - Consell Comarcal (Comaigua) - Acciones urgentes para el agua en Planas del Rey - La Tribune de Planas<\/title>\n<meta name=\"description\" content=\"Anexo 2010: Comaigua asume mantenimiento y vigilancia del agua en Planas del Rey, con costes repercutidos \u00edntegramente a los propietarios\" \/>\n<meta name=\"robots\" content=\"index, follow, max-snippet:-1, max-image-preview:large, max-video-preview:-1\" \/>\n<link rel=\"canonical\" href=\"https:\/\/www.latribunedeplanas.com\/es\/28-de-diciembre-de-2010-anexo-al-convenio-ayuntamiento-de-pratdip-consell-comarcal-comaigua-acciones-urgentes-para-el-agua-en-planas-del-rey\/\" \/>\n<meta property=\"og:locale\" content=\"es_ES\" \/>\n<meta property=\"og:type\" content=\"article\" \/>\n<meta property=\"og:title\" content=\"28 de diciembre de 2010: Anexo al Convenio Ayuntamiento de Pratdip - Consell Comarcal (Comaigua) - Acciones urgentes para el agua en Planas del Rey - La Tribune de Planas\" \/>\n<meta property=\"og:description\" content=\"Anexo 2010: Comaigua asume mantenimiento y vigilancia del agua en Planas del Rey, con costes repercutidos \u00edntegramente a los propietarios\" \/>\n<meta property=\"og:url\" content=\"https:\/\/www.latribunedeplanas.com\/es\/28-de-diciembre-de-2010-anexo-al-convenio-ayuntamiento-de-pratdip-consell-comarcal-comaigua-acciones-urgentes-para-el-agua-en-planas-del-rey\/\" \/>\n<meta property=\"og:site_name\" content=\"La Tribune de Planas\" \/>\n<meta property=\"article:publisher\" content=\"https:\/\/www.facebook.com\/groups\/1220895301376005\/\" \/>\n<meta property=\"article:author\" content=\"https:\/\/www.facebook.com\/Creawebsite-113915200150984\" \/>\n<meta property=\"article:published_time\" content=\"2010-12-28T14:40:25+00:00\" \/>\n<meta property=\"article:modified_time\" content=\"2025-08-25T13:46:32+00:00\" \/>\n<meta name=\"author\" content=\"Jim\" \/>\n<meta name=\"twitter:card\" content=\"summary_large_image\" \/>\n<meta name=\"twitter:label1\" content=\"Escrito por\" \/>\n\t<meta name=\"twitter:data1\" content=\"Jim\" \/>\n\t<meta name=\"twitter:label2\" content=\"Tiempo de lectura\" \/>\n\t<meta name=\"twitter:data2\" content=\"2 minutos\" \/>\n<script type=\"application\/ld+json\" class=\"yoast-schema-graph\">{\"@context\":\"https:\\\/\\\/schema.org\",\"@graph\":[{\"@type\":\"Article\",\"@id\":\"https:\\\/\\\/www.latribunedeplanas.com\\\/es\\\/28-de-diciembre-de-2010-anexo-al-convenio-ayuntamiento-de-pratdip-consell-comarcal-comaigua-acciones-urgentes-para-el-agua-en-planas-del-rey\\\/#article\",\"isPartOf\":{\"@id\":\"https:\\\/\\\/www.latribunedeplanas.com\\\/es\\\/28-de-diciembre-de-2010-anexo-al-convenio-ayuntamiento-de-pratdip-consell-comarcal-comaigua-acciones-urgentes-para-el-agua-en-planas-del-rey\\\/\"},\"author\":{\"name\":\"Jim\",\"@id\":\"https:\\\/\\\/www.latribunedeplanas.com\\\/es\\\/#\\\/schema\\\/person\\\/590a87318688792f18d8e1c983528bc8\"},\"headline\":\"28 de diciembre de 2010: Anexo al Convenio Ayuntamiento de Pratdip &#8211; Consell Comarcal (Comaigua) &#8211; Acciones urgentes para el agua en Planas del Rey\",\"datePublished\":\"2010-12-28T14:40:25+00:00\",\"dateModified\":\"2025-08-25T13:46:32+00:00\",\"mainEntityOfPage\":{\"@id\":\"https:\\\/\\\/www.latribunedeplanas.com\\\/es\\\/28-de-diciembre-de-2010-anexo-al-convenio-ayuntamiento-de-pratdip-consell-comarcal-comaigua-acciones-urgentes-para-el-agua-en-planas-del-rey\\\/\"},\"wordCount\":619,\"publisher\":{\"@id\":\"https:\\\/\\\/www.latribunedeplanas.com\\\/es\\\/#organization\"},\"articleSection\":[\"Documentos\"],\"inLanguage\":\"es\"},{\"@type\":\"WebPage\",\"@id\":\"https:\\\/\\\/www.latribunedeplanas.com\\\/es\\\/28-de-diciembre-de-2010-anexo-al-convenio-ayuntamiento-de-pratdip-consell-comarcal-comaigua-acciones-urgentes-para-el-agua-en-planas-del-rey\\\/\",\"url\":\"https:\\\/\\\/www.latribunedeplanas.com\\\/es\\\/28-de-diciembre-de-2010-anexo-al-convenio-ayuntamiento-de-pratdip-consell-comarcal-comaigua-acciones-urgentes-para-el-agua-en-planas-del-rey\\\/\",\"name\":\"28 de diciembre de 2010: Anexo al Convenio Ayuntamiento de Pratdip - Consell Comarcal (Comaigua) - Acciones urgentes para el agua en Planas del Rey - La Tribune de Planas\",\"isPartOf\":{\"@id\":\"https:\\\/\\\/www.latribunedeplanas.com\\\/es\\\/#website\"},\"datePublished\":\"2010-12-28T14:40:25+00:00\",\"dateModified\":\"2025-08-25T13:46:32+00:00\",\"description\":\"Anexo 2010: Comaigua asume mantenimiento y vigilancia del agua en Planas del Rey, con costes repercutidos \u00edntegramente a los propietarios\",\"breadcrumb\":{\"@id\":\"https:\\\/\\\/www.latribunedeplanas.com\\\/es\\\/28-de-diciembre-de-2010-anexo-al-convenio-ayuntamiento-de-pratdip-consell-comarcal-comaigua-acciones-urgentes-para-el-agua-en-planas-del-rey\\\/#breadcrumb\"},\"inLanguage\":\"es\",\"potentialAction\":[{\"@type\":\"ReadAction\",\"target\":[\"https:\\\/\\\/www.latribunedeplanas.com\\\/es\\\/28-de-diciembre-de-2010-anexo-al-convenio-ayuntamiento-de-pratdip-consell-comarcal-comaigua-acciones-urgentes-para-el-agua-en-planas-del-rey\\\/\"]}]},{\"@type\":\"BreadcrumbList\",\"@id\":\"https:\\\/\\\/www.latribunedeplanas.com\\\/es\\\/28-de-diciembre-de-2010-anexo-al-convenio-ayuntamiento-de-pratdip-consell-comarcal-comaigua-acciones-urgentes-para-el-agua-en-planas-del-rey\\\/#breadcrumb\",\"itemListElement\":[{\"@type\":\"ListItem\",\"position\":1,\"name\":\"Accueil\",\"item\":\"https:\\\/\\\/www.latribunedeplanas.com\\\/es\\\/\"},{\"@type\":\"ListItem\",\"position\":2,\"name\":\"28 de diciembre de 2010: Anexo al Convenio Ayuntamiento de Pratdip &#8211; Consell Comarcal (Comaigua) &#8211; Acciones urgentes para el agua en Planas del Rey\"}]},{\"@type\":\"WebSite\",\"@id\":\"https:\\\/\\\/www.latribunedeplanas.com\\\/es\\\/#website\",\"url\":\"https:\\\/\\\/www.latribunedeplanas.com\\\/es\\\/\",\"name\":\"La Tribune de Planas\",\"description\":\"Les Planes del Rei - Urbanizaci\u00f3n del municipio de Pratdip\",\"publisher\":{\"@id\":\"https:\\\/\\\/www.latribunedeplanas.com\\\/es\\\/#organization\"},\"potentialAction\":[{\"@type\":\"SearchAction\",\"target\":{\"@type\":\"EntryPoint\",\"urlTemplate\":\"https:\\\/\\\/www.latribunedeplanas.com\\\/es\\\/?s={search_term_string}\"},\"query-input\":{\"@type\":\"PropertyValueSpecification\",\"valueRequired\":true,\"valueName\":\"search_term_string\"}}],\"inLanguage\":\"es\"},{\"@type\":\"Organization\",\"@id\":\"https:\\\/\\\/www.latribunedeplanas.com\\\/es\\\/#organization\",\"name\":\"Vecinos de Planes del Rei (SOSPlanes)\",\"url\":\"https:\\\/\\\/www.latribunedeplanas.com\\\/es\\\/\",\"logo\":{\"@type\":\"ImageObject\",\"inLanguage\":\"es\",\"@id\":\"https:\\\/\\\/www.latribunedeplanas.com\\\/es\\\/#\\\/schema\\\/logo\\\/image\\\/\",\"url\":\"https:\\\/\\\/www.latribunedeplanas.com\\\/wp-content\\\/uploads\\\/2021\\\/11\\\/logo-sos-planas-0.png\",\"contentUrl\":\"https:\\\/\\\/www.latribunedeplanas.com\\\/wp-content\\\/uploads\\\/2021\\\/11\\\/logo-sos-planas-0.png\",\"width\":600,\"height\":400,\"caption\":\"Vecinos de Planes del Rei (SOSPlanes)\"},\"image\":{\"@id\":\"https:\\\/\\\/www.latribunedeplanas.com\\\/es\\\/#\\\/schema\\\/logo\\\/image\\\/\"},\"sameAs\":[\"https:\\\/\\\/www.facebook.com\\\/groups\\\/1220895301376005\\\/\",\"https:\\\/\\\/www.instagram.com\\\/lasplanasdelrey\\\/\"]},{\"@type\":\"Person\",\"@id\":\"https:\\\/\\\/www.latribunedeplanas.com\\\/es\\\/#\\\/schema\\\/person\\\/590a87318688792f18d8e1c983528bc8\",\"name\":\"Jim\",\"image\":{\"@type\":\"ImageObject\",\"inLanguage\":\"es\",\"@id\":\"https:\\\/\\\/secure.gravatar.com\\\/avatar\\\/5a89228fd282eb9ee33a60b4ff06f9c31751866f1fb91ca56263af0968354113?s=96&d=mm&r=g\",\"url\":\"https:\\\/\\\/secure.gravatar.com\\\/avatar\\\/5a89228fd282eb9ee33a60b4ff06f9c31751866f1fb91ca56263af0968354113?s=96&d=mm&r=g\",\"contentUrl\":\"https:\\\/\\\/secure.gravatar.com\\\/avatar\\\/5a89228fd282eb9ee33a60b4ff06f9c31751866f1fb91ca56263af0968354113?s=96&d=mm&r=g\",\"caption\":\"Jim\"},\"sameAs\":[\"https:\\\/\\\/www.creawebsite.be\\\/\",\"https:\\\/\\\/www.facebook.com\\\/Creawebsite-113915200150984\",\"https:\\\/\\\/www.instagram.com\\\/creawebsite.be\\\/\",\"https:\\\/\\\/www.linkedin.com\\\/in\\\/jean-marc-delchef\\\/\"]}]}<\/script>\n<!-- \/ Yoast SEO plugin. -->","yoast_head_json":{"title":"28 de diciembre de 2010: Anexo al Convenio Ayuntamiento de Pratdip - Consell Comarcal (Comaigua) - Acciones urgentes para el agua en Planas del Rey - La Tribune de Planas","description":"Anexo 2010: Comaigua asume mantenimiento y vigilancia del agua en Planas del Rey, con costes repercutidos \u00edntegramente a los propietarios","robots":{"index":"index","follow":"follow","max-snippet":"max-snippet:-1","max-image-preview":"max-image-preview:large","max-video-preview":"max-video-preview:-1"},"canonical":"https:\/\/www.latribunedeplanas.com\/es\/28-de-diciembre-de-2010-anexo-al-convenio-ayuntamiento-de-pratdip-consell-comarcal-comaigua-acciones-urgentes-para-el-agua-en-planas-del-rey\/","og_locale":"es_ES","og_type":"article","og_title":"28 de diciembre de 2010: Anexo al Convenio Ayuntamiento de Pratdip - Consell Comarcal (Comaigua) - Acciones urgentes para el agua en Planas del Rey - La Tribune de Planas","og_description":"Anexo 2010: Comaigua asume mantenimiento y vigilancia del agua en Planas del Rey, con costes repercutidos \u00edntegramente a los propietarios","og_url":"https:\/\/www.latribunedeplanas.com\/es\/28-de-diciembre-de-2010-anexo-al-convenio-ayuntamiento-de-pratdip-consell-comarcal-comaigua-acciones-urgentes-para-el-agua-en-planas-del-rey\/","og_site_name":"La Tribune de Planas","article_publisher":"https:\/\/www.facebook.com\/groups\/1220895301376005\/","article_author":"https:\/\/www.facebook.com\/Creawebsite-113915200150984","article_published_time":"2010-12-28T14:40:25+00:00","article_modified_time":"2025-08-25T13:46:32+00:00","author":"Jim","twitter_card":"summary_large_image","twitter_misc":{"Escrito por":"Jim","Tiempo de lectura":"2 minutos"},"schema":{"@context":"https:\/\/schema.org","@graph":[{"@type":"Article","@id":"https:\/\/www.latribunedeplanas.com\/es\/28-de-diciembre-de-2010-anexo-al-convenio-ayuntamiento-de-pratdip-consell-comarcal-comaigua-acciones-urgentes-para-el-agua-en-planas-del-rey\/#article","isPartOf":{"@id":"https:\/\/www.latribunedeplanas.com\/es\/28-de-diciembre-de-2010-anexo-al-convenio-ayuntamiento-de-pratdip-consell-comarcal-comaigua-acciones-urgentes-para-el-agua-en-planas-del-rey\/"},"author":{"name":"Jim","@id":"https:\/\/www.latribunedeplanas.com\/es\/#\/schema\/person\/590a87318688792f18d8e1c983528bc8"},"headline":"28 de diciembre de 2010: Anexo al Convenio Ayuntamiento de Pratdip &#8211; Consell Comarcal (Comaigua) &#8211; Acciones urgentes para el agua en Planas del Rey","datePublished":"2010-12-28T14:40:25+00:00","dateModified":"2025-08-25T13:46:32+00:00","mainEntityOfPage":{"@id":"https:\/\/www.latribunedeplanas.com\/es\/28-de-diciembre-de-2010-anexo-al-convenio-ayuntamiento-de-pratdip-consell-comarcal-comaigua-acciones-urgentes-para-el-agua-en-planas-del-rey\/"},"wordCount":619,"publisher":{"@id":"https:\/\/www.latribunedeplanas.com\/es\/#organization"},"articleSection":["Documentos"],"inLanguage":"es"},{"@type":"WebPage","@id":"https:\/\/www.latribunedeplanas.com\/es\/28-de-diciembre-de-2010-anexo-al-convenio-ayuntamiento-de-pratdip-consell-comarcal-comaigua-acciones-urgentes-para-el-agua-en-planas-del-rey\/","url":"https:\/\/www.latribunedeplanas.com\/es\/28-de-diciembre-de-2010-anexo-al-convenio-ayuntamiento-de-pratdip-consell-comarcal-comaigua-acciones-urgentes-para-el-agua-en-planas-del-rey\/","name":"28 de diciembre de 2010: Anexo al Convenio Ayuntamiento de Pratdip - Consell Comarcal (Comaigua) - Acciones urgentes para el agua en Planas del Rey - La Tribune de Planas","isPartOf":{"@id":"https:\/\/www.latribunedeplanas.com\/es\/#website"},"datePublished":"2010-12-28T14:40:25+00:00","dateModified":"2025-08-25T13:46:32+00:00","description":"Anexo 2010: Comaigua asume mantenimiento y vigilancia del agua en Planas del Rey, con costes repercutidos \u00edntegramente a los propietarios","breadcrumb":{"@id":"https:\/\/www.latribunedeplanas.com\/es\/28-de-diciembre-de-2010-anexo-al-convenio-ayuntamiento-de-pratdip-consell-comarcal-comaigua-acciones-urgentes-para-el-agua-en-planas-del-rey\/#breadcrumb"},"inLanguage":"es","potentialAction":[{"@type":"ReadAction","target":["https:\/\/www.latribunedeplanas.com\/es\/28-de-diciembre-de-2010-anexo-al-convenio-ayuntamiento-de-pratdip-consell-comarcal-comaigua-acciones-urgentes-para-el-agua-en-planas-del-rey\/"]}]},{"@type":"BreadcrumbList","@id":"https:\/\/www.latribunedeplanas.com\/es\/28-de-diciembre-de-2010-anexo-al-convenio-ayuntamiento-de-pratdip-consell-comarcal-comaigua-acciones-urgentes-para-el-agua-en-planas-del-rey\/#breadcrumb","itemListElement":[{"@type":"ListItem","position":1,"name":"Accueil","item":"https:\/\/www.latribunedeplanas.com\/es\/"},{"@type":"ListItem","position":2,"name":"28 de diciembre de 2010: Anexo al Convenio Ayuntamiento de Pratdip &#8211; Consell Comarcal (Comaigua) &#8211; Acciones urgentes para el agua en Planas del Rey"}]},{"@type":"WebSite","@id":"https:\/\/www.latribunedeplanas.com\/es\/#website","url":"https:\/\/www.latribunedeplanas.com\/es\/","name":"La Tribune de Planas","description":"Les Planes del Rei - Urbanizaci\u00f3n del municipio de Pratdip","publisher":{"@id":"https:\/\/www.latribunedeplanas.com\/es\/#organization"},"potentialAction":[{"@type":"SearchAction","target":{"@type":"EntryPoint","urlTemplate":"https:\/\/www.latribunedeplanas.com\/es\/?s={search_term_string}"},"query-input":{"@type":"PropertyValueSpecification","valueRequired":true,"valueName":"search_term_string"}}],"inLanguage":"es"},{"@type":"Organization","@id":"https:\/\/www.latribunedeplanas.com\/es\/#organization","name":"Vecinos de Planes del Rei (SOSPlanes)","url":"https:\/\/www.latribunedeplanas.com\/es\/","logo":{"@type":"ImageObject","inLanguage":"es","@id":"https:\/\/www.latribunedeplanas.com\/es\/#\/schema\/logo\/image\/","url":"https:\/\/www.latribunedeplanas.com\/wp-content\/uploads\/2021\/11\/logo-sos-planas-0.png","contentUrl":"https:\/\/www.latribunedeplanas.com\/wp-content\/uploads\/2021\/11\/logo-sos-planas-0.png","width":600,"height":400,"caption":"Vecinos de Planes del Rei (SOSPlanes)"},"image":{"@id":"https:\/\/www.latribunedeplanas.com\/es\/#\/schema\/logo\/image\/"},"sameAs":["https:\/\/www.facebook.com\/groups\/1220895301376005\/","https:\/\/www.instagram.com\/lasplanasdelrey\/"]},{"@type":"Person","@id":"https:\/\/www.latribunedeplanas.com\/es\/#\/schema\/person\/590a87318688792f18d8e1c983528bc8","name":"Jim","image":{"@type":"ImageObject","inLanguage":"es","@id":"https:\/\/secure.gravatar.com\/avatar\/5a89228fd282eb9ee33a60b4ff06f9c31751866f1fb91ca56263af0968354113?s=96&d=mm&r=g","url":"https:\/\/secure.gravatar.com\/avatar\/5a89228fd282eb9ee33a60b4ff06f9c31751866f1fb91ca56263af0968354113?s=96&d=mm&r=g","contentUrl":"https:\/\/secure.gravatar.com\/avatar\/5a89228fd282eb9ee33a60b4ff06f9c31751866f1fb91ca56263af0968354113?s=96&d=mm&r=g","caption":"Jim"},"sameAs":["https:\/\/www.creawebsite.be\/","https:\/\/www.facebook.com\/Creawebsite-113915200150984","https:\/\/www.instagram.com\/creawebsite.be\/","https:\/\/www.linkedin.com\/in\/jean-marc-delchef\/"]}]}},"_links":{"self":[{"href":"https:\/\/www.latribunedeplanas.com\/es\/wp-json\/wp\/v2\/posts\/28906","targetHints":{"allow":["GET"]}}],"collection":[{"href":"https:\/\/www.latribunedeplanas.com\/es\/wp-json\/wp\/v2\/posts"}],"about":[{"href":"https:\/\/www.latribunedeplanas.com\/es\/wp-json\/wp\/v2\/types\/post"}],"author":[{"embeddable":true,"href":"https:\/\/www.latribunedeplanas.com\/es\/wp-json\/wp\/v2\/users\/1"}],"replies":[{"embeddable":true,"href":"https:\/\/www.latribunedeplanas.com\/es\/wp-json\/wp\/v2\/comments?post=28906"}],"version-history":[{"count":2,"href":"https:\/\/www.latribunedeplanas.com\/es\/wp-json\/wp\/v2\/posts\/28906\/revisions"}],"predecessor-version":[{"id":28909,"href":"https:\/\/www.latribunedeplanas.com\/es\/wp-json\/wp\/v2\/posts\/28906\/revisions\/28909"}],"wp:attachment":[{"href":"https:\/\/www.latribunedeplanas.com\/es\/wp-json\/wp\/v2\/media?parent=28906"}],"wp:term":[{"taxonomy":"category","embeddable":true,"href":"https:\/\/www.latribunedeplanas.com\/es\/wp-json\/wp\/v2\/categories?post=28906"},{"taxonomy":"post_tag","embeddable":true,"href":"https:\/\/www.latribunedeplanas.com\/es\/wp-json\/wp\/v2\/tags?post=28906"}],"curies":[{"name":"wp","href":"https:\/\/api.w.org\/{rel}","templated":true}]}}