{"id":28888,"date":"2010-12-28T15:13:25","date_gmt":"2010-12-28T14:13:25","guid":{"rendered":"https:\/\/www.latribunedeplanas.com\/28-decembre-2010-convention-mairie-de-pratdip-consell-comarcal-secomsa-aigues-gestion-de-leau-a-planas-del-rey\/"},"modified":"2025-08-25T15:21:32","modified_gmt":"2025-08-25T13:21:32","slug":"28-de-diciembre-de-2010-convenio-ayuntamiento-de-pratdip-consell-comarcal-secomsa-aigues-gestion-del-agua-en-planas-del-rey","status":"publish","type":"post","link":"https:\/\/www.latribunedeplanas.com\/es\/28-de-diciembre-de-2010-convenio-ayuntamiento-de-pratdip-consell-comarcal-secomsa-aigues-gestion-del-agua-en-planas-del-rey\/","title":{"rendered":"28 de diciembre de 2010: Convenio Ayuntamiento de Pratdip &#8211; Consell Comarcal (Secomsa Aig\u00fces) &#8211; Gesti\u00f3n del agua en Planas del Rey"},"content":{"rendered":"<p>[et_pb_section fb_built=\u00bb1&#8243; admin_label=\u00bbSection-Article\u00bb module_class=\u00bbsection-article\u00bb _builder_version=\u00bb4.18.0&#8243; custom_margin=\u00bb0px|0px|0px|0px\u00bb custom_padding=\u00bb0px|0px|0px|0px\u00bb global_colors_info=\u00bb{}\u00bb][et_pb_row use_custom_gutter=\u00bbon\u00bb gutter_width=\u00bb1&#8243; custom_padding_last_edited=\u00bbon|phone\u00bb admin_label=\u00bbLigne-Article\u00bb module_class=\u00bbligne-article et_pb_row_fullwidth\u00bb _builder_version=\u00bb4.27.4&#8243; width=\u00bb100%\u00bb width_tablet=\u00bb100%\u00bb width_phone=\u00bb\u00bb width_last_edited=\u00bbon|desktop\u00bb max_width=\u00bb100%\u00bb max_width_tablet=\u00bb100%\u00bb max_width_phone=\u00bb\u00bb max_width_last_edited=\u00bbon|desktop\u00bb custom_margin=\u00bb0px||0px\u00bb custom_padding=\u00bb20px||0px||false|false\u00bb custom_padding_tablet=\u00bb20px||0px||false|false\u00bb custom_padding_phone=\u00bb15px||||false|false\u00bb make_fullwidth=\u00bbon\u00bb global_colors_info=\u00bb{}\u00bb][et_pb_column type=\u00bb4_4&#8243; _builder_version=\u00bb4.16&#8243; custom_padding=\u00bb|||\u00bb global_colors_info=\u00bb{}\u00bb custom_padding__hover=\u00bb|||\u00bb][et_pb_text admin_label=\u00bbTexte-28 de diciembre de 2010 : Convenio Ayuntamiento de Pratdip &#8211; Consell Comarcal (Secomsa Aig\u00fces) \u2013 Gesti\u00f3n del agua en Planas del Rey\u00bb module_class=\u00bbtxt-article\u00bb _builder_version=\u00bb4.27.4&#8243; text_font=\u00bb|300|||||||\u00bb header_font=\u00bb||||||||\u00bb header_2_line_height=\u00bb1.2em\u00bb header_3_font=\u00bb||||||||\u00bb header_3_line_height=\u00bb1.3em\u00bb header_4_text_align=\u00bbcenter\u00bb custom_padding=\u00bb||||false|false\u00bb hover_enabled=\u00bb0&#8243; text_line_height_tablet=\u00bb\u00bb text_line_height_phone=\u00bb1.3em\u00bb text_line_height_last_edited=\u00bbon|desktop\u00bb header_2_font_size_tablet=\u00bb\u00bb header_2_font_size_phone=\u00bb\u00bb header_2_font_size_last_edited=\u00bbon|phone\u00bb header_3_font_size_tablet=\u00bb\u00bb header_3_font_size_phone=\u00bb23px\u00bb header_3_font_size_last_edited=\u00bbon|desktop\u00bb global_colors_info=\u00bb{}\u00bb sticky_enabled=\u00bb0&#8243;]<\/p>\n<p>El <span class=\"accentue\">28\/12\/2010<\/span>, el <span class=\"accentue\">Ayuntamiento de Pratdip<\/span> y el <span class=\"accentue\">Consell Comarcal del Baix Camp<\/span> concluyen un <span class=\"accentue\">convenio<\/span> que conf\u00eda al ente comarcal (a trav\u00e9s de <span class=\"accentue\">Secomsa Aig\u00fces SL<\/span>) la <span class=\"accentue\">gesti\u00f3n administrativa<\/span> del servicio de <span class=\"accentue\">agua potable<\/span> para la urbanizaci\u00f3n <span class=\"accentue\">Planas del Rey (Planes del Rei)<\/span>. Las facturas se emiten a nombre del Ayuntamiento, que sigue siendo responsable del servicio, mientras que la ejecuci\u00f3n material se delega.<\/p>\n<hr style=\"margin-bottom: 30px;\" \/>\n<h2>1) Partes y fecha<\/h2>\n<ul>\n<li><span class=\"accentue\">Fecha<\/span> : 28\/12\/2010 (Reus).<\/li>\n<li><span class=\"accentue\">Partes<\/span> : Consell Comarcal (Presidente <span class=\"accentue\">Josep Masdeu Isern<\/span>) y <span class=\"accentue\">Ayuntamiento de Pratdip<\/span> (Alcalde <span class=\"accentue\">Josep Muntan\u00e9 i Vidal<\/span>), asistidos por sus secretarios.<\/li>\n<li><span class=\"accentue\">Base legal<\/span> : Decretos legislativos 2\/2003 y 4\/2003 (Catalu\u00f1a), Ley 7\/1985 (Bases del r\u00e9gimen local), Decreto 179\/1995 (ROAS), Ley 26\/2010 (Catalu\u00f1a), Texto refundido de aguas (DL 3\/2003), etc.<\/li>\n<\/ul>\n<h2>2) Objeto del convenio<\/h2>\n<ul>\n<li><span class=\"accentue\">Lectura de contadores<\/span> de los abonados de Planas del Rey (Planes del Rei).<\/li>\n<li><span class=\"accentue\">Facturaci\u00f3n y cobro trimestral<\/span> (emisi\u00f3n de soportes de pago, listados de control, gesti\u00f3n de impagos).<\/li>\n<li><span class=\"accentue\">Control sanitario<\/span> (desinfecci\u00f3n, an\u00e1lisis \u2013 conforme al <span class=\"accentue\">RD 140\/2003<\/span>).<\/li>\n<li><span class=\"accentue\">Gesti\u00f3n del C\u00e0non de l\u2019Aigua<\/span> (preparaci\u00f3n y transmisi\u00f3n de informaci\u00f3n a la ACA \u2013 ingreso directo por parte del ente gestor).<\/li>\n<li><span class=\"accentue\">Sustituci\u00f3n<\/span> de <span class=\"accentue\">30 contadores<\/span> (renovaci\u00f3n por antig\u00fcedad; otras sustituciones facturadas seg\u00fan precios unitarios anexos).<\/li>\n<\/ul>\n<p class=\"accentue\" style=\"margin: 12px 0;\">Importante: el texto <u>no prev\u00e9 el mantenimiento\/renovaci\u00f3n de la red<\/u> (canalizaciones, dep\u00f3sitos, estaciones de bombeo). Organiza sobre todo la gesti\u00f3n administrativa y sanitaria corriente.<\/p>\n<h2>3) Alcance territorial y normativa aplicable<\/h2>\n<ul>\n<li><span class=\"accentue\">\u00c1mbito<\/span> : urbanizaci\u00f3n <span class=\"accentue\">Planas del Rey (Planes del Rei)<\/span>.<\/li>\n<li><span class=\"accentue\">Reglamento comarcal<\/span> : aplicaci\u00f3n del <span class=\"accentue\">Reglamento comarcal de agua y saneamiento<\/span> (BOP Tarragona n\u00b0133, 10\/06\/2010); en caso de existir un reglamento municipal, su <span class=\"accentue\">eficacia queda suspendida<\/span> durante la delegaci\u00f3n.<\/li>\n<\/ul>\n<h2>4) Tarifas, facturaci\u00f3n y liquidaci\u00f3n<\/h2>\n<ul>\n<li><span class=\"accentue\">Tarifas<\/span> : aplicaci\u00f3n de las <span class=\"accentue\">tarifas municipales 2011<\/span> (Anexo 2 \u2013 estudio econ\u00f3mico anual elaborado por el ente gestor).<\/li>\n<li><span class=\"accentue\">Costes incluidos<\/span> : <span class=\"accentue\">energ\u00eda el\u00e9ctrica<\/span> y <span class=\"accentue\">mantenimiento del pozo \u201cLes Sorts\u201d<\/span> (determinados anualmente por el Ayuntamiento).<\/li>\n<li><span class=\"accentue\">Periodicidad<\/span> : facturaci\u00f3n trimestral a periodos vencidos.<\/li>\n<li><span class=\"accentue\">Liquidaci\u00f3n<\/span> : importes recaudados ingresados al Ayuntamiento <span class=\"accentue\">135 d\u00edas<\/span> despu\u00e9s de la emisi\u00f3n de las facturas, <span class=\"accentue\">deducidos<\/span> los costes facturados por el ente gestor.<\/li>\n<\/ul>\n<h2>5) Precio del servicio de gesti\u00f3n (Secomsa Aig\u00fces)<\/h2>\n<ul>\n<li><span class=\"accentue\">Importe anual<\/span> : <span class=\"accentue\">35.518,62 \u20ac<\/span> + <span class=\"accentue\">IVA 18 %<\/span> (tipo vigente en la firma), facturado trimestralmente.<\/li>\n<li><span class=\"accentue\">Revisi\u00f3n<\/span> : desde el 1 de enero de 2012 y luego cada a\u00f1o seg\u00fan el <span class=\"accentue\">IPC de Catalu\u00f1a<\/span> (m\u00ednimo: nunca inferior al del a\u00f1o anterior).<\/li>\n<\/ul>\n<h2>6) Duraci\u00f3n, renovaci\u00f3n y resoluci\u00f3n<\/h2>\n<ul>\n<li><span class=\"accentue\">Vigencia inicial<\/span> : a partir de la facturaci\u00f3n del <span class=\"accentue\">1er trimestre de 2011<\/span> hasta el <span class=\"accentue\">4\u00ba trimestre de 2011<\/span>.<\/li>\n<li><span class=\"accentue\">Renovaci\u00f3n<\/span> : t\u00e1cita por periodos anuales sucesivos.<\/li>\n<li><span class=\"accentue\">Resoluci\u00f3n<\/span> : por cualquiera de las partes con <span class=\"accentue\">preaviso de 3 meses<\/span> antes de cada vencimiento.<\/li>\n<\/ul>\n<h2>7) Protecci\u00f3n de datos<\/h2>\n<ul>\n<li><span class=\"accentue\">Responsable<\/span> : Ayuntamiento de Pratdip; <span class=\"accentue\">encargado del tratamiento<\/span> : Secomsa Aig\u00fces (acceso limitado a los ficheros necesarios, uso conforme a las instrucciones del Ayuntamiento y a las finalidades del contrato).<\/li>\n<\/ul>\n<h2>8) Jurisdicci\u00f3n y resoluci\u00f3n amistosa<\/h2>\n<ul>\n<li><span class=\"accentue\">Contencioso<\/span> : jurisdicci\u00f3n <span class=\"accentue\">contencioso-administrativa<\/span> competente.<\/li>\n<li><span class=\"accentue\">Antes de litigio<\/span> : <span class=\"accentue\">comisi\u00f3n mixta<\/span> de seguimiento para la soluci\u00f3n amistosa de los conflictos.<\/li>\n<\/ul>\n<hr style=\"margin-bottom: 30px;\" \/>\n<h2>9) Consecuencias pr\u00e1cticas<\/h2>\n<ul>\n<li><span class=\"accentue\">Facturas a nombre del Ayuntamiento<\/span> : la responsabilidad formal sigue siendo municipal, la gesti\u00f3n operativa se delega.<\/li>\n<li><span class=\"accentue\">Carga financiera<\/span> : el coste del servicio se repercute a los <span class=\"accentue\">abonados<\/span> (propietarios de la urbanizaci\u00f3n).<\/li>\n<li><span class=\"accentue\">Calidad del agua<\/span> : desinfecci\u00f3n y autocontroles conforme al RD 140\/2003.<\/li>\n<\/ul>\n<h2>10) L\u00edmites y puntos de atenci\u00f3n<\/h2>\n<ul>\n<li><span class=\"accentue\">Ausencia de mantenimiento de la red<\/span> : el convenio no trata del <span class=\"accentue\">mantenimiento de las infraestructuras<\/span> (canalizaciones, dep\u00f3sitos, bombas), ni de su <span class=\"accentue\">puesta al d\u00eda<\/span>.<\/li>\n<li><span class=\"accentue\">Dependencia del reglamento comarcal<\/span> : suspensi\u00f3n del reglamento municipal durante la delegaci\u00f3n (jerarqu\u00eda normativa a vigilar).<\/li>\n<li><span class=\"accentue\">Plazo de liquidaci\u00f3n (135 d\u00edas)<\/span> : impacto en la tesorer\u00eda municipal, con compensaci\u00f3n mediante la factura de costes del gestor.<\/li>\n<li><span class=\"accentue\">Revisiones tarifarias<\/span> : atenci\u00f3n al estudio econ\u00f3mico anual y a la indexaci\u00f3n (IPC) \u2013 m\u00ednimo sin reducci\u00f3n.<\/li>\n<\/ul>\n<hr style=\"margin-bottom: 30px;\" \/>\n<h3 class=\"underline\">Documento<\/h3>\n<p style=\"padding-top: 30px;\"><a href=\"https:\/\/www.latribunedeplanas.com\/wp-content\/uploads\/2018\/09\/2010-12-28-convenio-mairie-comaigua.pdf\" class=\"pdfemb-viewer\" style=\"\" data-width=\"max\" data-height=\"max\" data-mobile-width=\"0\"  data-scrollbar=\"none\" data-download=\"on\" data-tracking=\"on\" data-newwindow=\"on\" data-pagetextbox=\"off\" data-scrolltotop=\"off\" data-startzoom=\"100\" data-startfpzoom=\"100\" data-toolbar=\"top\" data-toolbar-fixed=\"off\">2010-12-28-convenio-mairie-comaigua<br\/><\/a><\/p>\n<p>[\/et_pb_text][\/et_pb_column][\/et_pb_row][\/et_pb_section]<\/p>\n","protected":false},"excerpt":{"rendered":"<p>El 28\/12\/2010, el Ayuntamiento de Pratdip y el Consell Comarcal del Baix Camp concluyen un convenio que conf\u00eda al ente comarcal (a trav\u00e9s de Secomsa Aig\u00fces SL) la gesti\u00f3n administrativa del servicio de agua potable para la urbanizaci\u00f3n Planas del Rey (Planes del Rei). Las facturas se emiten a nombre del Ayuntamiento, que sigue siendo [&hellip;]<\/p>\n","protected":false},"author":1,"featured_media":0,"comment_status":"closed","ping_status":"closed","sticky":false,"template":"","format":"standard","meta":{"_et_pb_use_builder":"on","_et_pb_old_content":"","_et_gb_content_width":"","footnotes":""},"categories":[217],"tags":[],"class_list":["post-28888","post","type-post","status-publish","format-standard","hentry","category-documentos"],"yoast_head":"<!-- This site is optimized with the Yoast SEO plugin v27.5 - https:\/\/yoast.com\/product\/yoast-seo-wordpress\/ -->\n<title>28 de diciembre de 2010: Convenio Ayuntamiento de Pratdip - Consell Comarcal (Secomsa Aig\u00fces) - Gesti\u00f3n del agua en Planas del Rey - La Tribune de Planas<\/title>\n<meta name=\"description\" content=\"Convenio 2010 entre Pratdip y el Consell Comarcal: gesti\u00f3n administrativa del agua en Planas del Rey, sin mantenimiento de la red\" \/>\n<meta name=\"robots\" content=\"index, follow, max-snippet:-1, max-image-preview:large, max-video-preview:-1\" \/>\n<link rel=\"canonical\" href=\"https:\/\/www.latribunedeplanas.com\/es\/28-de-diciembre-de-2010-convenio-ayuntamiento-de-pratdip-consell-comarcal-secomsa-aigues-gestion-del-agua-en-planas-del-rey\/\" \/>\n<meta property=\"og:locale\" content=\"es_ES\" \/>\n<meta property=\"og:type\" content=\"article\" \/>\n<meta property=\"og:title\" content=\"28 de diciembre de 2010: Convenio Ayuntamiento de Pratdip - Consell Comarcal (Secomsa Aig\u00fces) - Gesti\u00f3n del agua en Planas del Rey - La Tribune de Planas\" \/>\n<meta property=\"og:description\" content=\"Convenio 2010 entre Pratdip y el Consell Comarcal: gesti\u00f3n administrativa del agua en Planas del Rey, sin mantenimiento de la red\" \/>\n<meta property=\"og:url\" content=\"https:\/\/www.latribunedeplanas.com\/es\/28-de-diciembre-de-2010-convenio-ayuntamiento-de-pratdip-consell-comarcal-secomsa-aigues-gestion-del-agua-en-planas-del-rey\/\" \/>\n<meta property=\"og:site_name\" content=\"La Tribune de Planas\" \/>\n<meta property=\"article:publisher\" content=\"https:\/\/www.facebook.com\/groups\/1220895301376005\/\" \/>\n<meta property=\"article:author\" content=\"https:\/\/www.facebook.com\/Creawebsite-113915200150984\" \/>\n<meta property=\"article:published_time\" content=\"2010-12-28T14:13:25+00:00\" \/>\n<meta property=\"article:modified_time\" content=\"2025-08-25T13:21:32+00:00\" \/>\n<meta name=\"author\" content=\"Jim\" \/>\n<meta name=\"twitter:card\" content=\"summary_large_image\" \/>\n<meta name=\"twitter:label1\" content=\"Escrito por\" \/>\n\t<meta name=\"twitter:data1\" content=\"Jim\" \/>\n\t<meta name=\"twitter:label2\" content=\"Tiempo de lectura\" \/>\n\t<meta name=\"twitter:data2\" content=\"4 minutos\" \/>\n<script type=\"application\/ld+json\" class=\"yoast-schema-graph\">{\"@context\":\"https:\\\/\\\/schema.org\",\"@graph\":[{\"@type\":\"Article\",\"@id\":\"https:\\\/\\\/www.latribunedeplanas.com\\\/es\\\/28-de-diciembre-de-2010-convenio-ayuntamiento-de-pratdip-consell-comarcal-secomsa-aigues-gestion-del-agua-en-planas-del-rey\\\/#article\",\"isPartOf\":{\"@id\":\"https:\\\/\\\/www.latribunedeplanas.com\\\/es\\\/28-de-diciembre-de-2010-convenio-ayuntamiento-de-pratdip-consell-comarcal-secomsa-aigues-gestion-del-agua-en-planas-del-rey\\\/\"},\"author\":{\"name\":\"Jim\",\"@id\":\"https:\\\/\\\/www.latribunedeplanas.com\\\/es\\\/#\\\/schema\\\/person\\\/590a87318688792f18d8e1c983528bc8\"},\"headline\":\"28 de diciembre de 2010: Convenio Ayuntamiento de Pratdip &#8211; Consell Comarcal (Secomsa Aig\u00fces) &#8211; Gesti\u00f3n del agua en Planas del Rey\",\"datePublished\":\"2010-12-28T14:13:25+00:00\",\"dateModified\":\"2025-08-25T13:21:32+00:00\",\"mainEntityOfPage\":{\"@id\":\"https:\\\/\\\/www.latribunedeplanas.com\\\/es\\\/28-de-diciembre-de-2010-convenio-ayuntamiento-de-pratdip-consell-comarcal-secomsa-aigues-gestion-del-agua-en-planas-del-rey\\\/\"},\"wordCount\":918,\"publisher\":{\"@id\":\"https:\\\/\\\/www.latribunedeplanas.com\\\/es\\\/#organization\"},\"articleSection\":[\"Documentos\"],\"inLanguage\":\"es\"},{\"@type\":\"WebPage\",\"@id\":\"https:\\\/\\\/www.latribunedeplanas.com\\\/es\\\/28-de-diciembre-de-2010-convenio-ayuntamiento-de-pratdip-consell-comarcal-secomsa-aigues-gestion-del-agua-en-planas-del-rey\\\/\",\"url\":\"https:\\\/\\\/www.latribunedeplanas.com\\\/es\\\/28-de-diciembre-de-2010-convenio-ayuntamiento-de-pratdip-consell-comarcal-secomsa-aigues-gestion-del-agua-en-planas-del-rey\\\/\",\"name\":\"28 de diciembre de 2010: Convenio Ayuntamiento de Pratdip - Consell Comarcal (Secomsa Aig\u00fces) - Gesti\u00f3n del agua en Planas del Rey - La Tribune de Planas\",\"isPartOf\":{\"@id\":\"https:\\\/\\\/www.latribunedeplanas.com\\\/es\\\/#website\"},\"datePublished\":\"2010-12-28T14:13:25+00:00\",\"dateModified\":\"2025-08-25T13:21:32+00:00\",\"description\":\"Convenio 2010 entre Pratdip y el Consell Comarcal: gesti\u00f3n administrativa del agua en Planas del Rey, sin mantenimiento de la red\",\"breadcrumb\":{\"@id\":\"https:\\\/\\\/www.latribunedeplanas.com\\\/es\\\/28-de-diciembre-de-2010-convenio-ayuntamiento-de-pratdip-consell-comarcal-secomsa-aigues-gestion-del-agua-en-planas-del-rey\\\/#breadcrumb\"},\"inLanguage\":\"es\",\"potentialAction\":[{\"@type\":\"ReadAction\",\"target\":[\"https:\\\/\\\/www.latribunedeplanas.com\\\/es\\\/28-de-diciembre-de-2010-convenio-ayuntamiento-de-pratdip-consell-comarcal-secomsa-aigues-gestion-del-agua-en-planas-del-rey\\\/\"]}]},{\"@type\":\"BreadcrumbList\",\"@id\":\"https:\\\/\\\/www.latribunedeplanas.com\\\/es\\\/28-de-diciembre-de-2010-convenio-ayuntamiento-de-pratdip-consell-comarcal-secomsa-aigues-gestion-del-agua-en-planas-del-rey\\\/#breadcrumb\",\"itemListElement\":[{\"@type\":\"ListItem\",\"position\":1,\"name\":\"Accueil\",\"item\":\"https:\\\/\\\/www.latribunedeplanas.com\\\/es\\\/\"},{\"@type\":\"ListItem\",\"position\":2,\"name\":\"28 de diciembre de 2010: Convenio Ayuntamiento de Pratdip &#8211; Consell Comarcal (Secomsa Aig\u00fces) &#8211; Gesti\u00f3n del agua en Planas del Rey\"}]},{\"@type\":\"WebSite\",\"@id\":\"https:\\\/\\\/www.latribunedeplanas.com\\\/es\\\/#website\",\"url\":\"https:\\\/\\\/www.latribunedeplanas.com\\\/es\\\/\",\"name\":\"La Tribune de Planas\",\"description\":\"Les Planes del Rei - Urbanizaci\u00f3n del municipio de Pratdip\",\"publisher\":{\"@id\":\"https:\\\/\\\/www.latribunedeplanas.com\\\/es\\\/#organization\"},\"potentialAction\":[{\"@type\":\"SearchAction\",\"target\":{\"@type\":\"EntryPoint\",\"urlTemplate\":\"https:\\\/\\\/www.latribunedeplanas.com\\\/es\\\/?s={search_term_string}\"},\"query-input\":{\"@type\":\"PropertyValueSpecification\",\"valueRequired\":true,\"valueName\":\"search_term_string\"}}],\"inLanguage\":\"es\"},{\"@type\":\"Organization\",\"@id\":\"https:\\\/\\\/www.latribunedeplanas.com\\\/es\\\/#organization\",\"name\":\"Vecinos de Planes del Rei (SOSPlanes)\",\"url\":\"https:\\\/\\\/www.latribunedeplanas.com\\\/es\\\/\",\"logo\":{\"@type\":\"ImageObject\",\"inLanguage\":\"es\",\"@id\":\"https:\\\/\\\/www.latribunedeplanas.com\\\/es\\\/#\\\/schema\\\/logo\\\/image\\\/\",\"url\":\"https:\\\/\\\/www.latribunedeplanas.com\\\/wp-content\\\/uploads\\\/2021\\\/11\\\/logo-sos-planas-0.png\",\"contentUrl\":\"https:\\\/\\\/www.latribunedeplanas.com\\\/wp-content\\\/uploads\\\/2021\\\/11\\\/logo-sos-planas-0.png\",\"width\":600,\"height\":400,\"caption\":\"Vecinos de Planes del Rei (SOSPlanes)\"},\"image\":{\"@id\":\"https:\\\/\\\/www.latribunedeplanas.com\\\/es\\\/#\\\/schema\\\/logo\\\/image\\\/\"},\"sameAs\":[\"https:\\\/\\\/www.facebook.com\\\/groups\\\/1220895301376005\\\/\",\"https:\\\/\\\/www.instagram.com\\\/lasplanasdelrey\\\/\"]},{\"@type\":\"Person\",\"@id\":\"https:\\\/\\\/www.latribunedeplanas.com\\\/es\\\/#\\\/schema\\\/person\\\/590a87318688792f18d8e1c983528bc8\",\"name\":\"Jim\",\"image\":{\"@type\":\"ImageObject\",\"inLanguage\":\"es\",\"@id\":\"https:\\\/\\\/secure.gravatar.com\\\/avatar\\\/5a89228fd282eb9ee33a60b4ff06f9c31751866f1fb91ca56263af0968354113?s=96&d=mm&r=g\",\"url\":\"https:\\\/\\\/secure.gravatar.com\\\/avatar\\\/5a89228fd282eb9ee33a60b4ff06f9c31751866f1fb91ca56263af0968354113?s=96&d=mm&r=g\",\"contentUrl\":\"https:\\\/\\\/secure.gravatar.com\\\/avatar\\\/5a89228fd282eb9ee33a60b4ff06f9c31751866f1fb91ca56263af0968354113?s=96&d=mm&r=g\",\"caption\":\"Jim\"},\"sameAs\":[\"https:\\\/\\\/www.creawebsite.be\\\/\",\"https:\\\/\\\/www.facebook.com\\\/Creawebsite-113915200150984\",\"https:\\\/\\\/www.instagram.com\\\/creawebsite.be\\\/\",\"https:\\\/\\\/www.linkedin.com\\\/in\\\/jean-marc-delchef\\\/\"]}]}<\/script>\n<!-- \/ Yoast SEO plugin. -->","yoast_head_json":{"title":"28 de diciembre de 2010: Convenio Ayuntamiento de Pratdip - Consell Comarcal (Secomsa Aig\u00fces) - Gesti\u00f3n del agua en Planas del Rey - La Tribune de Planas","description":"Convenio 2010 entre Pratdip y el Consell Comarcal: gesti\u00f3n administrativa del agua en Planas del Rey, sin mantenimiento de la red","robots":{"index":"index","follow":"follow","max-snippet":"max-snippet:-1","max-image-preview":"max-image-preview:large","max-video-preview":"max-video-preview:-1"},"canonical":"https:\/\/www.latribunedeplanas.com\/es\/28-de-diciembre-de-2010-convenio-ayuntamiento-de-pratdip-consell-comarcal-secomsa-aigues-gestion-del-agua-en-planas-del-rey\/","og_locale":"es_ES","og_type":"article","og_title":"28 de diciembre de 2010: Convenio Ayuntamiento de Pratdip - Consell Comarcal (Secomsa Aig\u00fces) - Gesti\u00f3n del agua en Planas del Rey - La Tribune de Planas","og_description":"Convenio 2010 entre Pratdip y el Consell Comarcal: gesti\u00f3n administrativa del agua en Planas del Rey, sin mantenimiento de la red","og_url":"https:\/\/www.latribunedeplanas.com\/es\/28-de-diciembre-de-2010-convenio-ayuntamiento-de-pratdip-consell-comarcal-secomsa-aigues-gestion-del-agua-en-planas-del-rey\/","og_site_name":"La Tribune de Planas","article_publisher":"https:\/\/www.facebook.com\/groups\/1220895301376005\/","article_author":"https:\/\/www.facebook.com\/Creawebsite-113915200150984","article_published_time":"2010-12-28T14:13:25+00:00","article_modified_time":"2025-08-25T13:21:32+00:00","author":"Jim","twitter_card":"summary_large_image","twitter_misc":{"Escrito por":"Jim","Tiempo de lectura":"4 minutos"},"schema":{"@context":"https:\/\/schema.org","@graph":[{"@type":"Article","@id":"https:\/\/www.latribunedeplanas.com\/es\/28-de-diciembre-de-2010-convenio-ayuntamiento-de-pratdip-consell-comarcal-secomsa-aigues-gestion-del-agua-en-planas-del-rey\/#article","isPartOf":{"@id":"https:\/\/www.latribunedeplanas.com\/es\/28-de-diciembre-de-2010-convenio-ayuntamiento-de-pratdip-consell-comarcal-secomsa-aigues-gestion-del-agua-en-planas-del-rey\/"},"author":{"name":"Jim","@id":"https:\/\/www.latribunedeplanas.com\/es\/#\/schema\/person\/590a87318688792f18d8e1c983528bc8"},"headline":"28 de diciembre de 2010: Convenio Ayuntamiento de Pratdip &#8211; Consell Comarcal (Secomsa Aig\u00fces) &#8211; Gesti\u00f3n del agua en Planas del Rey","datePublished":"2010-12-28T14:13:25+00:00","dateModified":"2025-08-25T13:21:32+00:00","mainEntityOfPage":{"@id":"https:\/\/www.latribunedeplanas.com\/es\/28-de-diciembre-de-2010-convenio-ayuntamiento-de-pratdip-consell-comarcal-secomsa-aigues-gestion-del-agua-en-planas-del-rey\/"},"wordCount":918,"publisher":{"@id":"https:\/\/www.latribunedeplanas.com\/es\/#organization"},"articleSection":["Documentos"],"inLanguage":"es"},{"@type":"WebPage","@id":"https:\/\/www.latribunedeplanas.com\/es\/28-de-diciembre-de-2010-convenio-ayuntamiento-de-pratdip-consell-comarcal-secomsa-aigues-gestion-del-agua-en-planas-del-rey\/","url":"https:\/\/www.latribunedeplanas.com\/es\/28-de-diciembre-de-2010-convenio-ayuntamiento-de-pratdip-consell-comarcal-secomsa-aigues-gestion-del-agua-en-planas-del-rey\/","name":"28 de diciembre de 2010: Convenio Ayuntamiento de Pratdip - Consell Comarcal (Secomsa Aig\u00fces) - Gesti\u00f3n del agua en Planas del Rey - La Tribune de Planas","isPartOf":{"@id":"https:\/\/www.latribunedeplanas.com\/es\/#website"},"datePublished":"2010-12-28T14:13:25+00:00","dateModified":"2025-08-25T13:21:32+00:00","description":"Convenio 2010 entre Pratdip y el Consell Comarcal: gesti\u00f3n administrativa del agua en Planas del Rey, sin mantenimiento de la red","breadcrumb":{"@id":"https:\/\/www.latribunedeplanas.com\/es\/28-de-diciembre-de-2010-convenio-ayuntamiento-de-pratdip-consell-comarcal-secomsa-aigues-gestion-del-agua-en-planas-del-rey\/#breadcrumb"},"inLanguage":"es","potentialAction":[{"@type":"ReadAction","target":["https:\/\/www.latribunedeplanas.com\/es\/28-de-diciembre-de-2010-convenio-ayuntamiento-de-pratdip-consell-comarcal-secomsa-aigues-gestion-del-agua-en-planas-del-rey\/"]}]},{"@type":"BreadcrumbList","@id":"https:\/\/www.latribunedeplanas.com\/es\/28-de-diciembre-de-2010-convenio-ayuntamiento-de-pratdip-consell-comarcal-secomsa-aigues-gestion-del-agua-en-planas-del-rey\/#breadcrumb","itemListElement":[{"@type":"ListItem","position":1,"name":"Accueil","item":"https:\/\/www.latribunedeplanas.com\/es\/"},{"@type":"ListItem","position":2,"name":"28 de diciembre de 2010: Convenio Ayuntamiento de Pratdip &#8211; Consell Comarcal (Secomsa Aig\u00fces) &#8211; Gesti\u00f3n del agua en Planas del Rey"}]},{"@type":"WebSite","@id":"https:\/\/www.latribunedeplanas.com\/es\/#website","url":"https:\/\/www.latribunedeplanas.com\/es\/","name":"La Tribune de Planas","description":"Les Planes del Rei - Urbanizaci\u00f3n del municipio de Pratdip","publisher":{"@id":"https:\/\/www.latribunedeplanas.com\/es\/#organization"},"potentialAction":[{"@type":"SearchAction","target":{"@type":"EntryPoint","urlTemplate":"https:\/\/www.latribunedeplanas.com\/es\/?s={search_term_string}"},"query-input":{"@type":"PropertyValueSpecification","valueRequired":true,"valueName":"search_term_string"}}],"inLanguage":"es"},{"@type":"Organization","@id":"https:\/\/www.latribunedeplanas.com\/es\/#organization","name":"Vecinos de Planes del Rei (SOSPlanes)","url":"https:\/\/www.latribunedeplanas.com\/es\/","logo":{"@type":"ImageObject","inLanguage":"es","@id":"https:\/\/www.latribunedeplanas.com\/es\/#\/schema\/logo\/image\/","url":"https:\/\/www.latribunedeplanas.com\/wp-content\/uploads\/2021\/11\/logo-sos-planas-0.png","contentUrl":"https:\/\/www.latribunedeplanas.com\/wp-content\/uploads\/2021\/11\/logo-sos-planas-0.png","width":600,"height":400,"caption":"Vecinos de Planes del Rei (SOSPlanes)"},"image":{"@id":"https:\/\/www.latribunedeplanas.com\/es\/#\/schema\/logo\/image\/"},"sameAs":["https:\/\/www.facebook.com\/groups\/1220895301376005\/","https:\/\/www.instagram.com\/lasplanasdelrey\/"]},{"@type":"Person","@id":"https:\/\/www.latribunedeplanas.com\/es\/#\/schema\/person\/590a87318688792f18d8e1c983528bc8","name":"Jim","image":{"@type":"ImageObject","inLanguage":"es","@id":"https:\/\/secure.gravatar.com\/avatar\/5a89228fd282eb9ee33a60b4ff06f9c31751866f1fb91ca56263af0968354113?s=96&d=mm&r=g","url":"https:\/\/secure.gravatar.com\/avatar\/5a89228fd282eb9ee33a60b4ff06f9c31751866f1fb91ca56263af0968354113?s=96&d=mm&r=g","contentUrl":"https:\/\/secure.gravatar.com\/avatar\/5a89228fd282eb9ee33a60b4ff06f9c31751866f1fb91ca56263af0968354113?s=96&d=mm&r=g","caption":"Jim"},"sameAs":["https:\/\/www.creawebsite.be\/","https:\/\/www.facebook.com\/Creawebsite-113915200150984","https:\/\/www.instagram.com\/creawebsite.be\/","https:\/\/www.linkedin.com\/in\/jean-marc-delchef\/"]}]}},"_links":{"self":[{"href":"https:\/\/www.latribunedeplanas.com\/es\/wp-json\/wp\/v2\/posts\/28888","targetHints":{"allow":["GET"]}}],"collection":[{"href":"https:\/\/www.latribunedeplanas.com\/es\/wp-json\/wp\/v2\/posts"}],"about":[{"href":"https:\/\/www.latribunedeplanas.com\/es\/wp-json\/wp\/v2\/types\/post"}],"author":[{"embeddable":true,"href":"https:\/\/www.latribunedeplanas.com\/es\/wp-json\/wp\/v2\/users\/1"}],"replies":[{"embeddable":true,"href":"https:\/\/www.latribunedeplanas.com\/es\/wp-json\/wp\/v2\/comments?post=28888"}],"version-history":[{"count":2,"href":"https:\/\/www.latribunedeplanas.com\/es\/wp-json\/wp\/v2\/posts\/28888\/revisions"}],"predecessor-version":[{"id":28891,"href":"https:\/\/www.latribunedeplanas.com\/es\/wp-json\/wp\/v2\/posts\/28888\/revisions\/28891"}],"wp:attachment":[{"href":"https:\/\/www.latribunedeplanas.com\/es\/wp-json\/wp\/v2\/media?parent=28888"}],"wp:term":[{"taxonomy":"category","embeddable":true,"href":"https:\/\/www.latribunedeplanas.com\/es\/wp-json\/wp\/v2\/categories?post=28888"},{"taxonomy":"post_tag","embeddable":true,"href":"https:\/\/www.latribunedeplanas.com\/es\/wp-json\/wp\/v2\/tags?post=28888"}],"curies":[{"name":"wp","href":"https:\/\/api.w.org\/{rel}","templated":true}]}}