{"id":28866,"date":"2010-11-04T10:23:11","date_gmt":"2010-11-04T09:23:11","guid":{"rendered":"https:\/\/www.latribunedeplanas.com\/4-novembre-2010-rapport-juridique-de-leucc-les-planes-del-rei-analyse-contexte-et-recommandations\/"},"modified":"2025-08-25T10:32:37","modified_gmt":"2025-08-25T08:32:37","slug":"4-de-noviembre-de-2010-informe-juridico-de-la-ecu-les-planes-del-rei-analisis-contexto-y-recomendaciones","status":"publish","type":"post","link":"https:\/\/www.latribunedeplanas.com\/es\/4-de-noviembre-de-2010-informe-juridico-de-la-ecu-les-planes-del-rei-analisis-contexto-y-recomendaciones\/","title":{"rendered":"4 de noviembre de 2010: Informe jur\u00eddico de la ECU Les Planes del Rei &#8211; An\u00e1lisis, contexto y recomendaciones"},"content":{"rendered":"<p>[et_pb_section fb_built=\u00bb1&#8243; admin_label=\u00bbSection-Article\u00bb module_class=\u00bbsection-article\u00bb _builder_version=\u00bb4.18.0&#8243; custom_margin=\u00bb0px|0px|0px|0px\u00bb custom_padding=\u00bb0px|0px|0px|0px\u00bb global_colors_info=\u00bb{}\u00bb][et_pb_row use_custom_gutter=\u00bbon\u00bb gutter_width=\u00bb1&#8243; custom_padding_last_edited=\u00bbon|phone\u00bb admin_label=\u00bbLigne-Article\u00bb module_class=\u00bbligne-article et_pb_row_fullwidth\u00bb _builder_version=\u00bb4.27.4&#8243; width=\u00bb100%\u00bb width_tablet=\u00bb100%\u00bb width_phone=\u00bb\u00bb width_last_edited=\u00bbon|desktop\u00bb max_width=\u00bb100%\u00bb max_width_tablet=\u00bb100%\u00bb max_width_phone=\u00bb\u00bb max_width_last_edited=\u00bbon|desktop\u00bb custom_margin=\u00bb0px||0px\u00bb custom_padding=\u00bb20px||0px||false|false\u00bb custom_padding_tablet=\u00bb20px||0px||false|false\u00bb custom_padding_phone=\u00bb15px||||false|false\u00bb make_fullwidth=\u00bbon\u00bb global_colors_info=\u00bb{}\u00bb][et_pb_column type=\u00bb4_4&#8243; _builder_version=\u00bb4.16&#8243; custom_padding=\u00bb|||\u00bb global_colors_info=\u00bb{}\u00bb custom_padding__hover=\u00bb|||\u00bb][et_pb_text admin_label=\u00bbTexte-4 de noviembre de 2010: Informe jur\u00eddico de la ECU Les Planes del Rei &#8211; An\u00e1lisis, contexto y recomendaciones\u00bb module_class=\u00bbtxt-article\u00bb _builder_version=\u00bb4.27.4&#8243; text_font=\u00bb|300|||||||\u00bb header_font=\u00bb||||||||\u00bb header_2_line_height=\u00bb1.2em\u00bb header_3_font=\u00bb||||||||\u00bb header_3_line_height=\u00bb1.3em\u00bb header_4_text_align=\u00bbcenter\u00bb custom_padding=\u00bb||||false|false\u00bb hover_enabled=\u00bb0&#8243; text_line_height_tablet=\u00bb\u00bb text_line_height_phone=\u00bb1.3em\u00bb text_line_height_last_edited=\u00bbon|desktop\u00bb header_2_font_size_tablet=\u00bb\u00bb header_2_font_size_phone=\u00bb\u00bb header_2_font_size_last_edited=\u00bbon|phone\u00bb header_3_font_size_tablet=\u00bb\u00bb header_3_font_size_phone=\u00bb23px\u00bb header_3_font_size_last_edited=\u00bbon|desktop\u00bb global_colors_info=\u00bb{}\u00bb sticky_enabled=\u00bb0&#8243;]<\/p>\n<p>El <span class=\"accentue\">4 de noviembre de 2010<\/span>, se redacta un <span class=\"accentue\">informe jur\u00eddico<\/span> sobre la <span class=\"accentue\">Entidad Colaboradora Urban\u00edstica (ECU) Les Planes del Rei<\/span> y la situaci\u00f3n de la urbanizaci\u00f3n <span class=\"accentue\">Planas del Rey (Planes del Rei)<\/span> en <span class=\"accentue\">Pratdip<\/span>. El presente art\u00edculo ofrece una <span class=\"accentue\">reestructuraci\u00f3n anal\u00edtica<\/span>: contexto, puntos clave, consecuencias pr\u00e1cticas y <span class=\"accentue\">l\u00edneas de acci\u00f3n<\/span> para los propietarios.<\/p>\n<hr style=\"margin-bottom: 30px;\" \/>\n<h2>1) Naturaleza del documento<\/h2>\n<ul>\n<li><span class=\"accentue\">Tipo<\/span>: nota \/ informe jur\u00eddico de an\u00e1lisis.<\/li>\n<li><span class=\"accentue\">Objeto<\/span>: estatuto, funci\u00f3n y alcance de los actos de la <span class=\"accentue\">ECU Les Planes del Rei<\/span> en relaci\u00f3n con las <span class=\"accentue\">obligaciones municipales<\/span> del Ayuntamiento de Pratdip.<\/li>\n<li><span class=\"accentue\">\u00c1mbito<\/span>: servicios p\u00fablicos m\u00ednimos, gesti\u00f3n de la urbanizaci\u00f3n, facturaci\u00f3n del <span class=\"accentue\">agua<\/span> y de la <span class=\"accentue\">basura<\/span>, responsabilidades respectivas ECU \/ ayuntamiento.<\/li>\n<li><span class=\"accentue\">Zona<\/span>: <span class=\"accentue\">Planas del Rey (Planes del Rei)<\/span>, municipio de <span class=\"accentue\">Pratdip<\/span>.<\/li>\n<\/ul>\n<h2>2) Contexto y referencias<\/h2>\n<ul>\n<li><span class=\"accentue\">ECU<\/span>: entidad de <span class=\"accentue\">conservaci\u00f3n<\/span> y <span class=\"accentue\">mantenimiento<\/span> prevista por el derecho urban\u00edstico, dotada de estatutos y \u00f3rganos de gesti\u00f3n.<\/li>\n<li><span class=\"accentue\">Ayuntamiento de Pratdip<\/span>: obligado a garantizar los <span class=\"accentue\">servicios p\u00fablicos m\u00ednimos<\/span> y, en su momento, a proceder a la <span class=\"accentue\">recepci\u00f3n<\/span> de la urbanizaci\u00f3n cuando se cumplan las condiciones.<\/li>\n<li><span class=\"accentue\">Tensiones recurrentes<\/span>: solapamiento de funciones, impugnaci\u00f3n de las cuotas impuestas a los propietarios, problemas con el agua y la basura, incertidumbre sobre el alcance de los actos de la ECU.<\/li>\n<\/ul>\n<h2>3) Puntos clave del an\u00e1lisis<\/h2>\n<ul>\n<li><span class=\"accentue\">Obligaciones municipales<\/span>: el ayuntamiento no puede <span class=\"accentue\">delegar<\/span> la garant\u00eda de los servicios p\u00fablicos m\u00ednimos en una entidad privada como la ECU.<\/li>\n<li><span class=\"accentue\">Actos de la ECU<\/span>: su <span class=\"accentue\">legitimidad<\/span> y su <span class=\"accentue\">alcance<\/span> son fr\u00e1giles cuando sustituyen funciones que corresponden normalmente a la <span class=\"accentue\">administraci\u00f3n p\u00fablica<\/span>.<\/li>\n<li><span class=\"accentue\">Agua y basura<\/span>: la facturaci\u00f3n y el cobro constituyen un <span class=\"accentue\">punto de fricci\u00f3n<\/span> importante, con riesgo de <span class=\"accentue\">doble imposici\u00f3n<\/span> o de <span class=\"accentue\">traslado indebido<\/span> de cargas a los propietarios.<\/li>\n<li><span class=\"accentue\">Seguridad jur\u00eddica<\/span>: el mantenimiento de un r\u00e9gimen ambiguo (competencias compartidas o mal definidas) genera <span class=\"accentue\">inseguridad<\/span> para los residentes y expone al ayuntamiento a <span class=\"accentue\">recursos<\/span>.<\/li>\n<\/ul>\n<h2>4) Problem\u00e1ticas jur\u00eddicas recurrentes<\/h2>\n<ul>\n<li><span class=\"accentue\">Contradicci\u00f3n de funciones<\/span>: la ECU no puede servir indefinidamente de <span class=\"accentue\">alibi institucional<\/span> para aplazar la intervenci\u00f3n municipal.<\/li>\n<li><span class=\"accentue\">Traslado de cargas<\/span>: las <span class=\"accentue\">cuotas<\/span> y prestaciones impuestas a los propietarios por la ECU son <span class=\"accentue\">impugnables<\/span> cuando sustituyen obligaciones p\u00fablicas.<\/li>\n<li><span class=\"accentue\">Recepci\u00f3n de la urbanizaci\u00f3n<\/span>: sigue siendo esencial aclarar las condiciones (t\u00e9cnicas, jur\u00eddicas, financieras) para poner fin a la <span class=\"accentue\">incertidumbre<\/span>.<\/li>\n<\/ul>\n<h2>5) Consecuencias pr\u00e1cticas para los propietarios<\/h2>\n<ul>\n<li><span class=\"accentue\">Incertidumbre<\/span> sobre el alcance de los actos de la ECU y de los <span class=\"accentue\">plazos<\/span> financieros exigidos.<\/li>\n<li><span class=\"accentue\">Agua y basura<\/span>: posibles litigios sobre la <span class=\"accentue\">base jur\u00eddica<\/span> de la facturaci\u00f3n y el <span class=\"accentue\">cobro<\/span>.<\/li>\n<li><span class=\"accentue\">Doble pago<\/span>: riesgo de pagar a la vez <span class=\"accentue\">impuestos<\/span> locales y <span class=\"accentue\">cuotas<\/span> privadas por servicios de car\u00e1cter p\u00fablico.<\/li>\n<li><span class=\"accentue\">Inseguridad<\/span> de los derechos de los residentes en caso de no ejecuci\u00f3n de los <span class=\"accentue\">servicios m\u00ednimos<\/span> (alumbrado, agua, v\u00edas, salubridad, etc.).<\/li>\n<\/ul>\n<h2>6) L\u00edneas de acci\u00f3n y recomendaciones<\/h2>\n<ul>\n<li><span class=\"accentue\">Impugnaci\u00f3n selectiva<\/span> de las <span class=\"accentue\">cuotas<\/span> y llamamientos de la ECU cuando sustituyen obligaciones p\u00fablicas.<\/li>\n<li><span class=\"accentue\">Solicitudes formales<\/span> al ayuntamiento para la <span class=\"accentue\">ejecuci\u00f3n<\/span> de los <span class=\"accentue\">servicios m\u00ednimos<\/span> y la <span class=\"accentue\">clarificaci\u00f3n<\/span> de responsabilidades.<\/li>\n<li><span class=\"accentue\">V\u00edas legales<\/span>: recursos administrativos y contenciosos destinados a constatar los <span class=\"accentue\">incumplimientos<\/span> y obtener <span class=\"accentue\">medidas de ejecuci\u00f3n<\/span>.<\/li>\n<li><span class=\"accentue\">Hoja de ruta hacia la recepci\u00f3n<\/span>: planificar un <span class=\"accentue\">calendario<\/span> acompa\u00f1ado de una <span class=\"accentue\">auditor\u00eda t\u00e9cnica<\/span> (infraestructuras) y un <span class=\"accentue\">plan financiero<\/span> transparente.<\/li>\n<li><span class=\"accentue\">Transparencia<\/span>: publicaci\u00f3n peri\u00f3dica de la informaci\u00f3n clave (costes, contratos, decisiones) para restablecer la <span class=\"accentue\">confianza<\/span> de los propietarios.<\/li>\n<\/ul>\n<h2>7) S\u00edntesis<\/h2>\n<p>El informe de <span class=\"accentue\">noviembre de 2010<\/span> pone de relieve una <span class=\"accentue\">fragilidad estructural<\/span>: la ECU no puede suplir de manera duradera las <span class=\"accentue\">obligaciones<\/span> que corresponden al <span class=\"accentue\">ayuntamiento<\/span>. Mientras las competencias sigan siendo difusas y las cargas mal fundamentadas, los <span class=\"accentue\">litigios<\/span> persistir\u00e1n. Se impone una estrategia que combine <span class=\"accentue\">clarificaci\u00f3n jur\u00eddica<\/span>, <span class=\"accentue\">exigencia de servicios<\/span> y <span class=\"accentue\">plan de recepci\u00f3n<\/span>.<\/p>\n<hr style=\"margin-bottom: 30px;\" \/>\n<h3 class=\"underline\">Documento<\/h3>\n<p style=\"padding-top: 30px;\"><a href=\"https:\/\/www.latribunedeplanas.com\/wp-content\/uploads\/2025\/08\/2010-11-04-rapport-juridique-euccpr.pdf\" class=\"pdfemb-viewer\" style=\"\" data-width=\"max\" data-height=\"max\" data-mobile-width=\"0\"  data-scrollbar=\"none\" data-download=\"on\" data-tracking=\"on\" data-newwindow=\"on\" data-pagetextbox=\"off\" data-scrolltotop=\"off\" data-startzoom=\"100\" data-startfpzoom=\"100\" data-toolbar=\"top\" data-toolbar-fixed=\"off\">2010-11-04-rapport-juridique-euccpr<br\/><\/a><\/p>\n<p>[\/et_pb_text][\/et_pb_column][\/et_pb_row][\/et_pb_section]<\/p>\n","protected":false},"excerpt":{"rendered":"<p>El 4 de noviembre de 2010, se redacta un informe jur\u00eddico sobre la Entidad Colaboradora Urban\u00edstica (ECU) Les Planes del Rei y la situaci\u00f3n de la urbanizaci\u00f3n Planas del Rey (Planes del Rei) en Pratdip. El presente art\u00edculo ofrece una reestructuraci\u00f3n anal\u00edtica: contexto, puntos clave, consecuencias pr\u00e1cticas y l\u00edneas de acci\u00f3n para los propietarios. 1) [&hellip;]<\/p>\n","protected":false},"author":1,"featured_media":0,"comment_status":"closed","ping_status":"closed","sticky":false,"template":"","format":"standard","meta":{"_et_pb_use_builder":"on","_et_pb_old_content":"","_et_gb_content_width":"","footnotes":""},"categories":[217],"tags":[],"class_list":["post-28866","post","type-post","status-publish","format-standard","hentry","category-documentos"],"yoast_head":"<!-- This site is optimized with the Yoast SEO plugin v27.5 - https:\/\/yoast.com\/product\/yoast-seo-wordpress\/ -->\n<title>4 de noviembre de 2010: Informe jur\u00eddico de la ECU Les Planes del Rei - An\u00e1lisis, contexto y recomendaciones - La Tribune de Planas<\/title>\n<meta name=\"description\" content=\"An\u00e1lisis del informe jur\u00eddico de la ECU de 2010: obligaciones municipales, cuotas impugnables y acciones para propietarios\" \/>\n<meta name=\"robots\" content=\"index, follow, max-snippet:-1, max-image-preview:large, max-video-preview:-1\" \/>\n<link rel=\"canonical\" href=\"https:\/\/www.latribunedeplanas.com\/es\/4-de-noviembre-de-2010-informe-juridico-de-la-ecu-les-planes-del-rei-analisis-contexto-y-recomendaciones\/\" \/>\n<meta property=\"og:locale\" content=\"es_ES\" \/>\n<meta property=\"og:type\" content=\"article\" \/>\n<meta property=\"og:title\" content=\"4 de noviembre de 2010: Informe jur\u00eddico de la ECU Les Planes del Rei - An\u00e1lisis, contexto y recomendaciones - La Tribune de Planas\" \/>\n<meta property=\"og:description\" content=\"An\u00e1lisis del informe jur\u00eddico de la ECU de 2010: obligaciones municipales, cuotas impugnables y acciones para propietarios\" \/>\n<meta property=\"og:url\" content=\"https:\/\/www.latribunedeplanas.com\/es\/4-de-noviembre-de-2010-informe-juridico-de-la-ecu-les-planes-del-rei-analisis-contexto-y-recomendaciones\/\" \/>\n<meta property=\"og:site_name\" content=\"La Tribune de Planas\" \/>\n<meta property=\"article:publisher\" content=\"https:\/\/www.facebook.com\/groups\/1220895301376005\/\" \/>\n<meta property=\"article:author\" content=\"https:\/\/www.facebook.com\/Creawebsite-113915200150984\" \/>\n<meta property=\"article:published_time\" content=\"2010-11-04T09:23:11+00:00\" \/>\n<meta property=\"article:modified_time\" content=\"2025-08-25T08:32:37+00:00\" \/>\n<meta name=\"author\" content=\"Jim\" \/>\n<meta name=\"twitter:card\" content=\"summary_large_image\" \/>\n<meta name=\"twitter:label1\" content=\"Escrito por\" \/>\n\t<meta name=\"twitter:data1\" content=\"Jim\" \/>\n\t<meta name=\"twitter:label2\" content=\"Tiempo de lectura\" \/>\n\t<meta name=\"twitter:data2\" content=\"3 minutos\" \/>\n<script type=\"application\/ld+json\" class=\"yoast-schema-graph\">{\"@context\":\"https:\\\/\\\/schema.org\",\"@graph\":[{\"@type\":\"Article\",\"@id\":\"https:\\\/\\\/www.latribunedeplanas.com\\\/es\\\/4-de-noviembre-de-2010-informe-juridico-de-la-ecu-les-planes-del-rei-analisis-contexto-y-recomendaciones\\\/#article\",\"isPartOf\":{\"@id\":\"https:\\\/\\\/www.latribunedeplanas.com\\\/es\\\/4-de-noviembre-de-2010-informe-juridico-de-la-ecu-les-planes-del-rei-analisis-contexto-y-recomendaciones\\\/\"},\"author\":{\"name\":\"Jim\",\"@id\":\"https:\\\/\\\/www.latribunedeplanas.com\\\/es\\\/#\\\/schema\\\/person\\\/590a87318688792f18d8e1c983528bc8\"},\"headline\":\"4 de noviembre de 2010: Informe jur\u00eddico de la ECU Les Planes del Rei &#8211; An\u00e1lisis, contexto y recomendaciones\",\"datePublished\":\"2010-11-04T09:23:11+00:00\",\"dateModified\":\"2025-08-25T08:32:37+00:00\",\"mainEntityOfPage\":{\"@id\":\"https:\\\/\\\/www.latribunedeplanas.com\\\/es\\\/4-de-noviembre-de-2010-informe-juridico-de-la-ecu-les-planes-del-rei-analisis-contexto-y-recomendaciones\\\/\"},\"wordCount\":917,\"publisher\":{\"@id\":\"https:\\\/\\\/www.latribunedeplanas.com\\\/es\\\/#organization\"},\"articleSection\":[\"Documentos\"],\"inLanguage\":\"es\"},{\"@type\":\"WebPage\",\"@id\":\"https:\\\/\\\/www.latribunedeplanas.com\\\/es\\\/4-de-noviembre-de-2010-informe-juridico-de-la-ecu-les-planes-del-rei-analisis-contexto-y-recomendaciones\\\/\",\"url\":\"https:\\\/\\\/www.latribunedeplanas.com\\\/es\\\/4-de-noviembre-de-2010-informe-juridico-de-la-ecu-les-planes-del-rei-analisis-contexto-y-recomendaciones\\\/\",\"name\":\"4 de noviembre de 2010: Informe jur\u00eddico de la ECU Les Planes del Rei - An\u00e1lisis, contexto y recomendaciones - La Tribune de Planas\",\"isPartOf\":{\"@id\":\"https:\\\/\\\/www.latribunedeplanas.com\\\/es\\\/#website\"},\"datePublished\":\"2010-11-04T09:23:11+00:00\",\"dateModified\":\"2025-08-25T08:32:37+00:00\",\"description\":\"An\u00e1lisis del informe jur\u00eddico de la ECU de 2010: obligaciones municipales, cuotas impugnables y acciones para propietarios\",\"breadcrumb\":{\"@id\":\"https:\\\/\\\/www.latribunedeplanas.com\\\/es\\\/4-de-noviembre-de-2010-informe-juridico-de-la-ecu-les-planes-del-rei-analisis-contexto-y-recomendaciones\\\/#breadcrumb\"},\"inLanguage\":\"es\",\"potentialAction\":[{\"@type\":\"ReadAction\",\"target\":[\"https:\\\/\\\/www.latribunedeplanas.com\\\/es\\\/4-de-noviembre-de-2010-informe-juridico-de-la-ecu-les-planes-del-rei-analisis-contexto-y-recomendaciones\\\/\"]}]},{\"@type\":\"BreadcrumbList\",\"@id\":\"https:\\\/\\\/www.latribunedeplanas.com\\\/es\\\/4-de-noviembre-de-2010-informe-juridico-de-la-ecu-les-planes-del-rei-analisis-contexto-y-recomendaciones\\\/#breadcrumb\",\"itemListElement\":[{\"@type\":\"ListItem\",\"position\":1,\"name\":\"Accueil\",\"item\":\"https:\\\/\\\/www.latribunedeplanas.com\\\/es\\\/\"},{\"@type\":\"ListItem\",\"position\":2,\"name\":\"4 de noviembre de 2010: Informe jur\u00eddico de la ECU Les Planes del Rei &#8211; An\u00e1lisis, contexto y recomendaciones\"}]},{\"@type\":\"WebSite\",\"@id\":\"https:\\\/\\\/www.latribunedeplanas.com\\\/es\\\/#website\",\"url\":\"https:\\\/\\\/www.latribunedeplanas.com\\\/es\\\/\",\"name\":\"La Tribune de Planas\",\"description\":\"Les Planes del Rei - Urbanizaci\u00f3n del municipio de Pratdip\",\"publisher\":{\"@id\":\"https:\\\/\\\/www.latribunedeplanas.com\\\/es\\\/#organization\"},\"potentialAction\":[{\"@type\":\"SearchAction\",\"target\":{\"@type\":\"EntryPoint\",\"urlTemplate\":\"https:\\\/\\\/www.latribunedeplanas.com\\\/es\\\/?s={search_term_string}\"},\"query-input\":{\"@type\":\"PropertyValueSpecification\",\"valueRequired\":true,\"valueName\":\"search_term_string\"}}],\"inLanguage\":\"es\"},{\"@type\":\"Organization\",\"@id\":\"https:\\\/\\\/www.latribunedeplanas.com\\\/es\\\/#organization\",\"name\":\"Vecinos de Planes del Rei (SOSPlanes)\",\"url\":\"https:\\\/\\\/www.latribunedeplanas.com\\\/es\\\/\",\"logo\":{\"@type\":\"ImageObject\",\"inLanguage\":\"es\",\"@id\":\"https:\\\/\\\/www.latribunedeplanas.com\\\/es\\\/#\\\/schema\\\/logo\\\/image\\\/\",\"url\":\"https:\\\/\\\/www.latribunedeplanas.com\\\/wp-content\\\/uploads\\\/2021\\\/11\\\/logo-sos-planas-0.png\",\"contentUrl\":\"https:\\\/\\\/www.latribunedeplanas.com\\\/wp-content\\\/uploads\\\/2021\\\/11\\\/logo-sos-planas-0.png\",\"width\":600,\"height\":400,\"caption\":\"Vecinos de Planes del Rei (SOSPlanes)\"},\"image\":{\"@id\":\"https:\\\/\\\/www.latribunedeplanas.com\\\/es\\\/#\\\/schema\\\/logo\\\/image\\\/\"},\"sameAs\":[\"https:\\\/\\\/www.facebook.com\\\/groups\\\/1220895301376005\\\/\",\"https:\\\/\\\/www.instagram.com\\\/lasplanasdelrey\\\/\"]},{\"@type\":\"Person\",\"@id\":\"https:\\\/\\\/www.latribunedeplanas.com\\\/es\\\/#\\\/schema\\\/person\\\/590a87318688792f18d8e1c983528bc8\",\"name\":\"Jim\",\"image\":{\"@type\":\"ImageObject\",\"inLanguage\":\"es\",\"@id\":\"https:\\\/\\\/secure.gravatar.com\\\/avatar\\\/5a89228fd282eb9ee33a60b4ff06f9c31751866f1fb91ca56263af0968354113?s=96&d=mm&r=g\",\"url\":\"https:\\\/\\\/secure.gravatar.com\\\/avatar\\\/5a89228fd282eb9ee33a60b4ff06f9c31751866f1fb91ca56263af0968354113?s=96&d=mm&r=g\",\"contentUrl\":\"https:\\\/\\\/secure.gravatar.com\\\/avatar\\\/5a89228fd282eb9ee33a60b4ff06f9c31751866f1fb91ca56263af0968354113?s=96&d=mm&r=g\",\"caption\":\"Jim\"},\"sameAs\":[\"https:\\\/\\\/www.creawebsite.be\\\/\",\"https:\\\/\\\/www.facebook.com\\\/Creawebsite-113915200150984\",\"https:\\\/\\\/www.instagram.com\\\/creawebsite.be\\\/\",\"https:\\\/\\\/www.linkedin.com\\\/in\\\/jean-marc-delchef\\\/\"]}]}<\/script>\n<!-- \/ Yoast SEO plugin. -->","yoast_head_json":{"title":"4 de noviembre de 2010: Informe jur\u00eddico de la ECU Les Planes del Rei - An\u00e1lisis, contexto y recomendaciones - La Tribune de Planas","description":"An\u00e1lisis del informe jur\u00eddico de la ECU de 2010: obligaciones municipales, cuotas impugnables y acciones para propietarios","robots":{"index":"index","follow":"follow","max-snippet":"max-snippet:-1","max-image-preview":"max-image-preview:large","max-video-preview":"max-video-preview:-1"},"canonical":"https:\/\/www.latribunedeplanas.com\/es\/4-de-noviembre-de-2010-informe-juridico-de-la-ecu-les-planes-del-rei-analisis-contexto-y-recomendaciones\/","og_locale":"es_ES","og_type":"article","og_title":"4 de noviembre de 2010: Informe jur\u00eddico de la ECU Les Planes del Rei - An\u00e1lisis, contexto y recomendaciones - La Tribune de Planas","og_description":"An\u00e1lisis del informe jur\u00eddico de la ECU de 2010: obligaciones municipales, cuotas impugnables y acciones para propietarios","og_url":"https:\/\/www.latribunedeplanas.com\/es\/4-de-noviembre-de-2010-informe-juridico-de-la-ecu-les-planes-del-rei-analisis-contexto-y-recomendaciones\/","og_site_name":"La Tribune de Planas","article_publisher":"https:\/\/www.facebook.com\/groups\/1220895301376005\/","article_author":"https:\/\/www.facebook.com\/Creawebsite-113915200150984","article_published_time":"2010-11-04T09:23:11+00:00","article_modified_time":"2025-08-25T08:32:37+00:00","author":"Jim","twitter_card":"summary_large_image","twitter_misc":{"Escrito por":"Jim","Tiempo de lectura":"3 minutos"},"schema":{"@context":"https:\/\/schema.org","@graph":[{"@type":"Article","@id":"https:\/\/www.latribunedeplanas.com\/es\/4-de-noviembre-de-2010-informe-juridico-de-la-ecu-les-planes-del-rei-analisis-contexto-y-recomendaciones\/#article","isPartOf":{"@id":"https:\/\/www.latribunedeplanas.com\/es\/4-de-noviembre-de-2010-informe-juridico-de-la-ecu-les-planes-del-rei-analisis-contexto-y-recomendaciones\/"},"author":{"name":"Jim","@id":"https:\/\/www.latribunedeplanas.com\/es\/#\/schema\/person\/590a87318688792f18d8e1c983528bc8"},"headline":"4 de noviembre de 2010: Informe jur\u00eddico de la ECU Les Planes del Rei &#8211; An\u00e1lisis, contexto y recomendaciones","datePublished":"2010-11-04T09:23:11+00:00","dateModified":"2025-08-25T08:32:37+00:00","mainEntityOfPage":{"@id":"https:\/\/www.latribunedeplanas.com\/es\/4-de-noviembre-de-2010-informe-juridico-de-la-ecu-les-planes-del-rei-analisis-contexto-y-recomendaciones\/"},"wordCount":917,"publisher":{"@id":"https:\/\/www.latribunedeplanas.com\/es\/#organization"},"articleSection":["Documentos"],"inLanguage":"es"},{"@type":"WebPage","@id":"https:\/\/www.latribunedeplanas.com\/es\/4-de-noviembre-de-2010-informe-juridico-de-la-ecu-les-planes-del-rei-analisis-contexto-y-recomendaciones\/","url":"https:\/\/www.latribunedeplanas.com\/es\/4-de-noviembre-de-2010-informe-juridico-de-la-ecu-les-planes-del-rei-analisis-contexto-y-recomendaciones\/","name":"4 de noviembre de 2010: Informe jur\u00eddico de la ECU Les Planes del Rei - An\u00e1lisis, contexto y recomendaciones - La Tribune de Planas","isPartOf":{"@id":"https:\/\/www.latribunedeplanas.com\/es\/#website"},"datePublished":"2010-11-04T09:23:11+00:00","dateModified":"2025-08-25T08:32:37+00:00","description":"An\u00e1lisis del informe jur\u00eddico de la ECU de 2010: obligaciones municipales, cuotas impugnables y acciones para propietarios","breadcrumb":{"@id":"https:\/\/www.latribunedeplanas.com\/es\/4-de-noviembre-de-2010-informe-juridico-de-la-ecu-les-planes-del-rei-analisis-contexto-y-recomendaciones\/#breadcrumb"},"inLanguage":"es","potentialAction":[{"@type":"ReadAction","target":["https:\/\/www.latribunedeplanas.com\/es\/4-de-noviembre-de-2010-informe-juridico-de-la-ecu-les-planes-del-rei-analisis-contexto-y-recomendaciones\/"]}]},{"@type":"BreadcrumbList","@id":"https:\/\/www.latribunedeplanas.com\/es\/4-de-noviembre-de-2010-informe-juridico-de-la-ecu-les-planes-del-rei-analisis-contexto-y-recomendaciones\/#breadcrumb","itemListElement":[{"@type":"ListItem","position":1,"name":"Accueil","item":"https:\/\/www.latribunedeplanas.com\/es\/"},{"@type":"ListItem","position":2,"name":"4 de noviembre de 2010: Informe jur\u00eddico de la ECU Les Planes del Rei &#8211; An\u00e1lisis, contexto y recomendaciones"}]},{"@type":"WebSite","@id":"https:\/\/www.latribunedeplanas.com\/es\/#website","url":"https:\/\/www.latribunedeplanas.com\/es\/","name":"La Tribune de Planas","description":"Les Planes del Rei - Urbanizaci\u00f3n del municipio de Pratdip","publisher":{"@id":"https:\/\/www.latribunedeplanas.com\/es\/#organization"},"potentialAction":[{"@type":"SearchAction","target":{"@type":"EntryPoint","urlTemplate":"https:\/\/www.latribunedeplanas.com\/es\/?s={search_term_string}"},"query-input":{"@type":"PropertyValueSpecification","valueRequired":true,"valueName":"search_term_string"}}],"inLanguage":"es"},{"@type":"Organization","@id":"https:\/\/www.latribunedeplanas.com\/es\/#organization","name":"Vecinos de Planes del Rei (SOSPlanes)","url":"https:\/\/www.latribunedeplanas.com\/es\/","logo":{"@type":"ImageObject","inLanguage":"es","@id":"https:\/\/www.latribunedeplanas.com\/es\/#\/schema\/logo\/image\/","url":"https:\/\/www.latribunedeplanas.com\/wp-content\/uploads\/2021\/11\/logo-sos-planas-0.png","contentUrl":"https:\/\/www.latribunedeplanas.com\/wp-content\/uploads\/2021\/11\/logo-sos-planas-0.png","width":600,"height":400,"caption":"Vecinos de Planes del Rei (SOSPlanes)"},"image":{"@id":"https:\/\/www.latribunedeplanas.com\/es\/#\/schema\/logo\/image\/"},"sameAs":["https:\/\/www.facebook.com\/groups\/1220895301376005\/","https:\/\/www.instagram.com\/lasplanasdelrey\/"]},{"@type":"Person","@id":"https:\/\/www.latribunedeplanas.com\/es\/#\/schema\/person\/590a87318688792f18d8e1c983528bc8","name":"Jim","image":{"@type":"ImageObject","inLanguage":"es","@id":"https:\/\/secure.gravatar.com\/avatar\/5a89228fd282eb9ee33a60b4ff06f9c31751866f1fb91ca56263af0968354113?s=96&d=mm&r=g","url":"https:\/\/secure.gravatar.com\/avatar\/5a89228fd282eb9ee33a60b4ff06f9c31751866f1fb91ca56263af0968354113?s=96&d=mm&r=g","contentUrl":"https:\/\/secure.gravatar.com\/avatar\/5a89228fd282eb9ee33a60b4ff06f9c31751866f1fb91ca56263af0968354113?s=96&d=mm&r=g","caption":"Jim"},"sameAs":["https:\/\/www.creawebsite.be\/","https:\/\/www.facebook.com\/Creawebsite-113915200150984","https:\/\/www.instagram.com\/creawebsite.be\/","https:\/\/www.linkedin.com\/in\/jean-marc-delchef\/"]}]}},"_links":{"self":[{"href":"https:\/\/www.latribunedeplanas.com\/es\/wp-json\/wp\/v2\/posts\/28866","targetHints":{"allow":["GET"]}}],"collection":[{"href":"https:\/\/www.latribunedeplanas.com\/es\/wp-json\/wp\/v2\/posts"}],"about":[{"href":"https:\/\/www.latribunedeplanas.com\/es\/wp-json\/wp\/v2\/types\/post"}],"author":[{"embeddable":true,"href":"https:\/\/www.latribunedeplanas.com\/es\/wp-json\/wp\/v2\/users\/1"}],"replies":[{"embeddable":true,"href":"https:\/\/www.latribunedeplanas.com\/es\/wp-json\/wp\/v2\/comments?post=28866"}],"version-history":[{"count":3,"href":"https:\/\/www.latribunedeplanas.com\/es\/wp-json\/wp\/v2\/posts\/28866\/revisions"}],"predecessor-version":[{"id":28874,"href":"https:\/\/www.latribunedeplanas.com\/es\/wp-json\/wp\/v2\/posts\/28866\/revisions\/28874"}],"wp:attachment":[{"href":"https:\/\/www.latribunedeplanas.com\/es\/wp-json\/wp\/v2\/media?parent=28866"}],"wp:term":[{"taxonomy":"category","embeddable":true,"href":"https:\/\/www.latribunedeplanas.com\/es\/wp-json\/wp\/v2\/categories?post=28866"},{"taxonomy":"post_tag","embeddable":true,"href":"https:\/\/www.latribunedeplanas.com\/es\/wp-json\/wp\/v2\/tags?post=28866"}],"curies":[{"name":"wp","href":"https:\/\/api.w.org\/{rel}","templated":true}]}}