{"id":28798,"date":"2010-02-09T17:12:56","date_gmt":"2010-02-09T16:12:56","guid":{"rendered":"https:\/\/www.latribunedeplanas.com\/9-fevrier-2010-reconnaissance-officielle-de-leucc-les-planes-del-rei-dogc-analyse-et-contradictions\/"},"modified":"2025-08-24T17:56:12","modified_gmt":"2025-08-24T15:56:12","slug":"9-de-febrero-de-2010-reconocimiento-oficial-de-la-ecu-les-planes-del-rei-dogc-analisis-contexto-y-contradicciones","status":"publish","type":"post","link":"https:\/\/www.latribunedeplanas.com\/es\/9-de-febrero-de-2010-reconocimiento-oficial-de-la-ecu-les-planes-del-rei-dogc-analisis-contexto-y-contradicciones\/","title":{"rendered":"9 de febrero de 2010: Reconocimiento oficial de la ECU Les Planes del Rei (DOGC) \u2014 An\u00e1lisis, contexto y contradicciones"},"content":{"rendered":"<p>[et_pb_section fb_built=\u00bb1&#8243; admin_label=\u00bbSection-Article\u00bb module_class=\u00bbsection-article\u00bb _builder_version=\u00bb4.18.0&#8243; custom_margin=\u00bb0px|0px|0px|0px\u00bb custom_padding=\u00bb0px|0px|0px|0px\u00bb global_colors_info=\u00bb{}\u00bb][et_pb_row use_custom_gutter=\u00bbon\u00bb gutter_width=\u00bb1&#8243; custom_padding_last_edited=\u00bbon|phone\u00bb admin_label=\u00bbLigne-Article\u00bb module_class=\u00bbligne-article et_pb_row_fullwidth\u00bb _builder_version=\u00bb4.27.4&#8243; width=\u00bb100%\u00bb width_tablet=\u00bb100%\u00bb width_phone=\u00bb\u00bb width_last_edited=\u00bbon|desktop\u00bb max_width=\u00bb100%\u00bb max_width_tablet=\u00bb100%\u00bb max_width_phone=\u00bb\u00bb max_width_last_edited=\u00bbon|desktop\u00bb custom_margin=\u00bb0px||0px\u00bb custom_padding=\u00bb20px||0px||false|false\u00bb custom_padding_tablet=\u00bb20px||0px||false|false\u00bb custom_padding_phone=\u00bb15px||||false|false\u00bb make_fullwidth=\u00bbon\u00bb global_colors_info=\u00bb{}\u00bb][et_pb_column type=\u00bb4_4&#8243; _builder_version=\u00bb4.16&#8243; custom_padding=\u00bb|||\u00bb global_colors_info=\u00bb{}\u00bb custom_padding__hover=\u00bb|||\u00bb][et_pb_text module_class=\u00bbtxt-article\u00bb _builder_version=\u00bb4.27.4&#8243; text_font=\u00bb|300|||||||\u00bb header_font=\u00bb||||||||\u00bb header_2_line_height=\u00bb1.2em\u00bb header_3_font=\u00bb||||||||\u00bb header_3_line_height=\u00bb1.3em\u00bb header_4_text_align=\u00bbcenter\u00bb custom_padding=\u00bb||||false|false\u00bb hover_enabled=\u00bb0&#8243; text_line_height_tablet=\u00bb\u00bb text_line_height_phone=\u00bb1.3em\u00bb text_line_height_last_edited=\u00bbon|desktop\u00bb header_2_font_size_tablet=\u00bb\u00bb header_2_font_size_phone=\u00bb\u00bb header_2_font_size_last_edited=\u00bbon|phone\u00bb header_3_font_size_tablet=\u00bb\u00bb header_3_font_size_phone=\u00bb23px\u00bb header_3_font_size_last_edited=\u00bbon|desktop\u00bb global_colors_info=\u00bb{}\u00bb admin_label=\u00bbTexte-9 de febrero de 2010: Reconocimiento oficial de la ECU Les Planes del Rei (DOGC) \u2014 An\u00e1lisis, contexto y contradicciones\u00bb sticky_enabled=\u00bb0&#8243;]<\/p>\n<p>El <span class=\"accentue\">9 de febrero de 2010<\/span>, la Generalitat publica en el <span class=\"accentue\">Diari Oficial de la Generalitat de Catalunya (DOGC)<\/span> el <span class=\"accentue\">reconocimiento<\/span> y la <span class=\"accentue\">inscripci\u00f3n<\/span> de la <span class=\"accentue\">Entidad Colaboradora Urban\u00edstica (ECU) Les Planes del Rei<\/span>. Este texto instituye formalmente una entidad encargada de la <span class=\"accentue\">conservaci\u00f3n<\/span> y el <span class=\"accentue\">mantenimiento<\/span> de la urbanizaci\u00f3n <span class=\"accentue\">Planas del Rey (Planes del Rei)<\/span>, con estatutos y \u00f3rganos de gesti\u00f3n. No obstante, este reconocimiento entra en <span class=\"accentue\">contradicci\u00f3n<\/span> con decisiones judiciales anteriores (1993, 2001) y con un <span class=\"accentue\">informe jur\u00eddico<\/span> de la Generalitat (1996) que recuerdan la <span class=\"accentue\">obligaci\u00f3n municipal<\/span> de asegurar los servicios p\u00fablicos m\u00ednimos.<\/p>\n<hr style=\"margin-bottom: 30px;\" \/>\n<h2>1) Naturaleza del documento<\/h2>\n<ul>\n<li><span class=\"accentue\">Tipo<\/span>: publicaci\u00f3n oficial en el DOGC (acto administrativo).<\/li>\n<li><span class=\"accentue\">Fecha<\/span>: 09\/02\/2010.<\/li>\n<li><span class=\"accentue\">Objeto<\/span>: reconocimiento \/ inscripci\u00f3n de la ECU Les Planes del Rei; aprobaci\u00f3n de sus <span class=\"accentue\">estatutos<\/span> y de sus <span class=\"accentue\">\u00f3rganos<\/span> (asamblea, consejo de gesti\u00f3n, etc.).<\/li>\n<li><span class=\"accentue\">Alcance<\/span>: facultar a la ECU para organizar la conservaci\u00f3n\/mantenimiento de las infraestructuras y percibir <span class=\"accentue\">contribuciones<\/span> (cuotas) de los propietarios.<\/li>\n<\/ul>\n<h2>2) Contexto jur\u00eddico anterior (1993\u20132001)<\/h2>\n<ul>\n<li><span class=\"accentue\">23 de noviembre de 1993<\/span> \u2014 <span class=\"accentue\">Sentencia del Tribunal de Falset<\/span>: obligaci\u00f3n para el <span class=\"accentue\">Ayuntamiento de Pratdip<\/span> de <span class=\"accentue\">aceptar la cesi\u00f3n<\/span> de viales, zonas verdes y equipamientos de <span class=\"accentue\">Planes del Rei<\/span> y de asumir los <span class=\"accentue\">servicios m\u00ednimos<\/span>.<\/li>\n<li><span class=\"accentue\">5 de marzo de 1996<\/span> \u2014 <span class=\"accentue\">Informe jur\u00eddico de la Generalitat<\/span>: confirmaci\u00f3n de la validez de la sentencia de 1993 y recordatorio del <span class=\"accentue\">car\u00e1cter municipal<\/span> de los servicios p\u00fablicos (la <span class=\"accentue\">ECU<\/span> no puede sustituir al Ayuntamiento en estas funciones).<\/li>\n<li><span class=\"accentue\">29 de octubre de 2001<\/span> \u2014 <span class=\"accentue\">Ejecuci\u00f3n<\/span> por el <span class=\"accentue\">Juzgado de Primera Instancia n.\u00ba 1 de Falset<\/span>: la cesi\u00f3n se <span class=\"accentue\">tiene por emitida<\/span>; inscripci\u00f3n de los bienes comunes en el <span class=\"accentue\">Registro de la Propiedad<\/span> a nombre del Ayuntamiento.<\/li>\n<\/ul>\n<h2>3) Contenido esencial de la publicaci\u00f3n del 09\/02\/2010<\/h2>\n<ul>\n<li><span class=\"accentue\">Reconocimiento formal<\/span> de la <span class=\"accentue\">ECU<\/span> Les Planes del Rei como Entidad Colaboradora Urban\u00edstica.<\/li>\n<li><span class=\"accentue\">Estatutos aprobados<\/span>: definici\u00f3n de derechos\/deberes de los propietarios, <span class=\"accentue\">asamblea<\/span> y \u00f3rgano de gesti\u00f3n, percepci\u00f3n de <span class=\"accentue\">cuotas<\/span> para la conservaci\u00f3n.<\/li>\n<li><span class=\"accentue\">\u00c1mbito de actuaci\u00f3n<\/span>: conservaci\u00f3n\/mantenimiento de redes y espacios comunes de la urbanizaci\u00f3n <span class=\"accentue\">Planas del Rey (Planes del Rei)<\/span>.<\/li>\n<\/ul>\n<h2>4) Puntos de contradicci\u00f3n identificados<\/h2>\n<ul>\n<li><span class=\"accentue\">Autoridad de cosa juzgada (1993)<\/span>: la obligaci\u00f3n de recepci\u00f3n por el Ayuntamiento y la naturaleza municipal de los servicios hacen <span class=\"accentue\">inoportuno<\/span> (y potencialmente contrario) el acto de 2010 que <span class=\"accentue\">reinstala<\/span> una gesti\u00f3n paralela.<\/li>\n<li><span class=\"accentue\">Informe de 1996 de la Generalitat<\/span>: la publicaci\u00f3n de 2010 <span class=\"accentue\">contradice<\/span> la orientaci\u00f3n jur\u00eddica anterior de la misma Administraci\u00f3n.<\/li>\n<li><span class=\"accentue\">Ejecuci\u00f3n de 2001<\/span>: al estar <span class=\"accentue\">ya municipalizados<\/span> los bienes comunes, el reconocimiento de la <span class=\"accentue\">ECU<\/span> en 2010 mantiene una <span class=\"accentue\">dualidad<\/span> de gesti\u00f3n sin base coherente.<\/li>\n<\/ul>\n<blockquote style=\"padding-top: 20px;\">\n<h3>\u00bfPor qu\u00e9 el \u00abgiro\u00bb de 2010?<\/h3>\n<p>El <span class=\"accentue\">09\/02\/2010<\/span>, el DOGC reconoce la <span class=\"accentue\">ECU Les Planes del Rei<\/span>, aun cuando:<\/p>\n<ul>\n<li><span class=\"accentue\">23\/11\/1993<\/span> \u2014 Tribunal de Falset: cesiones obligatorias y asunci\u00f3n de los <span class=\"accentue\">servicios municipales<\/span>.<\/li>\n<li><span class=\"accentue\">05\/03\/1996<\/span> \u2014 Informe jur\u00eddico de la Generalitat: confirmaci\u00f3n de las <span class=\"accentue\">obligaciones municipales<\/span> (la <span class=\"accentue\">ECU<\/span> no se sustituye al Ayuntamiento).<\/li>\n<li><span class=\"accentue\">29\/10\/2001<\/span> \u2014 Ejecuci\u00f3n por el JPI n.\u00ba 1 de Falset: <span class=\"accentue\">inscripci\u00f3n<\/span> de los bienes comunes a nombre del Ayuntamiento.<\/li>\n<\/ul>\n<h3>Hip\u00f3tesis explicativas<\/h3>\n<ol>\n<li><span class=\"accentue\">Presi\u00f3n del Ayuntamiento de Pratdip<\/span>: buscar un <span class=\"accentue\">pretexto legal<\/span> para seguir delegando costes y gesti\u00f3n a los propietarios v\u00eda la ECU.<\/li>\n<li><span class=\"accentue\">Inercia \/ fragmentaci\u00f3n administrativa<\/span>: activaci\u00f3n del esquema ECU sin tener en cuenta <span class=\"accentue\">sentencias ejecutadas<\/span> y el informe de 1996.<\/li>\n<li><span class=\"accentue\">Oportunismo presupuestario<\/span>: soluci\u00f3n \u00abf\u00e1cil\u00bb para evitar imponer al Ayuntamiento <span class=\"accentue\">inversiones<\/span> y servicios m\u00ednimos.<\/li>\n<li><span class=\"accentue\">Contexto pol\u00edtico local (2010)<\/span>: voluntad municipal de <span class=\"accentue\">perpetuar<\/span> una <span class=\"accentue\">entidad\u2011parapeto<\/span> (ECU) pese al historial judicial.<\/li>\n<\/ol>\n<h3>Efectos concretos<\/h3>\n<ul>\n<li><span class=\"accentue\">Prolongaci\u00f3n artificial<\/span> de la ECU y mantenimiento de una <span class=\"accentue\">dualidad de gesti\u00f3n<\/span>.<\/li>\n<li><span class=\"accentue\">Confusi\u00f3n de responsabilidades<\/span> (municipales vs. ECU) y <span class=\"accentue\">percepci\u00f3n de cuotas<\/span> a los propietarios.<\/li>\n<li><span class=\"accentue\">Aplazamiento<\/span> de la asunci\u00f3n de los <span class=\"accentue\">servicios m\u00ednimos<\/span> por parte del Ayuntamiento.<\/li>\n<\/ul>\n<h3>Lectura jur\u00eddica<\/h3>\n<ul>\n<li><span class=\"accentue\">Contradicci\u00f3n<\/span> con sentencias ejecutables (1993, 2001).<\/li>\n<li><span class=\"accentue\">Incoherencia<\/span> con el informe de 1996 de la Generalitat.<\/li>\n<li><span class=\"accentue\">Vulnerabilidad<\/span> del acto de 2010 (posible <span class=\"accentue\">anulabilidad<\/span>) frente a la <span class=\"accentue\">autoridad de cosa juzgada<\/span>.<\/li>\n<\/ul>\n<p class=\"accentue\">Para recordar:<\/p>\n<ul>\n<li>El \u00abgiro\u00bb es <span class=\"accentue\">pol\u00edtico\u2011administrativo<\/span>, no jur\u00eddico.<\/li>\n<li>La <span class=\"accentue\">ECU<\/span> sirvi\u00f3 de <span class=\"accentue\">parapeto<\/span> que permiti\u00f3 al Ayuntamiento eludir sus obligaciones legales.<\/li>\n<\/ul>\n<\/blockquote>\n<h2>5) Consecuencias pr\u00e1cticas observadas<\/h2>\n<ul>\n<li><span class=\"accentue\">Prolongaci\u00f3n<\/span> de una entidad de conservaci\u00f3n que permite al Ayuntamiento <span class=\"accentue\">aplazar<\/span> la asunci\u00f3n de los servicios m\u00ednimos.<\/li>\n<li><span class=\"accentue\">Percepci\u00f3n de cuotas<\/span> y <span class=\"accentue\">confusi\u00f3n<\/span> entre los propietarios acerca de las responsabilidades reales (municipales vs. ECU).<\/li>\n<li><span class=\"accentue\">Bloqueos<\/span> en la normalizaci\u00f3n jur\u00eddica y administrativa de la urbanizaci\u00f3n.<\/li>\n<\/ul>\n<h2>6) Valoraci\u00f3n jur\u00eddica<\/h2>\n<ul>\n<li>El acto de 2010 aparece <span class=\"accentue\">incompatible<\/span> con decisiones judiciales <span class=\"accentue\">previas y ejecutadas<\/span>.<\/li>\n<li>Se aparta de la orientaci\u00f3n fijada por el <span class=\"accentue\">informe jur\u00eddico<\/span> de 1996 de la Generalitat.<\/li>\n<li>A la luz de la <span class=\"accentue\">jerarqu\u00eda normativa<\/span> y de la <span class=\"accentue\">autoridad de cosa juzgada<\/span>, plantea un <span class=\"accentue\">riesgo de ilegalidad<\/span> (anulabilidad) como acto administrativo <span class=\"accentue\">contradictorio<\/span> con sentencias ejecutadas.<\/li>\n<\/ul>\n<h2>7) Recomendaciones<\/h2>\n<ul>\n<li>Documentar la <span class=\"accentue\">cronolog\u00eda<\/span> 1993\u20132010 y evidenciar las <span class=\"accentue\">incompatibilidades<\/span> jur\u00eddicas.<\/li>\n<li>Indexar la publicaci\u00f3n de 2010 en los <span class=\"accentue\">expedientes contenciosos<\/span> relativos a la inacci\u00f3n municipal y al cargo indebido impuesto a los propietarios.<\/li>\n<li>Preparar, si procede, una <span class=\"accentue\">solicitud de rectificaci\u00f3n<\/span> o una <span class=\"accentue\">impugnaci\u00f3n<\/span> dirigida del acto de 2010 bas\u00e1ndose en 1993, 1996 y 2001.<\/li>\n<\/ul>\n<hr style=\"margin-bottom: 30px;\" \/>\n<h2>Referencias<\/h2>\n<ul>\n<li><span class=\"accentue\">23\/11\/1993<\/span> \u2014 Sentencia del Tribunal de Falset (recepci\u00f3n obligatoria y servicios municipales).<\/li>\n<li><span class=\"accentue\">05\/03\/1996<\/span> \u2014 Informe jur\u00eddico de la Generalitat de Catalunya (recordatorio de las obligaciones municipales).<\/li>\n<li><span class=\"accentue\">29\/10\/2001<\/span> \u2014 Ejecuci\u00f3n de la sentencia de 1993 por el JPI n.\u00ba 1 de Falset (inscripci\u00f3n en el Registro).<\/li>\n<li><span class=\"accentue\">09\/02\/2010<\/span> \u2014 Publicaci\u00f3n en el DOGC: reconocimiento\/inscripci\u00f3n de la ECU Les Planes del Rei.<\/li>\n<\/ul>\n<hr style=\"margin-bottom: 30px;\" \/>\n<h3 class=\"underline\">Documento<\/h3>\n<p style=\"padding-top: 30px;\"><a href=\"https:\/\/www.latribunedeplanas.com\/wp-content\/uploads\/2025\/08\/2010-02-09-gencat-reconnaissance-eucc.pdf\" class=\"pdfemb-viewer\" style=\"\" data-width=\"max\" data-height=\"max\" data-mobile-width=\"0\"  data-scrollbar=\"none\" data-download=\"on\" data-tracking=\"on\" data-newwindow=\"on\" data-pagetextbox=\"off\" data-scrolltotop=\"off\" data-startzoom=\"100\" data-startfpzoom=\"100\" data-toolbar=\"top\" data-toolbar-fixed=\"off\">2010-02-09-gencat-reconnaissance-eucc<br\/><\/a><\/p>\n<p>[\/et_pb_text][\/et_pb_column][\/et_pb_row][\/et_pb_section]<\/p>\n","protected":false},"excerpt":{"rendered":"<p>El 9 de febrero de 2010, la Generalitat publica en el Diari Oficial de la Generalitat de Catalunya (DOGC) el reconocimiento y la inscripci\u00f3n de la Entidad Colaboradora Urban\u00edstica (ECU) Les Planes del Rei. Este texto instituye formalmente una entidad encargada de la conservaci\u00f3n y el mantenimiento de la urbanizaci\u00f3n Planas del Rey (Planes del [&hellip;]<\/p>\n","protected":false},"author":1,"featured_media":0,"comment_status":"closed","ping_status":"closed","sticky":false,"template":"","format":"standard","meta":{"_et_pb_use_builder":"on","_et_pb_old_content":"","_et_gb_content_width":"","footnotes":""},"categories":[217],"tags":[],"class_list":["post-28798","post","type-post","status-publish","format-standard","hentry","category-documentos"],"yoast_head":"<!-- This site is optimized with the Yoast SEO plugin v27.5 - https:\/\/yoast.com\/product\/yoast-seo-wordpress\/ -->\n<title>9 de febrero de 2010: Reconocimiento oficial de la ECU Les Planes del Rei (DOGC) \u2014 An\u00e1lisis, contexto y contradicciones - La Tribune de Planas<\/title>\n<meta name=\"description\" content=\"En 2010 la Generalitat reconoci\u00f3 la ECU de Planas del Rey, contradiciendo sentencias que obligaban al Ayuntamiento a asumir servicios.\" \/>\n<meta name=\"robots\" content=\"index, follow, max-snippet:-1, max-image-preview:large, max-video-preview:-1\" \/>\n<link rel=\"canonical\" href=\"https:\/\/www.latribunedeplanas.com\/es\/9-de-febrero-de-2010-reconocimiento-oficial-de-la-ecu-les-planes-del-rei-dogc-analisis-contexto-y-contradicciones\/\" \/>\n<meta property=\"og:locale\" content=\"es_ES\" \/>\n<meta property=\"og:type\" content=\"article\" \/>\n<meta property=\"og:title\" content=\"9 de febrero de 2010: Reconocimiento oficial de la ECU Les Planes del Rei (DOGC) \u2014 An\u00e1lisis, contexto y contradicciones - La Tribune de Planas\" \/>\n<meta property=\"og:description\" content=\"En 2010 la Generalitat reconoci\u00f3 la ECU de Planas del Rey, contradiciendo sentencias que obligaban al Ayuntamiento a asumir servicios.\" \/>\n<meta property=\"og:url\" content=\"https:\/\/www.latribunedeplanas.com\/es\/9-de-febrero-de-2010-reconocimiento-oficial-de-la-ecu-les-planes-del-rei-dogc-analisis-contexto-y-contradicciones\/\" \/>\n<meta property=\"og:site_name\" content=\"La Tribune de Planas\" \/>\n<meta property=\"article:publisher\" content=\"https:\/\/www.facebook.com\/groups\/1220895301376005\/\" \/>\n<meta property=\"article:author\" content=\"https:\/\/www.facebook.com\/Creawebsite-113915200150984\" \/>\n<meta property=\"article:published_time\" content=\"2010-02-09T16:12:56+00:00\" \/>\n<meta property=\"article:modified_time\" content=\"2025-08-24T15:56:12+00:00\" \/>\n<meta name=\"author\" content=\"Jim\" \/>\n<meta name=\"twitter:card\" content=\"summary_large_image\" \/>\n<meta name=\"twitter:label1\" content=\"Escrito por\" \/>\n\t<meta name=\"twitter:data1\" content=\"Jim\" \/>\n\t<meta name=\"twitter:label2\" content=\"Tiempo de lectura\" \/>\n\t<meta name=\"twitter:data2\" content=\"4 minutos\" \/>\n<script type=\"application\/ld+json\" class=\"yoast-schema-graph\">{\"@context\":\"https:\\\/\\\/schema.org\",\"@graph\":[{\"@type\":\"Article\",\"@id\":\"https:\\\/\\\/www.latribunedeplanas.com\\\/es\\\/9-de-febrero-de-2010-reconocimiento-oficial-de-la-ecu-les-planes-del-rei-dogc-analisis-contexto-y-contradicciones\\\/#article\",\"isPartOf\":{\"@id\":\"https:\\\/\\\/www.latribunedeplanas.com\\\/es\\\/9-de-febrero-de-2010-reconocimiento-oficial-de-la-ecu-les-planes-del-rei-dogc-analisis-contexto-y-contradicciones\\\/\"},\"author\":{\"name\":\"Jim\",\"@id\":\"https:\\\/\\\/www.latribunedeplanas.com\\\/es\\\/#\\\/schema\\\/person\\\/590a87318688792f18d8e1c983528bc8\"},\"headline\":\"9 de febrero de 2010: Reconocimiento oficial de la ECU Les Planes del Rei (DOGC) \u2014 An\u00e1lisis, contexto y contradicciones\",\"datePublished\":\"2010-02-09T16:12:56+00:00\",\"dateModified\":\"2025-08-24T15:56:12+00:00\",\"mainEntityOfPage\":{\"@id\":\"https:\\\/\\\/www.latribunedeplanas.com\\\/es\\\/9-de-febrero-de-2010-reconocimiento-oficial-de-la-ecu-les-planes-del-rei-dogc-analisis-contexto-y-contradicciones\\\/\"},\"wordCount\":1167,\"publisher\":{\"@id\":\"https:\\\/\\\/www.latribunedeplanas.com\\\/es\\\/#organization\"},\"articleSection\":[\"Documentos\"],\"inLanguage\":\"es\"},{\"@type\":\"WebPage\",\"@id\":\"https:\\\/\\\/www.latribunedeplanas.com\\\/es\\\/9-de-febrero-de-2010-reconocimiento-oficial-de-la-ecu-les-planes-del-rei-dogc-analisis-contexto-y-contradicciones\\\/\",\"url\":\"https:\\\/\\\/www.latribunedeplanas.com\\\/es\\\/9-de-febrero-de-2010-reconocimiento-oficial-de-la-ecu-les-planes-del-rei-dogc-analisis-contexto-y-contradicciones\\\/\",\"name\":\"9 de febrero de 2010: Reconocimiento oficial de la ECU Les Planes del Rei (DOGC) \u2014 An\u00e1lisis, contexto y contradicciones - La Tribune de Planas\",\"isPartOf\":{\"@id\":\"https:\\\/\\\/www.latribunedeplanas.com\\\/es\\\/#website\"},\"datePublished\":\"2010-02-09T16:12:56+00:00\",\"dateModified\":\"2025-08-24T15:56:12+00:00\",\"description\":\"En 2010 la Generalitat reconoci\u00f3 la ECU de Planas del Rey, contradiciendo sentencias que obligaban al Ayuntamiento a asumir servicios.\",\"breadcrumb\":{\"@id\":\"https:\\\/\\\/www.latribunedeplanas.com\\\/es\\\/9-de-febrero-de-2010-reconocimiento-oficial-de-la-ecu-les-planes-del-rei-dogc-analisis-contexto-y-contradicciones\\\/#breadcrumb\"},\"inLanguage\":\"es\",\"potentialAction\":[{\"@type\":\"ReadAction\",\"target\":[\"https:\\\/\\\/www.latribunedeplanas.com\\\/es\\\/9-de-febrero-de-2010-reconocimiento-oficial-de-la-ecu-les-planes-del-rei-dogc-analisis-contexto-y-contradicciones\\\/\"]}]},{\"@type\":\"BreadcrumbList\",\"@id\":\"https:\\\/\\\/www.latribunedeplanas.com\\\/es\\\/9-de-febrero-de-2010-reconocimiento-oficial-de-la-ecu-les-planes-del-rei-dogc-analisis-contexto-y-contradicciones\\\/#breadcrumb\",\"itemListElement\":[{\"@type\":\"ListItem\",\"position\":1,\"name\":\"Accueil\",\"item\":\"https:\\\/\\\/www.latribunedeplanas.com\\\/es\\\/\"},{\"@type\":\"ListItem\",\"position\":2,\"name\":\"9 de febrero de 2010: Reconocimiento oficial de la ECU Les Planes del Rei (DOGC) \u2014 An\u00e1lisis, contexto y contradicciones\"}]},{\"@type\":\"WebSite\",\"@id\":\"https:\\\/\\\/www.latribunedeplanas.com\\\/es\\\/#website\",\"url\":\"https:\\\/\\\/www.latribunedeplanas.com\\\/es\\\/\",\"name\":\"La Tribune de Planas\",\"description\":\"Les Planes del Rei - Urbanizaci\u00f3n del municipio de Pratdip\",\"publisher\":{\"@id\":\"https:\\\/\\\/www.latribunedeplanas.com\\\/es\\\/#organization\"},\"potentialAction\":[{\"@type\":\"SearchAction\",\"target\":{\"@type\":\"EntryPoint\",\"urlTemplate\":\"https:\\\/\\\/www.latribunedeplanas.com\\\/es\\\/?s={search_term_string}\"},\"query-input\":{\"@type\":\"PropertyValueSpecification\",\"valueRequired\":true,\"valueName\":\"search_term_string\"}}],\"inLanguage\":\"es\"},{\"@type\":\"Organization\",\"@id\":\"https:\\\/\\\/www.latribunedeplanas.com\\\/es\\\/#organization\",\"name\":\"Vecinos de Planes del Rei (SOSPlanes)\",\"url\":\"https:\\\/\\\/www.latribunedeplanas.com\\\/es\\\/\",\"logo\":{\"@type\":\"ImageObject\",\"inLanguage\":\"es\",\"@id\":\"https:\\\/\\\/www.latribunedeplanas.com\\\/es\\\/#\\\/schema\\\/logo\\\/image\\\/\",\"url\":\"https:\\\/\\\/www.latribunedeplanas.com\\\/wp-content\\\/uploads\\\/2021\\\/11\\\/logo-sos-planas-0.png\",\"contentUrl\":\"https:\\\/\\\/www.latribunedeplanas.com\\\/wp-content\\\/uploads\\\/2021\\\/11\\\/logo-sos-planas-0.png\",\"width\":600,\"height\":400,\"caption\":\"Vecinos de Planes del Rei (SOSPlanes)\"},\"image\":{\"@id\":\"https:\\\/\\\/www.latribunedeplanas.com\\\/es\\\/#\\\/schema\\\/logo\\\/image\\\/\"},\"sameAs\":[\"https:\\\/\\\/www.facebook.com\\\/groups\\\/1220895301376005\\\/\",\"https:\\\/\\\/www.instagram.com\\\/lasplanasdelrey\\\/\"]},{\"@type\":\"Person\",\"@id\":\"https:\\\/\\\/www.latribunedeplanas.com\\\/es\\\/#\\\/schema\\\/person\\\/590a87318688792f18d8e1c983528bc8\",\"name\":\"Jim\",\"image\":{\"@type\":\"ImageObject\",\"inLanguage\":\"es\",\"@id\":\"https:\\\/\\\/secure.gravatar.com\\\/avatar\\\/5a89228fd282eb9ee33a60b4ff06f9c31751866f1fb91ca56263af0968354113?s=96&d=mm&r=g\",\"url\":\"https:\\\/\\\/secure.gravatar.com\\\/avatar\\\/5a89228fd282eb9ee33a60b4ff06f9c31751866f1fb91ca56263af0968354113?s=96&d=mm&r=g\",\"contentUrl\":\"https:\\\/\\\/secure.gravatar.com\\\/avatar\\\/5a89228fd282eb9ee33a60b4ff06f9c31751866f1fb91ca56263af0968354113?s=96&d=mm&r=g\",\"caption\":\"Jim\"},\"sameAs\":[\"https:\\\/\\\/www.creawebsite.be\\\/\",\"https:\\\/\\\/www.facebook.com\\\/Creawebsite-113915200150984\",\"https:\\\/\\\/www.instagram.com\\\/creawebsite.be\\\/\",\"https:\\\/\\\/www.linkedin.com\\\/in\\\/jean-marc-delchef\\\/\"]}]}<\/script>\n<!-- \/ Yoast SEO plugin. -->","yoast_head_json":{"title":"9 de febrero de 2010: Reconocimiento oficial de la ECU Les Planes del Rei (DOGC) \u2014 An\u00e1lisis, contexto y contradicciones - La Tribune de Planas","description":"En 2010 la Generalitat reconoci\u00f3 la ECU de Planas del Rey, contradiciendo sentencias que obligaban al Ayuntamiento a asumir servicios.","robots":{"index":"index","follow":"follow","max-snippet":"max-snippet:-1","max-image-preview":"max-image-preview:large","max-video-preview":"max-video-preview:-1"},"canonical":"https:\/\/www.latribunedeplanas.com\/es\/9-de-febrero-de-2010-reconocimiento-oficial-de-la-ecu-les-planes-del-rei-dogc-analisis-contexto-y-contradicciones\/","og_locale":"es_ES","og_type":"article","og_title":"9 de febrero de 2010: Reconocimiento oficial de la ECU Les Planes del Rei (DOGC) \u2014 An\u00e1lisis, contexto y contradicciones - La Tribune de Planas","og_description":"En 2010 la Generalitat reconoci\u00f3 la ECU de Planas del Rey, contradiciendo sentencias que obligaban al Ayuntamiento a asumir servicios.","og_url":"https:\/\/www.latribunedeplanas.com\/es\/9-de-febrero-de-2010-reconocimiento-oficial-de-la-ecu-les-planes-del-rei-dogc-analisis-contexto-y-contradicciones\/","og_site_name":"La Tribune de Planas","article_publisher":"https:\/\/www.facebook.com\/groups\/1220895301376005\/","article_author":"https:\/\/www.facebook.com\/Creawebsite-113915200150984","article_published_time":"2010-02-09T16:12:56+00:00","article_modified_time":"2025-08-24T15:56:12+00:00","author":"Jim","twitter_card":"summary_large_image","twitter_misc":{"Escrito por":"Jim","Tiempo de lectura":"4 minutos"},"schema":{"@context":"https:\/\/schema.org","@graph":[{"@type":"Article","@id":"https:\/\/www.latribunedeplanas.com\/es\/9-de-febrero-de-2010-reconocimiento-oficial-de-la-ecu-les-planes-del-rei-dogc-analisis-contexto-y-contradicciones\/#article","isPartOf":{"@id":"https:\/\/www.latribunedeplanas.com\/es\/9-de-febrero-de-2010-reconocimiento-oficial-de-la-ecu-les-planes-del-rei-dogc-analisis-contexto-y-contradicciones\/"},"author":{"name":"Jim","@id":"https:\/\/www.latribunedeplanas.com\/es\/#\/schema\/person\/590a87318688792f18d8e1c983528bc8"},"headline":"9 de febrero de 2010: Reconocimiento oficial de la ECU Les Planes del Rei (DOGC) \u2014 An\u00e1lisis, contexto y contradicciones","datePublished":"2010-02-09T16:12:56+00:00","dateModified":"2025-08-24T15:56:12+00:00","mainEntityOfPage":{"@id":"https:\/\/www.latribunedeplanas.com\/es\/9-de-febrero-de-2010-reconocimiento-oficial-de-la-ecu-les-planes-del-rei-dogc-analisis-contexto-y-contradicciones\/"},"wordCount":1167,"publisher":{"@id":"https:\/\/www.latribunedeplanas.com\/es\/#organization"},"articleSection":["Documentos"],"inLanguage":"es"},{"@type":"WebPage","@id":"https:\/\/www.latribunedeplanas.com\/es\/9-de-febrero-de-2010-reconocimiento-oficial-de-la-ecu-les-planes-del-rei-dogc-analisis-contexto-y-contradicciones\/","url":"https:\/\/www.latribunedeplanas.com\/es\/9-de-febrero-de-2010-reconocimiento-oficial-de-la-ecu-les-planes-del-rei-dogc-analisis-contexto-y-contradicciones\/","name":"9 de febrero de 2010: Reconocimiento oficial de la ECU Les Planes del Rei (DOGC) \u2014 An\u00e1lisis, contexto y contradicciones - La Tribune de Planas","isPartOf":{"@id":"https:\/\/www.latribunedeplanas.com\/es\/#website"},"datePublished":"2010-02-09T16:12:56+00:00","dateModified":"2025-08-24T15:56:12+00:00","description":"En 2010 la Generalitat reconoci\u00f3 la ECU de Planas del Rey, contradiciendo sentencias que obligaban al Ayuntamiento a asumir servicios.","breadcrumb":{"@id":"https:\/\/www.latribunedeplanas.com\/es\/9-de-febrero-de-2010-reconocimiento-oficial-de-la-ecu-les-planes-del-rei-dogc-analisis-contexto-y-contradicciones\/#breadcrumb"},"inLanguage":"es","potentialAction":[{"@type":"ReadAction","target":["https:\/\/www.latribunedeplanas.com\/es\/9-de-febrero-de-2010-reconocimiento-oficial-de-la-ecu-les-planes-del-rei-dogc-analisis-contexto-y-contradicciones\/"]}]},{"@type":"BreadcrumbList","@id":"https:\/\/www.latribunedeplanas.com\/es\/9-de-febrero-de-2010-reconocimiento-oficial-de-la-ecu-les-planes-del-rei-dogc-analisis-contexto-y-contradicciones\/#breadcrumb","itemListElement":[{"@type":"ListItem","position":1,"name":"Accueil","item":"https:\/\/www.latribunedeplanas.com\/es\/"},{"@type":"ListItem","position":2,"name":"9 de febrero de 2010: Reconocimiento oficial de la ECU Les Planes del Rei (DOGC) \u2014 An\u00e1lisis, contexto y contradicciones"}]},{"@type":"WebSite","@id":"https:\/\/www.latribunedeplanas.com\/es\/#website","url":"https:\/\/www.latribunedeplanas.com\/es\/","name":"La Tribune de Planas","description":"Les Planes del Rei - Urbanizaci\u00f3n del municipio de Pratdip","publisher":{"@id":"https:\/\/www.latribunedeplanas.com\/es\/#organization"},"potentialAction":[{"@type":"SearchAction","target":{"@type":"EntryPoint","urlTemplate":"https:\/\/www.latribunedeplanas.com\/es\/?s={search_term_string}"},"query-input":{"@type":"PropertyValueSpecification","valueRequired":true,"valueName":"search_term_string"}}],"inLanguage":"es"},{"@type":"Organization","@id":"https:\/\/www.latribunedeplanas.com\/es\/#organization","name":"Vecinos de Planes del Rei (SOSPlanes)","url":"https:\/\/www.latribunedeplanas.com\/es\/","logo":{"@type":"ImageObject","inLanguage":"es","@id":"https:\/\/www.latribunedeplanas.com\/es\/#\/schema\/logo\/image\/","url":"https:\/\/www.latribunedeplanas.com\/wp-content\/uploads\/2021\/11\/logo-sos-planas-0.png","contentUrl":"https:\/\/www.latribunedeplanas.com\/wp-content\/uploads\/2021\/11\/logo-sos-planas-0.png","width":600,"height":400,"caption":"Vecinos de Planes del Rei (SOSPlanes)"},"image":{"@id":"https:\/\/www.latribunedeplanas.com\/es\/#\/schema\/logo\/image\/"},"sameAs":["https:\/\/www.facebook.com\/groups\/1220895301376005\/","https:\/\/www.instagram.com\/lasplanasdelrey\/"]},{"@type":"Person","@id":"https:\/\/www.latribunedeplanas.com\/es\/#\/schema\/person\/590a87318688792f18d8e1c983528bc8","name":"Jim","image":{"@type":"ImageObject","inLanguage":"es","@id":"https:\/\/secure.gravatar.com\/avatar\/5a89228fd282eb9ee33a60b4ff06f9c31751866f1fb91ca56263af0968354113?s=96&d=mm&r=g","url":"https:\/\/secure.gravatar.com\/avatar\/5a89228fd282eb9ee33a60b4ff06f9c31751866f1fb91ca56263af0968354113?s=96&d=mm&r=g","contentUrl":"https:\/\/secure.gravatar.com\/avatar\/5a89228fd282eb9ee33a60b4ff06f9c31751866f1fb91ca56263af0968354113?s=96&d=mm&r=g","caption":"Jim"},"sameAs":["https:\/\/www.creawebsite.be\/","https:\/\/www.facebook.com\/Creawebsite-113915200150984","https:\/\/www.instagram.com\/creawebsite.be\/","https:\/\/www.linkedin.com\/in\/jean-marc-delchef\/"]}]}},"_links":{"self":[{"href":"https:\/\/www.latribunedeplanas.com\/es\/wp-json\/wp\/v2\/posts\/28798","targetHints":{"allow":["GET"]}}],"collection":[{"href":"https:\/\/www.latribunedeplanas.com\/es\/wp-json\/wp\/v2\/posts"}],"about":[{"href":"https:\/\/www.latribunedeplanas.com\/es\/wp-json\/wp\/v2\/types\/post"}],"author":[{"embeddable":true,"href":"https:\/\/www.latribunedeplanas.com\/es\/wp-json\/wp\/v2\/users\/1"}],"replies":[{"embeddable":true,"href":"https:\/\/www.latribunedeplanas.com\/es\/wp-json\/wp\/v2\/comments?post=28798"}],"version-history":[{"count":6,"href":"https:\/\/www.latribunedeplanas.com\/es\/wp-json\/wp\/v2\/posts\/28798\/revisions"}],"predecessor-version":[{"id":28821,"href":"https:\/\/www.latribunedeplanas.com\/es\/wp-json\/wp\/v2\/posts\/28798\/revisions\/28821"}],"wp:attachment":[{"href":"https:\/\/www.latribunedeplanas.com\/es\/wp-json\/wp\/v2\/media?parent=28798"}],"wp:term":[{"taxonomy":"category","embeddable":true,"href":"https:\/\/www.latribunedeplanas.com\/es\/wp-json\/wp\/v2\/categories?post=28798"},{"taxonomy":"post_tag","embeddable":true,"href":"https:\/\/www.latribunedeplanas.com\/es\/wp-json\/wp\/v2\/tags?post=28798"}],"curies":[{"name":"wp","href":"https:\/\/api.w.org\/{rel}","templated":true}]}}