{"id":28778,"date":"2009-11-15T16:41:16","date_gmt":"2009-11-15T15:41:16","guid":{"rendered":"https:\/\/www.latribunedeplanas.com\/15-novembre-2009-recours-des-proprietaires-contre-le-refus-de-reception-de-lurbanisation-reparcelacion-et-sentence-anterieure\/"},"modified":"2025-08-24T16:49:25","modified_gmt":"2025-08-24T14:49:25","slug":"15-de-noviembre-de-2009-recurso-de-los-propietarios-contra-la-negativa-de-recepcion-de-la-urbanizacion-reparcelacion-y-sentencia-anterior","status":"publish","type":"post","link":"https:\/\/www.latribunedeplanas.com\/es\/15-de-noviembre-de-2009-recurso-de-los-propietarios-contra-la-negativa-de-recepcion-de-la-urbanizacion-reparcelacion-y-sentencia-anterior\/","title":{"rendered":"15 de noviembre de 2009: Recurso de los propietarios contra la negativa de recepci\u00f3n de la urbanizaci\u00f3n \u2013 Reparcelaci\u00f3n y sentencia anterior"},"content":{"rendered":"<p>[et_pb_section fb_built=\u00bb1&#8243; admin_label=\u00bbSection-Article\u00bb module_class=\u00bbsection-article\u00bb _builder_version=\u00bb4.18.0&#8243; custom_margin=\u00bb0px|0px|0px|0px\u00bb custom_padding=\u00bb0px|0px|0px|0px\u00bb global_colors_info=\u00bb{}\u00bb][et_pb_row use_custom_gutter=\u00bbon\u00bb gutter_width=\u00bb1&#8243; custom_padding_last_edited=\u00bbon|phone\u00bb admin_label=\u00bbLigne-Article\u00bb module_class=\u00bbligne-article et_pb_row_fullwidth\u00bb _builder_version=\u00bb4.27.4&#8243; width=\u00bb100%\u00bb width_tablet=\u00bb100%\u00bb width_phone=\u00bb\u00bb width_last_edited=\u00bbon|desktop\u00bb max_width=\u00bb100%\u00bb max_width_tablet=\u00bb100%\u00bb max_width_phone=\u00bb\u00bb max_width_last_edited=\u00bbon|desktop\u00bb custom_margin=\u00bb0px||0px\u00bb custom_padding=\u00bb20px||0px||false|false\u00bb custom_padding_tablet=\u00bb20px||0px||false|false\u00bb custom_padding_phone=\u00bb15px||||false|false\u00bb make_fullwidth=\u00bbon\u00bb global_colors_info=\u00bb{}\u00bb][et_pb_column type=\u00bb4_4&#8243; _builder_version=\u00bb4.16&#8243; custom_padding=\u00bb|||\u00bb global_colors_info=\u00bb{}\u00bb custom_padding__hover=\u00bb|||\u00bb][et_pb_text admin_label=\u00bbTexte-15 de noviembre de 2009: Recurso de los propietarios contra la negativa de recepci\u00f3n de la urbanizaci\u00f3n \u2013 Reparcelaci\u00f3n y sentencia anterior\u00bb module_class=\u00bbtxt-article\u00bb _builder_version=\u00bb4.27.4&#8243; text_font=\u00bb|300|||||||\u00bb header_font=\u00bb||||||||\u00bb header_2_line_height=\u00bb1.2em\u00bb header_3_font=\u00bb||||||||\u00bb header_3_line_height=\u00bb1.3em\u00bb header_4_text_align=\u00bbcenter\u00bb custom_padding=\u00bb||||false|false\u00bb hover_enabled=\u00bb0&#8243; text_line_height_tablet=\u00bb\u00bb text_line_height_phone=\u00bb1.3em\u00bb text_line_height_last_edited=\u00bbon|desktop\u00bb header_2_font_size_tablet=\u00bb\u00bb header_2_font_size_phone=\u00bb\u00bb header_2_font_size_last_edited=\u00bbon|phone\u00bb header_3_font_size_tablet=\u00bb\u00bb header_3_font_size_phone=\u00bb23px\u00bb header_3_font_size_last_edited=\u00bbon|desktop\u00bb global_colors_info=\u00bb{}\u00bb sticky_enabled=\u00bb0&#8243;]<\/p>\n<p>El <span class=\"accentue\">15 de noviembre de 2009<\/span>, un grupo de <span class=\"accentue\">propietarios<\/span> de <span class=\"accentue\">Planas del Rey (Planes del Rei)<\/span> presenta un <span class=\"accentue\">recurso administrativo<\/span> contra el <span class=\"accentue\">Ayuntamiento de Pratdip<\/span>, con el fin de impugnar la <span class=\"accentue\">negativa a recepcionar<\/span> la urbanizaci\u00f3n y hacer reconocer la obligaci\u00f3n municipal de garantizar los <span class=\"accentue\">servicios p\u00fablicos m\u00ednimos<\/span>.<\/p>\n<hr style=\"margin-bottom: 30px;\" \/>\n<h2>1) Contexto<\/h2>\n<ul>\n<li><span class=\"accentue\">Fecha<\/span>: 15\/11\/2009.<\/li>\n<li><span class=\"accentue\">Autores<\/span>: propietarios de la urbanizaci\u00f3n.<\/li>\n<li><span class=\"accentue\">Objeto<\/span>: anulaci\u00f3n de la negativa de recepci\u00f3n y asunci\u00f3n de los servicios municipales.<\/li>\n<li><span class=\"accentue\">Lugar<\/span>: municipio de Pratdip (Baix Camp).<\/li>\n<\/ul>\n<h2>2) Decisi\u00f3n impugnada<\/h2>\n<ul>\n<li>Negativa del <span class=\"accentue\">Ayuntamiento de Pratdip<\/span> a recepcionar <span class=\"accentue\">Planas del Rey (Planes del Rei)<\/span>.<\/li>\n<li>Motivos alegados: <span class=\"accentue\">no conformidad<\/span> de las infraestructuras y exigencia previa de una <span class=\"accentue\">reparcelaci\u00f3n<\/span>.<\/li>\n<\/ul>\n<h2>3) Argumentos de los propietarios<\/h2>\n<ul>\n<li><span class=\"accentue\">La reparcelaci\u00f3n no es una condici\u00f3n legal<\/span> para que el ayuntamiento proporcione los <span class=\"accentue\">servicios p\u00fablicos m\u00ednimos<\/span> (agua, viario, alumbrado, basuras, saneamiento).<\/li>\n<li>La <span class=\"accentue\">Ley de Bases del R\u00e9gimen Local (art. 26)<\/span> ya impone estos servicios al municipio, independientemente de una reurbanizaci\u00f3n integral.<\/li>\n<li>La existencia de una <span class=\"accentue\">ECU Les Planes del Rei<\/span> no exime al ayuntamiento de sus obligaciones hacia los vecinos.<\/li>\n<\/ul>\n<h2>4) Jurisprudencia citada<\/h2>\n<ul>\n<li>Referencia expl\u00edcita a una <span class=\"accentue\">sentencia anterior<\/span> (en particular la <span class=\"accentue\">de fecha 3 de junio de 2008<\/span>) que confirma que el ayuntamiento debe garantizar los servicios m\u00ednimos y que no puede subordinar esta responsabilidad a una <span class=\"accentue\">reparcelaci\u00f3n<\/span> o a una urbanizaci\u00f3n \u00abperfecta\u00bb.<\/li>\n<\/ul>\n<h2>5) Peticiones formuladas<\/h2>\n<ul>\n<li><span class=\"accentue\">Revisi\u00f3n<\/span> y <span class=\"accentue\">anulaci\u00f3n<\/span> de la negativa de recepci\u00f3n.<\/li>\n<li><span class=\"accentue\">Recepci\u00f3n inmediata<\/span> (o sin demora) de la urbanizaci\u00f3n por parte del ayuntamiento.<\/li>\n<li>Aplicaci\u00f3n efectiva de los <span class=\"accentue\">servicios municipales m\u00ednimos<\/span> en beneficio de los residentes.<\/li>\n<\/ul>\n<h2>6) An\u00e1lisis y alcance<\/h2>\n<ul>\n<li><span class=\"accentue\">Estrategia municipal<\/span>: invocar la <span class=\"accentue\">reparcelaci\u00f3n<\/span> para aplazar la recepci\u00f3n y trasladar la carga financiera a los vecinos.<\/li>\n<li><span class=\"accentue\">Solidez jur\u00eddica<\/span> del recurso: apoyo en la ley (art. 26) y en una <span class=\"accentue\">jurisprudencia<\/span> ya desfavorable al ayuntamiento.<\/li>\n<li><span class=\"accentue\">Valor probatorio<\/span>: demuestra que en <span class=\"accentue\">2009<\/span> los propietarios ya impugnaban el \u00abprerrequisito de reparcelaci\u00f3n\u00bb y recordaban las <span class=\"accentue\">condenas anteriores<\/span>.<\/li>\n<\/ul>\n<h2>7) Conclusi\u00f3n<\/h2>\n<ul>\n<li>El recurso de 2009 es una pieza clave: <span class=\"accentue\">refuta<\/span> el argumento \u00absin reparcelaci\u00f3n, no hay recepci\u00f3n\u00bb, y <span class=\"accentue\">reafirma<\/span> la responsabilidad municipal de garantizar los servicios m\u00ednimos.<\/li>\n<li>Pone de manifiesto la <span class=\"accentue\">persistencia<\/span> de un bloqueo administrativo y pol\u00edtico a pesar de la <span class=\"accentue\">jurisprudencia<\/span> existente.<\/li>\n<\/ul>\n<hr style=\"margin-bottom: 30px;\" \/>\n<h3 class=\"underline\">Documento<\/h3>\n<p style=\"padding-top: 30px;\"><a href=\"https:\/\/www.latribunedeplanas.com\/wp-content\/uploads\/2025\/08\/2009-11-15-recours-proprietaires-refus-mairie-reception.pdf\" class=\"pdfemb-viewer\" style=\"\" data-width=\"max\" data-height=\"max\" data-mobile-width=\"0\"  data-scrollbar=\"none\" data-download=\"on\" data-tracking=\"on\" data-newwindow=\"on\" data-pagetextbox=\"off\" data-scrolltotop=\"off\" data-startzoom=\"100\" data-startfpzoom=\"100\" data-toolbar=\"top\" data-toolbar-fixed=\"off\">2009-11-15-recours-proprietaires-refus-mairie-reception<br\/><\/a><\/p>\n<p>[\/et_pb_text][\/et_pb_column][\/et_pb_row][\/et_pb_section]<\/p>\n","protected":false},"excerpt":{"rendered":"<p>El 15 de noviembre de 2009, un grupo de propietarios de Planas del Rey (Planes del Rei) presenta un recurso administrativo contra el Ayuntamiento de Pratdip, con el fin de impugnar la negativa a recepcionar la urbanizaci\u00f3n y hacer reconocer la obligaci\u00f3n municipal de garantizar los servicios p\u00fablicos m\u00ednimos. 1) Contexto Fecha: 15\/11\/2009. Autores: propietarios [&hellip;]<\/p>\n","protected":false},"author":1,"featured_media":0,"comment_status":"closed","ping_status":"closed","sticky":false,"template":"","format":"standard","meta":{"_et_pb_use_builder":"on","_et_pb_old_content":"","_et_gb_content_width":"","footnotes":""},"categories":[217],"tags":[],"class_list":["post-28778","post","type-post","status-publish","format-standard","hentry","category-documentos"],"yoast_head":"<!-- This site is optimized with the Yoast SEO plugin v27.5 - https:\/\/yoast.com\/product\/yoast-seo-wordpress\/ -->\n<title>15 de noviembre de 2009: Recurso de los propietarios contra la negativa de recepci\u00f3n de la urbanizaci\u00f3n \u2013 Reparcelaci\u00f3n y sentencia anterior - La Tribune de Planas<\/title>\n<meta name=\"description\" content=\"Recurso de 2009 de los propietarios de Planas del Rey contra la negativa del Ayuntamiento a recepcionar, citando reparcelaci\u00f3n y sentencia.\" \/>\n<meta name=\"robots\" content=\"index, follow, max-snippet:-1, max-image-preview:large, max-video-preview:-1\" \/>\n<link rel=\"canonical\" href=\"https:\/\/www.latribunedeplanas.com\/es\/15-de-noviembre-de-2009-recurso-de-los-propietarios-contra-la-negativa-de-recepcion-de-la-urbanizacion-reparcelacion-y-sentencia-anterior\/\" \/>\n<meta property=\"og:locale\" content=\"es_ES\" \/>\n<meta property=\"og:type\" content=\"article\" \/>\n<meta property=\"og:title\" content=\"15 de noviembre de 2009: Recurso de los propietarios contra la negativa de recepci\u00f3n de la urbanizaci\u00f3n \u2013 Reparcelaci\u00f3n y sentencia anterior - La Tribune de Planas\" \/>\n<meta property=\"og:description\" content=\"Recurso de 2009 de los propietarios de Planas del Rey contra la negativa del Ayuntamiento a recepcionar, citando reparcelaci\u00f3n y sentencia.\" \/>\n<meta property=\"og:url\" content=\"https:\/\/www.latribunedeplanas.com\/es\/15-de-noviembre-de-2009-recurso-de-los-propietarios-contra-la-negativa-de-recepcion-de-la-urbanizacion-reparcelacion-y-sentencia-anterior\/\" \/>\n<meta property=\"og:site_name\" content=\"La Tribune de Planas\" \/>\n<meta property=\"article:publisher\" content=\"https:\/\/www.facebook.com\/groups\/1220895301376005\/\" \/>\n<meta property=\"article:author\" content=\"https:\/\/www.facebook.com\/Creawebsite-113915200150984\" \/>\n<meta property=\"article:published_time\" content=\"2009-11-15T15:41:16+00:00\" \/>\n<meta property=\"article:modified_time\" content=\"2025-08-24T14:49:25+00:00\" \/>\n<meta name=\"author\" content=\"Jim\" \/>\n<meta name=\"twitter:card\" content=\"summary_large_image\" \/>\n<meta name=\"twitter:label1\" content=\"Escrito por\" \/>\n\t<meta name=\"twitter:data1\" content=\"Jim\" \/>\n\t<meta name=\"twitter:label2\" content=\"Tiempo de lectura\" \/>\n\t<meta name=\"twitter:data2\" content=\"2 minutos\" \/>\n<script type=\"application\/ld+json\" class=\"yoast-schema-graph\">{\"@context\":\"https:\\\/\\\/schema.org\",\"@graph\":[{\"@type\":\"Article\",\"@id\":\"https:\\\/\\\/www.latribunedeplanas.com\\\/es\\\/15-de-noviembre-de-2009-recurso-de-los-propietarios-contra-la-negativa-de-recepcion-de-la-urbanizacion-reparcelacion-y-sentencia-anterior\\\/#article\",\"isPartOf\":{\"@id\":\"https:\\\/\\\/www.latribunedeplanas.com\\\/es\\\/15-de-noviembre-de-2009-recurso-de-los-propietarios-contra-la-negativa-de-recepcion-de-la-urbanizacion-reparcelacion-y-sentencia-anterior\\\/\"},\"author\":{\"name\":\"Jim\",\"@id\":\"https:\\\/\\\/www.latribunedeplanas.com\\\/es\\\/#\\\/schema\\\/person\\\/590a87318688792f18d8e1c983528bc8\"},\"headline\":\"15 de noviembre de 2009: Recurso de los propietarios contra la negativa de recepci\u00f3n de la urbanizaci\u00f3n \u2013 Reparcelaci\u00f3n y sentencia anterior\",\"datePublished\":\"2009-11-15T15:41:16+00:00\",\"dateModified\":\"2025-08-24T14:49:25+00:00\",\"mainEntityOfPage\":{\"@id\":\"https:\\\/\\\/www.latribunedeplanas.com\\\/es\\\/15-de-noviembre-de-2009-recurso-de-los-propietarios-contra-la-negativa-de-recepcion-de-la-urbanizacion-reparcelacion-y-sentencia-anterior\\\/\"},\"wordCount\":652,\"publisher\":{\"@id\":\"https:\\\/\\\/www.latribunedeplanas.com\\\/es\\\/#organization\"},\"articleSection\":[\"Documentos\"],\"inLanguage\":\"es\"},{\"@type\":\"WebPage\",\"@id\":\"https:\\\/\\\/www.latribunedeplanas.com\\\/es\\\/15-de-noviembre-de-2009-recurso-de-los-propietarios-contra-la-negativa-de-recepcion-de-la-urbanizacion-reparcelacion-y-sentencia-anterior\\\/\",\"url\":\"https:\\\/\\\/www.latribunedeplanas.com\\\/es\\\/15-de-noviembre-de-2009-recurso-de-los-propietarios-contra-la-negativa-de-recepcion-de-la-urbanizacion-reparcelacion-y-sentencia-anterior\\\/\",\"name\":\"15 de noviembre de 2009: Recurso de los propietarios contra la negativa de recepci\u00f3n de la urbanizaci\u00f3n \u2013 Reparcelaci\u00f3n y sentencia anterior - La Tribune de Planas\",\"isPartOf\":{\"@id\":\"https:\\\/\\\/www.latribunedeplanas.com\\\/es\\\/#website\"},\"datePublished\":\"2009-11-15T15:41:16+00:00\",\"dateModified\":\"2025-08-24T14:49:25+00:00\",\"description\":\"Recurso de 2009 de los propietarios de Planas del Rey contra la negativa del Ayuntamiento a recepcionar, citando reparcelaci\u00f3n y sentencia.\",\"breadcrumb\":{\"@id\":\"https:\\\/\\\/www.latribunedeplanas.com\\\/es\\\/15-de-noviembre-de-2009-recurso-de-los-propietarios-contra-la-negativa-de-recepcion-de-la-urbanizacion-reparcelacion-y-sentencia-anterior\\\/#breadcrumb\"},\"inLanguage\":\"es\",\"potentialAction\":[{\"@type\":\"ReadAction\",\"target\":[\"https:\\\/\\\/www.latribunedeplanas.com\\\/es\\\/15-de-noviembre-de-2009-recurso-de-los-propietarios-contra-la-negativa-de-recepcion-de-la-urbanizacion-reparcelacion-y-sentencia-anterior\\\/\"]}]},{\"@type\":\"BreadcrumbList\",\"@id\":\"https:\\\/\\\/www.latribunedeplanas.com\\\/es\\\/15-de-noviembre-de-2009-recurso-de-los-propietarios-contra-la-negativa-de-recepcion-de-la-urbanizacion-reparcelacion-y-sentencia-anterior\\\/#breadcrumb\",\"itemListElement\":[{\"@type\":\"ListItem\",\"position\":1,\"name\":\"Accueil\",\"item\":\"https:\\\/\\\/www.latribunedeplanas.com\\\/es\\\/\"},{\"@type\":\"ListItem\",\"position\":2,\"name\":\"15 de noviembre de 2009: Recurso de los propietarios contra la negativa de recepci\u00f3n de la urbanizaci\u00f3n \u2013 Reparcelaci\u00f3n y sentencia anterior\"}]},{\"@type\":\"WebSite\",\"@id\":\"https:\\\/\\\/www.latribunedeplanas.com\\\/es\\\/#website\",\"url\":\"https:\\\/\\\/www.latribunedeplanas.com\\\/es\\\/\",\"name\":\"La Tribune de Planas\",\"description\":\"Les Planes del Rei - Urbanizaci\u00f3n del municipio de Pratdip\",\"publisher\":{\"@id\":\"https:\\\/\\\/www.latribunedeplanas.com\\\/es\\\/#organization\"},\"potentialAction\":[{\"@type\":\"SearchAction\",\"target\":{\"@type\":\"EntryPoint\",\"urlTemplate\":\"https:\\\/\\\/www.latribunedeplanas.com\\\/es\\\/?s={search_term_string}\"},\"query-input\":{\"@type\":\"PropertyValueSpecification\",\"valueRequired\":true,\"valueName\":\"search_term_string\"}}],\"inLanguage\":\"es\"},{\"@type\":\"Organization\",\"@id\":\"https:\\\/\\\/www.latribunedeplanas.com\\\/es\\\/#organization\",\"name\":\"Vecinos de Planes del Rei (SOSPlanes)\",\"url\":\"https:\\\/\\\/www.latribunedeplanas.com\\\/es\\\/\",\"logo\":{\"@type\":\"ImageObject\",\"inLanguage\":\"es\",\"@id\":\"https:\\\/\\\/www.latribunedeplanas.com\\\/es\\\/#\\\/schema\\\/logo\\\/image\\\/\",\"url\":\"https:\\\/\\\/www.latribunedeplanas.com\\\/wp-content\\\/uploads\\\/2021\\\/11\\\/logo-sos-planas-0.png\",\"contentUrl\":\"https:\\\/\\\/www.latribunedeplanas.com\\\/wp-content\\\/uploads\\\/2021\\\/11\\\/logo-sos-planas-0.png\",\"width\":600,\"height\":400,\"caption\":\"Vecinos de Planes del Rei (SOSPlanes)\"},\"image\":{\"@id\":\"https:\\\/\\\/www.latribunedeplanas.com\\\/es\\\/#\\\/schema\\\/logo\\\/image\\\/\"},\"sameAs\":[\"https:\\\/\\\/www.facebook.com\\\/groups\\\/1220895301376005\\\/\",\"https:\\\/\\\/www.instagram.com\\\/lasplanasdelrey\\\/\"]},{\"@type\":\"Person\",\"@id\":\"https:\\\/\\\/www.latribunedeplanas.com\\\/es\\\/#\\\/schema\\\/person\\\/590a87318688792f18d8e1c983528bc8\",\"name\":\"Jim\",\"image\":{\"@type\":\"ImageObject\",\"inLanguage\":\"es\",\"@id\":\"https:\\\/\\\/secure.gravatar.com\\\/avatar\\\/5a89228fd282eb9ee33a60b4ff06f9c31751866f1fb91ca56263af0968354113?s=96&d=mm&r=g\",\"url\":\"https:\\\/\\\/secure.gravatar.com\\\/avatar\\\/5a89228fd282eb9ee33a60b4ff06f9c31751866f1fb91ca56263af0968354113?s=96&d=mm&r=g\",\"contentUrl\":\"https:\\\/\\\/secure.gravatar.com\\\/avatar\\\/5a89228fd282eb9ee33a60b4ff06f9c31751866f1fb91ca56263af0968354113?s=96&d=mm&r=g\",\"caption\":\"Jim\"},\"sameAs\":[\"https:\\\/\\\/www.creawebsite.be\\\/\",\"https:\\\/\\\/www.facebook.com\\\/Creawebsite-113915200150984\",\"https:\\\/\\\/www.instagram.com\\\/creawebsite.be\\\/\",\"https:\\\/\\\/www.linkedin.com\\\/in\\\/jean-marc-delchef\\\/\"]}]}<\/script>\n<!-- \/ Yoast SEO plugin. -->","yoast_head_json":{"title":"15 de noviembre de 2009: Recurso de los propietarios contra la negativa de recepci\u00f3n de la urbanizaci\u00f3n \u2013 Reparcelaci\u00f3n y sentencia anterior - La Tribune de Planas","description":"Recurso de 2009 de los propietarios de Planas del Rey contra la negativa del Ayuntamiento a recepcionar, citando reparcelaci\u00f3n y sentencia.","robots":{"index":"index","follow":"follow","max-snippet":"max-snippet:-1","max-image-preview":"max-image-preview:large","max-video-preview":"max-video-preview:-1"},"canonical":"https:\/\/www.latribunedeplanas.com\/es\/15-de-noviembre-de-2009-recurso-de-los-propietarios-contra-la-negativa-de-recepcion-de-la-urbanizacion-reparcelacion-y-sentencia-anterior\/","og_locale":"es_ES","og_type":"article","og_title":"15 de noviembre de 2009: Recurso de los propietarios contra la negativa de recepci\u00f3n de la urbanizaci\u00f3n \u2013 Reparcelaci\u00f3n y sentencia anterior - La Tribune de Planas","og_description":"Recurso de 2009 de los propietarios de Planas del Rey contra la negativa del Ayuntamiento a recepcionar, citando reparcelaci\u00f3n y sentencia.","og_url":"https:\/\/www.latribunedeplanas.com\/es\/15-de-noviembre-de-2009-recurso-de-los-propietarios-contra-la-negativa-de-recepcion-de-la-urbanizacion-reparcelacion-y-sentencia-anterior\/","og_site_name":"La Tribune de Planas","article_publisher":"https:\/\/www.facebook.com\/groups\/1220895301376005\/","article_author":"https:\/\/www.facebook.com\/Creawebsite-113915200150984","article_published_time":"2009-11-15T15:41:16+00:00","article_modified_time":"2025-08-24T14:49:25+00:00","author":"Jim","twitter_card":"summary_large_image","twitter_misc":{"Escrito por":"Jim","Tiempo de lectura":"2 minutos"},"schema":{"@context":"https:\/\/schema.org","@graph":[{"@type":"Article","@id":"https:\/\/www.latribunedeplanas.com\/es\/15-de-noviembre-de-2009-recurso-de-los-propietarios-contra-la-negativa-de-recepcion-de-la-urbanizacion-reparcelacion-y-sentencia-anterior\/#article","isPartOf":{"@id":"https:\/\/www.latribunedeplanas.com\/es\/15-de-noviembre-de-2009-recurso-de-los-propietarios-contra-la-negativa-de-recepcion-de-la-urbanizacion-reparcelacion-y-sentencia-anterior\/"},"author":{"name":"Jim","@id":"https:\/\/www.latribunedeplanas.com\/es\/#\/schema\/person\/590a87318688792f18d8e1c983528bc8"},"headline":"15 de noviembre de 2009: Recurso de los propietarios contra la negativa de recepci\u00f3n de la urbanizaci\u00f3n \u2013 Reparcelaci\u00f3n y sentencia anterior","datePublished":"2009-11-15T15:41:16+00:00","dateModified":"2025-08-24T14:49:25+00:00","mainEntityOfPage":{"@id":"https:\/\/www.latribunedeplanas.com\/es\/15-de-noviembre-de-2009-recurso-de-los-propietarios-contra-la-negativa-de-recepcion-de-la-urbanizacion-reparcelacion-y-sentencia-anterior\/"},"wordCount":652,"publisher":{"@id":"https:\/\/www.latribunedeplanas.com\/es\/#organization"},"articleSection":["Documentos"],"inLanguage":"es"},{"@type":"WebPage","@id":"https:\/\/www.latribunedeplanas.com\/es\/15-de-noviembre-de-2009-recurso-de-los-propietarios-contra-la-negativa-de-recepcion-de-la-urbanizacion-reparcelacion-y-sentencia-anterior\/","url":"https:\/\/www.latribunedeplanas.com\/es\/15-de-noviembre-de-2009-recurso-de-los-propietarios-contra-la-negativa-de-recepcion-de-la-urbanizacion-reparcelacion-y-sentencia-anterior\/","name":"15 de noviembre de 2009: Recurso de los propietarios contra la negativa de recepci\u00f3n de la urbanizaci\u00f3n \u2013 Reparcelaci\u00f3n y sentencia anterior - La Tribune de Planas","isPartOf":{"@id":"https:\/\/www.latribunedeplanas.com\/es\/#website"},"datePublished":"2009-11-15T15:41:16+00:00","dateModified":"2025-08-24T14:49:25+00:00","description":"Recurso de 2009 de los propietarios de Planas del Rey contra la negativa del Ayuntamiento a recepcionar, citando reparcelaci\u00f3n y sentencia.","breadcrumb":{"@id":"https:\/\/www.latribunedeplanas.com\/es\/15-de-noviembre-de-2009-recurso-de-los-propietarios-contra-la-negativa-de-recepcion-de-la-urbanizacion-reparcelacion-y-sentencia-anterior\/#breadcrumb"},"inLanguage":"es","potentialAction":[{"@type":"ReadAction","target":["https:\/\/www.latribunedeplanas.com\/es\/15-de-noviembre-de-2009-recurso-de-los-propietarios-contra-la-negativa-de-recepcion-de-la-urbanizacion-reparcelacion-y-sentencia-anterior\/"]}]},{"@type":"BreadcrumbList","@id":"https:\/\/www.latribunedeplanas.com\/es\/15-de-noviembre-de-2009-recurso-de-los-propietarios-contra-la-negativa-de-recepcion-de-la-urbanizacion-reparcelacion-y-sentencia-anterior\/#breadcrumb","itemListElement":[{"@type":"ListItem","position":1,"name":"Accueil","item":"https:\/\/www.latribunedeplanas.com\/es\/"},{"@type":"ListItem","position":2,"name":"15 de noviembre de 2009: Recurso de los propietarios contra la negativa de recepci\u00f3n de la urbanizaci\u00f3n \u2013 Reparcelaci\u00f3n y sentencia anterior"}]},{"@type":"WebSite","@id":"https:\/\/www.latribunedeplanas.com\/es\/#website","url":"https:\/\/www.latribunedeplanas.com\/es\/","name":"La Tribune de Planas","description":"Les Planes del Rei - Urbanizaci\u00f3n del municipio de Pratdip","publisher":{"@id":"https:\/\/www.latribunedeplanas.com\/es\/#organization"},"potentialAction":[{"@type":"SearchAction","target":{"@type":"EntryPoint","urlTemplate":"https:\/\/www.latribunedeplanas.com\/es\/?s={search_term_string}"},"query-input":{"@type":"PropertyValueSpecification","valueRequired":true,"valueName":"search_term_string"}}],"inLanguage":"es"},{"@type":"Organization","@id":"https:\/\/www.latribunedeplanas.com\/es\/#organization","name":"Vecinos de Planes del Rei (SOSPlanes)","url":"https:\/\/www.latribunedeplanas.com\/es\/","logo":{"@type":"ImageObject","inLanguage":"es","@id":"https:\/\/www.latribunedeplanas.com\/es\/#\/schema\/logo\/image\/","url":"https:\/\/www.latribunedeplanas.com\/wp-content\/uploads\/2021\/11\/logo-sos-planas-0.png","contentUrl":"https:\/\/www.latribunedeplanas.com\/wp-content\/uploads\/2021\/11\/logo-sos-planas-0.png","width":600,"height":400,"caption":"Vecinos de Planes del Rei (SOSPlanes)"},"image":{"@id":"https:\/\/www.latribunedeplanas.com\/es\/#\/schema\/logo\/image\/"},"sameAs":["https:\/\/www.facebook.com\/groups\/1220895301376005\/","https:\/\/www.instagram.com\/lasplanasdelrey\/"]},{"@type":"Person","@id":"https:\/\/www.latribunedeplanas.com\/es\/#\/schema\/person\/590a87318688792f18d8e1c983528bc8","name":"Jim","image":{"@type":"ImageObject","inLanguage":"es","@id":"https:\/\/secure.gravatar.com\/avatar\/5a89228fd282eb9ee33a60b4ff06f9c31751866f1fb91ca56263af0968354113?s=96&d=mm&r=g","url":"https:\/\/secure.gravatar.com\/avatar\/5a89228fd282eb9ee33a60b4ff06f9c31751866f1fb91ca56263af0968354113?s=96&d=mm&r=g","contentUrl":"https:\/\/secure.gravatar.com\/avatar\/5a89228fd282eb9ee33a60b4ff06f9c31751866f1fb91ca56263af0968354113?s=96&d=mm&r=g","caption":"Jim"},"sameAs":["https:\/\/www.creawebsite.be\/","https:\/\/www.facebook.com\/Creawebsite-113915200150984","https:\/\/www.instagram.com\/creawebsite.be\/","https:\/\/www.linkedin.com\/in\/jean-marc-delchef\/"]}]}},"_links":{"self":[{"href":"https:\/\/www.latribunedeplanas.com\/es\/wp-json\/wp\/v2\/posts\/28778","targetHints":{"allow":["GET"]}}],"collection":[{"href":"https:\/\/www.latribunedeplanas.com\/es\/wp-json\/wp\/v2\/posts"}],"about":[{"href":"https:\/\/www.latribunedeplanas.com\/es\/wp-json\/wp\/v2\/types\/post"}],"author":[{"embeddable":true,"href":"https:\/\/www.latribunedeplanas.com\/es\/wp-json\/wp\/v2\/users\/1"}],"replies":[{"embeddable":true,"href":"https:\/\/www.latribunedeplanas.com\/es\/wp-json\/wp\/v2\/comments?post=28778"}],"version-history":[{"count":2,"href":"https:\/\/www.latribunedeplanas.com\/es\/wp-json\/wp\/v2\/posts\/28778\/revisions"}],"predecessor-version":[{"id":28781,"href":"https:\/\/www.latribunedeplanas.com\/es\/wp-json\/wp\/v2\/posts\/28778\/revisions\/28781"}],"wp:attachment":[{"href":"https:\/\/www.latribunedeplanas.com\/es\/wp-json\/wp\/v2\/media?parent=28778"}],"wp:term":[{"taxonomy":"category","embeddable":true,"href":"https:\/\/www.latribunedeplanas.com\/es\/wp-json\/wp\/v2\/categories?post=28778"},{"taxonomy":"post_tag","embeddable":true,"href":"https:\/\/www.latribunedeplanas.com\/es\/wp-json\/wp\/v2\/tags?post=28778"}],"curies":[{"name":"wp","href":"https:\/\/api.w.org\/{rel}","templated":true}]}}