{"id":28756,"date":"2009-09-10T16:04:42","date_gmt":"2009-09-10T14:04:42","guid":{"rendered":"https:\/\/www.latribunedeplanas.com\/10-septembre-2009-convention-eau-et-ordures-mairie-de-pratdip-et-eucc-les-planes-del-rei\/"},"modified":"2025-08-24T16:12:30","modified_gmt":"2025-08-24T14:12:30","slug":"10-de-septiembre-de-2009-convenio-sobre-agua-y-basuras-ayuntamiento-de-pratdip-y-ecu-les-planes-del-rei","status":"publish","type":"post","link":"https:\/\/www.latribunedeplanas.com\/es\/10-de-septiembre-de-2009-convenio-sobre-agua-y-basuras-ayuntamiento-de-pratdip-y-ecu-les-planes-del-rei\/","title":{"rendered":"10 de septiembre de 2009: Convenio sobre agua y basuras &#8211; Ayuntamiento de Pratdip y ECU Les Planes del Rei"},"content":{"rendered":"<p>[et_pb_section fb_built=\u00bb1&#8243; admin_label=\u00bbSection-Article\u00bb module_class=\u00bbsection-article\u00bb _builder_version=\u00bb4.18.0&#8243; custom_margin=\u00bb0px|0px|0px|0px\u00bb custom_padding=\u00bb0px|0px|0px|0px\u00bb global_colors_info=\u00bb{}\u00bb][et_pb_row use_custom_gutter=\u00bbon\u00bb gutter_width=\u00bb1&#8243; custom_padding_last_edited=\u00bbon|phone\u00bb admin_label=\u00bbLigne-Article\u00bb module_class=\u00bbligne-article et_pb_row_fullwidth\u00bb _builder_version=\u00bb4.27.4&#8243; width=\u00bb100%\u00bb width_tablet=\u00bb100%\u00bb width_phone=\u00bb\u00bb width_last_edited=\u00bbon|desktop\u00bb max_width=\u00bb100%\u00bb max_width_tablet=\u00bb100%\u00bb max_width_phone=\u00bb\u00bb max_width_last_edited=\u00bbon|desktop\u00bb custom_margin=\u00bb0px||0px\u00bb custom_padding=\u00bb20px||0px||false|false\u00bb custom_padding_tablet=\u00bb20px||0px||false|false\u00bb custom_padding_phone=\u00bb15px||||false|false\u00bb make_fullwidth=\u00bbon\u00bb global_colors_info=\u00bb{}\u00bb][et_pb_column type=\u00bb4_4&#8243; _builder_version=\u00bb4.16&#8243; custom_padding=\u00bb|||\u00bb global_colors_info=\u00bb{}\u00bb custom_padding__hover=\u00bb|||\u00bb][et_pb_text admin_label=\u00bbTexte-10 de septiembre de 2009: Convenio sobre agua y basuras &#8211; Ayuntamiento de Pratdip y ECU Les Planes del Rei\u00bb module_class=\u00bbtxt-article\u00bb _builder_version=\u00bb4.27.4&#8243; text_font=\u00bb|300|||||||\u00bb header_font=\u00bb||||||||\u00bb header_2_line_height=\u00bb1.2em\u00bb header_3_font=\u00bb||||||||\u00bb header_3_line_height=\u00bb1.3em\u00bb header_4_text_align=\u00bbcenter\u00bb custom_padding=\u00bb||||false|false\u00bb hover_enabled=\u00bb0&#8243; text_line_height_tablet=\u00bb\u00bb text_line_height_phone=\u00bb1.3em\u00bb text_line_height_last_edited=\u00bbon|desktop\u00bb header_2_font_size_tablet=\u00bb\u00bb header_2_font_size_phone=\u00bb\u00bb header_2_font_size_last_edited=\u00bbon|phone\u00bb header_3_font_size_tablet=\u00bb\u00bb header_3_font_size_phone=\u00bb23px\u00bb header_3_font_size_last_edited=\u00bbon|desktop\u00bb global_colors_info=\u00bb{}\u00bb sticky_enabled=\u00bb0&#8243;]<\/p>\n<p>El <span class=\"accentue\">10 de septiembre de 2009<\/span>, el <span class=\"accentue\">Ayuntamiento de Pratdip<\/span> (alcalde <span class=\"accentue\">Josep Montan\u00e9 i Vidal<\/span>) y la <span class=\"accentue\">ECU Les Planes del Rei<\/span> (presidente <span class=\"accentue\">Christian Peuman<\/span>) firman un <span class=\"accentue\">convenio<\/span> que organiza la gesti\u00f3n del <span class=\"accentue\">agua potable<\/span> (facturaci\u00f3n\/cobro) y de las <span class=\"accentue\">basuras<\/span> en <span class=\"accentue\">Planas del Rey (Planes del Rei)<\/span>, en referencia a la <span class=\"accentue\">sentencia del TSJC del 25\/01\/2008<\/span>.<\/p>\n<hr style=\"margin-bottom: 30px;\" \/>\n<h2>1) Contexto y objeto<\/h2>\n<ul>\n<li><span class=\"accentue\">Objeto<\/span>: regular la <span class=\"accentue\">facturaci\u00f3n y el cobro<\/span> del agua potable por parte del ayuntamiento, as\u00ed como la <span class=\"accentue\">recogida y el cobro<\/span> de las basuras.<\/li>\n<li><span class=\"accentue\">Contexto jur\u00eddico<\/span>: aplicaci\u00f3n parcial de la <span class=\"accentue\">sentencia del 25\/01\/2008<\/span> que confirma que la existencia de una ECU no exime al ayuntamiento de los <span class=\"accentue\">servicios m\u00ednimos<\/span>.<\/li>\n<\/ul>\n<h2>2) Partes firmantes<\/h2>\n<ul>\n<li><span class=\"accentue\">Ayuntamiento de Pratdip<\/span>: <span class=\"accentue\">Josep Montan\u00e9 i Vidal<\/span>, Alcalde-presidente.<\/li>\n<li><span class=\"accentue\">ECU Les Planes del Rei<\/span>: <span class=\"accentue\">Christian Peuman<\/span>, Presidente.<\/li>\n<\/ul>\n<h2>3) Cl\u00e1usulas esenciales del convenio<\/h2>\n<ul>\n<li><span class=\"accentue\">Gesti\u00f3n del agua (cobro)<\/span>: el ayuntamiento se encarga del <span class=\"accentue\">cobro<\/span> de las facturas de agua <em>sin asumir la titularidad de las instalaciones<\/em> (que siguen siendo de la ECU) mientras la urbanizaci\u00f3n no est\u00e9 <span class=\"accentue\">recepcionada<\/span>.<\/li>\n<li><span class=\"accentue\">Basuras<\/span>: el ayuntamiento asegura la <span class=\"accentue\">recogida<\/span> y el <span class=\"accentue\">cobro<\/span> directo a los propietarios.<\/li>\n<li><span class=\"accentue\">Lecturas de contadores<\/span>: la ECU entrega al ayuntamiento las lecturas <span class=\"accentue\">2008\u20132009<\/span> (plazo l\u00edmite: <span class=\"accentue\">31\/12\/2009<\/span>). A partir de <span class=\"accentue\">2010<\/span>, el ayuntamiento har\u00e1 las lecturas <em>solo si<\/em> los contadores son accesibles desde la v\u00eda p\u00fablica; en caso contrario, la ECU sigue obligada a facilitar los datos <span class=\"accentue\">trimestrales<\/span> (plazo: <span class=\"accentue\">15 d\u00edas<\/span> tras fin de trimestre).<\/li>\n<li><span class=\"accentue\">Gastos ordinarios<\/span> (facturados a los propietarios): electricidad, cloraci\u00f3n, <span class=\"accentue\">canon ACA<\/span>, an\u00e1lisis reglamentarios.<\/li>\n<li><span class=\"accentue\">Gastos extraordinarios<\/span>: reparaciones, mantenimiento de la red\/pozos\/equipamientos a cargo de la <span class=\"accentue\">ECU<\/span>.<\/li>\n<li><span class=\"accentue\">Posible subvenci\u00f3n<\/span>: en caso de <span class=\"accentue\">excedente<\/span> (ingresos \u2013 gastos ordinarios), el ayuntamiento podr\u00e1 subvencionar el mantenimiento de la ECU, <em>dentro del l\u00edmite<\/em> de dicho excedente.<\/li>\n<li><span class=\"accentue\">Adaptaci\u00f3n de contadores<\/span>: obligaci\u00f3n para los propietarios de trasladar su contador <span class=\"accentue\">al exterior<\/span> en un plazo de <span class=\"accentue\">3 meses<\/span>; en caso contrario, aplicaci\u00f3n de una <span class=\"accentue\">tarifa m\u00e1xima<\/span> sobre consumo estimado (seg\u00fan la ordenanza municipal).<\/li>\n<li><span class=\"accentue\">Pago<\/span>: domiciliaci\u00f3n bancaria o en efectivo a trav\u00e9s de <span class=\"accentue\">BASE (Diputaci\u00f3 de Tarragona)<\/span>.<\/li>\n<li><span class=\"accentue\">Energ\u00eda de los pozos<\/span>: el ayuntamiento se compromete a intervenir ante <span class=\"accentue\">FECSA-ENDESA<\/span> para ajustar la potencia contratada de las bombas.<\/li>\n<\/ul>\n<h2>4) An\u00e1lisis cr\u00edtico<\/h2>\n<ol>\n<li><span class=\"accentue\">Cumplimiento parcial<\/span>: el ayuntamiento gestiona cobro y recogida, pero <em>no asume<\/em> la titularidad\/mantenimiento de las infraestructuras; esto <span class=\"accentue\">traslada<\/span> los costes estructurales a la ECU pese a la l\u00f3gica de <span class=\"accentue\">servicios m\u00ednimos<\/span>.<\/li>\n<li><span class=\"accentue\">Responsabilidades h\u00edbridas<\/span>: facturas municipales, infraestructura privada; en caso de aver\u00eda o incumplimiento, la cadena de responsabilidad sigue siendo <span class=\"accentue\">confusa<\/span>.<\/li>\n<li><span class=\"accentue\">Efecto pol\u00edtico<\/span>: el ayuntamiento muestra que \u00abgestiona\u00bb el servicio cotidiano sin asumir la <span class=\"accentue\">inversi\u00f3n<\/span>; la ECU sigue siendo el \u00abparachoques\u00bb financiero.<\/li>\n<li><span class=\"accentue\">Presi\u00f3n sobre los vecinos<\/span>: obligaci\u00f3n de trasladar contadores y penalizaciones por incumplimiento; carga financiera y log\u00edstica para los propietarios.<\/li>\n<li><span class=\"accentue\">Temporalidad estrat\u00e9gica<\/span>: este tipo de convenio permite <span class=\"accentue\">diferir<\/span> la <span class=\"accentue\">recepci\u00f3n<\/span> de la urbanizaci\u00f3n y por tanto la asunci\u00f3n plena de las obligaciones municipales.<\/li>\n<\/ol>\n<h2>5) Consecuencias para los propietarios<\/h2>\n<ul>\n<li><span class=\"accentue\">Pago al ayuntamiento<\/span> de los servicios (agua\/basuras) sin garant\u00eda de que el <span class=\"accentue\">mantenimiento de la red<\/span> sea asumido por \u00e9l.<\/li>\n<li><span class=\"accentue\">Trabajos eventuales<\/span> para la accesibilidad de los contadores (<span class=\"accentue\">3 meses<\/span>).<\/li>\n<li><span class=\"accentue\">Riesgo tarifario<\/span>: aplicaci\u00f3n de la tarifa m\u00e1xima en caso de no adaptaci\u00f3n.<\/li>\n<\/ul>\n<hr style=\"margin-bottom: 30px;\" \/>\n<h2>Conclusi\u00f3n<\/h2>\n<p>El convenio del <span class=\"accentue\">10\/09\/2009<\/span> formaliza una <span class=\"accentue\">gesti\u00f3n municipal limitada<\/span> (cobro\/recogida) al tiempo que <span class=\"accentue\">mantiene<\/span> a la <span class=\"accentue\">ECU<\/span> como responsable de infraestructuras y gastos extraordinarios. Este esquema mantiene una <span class=\"accentue\">ambig\u00fcedad<\/span> jur\u00eddica y financiera, retrasa la <span class=\"accentue\">recepci\u00f3n<\/span> de la urbanizaci\u00f3n y prolonga la situaci\u00f3n h\u00edbrida para los habitantes.<\/p>\n<hr style=\"margin-bottom: 30px;\" \/>\n<h3 class=\"underline\">Documento<\/h3>\n<p style=\"padding-top: 30px;\"><a href=\"https:\/\/www.latribunedeplanas.com\/wp-content\/uploads\/2009\/09\/2009-09-10-convenio-agua-mairie-peuman.pdf\" class=\"pdfemb-viewer\" style=\"\" data-width=\"max\" data-height=\"max\" data-mobile-width=\"0\"  data-scrollbar=\"none\" data-download=\"on\" data-tracking=\"on\" data-newwindow=\"on\" data-pagetextbox=\"off\" data-scrolltotop=\"off\" data-startzoom=\"100\" data-startfpzoom=\"100\" data-toolbar=\"top\" data-toolbar-fixed=\"off\">2009-09-10-convenio-agua-mairie-peuman<br\/><\/a><\/p>\n<p>[\/et_pb_text][\/et_pb_column][\/et_pb_row][\/et_pb_section]<\/p>\n","protected":false},"excerpt":{"rendered":"<p>El 10 de septiembre de 2009, el Ayuntamiento de Pratdip (alcalde Josep Montan\u00e9 i Vidal) y la ECU Les Planes del Rei (presidente Christian Peuman) firman un convenio que organiza la gesti\u00f3n del agua potable (facturaci\u00f3n\/cobro) y de las basuras en Planas del Rey (Planes del Rei), en referencia a la sentencia del TSJC del [&hellip;]<\/p>\n","protected":false},"author":1,"featured_media":0,"comment_status":"closed","ping_status":"closed","sticky":false,"template":"","format":"standard","meta":{"_et_pb_use_builder":"on","_et_pb_old_content":"","_et_gb_content_width":"","footnotes":""},"categories":[217],"tags":[],"class_list":["post-28756","post","type-post","status-publish","format-standard","hentry","category-documentos"],"yoast_head":"<!-- This site is optimized with the Yoast SEO plugin v27.5 - https:\/\/yoast.com\/product\/yoast-seo-wordpress\/ -->\n<title>10 de septiembre de 2009: Convenio sobre agua y basuras - Ayuntamiento de Pratdip y ECU Les Planes del Rei - La Tribune de Planas<\/title>\n<meta name=\"description\" content=\"Convenio 2009: Pratdip cobra agua y basuras, pero la ECU mantiene el mantenimiento, generando ambig\u00fcedad jur\u00eddica.\" \/>\n<meta name=\"robots\" content=\"index, follow, max-snippet:-1, max-image-preview:large, max-video-preview:-1\" \/>\n<link rel=\"canonical\" href=\"https:\/\/www.latribunedeplanas.com\/es\/10-de-septiembre-de-2009-convenio-sobre-agua-y-basuras-ayuntamiento-de-pratdip-y-ecu-les-planes-del-rei\/\" \/>\n<meta property=\"og:locale\" content=\"es_ES\" \/>\n<meta property=\"og:type\" content=\"article\" \/>\n<meta property=\"og:title\" content=\"10 de septiembre de 2009: Convenio sobre agua y basuras - Ayuntamiento de Pratdip y ECU Les Planes del Rei - La Tribune de Planas\" \/>\n<meta property=\"og:description\" content=\"Convenio 2009: Pratdip cobra agua y basuras, pero la ECU mantiene el mantenimiento, generando ambig\u00fcedad jur\u00eddica.\" \/>\n<meta property=\"og:url\" content=\"https:\/\/www.latribunedeplanas.com\/es\/10-de-septiembre-de-2009-convenio-sobre-agua-y-basuras-ayuntamiento-de-pratdip-y-ecu-les-planes-del-rei\/\" \/>\n<meta property=\"og:site_name\" content=\"La Tribune de Planas\" \/>\n<meta property=\"article:publisher\" content=\"https:\/\/www.facebook.com\/groups\/1220895301376005\/\" \/>\n<meta property=\"article:author\" content=\"https:\/\/www.facebook.com\/Creawebsite-113915200150984\" \/>\n<meta property=\"article:published_time\" content=\"2009-09-10T14:04:42+00:00\" \/>\n<meta property=\"article:modified_time\" content=\"2025-08-24T14:12:30+00:00\" \/>\n<meta name=\"author\" content=\"Jim\" \/>\n<meta name=\"twitter:card\" content=\"summary_large_image\" \/>\n<meta name=\"twitter:label1\" content=\"Escrito por\" \/>\n\t<meta name=\"twitter:data1\" content=\"Jim\" \/>\n\t<meta name=\"twitter:label2\" content=\"Tiempo de lectura\" \/>\n\t<meta name=\"twitter:data2\" content=\"3 minutos\" \/>\n<script type=\"application\/ld+json\" class=\"yoast-schema-graph\">{\"@context\":\"https:\\\/\\\/schema.org\",\"@graph\":[{\"@type\":\"Article\",\"@id\":\"https:\\\/\\\/www.latribunedeplanas.com\\\/es\\\/10-de-septiembre-de-2009-convenio-sobre-agua-y-basuras-ayuntamiento-de-pratdip-y-ecu-les-planes-del-rei\\\/#article\",\"isPartOf\":{\"@id\":\"https:\\\/\\\/www.latribunedeplanas.com\\\/es\\\/10-de-septiembre-de-2009-convenio-sobre-agua-y-basuras-ayuntamiento-de-pratdip-y-ecu-les-planes-del-rei\\\/\"},\"author\":{\"name\":\"Jim\",\"@id\":\"https:\\\/\\\/www.latribunedeplanas.com\\\/es\\\/#\\\/schema\\\/person\\\/590a87318688792f18d8e1c983528bc8\"},\"headline\":\"10 de septiembre de 2009: Convenio sobre agua y basuras &#8211; Ayuntamiento de Pratdip y ECU Les Planes del Rei\",\"datePublished\":\"2009-09-10T14:04:42+00:00\",\"dateModified\":\"2025-08-24T14:12:30+00:00\",\"mainEntityOfPage\":{\"@id\":\"https:\\\/\\\/www.latribunedeplanas.com\\\/es\\\/10-de-septiembre-de-2009-convenio-sobre-agua-y-basuras-ayuntamiento-de-pratdip-y-ecu-les-planes-del-rei\\\/\"},\"wordCount\":869,\"publisher\":{\"@id\":\"https:\\\/\\\/www.latribunedeplanas.com\\\/es\\\/#organization\"},\"articleSection\":[\"Documentos\"],\"inLanguage\":\"es\"},{\"@type\":\"WebPage\",\"@id\":\"https:\\\/\\\/www.latribunedeplanas.com\\\/es\\\/10-de-septiembre-de-2009-convenio-sobre-agua-y-basuras-ayuntamiento-de-pratdip-y-ecu-les-planes-del-rei\\\/\",\"url\":\"https:\\\/\\\/www.latribunedeplanas.com\\\/es\\\/10-de-septiembre-de-2009-convenio-sobre-agua-y-basuras-ayuntamiento-de-pratdip-y-ecu-les-planes-del-rei\\\/\",\"name\":\"10 de septiembre de 2009: Convenio sobre agua y basuras - Ayuntamiento de Pratdip y ECU Les Planes del Rei - La Tribune de Planas\",\"isPartOf\":{\"@id\":\"https:\\\/\\\/www.latribunedeplanas.com\\\/es\\\/#website\"},\"datePublished\":\"2009-09-10T14:04:42+00:00\",\"dateModified\":\"2025-08-24T14:12:30+00:00\",\"description\":\"Convenio 2009: Pratdip cobra agua y basuras, pero la ECU mantiene el mantenimiento, generando ambig\u00fcedad jur\u00eddica.\",\"breadcrumb\":{\"@id\":\"https:\\\/\\\/www.latribunedeplanas.com\\\/es\\\/10-de-septiembre-de-2009-convenio-sobre-agua-y-basuras-ayuntamiento-de-pratdip-y-ecu-les-planes-del-rei\\\/#breadcrumb\"},\"inLanguage\":\"es\",\"potentialAction\":[{\"@type\":\"ReadAction\",\"target\":[\"https:\\\/\\\/www.latribunedeplanas.com\\\/es\\\/10-de-septiembre-de-2009-convenio-sobre-agua-y-basuras-ayuntamiento-de-pratdip-y-ecu-les-planes-del-rei\\\/\"]}]},{\"@type\":\"BreadcrumbList\",\"@id\":\"https:\\\/\\\/www.latribunedeplanas.com\\\/es\\\/10-de-septiembre-de-2009-convenio-sobre-agua-y-basuras-ayuntamiento-de-pratdip-y-ecu-les-planes-del-rei\\\/#breadcrumb\",\"itemListElement\":[{\"@type\":\"ListItem\",\"position\":1,\"name\":\"Accueil\",\"item\":\"https:\\\/\\\/www.latribunedeplanas.com\\\/es\\\/\"},{\"@type\":\"ListItem\",\"position\":2,\"name\":\"10 de septiembre de 2009: Convenio sobre agua y basuras &#8211; Ayuntamiento de Pratdip y ECU Les Planes del Rei\"}]},{\"@type\":\"WebSite\",\"@id\":\"https:\\\/\\\/www.latribunedeplanas.com\\\/es\\\/#website\",\"url\":\"https:\\\/\\\/www.latribunedeplanas.com\\\/es\\\/\",\"name\":\"La Tribune de Planas\",\"description\":\"Les Planes del Rei - Urbanizaci\u00f3n del municipio de Pratdip\",\"publisher\":{\"@id\":\"https:\\\/\\\/www.latribunedeplanas.com\\\/es\\\/#organization\"},\"potentialAction\":[{\"@type\":\"SearchAction\",\"target\":{\"@type\":\"EntryPoint\",\"urlTemplate\":\"https:\\\/\\\/www.latribunedeplanas.com\\\/es\\\/?s={search_term_string}\"},\"query-input\":{\"@type\":\"PropertyValueSpecification\",\"valueRequired\":true,\"valueName\":\"search_term_string\"}}],\"inLanguage\":\"es\"},{\"@type\":\"Organization\",\"@id\":\"https:\\\/\\\/www.latribunedeplanas.com\\\/es\\\/#organization\",\"name\":\"Vecinos de Planes del Rei (SOSPlanes)\",\"url\":\"https:\\\/\\\/www.latribunedeplanas.com\\\/es\\\/\",\"logo\":{\"@type\":\"ImageObject\",\"inLanguage\":\"es\",\"@id\":\"https:\\\/\\\/www.latribunedeplanas.com\\\/es\\\/#\\\/schema\\\/logo\\\/image\\\/\",\"url\":\"https:\\\/\\\/www.latribunedeplanas.com\\\/wp-content\\\/uploads\\\/2021\\\/11\\\/logo-sos-planas-0.png\",\"contentUrl\":\"https:\\\/\\\/www.latribunedeplanas.com\\\/wp-content\\\/uploads\\\/2021\\\/11\\\/logo-sos-planas-0.png\",\"width\":600,\"height\":400,\"caption\":\"Vecinos de Planes del Rei (SOSPlanes)\"},\"image\":{\"@id\":\"https:\\\/\\\/www.latribunedeplanas.com\\\/es\\\/#\\\/schema\\\/logo\\\/image\\\/\"},\"sameAs\":[\"https:\\\/\\\/www.facebook.com\\\/groups\\\/1220895301376005\\\/\",\"https:\\\/\\\/www.instagram.com\\\/lasplanasdelrey\\\/\"]},{\"@type\":\"Person\",\"@id\":\"https:\\\/\\\/www.latribunedeplanas.com\\\/es\\\/#\\\/schema\\\/person\\\/590a87318688792f18d8e1c983528bc8\",\"name\":\"Jim\",\"image\":{\"@type\":\"ImageObject\",\"inLanguage\":\"es\",\"@id\":\"https:\\\/\\\/secure.gravatar.com\\\/avatar\\\/5a89228fd282eb9ee33a60b4ff06f9c31751866f1fb91ca56263af0968354113?s=96&d=mm&r=g\",\"url\":\"https:\\\/\\\/secure.gravatar.com\\\/avatar\\\/5a89228fd282eb9ee33a60b4ff06f9c31751866f1fb91ca56263af0968354113?s=96&d=mm&r=g\",\"contentUrl\":\"https:\\\/\\\/secure.gravatar.com\\\/avatar\\\/5a89228fd282eb9ee33a60b4ff06f9c31751866f1fb91ca56263af0968354113?s=96&d=mm&r=g\",\"caption\":\"Jim\"},\"sameAs\":[\"https:\\\/\\\/www.creawebsite.be\\\/\",\"https:\\\/\\\/www.facebook.com\\\/Creawebsite-113915200150984\",\"https:\\\/\\\/www.instagram.com\\\/creawebsite.be\\\/\",\"https:\\\/\\\/www.linkedin.com\\\/in\\\/jean-marc-delchef\\\/\"]}]}<\/script>\n<!-- \/ Yoast SEO plugin. -->","yoast_head_json":{"title":"10 de septiembre de 2009: Convenio sobre agua y basuras - Ayuntamiento de Pratdip y ECU Les Planes del Rei - La Tribune de Planas","description":"Convenio 2009: Pratdip cobra agua y basuras, pero la ECU mantiene el mantenimiento, generando ambig\u00fcedad jur\u00eddica.","robots":{"index":"index","follow":"follow","max-snippet":"max-snippet:-1","max-image-preview":"max-image-preview:large","max-video-preview":"max-video-preview:-1"},"canonical":"https:\/\/www.latribunedeplanas.com\/es\/10-de-septiembre-de-2009-convenio-sobre-agua-y-basuras-ayuntamiento-de-pratdip-y-ecu-les-planes-del-rei\/","og_locale":"es_ES","og_type":"article","og_title":"10 de septiembre de 2009: Convenio sobre agua y basuras - Ayuntamiento de Pratdip y ECU Les Planes del Rei - La Tribune de Planas","og_description":"Convenio 2009: Pratdip cobra agua y basuras, pero la ECU mantiene el mantenimiento, generando ambig\u00fcedad jur\u00eddica.","og_url":"https:\/\/www.latribunedeplanas.com\/es\/10-de-septiembre-de-2009-convenio-sobre-agua-y-basuras-ayuntamiento-de-pratdip-y-ecu-les-planes-del-rei\/","og_site_name":"La Tribune de Planas","article_publisher":"https:\/\/www.facebook.com\/groups\/1220895301376005\/","article_author":"https:\/\/www.facebook.com\/Creawebsite-113915200150984","article_published_time":"2009-09-10T14:04:42+00:00","article_modified_time":"2025-08-24T14:12:30+00:00","author":"Jim","twitter_card":"summary_large_image","twitter_misc":{"Escrito por":"Jim","Tiempo de lectura":"3 minutos"},"schema":{"@context":"https:\/\/schema.org","@graph":[{"@type":"Article","@id":"https:\/\/www.latribunedeplanas.com\/es\/10-de-septiembre-de-2009-convenio-sobre-agua-y-basuras-ayuntamiento-de-pratdip-y-ecu-les-planes-del-rei\/#article","isPartOf":{"@id":"https:\/\/www.latribunedeplanas.com\/es\/10-de-septiembre-de-2009-convenio-sobre-agua-y-basuras-ayuntamiento-de-pratdip-y-ecu-les-planes-del-rei\/"},"author":{"name":"Jim","@id":"https:\/\/www.latribunedeplanas.com\/es\/#\/schema\/person\/590a87318688792f18d8e1c983528bc8"},"headline":"10 de septiembre de 2009: Convenio sobre agua y basuras &#8211; Ayuntamiento de Pratdip y ECU Les Planes del Rei","datePublished":"2009-09-10T14:04:42+00:00","dateModified":"2025-08-24T14:12:30+00:00","mainEntityOfPage":{"@id":"https:\/\/www.latribunedeplanas.com\/es\/10-de-septiembre-de-2009-convenio-sobre-agua-y-basuras-ayuntamiento-de-pratdip-y-ecu-les-planes-del-rei\/"},"wordCount":869,"publisher":{"@id":"https:\/\/www.latribunedeplanas.com\/es\/#organization"},"articleSection":["Documentos"],"inLanguage":"es"},{"@type":"WebPage","@id":"https:\/\/www.latribunedeplanas.com\/es\/10-de-septiembre-de-2009-convenio-sobre-agua-y-basuras-ayuntamiento-de-pratdip-y-ecu-les-planes-del-rei\/","url":"https:\/\/www.latribunedeplanas.com\/es\/10-de-septiembre-de-2009-convenio-sobre-agua-y-basuras-ayuntamiento-de-pratdip-y-ecu-les-planes-del-rei\/","name":"10 de septiembre de 2009: Convenio sobre agua y basuras - Ayuntamiento de Pratdip y ECU Les Planes del Rei - La Tribune de Planas","isPartOf":{"@id":"https:\/\/www.latribunedeplanas.com\/es\/#website"},"datePublished":"2009-09-10T14:04:42+00:00","dateModified":"2025-08-24T14:12:30+00:00","description":"Convenio 2009: Pratdip cobra agua y basuras, pero la ECU mantiene el mantenimiento, generando ambig\u00fcedad jur\u00eddica.","breadcrumb":{"@id":"https:\/\/www.latribunedeplanas.com\/es\/10-de-septiembre-de-2009-convenio-sobre-agua-y-basuras-ayuntamiento-de-pratdip-y-ecu-les-planes-del-rei\/#breadcrumb"},"inLanguage":"es","potentialAction":[{"@type":"ReadAction","target":["https:\/\/www.latribunedeplanas.com\/es\/10-de-septiembre-de-2009-convenio-sobre-agua-y-basuras-ayuntamiento-de-pratdip-y-ecu-les-planes-del-rei\/"]}]},{"@type":"BreadcrumbList","@id":"https:\/\/www.latribunedeplanas.com\/es\/10-de-septiembre-de-2009-convenio-sobre-agua-y-basuras-ayuntamiento-de-pratdip-y-ecu-les-planes-del-rei\/#breadcrumb","itemListElement":[{"@type":"ListItem","position":1,"name":"Accueil","item":"https:\/\/www.latribunedeplanas.com\/es\/"},{"@type":"ListItem","position":2,"name":"10 de septiembre de 2009: Convenio sobre agua y basuras &#8211; Ayuntamiento de Pratdip y ECU Les Planes del Rei"}]},{"@type":"WebSite","@id":"https:\/\/www.latribunedeplanas.com\/es\/#website","url":"https:\/\/www.latribunedeplanas.com\/es\/","name":"La Tribune de Planas","description":"Les Planes del Rei - Urbanizaci\u00f3n del municipio de Pratdip","publisher":{"@id":"https:\/\/www.latribunedeplanas.com\/es\/#organization"},"potentialAction":[{"@type":"SearchAction","target":{"@type":"EntryPoint","urlTemplate":"https:\/\/www.latribunedeplanas.com\/es\/?s={search_term_string}"},"query-input":{"@type":"PropertyValueSpecification","valueRequired":true,"valueName":"search_term_string"}}],"inLanguage":"es"},{"@type":"Organization","@id":"https:\/\/www.latribunedeplanas.com\/es\/#organization","name":"Vecinos de Planes del Rei (SOSPlanes)","url":"https:\/\/www.latribunedeplanas.com\/es\/","logo":{"@type":"ImageObject","inLanguage":"es","@id":"https:\/\/www.latribunedeplanas.com\/es\/#\/schema\/logo\/image\/","url":"https:\/\/www.latribunedeplanas.com\/wp-content\/uploads\/2021\/11\/logo-sos-planas-0.png","contentUrl":"https:\/\/www.latribunedeplanas.com\/wp-content\/uploads\/2021\/11\/logo-sos-planas-0.png","width":600,"height":400,"caption":"Vecinos de Planes del Rei (SOSPlanes)"},"image":{"@id":"https:\/\/www.latribunedeplanas.com\/es\/#\/schema\/logo\/image\/"},"sameAs":["https:\/\/www.facebook.com\/groups\/1220895301376005\/","https:\/\/www.instagram.com\/lasplanasdelrey\/"]},{"@type":"Person","@id":"https:\/\/www.latribunedeplanas.com\/es\/#\/schema\/person\/590a87318688792f18d8e1c983528bc8","name":"Jim","image":{"@type":"ImageObject","inLanguage":"es","@id":"https:\/\/secure.gravatar.com\/avatar\/5a89228fd282eb9ee33a60b4ff06f9c31751866f1fb91ca56263af0968354113?s=96&d=mm&r=g","url":"https:\/\/secure.gravatar.com\/avatar\/5a89228fd282eb9ee33a60b4ff06f9c31751866f1fb91ca56263af0968354113?s=96&d=mm&r=g","contentUrl":"https:\/\/secure.gravatar.com\/avatar\/5a89228fd282eb9ee33a60b4ff06f9c31751866f1fb91ca56263af0968354113?s=96&d=mm&r=g","caption":"Jim"},"sameAs":["https:\/\/www.creawebsite.be\/","https:\/\/www.facebook.com\/Creawebsite-113915200150984","https:\/\/www.instagram.com\/creawebsite.be\/","https:\/\/www.linkedin.com\/in\/jean-marc-delchef\/"]}]}},"_links":{"self":[{"href":"https:\/\/www.latribunedeplanas.com\/es\/wp-json\/wp\/v2\/posts\/28756","targetHints":{"allow":["GET"]}}],"collection":[{"href":"https:\/\/www.latribunedeplanas.com\/es\/wp-json\/wp\/v2\/posts"}],"about":[{"href":"https:\/\/www.latribunedeplanas.com\/es\/wp-json\/wp\/v2\/types\/post"}],"author":[{"embeddable":true,"href":"https:\/\/www.latribunedeplanas.com\/es\/wp-json\/wp\/v2\/users\/1"}],"replies":[{"embeddable":true,"href":"https:\/\/www.latribunedeplanas.com\/es\/wp-json\/wp\/v2\/comments?post=28756"}],"version-history":[{"count":2,"href":"https:\/\/www.latribunedeplanas.com\/es\/wp-json\/wp\/v2\/posts\/28756\/revisions"}],"predecessor-version":[{"id":28759,"href":"https:\/\/www.latribunedeplanas.com\/es\/wp-json\/wp\/v2\/posts\/28756\/revisions\/28759"}],"wp:attachment":[{"href":"https:\/\/www.latribunedeplanas.com\/es\/wp-json\/wp\/v2\/media?parent=28756"}],"wp:term":[{"taxonomy":"category","embeddable":true,"href":"https:\/\/www.latribunedeplanas.com\/es\/wp-json\/wp\/v2\/categories?post=28756"},{"taxonomy":"post_tag","embeddable":true,"href":"https:\/\/www.latribunedeplanas.com\/es\/wp-json\/wp\/v2\/tags?post=28756"}],"curies":[{"name":"wp","href":"https:\/\/api.w.org\/{rel}","templated":true}]}}