{"id":28737,"date":"2009-05-07T14:52:36","date_gmt":"2009-05-07T12:52:36","guid":{"rendered":"https:\/\/www.latribunedeplanas.com\/7-mai-2009-note-juridique-de-maitre-miguel-colom-a-leucc-analyse-et-synthese\/"},"modified":"2025-08-24T15:13:16","modified_gmt":"2025-08-24T13:13:16","slug":"7-de-mayo-de-2009-nota-juridica-del-abogado-miguel-colom-a-la-ecu-analisis-y-sintesis","status":"publish","type":"post","link":"https:\/\/www.latribunedeplanas.com\/es\/7-de-mayo-de-2009-nota-juridica-del-abogado-miguel-colom-a-la-ecu-analisis-y-sintesis\/","title":{"rendered":"7 de mayo de 2009: Nota jur\u00eddica del abogado Miguel Colom a la ECU &#8211; An\u00e1lisis y s\u00edntesis"},"content":{"rendered":"<p>[et_pb_section fb_built=\u00bb1&#8243; admin_label=\u00bbSection-Article\u00bb module_class=\u00bbsection-article\u00bb _builder_version=\u00bb4.18.0&#8243; custom_margin=\u00bb0px|0px|0px|0px\u00bb custom_padding=\u00bb0px|0px|0px|0px\u00bb global_colors_info=\u00bb{}\u00bb][et_pb_row use_custom_gutter=\u00bbon\u00bb gutter_width=\u00bb1&#8243; custom_padding_last_edited=\u00bbon|phone\u00bb admin_label=\u00bbLigne-Article\u00bb module_class=\u00bbligne-article et_pb_row_fullwidth\u00bb _builder_version=\u00bb4.27.4&#8243; width=\u00bb100%\u00bb width_tablet=\u00bb100%\u00bb width_phone=\u00bb\u00bb width_last_edited=\u00bbon|desktop\u00bb max_width=\u00bb100%\u00bb max_width_tablet=\u00bb100%\u00bb max_width_phone=\u00bb\u00bb max_width_last_edited=\u00bbon|desktop\u00bb custom_margin=\u00bb0px||0px\u00bb custom_padding=\u00bb20px||0px||false|false\u00bb custom_padding_tablet=\u00bb20px||0px||false|false\u00bb custom_padding_phone=\u00bb15px||||false|false\u00bb make_fullwidth=\u00bbon\u00bb global_colors_info=\u00bb{}\u00bb][et_pb_column type=\u00bb4_4&#8243; _builder_version=\u00bb4.16&#8243; custom_padding=\u00bb|||\u00bb global_colors_info=\u00bb{}\u00bb custom_padding__hover=\u00bb|||\u00bb][et_pb_text admin_label=\u00bbTexte-7 de mayo de 2009: Nota jur\u00eddica del abogado Miguel Colom a la ECU &#8211; An\u00e1lisis y s\u00edntesis\u00bb module_class=\u00bbtxt-article\u00bb _builder_version=\u00bb4.27.4&#8243; text_font=\u00bb|300|||||||\u00bb header_font=\u00bb||||||||\u00bb header_2_line_height=\u00bb1.2em\u00bb header_3_font=\u00bb||||||||\u00bb header_3_line_height=\u00bb1.3em\u00bb header_4_text_align=\u00bbcenter\u00bb custom_padding=\u00bb||||false|false\u00bb hover_enabled=\u00bb0&#8243; text_line_height_tablet=\u00bb\u00bb text_line_height_phone=\u00bb1.3em\u00bb text_line_height_last_edited=\u00bbon|desktop\u00bb header_2_font_size_tablet=\u00bb\u00bb header_2_font_size_phone=\u00bb\u00bb header_2_font_size_last_edited=\u00bbon|phone\u00bb header_3_font_size_tablet=\u00bb\u00bb header_3_font_size_phone=\u00bb23px\u00bb header_3_font_size_last_edited=\u00bbon|desktop\u00bb global_colors_info=\u00bb{}\u00bb sticky_enabled=\u00bb0&#8243;]<\/p>\n<p>El <span class=\"accentue\">7 de mayo de 2009<\/span>, el abogado <span class=\"accentue\">Miguel Colom<\/span>, letrado de la <span class=\"accentue\">ECU Les Planes del Rei<\/span>, dirige a <span class=\"accentue\">Christian Peuman<\/span>, presidente de la ECU, una nota jur\u00eddica exponiendo la situaci\u00f3n de la urbanizaci\u00f3n <span class=\"accentue\">Planas del Rey (Planes del Rei)<\/span>, las responsabilidades de los actores, y la estrategia a seguir frente al <span class=\"accentue\">Ayuntamiento de Pratdip<\/span> y a las impugnaciones de algunos propietarios.<\/p>\n<hr style=\"margin-bottom: 30px;\" \/>\n<h2>1) Naturaleza del documento<\/h2>\n<ul>\n<li><span class=\"accentue\">Tipo:<\/span> nota \/ dossier jur\u00eddico interno, redactado por el asesor de la ECU.<\/li>\n<li><span class=\"accentue\">Autor:<\/span> abogado <span class=\"accentue\">Miguel Colom<\/span> (letrado de la ECU).<\/li>\n<li><span class=\"accentue\">Destinatario:<\/span> <span class=\"accentue\">Christian Peuman<\/span>, presidente de la ECU.<\/li>\n<li><span class=\"accentue\">Objeto:<\/span> estado jur\u00eddico, recomendaciones operativas y defensivas.<\/li>\n<li><span class=\"accentue\">Alcance:<\/span> encuadre de las acciones del <span class=\"accentue\">Consejo Rector<\/span> y justificaci\u00f3n de las decisiones a adoptar.<\/li>\n<\/ul>\n<h2>2) Contexto y recordatorios<\/h2>\n<ul>\n<li><span class=\"accentue\">Tensiones institucionales:<\/span> conflictos persistentes con el <span class=\"accentue\">Ayuntamiento de Pratdip<\/span> sobre la asunci\u00f3n efectiva de la urbanizaci\u00f3n y la ejecuci\u00f3n de las sentencias.<\/li>\n<li><span class=\"accentue\">Litigios recurrentes:<\/span> resoluciones y autos previos que recuerdan que la existencia de una ECU no exonera al ayuntamiento de garantizar los <span class=\"accentue\">servicios p\u00fablicos m\u00ednimos<\/span>.<\/li>\n<li><span class=\"accentue\">Clima interno:<\/span> impugnaciones de algunos propietarios sobre la legitimidad de las <span class=\"accentue\">cuotas<\/span> y la gobernanza de la entidad.<\/li>\n<\/ul>\n<h2>3) Contenido \u2014 puntos clave de la nota<\/h2>\n<ul>\n<li><span class=\"accentue\">Recordatorio de las bases jur\u00eddicas:<\/span> s\u00edntesis de las sentencias y normas aplicables a <span class=\"accentue\">Planas del Rey (Planes del Rei)<\/span> y a la ECU.<\/li>\n<li><span class=\"accentue\">Competencias de la ECU:<\/span> gesti\u00f3n y mantenimiento, representaci\u00f3n, y <span class=\"accentue\">cobro de cuotas<\/span> necesarias para el funcionamiento corriente.<\/li>\n<li><span class=\"accentue\">Relaciones con el ayuntamiento:<\/span> puesta en evidencia de las <span class=\"accentue\">carencias municipales<\/span> pese a las sentencias; necesidad de documentar cada gesti\u00f3n.<\/li>\n<li><span class=\"accentue\">Estrategia aconsejada:<\/span> consolidar la legitimidad de la ECU, asegurar las decisiones del <span class=\"accentue\">Consejo Rector<\/span>, anticipar y responder a las impugnaciones.<\/li>\n<li><span class=\"accentue\">Dimensi\u00f3n financiera:<\/span> mantener el cobro de cuotas para asegurar los servicios m\u00ednimos y evitar la paralizaci\u00f3n de las prestaciones esenciales.<\/li>\n<\/ul>\n<h2>4) Retos y riesgos<\/h2>\n<ul>\n<li><span class=\"accentue\">Preservar la continuidad de los servicios<\/span> en la urbanizaci\u00f3n ante la insuficiente intervenci\u00f3n municipal.<\/li>\n<li><span class=\"accentue\">Limitar la exposici\u00f3n a litigios<\/span> de la ECU y de sus dirigentes (trazabilidad de los dict\u00e1menes jur\u00eddicos y de las decisiones).<\/li>\n<li><span class=\"accentue\">Evitar una disoluci\u00f3n desordenada<\/span> sin soluci\u00f3n de reemplazo (recepci\u00f3n municipal, otra entidad) que pondr\u00eda en riesgo el mantenimiento corriente.<\/li>\n<li><span class=\"accentue\">Encauzar el cobro de cuotas<\/span> para reducir el riesgo de impugnaciones individuales.<\/li>\n<\/ul>\n<h2>5) Lectura cr\u00edtica \/ Observaciones<\/h2>\n<ul>\n<li><span class=\"accentue\">Postura defensiva:<\/span> la nota busca ante todo <span class=\"accentue\">proteger la existencia<\/span> y la acci\u00f3n de la ECU en un contexto de hostilidad (municipal y privada).<\/li>\n<li><span class=\"accentue\">Poca apertura<\/span> hacia un acuerdo pol\u00edtico: el acento se pone en la <span class=\"accentue\">seguridad jur\u00eddica<\/span> m\u00e1s que en una negociaci\u00f3n con el ayuntamiento.<\/li>\n<li><span class=\"accentue\">Funci\u00f3n probatoria:<\/span> el dossier formaliza <span class=\"accentue\">dict\u00e1menes de abogado<\/span> para legitimar las decisiones del <span class=\"accentue\">Consejo Rector<\/span> y del presidente.<\/li>\n<li><span class=\"accentue\">Trayectoria conocida:<\/span> estas posiciones anuncian la <span class=\"accentue\">continuaci\u00f3n de los bloqueos<\/span> hasta las decisiones posteriores que desembocar\u00e1n en la disoluci\u00f3n de la ECU (2016).<\/li>\n<\/ul>\n<h2>6) Propuestas de actuaci\u00f3n<\/h2>\n<ul>\n<li><span class=\"accentue\">Archivar y registrar<\/span> todas las comunicaciones ayuntamiento\u2013ECU (solicitudes, respuestas, requerimientos) bas\u00e1ndose en las recomendaciones del abogado.<\/li>\n<li><span class=\"accentue\">Asegurar las decisiones<\/span> del <span class=\"accentue\">Consejo Rector<\/span> (convocatorias, actas, fundamentos jur\u00eddicos) para reducir el riesgo de nulidad.<\/li>\n<li><span class=\"accentue\">Informar a los propietarios<\/span> mediante notas sint\u00e9ticas que expliquen el marco legal de las cuotas y las obligaciones m\u00ednimas a financiar.<\/li>\n<li><span class=\"accentue\">Cartografiar los litigios<\/span> en curso (objetos, fases, riesgos) y cruzarlos con los recordatorios jurisprudenciales mencionados en la nota.<\/li>\n<\/ul>\n<h2>Conclusi\u00f3n<\/h2>\n<p>La nota del <span class=\"accentue\">abogado Miguel Colom<\/span> proporciona un marco de <span class=\"accentue\">defensa jur\u00eddica<\/span> para la <span class=\"accentue\">ECU Les Planes del Rei<\/span> en 2009: justifica la continuidad de las misiones de la entidad, el <span class=\"accentue\">cobro de cuotas<\/span> y la documentaci\u00f3n de las carencias municipales. Si bien esta estrategia limita la exposici\u00f3n inmediata de la ECU, se inscribe en una din\u00e1mica conflictiva duradera con el <span class=\"accentue\">Ayuntamiento de Pratdip<\/span>, sin resolver el <span class=\"accentue\">nudo estructural<\/span>: la recepci\u00f3n y la asunci\u00f3n efectiva de <span class=\"accentue\">Planas del Rey (Planes del Rei)<\/span> por parte del municipio.<\/p>\n<hr style=\"margin-bottom: 30px;\" \/>\n<h3 class=\"underline\">Documento<\/h3>\n<p style=\"padding-top: 30px;\"><a href=\"https:\/\/www.latribunedeplanas.com\/wp-content\/uploads\/2009\/05\/2009-05-07-dossier-colon_compressed.pdf\" class=\"pdfemb-viewer\" style=\"\" data-width=\"max\" data-height=\"max\" data-mobile-width=\"0\"  data-scrollbar=\"none\" data-download=\"on\" data-tracking=\"on\" data-newwindow=\"on\" data-pagetextbox=\"off\" data-scrolltotop=\"off\" data-startzoom=\"100\" data-startfpzoom=\"100\" data-toolbar=\"top\" data-toolbar-fixed=\"off\">2009-05-07-dossier-colon_compressed<br\/><\/a><\/p>\n<p>[\/et_pb_text][\/et_pb_column][\/et_pb_row][\/et_pb_section]<\/p>\n","protected":false},"excerpt":{"rendered":"<p>El 7 de mayo de 2009, el abogado Miguel Colom, letrado de la ECU Les Planes del Rei, dirige a Christian Peuman, presidente de la ECU, una nota jur\u00eddica exponiendo la situaci\u00f3n de la urbanizaci\u00f3n Planas del Rey (Planes del Rei), las responsabilidades de los actores, y la estrategia a seguir frente al Ayuntamiento de [&hellip;]<\/p>\n","protected":false},"author":1,"featured_media":0,"comment_status":"closed","ping_status":"closed","sticky":false,"template":"","format":"standard","meta":{"_et_pb_use_builder":"on","_et_pb_old_content":"","_et_gb_content_width":"","footnotes":""},"categories":[217],"tags":[],"class_list":["post-28737","post","type-post","status-publish","format-standard","hentry","category-documentos"],"yoast_head":"<!-- This site is optimized with the Yoast SEO plugin v27.5 - https:\/\/yoast.com\/product\/yoast-seo-wordpress\/ -->\n<title>7 de mayo de 2009: Nota jur\u00eddica del abogado Miguel Colom a la ECU - An\u00e1lisis y s\u00edntesis - La Tribune de Planas<\/title>\n<meta name=\"description\" content=\"Nota jur\u00eddica de 2009 del abogado Miguel Colom a la ECU de Planas del Rey: an\u00e1lisis, responsabilidades y relaci\u00f3n con el Ayuntamiento\" \/>\n<meta name=\"robots\" content=\"index, follow, max-snippet:-1, max-image-preview:large, max-video-preview:-1\" \/>\n<link rel=\"canonical\" href=\"https:\/\/www.latribunedeplanas.com\/es\/7-de-mayo-de-2009-nota-juridica-del-abogado-miguel-colom-a-la-ecu-analisis-y-sintesis\/\" \/>\n<meta property=\"og:locale\" content=\"es_ES\" \/>\n<meta property=\"og:type\" content=\"article\" \/>\n<meta property=\"og:title\" content=\"7 de mayo de 2009: Nota jur\u00eddica del abogado Miguel Colom a la ECU - An\u00e1lisis y s\u00edntesis - La Tribune de Planas\" \/>\n<meta property=\"og:description\" content=\"Nota jur\u00eddica de 2009 del abogado Miguel Colom a la ECU de Planas del Rey: an\u00e1lisis, responsabilidades y relaci\u00f3n con el Ayuntamiento\" \/>\n<meta property=\"og:url\" content=\"https:\/\/www.latribunedeplanas.com\/es\/7-de-mayo-de-2009-nota-juridica-del-abogado-miguel-colom-a-la-ecu-analisis-y-sintesis\/\" \/>\n<meta property=\"og:site_name\" content=\"La Tribune de Planas\" \/>\n<meta property=\"article:publisher\" content=\"https:\/\/www.facebook.com\/groups\/1220895301376005\/\" \/>\n<meta property=\"article:author\" content=\"https:\/\/www.facebook.com\/Creawebsite-113915200150984\" \/>\n<meta property=\"article:published_time\" content=\"2009-05-07T12:52:36+00:00\" \/>\n<meta property=\"article:modified_time\" content=\"2025-08-24T13:13:16+00:00\" \/>\n<meta name=\"author\" content=\"Jim\" \/>\n<meta name=\"twitter:card\" content=\"summary_large_image\" \/>\n<meta name=\"twitter:label1\" content=\"Escrito por\" \/>\n\t<meta name=\"twitter:data1\" content=\"Jim\" \/>\n\t<meta name=\"twitter:label2\" content=\"Tiempo de lectura\" \/>\n\t<meta name=\"twitter:data2\" content=\"4 minutos\" \/>\n<script type=\"application\/ld+json\" class=\"yoast-schema-graph\">{\"@context\":\"https:\\\/\\\/schema.org\",\"@graph\":[{\"@type\":\"Article\",\"@id\":\"https:\\\/\\\/www.latribunedeplanas.com\\\/es\\\/7-de-mayo-de-2009-nota-juridica-del-abogado-miguel-colom-a-la-ecu-analisis-y-sintesis\\\/#article\",\"isPartOf\":{\"@id\":\"https:\\\/\\\/www.latribunedeplanas.com\\\/es\\\/7-de-mayo-de-2009-nota-juridica-del-abogado-miguel-colom-a-la-ecu-analisis-y-sintesis\\\/\"},\"author\":{\"name\":\"Jim\",\"@id\":\"https:\\\/\\\/www.latribunedeplanas.com\\\/es\\\/#\\\/schema\\\/person\\\/590a87318688792f18d8e1c983528bc8\"},\"headline\":\"7 de mayo de 2009: Nota jur\u00eddica del abogado Miguel Colom a la ECU &#8211; An\u00e1lisis y s\u00edntesis\",\"datePublished\":\"2009-05-07T12:52:36+00:00\",\"dateModified\":\"2025-08-24T13:13:16+00:00\",\"mainEntityOfPage\":{\"@id\":\"https:\\\/\\\/www.latribunedeplanas.com\\\/es\\\/7-de-mayo-de-2009-nota-juridica-del-abogado-miguel-colom-a-la-ecu-analisis-y-sintesis\\\/\"},\"wordCount\":929,\"publisher\":{\"@id\":\"https:\\\/\\\/www.latribunedeplanas.com\\\/es\\\/#organization\"},\"articleSection\":[\"Documentos\"],\"inLanguage\":\"es\"},{\"@type\":\"WebPage\",\"@id\":\"https:\\\/\\\/www.latribunedeplanas.com\\\/es\\\/7-de-mayo-de-2009-nota-juridica-del-abogado-miguel-colom-a-la-ecu-analisis-y-sintesis\\\/\",\"url\":\"https:\\\/\\\/www.latribunedeplanas.com\\\/es\\\/7-de-mayo-de-2009-nota-juridica-del-abogado-miguel-colom-a-la-ecu-analisis-y-sintesis\\\/\",\"name\":\"7 de mayo de 2009: Nota jur\u00eddica del abogado Miguel Colom a la ECU - An\u00e1lisis y s\u00edntesis - La Tribune de Planas\",\"isPartOf\":{\"@id\":\"https:\\\/\\\/www.latribunedeplanas.com\\\/es\\\/#website\"},\"datePublished\":\"2009-05-07T12:52:36+00:00\",\"dateModified\":\"2025-08-24T13:13:16+00:00\",\"description\":\"Nota jur\u00eddica de 2009 del abogado Miguel Colom a la ECU de Planas del Rey: an\u00e1lisis, responsabilidades y relaci\u00f3n con el Ayuntamiento\",\"breadcrumb\":{\"@id\":\"https:\\\/\\\/www.latribunedeplanas.com\\\/es\\\/7-de-mayo-de-2009-nota-juridica-del-abogado-miguel-colom-a-la-ecu-analisis-y-sintesis\\\/#breadcrumb\"},\"inLanguage\":\"es\",\"potentialAction\":[{\"@type\":\"ReadAction\",\"target\":[\"https:\\\/\\\/www.latribunedeplanas.com\\\/es\\\/7-de-mayo-de-2009-nota-juridica-del-abogado-miguel-colom-a-la-ecu-analisis-y-sintesis\\\/\"]}]},{\"@type\":\"BreadcrumbList\",\"@id\":\"https:\\\/\\\/www.latribunedeplanas.com\\\/es\\\/7-de-mayo-de-2009-nota-juridica-del-abogado-miguel-colom-a-la-ecu-analisis-y-sintesis\\\/#breadcrumb\",\"itemListElement\":[{\"@type\":\"ListItem\",\"position\":1,\"name\":\"Accueil\",\"item\":\"https:\\\/\\\/www.latribunedeplanas.com\\\/es\\\/\"},{\"@type\":\"ListItem\",\"position\":2,\"name\":\"7 de mayo de 2009: Nota jur\u00eddica del abogado Miguel Colom a la ECU &#8211; An\u00e1lisis y s\u00edntesis\"}]},{\"@type\":\"WebSite\",\"@id\":\"https:\\\/\\\/www.latribunedeplanas.com\\\/es\\\/#website\",\"url\":\"https:\\\/\\\/www.latribunedeplanas.com\\\/es\\\/\",\"name\":\"La Tribune de Planas\",\"description\":\"Les Planes del Rei - Urbanizaci\u00f3n del municipio de Pratdip\",\"publisher\":{\"@id\":\"https:\\\/\\\/www.latribunedeplanas.com\\\/es\\\/#organization\"},\"potentialAction\":[{\"@type\":\"SearchAction\",\"target\":{\"@type\":\"EntryPoint\",\"urlTemplate\":\"https:\\\/\\\/www.latribunedeplanas.com\\\/es\\\/?s={search_term_string}\"},\"query-input\":{\"@type\":\"PropertyValueSpecification\",\"valueRequired\":true,\"valueName\":\"search_term_string\"}}],\"inLanguage\":\"es\"},{\"@type\":\"Organization\",\"@id\":\"https:\\\/\\\/www.latribunedeplanas.com\\\/es\\\/#organization\",\"name\":\"Vecinos de Planes del Rei (SOSPlanes)\",\"url\":\"https:\\\/\\\/www.latribunedeplanas.com\\\/es\\\/\",\"logo\":{\"@type\":\"ImageObject\",\"inLanguage\":\"es\",\"@id\":\"https:\\\/\\\/www.latribunedeplanas.com\\\/es\\\/#\\\/schema\\\/logo\\\/image\\\/\",\"url\":\"https:\\\/\\\/www.latribunedeplanas.com\\\/wp-content\\\/uploads\\\/2021\\\/11\\\/logo-sos-planas-0.png\",\"contentUrl\":\"https:\\\/\\\/www.latribunedeplanas.com\\\/wp-content\\\/uploads\\\/2021\\\/11\\\/logo-sos-planas-0.png\",\"width\":600,\"height\":400,\"caption\":\"Vecinos de Planes del Rei (SOSPlanes)\"},\"image\":{\"@id\":\"https:\\\/\\\/www.latribunedeplanas.com\\\/es\\\/#\\\/schema\\\/logo\\\/image\\\/\"},\"sameAs\":[\"https:\\\/\\\/www.facebook.com\\\/groups\\\/1220895301376005\\\/\",\"https:\\\/\\\/www.instagram.com\\\/lasplanasdelrey\\\/\"]},{\"@type\":\"Person\",\"@id\":\"https:\\\/\\\/www.latribunedeplanas.com\\\/es\\\/#\\\/schema\\\/person\\\/590a87318688792f18d8e1c983528bc8\",\"name\":\"Jim\",\"image\":{\"@type\":\"ImageObject\",\"inLanguage\":\"es\",\"@id\":\"https:\\\/\\\/secure.gravatar.com\\\/avatar\\\/5a89228fd282eb9ee33a60b4ff06f9c31751866f1fb91ca56263af0968354113?s=96&d=mm&r=g\",\"url\":\"https:\\\/\\\/secure.gravatar.com\\\/avatar\\\/5a89228fd282eb9ee33a60b4ff06f9c31751866f1fb91ca56263af0968354113?s=96&d=mm&r=g\",\"contentUrl\":\"https:\\\/\\\/secure.gravatar.com\\\/avatar\\\/5a89228fd282eb9ee33a60b4ff06f9c31751866f1fb91ca56263af0968354113?s=96&d=mm&r=g\",\"caption\":\"Jim\"},\"sameAs\":[\"https:\\\/\\\/www.creawebsite.be\\\/\",\"https:\\\/\\\/www.facebook.com\\\/Creawebsite-113915200150984\",\"https:\\\/\\\/www.instagram.com\\\/creawebsite.be\\\/\",\"https:\\\/\\\/www.linkedin.com\\\/in\\\/jean-marc-delchef\\\/\"]}]}<\/script>\n<!-- \/ Yoast SEO plugin. -->","yoast_head_json":{"title":"7 de mayo de 2009: Nota jur\u00eddica del abogado Miguel Colom a la ECU - An\u00e1lisis y s\u00edntesis - La Tribune de Planas","description":"Nota jur\u00eddica de 2009 del abogado Miguel Colom a la ECU de Planas del Rey: an\u00e1lisis, responsabilidades y relaci\u00f3n con el Ayuntamiento","robots":{"index":"index","follow":"follow","max-snippet":"max-snippet:-1","max-image-preview":"max-image-preview:large","max-video-preview":"max-video-preview:-1"},"canonical":"https:\/\/www.latribunedeplanas.com\/es\/7-de-mayo-de-2009-nota-juridica-del-abogado-miguel-colom-a-la-ecu-analisis-y-sintesis\/","og_locale":"es_ES","og_type":"article","og_title":"7 de mayo de 2009: Nota jur\u00eddica del abogado Miguel Colom a la ECU - An\u00e1lisis y s\u00edntesis - La Tribune de Planas","og_description":"Nota jur\u00eddica de 2009 del abogado Miguel Colom a la ECU de Planas del Rey: an\u00e1lisis, responsabilidades y relaci\u00f3n con el Ayuntamiento","og_url":"https:\/\/www.latribunedeplanas.com\/es\/7-de-mayo-de-2009-nota-juridica-del-abogado-miguel-colom-a-la-ecu-analisis-y-sintesis\/","og_site_name":"La Tribune de Planas","article_publisher":"https:\/\/www.facebook.com\/groups\/1220895301376005\/","article_author":"https:\/\/www.facebook.com\/Creawebsite-113915200150984","article_published_time":"2009-05-07T12:52:36+00:00","article_modified_time":"2025-08-24T13:13:16+00:00","author":"Jim","twitter_card":"summary_large_image","twitter_misc":{"Escrito por":"Jim","Tiempo de lectura":"4 minutos"},"schema":{"@context":"https:\/\/schema.org","@graph":[{"@type":"Article","@id":"https:\/\/www.latribunedeplanas.com\/es\/7-de-mayo-de-2009-nota-juridica-del-abogado-miguel-colom-a-la-ecu-analisis-y-sintesis\/#article","isPartOf":{"@id":"https:\/\/www.latribunedeplanas.com\/es\/7-de-mayo-de-2009-nota-juridica-del-abogado-miguel-colom-a-la-ecu-analisis-y-sintesis\/"},"author":{"name":"Jim","@id":"https:\/\/www.latribunedeplanas.com\/es\/#\/schema\/person\/590a87318688792f18d8e1c983528bc8"},"headline":"7 de mayo de 2009: Nota jur\u00eddica del abogado Miguel Colom a la ECU &#8211; An\u00e1lisis y s\u00edntesis","datePublished":"2009-05-07T12:52:36+00:00","dateModified":"2025-08-24T13:13:16+00:00","mainEntityOfPage":{"@id":"https:\/\/www.latribunedeplanas.com\/es\/7-de-mayo-de-2009-nota-juridica-del-abogado-miguel-colom-a-la-ecu-analisis-y-sintesis\/"},"wordCount":929,"publisher":{"@id":"https:\/\/www.latribunedeplanas.com\/es\/#organization"},"articleSection":["Documentos"],"inLanguage":"es"},{"@type":"WebPage","@id":"https:\/\/www.latribunedeplanas.com\/es\/7-de-mayo-de-2009-nota-juridica-del-abogado-miguel-colom-a-la-ecu-analisis-y-sintesis\/","url":"https:\/\/www.latribunedeplanas.com\/es\/7-de-mayo-de-2009-nota-juridica-del-abogado-miguel-colom-a-la-ecu-analisis-y-sintesis\/","name":"7 de mayo de 2009: Nota jur\u00eddica del abogado Miguel Colom a la ECU - An\u00e1lisis y s\u00edntesis - La Tribune de Planas","isPartOf":{"@id":"https:\/\/www.latribunedeplanas.com\/es\/#website"},"datePublished":"2009-05-07T12:52:36+00:00","dateModified":"2025-08-24T13:13:16+00:00","description":"Nota jur\u00eddica de 2009 del abogado Miguel Colom a la ECU de Planas del Rey: an\u00e1lisis, responsabilidades y relaci\u00f3n con el Ayuntamiento","breadcrumb":{"@id":"https:\/\/www.latribunedeplanas.com\/es\/7-de-mayo-de-2009-nota-juridica-del-abogado-miguel-colom-a-la-ecu-analisis-y-sintesis\/#breadcrumb"},"inLanguage":"es","potentialAction":[{"@type":"ReadAction","target":["https:\/\/www.latribunedeplanas.com\/es\/7-de-mayo-de-2009-nota-juridica-del-abogado-miguel-colom-a-la-ecu-analisis-y-sintesis\/"]}]},{"@type":"BreadcrumbList","@id":"https:\/\/www.latribunedeplanas.com\/es\/7-de-mayo-de-2009-nota-juridica-del-abogado-miguel-colom-a-la-ecu-analisis-y-sintesis\/#breadcrumb","itemListElement":[{"@type":"ListItem","position":1,"name":"Accueil","item":"https:\/\/www.latribunedeplanas.com\/es\/"},{"@type":"ListItem","position":2,"name":"7 de mayo de 2009: Nota jur\u00eddica del abogado Miguel Colom a la ECU &#8211; An\u00e1lisis y s\u00edntesis"}]},{"@type":"WebSite","@id":"https:\/\/www.latribunedeplanas.com\/es\/#website","url":"https:\/\/www.latribunedeplanas.com\/es\/","name":"La Tribune de Planas","description":"Les Planes del Rei - Urbanizaci\u00f3n del municipio de Pratdip","publisher":{"@id":"https:\/\/www.latribunedeplanas.com\/es\/#organization"},"potentialAction":[{"@type":"SearchAction","target":{"@type":"EntryPoint","urlTemplate":"https:\/\/www.latribunedeplanas.com\/es\/?s={search_term_string}"},"query-input":{"@type":"PropertyValueSpecification","valueRequired":true,"valueName":"search_term_string"}}],"inLanguage":"es"},{"@type":"Organization","@id":"https:\/\/www.latribunedeplanas.com\/es\/#organization","name":"Vecinos de Planes del Rei (SOSPlanes)","url":"https:\/\/www.latribunedeplanas.com\/es\/","logo":{"@type":"ImageObject","inLanguage":"es","@id":"https:\/\/www.latribunedeplanas.com\/es\/#\/schema\/logo\/image\/","url":"https:\/\/www.latribunedeplanas.com\/wp-content\/uploads\/2021\/11\/logo-sos-planas-0.png","contentUrl":"https:\/\/www.latribunedeplanas.com\/wp-content\/uploads\/2021\/11\/logo-sos-planas-0.png","width":600,"height":400,"caption":"Vecinos de Planes del Rei (SOSPlanes)"},"image":{"@id":"https:\/\/www.latribunedeplanas.com\/es\/#\/schema\/logo\/image\/"},"sameAs":["https:\/\/www.facebook.com\/groups\/1220895301376005\/","https:\/\/www.instagram.com\/lasplanasdelrey\/"]},{"@type":"Person","@id":"https:\/\/www.latribunedeplanas.com\/es\/#\/schema\/person\/590a87318688792f18d8e1c983528bc8","name":"Jim","image":{"@type":"ImageObject","inLanguage":"es","@id":"https:\/\/secure.gravatar.com\/avatar\/5a89228fd282eb9ee33a60b4ff06f9c31751866f1fb91ca56263af0968354113?s=96&d=mm&r=g","url":"https:\/\/secure.gravatar.com\/avatar\/5a89228fd282eb9ee33a60b4ff06f9c31751866f1fb91ca56263af0968354113?s=96&d=mm&r=g","contentUrl":"https:\/\/secure.gravatar.com\/avatar\/5a89228fd282eb9ee33a60b4ff06f9c31751866f1fb91ca56263af0968354113?s=96&d=mm&r=g","caption":"Jim"},"sameAs":["https:\/\/www.creawebsite.be\/","https:\/\/www.facebook.com\/Creawebsite-113915200150984","https:\/\/www.instagram.com\/creawebsite.be\/","https:\/\/www.linkedin.com\/in\/jean-marc-delchef\/"]}]}},"_links":{"self":[{"href":"https:\/\/www.latribunedeplanas.com\/es\/wp-json\/wp\/v2\/posts\/28737","targetHints":{"allow":["GET"]}}],"collection":[{"href":"https:\/\/www.latribunedeplanas.com\/es\/wp-json\/wp\/v2\/posts"}],"about":[{"href":"https:\/\/www.latribunedeplanas.com\/es\/wp-json\/wp\/v2\/types\/post"}],"author":[{"embeddable":true,"href":"https:\/\/www.latribunedeplanas.com\/es\/wp-json\/wp\/v2\/users\/1"}],"replies":[{"embeddable":true,"href":"https:\/\/www.latribunedeplanas.com\/es\/wp-json\/wp\/v2\/comments?post=28737"}],"version-history":[{"count":3,"href":"https:\/\/www.latribunedeplanas.com\/es\/wp-json\/wp\/v2\/posts\/28737\/revisions"}],"predecessor-version":[{"id":28745,"href":"https:\/\/www.latribunedeplanas.com\/es\/wp-json\/wp\/v2\/posts\/28737\/revisions\/28745"}],"wp:attachment":[{"href":"https:\/\/www.latribunedeplanas.com\/es\/wp-json\/wp\/v2\/media?parent=28737"}],"wp:term":[{"taxonomy":"category","embeddable":true,"href":"https:\/\/www.latribunedeplanas.com\/es\/wp-json\/wp\/v2\/categories?post=28737"},{"taxonomy":"post_tag","embeddable":true,"href":"https:\/\/www.latribunedeplanas.com\/es\/wp-json\/wp\/v2\/tags?post=28737"}],"curies":[{"name":"wp","href":"https:\/\/api.w.org\/{rel}","templated":true}]}}