{"id":28698,"date":"2009-03-01T12:45:41","date_gmt":"2009-03-01T11:45:41","guid":{"rendered":"https:\/\/www.latribunedeplanas.com\/mars-2009-courrier-de-la-mairie-de-pratdip-a-leucc-les-planes-del-rei-expulsion-du-representant-municipal-et-consequences\/"},"modified":"2025-08-24T13:40:30","modified_gmt":"2025-08-24T11:40:30","slug":"marzo-de-2009-carta-del-ayuntamiento-de-pratdip-a-la-ecu-les-planes-del-rei-expulsion-del-representante-municipal-y-consecuencias","status":"publish","type":"post","link":"https:\/\/www.latribunedeplanas.com\/es\/marzo-de-2009-carta-del-ayuntamiento-de-pratdip-a-la-ecu-les-planes-del-rei-expulsion-del-representante-municipal-y-consecuencias\/","title":{"rendered":"Marzo de 2009: Carta del Ayuntamiento de Pratdip a la ECU Les Planes del Rei \u2013 Expulsi\u00f3n del representante municipal y consecuencias"},"content":{"rendered":"<p>[et_pb_section fb_built=\u00bb1&#8243; admin_label=\u00bbSection-Article\u00bb module_class=\u00bbsection-article\u00bb _builder_version=\u00bb4.18.0&#8243; custom_margin=\u00bb0px|0px|0px|0px\u00bb custom_padding=\u00bb0px|0px|0px|0px\u00bb global_colors_info=\u00bb{}\u00bb][et_pb_row use_custom_gutter=\u00bbon\u00bb gutter_width=\u00bb1&#8243; custom_padding_last_edited=\u00bbon|phone\u00bb admin_label=\u00bbLigne-Article\u00bb module_class=\u00bbligne-article et_pb_row_fullwidth\u00bb _builder_version=\u00bb4.27.4&#8243; width=\u00bb100%\u00bb width_tablet=\u00bb100%\u00bb width_phone=\u00bb\u00bb width_last_edited=\u00bbon|desktop\u00bb max_width=\u00bb100%\u00bb max_width_tablet=\u00bb100%\u00bb max_width_phone=\u00bb\u00bb max_width_last_edited=\u00bbon|desktop\u00bb custom_margin=\u00bb0px||0px\u00bb custom_padding=\u00bb20px||0px||false|false\u00bb custom_padding_tablet=\u00bb20px||0px||false|false\u00bb custom_padding_phone=\u00bb15px||||false|false\u00bb make_fullwidth=\u00bbon\u00bb global_colors_info=\u00bb{}\u00bb][et_pb_column type=\u00bb4_4&#8243; _builder_version=\u00bb4.16&#8243; custom_padding=\u00bb|||\u00bb global_colors_info=\u00bb{}\u00bb custom_padding__hover=\u00bb|||\u00bb][et_pb_text admin_label=\u00bbTexte-Marzo de 2009: Carta del Ayuntamiento de Pratdip a la ECU Les Planes del Rei \u2013 Expulsi\u00f3n del representante municipal y consecuencias\u00bb module_class=\u00bbtxt-article\u00bb _builder_version=\u00bb4.27.4&#8243; text_font=\u00bb|300|||||||\u00bb header_font=\u00bb||||||||\u00bb header_2_line_height=\u00bb1.2em\u00bb header_3_font=\u00bb||||||||\u00bb header_3_line_height=\u00bb1.3em\u00bb header_4_text_align=\u00bbcenter\u00bb custom_padding=\u00bb||||false|false\u00bb hover_enabled=\u00bb0&#8243; text_line_height_tablet=\u00bb\u00bb text_line_height_phone=\u00bb1.3em\u00bb text_line_height_last_edited=\u00bbon|desktop\u00bb header_2_font_size_tablet=\u00bb\u00bb header_2_font_size_phone=\u00bb\u00bb header_2_font_size_last_edited=\u00bbon|phone\u00bb header_3_font_size_tablet=\u00bb\u00bb header_3_font_size_phone=\u00bb23px\u00bb header_3_font_size_last_edited=\u00bbon|desktop\u00bb global_colors_info=\u00bb{}\u00bb sticky_enabled=\u00bb0&#8243;]<\/p>\n<p>En <span class=\"accentue\">marzo de 2009<\/span>, el <span class=\"accentue\">Ayuntamiento de Pratdip<\/span> env\u00eda una carta al <span class=\"accentue\">Consejo Rector<\/span> de la <span class=\"accentue\">ECU Les Planes del Rei<\/span> relativa a la urbanizaci\u00f3n <span class=\"accentue\">Planas del Rey (Planes del Rei)<\/span>. El documento hace referencia, en particular, a la sesi\u00f3n del <span class=\"accentue\">23 de febrero de 2009<\/span> de la <span class=\"accentue\">Junta de Govern Local<\/span> (proyecto de urbanizaci\u00f3n) y a la decisi\u00f3n del <span class=\"accentue\">6 de marzo de 2009<\/span> del Consejo Rector.<\/p>\n<hr style=\"margin-bottom: 30px;\" \/>\n<h2>1) Naturaleza del documento<\/h2>\n<ul>\n<li><span class=\"accentue\">Carta oficial<\/span> emitida por la <span class=\"accentue\">Comisi\u00f3n de Gobierno<\/span> del Ayuntamiento de Pratdip.<\/li>\n<li>Dirigida al <span class=\"accentue\">Consejo Rector<\/span> de la <span class=\"accentue\">ECU Les Planes del Rei<\/span>.<\/li>\n<li>Contexto urban\u00edstico: <span class=\"accentue\">aprobaci\u00f3n<\/span> del <span class=\"accentue\">proyecto de urbanizaci\u00f3n<\/span> por la <span class=\"accentue\">Junta de Govern Local<\/span> el <span class=\"accentue\">23\/02\/2009<\/span>.<\/li>\n<\/ul>\n<h2>2) Contenido y decisiones<\/h2>\n<ul>\n<li><span class=\"accentue\">Expulsi\u00f3n de \u00d3scar Serrano<\/span>: el <span class=\"accentue\">6\/03\/2009<\/span>, el Consejo Rector decide <span class=\"accentue\">excluir<\/span> de las reuniones al <span class=\"accentue\">concejal \u00d3scar Serrano<\/span>, representante del Ayuntamiento en la ECU.<\/li>\n<li>El Ayuntamiento califica esta decisi\u00f3n de <span class=\"accentue\">nula de pleno derecho<\/span>, contraria a la legislaci\u00f3n urban\u00edstica y susceptible de generar <span class=\"accentue\">responsabilidades personales<\/span> para quienes la votaron.<\/li>\n<li>El Ayuntamiento interpreta esta exclusi\u00f3n como una <span class=\"accentue\">ruptura de las relaciones<\/span> por parte del Consejo Rector; en consecuencia, se declara <span class=\"accentue\">dispensado<\/span> de toda obligaci\u00f3n m\u00e1s all\u00e1 de lo <span class=\"accentue\">estrictamente impuesto por la ley<\/span>.<\/li>\n<li><span class=\"accentue\">No recepci\u00f3n de la urbanizaci\u00f3n<\/span>: el Ayuntamiento recuerda que los <span class=\"accentue\">servicios<\/span> deben ponerse <span class=\"accentue\">en conformidad con la normativa<\/span> y <span class=\"accentue\">cederse oficialmente<\/span> al municipio antes de cualquier asunci\u00f3n municipal.<\/li>\n<li><span class=\"accentue\">Agua potable<\/span>: la carta reprocha a la ECU su intenci\u00f3n de no garantizar el <span class=\"accentue\">suministro de agua potable<\/span> con el <span class=\"accentue\">control sanitario<\/span> exigido y advierte de una <span class=\"accentue\">responsabilidad penal inmediata<\/span> en caso de afectaci\u00f3n a la salud p\u00fablica.<\/li>\n<li><span class=\"accentue\">Residuos (basuras)<\/span>: exigencia de remitir el <span class=\"accentue\">censo de recogida de basuras<\/span> y los <span class=\"accentue\">datos bancarios<\/span> de los propietarios para el <span class=\"accentue\">cargo<\/span> del servicio; a falta de colaboraci\u00f3n, el Ayuntamiento indica la <span class=\"accentue\">imposibilidad<\/span> de aplicar la <span class=\"accentue\">sentencia del TSJC<\/span> del <span class=\"accentue\">25 de enero de 2009<\/span> (asunto <span class=\"accentue\">Fenouillet<\/span>).<\/li>\n<li><span class=\"accentue\">Perspectiva de disoluci\u00f3n<\/span>: el Ayuntamiento anuncia gestiones para adaptar los servicios a la ley, <span class=\"accentue\">transferirlos<\/span> al municipio y culminar con la <span class=\"accentue\">disoluci\u00f3n<\/span> de la ECU, con el objetivo de un <span class=\"accentue\">trato igual<\/span> entre Planas del Rey y el n\u00facleo urbano de Pratdip.<\/li>\n<\/ul>\n<h2>3) An\u00e1lisis<\/h2>\n<ul>\n<li>La <span class=\"accentue\">expulsi\u00f3n del representante municipal<\/span> (\u00d3. Serrano) es un hecho <span class=\"accentue\">relevante<\/span> que materializa el <span class=\"accentue\">deterioro<\/span> de las relaciones ECU\u2013Ayuntamiento y expone al Consejo Rector a <span class=\"accentue\">riesgos jur\u00eddicos<\/span>.<\/li>\n<li>El Ayuntamiento se ampara en ello para adoptar una posici\u00f3n de <span class=\"accentue\">repliegue<\/span>, limit\u00e1ndose a las <span class=\"accentue\">obligaciones legales m\u00ednimas<\/span> y remitiendo a la ECU a sus <span class=\"accentue\">deberes estatutarios<\/span> mientras no haya <span class=\"accentue\">recepci\u00f3n<\/span>.<\/li>\n<li>Los reproches mencionados (agua potable, basuras) refuerzan el argumento municipal seg\u00fan el cual la ECU <span class=\"accentue\">incumple sus obligaciones<\/span>, a la vez que se mantiene la <span class=\"accentue\">confusi\u00f3n<\/span> sobre la asunci\u00f3n efectiva de los servicios.<\/li>\n<\/ul>\n<h2>4) Importancia del documento<\/h2>\n<ul>\n<li><span class=\"accentue\">Prueba escrita<\/span> de la <span class=\"accentue\">exclusi\u00f3n<\/span> del representante municipal por el Consejo Rector el <span class=\"accentue\">06\/03\/2009<\/span>.<\/li>\n<li>Elemento que muestra el <span class=\"accentue\">desentendimiento<\/span> del Ayuntamiento m\u00e1s all\u00e1 del m\u00ednimo legal y su uso del <span class=\"accentue\">estatus no recibido<\/span> de la urbanizaci\u00f3n.<\/li>\n<li><span class=\"accentue\">Hito<\/span> en la trayectoria que condujo a la <span class=\"accentue\">disoluci\u00f3n<\/span> posterior de la ECU y a la reivindicaci\u00f3n de un <span class=\"accentue\">trato igual<\/span> para los residentes.<\/li>\n<\/ul>\n<hr style=\"margin-bottom: 30px;\" \/>\n<h3 class=\"underline\">Documento<\/h3>\n<p style=\"padding-top: 30px;\"><a href=\"https:\/\/www.latribunedeplanas.com\/wp-content\/uploads\/2025\/08\/2009-03-00-courrier-mairie-planas-ES-fiel.pdf\" class=\"pdfemb-viewer\" style=\"\" data-width=\"max\" data-height=\"max\" data-mobile-width=\"0\"  data-scrollbar=\"none\" data-download=\"on\" data-tracking=\"on\" data-newwindow=\"on\" data-pagetextbox=\"off\" data-scrolltotop=\"off\" data-startzoom=\"100\" data-startfpzoom=\"100\" data-toolbar=\"top\" data-toolbar-fixed=\"off\">2009-03-00-courrier-mairie-planas-ES-fiel<br\/><\/a><\/p>\n<p>[\/et_pb_text][\/et_pb_column][\/et_pb_row][\/et_pb_section]<\/p>\n","protected":false},"excerpt":{"rendered":"<p>En marzo de 2009, el Ayuntamiento de Pratdip env\u00eda una carta al Consejo Rector de la ECU Les Planes del Rei relativa a la urbanizaci\u00f3n Planas del Rey (Planes del Rei). El documento hace referencia, en particular, a la sesi\u00f3n del 23 de febrero de 2009 de la Junta de Govern Local (proyecto de urbanizaci\u00f3n) [&hellip;]<\/p>\n","protected":false},"author":1,"featured_media":0,"comment_status":"closed","ping_status":"closed","sticky":false,"template":"","format":"standard","meta":{"_et_pb_use_builder":"on","_et_pb_old_content":"","_et_gb_content_width":"","footnotes":""},"categories":[217],"tags":[],"class_list":["post-28698","post","type-post","status-publish","format-standard","hentry","category-documentos"],"yoast_head":"<!-- This site is optimized with the Yoast SEO plugin v27.5 - https:\/\/yoast.com\/product\/yoast-seo-wordpress\/ -->\n<title>Marzo de 2009: Carta del Ayuntamiento de Pratdip a la ECU Les Planes del Rei \u2013 Expulsi\u00f3n del representante municipal y consecuencias - La Tribune de Planas<\/title>\n<meta name=\"description\" content=\"En 2009, la ECU de Planas del Rey expuls\u00f3 al concejal \u00d3scar Serrano; el Ayuntamiento se desentendi\u00f3 de sus obligaciones.\" \/>\n<meta name=\"robots\" content=\"index, follow, max-snippet:-1, max-image-preview:large, max-video-preview:-1\" \/>\n<link rel=\"canonical\" href=\"https:\/\/www.latribunedeplanas.com\/es\/marzo-de-2009-carta-del-ayuntamiento-de-pratdip-a-la-ecu-les-planes-del-rei-expulsion-del-representante-municipal-y-consecuencias\/\" \/>\n<meta property=\"og:locale\" content=\"es_ES\" \/>\n<meta property=\"og:type\" content=\"article\" \/>\n<meta property=\"og:title\" content=\"Marzo de 2009: Carta del Ayuntamiento de Pratdip a la ECU Les Planes del Rei \u2013 Expulsi\u00f3n del representante municipal y consecuencias - La Tribune de Planas\" \/>\n<meta property=\"og:description\" content=\"En 2009, la ECU de Planas del Rey expuls\u00f3 al concejal \u00d3scar Serrano; el Ayuntamiento se desentendi\u00f3 de sus obligaciones.\" \/>\n<meta property=\"og:url\" content=\"https:\/\/www.latribunedeplanas.com\/es\/marzo-de-2009-carta-del-ayuntamiento-de-pratdip-a-la-ecu-les-planes-del-rei-expulsion-del-representante-municipal-y-consecuencias\/\" \/>\n<meta property=\"og:site_name\" content=\"La Tribune de Planas\" \/>\n<meta property=\"article:publisher\" content=\"https:\/\/www.facebook.com\/groups\/1220895301376005\/\" \/>\n<meta property=\"article:author\" content=\"https:\/\/www.facebook.com\/Creawebsite-113915200150984\" \/>\n<meta property=\"article:published_time\" content=\"2009-03-01T11:45:41+00:00\" \/>\n<meta property=\"article:modified_time\" content=\"2025-08-24T11:40:30+00:00\" \/>\n<meta name=\"author\" content=\"Jim\" \/>\n<meta name=\"twitter:card\" content=\"summary_large_image\" \/>\n<meta name=\"twitter:label1\" content=\"Escrito por\" \/>\n\t<meta name=\"twitter:data1\" content=\"Jim\" \/>\n\t<meta name=\"twitter:label2\" content=\"Tiempo de lectura\" \/>\n\t<meta name=\"twitter:data2\" content=\"3 minutos\" \/>\n<script type=\"application\/ld+json\" class=\"yoast-schema-graph\">{\"@context\":\"https:\\\/\\\/schema.org\",\"@graph\":[{\"@type\":\"Article\",\"@id\":\"https:\\\/\\\/www.latribunedeplanas.com\\\/es\\\/marzo-de-2009-carta-del-ayuntamiento-de-pratdip-a-la-ecu-les-planes-del-rei-expulsion-del-representante-municipal-y-consecuencias\\\/#article\",\"isPartOf\":{\"@id\":\"https:\\\/\\\/www.latribunedeplanas.com\\\/es\\\/marzo-de-2009-carta-del-ayuntamiento-de-pratdip-a-la-ecu-les-planes-del-rei-expulsion-del-representante-municipal-y-consecuencias\\\/\"},\"author\":{\"name\":\"Jim\",\"@id\":\"https:\\\/\\\/www.latribunedeplanas.com\\\/es\\\/#\\\/schema\\\/person\\\/590a87318688792f18d8e1c983528bc8\"},\"headline\":\"Marzo de 2009: Carta del Ayuntamiento de Pratdip a la ECU Les Planes del Rei \u2013 Expulsi\u00f3n del representante municipal y consecuencias\",\"datePublished\":\"2009-03-01T11:45:41+00:00\",\"dateModified\":\"2025-08-24T11:40:30+00:00\",\"mainEntityOfPage\":{\"@id\":\"https:\\\/\\\/www.latribunedeplanas.com\\\/es\\\/marzo-de-2009-carta-del-ayuntamiento-de-pratdip-a-la-ecu-les-planes-del-rei-expulsion-del-representante-municipal-y-consecuencias\\\/\"},\"wordCount\":810,\"publisher\":{\"@id\":\"https:\\\/\\\/www.latribunedeplanas.com\\\/es\\\/#organization\"},\"articleSection\":[\"Documentos\"],\"inLanguage\":\"es\"},{\"@type\":\"WebPage\",\"@id\":\"https:\\\/\\\/www.latribunedeplanas.com\\\/es\\\/marzo-de-2009-carta-del-ayuntamiento-de-pratdip-a-la-ecu-les-planes-del-rei-expulsion-del-representante-municipal-y-consecuencias\\\/\",\"url\":\"https:\\\/\\\/www.latribunedeplanas.com\\\/es\\\/marzo-de-2009-carta-del-ayuntamiento-de-pratdip-a-la-ecu-les-planes-del-rei-expulsion-del-representante-municipal-y-consecuencias\\\/\",\"name\":\"Marzo de 2009: Carta del Ayuntamiento de Pratdip a la ECU Les Planes del Rei \u2013 Expulsi\u00f3n del representante municipal y consecuencias - La Tribune de Planas\",\"isPartOf\":{\"@id\":\"https:\\\/\\\/www.latribunedeplanas.com\\\/es\\\/#website\"},\"datePublished\":\"2009-03-01T11:45:41+00:00\",\"dateModified\":\"2025-08-24T11:40:30+00:00\",\"description\":\"En 2009, la ECU de Planas del Rey expuls\u00f3 al concejal \u00d3scar Serrano; el Ayuntamiento se desentendi\u00f3 de sus obligaciones.\",\"breadcrumb\":{\"@id\":\"https:\\\/\\\/www.latribunedeplanas.com\\\/es\\\/marzo-de-2009-carta-del-ayuntamiento-de-pratdip-a-la-ecu-les-planes-del-rei-expulsion-del-representante-municipal-y-consecuencias\\\/#breadcrumb\"},\"inLanguage\":\"es\",\"potentialAction\":[{\"@type\":\"ReadAction\",\"target\":[\"https:\\\/\\\/www.latribunedeplanas.com\\\/es\\\/marzo-de-2009-carta-del-ayuntamiento-de-pratdip-a-la-ecu-les-planes-del-rei-expulsion-del-representante-municipal-y-consecuencias\\\/\"]}]},{\"@type\":\"BreadcrumbList\",\"@id\":\"https:\\\/\\\/www.latribunedeplanas.com\\\/es\\\/marzo-de-2009-carta-del-ayuntamiento-de-pratdip-a-la-ecu-les-planes-del-rei-expulsion-del-representante-municipal-y-consecuencias\\\/#breadcrumb\",\"itemListElement\":[{\"@type\":\"ListItem\",\"position\":1,\"name\":\"Accueil\",\"item\":\"https:\\\/\\\/www.latribunedeplanas.com\\\/es\\\/\"},{\"@type\":\"ListItem\",\"position\":2,\"name\":\"Marzo de 2009: Carta del Ayuntamiento de Pratdip a la ECU Les Planes del Rei \u2013 Expulsi\u00f3n del representante municipal y consecuencias\"}]},{\"@type\":\"WebSite\",\"@id\":\"https:\\\/\\\/www.latribunedeplanas.com\\\/es\\\/#website\",\"url\":\"https:\\\/\\\/www.latribunedeplanas.com\\\/es\\\/\",\"name\":\"La Tribune de Planas\",\"description\":\"Les Planes del Rei - Urbanizaci\u00f3n del municipio de Pratdip\",\"publisher\":{\"@id\":\"https:\\\/\\\/www.latribunedeplanas.com\\\/es\\\/#organization\"},\"potentialAction\":[{\"@type\":\"SearchAction\",\"target\":{\"@type\":\"EntryPoint\",\"urlTemplate\":\"https:\\\/\\\/www.latribunedeplanas.com\\\/es\\\/?s={search_term_string}\"},\"query-input\":{\"@type\":\"PropertyValueSpecification\",\"valueRequired\":true,\"valueName\":\"search_term_string\"}}],\"inLanguage\":\"es\"},{\"@type\":\"Organization\",\"@id\":\"https:\\\/\\\/www.latribunedeplanas.com\\\/es\\\/#organization\",\"name\":\"Vecinos de Planes del Rei (SOSPlanes)\",\"url\":\"https:\\\/\\\/www.latribunedeplanas.com\\\/es\\\/\",\"logo\":{\"@type\":\"ImageObject\",\"inLanguage\":\"es\",\"@id\":\"https:\\\/\\\/www.latribunedeplanas.com\\\/es\\\/#\\\/schema\\\/logo\\\/image\\\/\",\"url\":\"https:\\\/\\\/www.latribunedeplanas.com\\\/wp-content\\\/uploads\\\/2021\\\/11\\\/logo-sos-planas-0.png\",\"contentUrl\":\"https:\\\/\\\/www.latribunedeplanas.com\\\/wp-content\\\/uploads\\\/2021\\\/11\\\/logo-sos-planas-0.png\",\"width\":600,\"height\":400,\"caption\":\"Vecinos de Planes del Rei (SOSPlanes)\"},\"image\":{\"@id\":\"https:\\\/\\\/www.latribunedeplanas.com\\\/es\\\/#\\\/schema\\\/logo\\\/image\\\/\"},\"sameAs\":[\"https:\\\/\\\/www.facebook.com\\\/groups\\\/1220895301376005\\\/\",\"https:\\\/\\\/www.instagram.com\\\/lasplanasdelrey\\\/\"]},{\"@type\":\"Person\",\"@id\":\"https:\\\/\\\/www.latribunedeplanas.com\\\/es\\\/#\\\/schema\\\/person\\\/590a87318688792f18d8e1c983528bc8\",\"name\":\"Jim\",\"image\":{\"@type\":\"ImageObject\",\"inLanguage\":\"es\",\"@id\":\"https:\\\/\\\/secure.gravatar.com\\\/avatar\\\/5a89228fd282eb9ee33a60b4ff06f9c31751866f1fb91ca56263af0968354113?s=96&d=mm&r=g\",\"url\":\"https:\\\/\\\/secure.gravatar.com\\\/avatar\\\/5a89228fd282eb9ee33a60b4ff06f9c31751866f1fb91ca56263af0968354113?s=96&d=mm&r=g\",\"contentUrl\":\"https:\\\/\\\/secure.gravatar.com\\\/avatar\\\/5a89228fd282eb9ee33a60b4ff06f9c31751866f1fb91ca56263af0968354113?s=96&d=mm&r=g\",\"caption\":\"Jim\"},\"sameAs\":[\"https:\\\/\\\/www.creawebsite.be\\\/\",\"https:\\\/\\\/www.facebook.com\\\/Creawebsite-113915200150984\",\"https:\\\/\\\/www.instagram.com\\\/creawebsite.be\\\/\",\"https:\\\/\\\/www.linkedin.com\\\/in\\\/jean-marc-delchef\\\/\"]}]}<\/script>\n<!-- \/ Yoast SEO plugin. -->","yoast_head_json":{"title":"Marzo de 2009: Carta del Ayuntamiento de Pratdip a la ECU Les Planes del Rei \u2013 Expulsi\u00f3n del representante municipal y consecuencias - La Tribune de Planas","description":"En 2009, la ECU de Planas del Rey expuls\u00f3 al concejal \u00d3scar Serrano; el Ayuntamiento se desentendi\u00f3 de sus obligaciones.","robots":{"index":"index","follow":"follow","max-snippet":"max-snippet:-1","max-image-preview":"max-image-preview:large","max-video-preview":"max-video-preview:-1"},"canonical":"https:\/\/www.latribunedeplanas.com\/es\/marzo-de-2009-carta-del-ayuntamiento-de-pratdip-a-la-ecu-les-planes-del-rei-expulsion-del-representante-municipal-y-consecuencias\/","og_locale":"es_ES","og_type":"article","og_title":"Marzo de 2009: Carta del Ayuntamiento de Pratdip a la ECU Les Planes del Rei \u2013 Expulsi\u00f3n del representante municipal y consecuencias - La Tribune de Planas","og_description":"En 2009, la ECU de Planas del Rey expuls\u00f3 al concejal \u00d3scar Serrano; el Ayuntamiento se desentendi\u00f3 de sus obligaciones.","og_url":"https:\/\/www.latribunedeplanas.com\/es\/marzo-de-2009-carta-del-ayuntamiento-de-pratdip-a-la-ecu-les-planes-del-rei-expulsion-del-representante-municipal-y-consecuencias\/","og_site_name":"La Tribune de Planas","article_publisher":"https:\/\/www.facebook.com\/groups\/1220895301376005\/","article_author":"https:\/\/www.facebook.com\/Creawebsite-113915200150984","article_published_time":"2009-03-01T11:45:41+00:00","article_modified_time":"2025-08-24T11:40:30+00:00","author":"Jim","twitter_card":"summary_large_image","twitter_misc":{"Escrito por":"Jim","Tiempo de lectura":"3 minutos"},"schema":{"@context":"https:\/\/schema.org","@graph":[{"@type":"Article","@id":"https:\/\/www.latribunedeplanas.com\/es\/marzo-de-2009-carta-del-ayuntamiento-de-pratdip-a-la-ecu-les-planes-del-rei-expulsion-del-representante-municipal-y-consecuencias\/#article","isPartOf":{"@id":"https:\/\/www.latribunedeplanas.com\/es\/marzo-de-2009-carta-del-ayuntamiento-de-pratdip-a-la-ecu-les-planes-del-rei-expulsion-del-representante-municipal-y-consecuencias\/"},"author":{"name":"Jim","@id":"https:\/\/www.latribunedeplanas.com\/es\/#\/schema\/person\/590a87318688792f18d8e1c983528bc8"},"headline":"Marzo de 2009: Carta del Ayuntamiento de Pratdip a la ECU Les Planes del Rei \u2013 Expulsi\u00f3n del representante municipal y consecuencias","datePublished":"2009-03-01T11:45:41+00:00","dateModified":"2025-08-24T11:40:30+00:00","mainEntityOfPage":{"@id":"https:\/\/www.latribunedeplanas.com\/es\/marzo-de-2009-carta-del-ayuntamiento-de-pratdip-a-la-ecu-les-planes-del-rei-expulsion-del-representante-municipal-y-consecuencias\/"},"wordCount":810,"publisher":{"@id":"https:\/\/www.latribunedeplanas.com\/es\/#organization"},"articleSection":["Documentos"],"inLanguage":"es"},{"@type":"WebPage","@id":"https:\/\/www.latribunedeplanas.com\/es\/marzo-de-2009-carta-del-ayuntamiento-de-pratdip-a-la-ecu-les-planes-del-rei-expulsion-del-representante-municipal-y-consecuencias\/","url":"https:\/\/www.latribunedeplanas.com\/es\/marzo-de-2009-carta-del-ayuntamiento-de-pratdip-a-la-ecu-les-planes-del-rei-expulsion-del-representante-municipal-y-consecuencias\/","name":"Marzo de 2009: Carta del Ayuntamiento de Pratdip a la ECU Les Planes del Rei \u2013 Expulsi\u00f3n del representante municipal y consecuencias - La Tribune de Planas","isPartOf":{"@id":"https:\/\/www.latribunedeplanas.com\/es\/#website"},"datePublished":"2009-03-01T11:45:41+00:00","dateModified":"2025-08-24T11:40:30+00:00","description":"En 2009, la ECU de Planas del Rey expuls\u00f3 al concejal \u00d3scar Serrano; el Ayuntamiento se desentendi\u00f3 de sus obligaciones.","breadcrumb":{"@id":"https:\/\/www.latribunedeplanas.com\/es\/marzo-de-2009-carta-del-ayuntamiento-de-pratdip-a-la-ecu-les-planes-del-rei-expulsion-del-representante-municipal-y-consecuencias\/#breadcrumb"},"inLanguage":"es","potentialAction":[{"@type":"ReadAction","target":["https:\/\/www.latribunedeplanas.com\/es\/marzo-de-2009-carta-del-ayuntamiento-de-pratdip-a-la-ecu-les-planes-del-rei-expulsion-del-representante-municipal-y-consecuencias\/"]}]},{"@type":"BreadcrumbList","@id":"https:\/\/www.latribunedeplanas.com\/es\/marzo-de-2009-carta-del-ayuntamiento-de-pratdip-a-la-ecu-les-planes-del-rei-expulsion-del-representante-municipal-y-consecuencias\/#breadcrumb","itemListElement":[{"@type":"ListItem","position":1,"name":"Accueil","item":"https:\/\/www.latribunedeplanas.com\/es\/"},{"@type":"ListItem","position":2,"name":"Marzo de 2009: Carta del Ayuntamiento de Pratdip a la ECU Les Planes del Rei \u2013 Expulsi\u00f3n del representante municipal y consecuencias"}]},{"@type":"WebSite","@id":"https:\/\/www.latribunedeplanas.com\/es\/#website","url":"https:\/\/www.latribunedeplanas.com\/es\/","name":"La Tribune de Planas","description":"Les Planes del Rei - Urbanizaci\u00f3n del municipio de Pratdip","publisher":{"@id":"https:\/\/www.latribunedeplanas.com\/es\/#organization"},"potentialAction":[{"@type":"SearchAction","target":{"@type":"EntryPoint","urlTemplate":"https:\/\/www.latribunedeplanas.com\/es\/?s={search_term_string}"},"query-input":{"@type":"PropertyValueSpecification","valueRequired":true,"valueName":"search_term_string"}}],"inLanguage":"es"},{"@type":"Organization","@id":"https:\/\/www.latribunedeplanas.com\/es\/#organization","name":"Vecinos de Planes del Rei (SOSPlanes)","url":"https:\/\/www.latribunedeplanas.com\/es\/","logo":{"@type":"ImageObject","inLanguage":"es","@id":"https:\/\/www.latribunedeplanas.com\/es\/#\/schema\/logo\/image\/","url":"https:\/\/www.latribunedeplanas.com\/wp-content\/uploads\/2021\/11\/logo-sos-planas-0.png","contentUrl":"https:\/\/www.latribunedeplanas.com\/wp-content\/uploads\/2021\/11\/logo-sos-planas-0.png","width":600,"height":400,"caption":"Vecinos de Planes del Rei (SOSPlanes)"},"image":{"@id":"https:\/\/www.latribunedeplanas.com\/es\/#\/schema\/logo\/image\/"},"sameAs":["https:\/\/www.facebook.com\/groups\/1220895301376005\/","https:\/\/www.instagram.com\/lasplanasdelrey\/"]},{"@type":"Person","@id":"https:\/\/www.latribunedeplanas.com\/es\/#\/schema\/person\/590a87318688792f18d8e1c983528bc8","name":"Jim","image":{"@type":"ImageObject","inLanguage":"es","@id":"https:\/\/secure.gravatar.com\/avatar\/5a89228fd282eb9ee33a60b4ff06f9c31751866f1fb91ca56263af0968354113?s=96&d=mm&r=g","url":"https:\/\/secure.gravatar.com\/avatar\/5a89228fd282eb9ee33a60b4ff06f9c31751866f1fb91ca56263af0968354113?s=96&d=mm&r=g","contentUrl":"https:\/\/secure.gravatar.com\/avatar\/5a89228fd282eb9ee33a60b4ff06f9c31751866f1fb91ca56263af0968354113?s=96&d=mm&r=g","caption":"Jim"},"sameAs":["https:\/\/www.creawebsite.be\/","https:\/\/www.facebook.com\/Creawebsite-113915200150984","https:\/\/www.instagram.com\/creawebsite.be\/","https:\/\/www.linkedin.com\/in\/jean-marc-delchef\/"]}]}},"_links":{"self":[{"href":"https:\/\/www.latribunedeplanas.com\/es\/wp-json\/wp\/v2\/posts\/28698","targetHints":{"allow":["GET"]}}],"collection":[{"href":"https:\/\/www.latribunedeplanas.com\/es\/wp-json\/wp\/v2\/posts"}],"about":[{"href":"https:\/\/www.latribunedeplanas.com\/es\/wp-json\/wp\/v2\/types\/post"}],"author":[{"embeddable":true,"href":"https:\/\/www.latribunedeplanas.com\/es\/wp-json\/wp\/v2\/users\/1"}],"replies":[{"embeddable":true,"href":"https:\/\/www.latribunedeplanas.com\/es\/wp-json\/wp\/v2\/comments?post=28698"}],"version-history":[{"count":2,"href":"https:\/\/www.latribunedeplanas.com\/es\/wp-json\/wp\/v2\/posts\/28698\/revisions"}],"predecessor-version":[{"id":28705,"href":"https:\/\/www.latribunedeplanas.com\/es\/wp-json\/wp\/v2\/posts\/28698\/revisions\/28705"}],"wp:attachment":[{"href":"https:\/\/www.latribunedeplanas.com\/es\/wp-json\/wp\/v2\/media?parent=28698"}],"wp:term":[{"taxonomy":"category","embeddable":true,"href":"https:\/\/www.latribunedeplanas.com\/es\/wp-json\/wp\/v2\/categories?post=28698"},{"taxonomy":"post_tag","embeddable":true,"href":"https:\/\/www.latribunedeplanas.com\/es\/wp-json\/wp\/v2\/tags?post=28698"}],"curies":[{"name":"wp","href":"https:\/\/api.w.org\/{rel}","templated":true}]}}