{"id":28555,"date":"2008-01-25T13:40:03","date_gmt":"2008-01-25T12:40:03","guid":{"rendered":"https:\/\/www.latribunedeplanas.com\/25-janvier-2008-appel-mairie-de-pratdip-perd-en-appel-sentencia-n-75-2008\/"},"modified":"2025-08-23T14:37:23","modified_gmt":"2025-08-23T12:37:23","slug":"25-de-enero-de-2008-el-ayuntamiento-de-pratdip-pierde-en-apelacion-sentencia-n-o-75-2008","status":"publish","type":"post","link":"https:\/\/www.latribunedeplanas.com\/es\/25-de-enero-de-2008-el-ayuntamiento-de-pratdip-pierde-en-apelacion-sentencia-n-o-75-2008\/","title":{"rendered":"25 de enero de 2008 : El Ayuntamiento de Pratdip pierde en apelaci\u00f3n (Sentencia n.\u00ba 75\/2008)"},"content":{"rendered":"<p>[et_pb_section fb_built=\u00bb1&#8243; admin_label=\u00bbSection-Article\u00bb module_class=\u00bbsection-article\u00bb _builder_version=\u00bb4.18.0&#8243; custom_margin=\u00bb0px|0px|0px|0px\u00bb custom_padding=\u00bb0px|0px|0px|0px\u00bb global_colors_info=\u00bb{}\u00bb][et_pb_row use_custom_gutter=\u00bbon\u00bb gutter_width=\u00bb1&#8243; custom_padding_last_edited=\u00bbon|phone\u00bb admin_label=\u00bbLigne-Article\u00bb module_class=\u00bbligne-article et_pb_row_fullwidth\u00bb _builder_version=\u00bb4.27.4&#8243; width=\u00bb100%\u00bb width_tablet=\u00bb100%\u00bb width_phone=\u00bb\u00bb width_last_edited=\u00bbon|desktop\u00bb max_width=\u00bb100%\u00bb max_width_tablet=\u00bb100%\u00bb max_width_phone=\u00bb\u00bb max_width_last_edited=\u00bbon|desktop\u00bb custom_margin=\u00bb0px||0px\u00bb custom_padding=\u00bb20px||0px||false|false\u00bb custom_padding_tablet=\u00bb20px||0px||false|false\u00bb custom_padding_phone=\u00bb15px||||false|false\u00bb make_fullwidth=\u00bbon\u00bb global_colors_info=\u00bb{}\u00bb][et_pb_column type=\u00bb4_4&#8243; _builder_version=\u00bb4.16&#8243; custom_padding=\u00bb|||\u00bb global_colors_info=\u00bb{}\u00bb custom_padding__hover=\u00bb|||\u00bb][et_pb_text admin_label=\u00bbTexte-25 de enero de 2008 : El Ayuntamiento de Pratdip pierde en apelaci\u00f3n (Sentencia n.\u00ba 75\/2008)\u00bb module_class=\u00bbtxt-article\u00bb _builder_version=\u00bb4.27.4&#8243; text_font=\u00bb|300|||||||\u00bb header_font=\u00bb||||||||\u00bb header_2_line_height=\u00bb1.2em\u00bb header_3_font=\u00bb||||||||\u00bb header_3_line_height=\u00bb1.3em\u00bb header_4_text_align=\u00bbcenter\u00bb custom_padding=\u00bb||||false|false\u00bb hover_enabled=\u00bb0&#8243; text_line_height_tablet=\u00bb\u00bb text_line_height_phone=\u00bb1.3em\u00bb text_line_height_last_edited=\u00bbon|desktop\u00bb header_2_font_size_tablet=\u00bb\u00bb header_2_font_size_phone=\u00bb\u00bb header_2_font_size_last_edited=\u00bbon|phone\u00bb header_3_font_size_tablet=\u00bb\u00bb header_3_font_size_phone=\u00bb23px\u00bb header_3_font_size_last_edited=\u00bbon|desktop\u00bb global_colors_info=\u00bb{}\u00bb sticky_enabled=\u00bb0&#8243;]<\/p>\n<p>Sentencia de apelaci\u00f3n (procedimiento <span class=\"accentue\">75\/2008<\/span>) dictada el <span class=\"accentue\">25 de enero de 2008<\/span>, relativa al contencioso de la urbanizaci\u00f3n <span class=\"accentue\">Planas del Rey (Planes del Rei)<\/span>. La apelaci\u00f3n fue interpuesta por el <span class=\"accentue\">Ayuntamiento de Pratdip<\/span> contra las decisiones de <span class=\"accentue\">ejecuci\u00f3n<\/span> de la <span class=\"accentue\">sentencia de 23\/11\/1993<\/span> (auto de <span class=\"accentue\">29\/10\/2001<\/span>). El <span class=\"accentue\">Ayuntamiento de Pratdip<\/span> resulta <span class=\"accentue\">desestimado en apelaci\u00f3n<\/span> y condenado en costas.<\/p>\n<hr style=\"margin-bottom: 30px;\" \/>\n<h2>1) Naturaleza del documento<\/h2>\n<ul>\n<li><span class=\"accentue\">Sentencia de apelaci\u00f3n<\/span> dictada el <span class=\"accentue\">25\/01\/2008<\/span>, n.\u00ba <span class=\"accentue\">75\/2008<\/span>.<\/li>\n<li>Referida a la <span class=\"accentue\">ejecuci\u00f3n<\/span> de la sentencia de <span class=\"accentue\">23\/11\/1993<\/span>, confirmada por el <span class=\"accentue\">auto de 29\/10\/2001<\/span>.<\/li>\n<li>Contexto: regularizaci\u00f3n y <span class=\"accentue\">cesiones obligatorias<\/span> (viales, zonas verdes, equipamientos) de <span class=\"accentue\">Planas del Rey (Planes del Rei)<\/span>.<\/li>\n<\/ul>\n<h2>2) Partes y procedimiento<\/h2>\n<ul>\n<li><span class=\"accentue\">Recurrente (apelante)<\/span> : <span class=\"accentue\">Ayuntamiento de Pratdip<\/span>.<\/li>\n<li><span class=\"accentue\">Parte recurrida<\/span> : <span class=\"accentue\">ECU Les Planes del Rei<\/span>.<\/li>\n<li><span class=\"accentue\">Objeto<\/span> : impugnaci\u00f3n de las decisiones de <span class=\"accentue\">ejecuci\u00f3n<\/span> de la sentencia de 1993 acordadas en 2001.<\/li>\n<\/ul>\n<h2>3) Pretensiones en apelaci\u00f3n (s\u00edntesis)<\/h2>\n<ul>\n<li>El Ayuntamiento solicitaba la <span class=\"accentue\">infirmaci\u00f3n<\/span> (revocaci\u00f3n) de las decisiones de ejecuci\u00f3n y la revisi\u00f3n de sus <span class=\"accentue\">efectos<\/span>.<\/li>\n<li>La <span class=\"accentue\">ECU<\/span> ped\u00eda la <span class=\"accentue\">confirmaci\u00f3n<\/span> de la ejecuci\u00f3n y el mantenimiento de las obligaciones correlativas.<\/li>\n<\/ul>\n<h2>4) Decisi\u00f3n (Fallo \u2013 <em>FALLAMOS<\/em>)<\/h2>\n<blockquote>\n<ul style=\"padding-bottom:5px;\">\n<li><span class=\"accentue\">Desestimaci\u00f3n del recurso<\/span> : el Ayuntamiento de Pratdip queda <span class=\"accentue\">desestimado<\/span>.<\/li>\n<li><span class=\"accentue\">Confirmaci\u00f3n<\/span> de la resoluci\u00f3n impugnada relativa a la <span class=\"accentue\">ejecuci\u00f3n<\/span> (2001) de la sentencia (1993).<\/li>\n<li><span class=\"accentue\">Condena en costas<\/span> a la parte apelante (Ayuntamiento).<\/li>\n<\/ul>\n<p style=\"margin:0;\">(Formulaciones coherentes con el fallo de la sentencia de 25\/01\/2008.)<\/p>\n<\/blockquote>\n<h2>5) Alcance jur\u00eddico y efectos<\/h2>\n<ul>\n<li>Validez de la <span class=\"accentue\">ejecuci\u00f3n<\/span> de 2001: la obligaci\u00f3n de <span class=\"accentue\">cesi\u00f3n de los bienes comunes<\/span> y la regularizaci\u00f3n permanecen <span class=\"accentue\">plenamente vigentes<\/span>.<\/li>\n<li>Los intentos del Ayuntamiento de cuestionarlas quedan <span class=\"accentue\">rechazados<\/span> por la jurisdicci\u00f3n de apelaci\u00f3n.<\/li>\n<li>Refuerzo del expediente a favor de los <span class=\"accentue\">propietarios<\/span> y de la <span class=\"accentue\">ECU<\/span> para obtener la <span class=\"accentue\">recepci\u00f3n oficial<\/span> de la urbanizaci\u00f3n.<\/li>\n<\/ul>\n<h2>6) Cronolog\u00eda \u00fatil (hitos)<\/h2>\n<ul>\n<li><span class=\"accentue\">23\/11\/1993<\/span> : sentencia de Falset sobre las cesiones obligatorias.<\/li>\n<li><span class=\"accentue\">29\/10\/2001<\/span> : auto de <span class=\"accentue\">ejecuci\u00f3n<\/span> de la sentencia de 1993.<\/li>\n<li><span class=\"accentue\">25\/01\/2008<\/span> : <span class=\"accentue\">recurso desestimado<\/span>, confirmaci\u00f3n de la ejecuci\u00f3n y costas a cargo del Ayuntamiento.<\/li>\n<\/ul>\n<h2>7) Puntos clave a recordar<\/h2>\n<ul>\n<li><span class=\"accentue\">El Ayuntamiento de Pratdip pierde en apelaci\u00f3n<\/span> : la v\u00eda contenciosa no suspende ni anula las obligaciones derivadas de 1993\/2001.<\/li>\n<li>Se refuerza la seguridad jur\u00eddica de las <span class=\"accentue\">cesiones<\/span> y de la <span class=\"accentue\">recepci\u00f3n<\/span> de la urbanizaci\u00f3n.<\/li>\n<\/ul>\n<hr style=\"margin-bottom: 30px;\" \/>\n<h3 class=\"underline\">Documento<\/h3>\n<p style=\"padding-top: 30px;\"><a href=\"https:\/\/www.latribunedeplanas.com\/wp-content\/uploads\/2025\/08\/2008-01-25-appel-jugement-75-008.pdf\" class=\"pdfemb-viewer\" style=\"\" data-width=\"max\" data-height=\"max\" data-mobile-width=\"0\"  data-scrollbar=\"none\" data-download=\"on\" data-tracking=\"on\" data-newwindow=\"on\" data-pagetextbox=\"off\" data-scrolltotop=\"off\" data-startzoom=\"100\" data-startfpzoom=\"100\" data-toolbar=\"top\" data-toolbar-fixed=\"off\">2008-01-25-appel-jugement-75-008<br\/><\/a><\/p>\n<p>[\/et_pb_text][\/et_pb_column][\/et_pb_row][\/et_pb_section]<\/p>\n","protected":false},"excerpt":{"rendered":"<p>Sentencia de apelaci\u00f3n (procedimiento 75\/2008) dictada el 25 de enero de 2008, relativa al contencioso de la urbanizaci\u00f3n Planas del Rey (Planes del Rei). La apelaci\u00f3n fue interpuesta por el Ayuntamiento de Pratdip contra las decisiones de ejecuci\u00f3n de la sentencia de 23\/11\/1993 (auto de 29\/10\/2001). El Ayuntamiento de Pratdip resulta desestimado en apelaci\u00f3n y [&hellip;]<\/p>\n","protected":false},"author":1,"featured_media":0,"comment_status":"closed","ping_status":"closed","sticky":false,"template":"","format":"standard","meta":{"_et_pb_use_builder":"on","_et_pb_old_content":"","_et_gb_content_width":"","footnotes":""},"categories":[217],"tags":[],"class_list":["post-28555","post","type-post","status-publish","format-standard","hentry","category-documentos"],"yoast_head":"<!-- This site is optimized with the Yoast SEO plugin v27.5 - https:\/\/yoast.com\/product\/yoast-seo-wordpress\/ -->\n<title>25 de enero de 2008 : El Ayuntamiento de Pratdip pierde en apelaci\u00f3n (Sentencia n.\u00ba 75\/2008) - La Tribune de Planas<\/title>\n<meta name=\"description\" content=\"El 25\/01\/2008, el Ayuntamiento de Pratdip pierde en apelaci\u00f3n: confirmada la ejecuci\u00f3n de la sentencia de 1993 sobre Planas del Rey.\" \/>\n<meta name=\"robots\" content=\"index, follow, max-snippet:-1, max-image-preview:large, max-video-preview:-1\" \/>\n<link rel=\"canonical\" href=\"https:\/\/www.latribunedeplanas.com\/es\/25-de-enero-de-2008-el-ayuntamiento-de-pratdip-pierde-en-apelacion-sentencia-n-o-75-2008\/\" \/>\n<meta property=\"og:locale\" content=\"es_ES\" \/>\n<meta property=\"og:type\" content=\"article\" \/>\n<meta property=\"og:title\" content=\"25 de enero de 2008 : El Ayuntamiento de Pratdip pierde en apelaci\u00f3n (Sentencia n.\u00ba 75\/2008) - La Tribune de Planas\" \/>\n<meta property=\"og:description\" content=\"El 25\/01\/2008, el Ayuntamiento de Pratdip pierde en apelaci\u00f3n: confirmada la ejecuci\u00f3n de la sentencia de 1993 sobre Planas del Rey.\" \/>\n<meta property=\"og:url\" content=\"https:\/\/www.latribunedeplanas.com\/es\/25-de-enero-de-2008-el-ayuntamiento-de-pratdip-pierde-en-apelacion-sentencia-n-o-75-2008\/\" \/>\n<meta property=\"og:site_name\" content=\"La Tribune de Planas\" \/>\n<meta property=\"article:publisher\" content=\"https:\/\/www.facebook.com\/groups\/1220895301376005\/\" \/>\n<meta property=\"article:author\" content=\"https:\/\/www.facebook.com\/Creawebsite-113915200150984\" \/>\n<meta property=\"article:published_time\" content=\"2008-01-25T12:40:03+00:00\" \/>\n<meta property=\"article:modified_time\" content=\"2025-08-23T12:37:23+00:00\" \/>\n<meta name=\"author\" content=\"Jim\" \/>\n<meta name=\"twitter:card\" content=\"summary_large_image\" \/>\n<meta name=\"twitter:label1\" content=\"Escrito por\" \/>\n\t<meta name=\"twitter:data1\" content=\"Jim\" \/>\n\t<meta name=\"twitter:label2\" content=\"Tiempo de lectura\" \/>\n\t<meta name=\"twitter:data2\" content=\"2 minutos\" \/>\n<script type=\"application\/ld+json\" class=\"yoast-schema-graph\">{\"@context\":\"https:\\\/\\\/schema.org\",\"@graph\":[{\"@type\":\"Article\",\"@id\":\"https:\\\/\\\/www.latribunedeplanas.com\\\/es\\\/25-de-enero-de-2008-el-ayuntamiento-de-pratdip-pierde-en-apelacion-sentencia-n-o-75-2008\\\/#article\",\"isPartOf\":{\"@id\":\"https:\\\/\\\/www.latribunedeplanas.com\\\/es\\\/25-de-enero-de-2008-el-ayuntamiento-de-pratdip-pierde-en-apelacion-sentencia-n-o-75-2008\\\/\"},\"author\":{\"name\":\"Jim\",\"@id\":\"https:\\\/\\\/www.latribunedeplanas.com\\\/es\\\/#\\\/schema\\\/person\\\/590a87318688792f18d8e1c983528bc8\"},\"headline\":\"25 de enero de 2008 : El Ayuntamiento de Pratdip pierde en apelaci\u00f3n (Sentencia n.\u00ba 75\\\/2008)\",\"datePublished\":\"2008-01-25T12:40:03+00:00\",\"dateModified\":\"2025-08-23T12:37:23+00:00\",\"mainEntityOfPage\":{\"@id\":\"https:\\\/\\\/www.latribunedeplanas.com\\\/es\\\/25-de-enero-de-2008-el-ayuntamiento-de-pratdip-pierde-en-apelacion-sentencia-n-o-75-2008\\\/\"},\"wordCount\":621,\"publisher\":{\"@id\":\"https:\\\/\\\/www.latribunedeplanas.com\\\/es\\\/#organization\"},\"articleSection\":[\"Documentos\"],\"inLanguage\":\"es\"},{\"@type\":\"WebPage\",\"@id\":\"https:\\\/\\\/www.latribunedeplanas.com\\\/es\\\/25-de-enero-de-2008-el-ayuntamiento-de-pratdip-pierde-en-apelacion-sentencia-n-o-75-2008\\\/\",\"url\":\"https:\\\/\\\/www.latribunedeplanas.com\\\/es\\\/25-de-enero-de-2008-el-ayuntamiento-de-pratdip-pierde-en-apelacion-sentencia-n-o-75-2008\\\/\",\"name\":\"25 de enero de 2008 : El Ayuntamiento de Pratdip pierde en apelaci\u00f3n (Sentencia n.\u00ba 75\\\/2008) - La Tribune de Planas\",\"isPartOf\":{\"@id\":\"https:\\\/\\\/www.latribunedeplanas.com\\\/es\\\/#website\"},\"datePublished\":\"2008-01-25T12:40:03+00:00\",\"dateModified\":\"2025-08-23T12:37:23+00:00\",\"description\":\"El 25\\\/01\\\/2008, el Ayuntamiento de Pratdip pierde en apelaci\u00f3n: confirmada la ejecuci\u00f3n de la sentencia de 1993 sobre Planas del Rey.\",\"breadcrumb\":{\"@id\":\"https:\\\/\\\/www.latribunedeplanas.com\\\/es\\\/25-de-enero-de-2008-el-ayuntamiento-de-pratdip-pierde-en-apelacion-sentencia-n-o-75-2008\\\/#breadcrumb\"},\"inLanguage\":\"es\",\"potentialAction\":[{\"@type\":\"ReadAction\",\"target\":[\"https:\\\/\\\/www.latribunedeplanas.com\\\/es\\\/25-de-enero-de-2008-el-ayuntamiento-de-pratdip-pierde-en-apelacion-sentencia-n-o-75-2008\\\/\"]}]},{\"@type\":\"BreadcrumbList\",\"@id\":\"https:\\\/\\\/www.latribunedeplanas.com\\\/es\\\/25-de-enero-de-2008-el-ayuntamiento-de-pratdip-pierde-en-apelacion-sentencia-n-o-75-2008\\\/#breadcrumb\",\"itemListElement\":[{\"@type\":\"ListItem\",\"position\":1,\"name\":\"Accueil\",\"item\":\"https:\\\/\\\/www.latribunedeplanas.com\\\/es\\\/\"},{\"@type\":\"ListItem\",\"position\":2,\"name\":\"25 de enero de 2008 : El Ayuntamiento de Pratdip pierde en apelaci\u00f3n (Sentencia n.\u00ba 75\\\/2008)\"}]},{\"@type\":\"WebSite\",\"@id\":\"https:\\\/\\\/www.latribunedeplanas.com\\\/es\\\/#website\",\"url\":\"https:\\\/\\\/www.latribunedeplanas.com\\\/es\\\/\",\"name\":\"La Tribune de Planas\",\"description\":\"Les Planes del Rei - Urbanizaci\u00f3n del municipio de Pratdip\",\"publisher\":{\"@id\":\"https:\\\/\\\/www.latribunedeplanas.com\\\/es\\\/#organization\"},\"potentialAction\":[{\"@type\":\"SearchAction\",\"target\":{\"@type\":\"EntryPoint\",\"urlTemplate\":\"https:\\\/\\\/www.latribunedeplanas.com\\\/es\\\/?s={search_term_string}\"},\"query-input\":{\"@type\":\"PropertyValueSpecification\",\"valueRequired\":true,\"valueName\":\"search_term_string\"}}],\"inLanguage\":\"es\"},{\"@type\":\"Organization\",\"@id\":\"https:\\\/\\\/www.latribunedeplanas.com\\\/es\\\/#organization\",\"name\":\"Vecinos de Planes del Rei (SOSPlanes)\",\"url\":\"https:\\\/\\\/www.latribunedeplanas.com\\\/es\\\/\",\"logo\":{\"@type\":\"ImageObject\",\"inLanguage\":\"es\",\"@id\":\"https:\\\/\\\/www.latribunedeplanas.com\\\/es\\\/#\\\/schema\\\/logo\\\/image\\\/\",\"url\":\"https:\\\/\\\/www.latribunedeplanas.com\\\/wp-content\\\/uploads\\\/2021\\\/11\\\/logo-sos-planas-0.png\",\"contentUrl\":\"https:\\\/\\\/www.latribunedeplanas.com\\\/wp-content\\\/uploads\\\/2021\\\/11\\\/logo-sos-planas-0.png\",\"width\":600,\"height\":400,\"caption\":\"Vecinos de Planes del Rei (SOSPlanes)\"},\"image\":{\"@id\":\"https:\\\/\\\/www.latribunedeplanas.com\\\/es\\\/#\\\/schema\\\/logo\\\/image\\\/\"},\"sameAs\":[\"https:\\\/\\\/www.facebook.com\\\/groups\\\/1220895301376005\\\/\",\"https:\\\/\\\/www.instagram.com\\\/lasplanasdelrey\\\/\"]},{\"@type\":\"Person\",\"@id\":\"https:\\\/\\\/www.latribunedeplanas.com\\\/es\\\/#\\\/schema\\\/person\\\/590a87318688792f18d8e1c983528bc8\",\"name\":\"Jim\",\"image\":{\"@type\":\"ImageObject\",\"inLanguage\":\"es\",\"@id\":\"https:\\\/\\\/secure.gravatar.com\\\/avatar\\\/5a89228fd282eb9ee33a60b4ff06f9c31751866f1fb91ca56263af0968354113?s=96&d=mm&r=g\",\"url\":\"https:\\\/\\\/secure.gravatar.com\\\/avatar\\\/5a89228fd282eb9ee33a60b4ff06f9c31751866f1fb91ca56263af0968354113?s=96&d=mm&r=g\",\"contentUrl\":\"https:\\\/\\\/secure.gravatar.com\\\/avatar\\\/5a89228fd282eb9ee33a60b4ff06f9c31751866f1fb91ca56263af0968354113?s=96&d=mm&r=g\",\"caption\":\"Jim\"},\"sameAs\":[\"https:\\\/\\\/www.creawebsite.be\\\/\",\"https:\\\/\\\/www.facebook.com\\\/Creawebsite-113915200150984\",\"https:\\\/\\\/www.instagram.com\\\/creawebsite.be\\\/\",\"https:\\\/\\\/www.linkedin.com\\\/in\\\/jean-marc-delchef\\\/\"]}]}<\/script>\n<!-- \/ Yoast SEO plugin. -->","yoast_head_json":{"title":"25 de enero de 2008 : El Ayuntamiento de Pratdip pierde en apelaci\u00f3n (Sentencia n.\u00ba 75\/2008) - La Tribune de Planas","description":"El 25\/01\/2008, el Ayuntamiento de Pratdip pierde en apelaci\u00f3n: confirmada la ejecuci\u00f3n de la sentencia de 1993 sobre Planas del Rey.","robots":{"index":"index","follow":"follow","max-snippet":"max-snippet:-1","max-image-preview":"max-image-preview:large","max-video-preview":"max-video-preview:-1"},"canonical":"https:\/\/www.latribunedeplanas.com\/es\/25-de-enero-de-2008-el-ayuntamiento-de-pratdip-pierde-en-apelacion-sentencia-n-o-75-2008\/","og_locale":"es_ES","og_type":"article","og_title":"25 de enero de 2008 : El Ayuntamiento de Pratdip pierde en apelaci\u00f3n (Sentencia n.\u00ba 75\/2008) - La Tribune de Planas","og_description":"El 25\/01\/2008, el Ayuntamiento de Pratdip pierde en apelaci\u00f3n: confirmada la ejecuci\u00f3n de la sentencia de 1993 sobre Planas del Rey.","og_url":"https:\/\/www.latribunedeplanas.com\/es\/25-de-enero-de-2008-el-ayuntamiento-de-pratdip-pierde-en-apelacion-sentencia-n-o-75-2008\/","og_site_name":"La Tribune de Planas","article_publisher":"https:\/\/www.facebook.com\/groups\/1220895301376005\/","article_author":"https:\/\/www.facebook.com\/Creawebsite-113915200150984","article_published_time":"2008-01-25T12:40:03+00:00","article_modified_time":"2025-08-23T12:37:23+00:00","author":"Jim","twitter_card":"summary_large_image","twitter_misc":{"Escrito por":"Jim","Tiempo de lectura":"2 minutos"},"schema":{"@context":"https:\/\/schema.org","@graph":[{"@type":"Article","@id":"https:\/\/www.latribunedeplanas.com\/es\/25-de-enero-de-2008-el-ayuntamiento-de-pratdip-pierde-en-apelacion-sentencia-n-o-75-2008\/#article","isPartOf":{"@id":"https:\/\/www.latribunedeplanas.com\/es\/25-de-enero-de-2008-el-ayuntamiento-de-pratdip-pierde-en-apelacion-sentencia-n-o-75-2008\/"},"author":{"name":"Jim","@id":"https:\/\/www.latribunedeplanas.com\/es\/#\/schema\/person\/590a87318688792f18d8e1c983528bc8"},"headline":"25 de enero de 2008 : El Ayuntamiento de Pratdip pierde en apelaci\u00f3n (Sentencia n.\u00ba 75\/2008)","datePublished":"2008-01-25T12:40:03+00:00","dateModified":"2025-08-23T12:37:23+00:00","mainEntityOfPage":{"@id":"https:\/\/www.latribunedeplanas.com\/es\/25-de-enero-de-2008-el-ayuntamiento-de-pratdip-pierde-en-apelacion-sentencia-n-o-75-2008\/"},"wordCount":621,"publisher":{"@id":"https:\/\/www.latribunedeplanas.com\/es\/#organization"},"articleSection":["Documentos"],"inLanguage":"es"},{"@type":"WebPage","@id":"https:\/\/www.latribunedeplanas.com\/es\/25-de-enero-de-2008-el-ayuntamiento-de-pratdip-pierde-en-apelacion-sentencia-n-o-75-2008\/","url":"https:\/\/www.latribunedeplanas.com\/es\/25-de-enero-de-2008-el-ayuntamiento-de-pratdip-pierde-en-apelacion-sentencia-n-o-75-2008\/","name":"25 de enero de 2008 : El Ayuntamiento de Pratdip pierde en apelaci\u00f3n (Sentencia n.\u00ba 75\/2008) - La Tribune de Planas","isPartOf":{"@id":"https:\/\/www.latribunedeplanas.com\/es\/#website"},"datePublished":"2008-01-25T12:40:03+00:00","dateModified":"2025-08-23T12:37:23+00:00","description":"El 25\/01\/2008, el Ayuntamiento de Pratdip pierde en apelaci\u00f3n: confirmada la ejecuci\u00f3n de la sentencia de 1993 sobre Planas del Rey.","breadcrumb":{"@id":"https:\/\/www.latribunedeplanas.com\/es\/25-de-enero-de-2008-el-ayuntamiento-de-pratdip-pierde-en-apelacion-sentencia-n-o-75-2008\/#breadcrumb"},"inLanguage":"es","potentialAction":[{"@type":"ReadAction","target":["https:\/\/www.latribunedeplanas.com\/es\/25-de-enero-de-2008-el-ayuntamiento-de-pratdip-pierde-en-apelacion-sentencia-n-o-75-2008\/"]}]},{"@type":"BreadcrumbList","@id":"https:\/\/www.latribunedeplanas.com\/es\/25-de-enero-de-2008-el-ayuntamiento-de-pratdip-pierde-en-apelacion-sentencia-n-o-75-2008\/#breadcrumb","itemListElement":[{"@type":"ListItem","position":1,"name":"Accueil","item":"https:\/\/www.latribunedeplanas.com\/es\/"},{"@type":"ListItem","position":2,"name":"25 de enero de 2008 : El Ayuntamiento de Pratdip pierde en apelaci\u00f3n (Sentencia n.\u00ba 75\/2008)"}]},{"@type":"WebSite","@id":"https:\/\/www.latribunedeplanas.com\/es\/#website","url":"https:\/\/www.latribunedeplanas.com\/es\/","name":"La Tribune de Planas","description":"Les Planes del Rei - Urbanizaci\u00f3n del municipio de Pratdip","publisher":{"@id":"https:\/\/www.latribunedeplanas.com\/es\/#organization"},"potentialAction":[{"@type":"SearchAction","target":{"@type":"EntryPoint","urlTemplate":"https:\/\/www.latribunedeplanas.com\/es\/?s={search_term_string}"},"query-input":{"@type":"PropertyValueSpecification","valueRequired":true,"valueName":"search_term_string"}}],"inLanguage":"es"},{"@type":"Organization","@id":"https:\/\/www.latribunedeplanas.com\/es\/#organization","name":"Vecinos de Planes del Rei (SOSPlanes)","url":"https:\/\/www.latribunedeplanas.com\/es\/","logo":{"@type":"ImageObject","inLanguage":"es","@id":"https:\/\/www.latribunedeplanas.com\/es\/#\/schema\/logo\/image\/","url":"https:\/\/www.latribunedeplanas.com\/wp-content\/uploads\/2021\/11\/logo-sos-planas-0.png","contentUrl":"https:\/\/www.latribunedeplanas.com\/wp-content\/uploads\/2021\/11\/logo-sos-planas-0.png","width":600,"height":400,"caption":"Vecinos de Planes del Rei (SOSPlanes)"},"image":{"@id":"https:\/\/www.latribunedeplanas.com\/es\/#\/schema\/logo\/image\/"},"sameAs":["https:\/\/www.facebook.com\/groups\/1220895301376005\/","https:\/\/www.instagram.com\/lasplanasdelrey\/"]},{"@type":"Person","@id":"https:\/\/www.latribunedeplanas.com\/es\/#\/schema\/person\/590a87318688792f18d8e1c983528bc8","name":"Jim","image":{"@type":"ImageObject","inLanguage":"es","@id":"https:\/\/secure.gravatar.com\/avatar\/5a89228fd282eb9ee33a60b4ff06f9c31751866f1fb91ca56263af0968354113?s=96&d=mm&r=g","url":"https:\/\/secure.gravatar.com\/avatar\/5a89228fd282eb9ee33a60b4ff06f9c31751866f1fb91ca56263af0968354113?s=96&d=mm&r=g","contentUrl":"https:\/\/secure.gravatar.com\/avatar\/5a89228fd282eb9ee33a60b4ff06f9c31751866f1fb91ca56263af0968354113?s=96&d=mm&r=g","caption":"Jim"},"sameAs":["https:\/\/www.creawebsite.be\/","https:\/\/www.facebook.com\/Creawebsite-113915200150984","https:\/\/www.instagram.com\/creawebsite.be\/","https:\/\/www.linkedin.com\/in\/jean-marc-delchef\/"]}]}},"_links":{"self":[{"href":"https:\/\/www.latribunedeplanas.com\/es\/wp-json\/wp\/v2\/posts\/28555","targetHints":{"allow":["GET"]}}],"collection":[{"href":"https:\/\/www.latribunedeplanas.com\/es\/wp-json\/wp\/v2\/posts"}],"about":[{"href":"https:\/\/www.latribunedeplanas.com\/es\/wp-json\/wp\/v2\/types\/post"}],"author":[{"embeddable":true,"href":"https:\/\/www.latribunedeplanas.com\/es\/wp-json\/wp\/v2\/users\/1"}],"replies":[{"embeddable":true,"href":"https:\/\/www.latribunedeplanas.com\/es\/wp-json\/wp\/v2\/comments?post=28555"}],"version-history":[{"count":4,"href":"https:\/\/www.latribunedeplanas.com\/es\/wp-json\/wp\/v2\/posts\/28555\/revisions"}],"predecessor-version":[{"id":28575,"href":"https:\/\/www.latribunedeplanas.com\/es\/wp-json\/wp\/v2\/posts\/28555\/revisions\/28575"}],"wp:attachment":[{"href":"https:\/\/www.latribunedeplanas.com\/es\/wp-json\/wp\/v2\/media?parent=28555"}],"wp:term":[{"taxonomy":"category","embeddable":true,"href":"https:\/\/www.latribunedeplanas.com\/es\/wp-json\/wp\/v2\/categories?post=28555"},{"taxonomy":"post_tag","embeddable":true,"href":"https:\/\/www.latribunedeplanas.com\/es\/wp-json\/wp\/v2\/tags?post=28555"}],"curies":[{"name":"wp","href":"https:\/\/api.w.org\/{rel}","templated":true}]}}