{"id":28528,"date":"2007-08-01T12:39:25","date_gmt":"2007-08-01T10:39:25","guid":{"rendered":"https:\/\/www.latribunedeplanas.com\/2007-proposition-daccord-au-pleno-convenio-urbanistico-de-colaboracion-pour-la-reurbanisation-de-planas-del-rey\/"},"modified":"2025-08-23T12:51:36","modified_gmt":"2025-08-23T10:51:36","slug":"2007-propuesta-de-acuerdo-al-pleno-convenio-urbanistico-de-colaboracion-para-la-reurbanizacion-de-planas-del-rey","status":"publish","type":"post","link":"https:\/\/www.latribunedeplanas.com\/es\/2007-propuesta-de-acuerdo-al-pleno-convenio-urbanistico-de-colaboracion-para-la-reurbanizacion-de-planas-del-rey\/","title":{"rendered":"2007 : Propuesta de acuerdo al Pleno &#8211; Convenio urban\u00edstico de colaboraci\u00f3n para la reurbanizaci\u00f3n de Planas del Rey"},"content":{"rendered":"<p>[et_pb_section fb_built=\u00bb1&#8243; admin_label=\u00bbSection-Article\u00bb module_class=\u00bbsection-article\u00bb _builder_version=\u00bb4.18.0&#8243; custom_margin=\u00bb0px|0px|0px|0px\u00bb custom_padding=\u00bb0px|0px|0px|0px\u00bb global_colors_info=\u00bb{}\u00bb][et_pb_row use_custom_gutter=\u00bbon\u00bb gutter_width=\u00bb1&#8243; custom_padding_last_edited=\u00bbon|phone\u00bb admin_label=\u00bbLigne-Article\u00bb module_class=\u00bbligne-article et_pb_row_fullwidth\u00bb _builder_version=\u00bb4.27.4&#8243; width=\u00bb100%\u00bb width_tablet=\u00bb100%\u00bb width_phone=\u00bb\u00bb width_last_edited=\u00bbon|desktop\u00bb max_width=\u00bb100%\u00bb max_width_tablet=\u00bb100%\u00bb max_width_phone=\u00bb\u00bb max_width_last_edited=\u00bbon|desktop\u00bb custom_margin=\u00bb0px||0px\u00bb custom_padding=\u00bb20px||0px||false|false\u00bb custom_padding_tablet=\u00bb20px||0px||false|false\u00bb custom_padding_phone=\u00bb15px||||false|false\u00bb make_fullwidth=\u00bbon\u00bb global_colors_info=\u00bb{}\u00bb][et_pb_column type=\u00bb4_4&#8243; _builder_version=\u00bb4.16&#8243; custom_padding=\u00bb|||\u00bb global_colors_info=\u00bb{}\u00bb custom_padding__hover=\u00bb|||\u00bb][et_pb_text admin_label=\u00bbTexte-2007 : Propuesta de acuerdo al Pleno &#8211; Convenio urban\u00edstico de colaboraci\u00f3n para la reurbanizaci\u00f3n de Planas del Rey\u00bb module_class=\u00bbtxt-article\u00bb _builder_version=\u00bb4.27.4&#8243; text_font=\u00bb|300|||||||\u00bb header_font=\u00bb||||||||\u00bb header_2_line_height=\u00bb1.2em\u00bb header_3_font=\u00bb||||||||\u00bb header_3_line_height=\u00bb1.3em\u00bb header_4_text_align=\u00bbcenter\u00bb custom_padding=\u00bb||||false|false\u00bb hover_enabled=\u00bb0&#8243; text_line_height_tablet=\u00bb\u00bb text_line_height_phone=\u00bb1.3em\u00bb text_line_height_last_edited=\u00bbon|desktop\u00bb header_2_font_size_tablet=\u00bb\u00bb header_2_font_size_phone=\u00bb\u00bb header_2_font_size_last_edited=\u00bbon|phone\u00bb header_3_font_size_tablet=\u00bb\u00bb header_3_font_size_phone=\u00bb23px\u00bb header_3_font_size_last_edited=\u00bbon|desktop\u00bb global_colors_info=\u00bb{}\u00bb sticky_enabled=\u00bb0&#8243;]<\/p>\n<p>Proyecto de <span class=\"accentue\">convenio urban\u00edstico de colaboraci\u00f3n<\/span> entre el <span class=\"accentue\">Ayuntamiento de Pratdip<\/span> y la <span class=\"accentue\">ECU de Planes del Rei<\/span> (Entidad Colaboradora Urban\u00edstica), destinado a regular la <span class=\"accentue\">reurbanizaci\u00f3n<\/span> de la urbanizaci\u00f3n para permitir su <span class=\"accentue\">recepci\u00f3n oficial<\/span> por parte del Ayuntamiento y, posteriormente, la <span class=\"accentue\">disoluci\u00f3n de la ECU<\/span>.<\/p>\n<hr style=\"margin-bottom: 30px;\" \/>\n<h2>1) Naturaleza del documento<\/h2>\n<ul>\n<li><span class=\"accentue\">Propuesta de Acuerdo al Pleno (2007)<\/span>: propuesta de deliberaci\u00f3n sometida al pleno municipal.<\/li>\n<li>Anexo principal: <span class=\"accentue\">proyecto de convenio<\/span> (convenio) que fija procedimientos, responsabilidades y financiaci\u00f3n.<\/li>\n<li>Marco jur\u00eddico: <span class=\"accentue\">Text Ref\u00f2s de la Llei d\u2019Urbanisme (DL 1\/2005)<\/span> y <span class=\"accentue\">Ley de Contratos de las Administraciones P\u00fablicas<\/span>.<\/li>\n<\/ul>\n<h2>2) Actores y representaciones<\/h2>\n<ul>\n<li><span class=\"accentue\">Ayuntamiento de Pratdip<\/span>: <span class=\"accentue\">Josep Montan\u00e9 i Vidal<\/span>, <span class=\"accentue\">Alcalde-Presidente<\/span>.<\/li>\n<li><span class=\"accentue\">ECU Planes del Rei<\/span>: <span class=\"accentue\">Christian Peuman<\/span>, <span class=\"accentue\">Presidente<\/span>.<\/li>\n<\/ul>\n<h2>3) Contexto y objetivos<\/h2>\n<ul>\n<li>La <span class=\"accentue\">ECU<\/span> fue constituida en <span class=\"accentue\">1987<\/span> (inscripci\u00f3n en 1988) para el <span class=\"accentue\">mantenimiento provisional<\/span> de los bienes y servicios comunes.<\/li>\n<li>Acuerdo para iniciar la <span class=\"accentue\">reurbanizaci\u00f3n<\/span> a fin de que el Ayuntamiento <span class=\"accentue\">recepcione<\/span> la urbanizaci\u00f3n y se proceda a la <span class=\"accentue\">disoluci\u00f3n de la ECU<\/span>.<\/li>\n<li>El Ayuntamiento <span class=\"accentue\">acepta<\/span> integrar terrenos, obras e infraestructuras en el <span class=\"accentue\">patrimonio municipal<\/span> tras su finalizaci\u00f3n y conformidad.<\/li>\n<\/ul>\n<h2>4) Cl\u00e1usulas principales del convenio<\/h2>\n<ol>\n<li>\n<p><span class=\"accentue\">Cambio de sistema de actuaci\u00f3n<\/span>: paso de la <span class=\"accentue\">compensaci\u00f3n<\/span> a la <span class=\"accentue\">cooperaci\u00f3n<\/span>. El Ayuntamiento dirige el procedimiento y la ejecuci\u00f3n, conforme a la normativa urban\u00edstica vigente.<\/p>\n<\/li>\n<li>\n<p><span class=\"accentue\">Financiaci\u00f3n<\/span>: <span class=\"accentue\">totalmente a cargo de los propietarios<\/span> (obras, proyecto t\u00e9cnico, direcci\u00f3n, seguridad y salud). Cobro seg\u00fan las <span class=\"accentue\">cuotas<\/span> ya utilizadas por la ECU.<\/p>\n<\/li>\n<li>\n<p><span class=\"accentue\">Procedimiento de contrataci\u00f3n<\/span>: licitaci\u00f3n abierta (<span class=\"accentue\">subasta<\/span>). Plazo contractual estricto; penalizaciones en caso de retraso (referencia al <span class=\"accentue\">art. 95 TRLCAP<\/span>). Sin <span class=\"accentue\">recepci\u00f3n parcial<\/span>; correcciones obligatorias antes de la recepci\u00f3n.<\/p>\n<\/li>\n<li>\n<p><span class=\"accentue\">Comisi\u00f3n de seguimiento<\/span>: 5 miembros (el <span class=\"accentue\">alcalde<\/span>, <span class=\"accentue\">dos<\/span> representantes del Ayuntamiento, <span class=\"accentue\">dos<\/span> de la ECU). Funciones: <span class=\"accentue\">seguimiento e informaci\u00f3n previa<\/span> (modificaciones, adjudicaci\u00f3n, certificaciones, recepci\u00f3n, garant\u00edas). Sus acuerdos <span class=\"accentue\">no son vinculantes<\/span> para el Ayuntamiento.<\/p>\n<\/li>\n<li>\n<p><span class=\"accentue\">Recepci\u00f3n y disoluci\u00f3n<\/span>: tras la <span class=\"accentue\">recepci\u00f3n total<\/span>, el Ayuntamiento inscribe los bienes en el <span class=\"accentue\">patrimonio municipal<\/span> y promueve la <span class=\"accentue\">disoluci\u00f3n de la ECU<\/span>. El Ayuntamiento asume el <span class=\"accentue\">mantenimiento<\/span>.<\/p>\n<\/li>\n<li>\n<p><span class=\"accentue\">Compatibilidad urban\u00edstica<\/span>: adaptaci\u00f3n del <span class=\"accentue\">POUM<\/span> si fuera necesario; mantenimiento de los <span class=\"accentue\">usos del suelo<\/span> vigentes.<\/p>\n<\/li>\n<\/ol>\n<h2>5) Modalidades de pago<\/h2>\n<ul>\n<li><span class=\"accentue\">En la adjudicaci\u00f3n<\/span>: proyecto de ingenier\u00eda pagado + <span class=\"accentue\">35%<\/span> del importe de las obras.<\/li>\n<li><span class=\"accentue\">+ 12 meses<\/span> tras el Acta de Replanteo: <span class=\"accentue\">15%<\/span>.<\/li>\n<li><span class=\"accentue\">+ 18 meses<\/span> tras el Acta de Replanteo: <span class=\"accentue\">15%<\/span>.<\/li>\n<li><span class=\"accentue\">En la recepci\u00f3n final<\/span>: saldo hasta el <span class=\"accentue\">100%<\/span>. En caso de <span class=\"accentue\">impago<\/span>: ejecuci\u00f3n forzosa y <span class=\"accentue\">embargo<\/span>.<\/li>\n<\/ul>\n<h2>6) Puntos sensibles (an\u00e1lisis)<\/h2>\n<ul>\n<li><span class=\"accentue\">Carga financiera<\/span>: todo el coste recae en los propietarios mientras el Ayuntamiento se beneficia de las infraestructuras.<\/li>\n<li><span class=\"accentue\">Poder limitado de la ECU<\/span>: la comisi\u00f3n es consultiva; las decisiones corresponden al Ayuntamiento.<\/li>\n<li><span class=\"accentue\">Riesgo de bloqueo<\/span>: sin recepci\u00f3n parcial; la recepci\u00f3n depende de la finalizaci\u00f3n total y la correcci\u00f3n de defectos.<\/li>\n<li><span class=\"accentue\">Calendario exigente<\/span>: tramos cercanos (35% al inicio, 30% en 18 meses) que pueden generar <span class=\"accentue\">presi\u00f3n financiera<\/span>.<\/li>\n<\/ul>\n<h2>7) Efectos jur\u00eddicos esperados<\/h2>\n<ul>\n<li><span class=\"accentue\">Recepci\u00f3n municipal<\/span> de las obras y <span class=\"accentue\">mantenimiento<\/span> a cargo del Ayuntamiento <span class=\"accentue\">tras<\/span> la finalizaci\u00f3n.<\/li>\n<li><span class=\"accentue\">Disoluci\u00f3n<\/span> de la ECU tras la recepci\u00f3n.<\/li>\n<li><span class=\"accentue\">Cobro forzoso<\/span> posible por parte del Ayuntamiento en caso de impagos.<\/li>\n<\/ul>\n<hr style=\"margin-bottom: 30px;\" \/>\n<h2>Conclusi\u00f3n sint\u00e9tica<\/h2>\n<p>El proyecto de convenio (2007) organiza una <span class=\"accentue\">reurbanizaci\u00f3n dirigida por el Ayuntamiento<\/span> pero <span class=\"accentue\">financiada por los propietarios<\/span>, con un <span class=\"accentue\">seguimiento consultivo<\/span> de la ECU. El objetivo declarado es la <span class=\"accentue\">recepci\u00f3n<\/span> de la urbanizaci\u00f3n y posteriormente la <span class=\"accentue\">disoluci\u00f3n de la ECU<\/span>. Sin embargo, el planteamiento crea un <span class=\"accentue\">desequilibrio<\/span>: carga financiera total para los propietarios y poder decisorio concentrado en el Ayuntamiento, sin posibilidad de recepci\u00f3n parcial.<\/p>\n<hr style=\"margin-bottom: 30px;\" \/>\n<h3 class=\"underline\">Documento<\/h3>\n<p style=\"padding-top: 30px;\"><a href=\"https:\/\/www.latribunedeplanas.com\/wp-content\/uploads\/2025\/08\/2007-08-00-propuesta-de-accuerdo-al-plano.pdf\" class=\"pdfemb-viewer\" style=\"\" data-width=\"max\" data-height=\"max\" data-mobile-width=\"0\"  data-scrollbar=\"none\" data-download=\"on\" data-tracking=\"on\" data-newwindow=\"on\" data-pagetextbox=\"off\" data-scrolltotop=\"off\" data-startzoom=\"100\" data-startfpzoom=\"100\" data-toolbar=\"top\" data-toolbar-fixed=\"off\">2007-08-00-propuesta-de-accuerdo-al-plano<br\/><\/a><\/p>\n<p>[\/et_pb_text][\/et_pb_column][\/et_pb_row][\/et_pb_section]<\/p>\n","protected":false},"excerpt":{"rendered":"<p>Proyecto de convenio urban\u00edstico de colaboraci\u00f3n entre el Ayuntamiento de Pratdip y la ECU de Planes del Rei (Entidad Colaboradora Urban\u00edstica), destinado a regular la reurbanizaci\u00f3n de la urbanizaci\u00f3n para permitir su recepci\u00f3n oficial por parte del Ayuntamiento y, posteriormente, la disoluci\u00f3n de la ECU. 1) Naturaleza del documento Propuesta de Acuerdo al Pleno (2007): [&hellip;]<\/p>\n","protected":false},"author":1,"featured_media":0,"comment_status":"closed","ping_status":"closed","sticky":false,"template":"","format":"standard","meta":{"_et_pb_use_builder":"on","_et_pb_old_content":"","_et_gb_content_width":"","footnotes":""},"categories":[217],"tags":[],"class_list":["post-28528","post","type-post","status-publish","format-standard","hentry","category-documentos"],"yoast_head":"<!-- This site is optimized with the Yoast SEO plugin v27.5 - https:\/\/yoast.com\/product\/yoast-seo-wordpress\/ -->\n<title>2007 : Propuesta de acuerdo al Pleno - Convenio urban\u00edstico de colaboraci\u00f3n para la reurbanizaci\u00f3n de Planas del Rey - La Tribune de Planas<\/title>\n<meta name=\"description\" content=\"Convenio urban\u00edstico de 2007 entre la ECU de Planas del Rey y el Ayuntamiento de Pratdip para la reurbanizaci\u00f3n, financiada por los propietarios y seguida de su disoluci\u00f3n\" \/>\n<meta name=\"robots\" content=\"index, follow, max-snippet:-1, max-image-preview:large, max-video-preview:-1\" \/>\n<link rel=\"canonical\" href=\"https:\/\/www.latribunedeplanas.com\/es\/2007-propuesta-de-acuerdo-al-pleno-convenio-urbanistico-de-colaboracion-para-la-reurbanizacion-de-planas-del-rey\/\" \/>\n<meta property=\"og:locale\" content=\"es_ES\" \/>\n<meta property=\"og:type\" content=\"article\" \/>\n<meta property=\"og:title\" content=\"2007 : Propuesta de acuerdo al Pleno - Convenio urban\u00edstico de colaboraci\u00f3n para la reurbanizaci\u00f3n de Planas del Rey - La Tribune de Planas\" \/>\n<meta property=\"og:description\" content=\"Convenio urban\u00edstico de 2007 entre la ECU de Planas del Rey y el Ayuntamiento de Pratdip para la reurbanizaci\u00f3n, financiada por los propietarios y seguida de su disoluci\u00f3n\" \/>\n<meta property=\"og:url\" content=\"https:\/\/www.latribunedeplanas.com\/es\/2007-propuesta-de-acuerdo-al-pleno-convenio-urbanistico-de-colaboracion-para-la-reurbanizacion-de-planas-del-rey\/\" \/>\n<meta property=\"og:site_name\" content=\"La Tribune de Planas\" \/>\n<meta property=\"article:publisher\" content=\"https:\/\/www.facebook.com\/groups\/1220895301376005\/\" \/>\n<meta property=\"article:author\" content=\"https:\/\/www.facebook.com\/Creawebsite-113915200150984\" \/>\n<meta property=\"article:published_time\" content=\"2007-08-01T10:39:25+00:00\" \/>\n<meta property=\"article:modified_time\" content=\"2025-08-23T10:51:36+00:00\" \/>\n<meta name=\"author\" content=\"Jim\" \/>\n<meta name=\"twitter:card\" content=\"summary_large_image\" \/>\n<meta name=\"twitter:label1\" content=\"Escrito por\" \/>\n\t<meta name=\"twitter:data1\" content=\"Jim\" \/>\n\t<meta name=\"twitter:label2\" content=\"Tiempo de lectura\" \/>\n\t<meta name=\"twitter:data2\" content=\"3 minutos\" \/>\n<script type=\"application\/ld+json\" class=\"yoast-schema-graph\">{\"@context\":\"https:\\\/\\\/schema.org\",\"@graph\":[{\"@type\":\"Article\",\"@id\":\"https:\\\/\\\/www.latribunedeplanas.com\\\/es\\\/2007-propuesta-de-acuerdo-al-pleno-convenio-urbanistico-de-colaboracion-para-la-reurbanizacion-de-planas-del-rey\\\/#article\",\"isPartOf\":{\"@id\":\"https:\\\/\\\/www.latribunedeplanas.com\\\/es\\\/2007-propuesta-de-acuerdo-al-pleno-convenio-urbanistico-de-colaboracion-para-la-reurbanizacion-de-planas-del-rey\\\/\"},\"author\":{\"name\":\"Jim\",\"@id\":\"https:\\\/\\\/www.latribunedeplanas.com\\\/es\\\/#\\\/schema\\\/person\\\/590a87318688792f18d8e1c983528bc8\"},\"headline\":\"2007 : Propuesta de acuerdo al Pleno &#8211; Convenio urban\u00edstico de colaboraci\u00f3n para la reurbanizaci\u00f3n de Planas del Rey\",\"datePublished\":\"2007-08-01T10:39:25+00:00\",\"dateModified\":\"2025-08-23T10:51:36+00:00\",\"mainEntityOfPage\":{\"@id\":\"https:\\\/\\\/www.latribunedeplanas.com\\\/es\\\/2007-propuesta-de-acuerdo-al-pleno-convenio-urbanistico-de-colaboracion-para-la-reurbanizacion-de-planas-del-rey\\\/\"},\"wordCount\":870,\"publisher\":{\"@id\":\"https:\\\/\\\/www.latribunedeplanas.com\\\/es\\\/#organization\"},\"articleSection\":[\"Documentos\"],\"inLanguage\":\"es\"},{\"@type\":\"WebPage\",\"@id\":\"https:\\\/\\\/www.latribunedeplanas.com\\\/es\\\/2007-propuesta-de-acuerdo-al-pleno-convenio-urbanistico-de-colaboracion-para-la-reurbanizacion-de-planas-del-rey\\\/\",\"url\":\"https:\\\/\\\/www.latribunedeplanas.com\\\/es\\\/2007-propuesta-de-acuerdo-al-pleno-convenio-urbanistico-de-colaboracion-para-la-reurbanizacion-de-planas-del-rey\\\/\",\"name\":\"2007 : Propuesta de acuerdo al Pleno - Convenio urban\u00edstico de colaboraci\u00f3n para la reurbanizaci\u00f3n de Planas del Rey - La Tribune de Planas\",\"isPartOf\":{\"@id\":\"https:\\\/\\\/www.latribunedeplanas.com\\\/es\\\/#website\"},\"datePublished\":\"2007-08-01T10:39:25+00:00\",\"dateModified\":\"2025-08-23T10:51:36+00:00\",\"description\":\"Convenio urban\u00edstico de 2007 entre la ECU de Planas del Rey y el Ayuntamiento de Pratdip para la reurbanizaci\u00f3n, financiada por los propietarios y seguida de su disoluci\u00f3n\",\"breadcrumb\":{\"@id\":\"https:\\\/\\\/www.latribunedeplanas.com\\\/es\\\/2007-propuesta-de-acuerdo-al-pleno-convenio-urbanistico-de-colaboracion-para-la-reurbanizacion-de-planas-del-rey\\\/#breadcrumb\"},\"inLanguage\":\"es\",\"potentialAction\":[{\"@type\":\"ReadAction\",\"target\":[\"https:\\\/\\\/www.latribunedeplanas.com\\\/es\\\/2007-propuesta-de-acuerdo-al-pleno-convenio-urbanistico-de-colaboracion-para-la-reurbanizacion-de-planas-del-rey\\\/\"]}]},{\"@type\":\"BreadcrumbList\",\"@id\":\"https:\\\/\\\/www.latribunedeplanas.com\\\/es\\\/2007-propuesta-de-acuerdo-al-pleno-convenio-urbanistico-de-colaboracion-para-la-reurbanizacion-de-planas-del-rey\\\/#breadcrumb\",\"itemListElement\":[{\"@type\":\"ListItem\",\"position\":1,\"name\":\"Accueil\",\"item\":\"https:\\\/\\\/www.latribunedeplanas.com\\\/es\\\/\"},{\"@type\":\"ListItem\",\"position\":2,\"name\":\"2007 : Propuesta de acuerdo al Pleno &#8211; Convenio urban\u00edstico de colaboraci\u00f3n para la reurbanizaci\u00f3n de Planas del Rey\"}]},{\"@type\":\"WebSite\",\"@id\":\"https:\\\/\\\/www.latribunedeplanas.com\\\/es\\\/#website\",\"url\":\"https:\\\/\\\/www.latribunedeplanas.com\\\/es\\\/\",\"name\":\"La Tribune de Planas\",\"description\":\"Les Planes del Rei - Urbanizaci\u00f3n del municipio de Pratdip\",\"publisher\":{\"@id\":\"https:\\\/\\\/www.latribunedeplanas.com\\\/es\\\/#organization\"},\"potentialAction\":[{\"@type\":\"SearchAction\",\"target\":{\"@type\":\"EntryPoint\",\"urlTemplate\":\"https:\\\/\\\/www.latribunedeplanas.com\\\/es\\\/?s={search_term_string}\"},\"query-input\":{\"@type\":\"PropertyValueSpecification\",\"valueRequired\":true,\"valueName\":\"search_term_string\"}}],\"inLanguage\":\"es\"},{\"@type\":\"Organization\",\"@id\":\"https:\\\/\\\/www.latribunedeplanas.com\\\/es\\\/#organization\",\"name\":\"Vecinos de Planes del Rei (SOSPlanes)\",\"url\":\"https:\\\/\\\/www.latribunedeplanas.com\\\/es\\\/\",\"logo\":{\"@type\":\"ImageObject\",\"inLanguage\":\"es\",\"@id\":\"https:\\\/\\\/www.latribunedeplanas.com\\\/es\\\/#\\\/schema\\\/logo\\\/image\\\/\",\"url\":\"https:\\\/\\\/www.latribunedeplanas.com\\\/wp-content\\\/uploads\\\/2021\\\/11\\\/logo-sos-planas-0.png\",\"contentUrl\":\"https:\\\/\\\/www.latribunedeplanas.com\\\/wp-content\\\/uploads\\\/2021\\\/11\\\/logo-sos-planas-0.png\",\"width\":600,\"height\":400,\"caption\":\"Vecinos de Planes del Rei (SOSPlanes)\"},\"image\":{\"@id\":\"https:\\\/\\\/www.latribunedeplanas.com\\\/es\\\/#\\\/schema\\\/logo\\\/image\\\/\"},\"sameAs\":[\"https:\\\/\\\/www.facebook.com\\\/groups\\\/1220895301376005\\\/\",\"https:\\\/\\\/www.instagram.com\\\/lasplanasdelrey\\\/\"]},{\"@type\":\"Person\",\"@id\":\"https:\\\/\\\/www.latribunedeplanas.com\\\/es\\\/#\\\/schema\\\/person\\\/590a87318688792f18d8e1c983528bc8\",\"name\":\"Jim\",\"image\":{\"@type\":\"ImageObject\",\"inLanguage\":\"es\",\"@id\":\"https:\\\/\\\/secure.gravatar.com\\\/avatar\\\/5a89228fd282eb9ee33a60b4ff06f9c31751866f1fb91ca56263af0968354113?s=96&d=mm&r=g\",\"url\":\"https:\\\/\\\/secure.gravatar.com\\\/avatar\\\/5a89228fd282eb9ee33a60b4ff06f9c31751866f1fb91ca56263af0968354113?s=96&d=mm&r=g\",\"contentUrl\":\"https:\\\/\\\/secure.gravatar.com\\\/avatar\\\/5a89228fd282eb9ee33a60b4ff06f9c31751866f1fb91ca56263af0968354113?s=96&d=mm&r=g\",\"caption\":\"Jim\"},\"sameAs\":[\"https:\\\/\\\/www.creawebsite.be\\\/\",\"https:\\\/\\\/www.facebook.com\\\/Creawebsite-113915200150984\",\"https:\\\/\\\/www.instagram.com\\\/creawebsite.be\\\/\",\"https:\\\/\\\/www.linkedin.com\\\/in\\\/jean-marc-delchef\\\/\"]}]}<\/script>\n<!-- \/ Yoast SEO plugin. -->","yoast_head_json":{"title":"2007 : Propuesta de acuerdo al Pleno - Convenio urban\u00edstico de colaboraci\u00f3n para la reurbanizaci\u00f3n de Planas del Rey - La Tribune de Planas","description":"Convenio urban\u00edstico de 2007 entre la ECU de Planas del Rey y el Ayuntamiento de Pratdip para la reurbanizaci\u00f3n, financiada por los propietarios y seguida de su disoluci\u00f3n","robots":{"index":"index","follow":"follow","max-snippet":"max-snippet:-1","max-image-preview":"max-image-preview:large","max-video-preview":"max-video-preview:-1"},"canonical":"https:\/\/www.latribunedeplanas.com\/es\/2007-propuesta-de-acuerdo-al-pleno-convenio-urbanistico-de-colaboracion-para-la-reurbanizacion-de-planas-del-rey\/","og_locale":"es_ES","og_type":"article","og_title":"2007 : Propuesta de acuerdo al Pleno - Convenio urban\u00edstico de colaboraci\u00f3n para la reurbanizaci\u00f3n de Planas del Rey - La Tribune de Planas","og_description":"Convenio urban\u00edstico de 2007 entre la ECU de Planas del Rey y el Ayuntamiento de Pratdip para la reurbanizaci\u00f3n, financiada por los propietarios y seguida de su disoluci\u00f3n","og_url":"https:\/\/www.latribunedeplanas.com\/es\/2007-propuesta-de-acuerdo-al-pleno-convenio-urbanistico-de-colaboracion-para-la-reurbanizacion-de-planas-del-rey\/","og_site_name":"La Tribune de Planas","article_publisher":"https:\/\/www.facebook.com\/groups\/1220895301376005\/","article_author":"https:\/\/www.facebook.com\/Creawebsite-113915200150984","article_published_time":"2007-08-01T10:39:25+00:00","article_modified_time":"2025-08-23T10:51:36+00:00","author":"Jim","twitter_card":"summary_large_image","twitter_misc":{"Escrito por":"Jim","Tiempo de lectura":"3 minutos"},"schema":{"@context":"https:\/\/schema.org","@graph":[{"@type":"Article","@id":"https:\/\/www.latribunedeplanas.com\/es\/2007-propuesta-de-acuerdo-al-pleno-convenio-urbanistico-de-colaboracion-para-la-reurbanizacion-de-planas-del-rey\/#article","isPartOf":{"@id":"https:\/\/www.latribunedeplanas.com\/es\/2007-propuesta-de-acuerdo-al-pleno-convenio-urbanistico-de-colaboracion-para-la-reurbanizacion-de-planas-del-rey\/"},"author":{"name":"Jim","@id":"https:\/\/www.latribunedeplanas.com\/es\/#\/schema\/person\/590a87318688792f18d8e1c983528bc8"},"headline":"2007 : Propuesta de acuerdo al Pleno &#8211; Convenio urban\u00edstico de colaboraci\u00f3n para la reurbanizaci\u00f3n de Planas del Rey","datePublished":"2007-08-01T10:39:25+00:00","dateModified":"2025-08-23T10:51:36+00:00","mainEntityOfPage":{"@id":"https:\/\/www.latribunedeplanas.com\/es\/2007-propuesta-de-acuerdo-al-pleno-convenio-urbanistico-de-colaboracion-para-la-reurbanizacion-de-planas-del-rey\/"},"wordCount":870,"publisher":{"@id":"https:\/\/www.latribunedeplanas.com\/es\/#organization"},"articleSection":["Documentos"],"inLanguage":"es"},{"@type":"WebPage","@id":"https:\/\/www.latribunedeplanas.com\/es\/2007-propuesta-de-acuerdo-al-pleno-convenio-urbanistico-de-colaboracion-para-la-reurbanizacion-de-planas-del-rey\/","url":"https:\/\/www.latribunedeplanas.com\/es\/2007-propuesta-de-acuerdo-al-pleno-convenio-urbanistico-de-colaboracion-para-la-reurbanizacion-de-planas-del-rey\/","name":"2007 : Propuesta de acuerdo al Pleno - Convenio urban\u00edstico de colaboraci\u00f3n para la reurbanizaci\u00f3n de Planas del Rey - La Tribune de Planas","isPartOf":{"@id":"https:\/\/www.latribunedeplanas.com\/es\/#website"},"datePublished":"2007-08-01T10:39:25+00:00","dateModified":"2025-08-23T10:51:36+00:00","description":"Convenio urban\u00edstico de 2007 entre la ECU de Planas del Rey y el Ayuntamiento de Pratdip para la reurbanizaci\u00f3n, financiada por los propietarios y seguida de su disoluci\u00f3n","breadcrumb":{"@id":"https:\/\/www.latribunedeplanas.com\/es\/2007-propuesta-de-acuerdo-al-pleno-convenio-urbanistico-de-colaboracion-para-la-reurbanizacion-de-planas-del-rey\/#breadcrumb"},"inLanguage":"es","potentialAction":[{"@type":"ReadAction","target":["https:\/\/www.latribunedeplanas.com\/es\/2007-propuesta-de-acuerdo-al-pleno-convenio-urbanistico-de-colaboracion-para-la-reurbanizacion-de-planas-del-rey\/"]}]},{"@type":"BreadcrumbList","@id":"https:\/\/www.latribunedeplanas.com\/es\/2007-propuesta-de-acuerdo-al-pleno-convenio-urbanistico-de-colaboracion-para-la-reurbanizacion-de-planas-del-rey\/#breadcrumb","itemListElement":[{"@type":"ListItem","position":1,"name":"Accueil","item":"https:\/\/www.latribunedeplanas.com\/es\/"},{"@type":"ListItem","position":2,"name":"2007 : Propuesta de acuerdo al Pleno &#8211; Convenio urban\u00edstico de colaboraci\u00f3n para la reurbanizaci\u00f3n de Planas del Rey"}]},{"@type":"WebSite","@id":"https:\/\/www.latribunedeplanas.com\/es\/#website","url":"https:\/\/www.latribunedeplanas.com\/es\/","name":"La Tribune de Planas","description":"Les Planes del Rei - Urbanizaci\u00f3n del municipio de Pratdip","publisher":{"@id":"https:\/\/www.latribunedeplanas.com\/es\/#organization"},"potentialAction":[{"@type":"SearchAction","target":{"@type":"EntryPoint","urlTemplate":"https:\/\/www.latribunedeplanas.com\/es\/?s={search_term_string}"},"query-input":{"@type":"PropertyValueSpecification","valueRequired":true,"valueName":"search_term_string"}}],"inLanguage":"es"},{"@type":"Organization","@id":"https:\/\/www.latribunedeplanas.com\/es\/#organization","name":"Vecinos de Planes del Rei (SOSPlanes)","url":"https:\/\/www.latribunedeplanas.com\/es\/","logo":{"@type":"ImageObject","inLanguage":"es","@id":"https:\/\/www.latribunedeplanas.com\/es\/#\/schema\/logo\/image\/","url":"https:\/\/www.latribunedeplanas.com\/wp-content\/uploads\/2021\/11\/logo-sos-planas-0.png","contentUrl":"https:\/\/www.latribunedeplanas.com\/wp-content\/uploads\/2021\/11\/logo-sos-planas-0.png","width":600,"height":400,"caption":"Vecinos de Planes del Rei (SOSPlanes)"},"image":{"@id":"https:\/\/www.latribunedeplanas.com\/es\/#\/schema\/logo\/image\/"},"sameAs":["https:\/\/www.facebook.com\/groups\/1220895301376005\/","https:\/\/www.instagram.com\/lasplanasdelrey\/"]},{"@type":"Person","@id":"https:\/\/www.latribunedeplanas.com\/es\/#\/schema\/person\/590a87318688792f18d8e1c983528bc8","name":"Jim","image":{"@type":"ImageObject","inLanguage":"es","@id":"https:\/\/secure.gravatar.com\/avatar\/5a89228fd282eb9ee33a60b4ff06f9c31751866f1fb91ca56263af0968354113?s=96&d=mm&r=g","url":"https:\/\/secure.gravatar.com\/avatar\/5a89228fd282eb9ee33a60b4ff06f9c31751866f1fb91ca56263af0968354113?s=96&d=mm&r=g","contentUrl":"https:\/\/secure.gravatar.com\/avatar\/5a89228fd282eb9ee33a60b4ff06f9c31751866f1fb91ca56263af0968354113?s=96&d=mm&r=g","caption":"Jim"},"sameAs":["https:\/\/www.creawebsite.be\/","https:\/\/www.facebook.com\/Creawebsite-113915200150984","https:\/\/www.instagram.com\/creawebsite.be\/","https:\/\/www.linkedin.com\/in\/jean-marc-delchef\/"]}]}},"_links":{"self":[{"href":"https:\/\/www.latribunedeplanas.com\/es\/wp-json\/wp\/v2\/posts\/28528","targetHints":{"allow":["GET"]}}],"collection":[{"href":"https:\/\/www.latribunedeplanas.com\/es\/wp-json\/wp\/v2\/posts"}],"about":[{"href":"https:\/\/www.latribunedeplanas.com\/es\/wp-json\/wp\/v2\/types\/post"}],"author":[{"embeddable":true,"href":"https:\/\/www.latribunedeplanas.com\/es\/wp-json\/wp\/v2\/users\/1"}],"replies":[{"embeddable":true,"href":"https:\/\/www.latribunedeplanas.com\/es\/wp-json\/wp\/v2\/comments?post=28528"}],"version-history":[{"count":2,"href":"https:\/\/www.latribunedeplanas.com\/es\/wp-json\/wp\/v2\/posts\/28528\/revisions"}],"predecessor-version":[{"id":28531,"href":"https:\/\/www.latribunedeplanas.com\/es\/wp-json\/wp\/v2\/posts\/28528\/revisions\/28531"}],"wp:attachment":[{"href":"https:\/\/www.latribunedeplanas.com\/es\/wp-json\/wp\/v2\/media?parent=28528"}],"wp:term":[{"taxonomy":"category","embeddable":true,"href":"https:\/\/www.latribunedeplanas.com\/es\/wp-json\/wp\/v2\/categories?post=28528"},{"taxonomy":"post_tag","embeddable":true,"href":"https:\/\/www.latribunedeplanas.com\/es\/wp-json\/wp\/v2\/tags?post=28528"}],"curies":[{"name":"wp","href":"https:\/\/api.w.org\/{rel}","templated":true}]}}