{"id":28506,"date":"2007-05-29T12:05:32","date_gmt":"2007-05-29T10:05:32","guid":{"rendered":"https:\/\/www.latribunedeplanas.com\/29-mai-2007-courrier-du-president-de-leucc-aux-proprietaires-de-planas-del-rey\/"},"modified":"2025-08-23T12:11:18","modified_gmt":"2025-08-23T10:11:18","slug":"29-de-mayo-de-2007-carta-del-presidente-de-la-ecu-a-los-propietarios-de-planas-del-rey","status":"publish","type":"post","link":"https:\/\/www.latribunedeplanas.com\/es\/29-de-mayo-de-2007-carta-del-presidente-de-la-ecu-a-los-propietarios-de-planas-del-rey\/","title":{"rendered":"29 de mayo de 2007: Carta del presidente de la ECU a los propietarios de Planas del Rey"},"content":{"rendered":"<p>[et_pb_section fb_built=\u00bb1&#8243; admin_label=\u00bbSection-Article\u00bb module_class=\u00bbsection-article\u00bb _builder_version=\u00bb4.18.0&#8243; custom_margin=\u00bb0px|0px|0px|0px\u00bb custom_padding=\u00bb0px|0px|0px|0px\u00bb global_colors_info=\u00bb{}\u00bb][et_pb_row use_custom_gutter=\u00bbon\u00bb gutter_width=\u00bb1&#8243; custom_padding_last_edited=\u00bbon|phone\u00bb admin_label=\u00bbLigne-Article\u00bb module_class=\u00bbligne-article et_pb_row_fullwidth\u00bb _builder_version=\u00bb4.27.4&#8243; width=\u00bb100%\u00bb width_tablet=\u00bb100%\u00bb width_phone=\u00bb\u00bb width_last_edited=\u00bbon|desktop\u00bb max_width=\u00bb100%\u00bb max_width_tablet=\u00bb100%\u00bb max_width_phone=\u00bb\u00bb max_width_last_edited=\u00bbon|desktop\u00bb custom_margin=\u00bb0px||0px\u00bb custom_padding=\u00bb20px||0px||false|false\u00bb custom_padding_tablet=\u00bb20px||0px||false|false\u00bb custom_padding_phone=\u00bb15px||||false|false\u00bb make_fullwidth=\u00bbon\u00bb global_colors_info=\u00bb{}\u00bb][et_pb_column type=\u00bb4_4&#8243; _builder_version=\u00bb4.16&#8243; custom_padding=\u00bb|||\u00bb global_colors_info=\u00bb{}\u00bb custom_padding__hover=\u00bb|||\u00bb][et_pb_text admin_label=\u00bbTexte-29 de mayo de 2007: Carta del presidente de la ECU a los propietarios de Planas del Rey\u00bb module_class=\u00bbtxt-article\u00bb _builder_version=\u00bb4.27.4&#8243; text_font=\u00bb|300|||||||\u00bb header_font=\u00bb||||||||\u00bb header_2_line_height=\u00bb1.2em\u00bb header_3_font=\u00bb||||||||\u00bb header_3_line_height=\u00bb1.3em\u00bb header_4_text_align=\u00bbcenter\u00bb custom_padding=\u00bb||||false|false\u00bb hover_enabled=\u00bb0&#8243; text_line_height_tablet=\u00bb\u00bb text_line_height_phone=\u00bb1.3em\u00bb text_line_height_last_edited=\u00bbon|desktop\u00bb header_2_font_size_tablet=\u00bb\u00bb header_2_font_size_phone=\u00bb\u00bb header_2_font_size_last_edited=\u00bbon|phone\u00bb header_3_font_size_tablet=\u00bb\u00bb header_3_font_size_phone=\u00bb23px\u00bb header_3_font_size_last_edited=\u00bbon|desktop\u00bb global_colors_info=\u00bb{}\u00bb sticky_enabled=\u00bb0&#8243;]<\/p>\n<p>Carta circular fechada el <span class=\"accentue\">29 de mayo de 2007<\/span>, firmada por <span class=\"accentue\">Christian Peuman<\/span> en calidad de <span class=\"accentue\">presidente de la Entidad Colaboradora Urban\u00edstica (ECU) Les Planes del Rei<\/span>, y dirigida al conjunto de <span class=\"accentue\">propietarios<\/span> de la urbanizaci\u00f3n <span class=\"accentue\">Planas del Rey (Planes del Rei)<\/span>.<\/p>\n<hr style=\"margin-bottom: 30px;\" \/>\n<h2>1) Naturaleza del documento<\/h2>\n<ul>\n<li><span class=\"accentue\">Carta circular<\/span> emitida en nombre de la ECU, destinada a todos los propietarios.<\/li>\n<li>Comunicaci\u00f3n <span class=\"accentue\">institucional<\/span> de la entidad: informaci\u00f3n, actualizaci\u00f3n y recordatorio de los tr\u00e1mites en curso.<\/li>\n<li>Alcance <span class=\"accentue\">interno<\/span> (gobernanza de la urbanizaci\u00f3n) e <span class=\"accentue\">informativo<\/span> (situaci\u00f3n jur\u00eddica y administrativa).<\/li>\n<\/ul>\n<h2>2) Contenido y objetivos<\/h2>\n<ul>\n<li><span class=\"accentue\">Informar<\/span> sobre las acciones emprendidas en relaci\u00f3n con los <span class=\"accentue\">bienes comunes<\/span> (viales, zonas verdes, equipamientos).<\/li>\n<li><span class=\"accentue\">Recordar<\/span> los tr\u00e1mites de <span class=\"accentue\">rectificaci\u00f3n catastral<\/span> y de <span class=\"accentue\">inscripci\u00f3n<\/span> en el Registro de la Propiedad.<\/li>\n<li><span class=\"accentue\">Explicar<\/span> el estado de las relaciones con el <span class=\"accentue\">Ayuntamiento de Pratdip<\/span> y los puntos de fricci\u00f3n persistentes.<\/li>\n<li><span class=\"accentue\">Movilizar<\/span> a los propietarios: unidad, seguimiento de las indicaciones de la ECU y eventual participaci\u00f3n en los tr\u00e1mites.<\/li>\n<\/ul>\n<h2>3) Temas principales desarrollados<\/h2>\n<ul>\n<li><span class=\"accentue\">Catastro y propiedad<\/span> de las zonas comunes: avances y formalidades en curso.<\/li>\n<li><span class=\"accentue\">Referencias judiciales anteriores<\/span> que respaldan la regularizaci\u00f3n de la situaci\u00f3n de la urbanizaci\u00f3n.<\/li>\n<li><span class=\"accentue\">Di\u00e1logo institucional<\/span> con el ayuntamiento: dificultades, demandas de reconocimiento y de ejecuci\u00f3n de obligaciones.<\/li>\n<li><span class=\"accentue\">Cohesi\u00f3n de los propietarios<\/span>: importancia de una posici\u00f3n com\u00fan para defender el inter\u00e9s general.<\/li>\n<\/ul>\n<h2>4) Estilo y tono<\/h2>\n<ul>\n<li>Estilo <span class=\"accentue\">formal<\/span> e <span class=\"accentue\">institucional<\/span>, conforme a una comunicaci\u00f3n de \u00f3rgano de gesti\u00f3n.<\/li>\n<li>Enfoque <span class=\"accentue\">pedag\u00f3gico<\/span>: divulgaci\u00f3n de nociones jur\u00eddicas\/administrativas.<\/li>\n<li>Tono <span class=\"accentue\">movilizador<\/span> y <span class=\"accentue\">responsabilizador<\/span> hacia los propietarios.<\/li>\n<\/ul>\n<h2>5) Alcance e inter\u00e9s de la carta<\/h2>\n<ul>\n<li><span class=\"accentue\">Huella hist\u00f3rica<\/span> de la posici\u00f3n oficial de la ECU en la primavera de 2007.<\/li>\n<li>Iluminaci\u00f3n sobre la <span class=\"accentue\">estrategia de comunicaci\u00f3n<\/span>: legitimar la acci\u00f3n de la entidad y estructurar el apoyo de los propietarios.<\/li>\n<li>Elemento \u00fatil para la <span class=\"accentue\">cronolog\u00eda<\/span> de los tr\u00e1mites administrativos y judiciales en torno a Planas del Rey.<\/li>\n<\/ul>\n<p class=\"accentue\">Nota: este an\u00e1lisis se centra estrictamente en la carta del 29\/05\/2007 y su contexto inmediato, sin considerar evoluciones posteriores.<\/p>\n<hr style=\"margin-bottom: 30px;\" \/>\n<h3 class=\"underline\">Documento<\/h3>\n<p style=\"padding-top: 30px;\"><a href=\"https:\/\/www.latribunedeplanas.com\/wp-content\/uploads\/2025\/08\/2007-05-29-courrier-christian-peuman.pdf\" class=\"pdfemb-viewer\" style=\"\" data-width=\"max\" data-height=\"max\" data-mobile-width=\"0\"  data-scrollbar=\"none\" data-download=\"on\" data-tracking=\"on\" data-newwindow=\"on\" data-pagetextbox=\"off\" data-scrolltotop=\"off\" data-startzoom=\"100\" data-startfpzoom=\"100\" data-toolbar=\"top\" data-toolbar-fixed=\"off\">2007-05-29-courrier-christian-peuman<br\/><\/a><\/p>\n<p>[\/et_pb_text][\/et_pb_column][\/et_pb_row][\/et_pb_section]<\/p>\n","protected":false},"excerpt":{"rendered":"<p>Carta circular fechada el 29 de mayo de 2007, firmada por Christian Peuman en calidad de presidente de la Entidad Colaboradora Urban\u00edstica (ECU) Les Planes del Rei, y dirigida al conjunto de propietarios de la urbanizaci\u00f3n Planas del Rey (Planes del Rei). 1) Naturaleza del documento Carta circular emitida en nombre de la ECU, destinada [&hellip;]<\/p>\n","protected":false},"author":1,"featured_media":0,"comment_status":"closed","ping_status":"closed","sticky":false,"template":"","format":"standard","meta":{"_et_pb_use_builder":"on","_et_pb_old_content":"","_et_gb_content_width":"","footnotes":""},"categories":[217],"tags":[],"class_list":["post-28506","post","type-post","status-publish","format-standard","hentry","category-documentos"],"yoast_head":"<!-- This site is optimized with the Yoast SEO plugin v27.5 - https:\/\/yoast.com\/product\/yoast-seo-wordpress\/ -->\n<title>29 de mayo de 2007: Carta del presidente de la ECU a los propietarios de Planas del Rey - La Tribune de Planas<\/title>\n<meta name=\"description\" content=\"An\u00e1lisis de la carta del 29 de mayo de 2007 enviada a los propietarios de Planas del Rey por el presidente de la ECU, Christian Peuman.\" \/>\n<meta name=\"robots\" content=\"index, follow, max-snippet:-1, max-image-preview:large, max-video-preview:-1\" \/>\n<link rel=\"canonical\" href=\"https:\/\/www.latribunedeplanas.com\/es\/29-de-mayo-de-2007-carta-del-presidente-de-la-ecu-a-los-propietarios-de-planas-del-rey\/\" \/>\n<meta property=\"og:locale\" content=\"es_ES\" \/>\n<meta property=\"og:type\" content=\"article\" \/>\n<meta property=\"og:title\" content=\"29 de mayo de 2007: Carta del presidente de la ECU a los propietarios de Planas del Rey - La Tribune de Planas\" \/>\n<meta property=\"og:description\" content=\"An\u00e1lisis de la carta del 29 de mayo de 2007 enviada a los propietarios de Planas del Rey por el presidente de la ECU, Christian Peuman.\" \/>\n<meta property=\"og:url\" content=\"https:\/\/www.latribunedeplanas.com\/es\/29-de-mayo-de-2007-carta-del-presidente-de-la-ecu-a-los-propietarios-de-planas-del-rey\/\" \/>\n<meta property=\"og:site_name\" content=\"La Tribune de Planas\" \/>\n<meta property=\"article:publisher\" content=\"https:\/\/www.facebook.com\/groups\/1220895301376005\/\" \/>\n<meta property=\"article:author\" content=\"https:\/\/www.facebook.com\/Creawebsite-113915200150984\" \/>\n<meta property=\"article:published_time\" content=\"2007-05-29T10:05:32+00:00\" \/>\n<meta property=\"article:modified_time\" content=\"2025-08-23T10:11:18+00:00\" \/>\n<meta name=\"author\" content=\"Jim\" \/>\n<meta name=\"twitter:card\" content=\"summary_large_image\" \/>\n<meta name=\"twitter:label1\" content=\"Escrito por\" \/>\n\t<meta name=\"twitter:data1\" content=\"Jim\" \/>\n\t<meta name=\"twitter:label2\" content=\"Tiempo de lectura\" \/>\n\t<meta name=\"twitter:data2\" content=\"2 minutos\" \/>\n<script type=\"application\/ld+json\" class=\"yoast-schema-graph\">{\"@context\":\"https:\\\/\\\/schema.org\",\"@graph\":[{\"@type\":\"Article\",\"@id\":\"https:\\\/\\\/www.latribunedeplanas.com\\\/es\\\/29-de-mayo-de-2007-carta-del-presidente-de-la-ecu-a-los-propietarios-de-planas-del-rey\\\/#article\",\"isPartOf\":{\"@id\":\"https:\\\/\\\/www.latribunedeplanas.com\\\/es\\\/29-de-mayo-de-2007-carta-del-presidente-de-la-ecu-a-los-propietarios-de-planas-del-rey\\\/\"},\"author\":{\"name\":\"Jim\",\"@id\":\"https:\\\/\\\/www.latribunedeplanas.com\\\/es\\\/#\\\/schema\\\/person\\\/590a87318688792f18d8e1c983528bc8\"},\"headline\":\"29 de mayo de 2007: Carta del presidente de la ECU a los propietarios de Planas del Rey\",\"datePublished\":\"2007-05-29T10:05:32+00:00\",\"dateModified\":\"2025-08-23T10:11:18+00:00\",\"mainEntityOfPage\":{\"@id\":\"https:\\\/\\\/www.latribunedeplanas.com\\\/es\\\/29-de-mayo-de-2007-carta-del-presidente-de-la-ecu-a-los-propietarios-de-planas-del-rey\\\/\"},\"wordCount\":613,\"publisher\":{\"@id\":\"https:\\\/\\\/www.latribunedeplanas.com\\\/es\\\/#organization\"},\"articleSection\":[\"Documentos\"],\"inLanguage\":\"es\"},{\"@type\":\"WebPage\",\"@id\":\"https:\\\/\\\/www.latribunedeplanas.com\\\/es\\\/29-de-mayo-de-2007-carta-del-presidente-de-la-ecu-a-los-propietarios-de-planas-del-rey\\\/\",\"url\":\"https:\\\/\\\/www.latribunedeplanas.com\\\/es\\\/29-de-mayo-de-2007-carta-del-presidente-de-la-ecu-a-los-propietarios-de-planas-del-rey\\\/\",\"name\":\"29 de mayo de 2007: Carta del presidente de la ECU a los propietarios de Planas del Rey - La Tribune de Planas\",\"isPartOf\":{\"@id\":\"https:\\\/\\\/www.latribunedeplanas.com\\\/es\\\/#website\"},\"datePublished\":\"2007-05-29T10:05:32+00:00\",\"dateModified\":\"2025-08-23T10:11:18+00:00\",\"description\":\"An\u00e1lisis de la carta del 29 de mayo de 2007 enviada a los propietarios de Planas del Rey por el presidente de la ECU, Christian Peuman.\",\"breadcrumb\":{\"@id\":\"https:\\\/\\\/www.latribunedeplanas.com\\\/es\\\/29-de-mayo-de-2007-carta-del-presidente-de-la-ecu-a-los-propietarios-de-planas-del-rey\\\/#breadcrumb\"},\"inLanguage\":\"es\",\"potentialAction\":[{\"@type\":\"ReadAction\",\"target\":[\"https:\\\/\\\/www.latribunedeplanas.com\\\/es\\\/29-de-mayo-de-2007-carta-del-presidente-de-la-ecu-a-los-propietarios-de-planas-del-rey\\\/\"]}]},{\"@type\":\"BreadcrumbList\",\"@id\":\"https:\\\/\\\/www.latribunedeplanas.com\\\/es\\\/29-de-mayo-de-2007-carta-del-presidente-de-la-ecu-a-los-propietarios-de-planas-del-rey\\\/#breadcrumb\",\"itemListElement\":[{\"@type\":\"ListItem\",\"position\":1,\"name\":\"Accueil\",\"item\":\"https:\\\/\\\/www.latribunedeplanas.com\\\/es\\\/\"},{\"@type\":\"ListItem\",\"position\":2,\"name\":\"29 de mayo de 2007: Carta del presidente de la ECU a los propietarios de Planas del Rey\"}]},{\"@type\":\"WebSite\",\"@id\":\"https:\\\/\\\/www.latribunedeplanas.com\\\/es\\\/#website\",\"url\":\"https:\\\/\\\/www.latribunedeplanas.com\\\/es\\\/\",\"name\":\"La Tribune de Planas\",\"description\":\"Les Planes del Rei - Urbanizaci\u00f3n del municipio de Pratdip\",\"publisher\":{\"@id\":\"https:\\\/\\\/www.latribunedeplanas.com\\\/es\\\/#organization\"},\"potentialAction\":[{\"@type\":\"SearchAction\",\"target\":{\"@type\":\"EntryPoint\",\"urlTemplate\":\"https:\\\/\\\/www.latribunedeplanas.com\\\/es\\\/?s={search_term_string}\"},\"query-input\":{\"@type\":\"PropertyValueSpecification\",\"valueRequired\":true,\"valueName\":\"search_term_string\"}}],\"inLanguage\":\"es\"},{\"@type\":\"Organization\",\"@id\":\"https:\\\/\\\/www.latribunedeplanas.com\\\/es\\\/#organization\",\"name\":\"Vecinos de Planes del Rei (SOSPlanes)\",\"url\":\"https:\\\/\\\/www.latribunedeplanas.com\\\/es\\\/\",\"logo\":{\"@type\":\"ImageObject\",\"inLanguage\":\"es\",\"@id\":\"https:\\\/\\\/www.latribunedeplanas.com\\\/es\\\/#\\\/schema\\\/logo\\\/image\\\/\",\"url\":\"https:\\\/\\\/www.latribunedeplanas.com\\\/wp-content\\\/uploads\\\/2021\\\/11\\\/logo-sos-planas-0.png\",\"contentUrl\":\"https:\\\/\\\/www.latribunedeplanas.com\\\/wp-content\\\/uploads\\\/2021\\\/11\\\/logo-sos-planas-0.png\",\"width\":600,\"height\":400,\"caption\":\"Vecinos de Planes del Rei (SOSPlanes)\"},\"image\":{\"@id\":\"https:\\\/\\\/www.latribunedeplanas.com\\\/es\\\/#\\\/schema\\\/logo\\\/image\\\/\"},\"sameAs\":[\"https:\\\/\\\/www.facebook.com\\\/groups\\\/1220895301376005\\\/\",\"https:\\\/\\\/www.instagram.com\\\/lasplanasdelrey\\\/\"]},{\"@type\":\"Person\",\"@id\":\"https:\\\/\\\/www.latribunedeplanas.com\\\/es\\\/#\\\/schema\\\/person\\\/590a87318688792f18d8e1c983528bc8\",\"name\":\"Jim\",\"image\":{\"@type\":\"ImageObject\",\"inLanguage\":\"es\",\"@id\":\"https:\\\/\\\/secure.gravatar.com\\\/avatar\\\/5a89228fd282eb9ee33a60b4ff06f9c31751866f1fb91ca56263af0968354113?s=96&d=mm&r=g\",\"url\":\"https:\\\/\\\/secure.gravatar.com\\\/avatar\\\/5a89228fd282eb9ee33a60b4ff06f9c31751866f1fb91ca56263af0968354113?s=96&d=mm&r=g\",\"contentUrl\":\"https:\\\/\\\/secure.gravatar.com\\\/avatar\\\/5a89228fd282eb9ee33a60b4ff06f9c31751866f1fb91ca56263af0968354113?s=96&d=mm&r=g\",\"caption\":\"Jim\"},\"sameAs\":[\"https:\\\/\\\/www.creawebsite.be\\\/\",\"https:\\\/\\\/www.facebook.com\\\/Creawebsite-113915200150984\",\"https:\\\/\\\/www.instagram.com\\\/creawebsite.be\\\/\",\"https:\\\/\\\/www.linkedin.com\\\/in\\\/jean-marc-delchef\\\/\"]}]}<\/script>\n<!-- \/ Yoast SEO plugin. -->","yoast_head_json":{"title":"29 de mayo de 2007: Carta del presidente de la ECU a los propietarios de Planas del Rey - La Tribune de Planas","description":"An\u00e1lisis de la carta del 29 de mayo de 2007 enviada a los propietarios de Planas del Rey por el presidente de la ECU, Christian Peuman.","robots":{"index":"index","follow":"follow","max-snippet":"max-snippet:-1","max-image-preview":"max-image-preview:large","max-video-preview":"max-video-preview:-1"},"canonical":"https:\/\/www.latribunedeplanas.com\/es\/29-de-mayo-de-2007-carta-del-presidente-de-la-ecu-a-los-propietarios-de-planas-del-rey\/","og_locale":"es_ES","og_type":"article","og_title":"29 de mayo de 2007: Carta del presidente de la ECU a los propietarios de Planas del Rey - La Tribune de Planas","og_description":"An\u00e1lisis de la carta del 29 de mayo de 2007 enviada a los propietarios de Planas del Rey por el presidente de la ECU, Christian Peuman.","og_url":"https:\/\/www.latribunedeplanas.com\/es\/29-de-mayo-de-2007-carta-del-presidente-de-la-ecu-a-los-propietarios-de-planas-del-rey\/","og_site_name":"La Tribune de Planas","article_publisher":"https:\/\/www.facebook.com\/groups\/1220895301376005\/","article_author":"https:\/\/www.facebook.com\/Creawebsite-113915200150984","article_published_time":"2007-05-29T10:05:32+00:00","article_modified_time":"2025-08-23T10:11:18+00:00","author":"Jim","twitter_card":"summary_large_image","twitter_misc":{"Escrito por":"Jim","Tiempo de lectura":"2 minutos"},"schema":{"@context":"https:\/\/schema.org","@graph":[{"@type":"Article","@id":"https:\/\/www.latribunedeplanas.com\/es\/29-de-mayo-de-2007-carta-del-presidente-de-la-ecu-a-los-propietarios-de-planas-del-rey\/#article","isPartOf":{"@id":"https:\/\/www.latribunedeplanas.com\/es\/29-de-mayo-de-2007-carta-del-presidente-de-la-ecu-a-los-propietarios-de-planas-del-rey\/"},"author":{"name":"Jim","@id":"https:\/\/www.latribunedeplanas.com\/es\/#\/schema\/person\/590a87318688792f18d8e1c983528bc8"},"headline":"29 de mayo de 2007: Carta del presidente de la ECU a los propietarios de Planas del Rey","datePublished":"2007-05-29T10:05:32+00:00","dateModified":"2025-08-23T10:11:18+00:00","mainEntityOfPage":{"@id":"https:\/\/www.latribunedeplanas.com\/es\/29-de-mayo-de-2007-carta-del-presidente-de-la-ecu-a-los-propietarios-de-planas-del-rey\/"},"wordCount":613,"publisher":{"@id":"https:\/\/www.latribunedeplanas.com\/es\/#organization"},"articleSection":["Documentos"],"inLanguage":"es"},{"@type":"WebPage","@id":"https:\/\/www.latribunedeplanas.com\/es\/29-de-mayo-de-2007-carta-del-presidente-de-la-ecu-a-los-propietarios-de-planas-del-rey\/","url":"https:\/\/www.latribunedeplanas.com\/es\/29-de-mayo-de-2007-carta-del-presidente-de-la-ecu-a-los-propietarios-de-planas-del-rey\/","name":"29 de mayo de 2007: Carta del presidente de la ECU a los propietarios de Planas del Rey - La Tribune de Planas","isPartOf":{"@id":"https:\/\/www.latribunedeplanas.com\/es\/#website"},"datePublished":"2007-05-29T10:05:32+00:00","dateModified":"2025-08-23T10:11:18+00:00","description":"An\u00e1lisis de la carta del 29 de mayo de 2007 enviada a los propietarios de Planas del Rey por el presidente de la ECU, Christian Peuman.","breadcrumb":{"@id":"https:\/\/www.latribunedeplanas.com\/es\/29-de-mayo-de-2007-carta-del-presidente-de-la-ecu-a-los-propietarios-de-planas-del-rey\/#breadcrumb"},"inLanguage":"es","potentialAction":[{"@type":"ReadAction","target":["https:\/\/www.latribunedeplanas.com\/es\/29-de-mayo-de-2007-carta-del-presidente-de-la-ecu-a-los-propietarios-de-planas-del-rey\/"]}]},{"@type":"BreadcrumbList","@id":"https:\/\/www.latribunedeplanas.com\/es\/29-de-mayo-de-2007-carta-del-presidente-de-la-ecu-a-los-propietarios-de-planas-del-rey\/#breadcrumb","itemListElement":[{"@type":"ListItem","position":1,"name":"Accueil","item":"https:\/\/www.latribunedeplanas.com\/es\/"},{"@type":"ListItem","position":2,"name":"29 de mayo de 2007: Carta del presidente de la ECU a los propietarios de Planas del Rey"}]},{"@type":"WebSite","@id":"https:\/\/www.latribunedeplanas.com\/es\/#website","url":"https:\/\/www.latribunedeplanas.com\/es\/","name":"La Tribune de Planas","description":"Les Planes del Rei - Urbanizaci\u00f3n del municipio de Pratdip","publisher":{"@id":"https:\/\/www.latribunedeplanas.com\/es\/#organization"},"potentialAction":[{"@type":"SearchAction","target":{"@type":"EntryPoint","urlTemplate":"https:\/\/www.latribunedeplanas.com\/es\/?s={search_term_string}"},"query-input":{"@type":"PropertyValueSpecification","valueRequired":true,"valueName":"search_term_string"}}],"inLanguage":"es"},{"@type":"Organization","@id":"https:\/\/www.latribunedeplanas.com\/es\/#organization","name":"Vecinos de Planes del Rei (SOSPlanes)","url":"https:\/\/www.latribunedeplanas.com\/es\/","logo":{"@type":"ImageObject","inLanguage":"es","@id":"https:\/\/www.latribunedeplanas.com\/es\/#\/schema\/logo\/image\/","url":"https:\/\/www.latribunedeplanas.com\/wp-content\/uploads\/2021\/11\/logo-sos-planas-0.png","contentUrl":"https:\/\/www.latribunedeplanas.com\/wp-content\/uploads\/2021\/11\/logo-sos-planas-0.png","width":600,"height":400,"caption":"Vecinos de Planes del Rei (SOSPlanes)"},"image":{"@id":"https:\/\/www.latribunedeplanas.com\/es\/#\/schema\/logo\/image\/"},"sameAs":["https:\/\/www.facebook.com\/groups\/1220895301376005\/","https:\/\/www.instagram.com\/lasplanasdelrey\/"]},{"@type":"Person","@id":"https:\/\/www.latribunedeplanas.com\/es\/#\/schema\/person\/590a87318688792f18d8e1c983528bc8","name":"Jim","image":{"@type":"ImageObject","inLanguage":"es","@id":"https:\/\/secure.gravatar.com\/avatar\/5a89228fd282eb9ee33a60b4ff06f9c31751866f1fb91ca56263af0968354113?s=96&d=mm&r=g","url":"https:\/\/secure.gravatar.com\/avatar\/5a89228fd282eb9ee33a60b4ff06f9c31751866f1fb91ca56263af0968354113?s=96&d=mm&r=g","contentUrl":"https:\/\/secure.gravatar.com\/avatar\/5a89228fd282eb9ee33a60b4ff06f9c31751866f1fb91ca56263af0968354113?s=96&d=mm&r=g","caption":"Jim"},"sameAs":["https:\/\/www.creawebsite.be\/","https:\/\/www.facebook.com\/Creawebsite-113915200150984","https:\/\/www.instagram.com\/creawebsite.be\/","https:\/\/www.linkedin.com\/in\/jean-marc-delchef\/"]}]}},"_links":{"self":[{"href":"https:\/\/www.latribunedeplanas.com\/es\/wp-json\/wp\/v2\/posts\/28506","targetHints":{"allow":["GET"]}}],"collection":[{"href":"https:\/\/www.latribunedeplanas.com\/es\/wp-json\/wp\/v2\/posts"}],"about":[{"href":"https:\/\/www.latribunedeplanas.com\/es\/wp-json\/wp\/v2\/types\/post"}],"author":[{"embeddable":true,"href":"https:\/\/www.latribunedeplanas.com\/es\/wp-json\/wp\/v2\/users\/1"}],"replies":[{"embeddable":true,"href":"https:\/\/www.latribunedeplanas.com\/es\/wp-json\/wp\/v2\/comments?post=28506"}],"version-history":[{"count":2,"href":"https:\/\/www.latribunedeplanas.com\/es\/wp-json\/wp\/v2\/posts\/28506\/revisions"}],"predecessor-version":[{"id":28510,"href":"https:\/\/www.latribunedeplanas.com\/es\/wp-json\/wp\/v2\/posts\/28506\/revisions\/28510"}],"wp:attachment":[{"href":"https:\/\/www.latribunedeplanas.com\/es\/wp-json\/wp\/v2\/media?parent=28506"}],"wp:term":[{"taxonomy":"category","embeddable":true,"href":"https:\/\/www.latribunedeplanas.com\/es\/wp-json\/wp\/v2\/categories?post=28506"},{"taxonomy":"post_tag","embeddable":true,"href":"https:\/\/www.latribunedeplanas.com\/es\/wp-json\/wp\/v2\/tags?post=28506"}],"curies":[{"name":"wp","href":"https:\/\/api.w.org\/{rel}","templated":true}]}}