{"id":28476,"date":"2006-06-19T14:36:20","date_gmt":"2006-06-19T12:36:20","guid":{"rendered":"https:\/\/www.latribunedeplanas.com\/19-juin-2006-courrier-de-leucc-a-la-mairie-de-pratdip-rectification-au-registre-de-la-propriete\/"},"modified":"2025-08-22T14:45:22","modified_gmt":"2025-08-22T12:45:22","slug":"19-de-junio-de-2006-carta-de-la-ecu-a-la-alcaldia-de-pratdip-rectificacion-en-el-registro-de-la-propiedad","status":"publish","type":"post","link":"https:\/\/www.latribunedeplanas.com\/es\/19-de-junio-de-2006-carta-de-la-ecu-a-la-alcaldia-de-pratdip-rectificacion-en-el-registro-de-la-propiedad\/","title":{"rendered":"19 de junio de 2006 : Carta de la ECU a la Alcald\u00eda de Pratdip &#8211; Rectificaci\u00f3n en el Registro de la Propiedad"},"content":{"rendered":"<p>[et_pb_section fb_built=\u00bb1&#8243; admin_label=\u00bbSection-Article\u00bb module_class=\u00bbsection-article\u00bb _builder_version=\u00bb4.18.0&#8243; custom_margin=\u00bb0px|0px|0px|0px\u00bb custom_padding=\u00bb0px|0px|0px|0px\u00bb global_colors_info=\u00bb{}\u00bb][et_pb_row use_custom_gutter=\u00bbon\u00bb gutter_width=\u00bb1&#8243; custom_padding_last_edited=\u00bbon|phone\u00bb admin_label=\u00bbLigne-Article\u00bb module_class=\u00bbligne-article et_pb_row_fullwidth\u00bb _builder_version=\u00bb4.27.4&#8243; width=\u00bb100%\u00bb width_tablet=\u00bb100%\u00bb width_phone=\u00bb\u00bb width_last_edited=\u00bbon|desktop\u00bb max_width=\u00bb100%\u00bb max_width_tablet=\u00bb100%\u00bb max_width_phone=\u00bb\u00bb max_width_last_edited=\u00bbon|desktop\u00bb custom_margin=\u00bb0px||0px\u00bb custom_padding=\u00bb20px||0px||false|false\u00bb custom_padding_tablet=\u00bb20px||0px||false|false\u00bb custom_padding_phone=\u00bb15px||||false|false\u00bb make_fullwidth=\u00bbon\u00bb global_colors_info=\u00bb{}\u00bb][et_pb_column type=\u00bb4_4&#8243; _builder_version=\u00bb4.16&#8243; custom_padding=\u00bb|||\u00bb global_colors_info=\u00bb{}\u00bb custom_padding__hover=\u00bb|||\u00bb][et_pb_text admin_label=\u00bbTexte-19 de junio de 2006 : Carta de la ECU a la Alcald\u00eda de Pratdip \u2013 Rectificaci\u00f3n en el Registro de la Propiedad\u00bb module_class=\u00bbtxt-article\u00bb _builder_version=\u00bb4.27.4&#8243; text_font=\u00bb|300|||||||\u00bb header_font=\u00bb||||||||\u00bb header_2_line_height=\u00bb1.2em\u00bb header_3_font=\u00bb||||||||\u00bb header_3_line_height=\u00bb1.3em\u00bb header_4_text_align=\u00bbcenter\u00bb custom_padding=\u00bb||||false|false\u00bb hover_enabled=\u00bb0&#8243; text_line_height_tablet=\u00bb\u00bb text_line_height_phone=\u00bb1.3em\u00bb text_line_height_last_edited=\u00bbon|desktop\u00bb header_2_font_size_tablet=\u00bb\u00bb header_2_font_size_phone=\u00bb\u00bb header_2_font_size_last_edited=\u00bbon|phone\u00bb header_3_font_size_tablet=\u00bb\u00bb header_3_font_size_phone=\u00bb23px\u00bb header_3_font_size_last_edited=\u00bbon|desktop\u00bb global_colors_info=\u00bb{}\u00bb sticky_enabled=\u00bb0&#8243;]<\/p>\n<p>El <span class=\"accentue\">19 de junio de 2006<\/span>, la <span class=\"accentue\">Entidad Colaboradora Urban\u00edstica (ECU)<\/span> Les Planes del Rei dirige una carta al <span class=\"accentue\">Alcalde de Pratdip<\/span> con el fin de obtener la <span class=\"accentue\">documentaci\u00f3n necesaria<\/span> para completar la <span class=\"accentue\">inscripci\u00f3n y la rectificaci\u00f3n<\/span> de las <span class=\"accentue\">zonas verdes y bienes comunes<\/span> de <span class=\"accentue\">Planas del Rey (Planes del Rei)<\/span> en el <span class=\"accentue\">Registro de la Propiedad<\/span>, en ejecuci\u00f3n de la <span class=\"accentue\">sentencia del 3 de junio de 2004<\/span> (procedimiento ordinario n\u00b0236\/2003 del Juzgado de Primera Instancia n\u00b05 de Reus).<\/p>\n<hr style=\"margin-bottom: 30px;\" \/>\n<h2>1) Naturaleza del documento<\/h2>\n<ul>\n<li>Carta oficial de la <span class=\"accentue\">ECU Les Planes del Rei<\/span> dirigida a la <span class=\"accentue\">Alcald\u00eda de Pratdip<\/span>.<\/li>\n<li>Objeto: obtener los elementos administrativos necesarios para regularizar la <span class=\"accentue\">inscripci\u00f3n de los bienes comunes en el Registro de la Propiedad<\/span>.<\/li>\n<\/ul>\n<h2>2) Contexto<\/h2>\n<ul>\n<li>La <span class=\"accentue\">sentencia del 3 de junio de 2004<\/span> impone la rectificaci\u00f3n de los datos catastrales relativos a las zonas verdes y equipamientos p\u00fablicos.<\/li>\n<li>La <span class=\"accentue\">ECU<\/span> act\u00faa como intermediaria para ejecutar la decisi\u00f3n judicial.<\/li>\n<li>La <span class=\"accentue\">Alcald\u00eda de Pratdip<\/span> es requerida para proporcionar su <span class=\"accentue\">NIF<\/span> y su <span class=\"accentue\">domicilio administrativo<\/span> necesarios para la inscripci\u00f3n.<\/li>\n<\/ul>\n<h2>3) An\u00e1lisis<\/h2>\n<ul>\n<li>La carta ilustra la <span class=\"accentue\">resistencia pasiva del ayuntamiento<\/span> a ejecutar las sentencias.<\/li>\n<li>A pesar de las decisiones favorables, la regularizaci\u00f3n registral no avanza sin los documentos municipales.<\/li>\n<li>Esto confirma una estrategia de <span class=\"accentue\">obstrucci\u00f3n administrativa<\/span>: ni negativa expl\u00edcita ni cooperaci\u00f3n efectiva.<\/li>\n<\/ul>\n<hr style=\"margin-bottom: 30px;\" \/>\n<h3 class=\"underline\">Documento<\/h3>\n<p style=\"padding-top: 30px;\"><a href=\"https:\/\/www.latribunedeplanas.com\/wp-content\/uploads\/2025\/08\/2006-06-19-courrier-eucc-mairie.pdf\" class=\"pdfemb-viewer\" style=\"\" data-width=\"max\" data-height=\"max\" data-mobile-width=\"0\"  data-scrollbar=\"none\" data-download=\"on\" data-tracking=\"on\" data-newwindow=\"on\" data-pagetextbox=\"off\" data-scrolltotop=\"off\" data-startzoom=\"100\" data-startfpzoom=\"100\" data-toolbar=\"top\" data-toolbar-fixed=\"off\">2006-06-19-courrier-eucc-mairie<br\/><\/a><\/p>\n<p>[\/et_pb_text][\/et_pb_column][\/et_pb_row][\/et_pb_section]<\/p>\n","protected":false},"excerpt":{"rendered":"<p>El 19 de junio de 2006, la Entidad Colaboradora Urban\u00edstica (ECU) Les Planes del Rei dirige una carta al Alcalde de Pratdip con el fin de obtener la documentaci\u00f3n necesaria para completar la inscripci\u00f3n y la rectificaci\u00f3n de las zonas verdes y bienes comunes de Planas del Rey (Planes del Rei) en el Registro de [&hellip;]<\/p>\n","protected":false},"author":1,"featured_media":0,"comment_status":"closed","ping_status":"closed","sticky":false,"template":"","format":"standard","meta":{"_et_pb_use_builder":"on","_et_pb_old_content":"","_et_gb_content_width":"","footnotes":""},"categories":[217],"tags":[],"class_list":["post-28476","post","type-post","status-publish","format-standard","hentry","category-documentos"],"yoast_head":"<!-- This site is optimized with the Yoast SEO plugin v27.5 - https:\/\/yoast.com\/product\/yoast-seo-wordpress\/ -->\n<title>19 de junio de 2006 : Carta de la ECU a la Alcald\u00eda de Pratdip - Rectificaci\u00f3n en el Registro de la Propiedad - La Tribune de Planas<\/title>\n<meta name=\"description\" content=\"Carta de la ECU a la Alcald\u00eda de Pratdip en 2006 para exigir la rectificaci\u00f3n registral de las zonas verdes de Planas del Rey.\" \/>\n<meta name=\"robots\" content=\"index, follow, max-snippet:-1, max-image-preview:large, max-video-preview:-1\" \/>\n<link rel=\"canonical\" href=\"https:\/\/www.latribunedeplanas.com\/es\/19-de-junio-de-2006-carta-de-la-ecu-a-la-alcaldia-de-pratdip-rectificacion-en-el-registro-de-la-propiedad\/\" \/>\n<meta property=\"og:locale\" content=\"es_ES\" \/>\n<meta property=\"og:type\" content=\"article\" \/>\n<meta property=\"og:title\" content=\"19 de junio de 2006 : Carta de la ECU a la Alcald\u00eda de Pratdip - Rectificaci\u00f3n en el Registro de la Propiedad - La Tribune de Planas\" \/>\n<meta property=\"og:description\" content=\"Carta de la ECU a la Alcald\u00eda de Pratdip en 2006 para exigir la rectificaci\u00f3n registral de las zonas verdes de Planas del Rey.\" \/>\n<meta property=\"og:url\" content=\"https:\/\/www.latribunedeplanas.com\/es\/19-de-junio-de-2006-carta-de-la-ecu-a-la-alcaldia-de-pratdip-rectificacion-en-el-registro-de-la-propiedad\/\" \/>\n<meta property=\"og:site_name\" content=\"La Tribune de Planas\" \/>\n<meta property=\"article:publisher\" content=\"https:\/\/www.facebook.com\/groups\/1220895301376005\/\" \/>\n<meta property=\"article:author\" content=\"https:\/\/www.facebook.com\/Creawebsite-113915200150984\" \/>\n<meta property=\"article:published_time\" content=\"2006-06-19T12:36:20+00:00\" \/>\n<meta property=\"article:modified_time\" content=\"2025-08-22T12:45:22+00:00\" \/>\n<meta name=\"author\" content=\"Jim\" \/>\n<meta name=\"twitter:card\" content=\"summary_large_image\" \/>\n<meta name=\"twitter:label1\" content=\"Escrito por\" \/>\n\t<meta name=\"twitter:data1\" content=\"Jim\" \/>\n\t<meta name=\"twitter:label2\" content=\"Tiempo de lectura\" \/>\n\t<meta name=\"twitter:data2\" content=\"2 minutos\" \/>\n<script type=\"application\/ld+json\" class=\"yoast-schema-graph\">{\"@context\":\"https:\\\/\\\/schema.org\",\"@graph\":[{\"@type\":\"Article\",\"@id\":\"https:\\\/\\\/www.latribunedeplanas.com\\\/es\\\/19-de-junio-de-2006-carta-de-la-ecu-a-la-alcaldia-de-pratdip-rectificacion-en-el-registro-de-la-propiedad\\\/#article\",\"isPartOf\":{\"@id\":\"https:\\\/\\\/www.latribunedeplanas.com\\\/es\\\/19-de-junio-de-2006-carta-de-la-ecu-a-la-alcaldia-de-pratdip-rectificacion-en-el-registro-de-la-propiedad\\\/\"},\"author\":{\"name\":\"Jim\",\"@id\":\"https:\\\/\\\/www.latribunedeplanas.com\\\/es\\\/#\\\/schema\\\/person\\\/590a87318688792f18d8e1c983528bc8\"},\"headline\":\"19 de junio de 2006 : Carta de la ECU a la Alcald\u00eda de Pratdip &#8211; Rectificaci\u00f3n en el Registro de la Propiedad\",\"datePublished\":\"2006-06-19T12:36:20+00:00\",\"dateModified\":\"2025-08-22T12:45:22+00:00\",\"mainEntityOfPage\":{\"@id\":\"https:\\\/\\\/www.latribunedeplanas.com\\\/es\\\/19-de-junio-de-2006-carta-de-la-ecu-a-la-alcaldia-de-pratdip-rectificacion-en-el-registro-de-la-propiedad\\\/\"},\"wordCount\":499,\"publisher\":{\"@id\":\"https:\\\/\\\/www.latribunedeplanas.com\\\/es\\\/#organization\"},\"articleSection\":[\"Documentos\"],\"inLanguage\":\"es\"},{\"@type\":\"WebPage\",\"@id\":\"https:\\\/\\\/www.latribunedeplanas.com\\\/es\\\/19-de-junio-de-2006-carta-de-la-ecu-a-la-alcaldia-de-pratdip-rectificacion-en-el-registro-de-la-propiedad\\\/\",\"url\":\"https:\\\/\\\/www.latribunedeplanas.com\\\/es\\\/19-de-junio-de-2006-carta-de-la-ecu-a-la-alcaldia-de-pratdip-rectificacion-en-el-registro-de-la-propiedad\\\/\",\"name\":\"19 de junio de 2006 : Carta de la ECU a la Alcald\u00eda de Pratdip - Rectificaci\u00f3n en el Registro de la Propiedad - La Tribune de Planas\",\"isPartOf\":{\"@id\":\"https:\\\/\\\/www.latribunedeplanas.com\\\/es\\\/#website\"},\"datePublished\":\"2006-06-19T12:36:20+00:00\",\"dateModified\":\"2025-08-22T12:45:22+00:00\",\"description\":\"Carta de la ECU a la Alcald\u00eda de Pratdip en 2006 para exigir la rectificaci\u00f3n registral de las zonas verdes de Planas del Rey.\",\"breadcrumb\":{\"@id\":\"https:\\\/\\\/www.latribunedeplanas.com\\\/es\\\/19-de-junio-de-2006-carta-de-la-ecu-a-la-alcaldia-de-pratdip-rectificacion-en-el-registro-de-la-propiedad\\\/#breadcrumb\"},\"inLanguage\":\"es\",\"potentialAction\":[{\"@type\":\"ReadAction\",\"target\":[\"https:\\\/\\\/www.latribunedeplanas.com\\\/es\\\/19-de-junio-de-2006-carta-de-la-ecu-a-la-alcaldia-de-pratdip-rectificacion-en-el-registro-de-la-propiedad\\\/\"]}]},{\"@type\":\"BreadcrumbList\",\"@id\":\"https:\\\/\\\/www.latribunedeplanas.com\\\/es\\\/19-de-junio-de-2006-carta-de-la-ecu-a-la-alcaldia-de-pratdip-rectificacion-en-el-registro-de-la-propiedad\\\/#breadcrumb\",\"itemListElement\":[{\"@type\":\"ListItem\",\"position\":1,\"name\":\"Accueil\",\"item\":\"https:\\\/\\\/www.latribunedeplanas.com\\\/es\\\/\"},{\"@type\":\"ListItem\",\"position\":2,\"name\":\"19 de junio de 2006 : Carta de la ECU a la Alcald\u00eda de Pratdip &#8211; Rectificaci\u00f3n en el Registro de la Propiedad\"}]},{\"@type\":\"WebSite\",\"@id\":\"https:\\\/\\\/www.latribunedeplanas.com\\\/es\\\/#website\",\"url\":\"https:\\\/\\\/www.latribunedeplanas.com\\\/es\\\/\",\"name\":\"La Tribune de Planas\",\"description\":\"Les Planes del Rei - Urbanizaci\u00f3n del municipio de Pratdip\",\"publisher\":{\"@id\":\"https:\\\/\\\/www.latribunedeplanas.com\\\/es\\\/#organization\"},\"potentialAction\":[{\"@type\":\"SearchAction\",\"target\":{\"@type\":\"EntryPoint\",\"urlTemplate\":\"https:\\\/\\\/www.latribunedeplanas.com\\\/es\\\/?s={search_term_string}\"},\"query-input\":{\"@type\":\"PropertyValueSpecification\",\"valueRequired\":true,\"valueName\":\"search_term_string\"}}],\"inLanguage\":\"es\"},{\"@type\":\"Organization\",\"@id\":\"https:\\\/\\\/www.latribunedeplanas.com\\\/es\\\/#organization\",\"name\":\"Vecinos de Planes del Rei (SOSPlanes)\",\"url\":\"https:\\\/\\\/www.latribunedeplanas.com\\\/es\\\/\",\"logo\":{\"@type\":\"ImageObject\",\"inLanguage\":\"es\",\"@id\":\"https:\\\/\\\/www.latribunedeplanas.com\\\/es\\\/#\\\/schema\\\/logo\\\/image\\\/\",\"url\":\"https:\\\/\\\/www.latribunedeplanas.com\\\/wp-content\\\/uploads\\\/2021\\\/11\\\/logo-sos-planas-0.png\",\"contentUrl\":\"https:\\\/\\\/www.latribunedeplanas.com\\\/wp-content\\\/uploads\\\/2021\\\/11\\\/logo-sos-planas-0.png\",\"width\":600,\"height\":400,\"caption\":\"Vecinos de Planes del Rei (SOSPlanes)\"},\"image\":{\"@id\":\"https:\\\/\\\/www.latribunedeplanas.com\\\/es\\\/#\\\/schema\\\/logo\\\/image\\\/\"},\"sameAs\":[\"https:\\\/\\\/www.facebook.com\\\/groups\\\/1220895301376005\\\/\",\"https:\\\/\\\/www.instagram.com\\\/lasplanasdelrey\\\/\"]},{\"@type\":\"Person\",\"@id\":\"https:\\\/\\\/www.latribunedeplanas.com\\\/es\\\/#\\\/schema\\\/person\\\/590a87318688792f18d8e1c983528bc8\",\"name\":\"Jim\",\"image\":{\"@type\":\"ImageObject\",\"inLanguage\":\"es\",\"@id\":\"https:\\\/\\\/secure.gravatar.com\\\/avatar\\\/5a89228fd282eb9ee33a60b4ff06f9c31751866f1fb91ca56263af0968354113?s=96&d=mm&r=g\",\"url\":\"https:\\\/\\\/secure.gravatar.com\\\/avatar\\\/5a89228fd282eb9ee33a60b4ff06f9c31751866f1fb91ca56263af0968354113?s=96&d=mm&r=g\",\"contentUrl\":\"https:\\\/\\\/secure.gravatar.com\\\/avatar\\\/5a89228fd282eb9ee33a60b4ff06f9c31751866f1fb91ca56263af0968354113?s=96&d=mm&r=g\",\"caption\":\"Jim\"},\"sameAs\":[\"https:\\\/\\\/www.creawebsite.be\\\/\",\"https:\\\/\\\/www.facebook.com\\\/Creawebsite-113915200150984\",\"https:\\\/\\\/www.instagram.com\\\/creawebsite.be\\\/\",\"https:\\\/\\\/www.linkedin.com\\\/in\\\/jean-marc-delchef\\\/\"]}]}<\/script>\n<!-- \/ Yoast SEO plugin. -->","yoast_head_json":{"title":"19 de junio de 2006 : Carta de la ECU a la Alcald\u00eda de Pratdip - Rectificaci\u00f3n en el Registro de la Propiedad - La Tribune de Planas","description":"Carta de la ECU a la Alcald\u00eda de Pratdip en 2006 para exigir la rectificaci\u00f3n registral de las zonas verdes de Planas del Rey.","robots":{"index":"index","follow":"follow","max-snippet":"max-snippet:-1","max-image-preview":"max-image-preview:large","max-video-preview":"max-video-preview:-1"},"canonical":"https:\/\/www.latribunedeplanas.com\/es\/19-de-junio-de-2006-carta-de-la-ecu-a-la-alcaldia-de-pratdip-rectificacion-en-el-registro-de-la-propiedad\/","og_locale":"es_ES","og_type":"article","og_title":"19 de junio de 2006 : Carta de la ECU a la Alcald\u00eda de Pratdip - Rectificaci\u00f3n en el Registro de la Propiedad - La Tribune de Planas","og_description":"Carta de la ECU a la Alcald\u00eda de Pratdip en 2006 para exigir la rectificaci\u00f3n registral de las zonas verdes de Planas del Rey.","og_url":"https:\/\/www.latribunedeplanas.com\/es\/19-de-junio-de-2006-carta-de-la-ecu-a-la-alcaldia-de-pratdip-rectificacion-en-el-registro-de-la-propiedad\/","og_site_name":"La Tribune de Planas","article_publisher":"https:\/\/www.facebook.com\/groups\/1220895301376005\/","article_author":"https:\/\/www.facebook.com\/Creawebsite-113915200150984","article_published_time":"2006-06-19T12:36:20+00:00","article_modified_time":"2025-08-22T12:45:22+00:00","author":"Jim","twitter_card":"summary_large_image","twitter_misc":{"Escrito por":"Jim","Tiempo de lectura":"2 minutos"},"schema":{"@context":"https:\/\/schema.org","@graph":[{"@type":"Article","@id":"https:\/\/www.latribunedeplanas.com\/es\/19-de-junio-de-2006-carta-de-la-ecu-a-la-alcaldia-de-pratdip-rectificacion-en-el-registro-de-la-propiedad\/#article","isPartOf":{"@id":"https:\/\/www.latribunedeplanas.com\/es\/19-de-junio-de-2006-carta-de-la-ecu-a-la-alcaldia-de-pratdip-rectificacion-en-el-registro-de-la-propiedad\/"},"author":{"name":"Jim","@id":"https:\/\/www.latribunedeplanas.com\/es\/#\/schema\/person\/590a87318688792f18d8e1c983528bc8"},"headline":"19 de junio de 2006 : Carta de la ECU a la Alcald\u00eda de Pratdip &#8211; Rectificaci\u00f3n en el Registro de la Propiedad","datePublished":"2006-06-19T12:36:20+00:00","dateModified":"2025-08-22T12:45:22+00:00","mainEntityOfPage":{"@id":"https:\/\/www.latribunedeplanas.com\/es\/19-de-junio-de-2006-carta-de-la-ecu-a-la-alcaldia-de-pratdip-rectificacion-en-el-registro-de-la-propiedad\/"},"wordCount":499,"publisher":{"@id":"https:\/\/www.latribunedeplanas.com\/es\/#organization"},"articleSection":["Documentos"],"inLanguage":"es"},{"@type":"WebPage","@id":"https:\/\/www.latribunedeplanas.com\/es\/19-de-junio-de-2006-carta-de-la-ecu-a-la-alcaldia-de-pratdip-rectificacion-en-el-registro-de-la-propiedad\/","url":"https:\/\/www.latribunedeplanas.com\/es\/19-de-junio-de-2006-carta-de-la-ecu-a-la-alcaldia-de-pratdip-rectificacion-en-el-registro-de-la-propiedad\/","name":"19 de junio de 2006 : Carta de la ECU a la Alcald\u00eda de Pratdip - Rectificaci\u00f3n en el Registro de la Propiedad - La Tribune de Planas","isPartOf":{"@id":"https:\/\/www.latribunedeplanas.com\/es\/#website"},"datePublished":"2006-06-19T12:36:20+00:00","dateModified":"2025-08-22T12:45:22+00:00","description":"Carta de la ECU a la Alcald\u00eda de Pratdip en 2006 para exigir la rectificaci\u00f3n registral de las zonas verdes de Planas del Rey.","breadcrumb":{"@id":"https:\/\/www.latribunedeplanas.com\/es\/19-de-junio-de-2006-carta-de-la-ecu-a-la-alcaldia-de-pratdip-rectificacion-en-el-registro-de-la-propiedad\/#breadcrumb"},"inLanguage":"es","potentialAction":[{"@type":"ReadAction","target":["https:\/\/www.latribunedeplanas.com\/es\/19-de-junio-de-2006-carta-de-la-ecu-a-la-alcaldia-de-pratdip-rectificacion-en-el-registro-de-la-propiedad\/"]}]},{"@type":"BreadcrumbList","@id":"https:\/\/www.latribunedeplanas.com\/es\/19-de-junio-de-2006-carta-de-la-ecu-a-la-alcaldia-de-pratdip-rectificacion-en-el-registro-de-la-propiedad\/#breadcrumb","itemListElement":[{"@type":"ListItem","position":1,"name":"Accueil","item":"https:\/\/www.latribunedeplanas.com\/es\/"},{"@type":"ListItem","position":2,"name":"19 de junio de 2006 : Carta de la ECU a la Alcald\u00eda de Pratdip &#8211; Rectificaci\u00f3n en el Registro de la Propiedad"}]},{"@type":"WebSite","@id":"https:\/\/www.latribunedeplanas.com\/es\/#website","url":"https:\/\/www.latribunedeplanas.com\/es\/","name":"La Tribune de Planas","description":"Les Planes del Rei - Urbanizaci\u00f3n del municipio de Pratdip","publisher":{"@id":"https:\/\/www.latribunedeplanas.com\/es\/#organization"},"potentialAction":[{"@type":"SearchAction","target":{"@type":"EntryPoint","urlTemplate":"https:\/\/www.latribunedeplanas.com\/es\/?s={search_term_string}"},"query-input":{"@type":"PropertyValueSpecification","valueRequired":true,"valueName":"search_term_string"}}],"inLanguage":"es"},{"@type":"Organization","@id":"https:\/\/www.latribunedeplanas.com\/es\/#organization","name":"Vecinos de Planes del Rei (SOSPlanes)","url":"https:\/\/www.latribunedeplanas.com\/es\/","logo":{"@type":"ImageObject","inLanguage":"es","@id":"https:\/\/www.latribunedeplanas.com\/es\/#\/schema\/logo\/image\/","url":"https:\/\/www.latribunedeplanas.com\/wp-content\/uploads\/2021\/11\/logo-sos-planas-0.png","contentUrl":"https:\/\/www.latribunedeplanas.com\/wp-content\/uploads\/2021\/11\/logo-sos-planas-0.png","width":600,"height":400,"caption":"Vecinos de Planes del Rei (SOSPlanes)"},"image":{"@id":"https:\/\/www.latribunedeplanas.com\/es\/#\/schema\/logo\/image\/"},"sameAs":["https:\/\/www.facebook.com\/groups\/1220895301376005\/","https:\/\/www.instagram.com\/lasplanasdelrey\/"]},{"@type":"Person","@id":"https:\/\/www.latribunedeplanas.com\/es\/#\/schema\/person\/590a87318688792f18d8e1c983528bc8","name":"Jim","image":{"@type":"ImageObject","inLanguage":"es","@id":"https:\/\/secure.gravatar.com\/avatar\/5a89228fd282eb9ee33a60b4ff06f9c31751866f1fb91ca56263af0968354113?s=96&d=mm&r=g","url":"https:\/\/secure.gravatar.com\/avatar\/5a89228fd282eb9ee33a60b4ff06f9c31751866f1fb91ca56263af0968354113?s=96&d=mm&r=g","contentUrl":"https:\/\/secure.gravatar.com\/avatar\/5a89228fd282eb9ee33a60b4ff06f9c31751866f1fb91ca56263af0968354113?s=96&d=mm&r=g","caption":"Jim"},"sameAs":["https:\/\/www.creawebsite.be\/","https:\/\/www.facebook.com\/Creawebsite-113915200150984","https:\/\/www.instagram.com\/creawebsite.be\/","https:\/\/www.linkedin.com\/in\/jean-marc-delchef\/"]}]}},"_links":{"self":[{"href":"https:\/\/www.latribunedeplanas.com\/es\/wp-json\/wp\/v2\/posts\/28476","targetHints":{"allow":["GET"]}}],"collection":[{"href":"https:\/\/www.latribunedeplanas.com\/es\/wp-json\/wp\/v2\/posts"}],"about":[{"href":"https:\/\/www.latribunedeplanas.com\/es\/wp-json\/wp\/v2\/types\/post"}],"author":[{"embeddable":true,"href":"https:\/\/www.latribunedeplanas.com\/es\/wp-json\/wp\/v2\/users\/1"}],"replies":[{"embeddable":true,"href":"https:\/\/www.latribunedeplanas.com\/es\/wp-json\/wp\/v2\/comments?post=28476"}],"version-history":[{"count":4,"href":"https:\/\/www.latribunedeplanas.com\/es\/wp-json\/wp\/v2\/posts\/28476\/revisions"}],"predecessor-version":[{"id":28488,"href":"https:\/\/www.latribunedeplanas.com\/es\/wp-json\/wp\/v2\/posts\/28476\/revisions\/28488"}],"wp:attachment":[{"href":"https:\/\/www.latribunedeplanas.com\/es\/wp-json\/wp\/v2\/media?parent=28476"}],"wp:term":[{"taxonomy":"category","embeddable":true,"href":"https:\/\/www.latribunedeplanas.com\/es\/wp-json\/wp\/v2\/categories?post=28476"},{"taxonomy":"post_tag","embeddable":true,"href":"https:\/\/www.latribunedeplanas.com\/es\/wp-json\/wp\/v2\/tags?post=28476"}],"curies":[{"name":"wp","href":"https:\/\/api.w.org\/{rel}","templated":true}]}}