{"id":28391,"date":"2002-03-14T11:47:13","date_gmt":"2002-03-14T10:47:13","guid":{"rendered":"https:\/\/www.latribunedeplanas.com\/14-mars-2002-fax-de-lavocat-sabate-confirmant-lenregistrement-des-biens-communs-au-nom-de-la-mairie\/"},"modified":"2025-08-21T12:32:42","modified_gmt":"2025-08-21T10:32:42","slug":"14-de-marzo-de-2002-fax-del-abogado-sabate-confirmando-la-inscripcion-de-los-bienes-comunes-a-nombre-del-ayuntamiento","status":"publish","type":"post","link":"https:\/\/www.latribunedeplanas.com\/es\/14-de-marzo-de-2002-fax-del-abogado-sabate-confirmando-la-inscripcion-de-los-bienes-comunes-a-nombre-del-ayuntamiento\/","title":{"rendered":"14 de marzo de 2002: Fax del abogado Sabat\u00e9 confirmando la inscripci\u00f3n de los bienes comunes a nombre del Ayuntamiento"},"content":{"rendered":"<p>[et_pb_section fb_built=\u00bb1&#8243; admin_label=\u00bbSection-Article\u00bb module_class=\u00bbsection-article\u00bb _builder_version=\u00bb4.18.0&#8243; custom_margin=\u00bb0px|0px|0px|0px\u00bb custom_padding=\u00bb0px|0px|0px|0px\u00bb global_colors_info=\u00bb{}\u00bb][et_pb_row use_custom_gutter=\u00bbon\u00bb gutter_width=\u00bb1&#8243; custom_padding_last_edited=\u00bbon|phone\u00bb admin_label=\u00bbLigne-Article\u00bb module_class=\u00bbligne-article et_pb_row_fullwidth\u00bb _builder_version=\u00bb4.27.4&#8243; width=\u00bb100%\u00bb width_tablet=\u00bb100%\u00bb width_phone=\u00bb\u00bb width_last_edited=\u00bbon|desktop\u00bb max_width=\u00bb100%\u00bb max_width_tablet=\u00bb100%\u00bb max_width_phone=\u00bb\u00bb max_width_last_edited=\u00bbon|desktop\u00bb custom_margin=\u00bb0px||0px\u00bb custom_padding=\u00bb20px||0px||false|false\u00bb custom_padding_tablet=\u00bb20px||0px||false|false\u00bb custom_padding_phone=\u00bb15px||||false|false\u00bb make_fullwidth=\u00bbon\u00bb global_colors_info=\u00bb{}\u00bb][et_pb_column type=\u00bb4_4&#8243; _builder_version=\u00bb4.16&#8243; custom_padding=\u00bb|||\u00bb global_colors_info=\u00bb{}\u00bb custom_padding__hover=\u00bb|||\u00bb][et_pb_text admin_label=\u00bbTexte-14 de marzo de 2002: Fax del abogado Sabat\u00e9 confirmando la inscripci\u00f3n de los bienes comunes a nombre del Ayuntamiento\u00bb module_class=\u00bbtxt-article\u00bb _builder_version=\u00bb4.27.4&#8243; text_font=\u00bb|300|||||||\u00bb header_font=\u00bb||||||||\u00bb header_2_line_height=\u00bb1.2em\u00bb header_3_font=\u00bb||||||||\u00bb header_3_line_height=\u00bb1.3em\u00bb header_4_text_align=\u00bbcenter\u00bb custom_padding=\u00bb||||false|false\u00bb text_line_height_tablet=\u00bb\u00bb text_line_height_phone=\u00bb1.3em\u00bb text_line_height_last_edited=\u00bbon|desktop\u00bb header_2_font_size_tablet=\u00bb\u00bb header_2_font_size_phone=\u00bb\u00bb header_2_font_size_last_edited=\u00bbon|phone\u00bb header_3_font_size_tablet=\u00bb\u00bb header_3_font_size_phone=\u00bb23px\u00bb header_3_font_size_last_edited=\u00bbon|desktop\u00bb global_colors_info=\u00bb{}\u00bb]<\/p>\n<p>El <span class=\"accentue\">14 de marzo de 2002<\/span>, el abogado <span class=\"accentue\">Sabat\u00e9<\/span>, letrado de la <span class=\"accentue\">ECU (Entidad Colaboradora Urban\u00edstica)<\/span>, env\u00eda un <span class=\"accentue\">fax<\/span> confirmando que las <span class=\"accentue\">v\u00edas, zonas verdes y equipamientos comunes<\/span> de <span class=\"accentue\">Planas del Rey (Planes del Rei)<\/span> est\u00e1n <span class=\"accentue\">ya inscritos a nombre del Ayuntamiento de Pratdip<\/span> en el <span class=\"accentue\">Registro de la Propiedad<\/span>.<\/p>\n<hr style=\"margin-bottom: 30px;\" \/>\n<h2>1) Naturaleza del documento<\/h2>\n<ul>\n<li><span class=\"accentue\">Tipo<\/span>: fax jur\u00eddico firmado por el abogado <span class=\"accentue\">Sabat\u00e9<\/span>.<\/li>\n<li><span class=\"accentue\">Destinatario<\/span>: representantes y propietarios de la urbanizaci\u00f3n.<\/li>\n<li><span class=\"accentue\">Objeto<\/span>: informaci\u00f3n oficial sobre la <span class=\"accentue\">inscripci\u00f3n en el Registro de la Propiedad<\/span> de los bienes comunes a nombre del Ayuntamiento.<\/li>\n<\/ul>\n<hr style=\"margin-bottom: 30px;\" \/>\n<h2>2) Contenido esencial<\/h2>\n<ul>\n<li>Confirmaci\u00f3n escrita de que los <span class=\"accentue\">actos de cesi\u00f3n<\/span> han sido <span class=\"accentue\">otorgados e inscritos<\/span> a favor del <span class=\"accentue\">Ayuntamiento de Pratdip<\/span>.<\/li>\n<li>Recordatorio del contexto procesal: <span class=\"accentue\">sentencia del 23\/11\/1993<\/span>, <span class=\"accentue\">auto del 29\/10\/2001<\/span>, <span class=\"accentue\">nota informativa del 13\/03\/2002<\/span>.<\/li>\n<li>Precisi\u00f3n de que la <span class=\"accentue\">falta de ejecuci\u00f3n voluntaria del promotor<\/span> fue suplida por la <span class=\"accentue\">decisi\u00f3n judicial<\/span> (sustituci\u00f3n de voluntad).<\/li>\n<\/ul>\n<hr style=\"margin-bottom: 30px;\" \/>\n<h2>3) Alcance jur\u00eddico<\/h2>\n<ul>\n<li>La <span class=\"accentue\">titularidad municipal<\/span> sobre las v\u00edas, zonas verdes y equipamientos est\u00e1 <span class=\"accentue\">adquirida<\/span>: la urbanizaci\u00f3n ya no puede calificarse de \u201cprivada\u201d en lo que respecta a estos bienes.<\/li>\n<li>El Ayuntamiento est\u00e1 <span class=\"accentue\">obligado<\/span> a asumir la gesti\u00f3n de estos bienes y a prestar los <span class=\"accentue\">servicios p\u00fablicos m\u00ednimos<\/span>.<\/li>\n<li>La tesis municipal de la <span class=\"accentue\">no recepci\u00f3n<\/span> queda <span class=\"accentue\">desmentida<\/span> por la <span class=\"accentue\">inscripci\u00f3n en el Registro de la Propiedad<\/span>.<\/li>\n<\/ul>\n<hr style=\"margin-bottom: 30px;\" \/>\n<h2>4) Consecuencias y efectos<\/h2>\n<ul>\n<li>Derecho de los propietarios a exigir el <span class=\"accentue\">mantenimiento<\/span> y la <span class=\"accentue\">prestaci\u00f3n de servicios<\/span> (agua, alumbrado, v\u00edas, saneamiento, residuos).<\/li>\n<li>Base probatoria para adjuntar a cualquier <span class=\"accentue\">interpelaci\u00f3n<\/span> al Ayuntamiento, a la <span class=\"accentue\">Generalitat<\/span> o al <em>S\u00edndic de Greuges<\/em>.<\/li>\n<li>Documento complementario a las resoluciones judiciales de <span class=\"accentue\">1993<\/span>, <span class=\"accentue\">2001<\/span> y a la <span class=\"accentue\">nota de 2002<\/span>.<\/li>\n<\/ul>\n<hr style=\"margin-bottom: 30px;\" \/>\n<h2>Palabras clave<\/h2>\n<ul>\n<li><span class=\"accentue\">Inscripci\u00f3n en el Registro de la Propiedad<\/span> \u2013 Pratdip \u2013 2002<\/li>\n<li><span class=\"accentue\">Cesi\u00f3n obligatoria y gratuita<\/span> \u2013 Planas del Rey (Planes del Rei)<\/li>\n<li><span class=\"accentue\">Recepci\u00f3n municipal<\/span> \u2013 <span class=\"accentue\">Servicios p\u00fablicos m\u00ednimos<\/span><\/li>\n<\/ul>\n<hr style=\"margin-bottom: 30px;\" \/>\n<h3 class=\"underline\">Documento<\/h3>\n<p style=\"padding-top: 30px;\"><a href=\"https:\/\/www.latribunedeplanas.com\/wp-content\/uploads\/2002\/03\/fax_avocat_sabate_140392.pdf\" class=\"pdfemb-viewer\" style=\"\" data-width=\"max\" data-height=\"max\" data-mobile-width=\"0\"  data-scrollbar=\"none\" data-download=\"on\" data-tracking=\"on\" data-newwindow=\"on\" data-pagetextbox=\"off\" data-scrolltotop=\"off\" data-startzoom=\"100\" data-startfpzoom=\"100\" data-toolbar=\"top\" data-toolbar-fixed=\"off\">fax_avocat_sabate_140392<br\/><\/a><\/p>\n<p>[\/et_pb_text][\/et_pb_column][\/et_pb_row][\/et_pb_section]<\/p>\n","protected":false},"excerpt":{"rendered":"<p>El 14 de marzo de 2002, el abogado Sabat\u00e9, letrado de la ECU (Entidad Colaboradora Urban\u00edstica), env\u00eda un fax confirmando que las v\u00edas, zonas verdes y equipamientos comunes de Planas del Rey (Planes del Rei) est\u00e1n ya inscritos a nombre del Ayuntamiento de Pratdip en el Registro de la Propiedad. 1) Naturaleza del documento Tipo: [&hellip;]<\/p>\n","protected":false},"author":1,"featured_media":0,"comment_status":"closed","ping_status":"closed","sticky":false,"template":"","format":"standard","meta":{"_et_pb_use_builder":"on","_et_pb_old_content":"","_et_gb_content_width":"","footnotes":""},"categories":[217],"tags":[],"class_list":["post-28391","post","type-post","status-publish","format-standard","hentry","category-documentos"],"yoast_head":"<!-- This site is optimized with the Yoast SEO plugin v27.5 - https:\/\/yoast.com\/product\/yoast-seo-wordpress\/ -->\n<title>14 de marzo de 2002: Fax del abogado Sabat\u00e9 confirmando la inscripci\u00f3n de los bienes comunes a nombre del Ayuntamiento - La Tribune de Planas<\/title>\n<meta name=\"description\" content=\"Fax del abogado Sabat\u00e9 (2002): los bienes comunes de Planas del Rey est\u00e1n inscritos a nombre del Ayuntamiento de Pratdip\" \/>\n<meta name=\"robots\" content=\"index, follow, max-snippet:-1, max-image-preview:large, max-video-preview:-1\" \/>\n<link rel=\"canonical\" href=\"https:\/\/www.latribunedeplanas.com\/es\/14-de-marzo-de-2002-fax-del-abogado-sabate-confirmando-la-inscripcion-de-los-bienes-comunes-a-nombre-del-ayuntamiento\/\" \/>\n<meta property=\"og:locale\" content=\"es_ES\" \/>\n<meta property=\"og:type\" content=\"article\" \/>\n<meta property=\"og:title\" content=\"14 de marzo de 2002: Fax del abogado Sabat\u00e9 confirmando la inscripci\u00f3n de los bienes comunes a nombre del Ayuntamiento - La Tribune de Planas\" \/>\n<meta property=\"og:description\" content=\"Fax del abogado Sabat\u00e9 (2002): los bienes comunes de Planas del Rey est\u00e1n inscritos a nombre del Ayuntamiento de Pratdip\" \/>\n<meta property=\"og:url\" content=\"https:\/\/www.latribunedeplanas.com\/es\/14-de-marzo-de-2002-fax-del-abogado-sabate-confirmando-la-inscripcion-de-los-bienes-comunes-a-nombre-del-ayuntamiento\/\" \/>\n<meta property=\"og:site_name\" content=\"La Tribune de Planas\" \/>\n<meta property=\"article:publisher\" content=\"https:\/\/www.facebook.com\/groups\/1220895301376005\/\" \/>\n<meta property=\"article:author\" content=\"https:\/\/www.facebook.com\/Creawebsite-113915200150984\" \/>\n<meta property=\"article:published_time\" content=\"2002-03-14T10:47:13+00:00\" \/>\n<meta property=\"article:modified_time\" content=\"2025-08-21T10:32:42+00:00\" \/>\n<meta name=\"author\" content=\"Jim\" \/>\n<meta name=\"twitter:card\" content=\"summary_large_image\" \/>\n<meta name=\"twitter:label1\" content=\"Escrito por\" \/>\n\t<meta name=\"twitter:data1\" content=\"Jim\" \/>\n\t<meta name=\"twitter:label2\" content=\"Tiempo de lectura\" \/>\n\t<meta name=\"twitter:data2\" content=\"2 minutos\" \/>\n<script type=\"application\/ld+json\" class=\"yoast-schema-graph\">{\"@context\":\"https:\\\/\\\/schema.org\",\"@graph\":[{\"@type\":\"Article\",\"@id\":\"https:\\\/\\\/www.latribunedeplanas.com\\\/es\\\/14-de-marzo-de-2002-fax-del-abogado-sabate-confirmando-la-inscripcion-de-los-bienes-comunes-a-nombre-del-ayuntamiento\\\/#article\",\"isPartOf\":{\"@id\":\"https:\\\/\\\/www.latribunedeplanas.com\\\/es\\\/14-de-marzo-de-2002-fax-del-abogado-sabate-confirmando-la-inscripcion-de-los-bienes-comunes-a-nombre-del-ayuntamiento\\\/\"},\"author\":{\"name\":\"Jim\",\"@id\":\"https:\\\/\\\/www.latribunedeplanas.com\\\/es\\\/#\\\/schema\\\/person\\\/590a87318688792f18d8e1c983528bc8\"},\"headline\":\"14 de marzo de 2002: Fax del abogado Sabat\u00e9 confirmando la inscripci\u00f3n de los bienes comunes a nombre del Ayuntamiento\",\"datePublished\":\"2002-03-14T10:47:13+00:00\",\"dateModified\":\"2025-08-21T10:32:42+00:00\",\"mainEntityOfPage\":{\"@id\":\"https:\\\/\\\/www.latribunedeplanas.com\\\/es\\\/14-de-marzo-de-2002-fax-del-abogado-sabate-confirmando-la-inscripcion-de-los-bienes-comunes-a-nombre-del-ayuntamiento\\\/\"},\"wordCount\":576,\"publisher\":{\"@id\":\"https:\\\/\\\/www.latribunedeplanas.com\\\/es\\\/#organization\"},\"articleSection\":[\"Documentos\"],\"inLanguage\":\"es\"},{\"@type\":\"WebPage\",\"@id\":\"https:\\\/\\\/www.latribunedeplanas.com\\\/es\\\/14-de-marzo-de-2002-fax-del-abogado-sabate-confirmando-la-inscripcion-de-los-bienes-comunes-a-nombre-del-ayuntamiento\\\/\",\"url\":\"https:\\\/\\\/www.latribunedeplanas.com\\\/es\\\/14-de-marzo-de-2002-fax-del-abogado-sabate-confirmando-la-inscripcion-de-los-bienes-comunes-a-nombre-del-ayuntamiento\\\/\",\"name\":\"14 de marzo de 2002: Fax del abogado Sabat\u00e9 confirmando la inscripci\u00f3n de los bienes comunes a nombre del Ayuntamiento - La Tribune de Planas\",\"isPartOf\":{\"@id\":\"https:\\\/\\\/www.latribunedeplanas.com\\\/es\\\/#website\"},\"datePublished\":\"2002-03-14T10:47:13+00:00\",\"dateModified\":\"2025-08-21T10:32:42+00:00\",\"description\":\"Fax del abogado Sabat\u00e9 (2002): los bienes comunes de Planas del Rey est\u00e1n inscritos a nombre del Ayuntamiento de Pratdip\",\"breadcrumb\":{\"@id\":\"https:\\\/\\\/www.latribunedeplanas.com\\\/es\\\/14-de-marzo-de-2002-fax-del-abogado-sabate-confirmando-la-inscripcion-de-los-bienes-comunes-a-nombre-del-ayuntamiento\\\/#breadcrumb\"},\"inLanguage\":\"es\",\"potentialAction\":[{\"@type\":\"ReadAction\",\"target\":[\"https:\\\/\\\/www.latribunedeplanas.com\\\/es\\\/14-de-marzo-de-2002-fax-del-abogado-sabate-confirmando-la-inscripcion-de-los-bienes-comunes-a-nombre-del-ayuntamiento\\\/\"]}]},{\"@type\":\"BreadcrumbList\",\"@id\":\"https:\\\/\\\/www.latribunedeplanas.com\\\/es\\\/14-de-marzo-de-2002-fax-del-abogado-sabate-confirmando-la-inscripcion-de-los-bienes-comunes-a-nombre-del-ayuntamiento\\\/#breadcrumb\",\"itemListElement\":[{\"@type\":\"ListItem\",\"position\":1,\"name\":\"Accueil\",\"item\":\"https:\\\/\\\/www.latribunedeplanas.com\\\/es\\\/\"},{\"@type\":\"ListItem\",\"position\":2,\"name\":\"14 de marzo de 2002: Fax del abogado Sabat\u00e9 confirmando la inscripci\u00f3n de los bienes comunes a nombre del Ayuntamiento\"}]},{\"@type\":\"WebSite\",\"@id\":\"https:\\\/\\\/www.latribunedeplanas.com\\\/es\\\/#website\",\"url\":\"https:\\\/\\\/www.latribunedeplanas.com\\\/es\\\/\",\"name\":\"La Tribune de Planas\",\"description\":\"Les Planes del Rei - Urbanizaci\u00f3n del municipio de Pratdip\",\"publisher\":{\"@id\":\"https:\\\/\\\/www.latribunedeplanas.com\\\/es\\\/#organization\"},\"potentialAction\":[{\"@type\":\"SearchAction\",\"target\":{\"@type\":\"EntryPoint\",\"urlTemplate\":\"https:\\\/\\\/www.latribunedeplanas.com\\\/es\\\/?s={search_term_string}\"},\"query-input\":{\"@type\":\"PropertyValueSpecification\",\"valueRequired\":true,\"valueName\":\"search_term_string\"}}],\"inLanguage\":\"es\"},{\"@type\":\"Organization\",\"@id\":\"https:\\\/\\\/www.latribunedeplanas.com\\\/es\\\/#organization\",\"name\":\"Vecinos de Planes del Rei (SOSPlanes)\",\"url\":\"https:\\\/\\\/www.latribunedeplanas.com\\\/es\\\/\",\"logo\":{\"@type\":\"ImageObject\",\"inLanguage\":\"es\",\"@id\":\"https:\\\/\\\/www.latribunedeplanas.com\\\/es\\\/#\\\/schema\\\/logo\\\/image\\\/\",\"url\":\"https:\\\/\\\/www.latribunedeplanas.com\\\/wp-content\\\/uploads\\\/2021\\\/11\\\/logo-sos-planas-0.png\",\"contentUrl\":\"https:\\\/\\\/www.latribunedeplanas.com\\\/wp-content\\\/uploads\\\/2021\\\/11\\\/logo-sos-planas-0.png\",\"width\":600,\"height\":400,\"caption\":\"Vecinos de Planes del Rei (SOSPlanes)\"},\"image\":{\"@id\":\"https:\\\/\\\/www.latribunedeplanas.com\\\/es\\\/#\\\/schema\\\/logo\\\/image\\\/\"},\"sameAs\":[\"https:\\\/\\\/www.facebook.com\\\/groups\\\/1220895301376005\\\/\",\"https:\\\/\\\/www.instagram.com\\\/lasplanasdelrey\\\/\"]},{\"@type\":\"Person\",\"@id\":\"https:\\\/\\\/www.latribunedeplanas.com\\\/es\\\/#\\\/schema\\\/person\\\/590a87318688792f18d8e1c983528bc8\",\"name\":\"Jim\",\"image\":{\"@type\":\"ImageObject\",\"inLanguage\":\"es\",\"@id\":\"https:\\\/\\\/secure.gravatar.com\\\/avatar\\\/5a89228fd282eb9ee33a60b4ff06f9c31751866f1fb91ca56263af0968354113?s=96&d=mm&r=g\",\"url\":\"https:\\\/\\\/secure.gravatar.com\\\/avatar\\\/5a89228fd282eb9ee33a60b4ff06f9c31751866f1fb91ca56263af0968354113?s=96&d=mm&r=g\",\"contentUrl\":\"https:\\\/\\\/secure.gravatar.com\\\/avatar\\\/5a89228fd282eb9ee33a60b4ff06f9c31751866f1fb91ca56263af0968354113?s=96&d=mm&r=g\",\"caption\":\"Jim\"},\"sameAs\":[\"https:\\\/\\\/www.creawebsite.be\\\/\",\"https:\\\/\\\/www.facebook.com\\\/Creawebsite-113915200150984\",\"https:\\\/\\\/www.instagram.com\\\/creawebsite.be\\\/\",\"https:\\\/\\\/www.linkedin.com\\\/in\\\/jean-marc-delchef\\\/\"]}]}<\/script>\n<!-- \/ Yoast SEO plugin. -->","yoast_head_json":{"title":"14 de marzo de 2002: Fax del abogado Sabat\u00e9 confirmando la inscripci\u00f3n de los bienes comunes a nombre del Ayuntamiento - La Tribune de Planas","description":"Fax del abogado Sabat\u00e9 (2002): los bienes comunes de Planas del Rey est\u00e1n inscritos a nombre del Ayuntamiento de Pratdip","robots":{"index":"index","follow":"follow","max-snippet":"max-snippet:-1","max-image-preview":"max-image-preview:large","max-video-preview":"max-video-preview:-1"},"canonical":"https:\/\/www.latribunedeplanas.com\/es\/14-de-marzo-de-2002-fax-del-abogado-sabate-confirmando-la-inscripcion-de-los-bienes-comunes-a-nombre-del-ayuntamiento\/","og_locale":"es_ES","og_type":"article","og_title":"14 de marzo de 2002: Fax del abogado Sabat\u00e9 confirmando la inscripci\u00f3n de los bienes comunes a nombre del Ayuntamiento - La Tribune de Planas","og_description":"Fax del abogado Sabat\u00e9 (2002): los bienes comunes de Planas del Rey est\u00e1n inscritos a nombre del Ayuntamiento de Pratdip","og_url":"https:\/\/www.latribunedeplanas.com\/es\/14-de-marzo-de-2002-fax-del-abogado-sabate-confirmando-la-inscripcion-de-los-bienes-comunes-a-nombre-del-ayuntamiento\/","og_site_name":"La Tribune de Planas","article_publisher":"https:\/\/www.facebook.com\/groups\/1220895301376005\/","article_author":"https:\/\/www.facebook.com\/Creawebsite-113915200150984","article_published_time":"2002-03-14T10:47:13+00:00","article_modified_time":"2025-08-21T10:32:42+00:00","author":"Jim","twitter_card":"summary_large_image","twitter_misc":{"Escrito por":"Jim","Tiempo de lectura":"2 minutos"},"schema":{"@context":"https:\/\/schema.org","@graph":[{"@type":"Article","@id":"https:\/\/www.latribunedeplanas.com\/es\/14-de-marzo-de-2002-fax-del-abogado-sabate-confirmando-la-inscripcion-de-los-bienes-comunes-a-nombre-del-ayuntamiento\/#article","isPartOf":{"@id":"https:\/\/www.latribunedeplanas.com\/es\/14-de-marzo-de-2002-fax-del-abogado-sabate-confirmando-la-inscripcion-de-los-bienes-comunes-a-nombre-del-ayuntamiento\/"},"author":{"name":"Jim","@id":"https:\/\/www.latribunedeplanas.com\/es\/#\/schema\/person\/590a87318688792f18d8e1c983528bc8"},"headline":"14 de marzo de 2002: Fax del abogado Sabat\u00e9 confirmando la inscripci\u00f3n de los bienes comunes a nombre del Ayuntamiento","datePublished":"2002-03-14T10:47:13+00:00","dateModified":"2025-08-21T10:32:42+00:00","mainEntityOfPage":{"@id":"https:\/\/www.latribunedeplanas.com\/es\/14-de-marzo-de-2002-fax-del-abogado-sabate-confirmando-la-inscripcion-de-los-bienes-comunes-a-nombre-del-ayuntamiento\/"},"wordCount":576,"publisher":{"@id":"https:\/\/www.latribunedeplanas.com\/es\/#organization"},"articleSection":["Documentos"],"inLanguage":"es"},{"@type":"WebPage","@id":"https:\/\/www.latribunedeplanas.com\/es\/14-de-marzo-de-2002-fax-del-abogado-sabate-confirmando-la-inscripcion-de-los-bienes-comunes-a-nombre-del-ayuntamiento\/","url":"https:\/\/www.latribunedeplanas.com\/es\/14-de-marzo-de-2002-fax-del-abogado-sabate-confirmando-la-inscripcion-de-los-bienes-comunes-a-nombre-del-ayuntamiento\/","name":"14 de marzo de 2002: Fax del abogado Sabat\u00e9 confirmando la inscripci\u00f3n de los bienes comunes a nombre del Ayuntamiento - La Tribune de Planas","isPartOf":{"@id":"https:\/\/www.latribunedeplanas.com\/es\/#website"},"datePublished":"2002-03-14T10:47:13+00:00","dateModified":"2025-08-21T10:32:42+00:00","description":"Fax del abogado Sabat\u00e9 (2002): los bienes comunes de Planas del Rey est\u00e1n inscritos a nombre del Ayuntamiento de Pratdip","breadcrumb":{"@id":"https:\/\/www.latribunedeplanas.com\/es\/14-de-marzo-de-2002-fax-del-abogado-sabate-confirmando-la-inscripcion-de-los-bienes-comunes-a-nombre-del-ayuntamiento\/#breadcrumb"},"inLanguage":"es","potentialAction":[{"@type":"ReadAction","target":["https:\/\/www.latribunedeplanas.com\/es\/14-de-marzo-de-2002-fax-del-abogado-sabate-confirmando-la-inscripcion-de-los-bienes-comunes-a-nombre-del-ayuntamiento\/"]}]},{"@type":"BreadcrumbList","@id":"https:\/\/www.latribunedeplanas.com\/es\/14-de-marzo-de-2002-fax-del-abogado-sabate-confirmando-la-inscripcion-de-los-bienes-comunes-a-nombre-del-ayuntamiento\/#breadcrumb","itemListElement":[{"@type":"ListItem","position":1,"name":"Accueil","item":"https:\/\/www.latribunedeplanas.com\/es\/"},{"@type":"ListItem","position":2,"name":"14 de marzo de 2002: Fax del abogado Sabat\u00e9 confirmando la inscripci\u00f3n de los bienes comunes a nombre del Ayuntamiento"}]},{"@type":"WebSite","@id":"https:\/\/www.latribunedeplanas.com\/es\/#website","url":"https:\/\/www.latribunedeplanas.com\/es\/","name":"La Tribune de Planas","description":"Les Planes del Rei - Urbanizaci\u00f3n del municipio de Pratdip","publisher":{"@id":"https:\/\/www.latribunedeplanas.com\/es\/#organization"},"potentialAction":[{"@type":"SearchAction","target":{"@type":"EntryPoint","urlTemplate":"https:\/\/www.latribunedeplanas.com\/es\/?s={search_term_string}"},"query-input":{"@type":"PropertyValueSpecification","valueRequired":true,"valueName":"search_term_string"}}],"inLanguage":"es"},{"@type":"Organization","@id":"https:\/\/www.latribunedeplanas.com\/es\/#organization","name":"Vecinos de Planes del Rei (SOSPlanes)","url":"https:\/\/www.latribunedeplanas.com\/es\/","logo":{"@type":"ImageObject","inLanguage":"es","@id":"https:\/\/www.latribunedeplanas.com\/es\/#\/schema\/logo\/image\/","url":"https:\/\/www.latribunedeplanas.com\/wp-content\/uploads\/2021\/11\/logo-sos-planas-0.png","contentUrl":"https:\/\/www.latribunedeplanas.com\/wp-content\/uploads\/2021\/11\/logo-sos-planas-0.png","width":600,"height":400,"caption":"Vecinos de Planes del Rei (SOSPlanes)"},"image":{"@id":"https:\/\/www.latribunedeplanas.com\/es\/#\/schema\/logo\/image\/"},"sameAs":["https:\/\/www.facebook.com\/groups\/1220895301376005\/","https:\/\/www.instagram.com\/lasplanasdelrey\/"]},{"@type":"Person","@id":"https:\/\/www.latribunedeplanas.com\/es\/#\/schema\/person\/590a87318688792f18d8e1c983528bc8","name":"Jim","image":{"@type":"ImageObject","inLanguage":"es","@id":"https:\/\/secure.gravatar.com\/avatar\/5a89228fd282eb9ee33a60b4ff06f9c31751866f1fb91ca56263af0968354113?s=96&d=mm&r=g","url":"https:\/\/secure.gravatar.com\/avatar\/5a89228fd282eb9ee33a60b4ff06f9c31751866f1fb91ca56263af0968354113?s=96&d=mm&r=g","contentUrl":"https:\/\/secure.gravatar.com\/avatar\/5a89228fd282eb9ee33a60b4ff06f9c31751866f1fb91ca56263af0968354113?s=96&d=mm&r=g","caption":"Jim"},"sameAs":["https:\/\/www.creawebsite.be\/","https:\/\/www.facebook.com\/Creawebsite-113915200150984","https:\/\/www.instagram.com\/creawebsite.be\/","https:\/\/www.linkedin.com\/in\/jean-marc-delchef\/"]}]}},"_links":{"self":[{"href":"https:\/\/www.latribunedeplanas.com\/es\/wp-json\/wp\/v2\/posts\/28391","targetHints":{"allow":["GET"]}}],"collection":[{"href":"https:\/\/www.latribunedeplanas.com\/es\/wp-json\/wp\/v2\/posts"}],"about":[{"href":"https:\/\/www.latribunedeplanas.com\/es\/wp-json\/wp\/v2\/types\/post"}],"author":[{"embeddable":true,"href":"https:\/\/www.latribunedeplanas.com\/es\/wp-json\/wp\/v2\/users\/1"}],"replies":[{"embeddable":true,"href":"https:\/\/www.latribunedeplanas.com\/es\/wp-json\/wp\/v2\/comments?post=28391"}],"version-history":[{"count":2,"href":"https:\/\/www.latribunedeplanas.com\/es\/wp-json\/wp\/v2\/posts\/28391\/revisions"}],"predecessor-version":[{"id":28398,"href":"https:\/\/www.latribunedeplanas.com\/es\/wp-json\/wp\/v2\/posts\/28391\/revisions\/28398"}],"wp:attachment":[{"href":"https:\/\/www.latribunedeplanas.com\/es\/wp-json\/wp\/v2\/media?parent=28391"}],"wp:term":[{"taxonomy":"category","embeddable":true,"href":"https:\/\/www.latribunedeplanas.com\/es\/wp-json\/wp\/v2\/categories?post=28391"},{"taxonomy":"post_tag","embeddable":true,"href":"https:\/\/www.latribunedeplanas.com\/es\/wp-json\/wp\/v2\/tags?post=28391"}],"curies":[{"name":"wp","href":"https:\/\/api.w.org\/{rel}","templated":true}]}}