{"id":28373,"date":"2002-03-13T20:33:17","date_gmt":"2002-03-13T19:33:17","guid":{"rendered":"https:\/\/www.latribunedeplanas.com\/13-mars-2002-note-informative-du-tribunal-de-falset-confirmant-lexecution-de-la-sentence-de-1993\/"},"modified":"2025-08-19T22:07:39","modified_gmt":"2025-08-19T20:07:39","slug":"13-de-marzo-de-2002-nota-informativa-del-juzgado-de-falset-confirmando-la-ejecucion-de-la-sentencia-de-1993","status":"publish","type":"post","link":"https:\/\/www.latribunedeplanas.com\/es\/13-de-marzo-de-2002-nota-informativa-del-juzgado-de-falset-confirmando-la-ejecucion-de-la-sentencia-de-1993\/","title":{"rendered":"13 de marzo de 2002: Nota informativa del Juzgado de Falset confirmando la ejecuci\u00f3n de la sentencia de 1993"},"content":{"rendered":"<p>[et_pb_section fb_built=\u00bb1&#8243; admin_label=\u00bbSection-Article\u00bb module_class=\u00bbsection-article\u00bb _builder_version=\u00bb4.18.0&#8243; custom_margin=\u00bb0px|0px|0px|0px\u00bb custom_padding=\u00bb0px|0px|0px|0px\u00bb global_colors_info=\u00bb{}\u00bb][et_pb_row use_custom_gutter=\u00bbon\u00bb gutter_width=\u00bb1&#8243; custom_padding_last_edited=\u00bbon|phone\u00bb admin_label=\u00bbLigne-Article\u00bb module_class=\u00bbligne-article et_pb_row_fullwidth\u00bb _builder_version=\u00bb4.27.4&#8243; width=\u00bb100%\u00bb width_tablet=\u00bb100%\u00bb width_phone=\u00bb\u00bb width_last_edited=\u00bbon|desktop\u00bb max_width=\u00bb100%\u00bb max_width_tablet=\u00bb100%\u00bb max_width_phone=\u00bb\u00bb max_width_last_edited=\u00bbon|desktop\u00bb custom_margin=\u00bb0px||0px\u00bb custom_padding=\u00bb20px||0px||false|false\u00bb custom_padding_tablet=\u00bb20px||0px||false|false\u00bb custom_padding_phone=\u00bb15px||||false|false\u00bb make_fullwidth=\u00bbon\u00bb global_colors_info=\u00bb{}\u00bb][et_pb_column type=\u00bb4_4&#8243; _builder_version=\u00bb4.16&#8243; custom_padding=\u00bb|||\u00bb global_colors_info=\u00bb{}\u00bb custom_padding__hover=\u00bb|||\u00bb][et_pb_text admin_label=\u00bbTexte-13 de marzo de 2002: Nota informativa del Juzgado de Falset confirmando la ejecuci\u00f3n de la sentencia de 1993&#8243; module_class=\u00bbtxt-article\u00bb _builder_version=\u00bb4.27.4&#8243; text_font=\u00bb|300|||||||\u00bb header_font=\u00bb||||||||\u00bb header_2_line_height=\u00bb1.2em\u00bb header_3_font=\u00bb||||||||\u00bb header_3_line_height=\u00bb1.3em\u00bb header_4_text_align=\u00bbcenter\u00bb custom_padding=\u00bb||||false|false\u00bb hover_enabled=\u00bb0&#8243; text_line_height_tablet=\u00bb\u00bb text_line_height_phone=\u00bb1.3em\u00bb text_line_height_last_edited=\u00bbon|desktop\u00bb header_2_font_size_tablet=\u00bb\u00bb header_2_font_size_phone=\u00bb\u00bb header_2_font_size_last_edited=\u00bbon|phone\u00bb header_3_font_size_tablet=\u00bb\u00bb header_3_font_size_phone=\u00bb23px\u00bb header_3_font_size_last_edited=\u00bbon|desktop\u00bb global_colors_info=\u00bb{}\u00bb sticky_enabled=\u00bb0&#8243;]<\/p>\n<p>El <span class=\"accentue\">13 de marzo de 2002<\/span>, el <span class=\"accentue\">Juzgado de Primera Instancia e Instrucci\u00f3n n.\u00ba 1 de Falset<\/span> publica una <span class=\"accentue\">nota informativa<\/span> relativa a la urbanizaci\u00f3n <span class=\"accentue\">Planas del Rey (Planes del Rei)<\/span>.<br \/>\nEste documento se emite a ra\u00edz del <span class=\"accentue\">auto del 29 de octubre de 2001<\/span> y precisa el alcance de la <span class=\"accentue\">ejecuci\u00f3n de la sentencia del 23 de noviembre de 1993<\/span> respecto a la cesi\u00f3n de los bienes comunes al Ayuntamiento de Pratdip.<\/p>\n<hr style=\"margin-bottom: 30px;\" \/>\n<h2>1) Naturaleza del documento<\/h2>\n<ul>\n<li><span class=\"accentue\">Tipo<\/span>: nota informativa emitida por el <span class=\"accentue\">Juzgado de Falset<\/span>.<\/li>\n<li><span class=\"accentue\">Objeto<\/span>: aclarar el procedimiento de <em>ejecuci\u00f3n de t\u00edtulos judiciales<\/em> iniciado tras el auto del 29\/10\/2001.<\/li>\n<li><span class=\"accentue\">Alcance<\/span>: recordatorio de las obligaciones de cesi\u00f3n gratuita de <em>viales<\/em>, zonas verdes y equipamientos a favor del Ayuntamiento.<\/li>\n<\/ul>\n<hr style=\"margin-bottom: 30px;\" \/>\n<h2>2) Aclaraciones aportadas por la jurisdicci\u00f3n<\/h2>\n<ul>\n<li>La <span class=\"accentue\">declaraci\u00f3n de voluntad del promotor<\/span> se tiene por <span class=\"accentue\">emitida<\/span> mediante decisi\u00f3n judicial cuando \u00e9ste no la ejecuta voluntariamente.<\/li>\n<li>La <span class=\"accentue\">cesi\u00f3n gratuita<\/span> de los bienes comunes a favor del <span class=\"accentue\">Ayuntamiento de Pratdip<\/span> debe considerarse <span class=\"accentue\">perfeccionada<\/span> (formalizaci\u00f3n por escritura y tr\u00e1mites administrativos posteriores).<\/li>\n<li>El procedimiento de <span class=\"accentue\">ejecuci\u00f3n<\/span> contin\u00faa hasta la materializaci\u00f3n efectiva de las transmisiones y las inscripciones correspondientes.<\/li>\n<\/ul>\n<hr style=\"margin-bottom: 30px;\" \/>\n<h2>3) Consecuencias jur\u00eddicas inmediatas<\/h2>\n<ul>\n<li>El Ayuntamiento <span class=\"accentue\">ya no puede<\/span> alegar la ausencia de recepci\u00f3n para rechazar la asunci\u00f3n de los bienes comunes.<\/li>\n<li>La <span class=\"accentue\">titularidad municipal<\/span> sobre viales, zonas verdes y equipamientos queda <span class=\"accentue\">adquirida en derecho<\/span> por sustituci\u00f3n de voluntad.<\/li>\n<li>Los propietarios pueden exigir la prestaci\u00f3n de los <span class=\"accentue\">servicios p\u00fablicos m\u00ednimos<\/span>: agua, alumbrado, vialidad, saneamiento, recogida de residuos.<\/li>\n<\/ul>\n<hr style=\"margin-bottom: 30px;\" \/>\n<h2>4) Utilizaci\u00f3n pr\u00e1ctica del documento<\/h2>\n<ul>\n<li>Para <span class=\"accentue\">adjuntar<\/span> en cualquier interpelaci\u00f3n al Ayuntamiento y a las administraciones (Generalitat, <em>S\u00edndic de Greuges<\/em>).<\/li>\n<li>Para <span class=\"accentue\">citar<\/span> como complemento del <span class=\"accentue\">auto del 29\/10\/2001<\/span> y de la <span class=\"accentue\">sentencia del 23\/11\/1993<\/span>.<\/li>\n<li>Argumento central contra la tesis municipal de la <span class=\"accentue\">no recepci\u00f3n<\/span> o de una supuesta \u00aburbanizaci\u00f3n privada\u00bb.<\/li>\n<\/ul>\n<hr style=\"margin-bottom: 30px;\" \/>\n<h2>Palabras clave<\/h2>\n<ul>\n<li><span class=\"accentue\">Ejecuci\u00f3n de t\u00edtulos judiciales<\/span> \u2013 Falset \u2013 2001-2002<\/li>\n<li><span class=\"accentue\">Cesi\u00f3n obligatoria y gratuita<\/span> \u2013 Planas del Rey (Planes del Rei)<\/li>\n<li><span class=\"accentue\">Recepci\u00f3n municipal<\/span> \u2013 <span class=\"accentue\">Servicios p\u00fablicos m\u00ednimos<\/span><\/li>\n<\/ul>\n<hr style=\"margin-bottom: 30px;\" \/>\n<h3 class=\"underline\">Documento<\/h3>\n<p style=\"padding-top: 30px;\"><a href=\"https:\/\/www.latribunedeplanas.com\/wp-content\/uploads\/2025\/08\/2002-03-13-falset-note-informative.pdf\" class=\"pdfemb-viewer\" style=\"\" data-width=\"max\" data-height=\"max\" data-mobile-width=\"0\"  data-scrollbar=\"none\" data-download=\"on\" data-tracking=\"on\" data-newwindow=\"on\" data-pagetextbox=\"off\" data-scrolltotop=\"off\" data-startzoom=\"100\" data-startfpzoom=\"100\" data-toolbar=\"top\" data-toolbar-fixed=\"off\">2002-03-13-falset-note-informative<br\/><\/a><\/p>\n<p>[\/et_pb_text][\/et_pb_column][\/et_pb_row][\/et_pb_section]<\/p>\n","protected":false},"excerpt":{"rendered":"<p>El 13 de marzo de 2002, el Juzgado de Primera Instancia e Instrucci\u00f3n n.\u00ba 1 de Falset publica una nota informativa relativa a la urbanizaci\u00f3n Planas del Rey (Planes del Rei). Este documento se emite a ra\u00edz del auto del 29 de octubre de 2001 y precisa el alcance de la ejecuci\u00f3n de la sentencia [&hellip;]<\/p>\n","protected":false},"author":1,"featured_media":0,"comment_status":"closed","ping_status":"closed","sticky":false,"template":"","format":"standard","meta":{"_et_pb_use_builder":"on","_et_pb_old_content":"","_et_gb_content_width":"","footnotes":""},"categories":[217],"tags":[],"class_list":["post-28373","post","type-post","status-publish","format-standard","hentry","category-documentos"],"yoast_head":"<!-- This site is optimized with the Yoast SEO plugin v27.5 - https:\/\/yoast.com\/product\/yoast-seo-wordpress\/ -->\n<title>13 de marzo de 2002: Nota informativa del Juzgado de Falset confirmando la ejecuci\u00f3n de la sentencia de 1993 - La Tribune de Planas<\/title>\n<meta name=\"description\" content=\"Nota del Juzgado de Falset (2002) confirma la cesi\u00f3n de Planas del Rey al Ayuntamiento y obliga a prestar servicios p\u00fablicos.\" \/>\n<meta name=\"robots\" content=\"index, follow, max-snippet:-1, max-image-preview:large, max-video-preview:-1\" \/>\n<link rel=\"canonical\" href=\"https:\/\/www.latribunedeplanas.com\/es\/13-de-marzo-de-2002-nota-informativa-del-juzgado-de-falset-confirmando-la-ejecucion-de-la-sentencia-de-1993\/\" \/>\n<meta property=\"og:locale\" content=\"es_ES\" \/>\n<meta property=\"og:type\" content=\"article\" \/>\n<meta property=\"og:title\" content=\"13 de marzo de 2002: Nota informativa del Juzgado de Falset confirmando la ejecuci\u00f3n de la sentencia de 1993 - La Tribune de Planas\" \/>\n<meta property=\"og:description\" content=\"Nota del Juzgado de Falset (2002) confirma la cesi\u00f3n de Planas del Rey al Ayuntamiento y obliga a prestar servicios p\u00fablicos.\" \/>\n<meta property=\"og:url\" content=\"https:\/\/www.latribunedeplanas.com\/es\/13-de-marzo-de-2002-nota-informativa-del-juzgado-de-falset-confirmando-la-ejecucion-de-la-sentencia-de-1993\/\" \/>\n<meta property=\"og:site_name\" content=\"La Tribune de Planas\" \/>\n<meta property=\"article:publisher\" content=\"https:\/\/www.facebook.com\/groups\/1220895301376005\/\" \/>\n<meta property=\"article:author\" content=\"https:\/\/www.facebook.com\/Creawebsite-113915200150984\" \/>\n<meta property=\"article:published_time\" content=\"2002-03-13T19:33:17+00:00\" \/>\n<meta property=\"article:modified_time\" content=\"2025-08-19T20:07:39+00:00\" \/>\n<meta name=\"author\" content=\"Jim\" \/>\n<meta name=\"twitter:card\" content=\"summary_large_image\" \/>\n<meta name=\"twitter:label1\" content=\"Escrito por\" \/>\n\t<meta name=\"twitter:data1\" content=\"Jim\" \/>\n\t<meta name=\"twitter:label2\" content=\"Tiempo de lectura\" \/>\n\t<meta name=\"twitter:data2\" content=\"2 minutos\" \/>\n<script type=\"application\/ld+json\" class=\"yoast-schema-graph\">{\"@context\":\"https:\\\/\\\/schema.org\",\"@graph\":[{\"@type\":\"Article\",\"@id\":\"https:\\\/\\\/www.latribunedeplanas.com\\\/es\\\/13-de-marzo-de-2002-nota-informativa-del-juzgado-de-falset-confirmando-la-ejecucion-de-la-sentencia-de-1993\\\/#article\",\"isPartOf\":{\"@id\":\"https:\\\/\\\/www.latribunedeplanas.com\\\/es\\\/13-de-marzo-de-2002-nota-informativa-del-juzgado-de-falset-confirmando-la-ejecucion-de-la-sentencia-de-1993\\\/\"},\"author\":{\"name\":\"Jim\",\"@id\":\"https:\\\/\\\/www.latribunedeplanas.com\\\/es\\\/#\\\/schema\\\/person\\\/590a87318688792f18d8e1c983528bc8\"},\"headline\":\"13 de marzo de 2002: Nota informativa del Juzgado de Falset confirmando la ejecuci\u00f3n de la sentencia de 1993\",\"datePublished\":\"2002-03-13T19:33:17+00:00\",\"dateModified\":\"2025-08-19T20:07:39+00:00\",\"mainEntityOfPage\":{\"@id\":\"https:\\\/\\\/www.latribunedeplanas.com\\\/es\\\/13-de-marzo-de-2002-nota-informativa-del-juzgado-de-falset-confirmando-la-ejecucion-de-la-sentencia-de-1993\\\/\"},\"wordCount\":603,\"publisher\":{\"@id\":\"https:\\\/\\\/www.latribunedeplanas.com\\\/es\\\/#organization\"},\"articleSection\":[\"Documentos\"],\"inLanguage\":\"es\"},{\"@type\":\"WebPage\",\"@id\":\"https:\\\/\\\/www.latribunedeplanas.com\\\/es\\\/13-de-marzo-de-2002-nota-informativa-del-juzgado-de-falset-confirmando-la-ejecucion-de-la-sentencia-de-1993\\\/\",\"url\":\"https:\\\/\\\/www.latribunedeplanas.com\\\/es\\\/13-de-marzo-de-2002-nota-informativa-del-juzgado-de-falset-confirmando-la-ejecucion-de-la-sentencia-de-1993\\\/\",\"name\":\"13 de marzo de 2002: Nota informativa del Juzgado de Falset confirmando la ejecuci\u00f3n de la sentencia de 1993 - La Tribune de Planas\",\"isPartOf\":{\"@id\":\"https:\\\/\\\/www.latribunedeplanas.com\\\/es\\\/#website\"},\"datePublished\":\"2002-03-13T19:33:17+00:00\",\"dateModified\":\"2025-08-19T20:07:39+00:00\",\"description\":\"Nota del Juzgado de Falset (2002) confirma la cesi\u00f3n de Planas del Rey al Ayuntamiento y obliga a prestar servicios p\u00fablicos.\",\"breadcrumb\":{\"@id\":\"https:\\\/\\\/www.latribunedeplanas.com\\\/es\\\/13-de-marzo-de-2002-nota-informativa-del-juzgado-de-falset-confirmando-la-ejecucion-de-la-sentencia-de-1993\\\/#breadcrumb\"},\"inLanguage\":\"es\",\"potentialAction\":[{\"@type\":\"ReadAction\",\"target\":[\"https:\\\/\\\/www.latribunedeplanas.com\\\/es\\\/13-de-marzo-de-2002-nota-informativa-del-juzgado-de-falset-confirmando-la-ejecucion-de-la-sentencia-de-1993\\\/\"]}]},{\"@type\":\"BreadcrumbList\",\"@id\":\"https:\\\/\\\/www.latribunedeplanas.com\\\/es\\\/13-de-marzo-de-2002-nota-informativa-del-juzgado-de-falset-confirmando-la-ejecucion-de-la-sentencia-de-1993\\\/#breadcrumb\",\"itemListElement\":[{\"@type\":\"ListItem\",\"position\":1,\"name\":\"Accueil\",\"item\":\"https:\\\/\\\/www.latribunedeplanas.com\\\/es\\\/\"},{\"@type\":\"ListItem\",\"position\":2,\"name\":\"13 de marzo de 2002: Nota informativa del Juzgado de Falset confirmando la ejecuci\u00f3n de la sentencia de 1993\"}]},{\"@type\":\"WebSite\",\"@id\":\"https:\\\/\\\/www.latribunedeplanas.com\\\/es\\\/#website\",\"url\":\"https:\\\/\\\/www.latribunedeplanas.com\\\/es\\\/\",\"name\":\"La Tribune de Planas\",\"description\":\"Les Planes del Rei - Urbanizaci\u00f3n del municipio de Pratdip\",\"publisher\":{\"@id\":\"https:\\\/\\\/www.latribunedeplanas.com\\\/es\\\/#organization\"},\"potentialAction\":[{\"@type\":\"SearchAction\",\"target\":{\"@type\":\"EntryPoint\",\"urlTemplate\":\"https:\\\/\\\/www.latribunedeplanas.com\\\/es\\\/?s={search_term_string}\"},\"query-input\":{\"@type\":\"PropertyValueSpecification\",\"valueRequired\":true,\"valueName\":\"search_term_string\"}}],\"inLanguage\":\"es\"},{\"@type\":\"Organization\",\"@id\":\"https:\\\/\\\/www.latribunedeplanas.com\\\/es\\\/#organization\",\"name\":\"Vecinos de Planes del Rei (SOSPlanes)\",\"url\":\"https:\\\/\\\/www.latribunedeplanas.com\\\/es\\\/\",\"logo\":{\"@type\":\"ImageObject\",\"inLanguage\":\"es\",\"@id\":\"https:\\\/\\\/www.latribunedeplanas.com\\\/es\\\/#\\\/schema\\\/logo\\\/image\\\/\",\"url\":\"https:\\\/\\\/www.latribunedeplanas.com\\\/wp-content\\\/uploads\\\/2021\\\/11\\\/logo-sos-planas-0.png\",\"contentUrl\":\"https:\\\/\\\/www.latribunedeplanas.com\\\/wp-content\\\/uploads\\\/2021\\\/11\\\/logo-sos-planas-0.png\",\"width\":600,\"height\":400,\"caption\":\"Vecinos de Planes del Rei (SOSPlanes)\"},\"image\":{\"@id\":\"https:\\\/\\\/www.latribunedeplanas.com\\\/es\\\/#\\\/schema\\\/logo\\\/image\\\/\"},\"sameAs\":[\"https:\\\/\\\/www.facebook.com\\\/groups\\\/1220895301376005\\\/\",\"https:\\\/\\\/www.instagram.com\\\/lasplanasdelrey\\\/\"]},{\"@type\":\"Person\",\"@id\":\"https:\\\/\\\/www.latribunedeplanas.com\\\/es\\\/#\\\/schema\\\/person\\\/590a87318688792f18d8e1c983528bc8\",\"name\":\"Jim\",\"image\":{\"@type\":\"ImageObject\",\"inLanguage\":\"es\",\"@id\":\"https:\\\/\\\/secure.gravatar.com\\\/avatar\\\/5a89228fd282eb9ee33a60b4ff06f9c31751866f1fb91ca56263af0968354113?s=96&d=mm&r=g\",\"url\":\"https:\\\/\\\/secure.gravatar.com\\\/avatar\\\/5a89228fd282eb9ee33a60b4ff06f9c31751866f1fb91ca56263af0968354113?s=96&d=mm&r=g\",\"contentUrl\":\"https:\\\/\\\/secure.gravatar.com\\\/avatar\\\/5a89228fd282eb9ee33a60b4ff06f9c31751866f1fb91ca56263af0968354113?s=96&d=mm&r=g\",\"caption\":\"Jim\"},\"sameAs\":[\"https:\\\/\\\/www.creawebsite.be\\\/\",\"https:\\\/\\\/www.facebook.com\\\/Creawebsite-113915200150984\",\"https:\\\/\\\/www.instagram.com\\\/creawebsite.be\\\/\",\"https:\\\/\\\/www.linkedin.com\\\/in\\\/jean-marc-delchef\\\/\"]}]}<\/script>\n<!-- \/ Yoast SEO plugin. -->","yoast_head_json":{"title":"13 de marzo de 2002: Nota informativa del Juzgado de Falset confirmando la ejecuci\u00f3n de la sentencia de 1993 - La Tribune de Planas","description":"Nota del Juzgado de Falset (2002) confirma la cesi\u00f3n de Planas del Rey al Ayuntamiento y obliga a prestar servicios p\u00fablicos.","robots":{"index":"index","follow":"follow","max-snippet":"max-snippet:-1","max-image-preview":"max-image-preview:large","max-video-preview":"max-video-preview:-1"},"canonical":"https:\/\/www.latribunedeplanas.com\/es\/13-de-marzo-de-2002-nota-informativa-del-juzgado-de-falset-confirmando-la-ejecucion-de-la-sentencia-de-1993\/","og_locale":"es_ES","og_type":"article","og_title":"13 de marzo de 2002: Nota informativa del Juzgado de Falset confirmando la ejecuci\u00f3n de la sentencia de 1993 - La Tribune de Planas","og_description":"Nota del Juzgado de Falset (2002) confirma la cesi\u00f3n de Planas del Rey al Ayuntamiento y obliga a prestar servicios p\u00fablicos.","og_url":"https:\/\/www.latribunedeplanas.com\/es\/13-de-marzo-de-2002-nota-informativa-del-juzgado-de-falset-confirmando-la-ejecucion-de-la-sentencia-de-1993\/","og_site_name":"La Tribune de Planas","article_publisher":"https:\/\/www.facebook.com\/groups\/1220895301376005\/","article_author":"https:\/\/www.facebook.com\/Creawebsite-113915200150984","article_published_time":"2002-03-13T19:33:17+00:00","article_modified_time":"2025-08-19T20:07:39+00:00","author":"Jim","twitter_card":"summary_large_image","twitter_misc":{"Escrito por":"Jim","Tiempo de lectura":"2 minutos"},"schema":{"@context":"https:\/\/schema.org","@graph":[{"@type":"Article","@id":"https:\/\/www.latribunedeplanas.com\/es\/13-de-marzo-de-2002-nota-informativa-del-juzgado-de-falset-confirmando-la-ejecucion-de-la-sentencia-de-1993\/#article","isPartOf":{"@id":"https:\/\/www.latribunedeplanas.com\/es\/13-de-marzo-de-2002-nota-informativa-del-juzgado-de-falset-confirmando-la-ejecucion-de-la-sentencia-de-1993\/"},"author":{"name":"Jim","@id":"https:\/\/www.latribunedeplanas.com\/es\/#\/schema\/person\/590a87318688792f18d8e1c983528bc8"},"headline":"13 de marzo de 2002: Nota informativa del Juzgado de Falset confirmando la ejecuci\u00f3n de la sentencia de 1993","datePublished":"2002-03-13T19:33:17+00:00","dateModified":"2025-08-19T20:07:39+00:00","mainEntityOfPage":{"@id":"https:\/\/www.latribunedeplanas.com\/es\/13-de-marzo-de-2002-nota-informativa-del-juzgado-de-falset-confirmando-la-ejecucion-de-la-sentencia-de-1993\/"},"wordCount":603,"publisher":{"@id":"https:\/\/www.latribunedeplanas.com\/es\/#organization"},"articleSection":["Documentos"],"inLanguage":"es"},{"@type":"WebPage","@id":"https:\/\/www.latribunedeplanas.com\/es\/13-de-marzo-de-2002-nota-informativa-del-juzgado-de-falset-confirmando-la-ejecucion-de-la-sentencia-de-1993\/","url":"https:\/\/www.latribunedeplanas.com\/es\/13-de-marzo-de-2002-nota-informativa-del-juzgado-de-falset-confirmando-la-ejecucion-de-la-sentencia-de-1993\/","name":"13 de marzo de 2002: Nota informativa del Juzgado de Falset confirmando la ejecuci\u00f3n de la sentencia de 1993 - La Tribune de Planas","isPartOf":{"@id":"https:\/\/www.latribunedeplanas.com\/es\/#website"},"datePublished":"2002-03-13T19:33:17+00:00","dateModified":"2025-08-19T20:07:39+00:00","description":"Nota del Juzgado de Falset (2002) confirma la cesi\u00f3n de Planas del Rey al Ayuntamiento y obliga a prestar servicios p\u00fablicos.","breadcrumb":{"@id":"https:\/\/www.latribunedeplanas.com\/es\/13-de-marzo-de-2002-nota-informativa-del-juzgado-de-falset-confirmando-la-ejecucion-de-la-sentencia-de-1993\/#breadcrumb"},"inLanguage":"es","potentialAction":[{"@type":"ReadAction","target":["https:\/\/www.latribunedeplanas.com\/es\/13-de-marzo-de-2002-nota-informativa-del-juzgado-de-falset-confirmando-la-ejecucion-de-la-sentencia-de-1993\/"]}]},{"@type":"BreadcrumbList","@id":"https:\/\/www.latribunedeplanas.com\/es\/13-de-marzo-de-2002-nota-informativa-del-juzgado-de-falset-confirmando-la-ejecucion-de-la-sentencia-de-1993\/#breadcrumb","itemListElement":[{"@type":"ListItem","position":1,"name":"Accueil","item":"https:\/\/www.latribunedeplanas.com\/es\/"},{"@type":"ListItem","position":2,"name":"13 de marzo de 2002: Nota informativa del Juzgado de Falset confirmando la ejecuci\u00f3n de la sentencia de 1993"}]},{"@type":"WebSite","@id":"https:\/\/www.latribunedeplanas.com\/es\/#website","url":"https:\/\/www.latribunedeplanas.com\/es\/","name":"La Tribune de Planas","description":"Les Planes del Rei - Urbanizaci\u00f3n del municipio de Pratdip","publisher":{"@id":"https:\/\/www.latribunedeplanas.com\/es\/#organization"},"potentialAction":[{"@type":"SearchAction","target":{"@type":"EntryPoint","urlTemplate":"https:\/\/www.latribunedeplanas.com\/es\/?s={search_term_string}"},"query-input":{"@type":"PropertyValueSpecification","valueRequired":true,"valueName":"search_term_string"}}],"inLanguage":"es"},{"@type":"Organization","@id":"https:\/\/www.latribunedeplanas.com\/es\/#organization","name":"Vecinos de Planes del Rei (SOSPlanes)","url":"https:\/\/www.latribunedeplanas.com\/es\/","logo":{"@type":"ImageObject","inLanguage":"es","@id":"https:\/\/www.latribunedeplanas.com\/es\/#\/schema\/logo\/image\/","url":"https:\/\/www.latribunedeplanas.com\/wp-content\/uploads\/2021\/11\/logo-sos-planas-0.png","contentUrl":"https:\/\/www.latribunedeplanas.com\/wp-content\/uploads\/2021\/11\/logo-sos-planas-0.png","width":600,"height":400,"caption":"Vecinos de Planes del Rei (SOSPlanes)"},"image":{"@id":"https:\/\/www.latribunedeplanas.com\/es\/#\/schema\/logo\/image\/"},"sameAs":["https:\/\/www.facebook.com\/groups\/1220895301376005\/","https:\/\/www.instagram.com\/lasplanasdelrey\/"]},{"@type":"Person","@id":"https:\/\/www.latribunedeplanas.com\/es\/#\/schema\/person\/590a87318688792f18d8e1c983528bc8","name":"Jim","image":{"@type":"ImageObject","inLanguage":"es","@id":"https:\/\/secure.gravatar.com\/avatar\/5a89228fd282eb9ee33a60b4ff06f9c31751866f1fb91ca56263af0968354113?s=96&d=mm&r=g","url":"https:\/\/secure.gravatar.com\/avatar\/5a89228fd282eb9ee33a60b4ff06f9c31751866f1fb91ca56263af0968354113?s=96&d=mm&r=g","contentUrl":"https:\/\/secure.gravatar.com\/avatar\/5a89228fd282eb9ee33a60b4ff06f9c31751866f1fb91ca56263af0968354113?s=96&d=mm&r=g","caption":"Jim"},"sameAs":["https:\/\/www.creawebsite.be\/","https:\/\/www.facebook.com\/Creawebsite-113915200150984","https:\/\/www.instagram.com\/creawebsite.be\/","https:\/\/www.linkedin.com\/in\/jean-marc-delchef\/"]}]}},"_links":{"self":[{"href":"https:\/\/www.latribunedeplanas.com\/es\/wp-json\/wp\/v2\/posts\/28373","targetHints":{"allow":["GET"]}}],"collection":[{"href":"https:\/\/www.latribunedeplanas.com\/es\/wp-json\/wp\/v2\/posts"}],"about":[{"href":"https:\/\/www.latribunedeplanas.com\/es\/wp-json\/wp\/v2\/types\/post"}],"author":[{"embeddable":true,"href":"https:\/\/www.latribunedeplanas.com\/es\/wp-json\/wp\/v2\/users\/1"}],"replies":[{"embeddable":true,"href":"https:\/\/www.latribunedeplanas.com\/es\/wp-json\/wp\/v2\/comments?post=28373"}],"version-history":[{"count":2,"href":"https:\/\/www.latribunedeplanas.com\/es\/wp-json\/wp\/v2\/posts\/28373\/revisions"}],"predecessor-version":[{"id":28376,"href":"https:\/\/www.latribunedeplanas.com\/es\/wp-json\/wp\/v2\/posts\/28373\/revisions\/28376"}],"wp:attachment":[{"href":"https:\/\/www.latribunedeplanas.com\/es\/wp-json\/wp\/v2\/media?parent=28373"}],"wp:term":[{"taxonomy":"category","embeddable":true,"href":"https:\/\/www.latribunedeplanas.com\/es\/wp-json\/wp\/v2\/categories?post=28373"},{"taxonomy":"post_tag","embeddable":true,"href":"https:\/\/www.latribunedeplanas.com\/es\/wp-json\/wp\/v2\/tags?post=28373"}],"curies":[{"name":"wp","href":"https:\/\/api.w.org\/{rel}","templated":true}]}}