{"id":28346,"date":"2001-10-29T14:05:53","date_gmt":"2001-10-29T13:05:53","guid":{"rendered":"https:\/\/www.latribunedeplanas.com\/29-octobre-2001-execution-de-la-sentence-de-1993-par-le-juzgado-de-primera-instancia-n1-de-falset\/"},"modified":"2025-08-19T14:37:16","modified_gmt":"2025-08-19T12:37:16","slug":"29-de-octubre-de-2001-ejecucion-de-la-sentencia-de-1993-por-el-juzgado-de-primera-instancia-n-o-1-de-falset","status":"publish","type":"post","link":"https:\/\/www.latribunedeplanas.com\/es\/29-de-octubre-de-2001-ejecucion-de-la-sentencia-de-1993-por-el-juzgado-de-primera-instancia-n-o-1-de-falset\/","title":{"rendered":"29 de octubre de 2001: Ejecuci\u00f3n de la sentencia de 1993 por el Juzgado de Primera Instancia n.\u00ba 1 de Falset"},"content":{"rendered":"<p>[et_pb_section fb_built=\u00bb1&#8243; admin_label=\u00bbSection-Article\u00bb module_class=\u00bbsection-article\u00bb _builder_version=\u00bb4.18.0&#8243; custom_margin=\u00bb0px|0px|0px|0px\u00bb custom_padding=\u00bb0px|0px|0px|0px\u00bb global_colors_info=\u00bb{}\u00bb][et_pb_row use_custom_gutter=\u00bbon\u00bb gutter_width=\u00bb1&#8243; custom_padding_last_edited=\u00bbon|phone\u00bb admin_label=\u00bbLigne-Article\u00bb module_class=\u00bbligne-article et_pb_row_fullwidth\u00bb _builder_version=\u00bb4.27.4&#8243; width=\u00bb100%\u00bb width_tablet=\u00bb100%\u00bb width_phone=\u00bb\u00bb width_last_edited=\u00bbon|desktop\u00bb max_width=\u00bb100%\u00bb max_width_tablet=\u00bb100%\u00bb max_width_phone=\u00bb\u00bb max_width_last_edited=\u00bbon|desktop\u00bb custom_margin=\u00bb0px||0px\u00bb custom_padding=\u00bb20px||0px||false|false\u00bb custom_padding_tablet=\u00bb20px||0px||false|false\u00bb custom_padding_phone=\u00bb15px||||false|false\u00bb make_fullwidth=\u00bbon\u00bb global_colors_info=\u00bb{}\u00bb][et_pb_column type=\u00bb4_4&#8243; _builder_version=\u00bb4.16&#8243; custom_padding=\u00bb|||\u00bb global_colors_info=\u00bb{}\u00bb custom_padding__hover=\u00bb|||\u00bb][et_pb_text admin_label=\u00bbTexte-29 de octubre de 2001: Ejecuci\u00f3n de la sentencia de 1993 por el Juzgado de Primera Instancia n.\u00ba 1 de Falset\u00bb module_class=\u00bbtxt-article\u00bb _builder_version=\u00bb4.27.4&#8243; text_font=\u00bb|300|||||||\u00bb header_font=\u00bb||||||||\u00bb header_2_line_height=\u00bb1.2em\u00bb header_3_font=\u00bb||||||||\u00bb header_3_line_height=\u00bb1.3em\u00bb header_4_text_align=\u00bbcenter\u00bb custom_padding=\u00bb||||false|false\u00bb hover_enabled=\u00bb0&#8243; text_line_height_tablet=\u00bb\u00bb text_line_height_phone=\u00bb1.3em\u00bb text_line_height_last_edited=\u00bbon|desktop\u00bb header_2_font_size_tablet=\u00bb\u00bb header_2_font_size_phone=\u00bb\u00bb header_2_font_size_last_edited=\u00bbon|phone\u00bb header_3_font_size_tablet=\u00bb\u00bb header_3_font_size_phone=\u00bb23px\u00bb header_3_font_size_last_edited=\u00bbon|desktop\u00bb global_colors_info=\u00bb{}\u00bb sticky_enabled=\u00bb0&#8243;]<\/p>\n<p>El <span class=\"accentue\">29 de octubre de 2001<\/span>, el <span class=\"accentue\">Juzgado de Primera Instancia n.\u00ba 1 de Falset<\/span> (procedimiento de <span class=\"accentue\">ejecuci\u00f3n de t\u00edtulos judiciales 195\/2001<\/span>) dicta un <span class=\"accentue\">auto<\/span> ordenando la ejecuci\u00f3n de la sentencia de <span class=\"accentue\">23 de noviembre de 1993<\/span> (<em>juicio de menor cuant\u00eda<\/em> 12\/90) relativa a la urbanizaci\u00f3n <span class=\"accentue\">Planas del Rey (Planes del Rei)<\/span>.<br \/>\nLa jueza <span class=\"accentue\">Victoria Gallego Mart\u00ednez<\/span> \u201ctiene por emitida\u201d la declaraci\u00f3n de voluntad del promotor con el fin de perfeccionar la cesi\u00f3n gratuita de los bienes comunes al <span class=\"accentue\">Ayuntamiento de Pratdip<\/span>, en aplicaci\u00f3n del <span class=\"accentue\">art\u00edculo 708 de la Ley de Enjuiciamiento Civil<\/span>.<\/p>\n<hr style=\"margin-bottom: 30px;\" \/>\n<h2>1) Contexto<\/h2>\n<ul>\n<li><span class=\"accentue\">Ejecutante<\/span>: Entidad Colaboradora Urban\u00edstica de Las Planas del Rey (ECU).<\/li>\n<li><span class=\"accentue\">Ejecutados<\/span>: <span class=\"accentue\">Francis Lebasque<\/span> (promotor) y la <span class=\"accentue\">Comisi\u00f3n de acreedores<\/span>.<\/li>\n<li><span class=\"accentue\">Fundamento<\/span>: ejecuci\u00f3n de la <span class=\"accentue\">sentencia del 23\/11\/1993<\/span> (menor cuant\u00eda 12\/90).<\/li>\n<\/ul>\n<h2>2) Objeto de la sentencia<\/h2>\n<p>Aplicar la sentencia de 1993 que condenaba al promotor a <span class=\"accentue\">ceder gratuitamente<\/span> al municipio las infraestructuras y equipamientos comunes de <span class=\"accentue\">Planas del Rey<\/span>.<\/p>\n<h2>3) Contenido de la decisi\u00f3n<\/h2>\n<ul>\n<li><span class=\"accentue\">Capacidad y legitimidad<\/span> de la ECU reconocidas; competencia jurisdiccional confirmada.<\/li>\n<li><span class=\"accentue\">T\u00edtulo ejecutivo<\/span>: la sentencia de 1993 cumple con las condiciones del art. 517 LEC.<\/li>\n<li><span class=\"accentue\">Art\u00edculo 708 LEC<\/span>: ante la falta de ejecuci\u00f3n voluntaria en el plazo previsto, el tribunal <span class=\"accentue\">tiene por emitida<\/span> la declaraci\u00f3n de voluntad del condenado, estando predeterminados los elementos esenciales del acto.<\/li>\n<\/ul>\n<h2>4) Bienes objeto de la cesi\u00f3n<\/h2>\n<ul>\n<li>La <span class=\"accentue\">piscina ol\u00edmpica<\/span> y la <span class=\"accentue\">piscina peque\u00f1a<\/span> con sus servicios.<\/li>\n<li>Las <span class=\"accentue\">cinco pistas de tenis<\/span>.<\/li>\n<li>El <span class=\"accentue\">mini-golf<\/span>.<\/li>\n<li>El <span class=\"accentue\">pozo<\/span> con sus <span class=\"accentue\">bombas<\/span>.<\/li>\n<li>Las <span class=\"accentue\">calles<\/span>.<\/li>\n<li>La <span class=\"accentue\">red de alcantarillado<\/span>.<\/li>\n<li>Todos los <span class=\"accentue\">terrenos de zonas verdes<\/span> con las plantaciones existentes.<\/li>\n<li>El <span class=\"accentue\">alumbrado p\u00fablico<\/span>.<\/li>\n<\/ul>\n<p>Estos bienes se consideran <span class=\"accentue\">cedidos gratuitamente<\/span> al <span class=\"accentue\">Ayuntamiento de Pratdip<\/span>, <span class=\"accentue\">incluso en ausencia de la firma<\/span> del promotor.<\/p>\n<h2>5) Tr\u00e1mites posteriores<\/h2>\n<ul>\n<li>Notificaci\u00f3n y env\u00edo de un <span class=\"accentue\">mandamiento<\/span> al <span class=\"accentue\">Registro de la Propiedad de Falset<\/span> para las anotaciones correspondientes.<\/li>\n<li>Solicitud al representante de la ECU de indicar un <span class=\"accentue\">domicilio de notificaci\u00f3n<\/span> para el Sr. Lebasque.<\/li>\n<\/ul>\n<hr style=\"margin-bottom: 30px;\" \/>\n<p class=\"accentue\">La sentencia del 29\/10\/2001 ejecuta de manera definitiva la del 23\/11\/1993: la cesi\u00f3n de los equipamientos colectivos de Planas del Rey al Ayuntamiento de Pratdip queda jur\u00eddicamente perfeccionada, teniendo por emitida la declaraci\u00f3n de voluntad del promotor mediante decisi\u00f3n judicial.<\/p>\n<hr style=\"margin-bottom: 30px;\" \/>\n<h3 class=\"underline\">Documento<\/h3>\n<p style=\"padding-top: 30px;\"><a href=\"https:\/\/www.latribunedeplanas.com\/wp-content\/uploads\/2017\/10\/2001-10-29-proc\u00e9dure-execution-titres-judiciaires-falset-195-2001.pdf\" class=\"pdfemb-viewer\" style=\"\" data-width=\"max\" data-height=\"max\" data-mobile-width=\"0\"  data-scrollbar=\"none\" data-download=\"on\" data-tracking=\"on\" data-newwindow=\"on\" data-pagetextbox=\"off\" data-scrolltotop=\"off\" data-startzoom=\"100\" data-startfpzoom=\"100\" data-toolbar=\"top\" data-toolbar-fixed=\"off\">2001-10-29-proc\u00e9dure-execution-titres-judiciaires-falset-195-2001<br\/><\/a><\/p>\n<p>[\/et_pb_text][\/et_pb_column][\/et_pb_row][\/et_pb_section]<\/p>\n","protected":false},"excerpt":{"rendered":"<p>El 29 de octubre de 2001, el Juzgado de Primera Instancia n.\u00ba 1 de Falset (procedimiento de ejecuci\u00f3n de t\u00edtulos judiciales 195\/2001) dicta un auto ordenando la ejecuci\u00f3n de la sentencia de 23 de noviembre de 1993 (juicio de menor cuant\u00eda 12\/90) relativa a la urbanizaci\u00f3n Planas del Rey (Planes del Rei). La jueza Victoria [&hellip;]<\/p>\n","protected":false},"author":1,"featured_media":0,"comment_status":"closed","ping_status":"closed","sticky":false,"template":"","format":"standard","meta":{"_et_pb_use_builder":"on","_et_pb_old_content":"","_et_gb_content_width":"","footnotes":""},"categories":[217],"tags":[],"class_list":["post-28346","post","type-post","status-publish","format-standard","hentry","category-documentos"],"yoast_head":"<!-- This site is optimized with the Yoast SEO plugin v27.5 - https:\/\/yoast.com\/product\/yoast-seo-wordpress\/ -->\n<title>29 de octubre de 2001: Ejecuci\u00f3n de la sentencia de 1993 por el Juzgado de Primera Instancia n.\u00ba 1 de Falset - La Tribune de Planas<\/title>\n<meta name=\"description\" content=\"En 2001, la justicia confirma la cesi\u00f3n gratuita de los equipamientos de Planas del Rey al Ayuntamiento de Pratdip, ejecutando la sentencia de 1993.\" \/>\n<meta name=\"robots\" content=\"index, follow, max-snippet:-1, max-image-preview:large, max-video-preview:-1\" \/>\n<link rel=\"canonical\" href=\"https:\/\/www.latribunedeplanas.com\/es\/29-de-octubre-de-2001-ejecucion-de-la-sentencia-de-1993-por-el-juzgado-de-primera-instancia-n-o-1-de-falset\/\" \/>\n<meta property=\"og:locale\" content=\"es_ES\" \/>\n<meta property=\"og:type\" content=\"article\" \/>\n<meta property=\"og:title\" content=\"29 de octubre de 2001: Ejecuci\u00f3n de la sentencia de 1993 por el Juzgado de Primera Instancia n.\u00ba 1 de Falset - La Tribune de Planas\" \/>\n<meta property=\"og:description\" content=\"En 2001, la justicia confirma la cesi\u00f3n gratuita de los equipamientos de Planas del Rey al Ayuntamiento de Pratdip, ejecutando la sentencia de 1993.\" \/>\n<meta property=\"og:url\" content=\"https:\/\/www.latribunedeplanas.com\/es\/29-de-octubre-de-2001-ejecucion-de-la-sentencia-de-1993-por-el-juzgado-de-primera-instancia-n-o-1-de-falset\/\" \/>\n<meta property=\"og:site_name\" content=\"La Tribune de Planas\" \/>\n<meta property=\"article:publisher\" content=\"https:\/\/www.facebook.com\/groups\/1220895301376005\/\" \/>\n<meta property=\"article:author\" content=\"https:\/\/www.facebook.com\/Creawebsite-113915200150984\" \/>\n<meta property=\"article:published_time\" content=\"2001-10-29T13:05:53+00:00\" \/>\n<meta property=\"article:modified_time\" content=\"2025-08-19T12:37:16+00:00\" \/>\n<meta name=\"author\" content=\"Jim\" \/>\n<meta name=\"twitter:card\" content=\"summary_large_image\" \/>\n<meta name=\"twitter:label1\" content=\"Escrito por\" \/>\n\t<meta name=\"twitter:data1\" content=\"Jim\" \/>\n\t<meta name=\"twitter:label2\" content=\"Tiempo de lectura\" \/>\n\t<meta name=\"twitter:data2\" content=\"2 minutos\" \/>\n<script type=\"application\/ld+json\" class=\"yoast-schema-graph\">{\"@context\":\"https:\\\/\\\/schema.org\",\"@graph\":[{\"@type\":\"Article\",\"@id\":\"https:\\\/\\\/www.latribunedeplanas.com\\\/es\\\/29-de-octubre-de-2001-ejecucion-de-la-sentencia-de-1993-por-el-juzgado-de-primera-instancia-n-o-1-de-falset\\\/#article\",\"isPartOf\":{\"@id\":\"https:\\\/\\\/www.latribunedeplanas.com\\\/es\\\/29-de-octubre-de-2001-ejecucion-de-la-sentencia-de-1993-por-el-juzgado-de-primera-instancia-n-o-1-de-falset\\\/\"},\"author\":{\"name\":\"Jim\",\"@id\":\"https:\\\/\\\/www.latribunedeplanas.com\\\/es\\\/#\\\/schema\\\/person\\\/590a87318688792f18d8e1c983528bc8\"},\"headline\":\"29 de octubre de 2001: Ejecuci\u00f3n de la sentencia de 1993 por el Juzgado de Primera Instancia n.\u00ba 1 de Falset\",\"datePublished\":\"2001-10-29T13:05:53+00:00\",\"dateModified\":\"2025-08-19T12:37:16+00:00\",\"mainEntityOfPage\":{\"@id\":\"https:\\\/\\\/www.latribunedeplanas.com\\\/es\\\/29-de-octubre-de-2001-ejecucion-de-la-sentencia-de-1993-por-el-juzgado-de-primera-instancia-n-o-1-de-falset\\\/\"},\"wordCount\":635,\"publisher\":{\"@id\":\"https:\\\/\\\/www.latribunedeplanas.com\\\/es\\\/#organization\"},\"articleSection\":[\"Documentos\"],\"inLanguage\":\"es\"},{\"@type\":\"WebPage\",\"@id\":\"https:\\\/\\\/www.latribunedeplanas.com\\\/es\\\/29-de-octubre-de-2001-ejecucion-de-la-sentencia-de-1993-por-el-juzgado-de-primera-instancia-n-o-1-de-falset\\\/\",\"url\":\"https:\\\/\\\/www.latribunedeplanas.com\\\/es\\\/29-de-octubre-de-2001-ejecucion-de-la-sentencia-de-1993-por-el-juzgado-de-primera-instancia-n-o-1-de-falset\\\/\",\"name\":\"29 de octubre de 2001: Ejecuci\u00f3n de la sentencia de 1993 por el Juzgado de Primera Instancia n.\u00ba 1 de Falset - La Tribune de Planas\",\"isPartOf\":{\"@id\":\"https:\\\/\\\/www.latribunedeplanas.com\\\/es\\\/#website\"},\"datePublished\":\"2001-10-29T13:05:53+00:00\",\"dateModified\":\"2025-08-19T12:37:16+00:00\",\"description\":\"En 2001, la justicia confirma la cesi\u00f3n gratuita de los equipamientos de Planas del Rey al Ayuntamiento de Pratdip, ejecutando la sentencia de 1993.\",\"breadcrumb\":{\"@id\":\"https:\\\/\\\/www.latribunedeplanas.com\\\/es\\\/29-de-octubre-de-2001-ejecucion-de-la-sentencia-de-1993-por-el-juzgado-de-primera-instancia-n-o-1-de-falset\\\/#breadcrumb\"},\"inLanguage\":\"es\",\"potentialAction\":[{\"@type\":\"ReadAction\",\"target\":[\"https:\\\/\\\/www.latribunedeplanas.com\\\/es\\\/29-de-octubre-de-2001-ejecucion-de-la-sentencia-de-1993-por-el-juzgado-de-primera-instancia-n-o-1-de-falset\\\/\"]}]},{\"@type\":\"BreadcrumbList\",\"@id\":\"https:\\\/\\\/www.latribunedeplanas.com\\\/es\\\/29-de-octubre-de-2001-ejecucion-de-la-sentencia-de-1993-por-el-juzgado-de-primera-instancia-n-o-1-de-falset\\\/#breadcrumb\",\"itemListElement\":[{\"@type\":\"ListItem\",\"position\":1,\"name\":\"Accueil\",\"item\":\"https:\\\/\\\/www.latribunedeplanas.com\\\/es\\\/\"},{\"@type\":\"ListItem\",\"position\":2,\"name\":\"29 de octubre de 2001: Ejecuci\u00f3n de la sentencia de 1993 por el Juzgado de Primera Instancia n.\u00ba 1 de Falset\"}]},{\"@type\":\"WebSite\",\"@id\":\"https:\\\/\\\/www.latribunedeplanas.com\\\/es\\\/#website\",\"url\":\"https:\\\/\\\/www.latribunedeplanas.com\\\/es\\\/\",\"name\":\"La Tribune de Planas\",\"description\":\"Les Planes del Rei - Urbanizaci\u00f3n del municipio de Pratdip\",\"publisher\":{\"@id\":\"https:\\\/\\\/www.latribunedeplanas.com\\\/es\\\/#organization\"},\"potentialAction\":[{\"@type\":\"SearchAction\",\"target\":{\"@type\":\"EntryPoint\",\"urlTemplate\":\"https:\\\/\\\/www.latribunedeplanas.com\\\/es\\\/?s={search_term_string}\"},\"query-input\":{\"@type\":\"PropertyValueSpecification\",\"valueRequired\":true,\"valueName\":\"search_term_string\"}}],\"inLanguage\":\"es\"},{\"@type\":\"Organization\",\"@id\":\"https:\\\/\\\/www.latribunedeplanas.com\\\/es\\\/#organization\",\"name\":\"Vecinos de Planes del Rei (SOSPlanes)\",\"url\":\"https:\\\/\\\/www.latribunedeplanas.com\\\/es\\\/\",\"logo\":{\"@type\":\"ImageObject\",\"inLanguage\":\"es\",\"@id\":\"https:\\\/\\\/www.latribunedeplanas.com\\\/es\\\/#\\\/schema\\\/logo\\\/image\\\/\",\"url\":\"https:\\\/\\\/www.latribunedeplanas.com\\\/wp-content\\\/uploads\\\/2021\\\/11\\\/logo-sos-planas-0.png\",\"contentUrl\":\"https:\\\/\\\/www.latribunedeplanas.com\\\/wp-content\\\/uploads\\\/2021\\\/11\\\/logo-sos-planas-0.png\",\"width\":600,\"height\":400,\"caption\":\"Vecinos de Planes del Rei (SOSPlanes)\"},\"image\":{\"@id\":\"https:\\\/\\\/www.latribunedeplanas.com\\\/es\\\/#\\\/schema\\\/logo\\\/image\\\/\"},\"sameAs\":[\"https:\\\/\\\/www.facebook.com\\\/groups\\\/1220895301376005\\\/\",\"https:\\\/\\\/www.instagram.com\\\/lasplanasdelrey\\\/\"]},{\"@type\":\"Person\",\"@id\":\"https:\\\/\\\/www.latribunedeplanas.com\\\/es\\\/#\\\/schema\\\/person\\\/590a87318688792f18d8e1c983528bc8\",\"name\":\"Jim\",\"image\":{\"@type\":\"ImageObject\",\"inLanguage\":\"es\",\"@id\":\"https:\\\/\\\/secure.gravatar.com\\\/avatar\\\/5a89228fd282eb9ee33a60b4ff06f9c31751866f1fb91ca56263af0968354113?s=96&d=mm&r=g\",\"url\":\"https:\\\/\\\/secure.gravatar.com\\\/avatar\\\/5a89228fd282eb9ee33a60b4ff06f9c31751866f1fb91ca56263af0968354113?s=96&d=mm&r=g\",\"contentUrl\":\"https:\\\/\\\/secure.gravatar.com\\\/avatar\\\/5a89228fd282eb9ee33a60b4ff06f9c31751866f1fb91ca56263af0968354113?s=96&d=mm&r=g\",\"caption\":\"Jim\"},\"sameAs\":[\"https:\\\/\\\/www.creawebsite.be\\\/\",\"https:\\\/\\\/www.facebook.com\\\/Creawebsite-113915200150984\",\"https:\\\/\\\/www.instagram.com\\\/creawebsite.be\\\/\",\"https:\\\/\\\/www.linkedin.com\\\/in\\\/jean-marc-delchef\\\/\"]}]}<\/script>\n<!-- \/ Yoast SEO plugin. -->","yoast_head_json":{"title":"29 de octubre de 2001: Ejecuci\u00f3n de la sentencia de 1993 por el Juzgado de Primera Instancia n.\u00ba 1 de Falset - La Tribune de Planas","description":"En 2001, la justicia confirma la cesi\u00f3n gratuita de los equipamientos de Planas del Rey al Ayuntamiento de Pratdip, ejecutando la sentencia de 1993.","robots":{"index":"index","follow":"follow","max-snippet":"max-snippet:-1","max-image-preview":"max-image-preview:large","max-video-preview":"max-video-preview:-1"},"canonical":"https:\/\/www.latribunedeplanas.com\/es\/29-de-octubre-de-2001-ejecucion-de-la-sentencia-de-1993-por-el-juzgado-de-primera-instancia-n-o-1-de-falset\/","og_locale":"es_ES","og_type":"article","og_title":"29 de octubre de 2001: Ejecuci\u00f3n de la sentencia de 1993 por el Juzgado de Primera Instancia n.\u00ba 1 de Falset - La Tribune de Planas","og_description":"En 2001, la justicia confirma la cesi\u00f3n gratuita de los equipamientos de Planas del Rey al Ayuntamiento de Pratdip, ejecutando la sentencia de 1993.","og_url":"https:\/\/www.latribunedeplanas.com\/es\/29-de-octubre-de-2001-ejecucion-de-la-sentencia-de-1993-por-el-juzgado-de-primera-instancia-n-o-1-de-falset\/","og_site_name":"La Tribune de Planas","article_publisher":"https:\/\/www.facebook.com\/groups\/1220895301376005\/","article_author":"https:\/\/www.facebook.com\/Creawebsite-113915200150984","article_published_time":"2001-10-29T13:05:53+00:00","article_modified_time":"2025-08-19T12:37:16+00:00","author":"Jim","twitter_card":"summary_large_image","twitter_misc":{"Escrito por":"Jim","Tiempo de lectura":"2 minutos"},"schema":{"@context":"https:\/\/schema.org","@graph":[{"@type":"Article","@id":"https:\/\/www.latribunedeplanas.com\/es\/29-de-octubre-de-2001-ejecucion-de-la-sentencia-de-1993-por-el-juzgado-de-primera-instancia-n-o-1-de-falset\/#article","isPartOf":{"@id":"https:\/\/www.latribunedeplanas.com\/es\/29-de-octubre-de-2001-ejecucion-de-la-sentencia-de-1993-por-el-juzgado-de-primera-instancia-n-o-1-de-falset\/"},"author":{"name":"Jim","@id":"https:\/\/www.latribunedeplanas.com\/es\/#\/schema\/person\/590a87318688792f18d8e1c983528bc8"},"headline":"29 de octubre de 2001: Ejecuci\u00f3n de la sentencia de 1993 por el Juzgado de Primera Instancia n.\u00ba 1 de Falset","datePublished":"2001-10-29T13:05:53+00:00","dateModified":"2025-08-19T12:37:16+00:00","mainEntityOfPage":{"@id":"https:\/\/www.latribunedeplanas.com\/es\/29-de-octubre-de-2001-ejecucion-de-la-sentencia-de-1993-por-el-juzgado-de-primera-instancia-n-o-1-de-falset\/"},"wordCount":635,"publisher":{"@id":"https:\/\/www.latribunedeplanas.com\/es\/#organization"},"articleSection":["Documentos"],"inLanguage":"es"},{"@type":"WebPage","@id":"https:\/\/www.latribunedeplanas.com\/es\/29-de-octubre-de-2001-ejecucion-de-la-sentencia-de-1993-por-el-juzgado-de-primera-instancia-n-o-1-de-falset\/","url":"https:\/\/www.latribunedeplanas.com\/es\/29-de-octubre-de-2001-ejecucion-de-la-sentencia-de-1993-por-el-juzgado-de-primera-instancia-n-o-1-de-falset\/","name":"29 de octubre de 2001: Ejecuci\u00f3n de la sentencia de 1993 por el Juzgado de Primera Instancia n.\u00ba 1 de Falset - La Tribune de Planas","isPartOf":{"@id":"https:\/\/www.latribunedeplanas.com\/es\/#website"},"datePublished":"2001-10-29T13:05:53+00:00","dateModified":"2025-08-19T12:37:16+00:00","description":"En 2001, la justicia confirma la cesi\u00f3n gratuita de los equipamientos de Planas del Rey al Ayuntamiento de Pratdip, ejecutando la sentencia de 1993.","breadcrumb":{"@id":"https:\/\/www.latribunedeplanas.com\/es\/29-de-octubre-de-2001-ejecucion-de-la-sentencia-de-1993-por-el-juzgado-de-primera-instancia-n-o-1-de-falset\/#breadcrumb"},"inLanguage":"es","potentialAction":[{"@type":"ReadAction","target":["https:\/\/www.latribunedeplanas.com\/es\/29-de-octubre-de-2001-ejecucion-de-la-sentencia-de-1993-por-el-juzgado-de-primera-instancia-n-o-1-de-falset\/"]}]},{"@type":"BreadcrumbList","@id":"https:\/\/www.latribunedeplanas.com\/es\/29-de-octubre-de-2001-ejecucion-de-la-sentencia-de-1993-por-el-juzgado-de-primera-instancia-n-o-1-de-falset\/#breadcrumb","itemListElement":[{"@type":"ListItem","position":1,"name":"Accueil","item":"https:\/\/www.latribunedeplanas.com\/es\/"},{"@type":"ListItem","position":2,"name":"29 de octubre de 2001: Ejecuci\u00f3n de la sentencia de 1993 por el Juzgado de Primera Instancia n.\u00ba 1 de Falset"}]},{"@type":"WebSite","@id":"https:\/\/www.latribunedeplanas.com\/es\/#website","url":"https:\/\/www.latribunedeplanas.com\/es\/","name":"La Tribune de Planas","description":"Les Planes del Rei - Urbanizaci\u00f3n del municipio de Pratdip","publisher":{"@id":"https:\/\/www.latribunedeplanas.com\/es\/#organization"},"potentialAction":[{"@type":"SearchAction","target":{"@type":"EntryPoint","urlTemplate":"https:\/\/www.latribunedeplanas.com\/es\/?s={search_term_string}"},"query-input":{"@type":"PropertyValueSpecification","valueRequired":true,"valueName":"search_term_string"}}],"inLanguage":"es"},{"@type":"Organization","@id":"https:\/\/www.latribunedeplanas.com\/es\/#organization","name":"Vecinos de Planes del Rei (SOSPlanes)","url":"https:\/\/www.latribunedeplanas.com\/es\/","logo":{"@type":"ImageObject","inLanguage":"es","@id":"https:\/\/www.latribunedeplanas.com\/es\/#\/schema\/logo\/image\/","url":"https:\/\/www.latribunedeplanas.com\/wp-content\/uploads\/2021\/11\/logo-sos-planas-0.png","contentUrl":"https:\/\/www.latribunedeplanas.com\/wp-content\/uploads\/2021\/11\/logo-sos-planas-0.png","width":600,"height":400,"caption":"Vecinos de Planes del Rei (SOSPlanes)"},"image":{"@id":"https:\/\/www.latribunedeplanas.com\/es\/#\/schema\/logo\/image\/"},"sameAs":["https:\/\/www.facebook.com\/groups\/1220895301376005\/","https:\/\/www.instagram.com\/lasplanasdelrey\/"]},{"@type":"Person","@id":"https:\/\/www.latribunedeplanas.com\/es\/#\/schema\/person\/590a87318688792f18d8e1c983528bc8","name":"Jim","image":{"@type":"ImageObject","inLanguage":"es","@id":"https:\/\/secure.gravatar.com\/avatar\/5a89228fd282eb9ee33a60b4ff06f9c31751866f1fb91ca56263af0968354113?s=96&d=mm&r=g","url":"https:\/\/secure.gravatar.com\/avatar\/5a89228fd282eb9ee33a60b4ff06f9c31751866f1fb91ca56263af0968354113?s=96&d=mm&r=g","contentUrl":"https:\/\/secure.gravatar.com\/avatar\/5a89228fd282eb9ee33a60b4ff06f9c31751866f1fb91ca56263af0968354113?s=96&d=mm&r=g","caption":"Jim"},"sameAs":["https:\/\/www.creawebsite.be\/","https:\/\/www.facebook.com\/Creawebsite-113915200150984","https:\/\/www.instagram.com\/creawebsite.be\/","https:\/\/www.linkedin.com\/in\/jean-marc-delchef\/"]}]}},"_links":{"self":[{"href":"https:\/\/www.latribunedeplanas.com\/es\/wp-json\/wp\/v2\/posts\/28346","targetHints":{"allow":["GET"]}}],"collection":[{"href":"https:\/\/www.latribunedeplanas.com\/es\/wp-json\/wp\/v2\/posts"}],"about":[{"href":"https:\/\/www.latribunedeplanas.com\/es\/wp-json\/wp\/v2\/types\/post"}],"author":[{"embeddable":true,"href":"https:\/\/www.latribunedeplanas.com\/es\/wp-json\/wp\/v2\/users\/1"}],"replies":[{"embeddable":true,"href":"https:\/\/www.latribunedeplanas.com\/es\/wp-json\/wp\/v2\/comments?post=28346"}],"version-history":[{"count":3,"href":"https:\/\/www.latribunedeplanas.com\/es\/wp-json\/wp\/v2\/posts\/28346\/revisions"}],"predecessor-version":[{"id":28353,"href":"https:\/\/www.latribunedeplanas.com\/es\/wp-json\/wp\/v2\/posts\/28346\/revisions\/28353"}],"wp:attachment":[{"href":"https:\/\/www.latribunedeplanas.com\/es\/wp-json\/wp\/v2\/media?parent=28346"}],"wp:term":[{"taxonomy":"category","embeddable":true,"href":"https:\/\/www.latribunedeplanas.com\/es\/wp-json\/wp\/v2\/categories?post=28346"},{"taxonomy":"post_tag","embeddable":true,"href":"https:\/\/www.latribunedeplanas.com\/es\/wp-json\/wp\/v2\/tags?post=28346"}],"curies":[{"name":"wp","href":"https:\/\/api.w.org\/{rel}","templated":true}]}}