{"id":28324,"date":"1999-03-03T13:04:30","date_gmt":"1999-03-03T12:04:30","guid":{"rendered":"https:\/\/www.latribunedeplanas.com\/mai-1999-pre-accord-doctroi-de-subventionmai-1999-pre-accord-doctroi-de-subvention\/"},"modified":"2025-08-19T13:23:59","modified_gmt":"2025-08-19T11:23:59","slug":"mayo-de-1999-preacuerdo-de-concesion-de-subvencion","status":"publish","type":"post","link":"https:\/\/www.latribunedeplanas.com\/es\/mayo-de-1999-preacuerdo-de-concesion-de-subvencion\/","title":{"rendered":"Mayo de 1999: Preacuerdo de concesi\u00f3n de subvenci\u00f3n"},"content":{"rendered":"<p>[et_pb_section fb_built=\u00bb1&#8243; admin_label=\u00bbSection-Article\u00bb module_class=\u00bbsection-article\u00bb _builder_version=\u00bb4.18.0&#8243; custom_margin=\u00bb0px|0px|0px|0px\u00bb custom_padding=\u00bb0px|0px|0px|0px\u00bb global_colors_info=\u00bb{}\u00bb][et_pb_row use_custom_gutter=\u00bbon\u00bb gutter_width=\u00bb1&#8243; custom_padding_last_edited=\u00bbon|phone\u00bb admin_label=\u00bbLigne-Article\u00bb module_class=\u00bbligne-article et_pb_row_fullwidth\u00bb _builder_version=\u00bb4.27.4&#8243; width=\u00bb100%\u00bb width_tablet=\u00bb100%\u00bb width_phone=\u00bb\u00bb width_last_edited=\u00bbon|desktop\u00bb max_width=\u00bb100%\u00bb max_width_tablet=\u00bb100%\u00bb max_width_phone=\u00bb\u00bb max_width_last_edited=\u00bbon|desktop\u00bb custom_margin=\u00bb0px||0px\u00bb custom_padding=\u00bb20px||0px||false|false\u00bb custom_padding_tablet=\u00bb20px||0px||false|false\u00bb custom_padding_phone=\u00bb15px||||false|false\u00bb make_fullwidth=\u00bbon\u00bb global_colors_info=\u00bb{}\u00bb][et_pb_column type=\u00bb4_4&#8243; _builder_version=\u00bb4.16&#8243; custom_padding=\u00bb|||\u00bb global_colors_info=\u00bb{}\u00bb custom_padding__hover=\u00bb|||\u00bb][et_pb_text admin_label=\u00bbTexte-Mayo de 1999: Preacuerdo de concesi\u00f3n de subvenci\u00f3n\u00bb module_class=\u00bbtxt-article\u00bb _builder_version=\u00bb4.27.4&#8243; text_font=\u00bb|300|||||||\u00bb header_font=\u00bb||||||||\u00bb header_2_line_height=\u00bb1.2em\u00bb header_3_font=\u00bb||||||||\u00bb header_3_line_height=\u00bb1.3em\u00bb header_4_text_align=\u00bbcenter\u00bb custom_padding=\u00bb||||false|false\u00bb hover_enabled=\u00bb0&#8243; text_line_height_tablet=\u00bb\u00bb text_line_height_phone=\u00bb1.3em\u00bb text_line_height_last_edited=\u00bbon|desktop\u00bb header_2_font_size_tablet=\u00bb\u00bb header_2_font_size_phone=\u00bb\u00bb header_2_font_size_last_edited=\u00bbon|phone\u00bb header_3_font_size_tablet=\u00bb\u00bb header_3_font_size_phone=\u00bb23px\u00bb header_3_font_size_last_edited=\u00bbon|desktop\u00bb global_colors_info=\u00bb{}\u00bb sticky_enabled=\u00bb0&#8243;]<\/p>\n<p>En la <span class=\"accentue\">primavera de 1999<\/span> se formaliza un <span class=\"accentue\">preacuerdo de concesi\u00f3n de subvenci\u00f3n<\/span> para Planas del Rey (Planes del Rei). El PDF re\u00fane varias <span class=\"accentue\">piezas internas de seguimiento<\/span> (Consejo Rector, Asamblea General), que acreditan un <span class=\"accentue\">proceso administrativo activo<\/span> a lo largo del a\u00f1o 1999.<\/p>\n<hr style=\"margin-bottom: 30px;\" \/>\n<h2>1) Naturaleza del expediente<\/h2>\n<ul>\n<li>Paquete documental en torno a un <span class=\"accentue\">preacuerdo de subvenci\u00f3n<\/span> (piezas etiquetadas \u00ab 01 \u00bb y \u00ab 02 \u00bb).<\/li>\n<li>Documentos de gobernanza: <span class=\"accentue\">Consejo Rector<\/span> y <span class=\"accentue\">Asamblea General<\/span> (AG).<\/li>\n<li>Cronolog\u00eda cubierta: marzo \u2192 octubre de <span class=\"accentue\">1999<\/span>.<\/li>\n<\/ul>\n<h2>2) Piezas y fechas clave<\/h2>\n<ul>\n<li><span class=\"accentue\">Preacuerdo<\/span> de concesi\u00f3n de subvenci\u00f3n (mayo de 1999, piezas \u00ab 01 \u00bb y \u00ab 02 \u00bb).<\/li>\n<li><span class=\"accentue\">Consejo Rector<\/span>: sesiones de <span class=\"accentue\">13\/03\/1999<\/span>, <span class=\"accentue\">10\/04\/1999<\/span>, <span class=\"accentue\">22\/05\/1999<\/span>, <span class=\"accentue\">29\/05\/1999<\/span>, <span class=\"accentue\">19\/06\/1999<\/span>, <span class=\"accentue\">16\/10\/1999<\/span>.<\/li>\n<li><span class=\"accentue\">Asamblea General<\/span>: <span class=\"accentue\">08\/08\/1999<\/span>.<\/li>\n<\/ul>\n<h2>3) Objeto y finalidad (a confirmar)<\/h2>\n<ul>\n<li>Financiaci\u00f3n de <span class=\"accentue\">trabajos de infraestructuras<\/span> (viales, redes, agua\/saneamiento, zonas verdes\u2026), en coherencia con el <span class=\"accentue\">presupuesto de septiembre de 1998<\/span> (valoraci\u00f3n detallada).<\/li>\n<li>Papel de la <span class=\"accentue\">ECU<\/span> \u2013 <span class=\"accentue\">Entidad Colaboradora Urban\u00edstica<\/span>: preparaci\u00f3n\/gesti\u00f3n del tr\u00e1mite hasta la decisi\u00f3n de las autoridades.<\/li>\n<\/ul>\n<h2>4) Lo que demuestra el expediente<\/h2>\n<ul>\n<li>Existencia de una <span class=\"accentue\">v\u00eda de subvenci\u00f3n p\u00fablica<\/span> activada desde <span class=\"accentue\">mayo de 1999<\/span>.<\/li>\n<li><span class=\"accentue\">Seguimiento institucional regular<\/span> por el Consejo Rector y la AG (1999) \u2192 un proyecto <em>operativo<\/em>, no una simple intenci\u00f3n.<\/li>\n<li>Complementariedad con las piezas <span class=\"accentue\">1998\u20132001<\/span> (presupuesto, preacuerdo, proyecto de \u00abconvenio\u00bb) que muestran una <span class=\"accentue\">cadena administrativa continua<\/span>.<\/li>\n<\/ul>\n<h2>5) Puntos a verificar \/ completar<\/h2>\n<ul>\n<li><span class=\"accentue\">Programa<\/span> preciso de la subvenci\u00f3n (denominaci\u00f3n, administraci\u00f3n concedente).<\/li>\n<li><span class=\"accentue\">Importe<\/span> solicitado\/concedido, <span class=\"accentue\">tasa de cofinanciaci\u00f3n<\/span>, condiciones (plazos, documentaci\u00f3n, per\u00edmetro elegible).<\/li>\n<li>Decisiones adoptadas (votos, mandatos, licitaciones, compromisos del Ayuntamiento).<\/li>\n<li>Articulaci\u00f3n con la <span class=\"accentue\">recepci\u00f3n<\/span> de las infraestructuras por el Ayuntamiento y los <span class=\"accentue\">servicios m\u00ednimos<\/span>.<\/li>\n<\/ul>\n<h2>6) Inter\u00e9s para la cronolog\u00eda<\/h2>\n<ul>\n<li><span class=\"accentue\">1998<\/span>: presupuesto de infraestructuras y valoraci\u00f3n detallada (base t\u00e9cnica y presupuestaria).<\/li>\n<li><span class=\"accentue\">1999<\/span>: <span class=\"accentue\">preacuerdo de subvenci\u00f3n<\/span> + seguimiento en Consejo Rector \/ AG (palanca de financiaci\u00f3n).<\/li>\n<li><span class=\"accentue\">2001<\/span>: <span class=\"accentue\">proyecto de \u00abconvenio\u00bb<\/span> (marco contractual de ejecuci\u00f3n\/recepci\u00f3n).<\/li>\n<\/ul>\n<hr style=\"margin-bottom: 30px;\" \/>\n<h3 class=\"underline\">Documento (Versi\u00f3n en espa\u00f1ol m\u00e1s abajo en el PDF)<\/h3>\n<p style=\"padding-top: 30px;\"><a href=\"https:\/\/www.latribunedeplanas.com\/wp-content\/uploads\/2025\/08\/1999-05-03-pre-accors-occtroi-subvention.pdf\" class=\"pdfemb-viewer\" style=\"\" data-width=\"max\" data-height=\"max\" data-mobile-width=\"0\"  data-scrollbar=\"none\" data-download=\"on\" data-tracking=\"on\" data-newwindow=\"on\" data-pagetextbox=\"off\" data-scrolltotop=\"off\" data-startzoom=\"100\" data-startfpzoom=\"100\" data-toolbar=\"top\" data-toolbar-fixed=\"off\">1999-05-03-pre-accors-occtroi-subvention<br\/><\/a><\/p>\n<p>[\/et_pb_text][\/et_pb_column][\/et_pb_row][\/et_pb_section]<\/p>\n","protected":false},"excerpt":{"rendered":"<p>En la primavera de 1999 se formaliza un preacuerdo de concesi\u00f3n de subvenci\u00f3n para Planas del Rey (Planes del Rei). El PDF re\u00fane varias piezas internas de seguimiento (Consejo Rector, Asamblea General), que acreditan un proceso administrativo activo a lo largo del a\u00f1o 1999. 1) Naturaleza del expediente Paquete documental en torno a un preacuerdo [&hellip;]<\/p>\n","protected":false},"author":1,"featured_media":0,"comment_status":"closed","ping_status":"closed","sticky":false,"template":"","format":"standard","meta":{"_et_pb_use_builder":"on","_et_pb_old_content":"","_et_gb_content_width":"","footnotes":""},"categories":[217],"tags":[],"class_list":["post-28324","post","type-post","status-publish","format-standard","hentry","category-documentos"],"yoast_head":"<!-- This site is optimized with the Yoast SEO plugin v27.5 - https:\/\/yoast.com\/product\/yoast-seo-wordpress\/ -->\n<title>Mayo de 1999: Preacuerdo de concesi\u00f3n de subvenci\u00f3n - La Tribune de Planas<\/title>\n<meta name=\"description\" content=\"Mayo 1999: preacuerdo de subvenci\u00f3n para Planas del Rey con seguimiento en Consejo Rector y AG; proceso administrativo activo.\" \/>\n<meta name=\"robots\" content=\"index, follow, max-snippet:-1, max-image-preview:large, max-video-preview:-1\" \/>\n<link rel=\"canonical\" href=\"https:\/\/www.latribunedeplanas.com\/es\/mayo-de-1999-preacuerdo-de-concesion-de-subvencion\/\" \/>\n<meta property=\"og:locale\" content=\"es_ES\" \/>\n<meta property=\"og:type\" content=\"article\" \/>\n<meta property=\"og:title\" content=\"Mayo de 1999: Preacuerdo de concesi\u00f3n de subvenci\u00f3n - La Tribune de Planas\" \/>\n<meta property=\"og:description\" content=\"Mayo 1999: preacuerdo de subvenci\u00f3n para Planas del Rey con seguimiento en Consejo Rector y AG; proceso administrativo activo.\" \/>\n<meta property=\"og:url\" content=\"https:\/\/www.latribunedeplanas.com\/es\/mayo-de-1999-preacuerdo-de-concesion-de-subvencion\/\" \/>\n<meta property=\"og:site_name\" content=\"La Tribune de Planas\" \/>\n<meta property=\"article:publisher\" content=\"https:\/\/www.facebook.com\/groups\/1220895301376005\/\" \/>\n<meta property=\"article:author\" content=\"https:\/\/www.facebook.com\/Creawebsite-113915200150984\" \/>\n<meta property=\"article:published_time\" content=\"1999-03-03T12:04:30+00:00\" \/>\n<meta property=\"article:modified_time\" content=\"2025-08-19T11:23:59+00:00\" \/>\n<meta name=\"author\" content=\"Jim\" \/>\n<meta name=\"twitter:card\" content=\"summary_large_image\" \/>\n<meta name=\"twitter:label1\" content=\"Escrito por\" \/>\n\t<meta name=\"twitter:data1\" content=\"Jim\" \/>\n\t<meta name=\"twitter:label2\" content=\"Tiempo de lectura\" \/>\n\t<meta name=\"twitter:data2\" content=\"2 minutos\" \/>\n<script type=\"application\/ld+json\" class=\"yoast-schema-graph\">{\"@context\":\"https:\\\/\\\/schema.org\",\"@graph\":[{\"@type\":\"Article\",\"@id\":\"https:\\\/\\\/www.latribunedeplanas.com\\\/es\\\/mayo-de-1999-preacuerdo-de-concesion-de-subvencion\\\/#article\",\"isPartOf\":{\"@id\":\"https:\\\/\\\/www.latribunedeplanas.com\\\/es\\\/mayo-de-1999-preacuerdo-de-concesion-de-subvencion\\\/\"},\"author\":{\"name\":\"Jim\",\"@id\":\"https:\\\/\\\/www.latribunedeplanas.com\\\/es\\\/#\\\/schema\\\/person\\\/590a87318688792f18d8e1c983528bc8\"},\"headline\":\"Mayo de 1999: Preacuerdo de concesi\u00f3n de subvenci\u00f3n\",\"datePublished\":\"1999-03-03T12:04:30+00:00\",\"dateModified\":\"2025-08-19T11:23:59+00:00\",\"mainEntityOfPage\":{\"@id\":\"https:\\\/\\\/www.latribunedeplanas.com\\\/es\\\/mayo-de-1999-preacuerdo-de-concesion-de-subvencion\\\/\"},\"wordCount\":557,\"publisher\":{\"@id\":\"https:\\\/\\\/www.latribunedeplanas.com\\\/es\\\/#organization\"},\"articleSection\":[\"Documentos\"],\"inLanguage\":\"es\"},{\"@type\":\"WebPage\",\"@id\":\"https:\\\/\\\/www.latribunedeplanas.com\\\/es\\\/mayo-de-1999-preacuerdo-de-concesion-de-subvencion\\\/\",\"url\":\"https:\\\/\\\/www.latribunedeplanas.com\\\/es\\\/mayo-de-1999-preacuerdo-de-concesion-de-subvencion\\\/\",\"name\":\"Mayo de 1999: Preacuerdo de concesi\u00f3n de subvenci\u00f3n - La Tribune de Planas\",\"isPartOf\":{\"@id\":\"https:\\\/\\\/www.latribunedeplanas.com\\\/es\\\/#website\"},\"datePublished\":\"1999-03-03T12:04:30+00:00\",\"dateModified\":\"2025-08-19T11:23:59+00:00\",\"description\":\"Mayo 1999: preacuerdo de subvenci\u00f3n para Planas del Rey con seguimiento en Consejo Rector y AG; proceso administrativo activo.\",\"breadcrumb\":{\"@id\":\"https:\\\/\\\/www.latribunedeplanas.com\\\/es\\\/mayo-de-1999-preacuerdo-de-concesion-de-subvencion\\\/#breadcrumb\"},\"inLanguage\":\"es\",\"potentialAction\":[{\"@type\":\"ReadAction\",\"target\":[\"https:\\\/\\\/www.latribunedeplanas.com\\\/es\\\/mayo-de-1999-preacuerdo-de-concesion-de-subvencion\\\/\"]}]},{\"@type\":\"BreadcrumbList\",\"@id\":\"https:\\\/\\\/www.latribunedeplanas.com\\\/es\\\/mayo-de-1999-preacuerdo-de-concesion-de-subvencion\\\/#breadcrumb\",\"itemListElement\":[{\"@type\":\"ListItem\",\"position\":1,\"name\":\"Accueil\",\"item\":\"https:\\\/\\\/www.latribunedeplanas.com\\\/es\\\/\"},{\"@type\":\"ListItem\",\"position\":2,\"name\":\"Mayo de 1999: Preacuerdo de concesi\u00f3n de subvenci\u00f3n\"}]},{\"@type\":\"WebSite\",\"@id\":\"https:\\\/\\\/www.latribunedeplanas.com\\\/es\\\/#website\",\"url\":\"https:\\\/\\\/www.latribunedeplanas.com\\\/es\\\/\",\"name\":\"La Tribune de Planas\",\"description\":\"Les Planes del Rei - Urbanizaci\u00f3n del municipio de Pratdip\",\"publisher\":{\"@id\":\"https:\\\/\\\/www.latribunedeplanas.com\\\/es\\\/#organization\"},\"potentialAction\":[{\"@type\":\"SearchAction\",\"target\":{\"@type\":\"EntryPoint\",\"urlTemplate\":\"https:\\\/\\\/www.latribunedeplanas.com\\\/es\\\/?s={search_term_string}\"},\"query-input\":{\"@type\":\"PropertyValueSpecification\",\"valueRequired\":true,\"valueName\":\"search_term_string\"}}],\"inLanguage\":\"es\"},{\"@type\":\"Organization\",\"@id\":\"https:\\\/\\\/www.latribunedeplanas.com\\\/es\\\/#organization\",\"name\":\"Vecinos de Planes del Rei (SOSPlanes)\",\"url\":\"https:\\\/\\\/www.latribunedeplanas.com\\\/es\\\/\",\"logo\":{\"@type\":\"ImageObject\",\"inLanguage\":\"es\",\"@id\":\"https:\\\/\\\/www.latribunedeplanas.com\\\/es\\\/#\\\/schema\\\/logo\\\/image\\\/\",\"url\":\"https:\\\/\\\/www.latribunedeplanas.com\\\/wp-content\\\/uploads\\\/2021\\\/11\\\/logo-sos-planas-0.png\",\"contentUrl\":\"https:\\\/\\\/www.latribunedeplanas.com\\\/wp-content\\\/uploads\\\/2021\\\/11\\\/logo-sos-planas-0.png\",\"width\":600,\"height\":400,\"caption\":\"Vecinos de Planes del Rei (SOSPlanes)\"},\"image\":{\"@id\":\"https:\\\/\\\/www.latribunedeplanas.com\\\/es\\\/#\\\/schema\\\/logo\\\/image\\\/\"},\"sameAs\":[\"https:\\\/\\\/www.facebook.com\\\/groups\\\/1220895301376005\\\/\",\"https:\\\/\\\/www.instagram.com\\\/lasplanasdelrey\\\/\"]},{\"@type\":\"Person\",\"@id\":\"https:\\\/\\\/www.latribunedeplanas.com\\\/es\\\/#\\\/schema\\\/person\\\/590a87318688792f18d8e1c983528bc8\",\"name\":\"Jim\",\"image\":{\"@type\":\"ImageObject\",\"inLanguage\":\"es\",\"@id\":\"https:\\\/\\\/secure.gravatar.com\\\/avatar\\\/5a89228fd282eb9ee33a60b4ff06f9c31751866f1fb91ca56263af0968354113?s=96&d=mm&r=g\",\"url\":\"https:\\\/\\\/secure.gravatar.com\\\/avatar\\\/5a89228fd282eb9ee33a60b4ff06f9c31751866f1fb91ca56263af0968354113?s=96&d=mm&r=g\",\"contentUrl\":\"https:\\\/\\\/secure.gravatar.com\\\/avatar\\\/5a89228fd282eb9ee33a60b4ff06f9c31751866f1fb91ca56263af0968354113?s=96&d=mm&r=g\",\"caption\":\"Jim\"},\"sameAs\":[\"https:\\\/\\\/www.creawebsite.be\\\/\",\"https:\\\/\\\/www.facebook.com\\\/Creawebsite-113915200150984\",\"https:\\\/\\\/www.instagram.com\\\/creawebsite.be\\\/\",\"https:\\\/\\\/www.linkedin.com\\\/in\\\/jean-marc-delchef\\\/\"]}]}<\/script>\n<!-- \/ Yoast SEO plugin. -->","yoast_head_json":{"title":"Mayo de 1999: Preacuerdo de concesi\u00f3n de subvenci\u00f3n - La Tribune de Planas","description":"Mayo 1999: preacuerdo de subvenci\u00f3n para Planas del Rey con seguimiento en Consejo Rector y AG; proceso administrativo activo.","robots":{"index":"index","follow":"follow","max-snippet":"max-snippet:-1","max-image-preview":"max-image-preview:large","max-video-preview":"max-video-preview:-1"},"canonical":"https:\/\/www.latribunedeplanas.com\/es\/mayo-de-1999-preacuerdo-de-concesion-de-subvencion\/","og_locale":"es_ES","og_type":"article","og_title":"Mayo de 1999: Preacuerdo de concesi\u00f3n de subvenci\u00f3n - La Tribune de Planas","og_description":"Mayo 1999: preacuerdo de subvenci\u00f3n para Planas del Rey con seguimiento en Consejo Rector y AG; proceso administrativo activo.","og_url":"https:\/\/www.latribunedeplanas.com\/es\/mayo-de-1999-preacuerdo-de-concesion-de-subvencion\/","og_site_name":"La Tribune de Planas","article_publisher":"https:\/\/www.facebook.com\/groups\/1220895301376005\/","article_author":"https:\/\/www.facebook.com\/Creawebsite-113915200150984","article_published_time":"1999-03-03T12:04:30+00:00","article_modified_time":"2025-08-19T11:23:59+00:00","author":"Jim","twitter_card":"summary_large_image","twitter_misc":{"Escrito por":"Jim","Tiempo de lectura":"2 minutos"},"schema":{"@context":"https:\/\/schema.org","@graph":[{"@type":"Article","@id":"https:\/\/www.latribunedeplanas.com\/es\/mayo-de-1999-preacuerdo-de-concesion-de-subvencion\/#article","isPartOf":{"@id":"https:\/\/www.latribunedeplanas.com\/es\/mayo-de-1999-preacuerdo-de-concesion-de-subvencion\/"},"author":{"name":"Jim","@id":"https:\/\/www.latribunedeplanas.com\/es\/#\/schema\/person\/590a87318688792f18d8e1c983528bc8"},"headline":"Mayo de 1999: Preacuerdo de concesi\u00f3n de subvenci\u00f3n","datePublished":"1999-03-03T12:04:30+00:00","dateModified":"2025-08-19T11:23:59+00:00","mainEntityOfPage":{"@id":"https:\/\/www.latribunedeplanas.com\/es\/mayo-de-1999-preacuerdo-de-concesion-de-subvencion\/"},"wordCount":557,"publisher":{"@id":"https:\/\/www.latribunedeplanas.com\/es\/#organization"},"articleSection":["Documentos"],"inLanguage":"es"},{"@type":"WebPage","@id":"https:\/\/www.latribunedeplanas.com\/es\/mayo-de-1999-preacuerdo-de-concesion-de-subvencion\/","url":"https:\/\/www.latribunedeplanas.com\/es\/mayo-de-1999-preacuerdo-de-concesion-de-subvencion\/","name":"Mayo de 1999: Preacuerdo de concesi\u00f3n de subvenci\u00f3n - La Tribune de Planas","isPartOf":{"@id":"https:\/\/www.latribunedeplanas.com\/es\/#website"},"datePublished":"1999-03-03T12:04:30+00:00","dateModified":"2025-08-19T11:23:59+00:00","description":"Mayo 1999: preacuerdo de subvenci\u00f3n para Planas del Rey con seguimiento en Consejo Rector y AG; proceso administrativo activo.","breadcrumb":{"@id":"https:\/\/www.latribunedeplanas.com\/es\/mayo-de-1999-preacuerdo-de-concesion-de-subvencion\/#breadcrumb"},"inLanguage":"es","potentialAction":[{"@type":"ReadAction","target":["https:\/\/www.latribunedeplanas.com\/es\/mayo-de-1999-preacuerdo-de-concesion-de-subvencion\/"]}]},{"@type":"BreadcrumbList","@id":"https:\/\/www.latribunedeplanas.com\/es\/mayo-de-1999-preacuerdo-de-concesion-de-subvencion\/#breadcrumb","itemListElement":[{"@type":"ListItem","position":1,"name":"Accueil","item":"https:\/\/www.latribunedeplanas.com\/es\/"},{"@type":"ListItem","position":2,"name":"Mayo de 1999: Preacuerdo de concesi\u00f3n de subvenci\u00f3n"}]},{"@type":"WebSite","@id":"https:\/\/www.latribunedeplanas.com\/es\/#website","url":"https:\/\/www.latribunedeplanas.com\/es\/","name":"La Tribune de Planas","description":"Les Planes del Rei - Urbanizaci\u00f3n del municipio de Pratdip","publisher":{"@id":"https:\/\/www.latribunedeplanas.com\/es\/#organization"},"potentialAction":[{"@type":"SearchAction","target":{"@type":"EntryPoint","urlTemplate":"https:\/\/www.latribunedeplanas.com\/es\/?s={search_term_string}"},"query-input":{"@type":"PropertyValueSpecification","valueRequired":true,"valueName":"search_term_string"}}],"inLanguage":"es"},{"@type":"Organization","@id":"https:\/\/www.latribunedeplanas.com\/es\/#organization","name":"Vecinos de Planes del Rei (SOSPlanes)","url":"https:\/\/www.latribunedeplanas.com\/es\/","logo":{"@type":"ImageObject","inLanguage":"es","@id":"https:\/\/www.latribunedeplanas.com\/es\/#\/schema\/logo\/image\/","url":"https:\/\/www.latribunedeplanas.com\/wp-content\/uploads\/2021\/11\/logo-sos-planas-0.png","contentUrl":"https:\/\/www.latribunedeplanas.com\/wp-content\/uploads\/2021\/11\/logo-sos-planas-0.png","width":600,"height":400,"caption":"Vecinos de Planes del Rei (SOSPlanes)"},"image":{"@id":"https:\/\/www.latribunedeplanas.com\/es\/#\/schema\/logo\/image\/"},"sameAs":["https:\/\/www.facebook.com\/groups\/1220895301376005\/","https:\/\/www.instagram.com\/lasplanasdelrey\/"]},{"@type":"Person","@id":"https:\/\/www.latribunedeplanas.com\/es\/#\/schema\/person\/590a87318688792f18d8e1c983528bc8","name":"Jim","image":{"@type":"ImageObject","inLanguage":"es","@id":"https:\/\/secure.gravatar.com\/avatar\/5a89228fd282eb9ee33a60b4ff06f9c31751866f1fb91ca56263af0968354113?s=96&d=mm&r=g","url":"https:\/\/secure.gravatar.com\/avatar\/5a89228fd282eb9ee33a60b4ff06f9c31751866f1fb91ca56263af0968354113?s=96&d=mm&r=g","contentUrl":"https:\/\/secure.gravatar.com\/avatar\/5a89228fd282eb9ee33a60b4ff06f9c31751866f1fb91ca56263af0968354113?s=96&d=mm&r=g","caption":"Jim"},"sameAs":["https:\/\/www.creawebsite.be\/","https:\/\/www.facebook.com\/Creawebsite-113915200150984","https:\/\/www.instagram.com\/creawebsite.be\/","https:\/\/www.linkedin.com\/in\/jean-marc-delchef\/"]}]}},"_links":{"self":[{"href":"https:\/\/www.latribunedeplanas.com\/es\/wp-json\/wp\/v2\/posts\/28324","targetHints":{"allow":["GET"]}}],"collection":[{"href":"https:\/\/www.latribunedeplanas.com\/es\/wp-json\/wp\/v2\/posts"}],"about":[{"href":"https:\/\/www.latribunedeplanas.com\/es\/wp-json\/wp\/v2\/types\/post"}],"author":[{"embeddable":true,"href":"https:\/\/www.latribunedeplanas.com\/es\/wp-json\/wp\/v2\/users\/1"}],"replies":[{"embeddable":true,"href":"https:\/\/www.latribunedeplanas.com\/es\/wp-json\/wp\/v2\/comments?post=28324"}],"version-history":[{"count":3,"href":"https:\/\/www.latribunedeplanas.com\/es\/wp-json\/wp\/v2\/posts\/28324\/revisions"}],"predecessor-version":[{"id":28327,"href":"https:\/\/www.latribunedeplanas.com\/es\/wp-json\/wp\/v2\/posts\/28324\/revisions\/28327"}],"wp:attachment":[{"href":"https:\/\/www.latribunedeplanas.com\/es\/wp-json\/wp\/v2\/media?parent=28324"}],"wp:term":[{"taxonomy":"category","embeddable":true,"href":"https:\/\/www.latribunedeplanas.com\/es\/wp-json\/wp\/v2\/categories?post=28324"},{"taxonomy":"post_tag","embeddable":true,"href":"https:\/\/www.latribunedeplanas.com\/es\/wp-json\/wp\/v2\/tags?post=28324"}],"curies":[{"name":"wp","href":"https:\/\/api.w.org\/{rel}","templated":true}]}}