{"id":28301,"date":"2001-02-26T11:27:44","date_gmt":"2001-02-26T10:27:44","guid":{"rendered":"https:\/\/www.latribunedeplanas.com\/26-fevrier-2001-projet-de-convenio-pour-planas-del-rey\/"},"modified":"2025-08-19T11:37:59","modified_gmt":"2025-08-19T09:37:59","slug":"26-de-febrero-de-2001-proyecto-de-convenio-para-planas-del-rey","status":"publish","type":"post","link":"https:\/\/www.latribunedeplanas.com\/es\/26-de-febrero-de-2001-proyecto-de-convenio-para-planas-del-rey\/","title":{"rendered":"26 de febrero de 2001: Proyecto de \u00abconvenio\u00bb para Planas del Rey"},"content":{"rendered":"<p>[et_pb_section fb_built=\u00bb1&#8243; admin_label=\u00bbSection-Article\u00bb module_class=\u00bbsection-article\u00bb _builder_version=\u00bb4.18.0&#8243; custom_margin=\u00bb0px|0px|0px|0px\u00bb custom_padding=\u00bb0px|0px|0px|0px\u00bb global_colors_info=\u00bb{}\u00bb][et_pb_row use_custom_gutter=\u00bbon\u00bb gutter_width=\u00bb1&#8243; custom_padding_last_edited=\u00bbon|phone\u00bb admin_label=\u00bbLigne-Article\u00bb module_class=\u00bbligne-article et_pb_row_fullwidth\u00bb _builder_version=\u00bb4.27.4&#8243; width=\u00bb100%\u00bb width_tablet=\u00bb100%\u00bb width_phone=\u00bb\u00bb width_last_edited=\u00bbon|desktop\u00bb max_width=\u00bb100%\u00bb max_width_tablet=\u00bb100%\u00bb max_width_phone=\u00bb\u00bb max_width_last_edited=\u00bbon|desktop\u00bb custom_margin=\u00bb0px||0px\u00bb custom_padding=\u00bb20px||0px||false|false\u00bb custom_padding_tablet=\u00bb20px||0px||false|false\u00bb custom_padding_phone=\u00bb15px||||false|false\u00bb make_fullwidth=\u00bbon\u00bb global_colors_info=\u00bb{}\u00bb][et_pb_column type=\u00bb4_4&#8243; _builder_version=\u00bb4.16&#8243; custom_padding=\u00bb|||\u00bb global_colors_info=\u00bb{}\u00bb custom_padding__hover=\u00bb|||\u00bb][et_pb_text admin_label=\u00bbTexte-26 de febrero de 2001: Proyecto de \u00abconvenio\u00bb para Planas del Rey\u00bb module_class=\u00bbtxt-article\u00bb _builder_version=\u00bb4.27.4&#8243; text_font=\u00bb|300|||||||\u00bb header_font=\u00bb||||||||\u00bb header_2_line_height=\u00bb1.2em\u00bb header_3_font=\u00bb||||||||\u00bb header_3_line_height=\u00bb1.3em\u00bb header_4_text_align=\u00bbcenter\u00bb custom_padding=\u00bb||||false|false\u00bb hover_enabled=\u00bb0&#8243; text_line_height_tablet=\u00bb\u00bb text_line_height_phone=\u00bb1.3em\u00bb text_line_height_last_edited=\u00bbon|desktop\u00bb header_2_font_size_tablet=\u00bb\u00bb header_2_font_size_phone=\u00bb\u00bb header_2_font_size_last_edited=\u00bbon|phone\u00bb header_3_font_size_tablet=\u00bb\u00bb header_3_font_size_phone=\u00bb23px\u00bb header_3_font_size_last_edited=\u00bbon|desktop\u00bb global_colors_info=\u00bb{}\u00bb sticky_enabled=\u00bb0&#8243;]<\/p>\n<p>El <span class=\"accentue\">26 de febrero de 2001<\/span> se elabora un <span class=\"accentue\">proyecto de convenio (\u00abconvenio\u00bb)<\/span> para encuadrar la ejecuci\u00f3n de los <span class=\"accentue\">trabajos de infraestructuras<\/span> y la organizaci\u00f3n de su <span class=\"accentue\">recepci\u00f3n\/gesti\u00f3n<\/span> en <span class=\"accentue\">Planas del Rey (Planes del Rei)<\/span>. Este proyecto se inscribe en la continuidad de las gestiones t\u00e9cnicas y financieras iniciadas a finales de los a\u00f1os 1990.<\/p>\n<hr style=\"margin-bottom: 30px;\" \/>\n<h2>1) Partes implicadas<\/h2>\n<ul>\n<li><span class=\"accentue\">Ayuntamiento de Pratdip<\/span> (entidad competente).<\/li>\n<li><span class=\"accentue\">ECU<\/span> \u2013 <span class=\"accentue\">Entidad Colaboradora Urban\u00edstica<\/span>.<\/li>\n<li>Posibles organismos colaboradores (p. ej., <span class=\"accentue\">Consell Comarcal<\/span>), seg\u00fan el per\u00edmetro del convenio.<\/li>\n<\/ul>\n<h2>2) Objeto del convenio<\/h2>\n<ul>\n<li><span class=\"accentue\">Ejecuci\u00f3n de los trabajos de urbanizaci\u00f3n<\/span>: viales, agua potable, saneamiento, alumbrado p\u00fablico, zonas verdes, redes.<\/li>\n<li><span class=\"accentue\">Cesiones obligatorias<\/span> y modalidades de <span class=\"accentue\">recepci\u00f3n<\/span> de las obras por parte del municipio.<\/li>\n<li><span class=\"accentue\">Organizaci\u00f3n de la gesti\u00f3n<\/span> (mantenimiento, servicios m\u00ednimos) tras la recepci\u00f3n.<\/li>\n<\/ul>\n<h2>3) Per\u00edmetro t\u00e9cnico<\/h2>\n<ul>\n<li>Definici\u00f3n de los <span class=\"accentue\">sectores<\/span> y <span class=\"accentue\">lotes de obra<\/span> afectados.<\/li>\n<li>Referencias a los <span class=\"accentue\">proyectos t\u00e9cnicos<\/span>, mediciones y planos.<\/li>\n<li>Fases eventuales (trabajos prioritarios, trabajos complementarios).<\/li>\n<\/ul>\n<h2>4) Financiaci\u00f3n y reparto de costes<\/h2>\n<ul>\n<li>Fuentes de financiaci\u00f3n: <span class=\"accentue\">subvenciones<\/span>, participaci\u00f3n municipal, otras aportaciones.<\/li>\n<li><span class=\"accentue\">Claves de reparto<\/span> y <span class=\"accentue\">calendario de pagos<\/span>.<\/li>\n<li>Garant\u00eda contra la <span class=\"accentue\">doble carga<\/span> para los propietarios (impuestos municipales vs. contribuciones temporales) una vez formalizada la recepci\u00f3n.<\/li>\n<\/ul>\n<h2>5) Calendario y fases<\/h2>\n<ul>\n<li>Plazos de ejecuci\u00f3n, hitos y <span class=\"accentue\">recepciones parciales\/final<\/span>.<\/li>\n<li>Coordinaci\u00f3n de licitaciones y de la <span class=\"accentue\">direcci\u00f3n de obra<\/span>.<\/li>\n<\/ul>\n<h2>6) Obligaciones y garant\u00edas<\/h2>\n<ul>\n<li>Controles t\u00e9cnicos, <span class=\"accentue\">penalizaciones<\/span> en caso de retraso\/no conformidad.<\/li>\n<li>Garant\u00edas de buena ejecuci\u00f3n, responsabilidad durante y despu\u00e9s de las obras.<\/li>\n<li>Compromiso del municipio de asegurar los <span class=\"accentue\">servicios m\u00ednimos<\/span> tras la recepci\u00f3n.<\/li>\n<\/ul>\n<h2>7) Cl\u00e1usulas jur\u00eddicas<\/h2>\n<ul>\n<li>Base legal urban\u00edstica y competencias de cada parte.<\/li>\n<li>Resoluci\u00f3n de controversias, <span class=\"accentue\">resoluci\u00f3n (rescisi\u00f3n)<\/span> y posibles nulidades.<\/li>\n<\/ul>\n<hr style=\"margin-bottom: 30px;\" \/>\n<h2>8) Contexto y cronolog\u00eda \u00fatil<\/h2>\n<ul>\n<li><span class=\"accentue\">1998<\/span>: presupuesto de infraestructuras y valoraci\u00f3n detallada.<\/li>\n<li><span class=\"accentue\">1999<\/span>: preacuerdo de <span class=\"accentue\">concesi\u00f3n de subvenci\u00f3n<\/span> y seguimiento en Consejo Rector \/ Asamblea General.<\/li>\n<li><span class=\"accentue\">2001<\/span>: formalizaci\u00f3n de un <span class=\"accentue\">marco contractual<\/span> (proyecto de \u00abconvenio\u00bb) para ejecutar y recepcionar.<\/li>\n<\/ul>\n<h2>9) Puntos a verificar \/ completar<\/h2>\n<ul>\n<li><span class=\"accentue\">Identificaci\u00f3n exacta de las partes<\/span> (denominaci\u00f3n oficial, representantes).<\/li>\n<li><span class=\"accentue\">Importes<\/span>, claves de <span class=\"accentue\">cofinanciaci\u00f3n<\/span> y per\u00edmetro t\u00e9cnico preciso.<\/li>\n<li>Cl\u00e1usulas de <span class=\"accentue\">recepci\u00f3n<\/span>, <span class=\"accentue\">mantenimiento<\/span> y <span class=\"accentue\">servicios m\u00ednimos<\/span> posteriores a la recepci\u00f3n.<\/li>\n<li>Cl\u00e1usulas de <span class=\"accentue\">resoluci\u00f3n<\/span> \/ penalizaciones en caso de inacci\u00f3n.<\/li>\n<\/ul>\n<hr style=\"margin-bottom: 30px;\" \/>\n<h2>10) Lo que esto cambia para los habitantes<\/h2>\n<ul>\n<li>Un <span class=\"accentue\">marco formal<\/span> para realizar las obras y transferir de forma duradera la gesti\u00f3n al municipio.<\/li>\n<li>La <span class=\"accentue\">reducci\u00f3n del riesgo<\/span> de cargas privadas recurrentes tras la recepci\u00f3n.<\/li>\n<li>Una base clara para <span class=\"accentue\">exigir la ejecuci\u00f3n<\/span> y la calidad de los servicios p\u00fablicos.<\/li>\n<\/ul>\n<hr style=\"margin-bottom: 30px;\" \/>\n<h3 class=\"underline\">Documento<\/h3>\n<p style=\"padding-top: 30px;\"><a href=\"https:\/\/www.latribunedeplanas.com\/wp-content\/uploads\/2025\/08\/2001-02-26-projet-convenio.pdf\" class=\"pdfemb-viewer\" style=\"\" data-width=\"max\" data-height=\"max\" data-mobile-width=\"0\"  data-scrollbar=\"none\" data-download=\"on\" data-tracking=\"on\" data-newwindow=\"on\" data-pagetextbox=\"off\" data-scrolltotop=\"off\" data-startzoom=\"100\" data-startfpzoom=\"100\" data-toolbar=\"top\" data-toolbar-fixed=\"off\">2001-02-26-projet-convenio<br\/><\/a><\/p>\n<p>[\/et_pb_text][\/et_pb_column][\/et_pb_row][\/et_pb_section]<\/p>\n","protected":false},"excerpt":{"rendered":"<p>El 26 de febrero de 2001 se elabora un proyecto de convenio (\u00abconvenio\u00bb) para encuadrar la ejecuci\u00f3n de los trabajos de infraestructuras y la organizaci\u00f3n de su recepci\u00f3n\/gesti\u00f3n en Planas del Rey (Planes del Rei). Este proyecto se inscribe en la continuidad de las gestiones t\u00e9cnicas y financieras iniciadas a finales de los a\u00f1os 1990. [&hellip;]<\/p>\n","protected":false},"author":1,"featured_media":0,"comment_status":"closed","ping_status":"closed","sticky":false,"template":"","format":"standard","meta":{"_et_pb_use_builder":"on","_et_pb_old_content":"","_et_gb_content_width":"","footnotes":""},"categories":[217],"tags":[],"class_list":["post-28301","post","type-post","status-publish","format-standard","hentry","category-documentos"],"yoast_head":"<!-- This site is optimized with the Yoast SEO plugin v27.5 - https:\/\/yoast.com\/product\/yoast-seo-wordpress\/ -->\n<title>26 de febrero de 2001: Proyecto de \u00abconvenio\u00bb para Planas del Rey - La Tribune de Planas<\/title>\n<meta name=\"description\" content=\"26\/02\/2001: proyecto de convenio para Planas del Rey: obras de infraestructuras, recepci\u00f3n municipal y financiaci\u00f3n.\" \/>\n<meta name=\"robots\" content=\"index, follow, max-snippet:-1, max-image-preview:large, max-video-preview:-1\" \/>\n<link rel=\"canonical\" href=\"https:\/\/www.latribunedeplanas.com\/es\/26-de-febrero-de-2001-proyecto-de-convenio-para-planas-del-rey\/\" \/>\n<meta property=\"og:locale\" content=\"es_ES\" \/>\n<meta property=\"og:type\" content=\"article\" \/>\n<meta property=\"og:title\" content=\"26 de febrero de 2001: Proyecto de \u00abconvenio\u00bb para Planas del Rey - La Tribune de Planas\" \/>\n<meta property=\"og:description\" content=\"26\/02\/2001: proyecto de convenio para Planas del Rey: obras de infraestructuras, recepci\u00f3n municipal y financiaci\u00f3n.\" \/>\n<meta property=\"og:url\" content=\"https:\/\/www.latribunedeplanas.com\/es\/26-de-febrero-de-2001-proyecto-de-convenio-para-planas-del-rey\/\" \/>\n<meta property=\"og:site_name\" content=\"La Tribune de Planas\" \/>\n<meta property=\"article:publisher\" content=\"https:\/\/www.facebook.com\/groups\/1220895301376005\/\" \/>\n<meta property=\"article:author\" content=\"https:\/\/www.facebook.com\/Creawebsite-113915200150984\" \/>\n<meta property=\"article:published_time\" content=\"2001-02-26T10:27:44+00:00\" \/>\n<meta property=\"article:modified_time\" content=\"2025-08-19T09:37:59+00:00\" \/>\n<meta name=\"author\" content=\"Jim\" \/>\n<meta name=\"twitter:card\" content=\"summary_large_image\" \/>\n<meta name=\"twitter:label1\" content=\"Escrito por\" \/>\n\t<meta name=\"twitter:data1\" content=\"Jim\" \/>\n\t<meta name=\"twitter:label2\" content=\"Tiempo de lectura\" \/>\n\t<meta name=\"twitter:data2\" content=\"3 minutos\" \/>\n<script type=\"application\/ld+json\" class=\"yoast-schema-graph\">{\"@context\":\"https:\\\/\\\/schema.org\",\"@graph\":[{\"@type\":\"Article\",\"@id\":\"https:\\\/\\\/www.latribunedeplanas.com\\\/es\\\/26-de-febrero-de-2001-proyecto-de-convenio-para-planas-del-rey\\\/#article\",\"isPartOf\":{\"@id\":\"https:\\\/\\\/www.latribunedeplanas.com\\\/es\\\/26-de-febrero-de-2001-proyecto-de-convenio-para-planas-del-rey\\\/\"},\"author\":{\"name\":\"Jim\",\"@id\":\"https:\\\/\\\/www.latribunedeplanas.com\\\/es\\\/#\\\/schema\\\/person\\\/590a87318688792f18d8e1c983528bc8\"},\"headline\":\"26 de febrero de 2001: Proyecto de \u00abconvenio\u00bb para Planas del Rey\",\"datePublished\":\"2001-02-26T10:27:44+00:00\",\"dateModified\":\"2025-08-19T09:37:59+00:00\",\"mainEntityOfPage\":{\"@id\":\"https:\\\/\\\/www.latribunedeplanas.com\\\/es\\\/26-de-febrero-de-2001-proyecto-de-convenio-para-planas-del-rey\\\/\"},\"wordCount\":691,\"publisher\":{\"@id\":\"https:\\\/\\\/www.latribunedeplanas.com\\\/es\\\/#organization\"},\"articleSection\":[\"Documentos\"],\"inLanguage\":\"es\"},{\"@type\":\"WebPage\",\"@id\":\"https:\\\/\\\/www.latribunedeplanas.com\\\/es\\\/26-de-febrero-de-2001-proyecto-de-convenio-para-planas-del-rey\\\/\",\"url\":\"https:\\\/\\\/www.latribunedeplanas.com\\\/es\\\/26-de-febrero-de-2001-proyecto-de-convenio-para-planas-del-rey\\\/\",\"name\":\"26 de febrero de 2001: Proyecto de \u00abconvenio\u00bb para Planas del Rey - La Tribune de Planas\",\"isPartOf\":{\"@id\":\"https:\\\/\\\/www.latribunedeplanas.com\\\/es\\\/#website\"},\"datePublished\":\"2001-02-26T10:27:44+00:00\",\"dateModified\":\"2025-08-19T09:37:59+00:00\",\"description\":\"26\\\/02\\\/2001: proyecto de convenio para Planas del Rey: obras de infraestructuras, recepci\u00f3n municipal y financiaci\u00f3n.\",\"breadcrumb\":{\"@id\":\"https:\\\/\\\/www.latribunedeplanas.com\\\/es\\\/26-de-febrero-de-2001-proyecto-de-convenio-para-planas-del-rey\\\/#breadcrumb\"},\"inLanguage\":\"es\",\"potentialAction\":[{\"@type\":\"ReadAction\",\"target\":[\"https:\\\/\\\/www.latribunedeplanas.com\\\/es\\\/26-de-febrero-de-2001-proyecto-de-convenio-para-planas-del-rey\\\/\"]}]},{\"@type\":\"BreadcrumbList\",\"@id\":\"https:\\\/\\\/www.latribunedeplanas.com\\\/es\\\/26-de-febrero-de-2001-proyecto-de-convenio-para-planas-del-rey\\\/#breadcrumb\",\"itemListElement\":[{\"@type\":\"ListItem\",\"position\":1,\"name\":\"Accueil\",\"item\":\"https:\\\/\\\/www.latribunedeplanas.com\\\/es\\\/\"},{\"@type\":\"ListItem\",\"position\":2,\"name\":\"26 de febrero de 2001: Proyecto de \u00abconvenio\u00bb para Planas del Rey\"}]},{\"@type\":\"WebSite\",\"@id\":\"https:\\\/\\\/www.latribunedeplanas.com\\\/es\\\/#website\",\"url\":\"https:\\\/\\\/www.latribunedeplanas.com\\\/es\\\/\",\"name\":\"La Tribune de Planas\",\"description\":\"Les Planes del Rei - Urbanizaci\u00f3n del municipio de Pratdip\",\"publisher\":{\"@id\":\"https:\\\/\\\/www.latribunedeplanas.com\\\/es\\\/#organization\"},\"potentialAction\":[{\"@type\":\"SearchAction\",\"target\":{\"@type\":\"EntryPoint\",\"urlTemplate\":\"https:\\\/\\\/www.latribunedeplanas.com\\\/es\\\/?s={search_term_string}\"},\"query-input\":{\"@type\":\"PropertyValueSpecification\",\"valueRequired\":true,\"valueName\":\"search_term_string\"}}],\"inLanguage\":\"es\"},{\"@type\":\"Organization\",\"@id\":\"https:\\\/\\\/www.latribunedeplanas.com\\\/es\\\/#organization\",\"name\":\"Vecinos de Planes del Rei (SOSPlanes)\",\"url\":\"https:\\\/\\\/www.latribunedeplanas.com\\\/es\\\/\",\"logo\":{\"@type\":\"ImageObject\",\"inLanguage\":\"es\",\"@id\":\"https:\\\/\\\/www.latribunedeplanas.com\\\/es\\\/#\\\/schema\\\/logo\\\/image\\\/\",\"url\":\"https:\\\/\\\/www.latribunedeplanas.com\\\/wp-content\\\/uploads\\\/2021\\\/11\\\/logo-sos-planas-0.png\",\"contentUrl\":\"https:\\\/\\\/www.latribunedeplanas.com\\\/wp-content\\\/uploads\\\/2021\\\/11\\\/logo-sos-planas-0.png\",\"width\":600,\"height\":400,\"caption\":\"Vecinos de Planes del Rei (SOSPlanes)\"},\"image\":{\"@id\":\"https:\\\/\\\/www.latribunedeplanas.com\\\/es\\\/#\\\/schema\\\/logo\\\/image\\\/\"},\"sameAs\":[\"https:\\\/\\\/www.facebook.com\\\/groups\\\/1220895301376005\\\/\",\"https:\\\/\\\/www.instagram.com\\\/lasplanasdelrey\\\/\"]},{\"@type\":\"Person\",\"@id\":\"https:\\\/\\\/www.latribunedeplanas.com\\\/es\\\/#\\\/schema\\\/person\\\/590a87318688792f18d8e1c983528bc8\",\"name\":\"Jim\",\"image\":{\"@type\":\"ImageObject\",\"inLanguage\":\"es\",\"@id\":\"https:\\\/\\\/secure.gravatar.com\\\/avatar\\\/5a89228fd282eb9ee33a60b4ff06f9c31751866f1fb91ca56263af0968354113?s=96&d=mm&r=g\",\"url\":\"https:\\\/\\\/secure.gravatar.com\\\/avatar\\\/5a89228fd282eb9ee33a60b4ff06f9c31751866f1fb91ca56263af0968354113?s=96&d=mm&r=g\",\"contentUrl\":\"https:\\\/\\\/secure.gravatar.com\\\/avatar\\\/5a89228fd282eb9ee33a60b4ff06f9c31751866f1fb91ca56263af0968354113?s=96&d=mm&r=g\",\"caption\":\"Jim\"},\"sameAs\":[\"https:\\\/\\\/www.creawebsite.be\\\/\",\"https:\\\/\\\/www.facebook.com\\\/Creawebsite-113915200150984\",\"https:\\\/\\\/www.instagram.com\\\/creawebsite.be\\\/\",\"https:\\\/\\\/www.linkedin.com\\\/in\\\/jean-marc-delchef\\\/\"]}]}<\/script>\n<!-- \/ Yoast SEO plugin. -->","yoast_head_json":{"title":"26 de febrero de 2001: Proyecto de \u00abconvenio\u00bb para Planas del Rey - La Tribune de Planas","description":"26\/02\/2001: proyecto de convenio para Planas del Rey: obras de infraestructuras, recepci\u00f3n municipal y financiaci\u00f3n.","robots":{"index":"index","follow":"follow","max-snippet":"max-snippet:-1","max-image-preview":"max-image-preview:large","max-video-preview":"max-video-preview:-1"},"canonical":"https:\/\/www.latribunedeplanas.com\/es\/26-de-febrero-de-2001-proyecto-de-convenio-para-planas-del-rey\/","og_locale":"es_ES","og_type":"article","og_title":"26 de febrero de 2001: Proyecto de \u00abconvenio\u00bb para Planas del Rey - La Tribune de Planas","og_description":"26\/02\/2001: proyecto de convenio para Planas del Rey: obras de infraestructuras, recepci\u00f3n municipal y financiaci\u00f3n.","og_url":"https:\/\/www.latribunedeplanas.com\/es\/26-de-febrero-de-2001-proyecto-de-convenio-para-planas-del-rey\/","og_site_name":"La Tribune de Planas","article_publisher":"https:\/\/www.facebook.com\/groups\/1220895301376005\/","article_author":"https:\/\/www.facebook.com\/Creawebsite-113915200150984","article_published_time":"2001-02-26T10:27:44+00:00","article_modified_time":"2025-08-19T09:37:59+00:00","author":"Jim","twitter_card":"summary_large_image","twitter_misc":{"Escrito por":"Jim","Tiempo de lectura":"3 minutos"},"schema":{"@context":"https:\/\/schema.org","@graph":[{"@type":"Article","@id":"https:\/\/www.latribunedeplanas.com\/es\/26-de-febrero-de-2001-proyecto-de-convenio-para-planas-del-rey\/#article","isPartOf":{"@id":"https:\/\/www.latribunedeplanas.com\/es\/26-de-febrero-de-2001-proyecto-de-convenio-para-planas-del-rey\/"},"author":{"name":"Jim","@id":"https:\/\/www.latribunedeplanas.com\/es\/#\/schema\/person\/590a87318688792f18d8e1c983528bc8"},"headline":"26 de febrero de 2001: Proyecto de \u00abconvenio\u00bb para Planas del Rey","datePublished":"2001-02-26T10:27:44+00:00","dateModified":"2025-08-19T09:37:59+00:00","mainEntityOfPage":{"@id":"https:\/\/www.latribunedeplanas.com\/es\/26-de-febrero-de-2001-proyecto-de-convenio-para-planas-del-rey\/"},"wordCount":691,"publisher":{"@id":"https:\/\/www.latribunedeplanas.com\/es\/#organization"},"articleSection":["Documentos"],"inLanguage":"es"},{"@type":"WebPage","@id":"https:\/\/www.latribunedeplanas.com\/es\/26-de-febrero-de-2001-proyecto-de-convenio-para-planas-del-rey\/","url":"https:\/\/www.latribunedeplanas.com\/es\/26-de-febrero-de-2001-proyecto-de-convenio-para-planas-del-rey\/","name":"26 de febrero de 2001: Proyecto de \u00abconvenio\u00bb para Planas del Rey - La Tribune de Planas","isPartOf":{"@id":"https:\/\/www.latribunedeplanas.com\/es\/#website"},"datePublished":"2001-02-26T10:27:44+00:00","dateModified":"2025-08-19T09:37:59+00:00","description":"26\/02\/2001: proyecto de convenio para Planas del Rey: obras de infraestructuras, recepci\u00f3n municipal y financiaci\u00f3n.","breadcrumb":{"@id":"https:\/\/www.latribunedeplanas.com\/es\/26-de-febrero-de-2001-proyecto-de-convenio-para-planas-del-rey\/#breadcrumb"},"inLanguage":"es","potentialAction":[{"@type":"ReadAction","target":["https:\/\/www.latribunedeplanas.com\/es\/26-de-febrero-de-2001-proyecto-de-convenio-para-planas-del-rey\/"]}]},{"@type":"BreadcrumbList","@id":"https:\/\/www.latribunedeplanas.com\/es\/26-de-febrero-de-2001-proyecto-de-convenio-para-planas-del-rey\/#breadcrumb","itemListElement":[{"@type":"ListItem","position":1,"name":"Accueil","item":"https:\/\/www.latribunedeplanas.com\/es\/"},{"@type":"ListItem","position":2,"name":"26 de febrero de 2001: Proyecto de \u00abconvenio\u00bb para Planas del Rey"}]},{"@type":"WebSite","@id":"https:\/\/www.latribunedeplanas.com\/es\/#website","url":"https:\/\/www.latribunedeplanas.com\/es\/","name":"La Tribune de Planas","description":"Les Planes del Rei - Urbanizaci\u00f3n del municipio de Pratdip","publisher":{"@id":"https:\/\/www.latribunedeplanas.com\/es\/#organization"},"potentialAction":[{"@type":"SearchAction","target":{"@type":"EntryPoint","urlTemplate":"https:\/\/www.latribunedeplanas.com\/es\/?s={search_term_string}"},"query-input":{"@type":"PropertyValueSpecification","valueRequired":true,"valueName":"search_term_string"}}],"inLanguage":"es"},{"@type":"Organization","@id":"https:\/\/www.latribunedeplanas.com\/es\/#organization","name":"Vecinos de Planes del Rei (SOSPlanes)","url":"https:\/\/www.latribunedeplanas.com\/es\/","logo":{"@type":"ImageObject","inLanguage":"es","@id":"https:\/\/www.latribunedeplanas.com\/es\/#\/schema\/logo\/image\/","url":"https:\/\/www.latribunedeplanas.com\/wp-content\/uploads\/2021\/11\/logo-sos-planas-0.png","contentUrl":"https:\/\/www.latribunedeplanas.com\/wp-content\/uploads\/2021\/11\/logo-sos-planas-0.png","width":600,"height":400,"caption":"Vecinos de Planes del Rei (SOSPlanes)"},"image":{"@id":"https:\/\/www.latribunedeplanas.com\/es\/#\/schema\/logo\/image\/"},"sameAs":["https:\/\/www.facebook.com\/groups\/1220895301376005\/","https:\/\/www.instagram.com\/lasplanasdelrey\/"]},{"@type":"Person","@id":"https:\/\/www.latribunedeplanas.com\/es\/#\/schema\/person\/590a87318688792f18d8e1c983528bc8","name":"Jim","image":{"@type":"ImageObject","inLanguage":"es","@id":"https:\/\/secure.gravatar.com\/avatar\/5a89228fd282eb9ee33a60b4ff06f9c31751866f1fb91ca56263af0968354113?s=96&d=mm&r=g","url":"https:\/\/secure.gravatar.com\/avatar\/5a89228fd282eb9ee33a60b4ff06f9c31751866f1fb91ca56263af0968354113?s=96&d=mm&r=g","contentUrl":"https:\/\/secure.gravatar.com\/avatar\/5a89228fd282eb9ee33a60b4ff06f9c31751866f1fb91ca56263af0968354113?s=96&d=mm&r=g","caption":"Jim"},"sameAs":["https:\/\/www.creawebsite.be\/","https:\/\/www.facebook.com\/Creawebsite-113915200150984","https:\/\/www.instagram.com\/creawebsite.be\/","https:\/\/www.linkedin.com\/in\/jean-marc-delchef\/"]}]}},"_links":{"self":[{"href":"https:\/\/www.latribunedeplanas.com\/es\/wp-json\/wp\/v2\/posts\/28301","targetHints":{"allow":["GET"]}}],"collection":[{"href":"https:\/\/www.latribunedeplanas.com\/es\/wp-json\/wp\/v2\/posts"}],"about":[{"href":"https:\/\/www.latribunedeplanas.com\/es\/wp-json\/wp\/v2\/types\/post"}],"author":[{"embeddable":true,"href":"https:\/\/www.latribunedeplanas.com\/es\/wp-json\/wp\/v2\/users\/1"}],"replies":[{"embeddable":true,"href":"https:\/\/www.latribunedeplanas.com\/es\/wp-json\/wp\/v2\/comments?post=28301"}],"version-history":[{"count":2,"href":"https:\/\/www.latribunedeplanas.com\/es\/wp-json\/wp\/v2\/posts\/28301\/revisions"}],"predecessor-version":[{"id":28304,"href":"https:\/\/www.latribunedeplanas.com\/es\/wp-json\/wp\/v2\/posts\/28301\/revisions\/28304"}],"wp:attachment":[{"href":"https:\/\/www.latribunedeplanas.com\/es\/wp-json\/wp\/v2\/media?parent=28301"}],"wp:term":[{"taxonomy":"category","embeddable":true,"href":"https:\/\/www.latribunedeplanas.com\/es\/wp-json\/wp\/v2\/categories?post=28301"},{"taxonomy":"post_tag","embeddable":true,"href":"https:\/\/www.latribunedeplanas.com\/es\/wp-json\/wp\/v2\/tags?post=28301"}],"curies":[{"name":"wp","href":"https:\/\/api.w.org\/{rel}","templated":true}]}}