{"id":28226,"date":"1996-03-05T15:50:11","date_gmt":"1996-03-05T14:50:11","guid":{"rendered":"https:\/\/www.latribunedeplanas.com\/5-mars-1996-rapport-juridique-de-la-generalitat-de-catalunya\/"},"modified":"2025-08-18T17:28:13","modified_gmt":"2025-08-18T15:28:13","slug":"5-de-marzo-de-1996-informe-juridico-de-la-generalitat-de-catalunya","status":"publish","type":"post","link":"https:\/\/www.latribunedeplanas.com\/es\/5-de-marzo-de-1996-informe-juridico-de-la-generalitat-de-catalunya\/","title":{"rendered":"5 de marzo de 1996: Informe jur\u00eddico de la Generalitat de Catalunya"},"content":{"rendered":"<p>[et_pb_section fb_built=\u00bb1&#8243; admin_label=\u00bbSection-Article\u00bb module_class=\u00bbsection-article\u00bb _builder_version=\u00bb4.18.0&#8243; custom_margin=\u00bb0px|0px|0px|0px\u00bb custom_padding=\u00bb0px|0px|0px|0px\u00bb global_colors_info=\u00bb{}\u00bb][et_pb_row use_custom_gutter=\u00bbon\u00bb gutter_width=\u00bb1&#8243; custom_padding_last_edited=\u00bbon|phone\u00bb admin_label=\u00bbLigne-Article\u00bb module_class=\u00bbligne-article et_pb_row_fullwidth\u00bb _builder_version=\u00bb4.27.4&#8243; width=\u00bb100%\u00bb width_tablet=\u00bb100%\u00bb width_phone=\u00bb\u00bb width_last_edited=\u00bbon|desktop\u00bb max_width=\u00bb100%\u00bb max_width_tablet=\u00bb100%\u00bb max_width_phone=\u00bb\u00bb max_width_last_edited=\u00bbon|desktop\u00bb custom_margin=\u00bb0px||0px\u00bb custom_padding=\u00bb20px||0px||false|false\u00bb custom_padding_tablet=\u00bb20px||0px||false|false\u00bb custom_padding_phone=\u00bb15px||||false|false\u00bb make_fullwidth=\u00bbon\u00bb global_colors_info=\u00bb{}\u00bb][et_pb_column type=\u00bb4_4&#8243; _builder_version=\u00bb4.16&#8243; custom_padding=\u00bb|||\u00bb global_colors_info=\u00bb{}\u00bb custom_padding__hover=\u00bb|||\u00bb][et_pb_text admin_label=\u00bbTexte-5 de marzo de 1996: Informe jur\u00eddico de la Generalitat de Catalunya\u00bb module_class=\u00bbtxt-article\u00bb _builder_version=\u00bb4.27.4&#8243; text_font=\u00bb|300|||||||\u00bb header_font=\u00bb||||||||\u00bb header_2_line_height=\u00bb1.2em\u00bb header_3_font=\u00bb||||||||\u00bb header_3_line_height=\u00bb1.3em\u00bb header_4_text_align=\u00bbcenter\u00bb custom_padding=\u00bb||||false|false\u00bb text_line_height_tablet=\u00bb\u00bb text_line_height_phone=\u00bb1.3em\u00bb text_line_height_last_edited=\u00bbon|desktop\u00bb header_2_font_size_tablet=\u00bb\u00bb header_2_font_size_phone=\u00bb\u00bb header_2_font_size_last_edited=\u00bbon|phone\u00bb header_3_font_size_tablet=\u00bb\u00bb header_3_font_size_phone=\u00bb23px\u00bb header_3_font_size_last_edited=\u00bbon|desktop\u00bb global_colors_info=\u00bb{}\u00bb]<\/p>\n<p>El <span class=\"accentue\">5 de marzo de 1996<\/span>, los servicios jur\u00eddicos de la <span class=\"accentue\">Generalitat de Catalunya<\/span> emiten un dictamen oficial sobre la situaci\u00f3n de la urbanizaci\u00f3n <span class=\"accentue\">Planas del Rey (Planes del Rei)<\/span>.<br \/>\nEste informe analiza las obligaciones del <span class=\"accentue\">Ayuntamiento de Pratdip<\/span> y los derechos de los propietarios, a ra\u00edz de las sentencias dictadas y de las gestiones de la <span class=\"accentue\">Entitat Urban\u00edstica Col\u00b7laboradora de Conservaci\u00f3 (EUCC)<\/span>.<\/p>\n<hr style=\"margin-bottom: 30px;\" \/>\n<h2>1) Contexto<\/h2>\n<ul>\n<li>El informe se inscribe en la continuidad de la <span class=\"accentue\">sentencia del Tribunal de Falset del 23 de noviembre de 1993<\/span>.<\/li>\n<li>Responde a las dificultades persistentes relacionadas con la <span class=\"accentue\">recepci\u00f3n de las infraestructuras<\/span> (viales, redes, zonas verdes) de la urbanizaci\u00f3n.<\/li>\n<li>La Generalitat aclara las responsabilidades respectivas del <span class=\"accentue\">promotor<\/span>, de la <span class=\"accentue\">EUCC<\/span> y del <span class=\"accentue\">Ayuntamiento<\/span>.<\/li>\n<\/ul>\n<h2>2) Conclusiones principales<\/h2>\n<ul>\n<li>El <span class=\"accentue\">Ayuntamiento de Pratdip<\/span> no puede eludir la aceptaci\u00f3n de las <span class=\"accentue\">cesiones obligatorias<\/span>, confirmadas por la ley y las resoluciones judiciales.<\/li>\n<li>La <span class=\"accentue\">EUCC<\/span> solo debe desempe\u00f1ar un papel <span class=\"accentue\">provisional<\/span>, y no permanente, en la gesti\u00f3n de los servicios.<\/li>\n<li>Una <span class=\"accentue\">negativa prolongada<\/span> o una inacci\u00f3n municipal podr\u00eda considerarse una <span class=\"accentue\">falta grave<\/span>.<\/li>\n<\/ul>\n<h2>3) Derechos de los propietarios<\/h2>\n<ul>\n<li>Los habitantes de Planas del Rey tienen derecho a exigir la ejecuci\u00f3n de las resoluciones judiciales.<\/li>\n<li>No deben ser <span class=\"accentue\">doblemente penalizados<\/span>: pagar tanto los impuestos municipales como las cuotas de la EUCC.<\/li>\n<\/ul>\n<h2>4) Alcance del informe<\/h2>\n<p>Este informe constituye una <span class=\"accentue\">pieza jur\u00eddica fundamental<\/span> en la historia de Planas del Rey.<br \/>\nYa en <span class=\"accentue\">1996<\/span>, la Generalitat reconoc\u00eda la obligaci\u00f3n del Ayuntamiento de asumir el mantenimiento y la gesti\u00f3n de las infraestructuras, poniendo en evidencia la <span class=\"accentue\">ilegalidad de la inacci\u00f3n municipal<\/span>.<\/p>\n<hr style=\"margin-bottom: 30px;\" \/>\n<h3 class=\"underline\">Documento<\/h3>\n<p style=\"padding-top: 30px;\"><a href=\"https:\/\/www.latribunedeplanas.com\/wp-content\/uploads\/2022\/08\/1996-03-05-rapport-juridic-generalitat-catalunya.pdf\" class=\"pdfemb-viewer\" style=\"\" data-width=\"max\" data-height=\"max\" data-mobile-width=\"0\"  data-scrollbar=\"none\" data-download=\"on\" data-tracking=\"on\" data-newwindow=\"on\" data-pagetextbox=\"off\" data-scrolltotop=\"off\" data-startzoom=\"100\" data-startfpzoom=\"100\" data-toolbar=\"top\" data-toolbar-fixed=\"off\">1996-03-05-rapport-juridic-generalitat-catalunya<br\/><\/a><\/p>\n<p>[\/et_pb_text][\/et_pb_column][\/et_pb_row][\/et_pb_section]<\/p>\n","protected":false},"excerpt":{"rendered":"<p>El 5 de marzo de 1996, los servicios jur\u00eddicos de la Generalitat de Catalunya emiten un dictamen oficial sobre la situaci\u00f3n de la urbanizaci\u00f3n Planas del Rey (Planes del Rei). Este informe analiza las obligaciones del Ayuntamiento de Pratdip y los derechos de los propietarios, a ra\u00edz de las sentencias dictadas y de las gestiones [&hellip;]<\/p>\n","protected":false},"author":1,"featured_media":0,"comment_status":"closed","ping_status":"closed","sticky":false,"template":"","format":"standard","meta":{"_et_pb_use_builder":"on","_et_pb_old_content":"","_et_gb_content_width":"","footnotes":""},"categories":[217],"tags":[],"class_list":["post-28226","post","type-post","status-publish","format-standard","hentry","category-documentos"],"yoast_head":"<!-- This site is optimized with the Yoast SEO plugin v27.5 - https:\/\/yoast.com\/product\/yoast-seo-wordpress\/ -->\n<title>5 de marzo de 1996: Informe jur\u00eddico de la Generalitat de Catalunya - La Tribune de Planas<\/title>\n<meta name=\"description\" content=\"Informe jur\u00eddico de 1996: la Generalitat confirma la obligaci\u00f3n del Ayuntamiento de Pratdip de asumir las infraestructuras.\" \/>\n<meta name=\"robots\" content=\"index, follow, max-snippet:-1, max-image-preview:large, max-video-preview:-1\" \/>\n<link rel=\"canonical\" href=\"https:\/\/www.latribunedeplanas.com\/es\/5-de-marzo-de-1996-informe-juridico-de-la-generalitat-de-catalunya\/\" \/>\n<meta property=\"og:locale\" content=\"es_ES\" \/>\n<meta property=\"og:type\" content=\"article\" \/>\n<meta property=\"og:title\" content=\"5 de marzo de 1996: Informe jur\u00eddico de la Generalitat de Catalunya - La Tribune de Planas\" \/>\n<meta property=\"og:description\" content=\"Informe jur\u00eddico de 1996: la Generalitat confirma la obligaci\u00f3n del Ayuntamiento de Pratdip de asumir las infraestructuras.\" \/>\n<meta property=\"og:url\" content=\"https:\/\/www.latribunedeplanas.com\/es\/5-de-marzo-de-1996-informe-juridico-de-la-generalitat-de-catalunya\/\" \/>\n<meta property=\"og:site_name\" content=\"La Tribune de Planas\" \/>\n<meta property=\"article:publisher\" content=\"https:\/\/www.facebook.com\/groups\/1220895301376005\/\" \/>\n<meta property=\"article:author\" content=\"https:\/\/www.facebook.com\/Creawebsite-113915200150984\" \/>\n<meta property=\"article:published_time\" content=\"1996-03-05T14:50:11+00:00\" \/>\n<meta property=\"article:modified_time\" content=\"2025-08-18T15:28:13+00:00\" \/>\n<meta name=\"author\" content=\"Jim\" \/>\n<meta name=\"twitter:card\" content=\"summary_large_image\" \/>\n<meta name=\"twitter:label1\" content=\"Escrito por\" \/>\n\t<meta name=\"twitter:data1\" content=\"Jim\" \/>\n\t<meta name=\"twitter:label2\" content=\"Tiempo de lectura\" \/>\n\t<meta name=\"twitter:data2\" content=\"2 minutos\" \/>\n<script type=\"application\/ld+json\" class=\"yoast-schema-graph\">{\"@context\":\"https:\\\/\\\/schema.org\",\"@graph\":[{\"@type\":\"Article\",\"@id\":\"https:\\\/\\\/www.latribunedeplanas.com\\\/es\\\/5-de-marzo-de-1996-informe-juridico-de-la-generalitat-de-catalunya\\\/#article\",\"isPartOf\":{\"@id\":\"https:\\\/\\\/www.latribunedeplanas.com\\\/es\\\/5-de-marzo-de-1996-informe-juridico-de-la-generalitat-de-catalunya\\\/\"},\"author\":{\"name\":\"Jim\",\"@id\":\"https:\\\/\\\/www.latribunedeplanas.com\\\/es\\\/#\\\/schema\\\/person\\\/590a87318688792f18d8e1c983528bc8\"},\"headline\":\"5 de marzo de 1996: Informe jur\u00eddico de la Generalitat de Catalunya\",\"datePublished\":\"1996-03-05T14:50:11+00:00\",\"dateModified\":\"2025-08-18T15:28:13+00:00\",\"mainEntityOfPage\":{\"@id\":\"https:\\\/\\\/www.latribunedeplanas.com\\\/es\\\/5-de-marzo-de-1996-informe-juridico-de-la-generalitat-de-catalunya\\\/\"},\"wordCount\":517,\"publisher\":{\"@id\":\"https:\\\/\\\/www.latribunedeplanas.com\\\/es\\\/#organization\"},\"articleSection\":[\"Documentos\"],\"inLanguage\":\"es\"},{\"@type\":\"WebPage\",\"@id\":\"https:\\\/\\\/www.latribunedeplanas.com\\\/es\\\/5-de-marzo-de-1996-informe-juridico-de-la-generalitat-de-catalunya\\\/\",\"url\":\"https:\\\/\\\/www.latribunedeplanas.com\\\/es\\\/5-de-marzo-de-1996-informe-juridico-de-la-generalitat-de-catalunya\\\/\",\"name\":\"5 de marzo de 1996: Informe jur\u00eddico de la Generalitat de Catalunya - La Tribune de Planas\",\"isPartOf\":{\"@id\":\"https:\\\/\\\/www.latribunedeplanas.com\\\/es\\\/#website\"},\"datePublished\":\"1996-03-05T14:50:11+00:00\",\"dateModified\":\"2025-08-18T15:28:13+00:00\",\"description\":\"Informe jur\u00eddico de 1996: la Generalitat confirma la obligaci\u00f3n del Ayuntamiento de Pratdip de asumir las infraestructuras.\",\"breadcrumb\":{\"@id\":\"https:\\\/\\\/www.latribunedeplanas.com\\\/es\\\/5-de-marzo-de-1996-informe-juridico-de-la-generalitat-de-catalunya\\\/#breadcrumb\"},\"inLanguage\":\"es\",\"potentialAction\":[{\"@type\":\"ReadAction\",\"target\":[\"https:\\\/\\\/www.latribunedeplanas.com\\\/es\\\/5-de-marzo-de-1996-informe-juridico-de-la-generalitat-de-catalunya\\\/\"]}]},{\"@type\":\"BreadcrumbList\",\"@id\":\"https:\\\/\\\/www.latribunedeplanas.com\\\/es\\\/5-de-marzo-de-1996-informe-juridico-de-la-generalitat-de-catalunya\\\/#breadcrumb\",\"itemListElement\":[{\"@type\":\"ListItem\",\"position\":1,\"name\":\"Accueil\",\"item\":\"https:\\\/\\\/www.latribunedeplanas.com\\\/es\\\/\"},{\"@type\":\"ListItem\",\"position\":2,\"name\":\"5 de marzo de 1996: Informe jur\u00eddico de la Generalitat de Catalunya\"}]},{\"@type\":\"WebSite\",\"@id\":\"https:\\\/\\\/www.latribunedeplanas.com\\\/es\\\/#website\",\"url\":\"https:\\\/\\\/www.latribunedeplanas.com\\\/es\\\/\",\"name\":\"La Tribune de Planas\",\"description\":\"Les Planes del Rei - Urbanizaci\u00f3n del municipio de Pratdip\",\"publisher\":{\"@id\":\"https:\\\/\\\/www.latribunedeplanas.com\\\/es\\\/#organization\"},\"potentialAction\":[{\"@type\":\"SearchAction\",\"target\":{\"@type\":\"EntryPoint\",\"urlTemplate\":\"https:\\\/\\\/www.latribunedeplanas.com\\\/es\\\/?s={search_term_string}\"},\"query-input\":{\"@type\":\"PropertyValueSpecification\",\"valueRequired\":true,\"valueName\":\"search_term_string\"}}],\"inLanguage\":\"es\"},{\"@type\":\"Organization\",\"@id\":\"https:\\\/\\\/www.latribunedeplanas.com\\\/es\\\/#organization\",\"name\":\"Vecinos de Planes del Rei (SOSPlanes)\",\"url\":\"https:\\\/\\\/www.latribunedeplanas.com\\\/es\\\/\",\"logo\":{\"@type\":\"ImageObject\",\"inLanguage\":\"es\",\"@id\":\"https:\\\/\\\/www.latribunedeplanas.com\\\/es\\\/#\\\/schema\\\/logo\\\/image\\\/\",\"url\":\"https:\\\/\\\/www.latribunedeplanas.com\\\/wp-content\\\/uploads\\\/2021\\\/11\\\/logo-sos-planas-0.png\",\"contentUrl\":\"https:\\\/\\\/www.latribunedeplanas.com\\\/wp-content\\\/uploads\\\/2021\\\/11\\\/logo-sos-planas-0.png\",\"width\":600,\"height\":400,\"caption\":\"Vecinos de Planes del Rei (SOSPlanes)\"},\"image\":{\"@id\":\"https:\\\/\\\/www.latribunedeplanas.com\\\/es\\\/#\\\/schema\\\/logo\\\/image\\\/\"},\"sameAs\":[\"https:\\\/\\\/www.facebook.com\\\/groups\\\/1220895301376005\\\/\",\"https:\\\/\\\/www.instagram.com\\\/lasplanasdelrey\\\/\"]},{\"@type\":\"Person\",\"@id\":\"https:\\\/\\\/www.latribunedeplanas.com\\\/es\\\/#\\\/schema\\\/person\\\/590a87318688792f18d8e1c983528bc8\",\"name\":\"Jim\",\"image\":{\"@type\":\"ImageObject\",\"inLanguage\":\"es\",\"@id\":\"https:\\\/\\\/secure.gravatar.com\\\/avatar\\\/5a89228fd282eb9ee33a60b4ff06f9c31751866f1fb91ca56263af0968354113?s=96&d=mm&r=g\",\"url\":\"https:\\\/\\\/secure.gravatar.com\\\/avatar\\\/5a89228fd282eb9ee33a60b4ff06f9c31751866f1fb91ca56263af0968354113?s=96&d=mm&r=g\",\"contentUrl\":\"https:\\\/\\\/secure.gravatar.com\\\/avatar\\\/5a89228fd282eb9ee33a60b4ff06f9c31751866f1fb91ca56263af0968354113?s=96&d=mm&r=g\",\"caption\":\"Jim\"},\"sameAs\":[\"https:\\\/\\\/www.creawebsite.be\\\/\",\"https:\\\/\\\/www.facebook.com\\\/Creawebsite-113915200150984\",\"https:\\\/\\\/www.instagram.com\\\/creawebsite.be\\\/\",\"https:\\\/\\\/www.linkedin.com\\\/in\\\/jean-marc-delchef\\\/\"]}]}<\/script>\n<!-- \/ Yoast SEO plugin. -->","yoast_head_json":{"title":"5 de marzo de 1996: Informe jur\u00eddico de la Generalitat de Catalunya - La Tribune de Planas","description":"Informe jur\u00eddico de 1996: la Generalitat confirma la obligaci\u00f3n del Ayuntamiento de Pratdip de asumir las infraestructuras.","robots":{"index":"index","follow":"follow","max-snippet":"max-snippet:-1","max-image-preview":"max-image-preview:large","max-video-preview":"max-video-preview:-1"},"canonical":"https:\/\/www.latribunedeplanas.com\/es\/5-de-marzo-de-1996-informe-juridico-de-la-generalitat-de-catalunya\/","og_locale":"es_ES","og_type":"article","og_title":"5 de marzo de 1996: Informe jur\u00eddico de la Generalitat de Catalunya - La Tribune de Planas","og_description":"Informe jur\u00eddico de 1996: la Generalitat confirma la obligaci\u00f3n del Ayuntamiento de Pratdip de asumir las infraestructuras.","og_url":"https:\/\/www.latribunedeplanas.com\/es\/5-de-marzo-de-1996-informe-juridico-de-la-generalitat-de-catalunya\/","og_site_name":"La Tribune de Planas","article_publisher":"https:\/\/www.facebook.com\/groups\/1220895301376005\/","article_author":"https:\/\/www.facebook.com\/Creawebsite-113915200150984","article_published_time":"1996-03-05T14:50:11+00:00","article_modified_time":"2025-08-18T15:28:13+00:00","author":"Jim","twitter_card":"summary_large_image","twitter_misc":{"Escrito por":"Jim","Tiempo de lectura":"2 minutos"},"schema":{"@context":"https:\/\/schema.org","@graph":[{"@type":"Article","@id":"https:\/\/www.latribunedeplanas.com\/es\/5-de-marzo-de-1996-informe-juridico-de-la-generalitat-de-catalunya\/#article","isPartOf":{"@id":"https:\/\/www.latribunedeplanas.com\/es\/5-de-marzo-de-1996-informe-juridico-de-la-generalitat-de-catalunya\/"},"author":{"name":"Jim","@id":"https:\/\/www.latribunedeplanas.com\/es\/#\/schema\/person\/590a87318688792f18d8e1c983528bc8"},"headline":"5 de marzo de 1996: Informe jur\u00eddico de la Generalitat de Catalunya","datePublished":"1996-03-05T14:50:11+00:00","dateModified":"2025-08-18T15:28:13+00:00","mainEntityOfPage":{"@id":"https:\/\/www.latribunedeplanas.com\/es\/5-de-marzo-de-1996-informe-juridico-de-la-generalitat-de-catalunya\/"},"wordCount":517,"publisher":{"@id":"https:\/\/www.latribunedeplanas.com\/es\/#organization"},"articleSection":["Documentos"],"inLanguage":"es"},{"@type":"WebPage","@id":"https:\/\/www.latribunedeplanas.com\/es\/5-de-marzo-de-1996-informe-juridico-de-la-generalitat-de-catalunya\/","url":"https:\/\/www.latribunedeplanas.com\/es\/5-de-marzo-de-1996-informe-juridico-de-la-generalitat-de-catalunya\/","name":"5 de marzo de 1996: Informe jur\u00eddico de la Generalitat de Catalunya - La Tribune de Planas","isPartOf":{"@id":"https:\/\/www.latribunedeplanas.com\/es\/#website"},"datePublished":"1996-03-05T14:50:11+00:00","dateModified":"2025-08-18T15:28:13+00:00","description":"Informe jur\u00eddico de 1996: la Generalitat confirma la obligaci\u00f3n del Ayuntamiento de Pratdip de asumir las infraestructuras.","breadcrumb":{"@id":"https:\/\/www.latribunedeplanas.com\/es\/5-de-marzo-de-1996-informe-juridico-de-la-generalitat-de-catalunya\/#breadcrumb"},"inLanguage":"es","potentialAction":[{"@type":"ReadAction","target":["https:\/\/www.latribunedeplanas.com\/es\/5-de-marzo-de-1996-informe-juridico-de-la-generalitat-de-catalunya\/"]}]},{"@type":"BreadcrumbList","@id":"https:\/\/www.latribunedeplanas.com\/es\/5-de-marzo-de-1996-informe-juridico-de-la-generalitat-de-catalunya\/#breadcrumb","itemListElement":[{"@type":"ListItem","position":1,"name":"Accueil","item":"https:\/\/www.latribunedeplanas.com\/es\/"},{"@type":"ListItem","position":2,"name":"5 de marzo de 1996: Informe jur\u00eddico de la Generalitat de Catalunya"}]},{"@type":"WebSite","@id":"https:\/\/www.latribunedeplanas.com\/es\/#website","url":"https:\/\/www.latribunedeplanas.com\/es\/","name":"La Tribune de Planas","description":"Les Planes del Rei - Urbanizaci\u00f3n del municipio de Pratdip","publisher":{"@id":"https:\/\/www.latribunedeplanas.com\/es\/#organization"},"potentialAction":[{"@type":"SearchAction","target":{"@type":"EntryPoint","urlTemplate":"https:\/\/www.latribunedeplanas.com\/es\/?s={search_term_string}"},"query-input":{"@type":"PropertyValueSpecification","valueRequired":true,"valueName":"search_term_string"}}],"inLanguage":"es"},{"@type":"Organization","@id":"https:\/\/www.latribunedeplanas.com\/es\/#organization","name":"Vecinos de Planes del Rei (SOSPlanes)","url":"https:\/\/www.latribunedeplanas.com\/es\/","logo":{"@type":"ImageObject","inLanguage":"es","@id":"https:\/\/www.latribunedeplanas.com\/es\/#\/schema\/logo\/image\/","url":"https:\/\/www.latribunedeplanas.com\/wp-content\/uploads\/2021\/11\/logo-sos-planas-0.png","contentUrl":"https:\/\/www.latribunedeplanas.com\/wp-content\/uploads\/2021\/11\/logo-sos-planas-0.png","width":600,"height":400,"caption":"Vecinos de Planes del Rei (SOSPlanes)"},"image":{"@id":"https:\/\/www.latribunedeplanas.com\/es\/#\/schema\/logo\/image\/"},"sameAs":["https:\/\/www.facebook.com\/groups\/1220895301376005\/","https:\/\/www.instagram.com\/lasplanasdelrey\/"]},{"@type":"Person","@id":"https:\/\/www.latribunedeplanas.com\/es\/#\/schema\/person\/590a87318688792f18d8e1c983528bc8","name":"Jim","image":{"@type":"ImageObject","inLanguage":"es","@id":"https:\/\/secure.gravatar.com\/avatar\/5a89228fd282eb9ee33a60b4ff06f9c31751866f1fb91ca56263af0968354113?s=96&d=mm&r=g","url":"https:\/\/secure.gravatar.com\/avatar\/5a89228fd282eb9ee33a60b4ff06f9c31751866f1fb91ca56263af0968354113?s=96&d=mm&r=g","contentUrl":"https:\/\/secure.gravatar.com\/avatar\/5a89228fd282eb9ee33a60b4ff06f9c31751866f1fb91ca56263af0968354113?s=96&d=mm&r=g","caption":"Jim"},"sameAs":["https:\/\/www.creawebsite.be\/","https:\/\/www.facebook.com\/Creawebsite-113915200150984","https:\/\/www.instagram.com\/creawebsite.be\/","https:\/\/www.linkedin.com\/in\/jean-marc-delchef\/"]}]}},"_links":{"self":[{"href":"https:\/\/www.latribunedeplanas.com\/es\/wp-json\/wp\/v2\/posts\/28226","targetHints":{"allow":["GET"]}}],"collection":[{"href":"https:\/\/www.latribunedeplanas.com\/es\/wp-json\/wp\/v2\/posts"}],"about":[{"href":"https:\/\/www.latribunedeplanas.com\/es\/wp-json\/wp\/v2\/types\/post"}],"author":[{"embeddable":true,"href":"https:\/\/www.latribunedeplanas.com\/es\/wp-json\/wp\/v2\/users\/1"}],"replies":[{"embeddable":true,"href":"https:\/\/www.latribunedeplanas.com\/es\/wp-json\/wp\/v2\/comments?post=28226"}],"version-history":[{"count":5,"href":"https:\/\/www.latribunedeplanas.com\/es\/wp-json\/wp\/v2\/posts\/28226\/revisions"}],"predecessor-version":[{"id":28233,"href":"https:\/\/www.latribunedeplanas.com\/es\/wp-json\/wp\/v2\/posts\/28226\/revisions\/28233"}],"wp:attachment":[{"href":"https:\/\/www.latribunedeplanas.com\/es\/wp-json\/wp\/v2\/media?parent=28226"}],"wp:term":[{"taxonomy":"category","embeddable":true,"href":"https:\/\/www.latribunedeplanas.com\/es\/wp-json\/wp\/v2\/categories?post=28226"},{"taxonomy":"post_tag","embeddable":true,"href":"https:\/\/www.latribunedeplanas.com\/es\/wp-json\/wp\/v2\/tags?post=28226"}],"curies":[{"name":"wp","href":"https:\/\/api.w.org\/{rel}","templated":true}]}}