{"id":28209,"date":"1994-10-18T14:24:22","date_gmt":"1994-10-18T13:24:22","guid":{"rendered":"https:\/\/www.latribunedeplanas.com\/18-octobre-1994-reponse-de-la-mairie-a-la-demande-de-cession\/"},"modified":"2025-08-19T11:06:21","modified_gmt":"2025-08-19T09:06:21","slug":"18-de-octubre-de-1994-respuesta-del-ayuntamiento-a-la-solicitud-de-cesion","status":"publish","type":"post","link":"https:\/\/www.latribunedeplanas.com\/es\/18-de-octubre-de-1994-respuesta-del-ayuntamiento-a-la-solicitud-de-cesion\/","title":{"rendered":"18 de octubre de 1994: Respuesta del Ayuntamiento a la solicitud de cesi\u00f3n"},"content":{"rendered":"<p>[et_pb_section fb_built=\u00bb1&#8243; admin_label=\u00bbSection-Article\u00bb module_class=\u00bbsection-article\u00bb _builder_version=\u00bb4.18.0&#8243; custom_margin=\u00bb0px|0px|0px|0px\u00bb custom_padding=\u00bb0px|0px|0px|0px\u00bb global_colors_info=\u00bb{}\u00bb][et_pb_row use_custom_gutter=\u00bbon\u00bb gutter_width=\u00bb1&#8243; custom_padding_last_edited=\u00bbon|phone\u00bb admin_label=\u00bbLigne-Article\u00bb module_class=\u00bbligne-article et_pb_row_fullwidth\u00bb _builder_version=\u00bb4.27.4&#8243; width=\u00bb100%\u00bb width_tablet=\u00bb100%\u00bb width_phone=\u00bb\u00bb width_last_edited=\u00bbon|desktop\u00bb max_width=\u00bb100%\u00bb max_width_tablet=\u00bb100%\u00bb max_width_phone=\u00bb\u00bb max_width_last_edited=\u00bbon|desktop\u00bb custom_margin=\u00bb0px||0px\u00bb custom_padding=\u00bb20px||0px||false|false\u00bb custom_padding_tablet=\u00bb20px||0px||false|false\u00bb custom_padding_phone=\u00bb15px||||false|false\u00bb make_fullwidth=\u00bbon\u00bb global_colors_info=\u00bb{}\u00bb][et_pb_column type=\u00bb4_4&#8243; _builder_version=\u00bb4.16&#8243; custom_padding=\u00bb|||\u00bb global_colors_info=\u00bb{}\u00bb custom_padding__hover=\u00bb|||\u00bb][et_pb_text admin_label=\u00bbTexte-18 de octubre de 1994 : Respuesta del Ayuntamiento a la solicitud de cesi\u00f3n\u00bb module_class=\u00bbtxt-article\u00bb _builder_version=\u00bb4.27.4&#8243; text_font=\u00bb|300|||||||\u00bb header_font=\u00bb||||||||\u00bb header_2_line_height=\u00bb1.2em\u00bb header_3_font=\u00bb||||||||\u00bb header_3_line_height=\u00bb1.3em\u00bb header_4_text_align=\u00bbcenter\u00bb custom_padding=\u00bb||||false|false\u00bb hover_enabled=\u00bb0&#8243; text_line_height_tablet=\u00bb\u00bb text_line_height_phone=\u00bb1.3em\u00bb text_line_height_last_edited=\u00bbon|desktop\u00bb header_2_font_size_tablet=\u00bb\u00bb header_2_font_size_phone=\u00bb\u00bb header_2_font_size_last_edited=\u00bbon|phone\u00bb header_3_font_size_tablet=\u00bb\u00bb header_3_font_size_phone=\u00bb23px\u00bb header_3_font_size_last_edited=\u00bbon|desktop\u00bb global_colors_info=\u00bb{}\u00bb sticky_enabled=\u00bb0&#8243;]<\/p>\n<p>El <span class=\"accentue\">18 de octubre de 1994<\/span>, el <span class=\"accentue\">Alcalde de Pratdip<\/span>, <span class=\"accentue\">Josep Fortuny<\/span>, responde oficialmente a la carta enviada por la <span class=\"accentue\">Entidad Colaboradora Urban\u00edstica de Conservaci\u00f3n Les Planes del Rei (ECU)<\/span> el <span class=\"accentue\">10 de octubre de 1994<\/span>.<br \/>\nSe trata de la primera reacci\u00f3n escrita del Ayuntamiento sobre el procedimiento de cesi\u00f3n de las zonas verdes y equipamientos.<\/p>\n<hr style=\"margin-bottom: 30px;\" \/>\n<h2>1) Contexto<\/h2>\n<ul>\n<li>La carta del <span class=\"accentue\">10 de octubre de 1994<\/span> recordaba la solicitud inicial del <span class=\"accentue\">8 de marzo de 1994<\/span>, que hab\u00eda quedado sin respuesta.<\/li>\n<li>El Ayuntamiento acusa recibo de esta solicitud y confirma haber examinado el expediente.<\/li>\n<\/ul>\n<h2>2) Contenido de la respuesta<\/h2>\n<ul>\n<li>El Ayuntamiento declara <span class=\"accentue\">no disponer<\/span> de documentos que especifiquen los terrenos a ceder.<\/li>\n<li>Solicita a la ECU aportar una <span class=\"accentue\">documentaci\u00f3n gr\u00e1fica<\/span> (planos, mapas) para adjuntarla a la solicitud.<\/li>\n<\/ul>\n<h2>3) An\u00e1lisis<\/h2>\n<ul>\n<li>Esta respuesta constituye un <span class=\"accentue\">reconocimiento impl\u00edcito<\/span> de la obligaci\u00f3n de cesi\u00f3n.<\/li>\n<li>El Ayuntamiento no rechaza el procedimiento pero alega una <span class=\"accentue\">falta de documentos t\u00e9cnicos<\/span>.<\/li>\n<li>Es probable que esta exigencia se utilizara como <span class=\"accentue\">estrategia dilatoria<\/span>, ya que los planos ya exist\u00edan (Plan Parcial de 1964, decisi\u00f3n de la Generalitat de 1986, sentencia del Juzgado de Falset de 1993).<\/li>\n<\/ul>\n<h2>4) Alcance actual<\/h2>\n<p>Este documento confirma que el <span class=\"accentue\">Ayuntamiento de Pratdip<\/span> reconoc\u00eda ya en <span class=\"accentue\">1994<\/span> la validez del procedimiento de cesi\u00f3n.<br \/>\nDemuestra que el obst\u00e1culo alegado no era jur\u00eddico sino administrativo, y que el Ayuntamiento ya dispon\u00eda de todos los elementos necesarios para integrar la urbanizaci\u00f3n.<\/p>\n<hr style=\"margin-bottom: 30px;\" \/>\n<h3 class=\"underline\">Documento<\/h3>\n<p style=\"padding-top: 30px;\"><a href=\"https:\/\/www.latribunedeplanas.com\/wp-content\/uploads\/2022\/08\/1994-10-18-demande-cession-reponse-mairie.pdf\" class=\"pdfemb-viewer\" style=\"\" data-width=\"max\" data-height=\"max\" data-mobile-width=\"0\"  data-scrollbar=\"none\" data-download=\"on\" data-tracking=\"on\" data-newwindow=\"on\" data-pagetextbox=\"off\" data-scrolltotop=\"off\" data-startzoom=\"100\" data-startfpzoom=\"100\" data-toolbar=\"top\" data-toolbar-fixed=\"off\">1994-10-18-demande-cession-reponse-mairie<br\/><\/a><\/p>\n<p>[\/et_pb_text][\/et_pb_column][\/et_pb_row][\/et_pb_section]<\/p>\n","protected":false},"excerpt":{"rendered":"<p>El 18 de octubre de 1994, el Alcalde de Pratdip, Josep Fortuny, responde oficialmente a la carta enviada por la Entidad Colaboradora Urban\u00edstica de Conservaci\u00f3n Les Planes del Rei (ECU) el 10 de octubre de 1994. Se trata de la primera reacci\u00f3n escrita del Ayuntamiento sobre el procedimiento de cesi\u00f3n de las zonas verdes y [&hellip;]<\/p>\n","protected":false},"author":1,"featured_media":0,"comment_status":"closed","ping_status":"closed","sticky":false,"template":"","format":"standard","meta":{"_et_pb_use_builder":"on","_et_pb_old_content":"","_et_gb_content_width":"","footnotes":""},"categories":[217],"tags":[],"class_list":["post-28209","post","type-post","status-publish","format-standard","hentry","category-documentos"],"yoast_head":"<!-- This site is optimized with the Yoast SEO plugin v27.5 - https:\/\/yoast.com\/product\/yoast-seo-wordpress\/ -->\n<title>18 de octubre de 1994: Respuesta del Ayuntamiento a la solicitud de cesi\u00f3n - La Tribune de Planas<\/title>\n<meta name=\"description\" content=\"El 18 de octubre de 1994, el Ayuntamiento de Pratdip respondi\u00f3 a la ECU pidiendo planos para la cesi\u00f3n de zonas verdes y equipamientos.\" \/>\n<meta name=\"robots\" content=\"index, follow, max-snippet:-1, max-image-preview:large, max-video-preview:-1\" \/>\n<link rel=\"canonical\" href=\"https:\/\/www.latribunedeplanas.com\/es\/18-de-octubre-de-1994-respuesta-del-ayuntamiento-a-la-solicitud-de-cesion\/\" \/>\n<meta property=\"og:locale\" content=\"es_ES\" \/>\n<meta property=\"og:type\" content=\"article\" \/>\n<meta property=\"og:title\" content=\"18 de octubre de 1994: Respuesta del Ayuntamiento a la solicitud de cesi\u00f3n - La Tribune de Planas\" \/>\n<meta property=\"og:description\" content=\"El 18 de octubre de 1994, el Ayuntamiento de Pratdip respondi\u00f3 a la ECU pidiendo planos para la cesi\u00f3n de zonas verdes y equipamientos.\" \/>\n<meta property=\"og:url\" content=\"https:\/\/www.latribunedeplanas.com\/es\/18-de-octubre-de-1994-respuesta-del-ayuntamiento-a-la-solicitud-de-cesion\/\" \/>\n<meta property=\"og:site_name\" content=\"La Tribune de Planas\" \/>\n<meta property=\"article:publisher\" content=\"https:\/\/www.facebook.com\/groups\/1220895301376005\/\" \/>\n<meta property=\"article:author\" content=\"https:\/\/www.facebook.com\/Creawebsite-113915200150984\" \/>\n<meta property=\"article:published_time\" content=\"1994-10-18T13:24:22+00:00\" \/>\n<meta property=\"article:modified_time\" content=\"2025-08-19T09:06:21+00:00\" \/>\n<meta name=\"author\" content=\"Jim\" \/>\n<meta name=\"twitter:card\" content=\"summary_large_image\" \/>\n<meta name=\"twitter:label1\" content=\"Escrito por\" \/>\n\t<meta name=\"twitter:data1\" content=\"Jim\" \/>\n\t<meta name=\"twitter:label2\" content=\"Tiempo de lectura\" \/>\n\t<meta name=\"twitter:data2\" content=\"2 minutos\" \/>\n<script type=\"application\/ld+json\" class=\"yoast-schema-graph\">{\"@context\":\"https:\\\/\\\/schema.org\",\"@graph\":[{\"@type\":\"Article\",\"@id\":\"https:\\\/\\\/www.latribunedeplanas.com\\\/es\\\/18-de-octubre-de-1994-respuesta-del-ayuntamiento-a-la-solicitud-de-cesion\\\/#article\",\"isPartOf\":{\"@id\":\"https:\\\/\\\/www.latribunedeplanas.com\\\/es\\\/18-de-octubre-de-1994-respuesta-del-ayuntamiento-a-la-solicitud-de-cesion\\\/\"},\"author\":{\"name\":\"Jim\",\"@id\":\"https:\\\/\\\/www.latribunedeplanas.com\\\/es\\\/#\\\/schema\\\/person\\\/590a87318688792f18d8e1c983528bc8\"},\"headline\":\"18 de octubre de 1994: Respuesta del Ayuntamiento a la solicitud de cesi\u00f3n\",\"datePublished\":\"1994-10-18T13:24:22+00:00\",\"dateModified\":\"2025-08-19T09:06:21+00:00\",\"mainEntityOfPage\":{\"@id\":\"https:\\\/\\\/www.latribunedeplanas.com\\\/es\\\/18-de-octubre-de-1994-respuesta-del-ayuntamiento-a-la-solicitud-de-cesion\\\/\"},\"wordCount\":494,\"publisher\":{\"@id\":\"https:\\\/\\\/www.latribunedeplanas.com\\\/es\\\/#organization\"},\"articleSection\":[\"Documentos\"],\"inLanguage\":\"es\"},{\"@type\":\"WebPage\",\"@id\":\"https:\\\/\\\/www.latribunedeplanas.com\\\/es\\\/18-de-octubre-de-1994-respuesta-del-ayuntamiento-a-la-solicitud-de-cesion\\\/\",\"url\":\"https:\\\/\\\/www.latribunedeplanas.com\\\/es\\\/18-de-octubre-de-1994-respuesta-del-ayuntamiento-a-la-solicitud-de-cesion\\\/\",\"name\":\"18 de octubre de 1994: Respuesta del Ayuntamiento a la solicitud de cesi\u00f3n - La Tribune de Planas\",\"isPartOf\":{\"@id\":\"https:\\\/\\\/www.latribunedeplanas.com\\\/es\\\/#website\"},\"datePublished\":\"1994-10-18T13:24:22+00:00\",\"dateModified\":\"2025-08-19T09:06:21+00:00\",\"description\":\"El 18 de octubre de 1994, el Ayuntamiento de Pratdip respondi\u00f3 a la ECU pidiendo planos para la cesi\u00f3n de zonas verdes y equipamientos.\",\"breadcrumb\":{\"@id\":\"https:\\\/\\\/www.latribunedeplanas.com\\\/es\\\/18-de-octubre-de-1994-respuesta-del-ayuntamiento-a-la-solicitud-de-cesion\\\/#breadcrumb\"},\"inLanguage\":\"es\",\"potentialAction\":[{\"@type\":\"ReadAction\",\"target\":[\"https:\\\/\\\/www.latribunedeplanas.com\\\/es\\\/18-de-octubre-de-1994-respuesta-del-ayuntamiento-a-la-solicitud-de-cesion\\\/\"]}]},{\"@type\":\"BreadcrumbList\",\"@id\":\"https:\\\/\\\/www.latribunedeplanas.com\\\/es\\\/18-de-octubre-de-1994-respuesta-del-ayuntamiento-a-la-solicitud-de-cesion\\\/#breadcrumb\",\"itemListElement\":[{\"@type\":\"ListItem\",\"position\":1,\"name\":\"Accueil\",\"item\":\"https:\\\/\\\/www.latribunedeplanas.com\\\/es\\\/\"},{\"@type\":\"ListItem\",\"position\":2,\"name\":\"18 de octubre de 1994: Respuesta del Ayuntamiento a la solicitud de cesi\u00f3n\"}]},{\"@type\":\"WebSite\",\"@id\":\"https:\\\/\\\/www.latribunedeplanas.com\\\/es\\\/#website\",\"url\":\"https:\\\/\\\/www.latribunedeplanas.com\\\/es\\\/\",\"name\":\"La Tribune de Planas\",\"description\":\"Les Planes del Rei - Urbanizaci\u00f3n del municipio de Pratdip\",\"publisher\":{\"@id\":\"https:\\\/\\\/www.latribunedeplanas.com\\\/es\\\/#organization\"},\"potentialAction\":[{\"@type\":\"SearchAction\",\"target\":{\"@type\":\"EntryPoint\",\"urlTemplate\":\"https:\\\/\\\/www.latribunedeplanas.com\\\/es\\\/?s={search_term_string}\"},\"query-input\":{\"@type\":\"PropertyValueSpecification\",\"valueRequired\":true,\"valueName\":\"search_term_string\"}}],\"inLanguage\":\"es\"},{\"@type\":\"Organization\",\"@id\":\"https:\\\/\\\/www.latribunedeplanas.com\\\/es\\\/#organization\",\"name\":\"Vecinos de Planes del Rei (SOSPlanes)\",\"url\":\"https:\\\/\\\/www.latribunedeplanas.com\\\/es\\\/\",\"logo\":{\"@type\":\"ImageObject\",\"inLanguage\":\"es\",\"@id\":\"https:\\\/\\\/www.latribunedeplanas.com\\\/es\\\/#\\\/schema\\\/logo\\\/image\\\/\",\"url\":\"https:\\\/\\\/www.latribunedeplanas.com\\\/wp-content\\\/uploads\\\/2021\\\/11\\\/logo-sos-planas-0.png\",\"contentUrl\":\"https:\\\/\\\/www.latribunedeplanas.com\\\/wp-content\\\/uploads\\\/2021\\\/11\\\/logo-sos-planas-0.png\",\"width\":600,\"height\":400,\"caption\":\"Vecinos de Planes del Rei (SOSPlanes)\"},\"image\":{\"@id\":\"https:\\\/\\\/www.latribunedeplanas.com\\\/es\\\/#\\\/schema\\\/logo\\\/image\\\/\"},\"sameAs\":[\"https:\\\/\\\/www.facebook.com\\\/groups\\\/1220895301376005\\\/\",\"https:\\\/\\\/www.instagram.com\\\/lasplanasdelrey\\\/\"]},{\"@type\":\"Person\",\"@id\":\"https:\\\/\\\/www.latribunedeplanas.com\\\/es\\\/#\\\/schema\\\/person\\\/590a87318688792f18d8e1c983528bc8\",\"name\":\"Jim\",\"image\":{\"@type\":\"ImageObject\",\"inLanguage\":\"es\",\"@id\":\"https:\\\/\\\/secure.gravatar.com\\\/avatar\\\/5a89228fd282eb9ee33a60b4ff06f9c31751866f1fb91ca56263af0968354113?s=96&d=mm&r=g\",\"url\":\"https:\\\/\\\/secure.gravatar.com\\\/avatar\\\/5a89228fd282eb9ee33a60b4ff06f9c31751866f1fb91ca56263af0968354113?s=96&d=mm&r=g\",\"contentUrl\":\"https:\\\/\\\/secure.gravatar.com\\\/avatar\\\/5a89228fd282eb9ee33a60b4ff06f9c31751866f1fb91ca56263af0968354113?s=96&d=mm&r=g\",\"caption\":\"Jim\"},\"sameAs\":[\"https:\\\/\\\/www.creawebsite.be\\\/\",\"https:\\\/\\\/www.facebook.com\\\/Creawebsite-113915200150984\",\"https:\\\/\\\/www.instagram.com\\\/creawebsite.be\\\/\",\"https:\\\/\\\/www.linkedin.com\\\/in\\\/jean-marc-delchef\\\/\"]}]}<\/script>\n<!-- \/ Yoast SEO plugin. -->","yoast_head_json":{"title":"18 de octubre de 1994: Respuesta del Ayuntamiento a la solicitud de cesi\u00f3n - La Tribune de Planas","description":"El 18 de octubre de 1994, el Ayuntamiento de Pratdip respondi\u00f3 a la ECU pidiendo planos para la cesi\u00f3n de zonas verdes y equipamientos.","robots":{"index":"index","follow":"follow","max-snippet":"max-snippet:-1","max-image-preview":"max-image-preview:large","max-video-preview":"max-video-preview:-1"},"canonical":"https:\/\/www.latribunedeplanas.com\/es\/18-de-octubre-de-1994-respuesta-del-ayuntamiento-a-la-solicitud-de-cesion\/","og_locale":"es_ES","og_type":"article","og_title":"18 de octubre de 1994: Respuesta del Ayuntamiento a la solicitud de cesi\u00f3n - La Tribune de Planas","og_description":"El 18 de octubre de 1994, el Ayuntamiento de Pratdip respondi\u00f3 a la ECU pidiendo planos para la cesi\u00f3n de zonas verdes y equipamientos.","og_url":"https:\/\/www.latribunedeplanas.com\/es\/18-de-octubre-de-1994-respuesta-del-ayuntamiento-a-la-solicitud-de-cesion\/","og_site_name":"La Tribune de Planas","article_publisher":"https:\/\/www.facebook.com\/groups\/1220895301376005\/","article_author":"https:\/\/www.facebook.com\/Creawebsite-113915200150984","article_published_time":"1994-10-18T13:24:22+00:00","article_modified_time":"2025-08-19T09:06:21+00:00","author":"Jim","twitter_card":"summary_large_image","twitter_misc":{"Escrito por":"Jim","Tiempo de lectura":"2 minutos"},"schema":{"@context":"https:\/\/schema.org","@graph":[{"@type":"Article","@id":"https:\/\/www.latribunedeplanas.com\/es\/18-de-octubre-de-1994-respuesta-del-ayuntamiento-a-la-solicitud-de-cesion\/#article","isPartOf":{"@id":"https:\/\/www.latribunedeplanas.com\/es\/18-de-octubre-de-1994-respuesta-del-ayuntamiento-a-la-solicitud-de-cesion\/"},"author":{"name":"Jim","@id":"https:\/\/www.latribunedeplanas.com\/es\/#\/schema\/person\/590a87318688792f18d8e1c983528bc8"},"headline":"18 de octubre de 1994: Respuesta del Ayuntamiento a la solicitud de cesi\u00f3n","datePublished":"1994-10-18T13:24:22+00:00","dateModified":"2025-08-19T09:06:21+00:00","mainEntityOfPage":{"@id":"https:\/\/www.latribunedeplanas.com\/es\/18-de-octubre-de-1994-respuesta-del-ayuntamiento-a-la-solicitud-de-cesion\/"},"wordCount":494,"publisher":{"@id":"https:\/\/www.latribunedeplanas.com\/es\/#organization"},"articleSection":["Documentos"],"inLanguage":"es"},{"@type":"WebPage","@id":"https:\/\/www.latribunedeplanas.com\/es\/18-de-octubre-de-1994-respuesta-del-ayuntamiento-a-la-solicitud-de-cesion\/","url":"https:\/\/www.latribunedeplanas.com\/es\/18-de-octubre-de-1994-respuesta-del-ayuntamiento-a-la-solicitud-de-cesion\/","name":"18 de octubre de 1994: Respuesta del Ayuntamiento a la solicitud de cesi\u00f3n - La Tribune de Planas","isPartOf":{"@id":"https:\/\/www.latribunedeplanas.com\/es\/#website"},"datePublished":"1994-10-18T13:24:22+00:00","dateModified":"2025-08-19T09:06:21+00:00","description":"El 18 de octubre de 1994, el Ayuntamiento de Pratdip respondi\u00f3 a la ECU pidiendo planos para la cesi\u00f3n de zonas verdes y equipamientos.","breadcrumb":{"@id":"https:\/\/www.latribunedeplanas.com\/es\/18-de-octubre-de-1994-respuesta-del-ayuntamiento-a-la-solicitud-de-cesion\/#breadcrumb"},"inLanguage":"es","potentialAction":[{"@type":"ReadAction","target":["https:\/\/www.latribunedeplanas.com\/es\/18-de-octubre-de-1994-respuesta-del-ayuntamiento-a-la-solicitud-de-cesion\/"]}]},{"@type":"BreadcrumbList","@id":"https:\/\/www.latribunedeplanas.com\/es\/18-de-octubre-de-1994-respuesta-del-ayuntamiento-a-la-solicitud-de-cesion\/#breadcrumb","itemListElement":[{"@type":"ListItem","position":1,"name":"Accueil","item":"https:\/\/www.latribunedeplanas.com\/es\/"},{"@type":"ListItem","position":2,"name":"18 de octubre de 1994: Respuesta del Ayuntamiento a la solicitud de cesi\u00f3n"}]},{"@type":"WebSite","@id":"https:\/\/www.latribunedeplanas.com\/es\/#website","url":"https:\/\/www.latribunedeplanas.com\/es\/","name":"La Tribune de Planas","description":"Les Planes del Rei - Urbanizaci\u00f3n del municipio de Pratdip","publisher":{"@id":"https:\/\/www.latribunedeplanas.com\/es\/#organization"},"potentialAction":[{"@type":"SearchAction","target":{"@type":"EntryPoint","urlTemplate":"https:\/\/www.latribunedeplanas.com\/es\/?s={search_term_string}"},"query-input":{"@type":"PropertyValueSpecification","valueRequired":true,"valueName":"search_term_string"}}],"inLanguage":"es"},{"@type":"Organization","@id":"https:\/\/www.latribunedeplanas.com\/es\/#organization","name":"Vecinos de Planes del Rei (SOSPlanes)","url":"https:\/\/www.latribunedeplanas.com\/es\/","logo":{"@type":"ImageObject","inLanguage":"es","@id":"https:\/\/www.latribunedeplanas.com\/es\/#\/schema\/logo\/image\/","url":"https:\/\/www.latribunedeplanas.com\/wp-content\/uploads\/2021\/11\/logo-sos-planas-0.png","contentUrl":"https:\/\/www.latribunedeplanas.com\/wp-content\/uploads\/2021\/11\/logo-sos-planas-0.png","width":600,"height":400,"caption":"Vecinos de Planes del Rei (SOSPlanes)"},"image":{"@id":"https:\/\/www.latribunedeplanas.com\/es\/#\/schema\/logo\/image\/"},"sameAs":["https:\/\/www.facebook.com\/groups\/1220895301376005\/","https:\/\/www.instagram.com\/lasplanasdelrey\/"]},{"@type":"Person","@id":"https:\/\/www.latribunedeplanas.com\/es\/#\/schema\/person\/590a87318688792f18d8e1c983528bc8","name":"Jim","image":{"@type":"ImageObject","inLanguage":"es","@id":"https:\/\/secure.gravatar.com\/avatar\/5a89228fd282eb9ee33a60b4ff06f9c31751866f1fb91ca56263af0968354113?s=96&d=mm&r=g","url":"https:\/\/secure.gravatar.com\/avatar\/5a89228fd282eb9ee33a60b4ff06f9c31751866f1fb91ca56263af0968354113?s=96&d=mm&r=g","contentUrl":"https:\/\/secure.gravatar.com\/avatar\/5a89228fd282eb9ee33a60b4ff06f9c31751866f1fb91ca56263af0968354113?s=96&d=mm&r=g","caption":"Jim"},"sameAs":["https:\/\/www.creawebsite.be\/","https:\/\/www.facebook.com\/Creawebsite-113915200150984","https:\/\/www.instagram.com\/creawebsite.be\/","https:\/\/www.linkedin.com\/in\/jean-marc-delchef\/"]}]}},"_links":{"self":[{"href":"https:\/\/www.latribunedeplanas.com\/es\/wp-json\/wp\/v2\/posts\/28209","targetHints":{"allow":["GET"]}}],"collection":[{"href":"https:\/\/www.latribunedeplanas.com\/es\/wp-json\/wp\/v2\/posts"}],"about":[{"href":"https:\/\/www.latribunedeplanas.com\/es\/wp-json\/wp\/v2\/types\/post"}],"author":[{"embeddable":true,"href":"https:\/\/www.latribunedeplanas.com\/es\/wp-json\/wp\/v2\/users\/1"}],"replies":[{"embeddable":true,"href":"https:\/\/www.latribunedeplanas.com\/es\/wp-json\/wp\/v2\/comments?post=28209"}],"version-history":[{"count":3,"href":"https:\/\/www.latribunedeplanas.com\/es\/wp-json\/wp\/v2\/posts\/28209\/revisions"}],"predecessor-version":[{"id":28287,"href":"https:\/\/www.latribunedeplanas.com\/es\/wp-json\/wp\/v2\/posts\/28209\/revisions\/28287"}],"wp:attachment":[{"href":"https:\/\/www.latribunedeplanas.com\/es\/wp-json\/wp\/v2\/media?parent=28209"}],"wp:term":[{"taxonomy":"category","embeddable":true,"href":"https:\/\/www.latribunedeplanas.com\/es\/wp-json\/wp\/v2\/categories?post=28209"},{"taxonomy":"post_tag","embeddable":true,"href":"https:\/\/www.latribunedeplanas.com\/es\/wp-json\/wp\/v2\/tags?post=28209"}],"curies":[{"name":"wp","href":"https:\/\/api.w.org\/{rel}","templated":true}]}}