{"id":28193,"date":"1994-10-10T13:45:28","date_gmt":"1994-10-10T12:45:28","guid":{"rendered":"https:\/\/www.latribunedeplanas.com\/10-octobre-1994-rappel-de-la-demande-de-cession-des-zones-vertes-et-equipements\/"},"modified":"2025-08-19T11:06:30","modified_gmt":"2025-08-19T09:06:30","slug":"10-de-octubre-de-1994-recordatorio-de-la-solicitud-de-cesion-de-las-zonas-verdes-y-equipamientos","status":"publish","type":"post","link":"https:\/\/www.latribunedeplanas.com\/es\/10-de-octubre-de-1994-recordatorio-de-la-solicitud-de-cesion-de-las-zonas-verdes-y-equipamientos\/","title":{"rendered":"10 de octubre de 1994: Recordatorio de la solicitud de cesi\u00f3n de las zonas verdes y equipamientos"},"content":{"rendered":"<p>[et_pb_section fb_built=\u00bb1&#8243; admin_label=\u00bbSection-Article\u00bb module_class=\u00bbsection-article\u00bb _builder_version=\u00bb4.18.0&#8243; custom_margin=\u00bb0px|0px|0px|0px\u00bb custom_padding=\u00bb0px|0px|0px|0px\u00bb global_colors_info=\u00bb{}\u00bb][et_pb_row use_custom_gutter=\u00bbon\u00bb gutter_width=\u00bb1&#8243; custom_padding_last_edited=\u00bbon|phone\u00bb admin_label=\u00bbLigne-Article\u00bb module_class=\u00bbligne-article et_pb_row_fullwidth\u00bb _builder_version=\u00bb4.27.4&#8243; width=\u00bb100%\u00bb width_tablet=\u00bb100%\u00bb width_phone=\u00bb\u00bb width_last_edited=\u00bbon|desktop\u00bb max_width=\u00bb100%\u00bb max_width_tablet=\u00bb100%\u00bb max_width_phone=\u00bb\u00bb max_width_last_edited=\u00bbon|desktop\u00bb custom_margin=\u00bb0px||0px\u00bb custom_padding=\u00bb20px||0px||false|false\u00bb custom_padding_tablet=\u00bb20px||0px||false|false\u00bb custom_padding_phone=\u00bb15px||||false|false\u00bb make_fullwidth=\u00bbon\u00bb global_colors_info=\u00bb{}\u00bb][et_pb_column type=\u00bb4_4&#8243; _builder_version=\u00bb4.16&#8243; custom_padding=\u00bb|||\u00bb global_colors_info=\u00bb{}\u00bb custom_padding__hover=\u00bb|||\u00bb][et_pb_text admin_label=\u00bbTexte-10 de octubre de 1994 : Recordatorio de la solicitud de cesi\u00f3n de las zonas verdes y equipamientos\u00bb module_class=\u00bbtxt-article\u00bb _builder_version=\u00bb4.27.4&#8243; text_font=\u00bb|300|||||||\u00bb header_font=\u00bb||||||||\u00bb header_2_line_height=\u00bb1.2em\u00bb header_3_font=\u00bb||||||||\u00bb header_3_line_height=\u00bb1.3em\u00bb header_4_text_align=\u00bbcenter\u00bb custom_padding=\u00bb||||false|false\u00bb text_line_height_tablet=\u00bb\u00bb text_line_height_phone=\u00bb1.3em\u00bb text_line_height_last_edited=\u00bbon|desktop\u00bb header_2_font_size_tablet=\u00bb\u00bb header_2_font_size_phone=\u00bb\u00bb header_2_font_size_last_edited=\u00bbon|phone\u00bb header_3_font_size_tablet=\u00bb\u00bb header_3_font_size_phone=\u00bb23px\u00bb header_3_font_size_last_edited=\u00bbon|desktop\u00bb global_colors_info=\u00bb{}\u00bb]<\/p>\n<p>El <span class=\"accentue\">10 de octubre de 1994<\/span>, el presidente de la <span class=\"accentue\">Entidad Colaboradora Urban\u00edstica de Conservaci\u00f3n Les Planes del Rei (ECU)<\/span> dirige una carta oficial al <span class=\"accentue\">Alcalde de Pratdip<\/span>. Se trata de un <span class=\"accentue\">recordatorio<\/span> de la solicitud formulada el <span class=\"accentue\">8 de marzo de 1994<\/span> (registro de entrada n.\u00ba 214), que qued\u00f3 sin respuesta.<\/p>\n<hr style=\"margin-bottom: 30px;\" \/>\n<h2>1) Contexto<\/h2>\n<ul>\n<li>La solicitud inicial del <span class=\"accentue\">8 de marzo de 1994<\/span> se refer\u00eda a la cesi\u00f3n de las <span class=\"accentue\">zonas verdes y equipamientos<\/span> de la urbanizaci\u00f3n al Ayuntamiento.<\/li>\n<li>Esta cesi\u00f3n hab\u00eda sido exigida por la <span class=\"accentue\">Generalitat de Catalunya<\/span> el <span class=\"accentue\">24 de julio de 1986<\/span>.<\/li>\n<li>La <span class=\"accentue\">sentencia del Juzgado de Falset del 23 de noviembre de 1993<\/span> obligaba a la Comisi\u00f3n de acreedores de <span class=\"accentue\">Francis Lebasque<\/span> a llevar a cabo dicha cesi\u00f3n.<\/li>\n<\/ul>\n<h2>2) Objeto de la carta<\/h2>\n<ul>\n<li>Constataci\u00f3n de la <span class=\"accentue\">falta de respuesta<\/span> del Ayuntamiento a la solicitud del 8 de marzo de 1994.<\/li>\n<li>Petici\u00f3n expresa de una <span class=\"accentue\">respuesta r\u00e1pida<\/span>, con el fin de formalizar la cesi\u00f3n ante notario.<\/li>\n<\/ul>\n<h2>3) An\u00e1lisis<\/h2>\n<ul>\n<li>Esta carta confirma que, ya en <span class=\"accentue\">1994<\/span>, el Ayuntamiento fue requerido para regularizar la situaci\u00f3n y recibir los espacios p\u00fablicos.<\/li>\n<li>Pone de manifiesto una <span class=\"accentue\">inacci\u00f3n persistente<\/span> del Ayuntamiento, en contradicci\u00f3n con obligaciones claras establecidas por la Generalitat y la justicia.<\/li>\n<li>La falta de cesi\u00f3n oficial de las zonas permiti\u00f3 al Ayuntamiento justificar, err\u00f3neamente, la negativa a otorgar los <span class=\"accentue\">servicios m\u00ednimos<\/span> en Planas del Rey.<\/li>\n<\/ul>\n<h2>4) Alcance actual<\/h2>\n<p>Este documento constituye una <span class=\"accentue\">prueba adicional<\/span> de que el <span class=\"accentue\">Ayuntamiento de Pratdip<\/span> no ha cumplido con sus obligaciones legales desde hace m\u00e1s de 30 a\u00f1os.<br \/>\nDemuestra que las condiciones jur\u00eddicas ya estaban reunidas en <span class=\"accentue\">1993<\/span> para integrar la urbanizaci\u00f3n y prestar los servicios esenciales.<\/p>\n<hr style=\"margin-bottom: 30px;\" \/>\n<h3 class=\"underline\">Documento<\/h3>\n<p style=\"padding-top: 30px;\"><a href=\"https:\/\/www.latribunedeplanas.com\/wp-content\/uploads\/2022\/08\/1994-10-10-rappel-demande-cession.pdf\" class=\"pdfemb-viewer\" style=\"\" data-width=\"max\" data-height=\"max\" data-mobile-width=\"0\"  data-scrollbar=\"none\" data-download=\"on\" data-tracking=\"on\" data-newwindow=\"on\" data-pagetextbox=\"off\" data-scrolltotop=\"off\" data-startzoom=\"100\" data-startfpzoom=\"100\" data-toolbar=\"top\" data-toolbar-fixed=\"off\">1994-10-10-rappel-demande-cession<br\/><\/a><\/p>\n<p>[\/et_pb_text][\/et_pb_column][\/et_pb_row][\/et_pb_section]<\/p>\n","protected":false},"excerpt":{"rendered":"<p>El 10 de octubre de 1994, el presidente de la Entidad Colaboradora Urban\u00edstica de Conservaci\u00f3n Les Planes del Rei (ECU) dirige una carta oficial al Alcalde de Pratdip. Se trata de un recordatorio de la solicitud formulada el 8 de marzo de 1994 (registro de entrada n.\u00ba 214), que qued\u00f3 sin respuesta. 1) Contexto La [&hellip;]<\/p>\n","protected":false},"author":1,"featured_media":0,"comment_status":"closed","ping_status":"closed","sticky":false,"template":"","format":"standard","meta":{"_et_pb_use_builder":"on","_et_pb_old_content":"","_et_gb_content_width":"","footnotes":""},"categories":[217],"tags":[],"class_list":["post-28193","post","type-post","status-publish","format-standard","hentry","category-documentos"],"yoast_head":"<!-- This site is optimized with the Yoast SEO plugin v27.5 - https:\/\/yoast.com\/product\/yoast-seo-wordpress\/ -->\n<title>10 de octubre de 1994: Recordatorio de la solicitud de cesi\u00f3n de las zonas verdes y equipamientos - La Tribune de Planas<\/title>\n<meta name=\"description\" content=\"El 10 de octubre de 1994, la ECU record\u00f3 al Ayuntamiento de Pratdip su obligaci\u00f3n legal de recibir zonas verdes y equipamientos.\" \/>\n<meta name=\"robots\" content=\"index, follow, max-snippet:-1, max-image-preview:large, max-video-preview:-1\" \/>\n<link rel=\"canonical\" href=\"https:\/\/www.latribunedeplanas.com\/es\/10-de-octubre-de-1994-recordatorio-de-la-solicitud-de-cesion-de-las-zonas-verdes-y-equipamientos\/\" \/>\n<meta property=\"og:locale\" content=\"es_ES\" \/>\n<meta property=\"og:type\" content=\"article\" \/>\n<meta property=\"og:title\" content=\"10 de octubre de 1994: Recordatorio de la solicitud de cesi\u00f3n de las zonas verdes y equipamientos - La Tribune de Planas\" \/>\n<meta property=\"og:description\" content=\"El 10 de octubre de 1994, la ECU record\u00f3 al Ayuntamiento de Pratdip su obligaci\u00f3n legal de recibir zonas verdes y equipamientos.\" \/>\n<meta property=\"og:url\" content=\"https:\/\/www.latribunedeplanas.com\/es\/10-de-octubre-de-1994-recordatorio-de-la-solicitud-de-cesion-de-las-zonas-verdes-y-equipamientos\/\" \/>\n<meta property=\"og:site_name\" content=\"La Tribune de Planas\" \/>\n<meta property=\"article:publisher\" content=\"https:\/\/www.facebook.com\/groups\/1220895301376005\/\" \/>\n<meta property=\"article:author\" content=\"https:\/\/www.facebook.com\/Creawebsite-113915200150984\" \/>\n<meta property=\"article:published_time\" content=\"1994-10-10T12:45:28+00:00\" \/>\n<meta property=\"article:modified_time\" content=\"2025-08-19T09:06:30+00:00\" \/>\n<meta name=\"author\" content=\"Jim\" \/>\n<meta name=\"twitter:card\" content=\"summary_large_image\" \/>\n<meta name=\"twitter:label1\" content=\"Escrito por\" \/>\n\t<meta name=\"twitter:data1\" content=\"Jim\" \/>\n\t<meta name=\"twitter:label2\" content=\"Tiempo de lectura\" \/>\n\t<meta name=\"twitter:data2\" content=\"2 minutos\" \/>\n<script type=\"application\/ld+json\" class=\"yoast-schema-graph\">{\"@context\":\"https:\\\/\\\/schema.org\",\"@graph\":[{\"@type\":\"Article\",\"@id\":\"https:\\\/\\\/www.latribunedeplanas.com\\\/es\\\/10-de-octubre-de-1994-recordatorio-de-la-solicitud-de-cesion-de-las-zonas-verdes-y-equipamientos\\\/#article\",\"isPartOf\":{\"@id\":\"https:\\\/\\\/www.latribunedeplanas.com\\\/es\\\/10-de-octubre-de-1994-recordatorio-de-la-solicitud-de-cesion-de-las-zonas-verdes-y-equipamientos\\\/\"},\"author\":{\"name\":\"Jim\",\"@id\":\"https:\\\/\\\/www.latribunedeplanas.com\\\/es\\\/#\\\/schema\\\/person\\\/590a87318688792f18d8e1c983528bc8\"},\"headline\":\"10 de octubre de 1994: Recordatorio de la solicitud de cesi\u00f3n de las zonas verdes y equipamientos\",\"datePublished\":\"1994-10-10T12:45:28+00:00\",\"dateModified\":\"2025-08-19T09:06:30+00:00\",\"mainEntityOfPage\":{\"@id\":\"https:\\\/\\\/www.latribunedeplanas.com\\\/es\\\/10-de-octubre-de-1994-recordatorio-de-la-solicitud-de-cesion-de-las-zonas-verdes-y-equipamientos\\\/\"},\"wordCount\":539,\"publisher\":{\"@id\":\"https:\\\/\\\/www.latribunedeplanas.com\\\/es\\\/#organization\"},\"articleSection\":[\"Documentos\"],\"inLanguage\":\"es\"},{\"@type\":\"WebPage\",\"@id\":\"https:\\\/\\\/www.latribunedeplanas.com\\\/es\\\/10-de-octubre-de-1994-recordatorio-de-la-solicitud-de-cesion-de-las-zonas-verdes-y-equipamientos\\\/\",\"url\":\"https:\\\/\\\/www.latribunedeplanas.com\\\/es\\\/10-de-octubre-de-1994-recordatorio-de-la-solicitud-de-cesion-de-las-zonas-verdes-y-equipamientos\\\/\",\"name\":\"10 de octubre de 1994: Recordatorio de la solicitud de cesi\u00f3n de las zonas verdes y equipamientos - La Tribune de Planas\",\"isPartOf\":{\"@id\":\"https:\\\/\\\/www.latribunedeplanas.com\\\/es\\\/#website\"},\"datePublished\":\"1994-10-10T12:45:28+00:00\",\"dateModified\":\"2025-08-19T09:06:30+00:00\",\"description\":\"El 10 de octubre de 1994, la ECU record\u00f3 al Ayuntamiento de Pratdip su obligaci\u00f3n legal de recibir zonas verdes y equipamientos.\",\"breadcrumb\":{\"@id\":\"https:\\\/\\\/www.latribunedeplanas.com\\\/es\\\/10-de-octubre-de-1994-recordatorio-de-la-solicitud-de-cesion-de-las-zonas-verdes-y-equipamientos\\\/#breadcrumb\"},\"inLanguage\":\"es\",\"potentialAction\":[{\"@type\":\"ReadAction\",\"target\":[\"https:\\\/\\\/www.latribunedeplanas.com\\\/es\\\/10-de-octubre-de-1994-recordatorio-de-la-solicitud-de-cesion-de-las-zonas-verdes-y-equipamientos\\\/\"]}]},{\"@type\":\"BreadcrumbList\",\"@id\":\"https:\\\/\\\/www.latribunedeplanas.com\\\/es\\\/10-de-octubre-de-1994-recordatorio-de-la-solicitud-de-cesion-de-las-zonas-verdes-y-equipamientos\\\/#breadcrumb\",\"itemListElement\":[{\"@type\":\"ListItem\",\"position\":1,\"name\":\"Accueil\",\"item\":\"https:\\\/\\\/www.latribunedeplanas.com\\\/es\\\/\"},{\"@type\":\"ListItem\",\"position\":2,\"name\":\"10 de octubre de 1994: Recordatorio de la solicitud de cesi\u00f3n de las zonas verdes y equipamientos\"}]},{\"@type\":\"WebSite\",\"@id\":\"https:\\\/\\\/www.latribunedeplanas.com\\\/es\\\/#website\",\"url\":\"https:\\\/\\\/www.latribunedeplanas.com\\\/es\\\/\",\"name\":\"La Tribune de Planas\",\"description\":\"Les Planes del Rei - Urbanizaci\u00f3n del municipio de Pratdip\",\"publisher\":{\"@id\":\"https:\\\/\\\/www.latribunedeplanas.com\\\/es\\\/#organization\"},\"potentialAction\":[{\"@type\":\"SearchAction\",\"target\":{\"@type\":\"EntryPoint\",\"urlTemplate\":\"https:\\\/\\\/www.latribunedeplanas.com\\\/es\\\/?s={search_term_string}\"},\"query-input\":{\"@type\":\"PropertyValueSpecification\",\"valueRequired\":true,\"valueName\":\"search_term_string\"}}],\"inLanguage\":\"es\"},{\"@type\":\"Organization\",\"@id\":\"https:\\\/\\\/www.latribunedeplanas.com\\\/es\\\/#organization\",\"name\":\"Vecinos de Planes del Rei (SOSPlanes)\",\"url\":\"https:\\\/\\\/www.latribunedeplanas.com\\\/es\\\/\",\"logo\":{\"@type\":\"ImageObject\",\"inLanguage\":\"es\",\"@id\":\"https:\\\/\\\/www.latribunedeplanas.com\\\/es\\\/#\\\/schema\\\/logo\\\/image\\\/\",\"url\":\"https:\\\/\\\/www.latribunedeplanas.com\\\/wp-content\\\/uploads\\\/2021\\\/11\\\/logo-sos-planas-0.png\",\"contentUrl\":\"https:\\\/\\\/www.latribunedeplanas.com\\\/wp-content\\\/uploads\\\/2021\\\/11\\\/logo-sos-planas-0.png\",\"width\":600,\"height\":400,\"caption\":\"Vecinos de Planes del Rei (SOSPlanes)\"},\"image\":{\"@id\":\"https:\\\/\\\/www.latribunedeplanas.com\\\/es\\\/#\\\/schema\\\/logo\\\/image\\\/\"},\"sameAs\":[\"https:\\\/\\\/www.facebook.com\\\/groups\\\/1220895301376005\\\/\",\"https:\\\/\\\/www.instagram.com\\\/lasplanasdelrey\\\/\"]},{\"@type\":\"Person\",\"@id\":\"https:\\\/\\\/www.latribunedeplanas.com\\\/es\\\/#\\\/schema\\\/person\\\/590a87318688792f18d8e1c983528bc8\",\"name\":\"Jim\",\"image\":{\"@type\":\"ImageObject\",\"inLanguage\":\"es\",\"@id\":\"https:\\\/\\\/secure.gravatar.com\\\/avatar\\\/5a89228fd282eb9ee33a60b4ff06f9c31751866f1fb91ca56263af0968354113?s=96&d=mm&r=g\",\"url\":\"https:\\\/\\\/secure.gravatar.com\\\/avatar\\\/5a89228fd282eb9ee33a60b4ff06f9c31751866f1fb91ca56263af0968354113?s=96&d=mm&r=g\",\"contentUrl\":\"https:\\\/\\\/secure.gravatar.com\\\/avatar\\\/5a89228fd282eb9ee33a60b4ff06f9c31751866f1fb91ca56263af0968354113?s=96&d=mm&r=g\",\"caption\":\"Jim\"},\"sameAs\":[\"https:\\\/\\\/www.creawebsite.be\\\/\",\"https:\\\/\\\/www.facebook.com\\\/Creawebsite-113915200150984\",\"https:\\\/\\\/www.instagram.com\\\/creawebsite.be\\\/\",\"https:\\\/\\\/www.linkedin.com\\\/in\\\/jean-marc-delchef\\\/\"]}]}<\/script>\n<!-- \/ Yoast SEO plugin. -->","yoast_head_json":{"title":"10 de octubre de 1994: Recordatorio de la solicitud de cesi\u00f3n de las zonas verdes y equipamientos - La Tribune de Planas","description":"El 10 de octubre de 1994, la ECU record\u00f3 al Ayuntamiento de Pratdip su obligaci\u00f3n legal de recibir zonas verdes y equipamientos.","robots":{"index":"index","follow":"follow","max-snippet":"max-snippet:-1","max-image-preview":"max-image-preview:large","max-video-preview":"max-video-preview:-1"},"canonical":"https:\/\/www.latribunedeplanas.com\/es\/10-de-octubre-de-1994-recordatorio-de-la-solicitud-de-cesion-de-las-zonas-verdes-y-equipamientos\/","og_locale":"es_ES","og_type":"article","og_title":"10 de octubre de 1994: Recordatorio de la solicitud de cesi\u00f3n de las zonas verdes y equipamientos - La Tribune de Planas","og_description":"El 10 de octubre de 1994, la ECU record\u00f3 al Ayuntamiento de Pratdip su obligaci\u00f3n legal de recibir zonas verdes y equipamientos.","og_url":"https:\/\/www.latribunedeplanas.com\/es\/10-de-octubre-de-1994-recordatorio-de-la-solicitud-de-cesion-de-las-zonas-verdes-y-equipamientos\/","og_site_name":"La Tribune de Planas","article_publisher":"https:\/\/www.facebook.com\/groups\/1220895301376005\/","article_author":"https:\/\/www.facebook.com\/Creawebsite-113915200150984","article_published_time":"1994-10-10T12:45:28+00:00","article_modified_time":"2025-08-19T09:06:30+00:00","author":"Jim","twitter_card":"summary_large_image","twitter_misc":{"Escrito por":"Jim","Tiempo de lectura":"2 minutos"},"schema":{"@context":"https:\/\/schema.org","@graph":[{"@type":"Article","@id":"https:\/\/www.latribunedeplanas.com\/es\/10-de-octubre-de-1994-recordatorio-de-la-solicitud-de-cesion-de-las-zonas-verdes-y-equipamientos\/#article","isPartOf":{"@id":"https:\/\/www.latribunedeplanas.com\/es\/10-de-octubre-de-1994-recordatorio-de-la-solicitud-de-cesion-de-las-zonas-verdes-y-equipamientos\/"},"author":{"name":"Jim","@id":"https:\/\/www.latribunedeplanas.com\/es\/#\/schema\/person\/590a87318688792f18d8e1c983528bc8"},"headline":"10 de octubre de 1994: Recordatorio de la solicitud de cesi\u00f3n de las zonas verdes y equipamientos","datePublished":"1994-10-10T12:45:28+00:00","dateModified":"2025-08-19T09:06:30+00:00","mainEntityOfPage":{"@id":"https:\/\/www.latribunedeplanas.com\/es\/10-de-octubre-de-1994-recordatorio-de-la-solicitud-de-cesion-de-las-zonas-verdes-y-equipamientos\/"},"wordCount":539,"publisher":{"@id":"https:\/\/www.latribunedeplanas.com\/es\/#organization"},"articleSection":["Documentos"],"inLanguage":"es"},{"@type":"WebPage","@id":"https:\/\/www.latribunedeplanas.com\/es\/10-de-octubre-de-1994-recordatorio-de-la-solicitud-de-cesion-de-las-zonas-verdes-y-equipamientos\/","url":"https:\/\/www.latribunedeplanas.com\/es\/10-de-octubre-de-1994-recordatorio-de-la-solicitud-de-cesion-de-las-zonas-verdes-y-equipamientos\/","name":"10 de octubre de 1994: Recordatorio de la solicitud de cesi\u00f3n de las zonas verdes y equipamientos - La Tribune de Planas","isPartOf":{"@id":"https:\/\/www.latribunedeplanas.com\/es\/#website"},"datePublished":"1994-10-10T12:45:28+00:00","dateModified":"2025-08-19T09:06:30+00:00","description":"El 10 de octubre de 1994, la ECU record\u00f3 al Ayuntamiento de Pratdip su obligaci\u00f3n legal de recibir zonas verdes y equipamientos.","breadcrumb":{"@id":"https:\/\/www.latribunedeplanas.com\/es\/10-de-octubre-de-1994-recordatorio-de-la-solicitud-de-cesion-de-las-zonas-verdes-y-equipamientos\/#breadcrumb"},"inLanguage":"es","potentialAction":[{"@type":"ReadAction","target":["https:\/\/www.latribunedeplanas.com\/es\/10-de-octubre-de-1994-recordatorio-de-la-solicitud-de-cesion-de-las-zonas-verdes-y-equipamientos\/"]}]},{"@type":"BreadcrumbList","@id":"https:\/\/www.latribunedeplanas.com\/es\/10-de-octubre-de-1994-recordatorio-de-la-solicitud-de-cesion-de-las-zonas-verdes-y-equipamientos\/#breadcrumb","itemListElement":[{"@type":"ListItem","position":1,"name":"Accueil","item":"https:\/\/www.latribunedeplanas.com\/es\/"},{"@type":"ListItem","position":2,"name":"10 de octubre de 1994: Recordatorio de la solicitud de cesi\u00f3n de las zonas verdes y equipamientos"}]},{"@type":"WebSite","@id":"https:\/\/www.latribunedeplanas.com\/es\/#website","url":"https:\/\/www.latribunedeplanas.com\/es\/","name":"La Tribune de Planas","description":"Les Planes del Rei - Urbanizaci\u00f3n del municipio de Pratdip","publisher":{"@id":"https:\/\/www.latribunedeplanas.com\/es\/#organization"},"potentialAction":[{"@type":"SearchAction","target":{"@type":"EntryPoint","urlTemplate":"https:\/\/www.latribunedeplanas.com\/es\/?s={search_term_string}"},"query-input":{"@type":"PropertyValueSpecification","valueRequired":true,"valueName":"search_term_string"}}],"inLanguage":"es"},{"@type":"Organization","@id":"https:\/\/www.latribunedeplanas.com\/es\/#organization","name":"Vecinos de Planes del Rei (SOSPlanes)","url":"https:\/\/www.latribunedeplanas.com\/es\/","logo":{"@type":"ImageObject","inLanguage":"es","@id":"https:\/\/www.latribunedeplanas.com\/es\/#\/schema\/logo\/image\/","url":"https:\/\/www.latribunedeplanas.com\/wp-content\/uploads\/2021\/11\/logo-sos-planas-0.png","contentUrl":"https:\/\/www.latribunedeplanas.com\/wp-content\/uploads\/2021\/11\/logo-sos-planas-0.png","width":600,"height":400,"caption":"Vecinos de Planes del Rei (SOSPlanes)"},"image":{"@id":"https:\/\/www.latribunedeplanas.com\/es\/#\/schema\/logo\/image\/"},"sameAs":["https:\/\/www.facebook.com\/groups\/1220895301376005\/","https:\/\/www.instagram.com\/lasplanasdelrey\/"]},{"@type":"Person","@id":"https:\/\/www.latribunedeplanas.com\/es\/#\/schema\/person\/590a87318688792f18d8e1c983528bc8","name":"Jim","image":{"@type":"ImageObject","inLanguage":"es","@id":"https:\/\/secure.gravatar.com\/avatar\/5a89228fd282eb9ee33a60b4ff06f9c31751866f1fb91ca56263af0968354113?s=96&d=mm&r=g","url":"https:\/\/secure.gravatar.com\/avatar\/5a89228fd282eb9ee33a60b4ff06f9c31751866f1fb91ca56263af0968354113?s=96&d=mm&r=g","contentUrl":"https:\/\/secure.gravatar.com\/avatar\/5a89228fd282eb9ee33a60b4ff06f9c31751866f1fb91ca56263af0968354113?s=96&d=mm&r=g","caption":"Jim"},"sameAs":["https:\/\/www.creawebsite.be\/","https:\/\/www.facebook.com\/Creawebsite-113915200150984","https:\/\/www.instagram.com\/creawebsite.be\/","https:\/\/www.linkedin.com\/in\/jean-marc-delchef\/"]}]}},"_links":{"self":[{"href":"https:\/\/www.latribunedeplanas.com\/es\/wp-json\/wp\/v2\/posts\/28193","targetHints":{"allow":["GET"]}}],"collection":[{"href":"https:\/\/www.latribunedeplanas.com\/es\/wp-json\/wp\/v2\/posts"}],"about":[{"href":"https:\/\/www.latribunedeplanas.com\/es\/wp-json\/wp\/v2\/types\/post"}],"author":[{"embeddable":true,"href":"https:\/\/www.latribunedeplanas.com\/es\/wp-json\/wp\/v2\/users\/1"}],"replies":[{"embeddable":true,"href":"https:\/\/www.latribunedeplanas.com\/es\/wp-json\/wp\/v2\/comments?post=28193"}],"version-history":[{"count":5,"href":"https:\/\/www.latribunedeplanas.com\/es\/wp-json\/wp\/v2\/posts\/28193\/revisions"}],"predecessor-version":[{"id":28288,"href":"https:\/\/www.latribunedeplanas.com\/es\/wp-json\/wp\/v2\/posts\/28193\/revisions\/28288"}],"wp:attachment":[{"href":"https:\/\/www.latribunedeplanas.com\/es\/wp-json\/wp\/v2\/media?parent=28193"}],"wp:term":[{"taxonomy":"category","embeddable":true,"href":"https:\/\/www.latribunedeplanas.com\/es\/wp-json\/wp\/v2\/categories?post=28193"},{"taxonomy":"post_tag","embeddable":true,"href":"https:\/\/www.latribunedeplanas.com\/es\/wp-json\/wp\/v2\/tags?post=28193"}],"curies":[{"name":"wp","href":"https:\/\/api.w.org\/{rel}","templated":true}]}}