{"id":28119,"date":"1990-01-23T14:15:57","date_gmt":"1990-01-23T13:15:57","guid":{"rendered":"https:\/\/www.latribunedeplanas.com\/23-janvier-1990-recu-de-provision-pour-action-judiciaire-contre-lebasque-et-la-commission-des-creanciers\/"},"modified":"2025-08-17T14:59:15","modified_gmt":"2025-08-17T12:59:15","slug":"23-de-enero-de-1990-recibo-de-provision-para-accion-judicial-contra-lebasque-y-la-comision-de-acreedores","status":"publish","type":"post","link":"https:\/\/www.latribunedeplanas.com\/es\/23-de-enero-de-1990-recibo-de-provision-para-accion-judicial-contra-lebasque-y-la-comision-de-acreedores\/","title":{"rendered":"23 de enero de 1990: Recibo de provisi\u00f3n para acci\u00f3n judicial contra Lebasque y la Comisi\u00f3n de Acreedores"},"content":{"rendered":"<p>[et_pb_section fb_built=\u00bb1&#8243; admin_label=\u00bbSection-Article\u00bb module_class=\u00bbsection-article\u00bb _builder_version=\u00bb4.18.0&#8243; custom_margin=\u00bb0px|0px|0px|0px\u00bb custom_padding=\u00bb0px|0px|0px|0px\u00bb global_colors_info=\u00bb{}\u00bb][et_pb_row use_custom_gutter=\u00bbon\u00bb gutter_width=\u00bb1&#8243; custom_padding_last_edited=\u00bbon|phone\u00bb admin_label=\u00bbLigne-Article\u00bb module_class=\u00bbligne-article et_pb_row_fullwidth\u00bb _builder_version=\u00bb4.27.4&#8243; width=\u00bb100%\u00bb width_tablet=\u00bb100%\u00bb width_phone=\u00bb\u00bb width_last_edited=\u00bbon|desktop\u00bb max_width=\u00bb100%\u00bb max_width_tablet=\u00bb100%\u00bb max_width_phone=\u00bb\u00bb max_width_last_edited=\u00bbon|desktop\u00bb custom_margin=\u00bb0px||0px\u00bb custom_padding=\u00bb20px||0px||false|false\u00bb custom_padding_tablet=\u00bb20px||0px||false|false\u00bb custom_padding_phone=\u00bb15px||||false|false\u00bb make_fullwidth=\u00bbon\u00bb global_colors_info=\u00bb{}\u00bb][et_pb_column type=\u00bb4_4&#8243; _builder_version=\u00bb4.16&#8243; custom_padding=\u00bb|||\u00bb global_colors_info=\u00bb{}\u00bb custom_padding__hover=\u00bb|||\u00bb][et_pb_text admin_label=\u00bbTexte-23 de enero de 1990: Recibo de provisi\u00f3n para acci\u00f3n judicial contra Lebasque y la Comisi\u00f3n de Acreedores\u00bb module_class=\u00bbtxt-article\u00bb _builder_version=\u00bb4.27.4&#8243; text_font=\u00bb|300|||||||\u00bb header_font=\u00bb||||||||\u00bb header_2_line_height=\u00bb1.2em\u00bb header_3_font=\u00bb||||||||\u00bb header_3_line_height=\u00bb1.3em\u00bb header_4_text_align=\u00bbcenter\u00bb custom_padding=\u00bb||||false|false\u00bb hover_enabled=\u00bb0&#8243; text_line_height_tablet=\u00bb\u00bb text_line_height_phone=\u00bb1.3em\u00bb text_line_height_last_edited=\u00bbon|desktop\u00bb header_2_font_size_tablet=\u00bb\u00bb header_2_font_size_phone=\u00bb\u00bb header_2_font_size_last_edited=\u00bbon|phone\u00bb header_3_font_size_tablet=\u00bb\u00bb header_3_font_size_phone=\u00bb23px\u00bb header_3_font_size_last_edited=\u00bbon|desktop\u00bb global_colors_info=\u00bb{}\u00bb sticky_enabled=\u00bb0&#8243;]<\/p>\n<p>En la continuidad de las gestiones iniciadas en 1988 para obtener las cesiones obligatorias, este recibo certifica que la ECU de Planes del Rei encarga a un profesional la presentaci\u00f3n de una acci\u00f3n en \u00abJuicio de Cognici\u00f3n\u00bb contra Francis (Francisco) Lebasque y su Comisi\u00f3n de Acreedores, proveyendo 125.000 pesetas.<\/p>\n<hr style=\"margin-bottom: 30px;\" \/>\n<h2>Naturaleza del documento<\/h2>\n<ul>\n<li><span class=\"accentue\">Tipo<\/span>: Recibo \/ nota emitida por un notario o profesional jur\u00eddico (no una factura).<\/li>\n<li><span class=\"accentue\">Fecha<\/span>: Enero de 1990 (23\/01\/1990).<\/li>\n<li><span class=\"accentue\">Emisor<\/span>: Notario (no mencionado en el extracto, pero en el marco del asunto Pratdip \u2013 Planes del Rei).<\/li>\n<li><span class=\"accentue\">Destinatario<\/span>: La <span class=\"accentue\">Entidad Urban\u00edstica Colaboradora para la Conservaci\u00f3n Urbana \u201cLas Planas del Rei\u201d<\/span> (ECU), CIF G-43.110.923.<\/li>\n<li><span class=\"accentue\">Objeto<\/span>: Confirmaci\u00f3n de la recepci\u00f3n de fondos para iniciar una acci\u00f3n judicial.<\/li>\n<\/ul>\n<hr style=\"margin-bottom: 30px;\" \/>\n<h2>Contenido del documento<\/h2>\n<ul>\n<li>El notario certifica haber recibido de la ECU de Planas del Rei: <span class=\"accentue\">125.000 pesetas<\/span> (mediante cheque del Banco Bilbao Vizcaya).<\/li>\n<li><span class=\"accentue\">Objeto de la provisi\u00f3n<\/span>: cubrir los gastos relacionados con la interposici\u00f3n de una <span class=\"accentue\">demanda en \u201cJuicio de Cognici\u00f3n\u201d<\/span> (procedimiento judicial) contra <span class=\"accentue\">Francisco (Francis) Lebasque<\/span> y la <span class=\"accentue\">Comisi\u00f3n de Acreedores<\/span> de su suspensi\u00f3n de pagos.<\/li>\n<li>Se precisa que esta cantidad es una <span class=\"accentue\">provisi\u00f3n de fondos<\/span> (anticipo para gastos y suplidos), y <span class=\"accentue\">no una factura<\/span>: por tanto, no se aplica IVA.<\/li>\n<\/ul>\n<hr style=\"margin-bottom: 30px;\" \/>\n<h2>Alcance jur\u00eddico<\/h2>\n<ol>\n<li><span class=\"accentue\">Acci\u00f3n judicial prevista<\/span>: la ECU, creada en 1988, encarga a un notario\/abogado iniciar un procedimiento judicial contra el promotor Lebasque y su comisi\u00f3n de acreedores, probablemente en relaci\u00f3n con la ejecuci\u00f3n forzosa de las <span class=\"accentue\">cesiones obligatorias<\/span>.<\/li>\n<li><span class=\"accentue\">Recurso frente a la inacci\u00f3n<\/span>: el documento confirma que, ante la falta de regularizaci\u00f3n por parte de Lebasque o sus acreedores, la ECU tuvo que iniciar una acci\u00f3n para hacer valer sus derechos y obligaciones.<\/li>\n<li><span class=\"accentue\">Confirmaci\u00f3n de tensiones<\/span>: el Ayuntamiento exig\u00eda las cesiones desde 1988; dos a\u00f1os despu\u00e9s, la ECU recurre a la justicia, lo que ilustra el bloqueo persistente.<\/li>\n<\/ol>\n<hr style=\"margin-bottom: 30px;\" \/>\n<h2>Observaciones y contradicciones<\/h2>\n<ul>\n<li>Este recibo demuestra que <span class=\"accentue\">la ECU actuaba jur\u00eddicamente<\/span> y no estaba inactiva.<\/li>\n<li>Refuerza la idea de una <span class=\"accentue\">situaci\u00f3n de no transferencia de los bienes p\u00fablicos<\/span>, a pesar de las obligaciones legales y de las gestiones del Ayuntamiento.<\/li>\n<li>El hecho de demandar tanto al promotor como a la comisi\u00f3n de acreedores muestra la magnitud de las dificultades para ejecutar la Ley del Suelo.<\/li>\n<\/ul>\n<hr style=\"margin-bottom: 30px;\" \/>\n<h2>En resumen<\/h2>\n<p>Este documento prueba que en enero de 1990 la ECU de Planas del Rei inici\u00f3 una acci\u00f3n judicial contra Francis Lebasque y la comisi\u00f3n de sus acreedores, proveyendo 125.000 pesetas para cubrir los gastos. Es una etapa importante en la historia del conflicto: confirma que la ECU buscaba forzar la regularizaci\u00f3n de las cesiones obligatorias, frente a la inacci\u00f3n del promotor y de sus acreedores.<\/p>\n<hr style=\"margin-bottom: 30px;\" \/>\n<h3 class=\"underline\">Documento<\/h3>\n<p style=\"padding-top: 30px;\"><a href=\"https:\/\/www.latribunedeplanas.com\/wp-content\/uploads\/2022\/08\/1990-01-23-reponse-notaire-pratdip-demande-authentification-de-cession.pdf\" class=\"pdfemb-viewer\" style=\"\" data-width=\"max\" data-height=\"max\" data-mobile-width=\"0\"  data-scrollbar=\"none\" data-download=\"on\" data-tracking=\"on\" data-newwindow=\"on\" data-pagetextbox=\"off\" data-scrolltotop=\"off\" data-startzoom=\"100\" data-startfpzoom=\"100\" data-toolbar=\"top\" data-toolbar-fixed=\"off\">1990-01-23-reponse-notaire-pratdip-demande-authentification-de-cession<br\/><\/a><\/p>\n<p>[\/et_pb_text][\/et_pb_column][\/et_pb_row][\/et_pb_section]<\/p>\n","protected":false},"excerpt":{"rendered":"<p>En la continuidad de las gestiones iniciadas en 1988 para obtener las cesiones obligatorias, este recibo certifica que la ECU de Planes del Rei encarga a un profesional la presentaci\u00f3n de una acci\u00f3n en \u00abJuicio de Cognici\u00f3n\u00bb contra Francis (Francisco) Lebasque y su Comisi\u00f3n de Acreedores, proveyendo 125.000 pesetas. Naturaleza del documento Tipo: Recibo \/ [&hellip;]<\/p>\n","protected":false},"author":1,"featured_media":0,"comment_status":"closed","ping_status":"closed","sticky":false,"template":"","format":"standard","meta":{"_et_pb_use_builder":"on","_et_pb_old_content":"","_et_gb_content_width":"","footnotes":""},"categories":[217],"tags":[],"class_list":["post-28119","post","type-post","status-publish","format-standard","hentry","category-documentos"],"yoast_head":"<!-- This site is optimized with the Yoast SEO plugin v27.5 - https:\/\/yoast.com\/product\/yoast-seo-wordpress\/ -->\n<title>23 de enero de 1990: Recibo de provisi\u00f3n para acci\u00f3n judicial contra Lebasque y la Comisi\u00f3n de Acreedores - La Tribune de Planas<\/title>\n<meta name=\"description\" content=\"En 1990, la ECU de Planas del Rei provey\u00f3 125.000 pesetas para demandar a Lebasque y a sus acreedores por las cesiones obligatorias\" \/>\n<meta name=\"robots\" content=\"index, follow, max-snippet:-1, max-image-preview:large, max-video-preview:-1\" \/>\n<link rel=\"canonical\" href=\"https:\/\/www.latribunedeplanas.com\/es\/23-de-enero-de-1990-recibo-de-provision-para-accion-judicial-contra-lebasque-y-la-comision-de-acreedores\/\" \/>\n<meta property=\"og:locale\" content=\"es_ES\" \/>\n<meta property=\"og:type\" content=\"article\" \/>\n<meta property=\"og:title\" content=\"23 de enero de 1990: Recibo de provisi\u00f3n para acci\u00f3n judicial contra Lebasque y la Comisi\u00f3n de Acreedores - La Tribune de Planas\" \/>\n<meta property=\"og:description\" content=\"En 1990, la ECU de Planas del Rei provey\u00f3 125.000 pesetas para demandar a Lebasque y a sus acreedores por las cesiones obligatorias\" \/>\n<meta property=\"og:url\" content=\"https:\/\/www.latribunedeplanas.com\/es\/23-de-enero-de-1990-recibo-de-provision-para-accion-judicial-contra-lebasque-y-la-comision-de-acreedores\/\" \/>\n<meta property=\"og:site_name\" content=\"La Tribune de Planas\" \/>\n<meta property=\"article:publisher\" content=\"https:\/\/www.facebook.com\/groups\/1220895301376005\/\" \/>\n<meta property=\"article:author\" content=\"https:\/\/www.facebook.com\/Creawebsite-113915200150984\" \/>\n<meta property=\"article:published_time\" content=\"1990-01-23T13:15:57+00:00\" \/>\n<meta property=\"article:modified_time\" content=\"2025-08-17T12:59:15+00:00\" \/>\n<meta name=\"author\" content=\"Jim\" \/>\n<meta name=\"twitter:card\" content=\"summary_large_image\" \/>\n<meta name=\"twitter:label1\" content=\"Escrito por\" \/>\n\t<meta name=\"twitter:data1\" content=\"Jim\" \/>\n\t<meta name=\"twitter:label2\" content=\"Tiempo de lectura\" \/>\n\t<meta name=\"twitter:data2\" content=\"3 minutos\" \/>\n<script type=\"application\/ld+json\" class=\"yoast-schema-graph\">{\"@context\":\"https:\\\/\\\/schema.org\",\"@graph\":[{\"@type\":\"Article\",\"@id\":\"https:\\\/\\\/www.latribunedeplanas.com\\\/es\\\/23-de-enero-de-1990-recibo-de-provision-para-accion-judicial-contra-lebasque-y-la-comision-de-acreedores\\\/#article\",\"isPartOf\":{\"@id\":\"https:\\\/\\\/www.latribunedeplanas.com\\\/es\\\/23-de-enero-de-1990-recibo-de-provision-para-accion-judicial-contra-lebasque-y-la-comision-de-acreedores\\\/\"},\"author\":{\"name\":\"Jim\",\"@id\":\"https:\\\/\\\/www.latribunedeplanas.com\\\/es\\\/#\\\/schema\\\/person\\\/590a87318688792f18d8e1c983528bc8\"},\"headline\":\"23 de enero de 1990: Recibo de provisi\u00f3n para acci\u00f3n judicial contra Lebasque y la Comisi\u00f3n de Acreedores\",\"datePublished\":\"1990-01-23T13:15:57+00:00\",\"dateModified\":\"2025-08-17T12:59:15+00:00\",\"mainEntityOfPage\":{\"@id\":\"https:\\\/\\\/www.latribunedeplanas.com\\\/es\\\/23-de-enero-de-1990-recibo-de-provision-para-accion-judicial-contra-lebasque-y-la-comision-de-acreedores\\\/\"},\"wordCount\":727,\"publisher\":{\"@id\":\"https:\\\/\\\/www.latribunedeplanas.com\\\/es\\\/#organization\"},\"articleSection\":[\"Documentos\"],\"inLanguage\":\"es\"},{\"@type\":\"WebPage\",\"@id\":\"https:\\\/\\\/www.latribunedeplanas.com\\\/es\\\/23-de-enero-de-1990-recibo-de-provision-para-accion-judicial-contra-lebasque-y-la-comision-de-acreedores\\\/\",\"url\":\"https:\\\/\\\/www.latribunedeplanas.com\\\/es\\\/23-de-enero-de-1990-recibo-de-provision-para-accion-judicial-contra-lebasque-y-la-comision-de-acreedores\\\/\",\"name\":\"23 de enero de 1990: Recibo de provisi\u00f3n para acci\u00f3n judicial contra Lebasque y la Comisi\u00f3n de Acreedores - La Tribune de Planas\",\"isPartOf\":{\"@id\":\"https:\\\/\\\/www.latribunedeplanas.com\\\/es\\\/#website\"},\"datePublished\":\"1990-01-23T13:15:57+00:00\",\"dateModified\":\"2025-08-17T12:59:15+00:00\",\"description\":\"En 1990, la ECU de Planas del Rei provey\u00f3 125.000 pesetas para demandar a Lebasque y a sus acreedores por las cesiones obligatorias\",\"breadcrumb\":{\"@id\":\"https:\\\/\\\/www.latribunedeplanas.com\\\/es\\\/23-de-enero-de-1990-recibo-de-provision-para-accion-judicial-contra-lebasque-y-la-comision-de-acreedores\\\/#breadcrumb\"},\"inLanguage\":\"es\",\"potentialAction\":[{\"@type\":\"ReadAction\",\"target\":[\"https:\\\/\\\/www.latribunedeplanas.com\\\/es\\\/23-de-enero-de-1990-recibo-de-provision-para-accion-judicial-contra-lebasque-y-la-comision-de-acreedores\\\/\"]}]},{\"@type\":\"BreadcrumbList\",\"@id\":\"https:\\\/\\\/www.latribunedeplanas.com\\\/es\\\/23-de-enero-de-1990-recibo-de-provision-para-accion-judicial-contra-lebasque-y-la-comision-de-acreedores\\\/#breadcrumb\",\"itemListElement\":[{\"@type\":\"ListItem\",\"position\":1,\"name\":\"Accueil\",\"item\":\"https:\\\/\\\/www.latribunedeplanas.com\\\/es\\\/\"},{\"@type\":\"ListItem\",\"position\":2,\"name\":\"23 de enero de 1990: Recibo de provisi\u00f3n para acci\u00f3n judicial contra Lebasque y la Comisi\u00f3n de Acreedores\"}]},{\"@type\":\"WebSite\",\"@id\":\"https:\\\/\\\/www.latribunedeplanas.com\\\/es\\\/#website\",\"url\":\"https:\\\/\\\/www.latribunedeplanas.com\\\/es\\\/\",\"name\":\"La Tribune de Planas\",\"description\":\"Les Planes del Rei - Urbanizaci\u00f3n del municipio de Pratdip\",\"publisher\":{\"@id\":\"https:\\\/\\\/www.latribunedeplanas.com\\\/es\\\/#organization\"},\"potentialAction\":[{\"@type\":\"SearchAction\",\"target\":{\"@type\":\"EntryPoint\",\"urlTemplate\":\"https:\\\/\\\/www.latribunedeplanas.com\\\/es\\\/?s={search_term_string}\"},\"query-input\":{\"@type\":\"PropertyValueSpecification\",\"valueRequired\":true,\"valueName\":\"search_term_string\"}}],\"inLanguage\":\"es\"},{\"@type\":\"Organization\",\"@id\":\"https:\\\/\\\/www.latribunedeplanas.com\\\/es\\\/#organization\",\"name\":\"Vecinos de Planes del Rei (SOSPlanes)\",\"url\":\"https:\\\/\\\/www.latribunedeplanas.com\\\/es\\\/\",\"logo\":{\"@type\":\"ImageObject\",\"inLanguage\":\"es\",\"@id\":\"https:\\\/\\\/www.latribunedeplanas.com\\\/es\\\/#\\\/schema\\\/logo\\\/image\\\/\",\"url\":\"https:\\\/\\\/www.latribunedeplanas.com\\\/wp-content\\\/uploads\\\/2021\\\/11\\\/logo-sos-planas-0.png\",\"contentUrl\":\"https:\\\/\\\/www.latribunedeplanas.com\\\/wp-content\\\/uploads\\\/2021\\\/11\\\/logo-sos-planas-0.png\",\"width\":600,\"height\":400,\"caption\":\"Vecinos de Planes del Rei (SOSPlanes)\"},\"image\":{\"@id\":\"https:\\\/\\\/www.latribunedeplanas.com\\\/es\\\/#\\\/schema\\\/logo\\\/image\\\/\"},\"sameAs\":[\"https:\\\/\\\/www.facebook.com\\\/groups\\\/1220895301376005\\\/\",\"https:\\\/\\\/www.instagram.com\\\/lasplanasdelrey\\\/\"]},{\"@type\":\"Person\",\"@id\":\"https:\\\/\\\/www.latribunedeplanas.com\\\/es\\\/#\\\/schema\\\/person\\\/590a87318688792f18d8e1c983528bc8\",\"name\":\"Jim\",\"image\":{\"@type\":\"ImageObject\",\"inLanguage\":\"es\",\"@id\":\"https:\\\/\\\/secure.gravatar.com\\\/avatar\\\/5a89228fd282eb9ee33a60b4ff06f9c31751866f1fb91ca56263af0968354113?s=96&d=mm&r=g\",\"url\":\"https:\\\/\\\/secure.gravatar.com\\\/avatar\\\/5a89228fd282eb9ee33a60b4ff06f9c31751866f1fb91ca56263af0968354113?s=96&d=mm&r=g\",\"contentUrl\":\"https:\\\/\\\/secure.gravatar.com\\\/avatar\\\/5a89228fd282eb9ee33a60b4ff06f9c31751866f1fb91ca56263af0968354113?s=96&d=mm&r=g\",\"caption\":\"Jim\"},\"sameAs\":[\"https:\\\/\\\/www.creawebsite.be\\\/\",\"https:\\\/\\\/www.facebook.com\\\/Creawebsite-113915200150984\",\"https:\\\/\\\/www.instagram.com\\\/creawebsite.be\\\/\",\"https:\\\/\\\/www.linkedin.com\\\/in\\\/jean-marc-delchef\\\/\"]}]}<\/script>\n<!-- \/ Yoast SEO plugin. -->","yoast_head_json":{"title":"23 de enero de 1990: Recibo de provisi\u00f3n para acci\u00f3n judicial contra Lebasque y la Comisi\u00f3n de Acreedores - La Tribune de Planas","description":"En 1990, la ECU de Planas del Rei provey\u00f3 125.000 pesetas para demandar a Lebasque y a sus acreedores por las cesiones obligatorias","robots":{"index":"index","follow":"follow","max-snippet":"max-snippet:-1","max-image-preview":"max-image-preview:large","max-video-preview":"max-video-preview:-1"},"canonical":"https:\/\/www.latribunedeplanas.com\/es\/23-de-enero-de-1990-recibo-de-provision-para-accion-judicial-contra-lebasque-y-la-comision-de-acreedores\/","og_locale":"es_ES","og_type":"article","og_title":"23 de enero de 1990: Recibo de provisi\u00f3n para acci\u00f3n judicial contra Lebasque y la Comisi\u00f3n de Acreedores - La Tribune de Planas","og_description":"En 1990, la ECU de Planas del Rei provey\u00f3 125.000 pesetas para demandar a Lebasque y a sus acreedores por las cesiones obligatorias","og_url":"https:\/\/www.latribunedeplanas.com\/es\/23-de-enero-de-1990-recibo-de-provision-para-accion-judicial-contra-lebasque-y-la-comision-de-acreedores\/","og_site_name":"La Tribune de Planas","article_publisher":"https:\/\/www.facebook.com\/groups\/1220895301376005\/","article_author":"https:\/\/www.facebook.com\/Creawebsite-113915200150984","article_published_time":"1990-01-23T13:15:57+00:00","article_modified_time":"2025-08-17T12:59:15+00:00","author":"Jim","twitter_card":"summary_large_image","twitter_misc":{"Escrito por":"Jim","Tiempo de lectura":"3 minutos"},"schema":{"@context":"https:\/\/schema.org","@graph":[{"@type":"Article","@id":"https:\/\/www.latribunedeplanas.com\/es\/23-de-enero-de-1990-recibo-de-provision-para-accion-judicial-contra-lebasque-y-la-comision-de-acreedores\/#article","isPartOf":{"@id":"https:\/\/www.latribunedeplanas.com\/es\/23-de-enero-de-1990-recibo-de-provision-para-accion-judicial-contra-lebasque-y-la-comision-de-acreedores\/"},"author":{"name":"Jim","@id":"https:\/\/www.latribunedeplanas.com\/es\/#\/schema\/person\/590a87318688792f18d8e1c983528bc8"},"headline":"23 de enero de 1990: Recibo de provisi\u00f3n para acci\u00f3n judicial contra Lebasque y la Comisi\u00f3n de Acreedores","datePublished":"1990-01-23T13:15:57+00:00","dateModified":"2025-08-17T12:59:15+00:00","mainEntityOfPage":{"@id":"https:\/\/www.latribunedeplanas.com\/es\/23-de-enero-de-1990-recibo-de-provision-para-accion-judicial-contra-lebasque-y-la-comision-de-acreedores\/"},"wordCount":727,"publisher":{"@id":"https:\/\/www.latribunedeplanas.com\/es\/#organization"},"articleSection":["Documentos"],"inLanguage":"es"},{"@type":"WebPage","@id":"https:\/\/www.latribunedeplanas.com\/es\/23-de-enero-de-1990-recibo-de-provision-para-accion-judicial-contra-lebasque-y-la-comision-de-acreedores\/","url":"https:\/\/www.latribunedeplanas.com\/es\/23-de-enero-de-1990-recibo-de-provision-para-accion-judicial-contra-lebasque-y-la-comision-de-acreedores\/","name":"23 de enero de 1990: Recibo de provisi\u00f3n para acci\u00f3n judicial contra Lebasque y la Comisi\u00f3n de Acreedores - La Tribune de Planas","isPartOf":{"@id":"https:\/\/www.latribunedeplanas.com\/es\/#website"},"datePublished":"1990-01-23T13:15:57+00:00","dateModified":"2025-08-17T12:59:15+00:00","description":"En 1990, la ECU de Planas del Rei provey\u00f3 125.000 pesetas para demandar a Lebasque y a sus acreedores por las cesiones obligatorias","breadcrumb":{"@id":"https:\/\/www.latribunedeplanas.com\/es\/23-de-enero-de-1990-recibo-de-provision-para-accion-judicial-contra-lebasque-y-la-comision-de-acreedores\/#breadcrumb"},"inLanguage":"es","potentialAction":[{"@type":"ReadAction","target":["https:\/\/www.latribunedeplanas.com\/es\/23-de-enero-de-1990-recibo-de-provision-para-accion-judicial-contra-lebasque-y-la-comision-de-acreedores\/"]}]},{"@type":"BreadcrumbList","@id":"https:\/\/www.latribunedeplanas.com\/es\/23-de-enero-de-1990-recibo-de-provision-para-accion-judicial-contra-lebasque-y-la-comision-de-acreedores\/#breadcrumb","itemListElement":[{"@type":"ListItem","position":1,"name":"Accueil","item":"https:\/\/www.latribunedeplanas.com\/es\/"},{"@type":"ListItem","position":2,"name":"23 de enero de 1990: Recibo de provisi\u00f3n para acci\u00f3n judicial contra Lebasque y la Comisi\u00f3n de Acreedores"}]},{"@type":"WebSite","@id":"https:\/\/www.latribunedeplanas.com\/es\/#website","url":"https:\/\/www.latribunedeplanas.com\/es\/","name":"La Tribune de Planas","description":"Les Planes del Rei - Urbanizaci\u00f3n del municipio de Pratdip","publisher":{"@id":"https:\/\/www.latribunedeplanas.com\/es\/#organization"},"potentialAction":[{"@type":"SearchAction","target":{"@type":"EntryPoint","urlTemplate":"https:\/\/www.latribunedeplanas.com\/es\/?s={search_term_string}"},"query-input":{"@type":"PropertyValueSpecification","valueRequired":true,"valueName":"search_term_string"}}],"inLanguage":"es"},{"@type":"Organization","@id":"https:\/\/www.latribunedeplanas.com\/es\/#organization","name":"Vecinos de Planes del Rei (SOSPlanes)","url":"https:\/\/www.latribunedeplanas.com\/es\/","logo":{"@type":"ImageObject","inLanguage":"es","@id":"https:\/\/www.latribunedeplanas.com\/es\/#\/schema\/logo\/image\/","url":"https:\/\/www.latribunedeplanas.com\/wp-content\/uploads\/2021\/11\/logo-sos-planas-0.png","contentUrl":"https:\/\/www.latribunedeplanas.com\/wp-content\/uploads\/2021\/11\/logo-sos-planas-0.png","width":600,"height":400,"caption":"Vecinos de Planes del Rei (SOSPlanes)"},"image":{"@id":"https:\/\/www.latribunedeplanas.com\/es\/#\/schema\/logo\/image\/"},"sameAs":["https:\/\/www.facebook.com\/groups\/1220895301376005\/","https:\/\/www.instagram.com\/lasplanasdelrey\/"]},{"@type":"Person","@id":"https:\/\/www.latribunedeplanas.com\/es\/#\/schema\/person\/590a87318688792f18d8e1c983528bc8","name":"Jim","image":{"@type":"ImageObject","inLanguage":"es","@id":"https:\/\/secure.gravatar.com\/avatar\/5a89228fd282eb9ee33a60b4ff06f9c31751866f1fb91ca56263af0968354113?s=96&d=mm&r=g","url":"https:\/\/secure.gravatar.com\/avatar\/5a89228fd282eb9ee33a60b4ff06f9c31751866f1fb91ca56263af0968354113?s=96&d=mm&r=g","contentUrl":"https:\/\/secure.gravatar.com\/avatar\/5a89228fd282eb9ee33a60b4ff06f9c31751866f1fb91ca56263af0968354113?s=96&d=mm&r=g","caption":"Jim"},"sameAs":["https:\/\/www.creawebsite.be\/","https:\/\/www.facebook.com\/Creawebsite-113915200150984","https:\/\/www.instagram.com\/creawebsite.be\/","https:\/\/www.linkedin.com\/in\/jean-marc-delchef\/"]}]}},"_links":{"self":[{"href":"https:\/\/www.latribunedeplanas.com\/es\/wp-json\/wp\/v2\/posts\/28119","targetHints":{"allow":["GET"]}}],"collection":[{"href":"https:\/\/www.latribunedeplanas.com\/es\/wp-json\/wp\/v2\/posts"}],"about":[{"href":"https:\/\/www.latribunedeplanas.com\/es\/wp-json\/wp\/v2\/types\/post"}],"author":[{"embeddable":true,"href":"https:\/\/www.latribunedeplanas.com\/es\/wp-json\/wp\/v2\/users\/1"}],"replies":[{"embeddable":true,"href":"https:\/\/www.latribunedeplanas.com\/es\/wp-json\/wp\/v2\/comments?post=28119"}],"version-history":[{"count":2,"href":"https:\/\/www.latribunedeplanas.com\/es\/wp-json\/wp\/v2\/posts\/28119\/revisions"}],"predecessor-version":[{"id":28121,"href":"https:\/\/www.latribunedeplanas.com\/es\/wp-json\/wp\/v2\/posts\/28119\/revisions\/28121"}],"wp:attachment":[{"href":"https:\/\/www.latribunedeplanas.com\/es\/wp-json\/wp\/v2\/media?parent=28119"}],"wp:term":[{"taxonomy":"category","embeddable":true,"href":"https:\/\/www.latribunedeplanas.com\/es\/wp-json\/wp\/v2\/categories?post=28119"},{"taxonomy":"post_tag","embeddable":true,"href":"https:\/\/www.latribunedeplanas.com\/es\/wp-json\/wp\/v2\/tags?post=28119"}],"curies":[{"name":"wp","href":"https:\/\/api.w.org\/{rel}","templated":true}]}}