{"id":28084,"date":"1988-04-12T12:13:10","date_gmt":"1988-04-12T10:13:10","guid":{"rendered":"https:\/\/www.latribunedeplanas.com\/12-avril-1988-creation-de-leucc-de-planes-del-rei\/"},"modified":"2025-08-17T12:45:42","modified_gmt":"2025-08-17T10:45:42","slug":"12-de-abril-de-1988-creacion-de-la-ecu-de-planes-del-rei","status":"publish","type":"post","link":"https:\/\/www.latribunedeplanas.com\/es\/12-de-abril-de-1988-creacion-de-la-ecu-de-planes-del-rei\/","title":{"rendered":"12 de abril de 1988: Creaci\u00f3n de la ECU de Planes del Rei"},"content":{"rendered":"<p>[et_pb_section fb_built=\u00bb1&#8243; admin_label=\u00bbSection-Article\u00bb module_class=\u00bbsection-article\u00bb _builder_version=\u00bb4.18.0&#8243; custom_margin=\u00bb0px|0px|0px|0px\u00bb custom_padding=\u00bb0px|0px|0px|0px\u00bb global_colors_info=\u00bb{}\u00bb][et_pb_row use_custom_gutter=\u00bbon\u00bb gutter_width=\u00bb1&#8243; custom_padding_last_edited=\u00bbon|phone\u00bb admin_label=\u00bbLigne-Article\u00bb module_class=\u00bbligne-article et_pb_row_fullwidth\u00bb _builder_version=\u00bb4.27.4&#8243; width=\u00bb100%\u00bb width_tablet=\u00bb100%\u00bb width_phone=\u00bb\u00bb width_last_edited=\u00bbon|desktop\u00bb max_width=\u00bb100%\u00bb max_width_tablet=\u00bb100%\u00bb max_width_phone=\u00bb\u00bb max_width_last_edited=\u00bbon|desktop\u00bb custom_margin=\u00bb0px||0px\u00bb custom_padding=\u00bb20px||0px||false|false\u00bb custom_padding_tablet=\u00bb20px||0px||false|false\u00bb custom_padding_phone=\u00bb15px||||false|false\u00bb make_fullwidth=\u00bbon\u00bb global_colors_info=\u00bb{}\u00bb][et_pb_column type=\u00bb4_4&#8243; _builder_version=\u00bb4.16&#8243; custom_padding=\u00bb|||\u00bb global_colors_info=\u00bb{}\u00bb custom_padding__hover=\u00bb|||\u00bb][et_pb_text admin_label=\u00bbTexte-12 de abril de 1988: Creaci\u00f3n de la ECU de Planes del Rei\u00bb module_class=\u00bbtxt-article\u00bb _builder_version=\u00bb4.27.4&#8243; text_font=\u00bb|300|||||||\u00bb header_font=\u00bb||||||||\u00bb header_2_line_height=\u00bb1.2em\u00bb header_3_font=\u00bb||||||||\u00bb header_3_line_height=\u00bb1.3em\u00bb header_4_text_align=\u00bbcenter\u00bb custom_padding=\u00bb||||false|false\u00bb hover_enabled=\u00bb0&#8243; text_line_height_tablet=\u00bb\u00bb text_line_height_phone=\u00bb1.3em\u00bb text_line_height_last_edited=\u00bbon|desktop\u00bb header_2_font_size_tablet=\u00bb\u00bb header_2_font_size_phone=\u00bb\u00bb header_2_font_size_last_edited=\u00bbon|phone\u00bb header_3_font_size_tablet=\u00bb\u00bb header_3_font_size_phone=\u00bb23px\u00bb header_3_font_size_last_edited=\u00bbon|desktop\u00bb global_colors_info=\u00bb{}\u00bb sticky_enabled=\u00bb0&#8243;]<\/p>\n<p>El <span class=\"accentue\">12 de abril de 1988<\/span>, el <span class=\"accentue\">Pleno del Ayuntamiento de Pratdip<\/span> aprob\u00f3 en sesi\u00f3n plenaria la <span class=\"accentue\">escritura de constituci\u00f3n<\/span> de la <span class=\"accentue\">Entidad Urban\u00edstica Colaboradora (ECU)<\/span> de la urbanizaci\u00f3n <span class=\"accentue\">Planes del Rei<\/span>. Este acto hab\u00eda sido firmado el <span class=\"accentue\">28 de julio de 1987<\/span> ante la notaria <span class=\"accentue\">Inmaculada Nieto Aldea<\/span>.<\/p>\n<hr style=\"margin-bottom: 30px;\" \/>\n<h2>Naturaleza del documento<\/h2>\n<ul>\n<li><span class=\"accentue\">Tipo<\/span> : Certificado expedido por la Secretaria-habilitada del Ayuntamiento de Pratdip (Gloria Sabat\u00e9 Sabat\u00e9).<\/li>\n<li><span class=\"accentue\">Fecha<\/span> : 13 de abril de 1988 (el certificado acredita un acuerdo adoptado el d\u00eda anterior, 12 de abril de 1988).<\/li>\n<li><span class=\"accentue\">Emisor<\/span> : Ajuntament de Pratdip (Tarragona).<\/li>\n<li><span class=\"accentue\">Objeto<\/span> : Aprobaci\u00f3n por el Ayuntamiento de Pratdip de la escritura de constituci\u00f3n de la Entidad Urban\u00edstica Colaboradora (ECU) de la urbanizaci\u00f3n Planes del Rei.<\/li>\n<\/ul>\n<hr style=\"margin-bottom: 30px;\" \/>\n<h2>Contenido del acuerdo municipal<\/h2>\n<p>El Ayuntamiento de Pratdip aprob\u00f3 el 28 de julio de 1987 la escritura notarial (otorgada ante la notaria Inmaculada Nieto Aldea) que constitu\u00eda oficialmente la ECU de Planes del Rei.<\/p>\n<p>Esta aprobaci\u00f3n fue acompa\u00f1ada de una condici\u00f3n expresa: en un plazo m\u00e1ximo de dos a\u00f1os, la ECU deb\u00eda proceder a las cesiones obligatorias previstas por la Ley del Suelo (es decir, la entrega gratuita al Ayuntamiento de los terrenos destinados a la vialidad, zonas verdes, equipamientos p\u00fablicos, etc.).<\/p>\n<p>El certificado est\u00e1 firmado y validado con el visto bueno del alcalde.<\/p>\n<hr style=\"margin-bottom: 30px;\" \/>\n<h2>Alcance jur\u00eddico<\/h2>\n<h3>Creaci\u00f3n oficial de la ECU<\/h3>\n<p>La ECU de Planes del Rei queda as\u00ed reconocida y validada por el Ayuntamiento en 1988. Se convierte en la entidad responsable de la gesti\u00f3n y el mantenimiento de la urbanizaci\u00f3n, bajo el control municipal.<\/p>\n<h3>Obligaci\u00f3n de cesiones<\/h3>\n<p>El Ayuntamiento recuerda claramente que las obligaciones legales de cesi\u00f3n deb\u00edan cumplirse en un plazo de dos a\u00f1os.<\/p>\n<p>Esto confirma que la creaci\u00f3n de la ECU solo fue aceptada como una medida transitoria, en espera de la regularizaci\u00f3n jur\u00eddica de la urbanizaci\u00f3n.<\/p>\n<p>Estas cesiones eran una condici\u00f3n indispensable para la integraci\u00f3n de la urbanizaci\u00f3n en el dominio p\u00fablico municipal.<\/p>\n<h3>Responsabilidades compartidas<\/h3>\n<ul>\n<li>La ECU deb\u00eda actuar para llevar a cabo las cesiones.<\/li>\n<li>El Ayuntamiento, al imponer esta condici\u00f3n, reconoc\u00eda su competencia y su papel como receptor final de estos bienes e infraestructuras.<\/li>\n<\/ul>\n<hr style=\"margin-bottom: 30px;\" \/>\n<h2>Observaciones y contradicciones<\/h2>\n<p>Este documento demuestra que ya en 1988 el Ayuntamiento de Pratdip aceptaba la creaci\u00f3n de una ECU, pero la condicionaba estrictamente a la obligaci\u00f3n de ceder los terrenos e infraestructuras.<\/p>\n<p>Sin embargo, estas cesiones nunca se realizaron en el plazo previsto (ni posteriormente). Esto contribuy\u00f3 a la situaci\u00f3n de <span class=\"accentue\">ilegalidad prolongada<\/span> de la urbanizaci\u00f3n.<\/p>\n<p>El Ayuntamiento, al no controlar el cumplimiento de esta condici\u00f3n, asumi\u00f3 parte de la responsabilidad en el bloqueo posterior.<\/p>\n<p>Esto contradice el argumento actual del Ayuntamiento (Carrillo, Rovira), seg\u00fan el cual nunca habr\u00eda tenido competencia para intervenir en Planas del Rey: desde 1988, se reconoci\u00f3 como destinatario de los bienes p\u00fablicos seg\u00fan la Ley del Suelo.<\/p>\n<hr style=\"margin-bottom: 30px;\" \/>\n<h2>En resumen<\/h2>\n<p>Este documento constituye un momento decisivo. Establece que el Ayuntamiento de Pratdip valid\u00f3 la creaci\u00f3n de la ECU de Planes del Rei en 1988, pero \u00fanicamente con la condici\u00f3n de que la urbanizaci\u00f3n realizara en el plazo de dos a\u00f1os las cesiones obligatorias previstas por la Ley del Suelo. El incumplimiento de esta obligaci\u00f3n est\u00e1 en el centro del conflicto jur\u00eddico que persiste hasta hoy.<\/p>\n<hr style=\"margin-bottom: 30px;\" \/>\n<h3 class=\"underline\">Documento<\/h3>\n<p style=\"padding-top: 30px;\"><a href=\"https:\/\/www.latribunedeplanas.com\/wp-content\/uploads\/2017\/10\/1988-04-12-creation-euc.pdf\" class=\"pdfemb-viewer\" style=\"\" data-width=\"max\" data-height=\"max\" data-mobile-width=\"0\"  data-scrollbar=\"none\" data-download=\"on\" data-tracking=\"on\" data-newwindow=\"on\" data-pagetextbox=\"off\" data-scrolltotop=\"off\" data-startzoom=\"100\" data-startfpzoom=\"100\" data-toolbar=\"top\" data-toolbar-fixed=\"off\">1988-04-12-creation-euc<br\/><\/a><\/p>\n<p>[\/et_pb_text][\/et_pb_column][\/et_pb_row][\/et_pb_section]<\/p>\n","protected":false},"excerpt":{"rendered":"<p>El 12 de abril de 1988, el Pleno del Ayuntamiento de Pratdip aprob\u00f3 en sesi\u00f3n plenaria la escritura de constituci\u00f3n de la Entidad Urban\u00edstica Colaboradora (ECU) de la urbanizaci\u00f3n Planes del Rei. Este acto hab\u00eda sido firmado el 28 de julio de 1987 ante la notaria Inmaculada Nieto Aldea. Naturaleza del documento Tipo : Certificado [&hellip;]<\/p>\n","protected":false},"author":1,"featured_media":0,"comment_status":"closed","ping_status":"closed","sticky":false,"template":"","format":"standard","meta":{"_et_pb_use_builder":"on","_et_pb_old_content":"","_et_gb_content_width":"","footnotes":""},"categories":[217],"tags":[],"class_list":["post-28084","post","type-post","status-publish","format-standard","hentry","category-documentos"],"yoast_head":"<!-- This site is optimized with the Yoast SEO plugin v27.5 - https:\/\/yoast.com\/product\/yoast-seo-wordpress\/ -->\n<title>12 de abril de 1988: Creaci\u00f3n de la ECU de Planes del Rei - La Tribune de Planas<\/title>\n<meta name=\"description\" content=\"En 1988, Pratdip cre\u00f3 la ECU de Planes del Rei con la condici\u00f3n de ceder bienes p\u00fablicos en dos a\u00f1os, obligaci\u00f3n incumplida.\" \/>\n<meta name=\"robots\" content=\"index, follow, max-snippet:-1, max-image-preview:large, max-video-preview:-1\" \/>\n<link rel=\"canonical\" href=\"https:\/\/www.latribunedeplanas.com\/es\/12-de-abril-de-1988-creacion-de-la-ecu-de-planes-del-rei\/\" \/>\n<meta property=\"og:locale\" content=\"es_ES\" \/>\n<meta property=\"og:type\" content=\"article\" \/>\n<meta property=\"og:title\" content=\"12 de abril de 1988: Creaci\u00f3n de la ECU de Planes del Rei - La Tribune de Planas\" \/>\n<meta property=\"og:description\" content=\"En 1988, Pratdip cre\u00f3 la ECU de Planes del Rei con la condici\u00f3n de ceder bienes p\u00fablicos en dos a\u00f1os, obligaci\u00f3n incumplida.\" \/>\n<meta property=\"og:url\" content=\"https:\/\/www.latribunedeplanas.com\/es\/12-de-abril-de-1988-creacion-de-la-ecu-de-planes-del-rei\/\" \/>\n<meta property=\"og:site_name\" content=\"La Tribune de Planas\" \/>\n<meta property=\"article:publisher\" content=\"https:\/\/www.facebook.com\/groups\/1220895301376005\/\" \/>\n<meta property=\"article:author\" content=\"https:\/\/www.facebook.com\/Creawebsite-113915200150984\" \/>\n<meta property=\"article:published_time\" content=\"1988-04-12T10:13:10+00:00\" \/>\n<meta property=\"article:modified_time\" content=\"2025-08-17T10:45:42+00:00\" \/>\n<meta name=\"author\" content=\"Jim\" \/>\n<meta name=\"twitter:card\" content=\"summary_large_image\" \/>\n<meta name=\"twitter:label1\" content=\"Escrito por\" \/>\n\t<meta name=\"twitter:data1\" content=\"Jim\" \/>\n\t<meta name=\"twitter:label2\" content=\"Tiempo de lectura\" \/>\n\t<meta name=\"twitter:data2\" content=\"3 minutos\" \/>\n<script type=\"application\/ld+json\" class=\"yoast-schema-graph\">{\"@context\":\"https:\\\/\\\/schema.org\",\"@graph\":[{\"@type\":\"Article\",\"@id\":\"https:\\\/\\\/www.latribunedeplanas.com\\\/es\\\/12-de-abril-de-1988-creacion-de-la-ecu-de-planes-del-rei\\\/#article\",\"isPartOf\":{\"@id\":\"https:\\\/\\\/www.latribunedeplanas.com\\\/es\\\/12-de-abril-de-1988-creacion-de-la-ecu-de-planes-del-rei\\\/\"},\"author\":{\"name\":\"Jim\",\"@id\":\"https:\\\/\\\/www.latribunedeplanas.com\\\/es\\\/#\\\/schema\\\/person\\\/590a87318688792f18d8e1c983528bc8\"},\"headline\":\"12 de abril de 1988: Creaci\u00f3n de la ECU de Planes del Rei\",\"datePublished\":\"1988-04-12T10:13:10+00:00\",\"dateModified\":\"2025-08-17T10:45:42+00:00\",\"mainEntityOfPage\":{\"@id\":\"https:\\\/\\\/www.latribunedeplanas.com\\\/es\\\/12-de-abril-de-1988-creacion-de-la-ecu-de-planes-del-rei\\\/\"},\"wordCount\":820,\"publisher\":{\"@id\":\"https:\\\/\\\/www.latribunedeplanas.com\\\/es\\\/#organization\"},\"articleSection\":[\"Documentos\"],\"inLanguage\":\"es\"},{\"@type\":\"WebPage\",\"@id\":\"https:\\\/\\\/www.latribunedeplanas.com\\\/es\\\/12-de-abril-de-1988-creacion-de-la-ecu-de-planes-del-rei\\\/\",\"url\":\"https:\\\/\\\/www.latribunedeplanas.com\\\/es\\\/12-de-abril-de-1988-creacion-de-la-ecu-de-planes-del-rei\\\/\",\"name\":\"12 de abril de 1988: Creaci\u00f3n de la ECU de Planes del Rei - La Tribune de Planas\",\"isPartOf\":{\"@id\":\"https:\\\/\\\/www.latribunedeplanas.com\\\/es\\\/#website\"},\"datePublished\":\"1988-04-12T10:13:10+00:00\",\"dateModified\":\"2025-08-17T10:45:42+00:00\",\"description\":\"En 1988, Pratdip cre\u00f3 la ECU de Planes del Rei con la condici\u00f3n de ceder bienes p\u00fablicos en dos a\u00f1os, obligaci\u00f3n incumplida.\",\"breadcrumb\":{\"@id\":\"https:\\\/\\\/www.latribunedeplanas.com\\\/es\\\/12-de-abril-de-1988-creacion-de-la-ecu-de-planes-del-rei\\\/#breadcrumb\"},\"inLanguage\":\"es\",\"potentialAction\":[{\"@type\":\"ReadAction\",\"target\":[\"https:\\\/\\\/www.latribunedeplanas.com\\\/es\\\/12-de-abril-de-1988-creacion-de-la-ecu-de-planes-del-rei\\\/\"]}]},{\"@type\":\"BreadcrumbList\",\"@id\":\"https:\\\/\\\/www.latribunedeplanas.com\\\/es\\\/12-de-abril-de-1988-creacion-de-la-ecu-de-planes-del-rei\\\/#breadcrumb\",\"itemListElement\":[{\"@type\":\"ListItem\",\"position\":1,\"name\":\"Accueil\",\"item\":\"https:\\\/\\\/www.latribunedeplanas.com\\\/es\\\/\"},{\"@type\":\"ListItem\",\"position\":2,\"name\":\"12 de abril de 1988: Creaci\u00f3n de la ECU de Planes del Rei\"}]},{\"@type\":\"WebSite\",\"@id\":\"https:\\\/\\\/www.latribunedeplanas.com\\\/es\\\/#website\",\"url\":\"https:\\\/\\\/www.latribunedeplanas.com\\\/es\\\/\",\"name\":\"La Tribune de Planas\",\"description\":\"Les Planes del Rei - Urbanizaci\u00f3n del municipio de Pratdip\",\"publisher\":{\"@id\":\"https:\\\/\\\/www.latribunedeplanas.com\\\/es\\\/#organization\"},\"potentialAction\":[{\"@type\":\"SearchAction\",\"target\":{\"@type\":\"EntryPoint\",\"urlTemplate\":\"https:\\\/\\\/www.latribunedeplanas.com\\\/es\\\/?s={search_term_string}\"},\"query-input\":{\"@type\":\"PropertyValueSpecification\",\"valueRequired\":true,\"valueName\":\"search_term_string\"}}],\"inLanguage\":\"es\"},{\"@type\":\"Organization\",\"@id\":\"https:\\\/\\\/www.latribunedeplanas.com\\\/es\\\/#organization\",\"name\":\"Vecinos de Planes del Rei (SOSPlanes)\",\"url\":\"https:\\\/\\\/www.latribunedeplanas.com\\\/es\\\/\",\"logo\":{\"@type\":\"ImageObject\",\"inLanguage\":\"es\",\"@id\":\"https:\\\/\\\/www.latribunedeplanas.com\\\/es\\\/#\\\/schema\\\/logo\\\/image\\\/\",\"url\":\"https:\\\/\\\/www.latribunedeplanas.com\\\/wp-content\\\/uploads\\\/2021\\\/11\\\/logo-sos-planas-0.png\",\"contentUrl\":\"https:\\\/\\\/www.latribunedeplanas.com\\\/wp-content\\\/uploads\\\/2021\\\/11\\\/logo-sos-planas-0.png\",\"width\":600,\"height\":400,\"caption\":\"Vecinos de Planes del Rei (SOSPlanes)\"},\"image\":{\"@id\":\"https:\\\/\\\/www.latribunedeplanas.com\\\/es\\\/#\\\/schema\\\/logo\\\/image\\\/\"},\"sameAs\":[\"https:\\\/\\\/www.facebook.com\\\/groups\\\/1220895301376005\\\/\",\"https:\\\/\\\/www.instagram.com\\\/lasplanasdelrey\\\/\"]},{\"@type\":\"Person\",\"@id\":\"https:\\\/\\\/www.latribunedeplanas.com\\\/es\\\/#\\\/schema\\\/person\\\/590a87318688792f18d8e1c983528bc8\",\"name\":\"Jim\",\"image\":{\"@type\":\"ImageObject\",\"inLanguage\":\"es\",\"@id\":\"https:\\\/\\\/secure.gravatar.com\\\/avatar\\\/5a89228fd282eb9ee33a60b4ff06f9c31751866f1fb91ca56263af0968354113?s=96&d=mm&r=g\",\"url\":\"https:\\\/\\\/secure.gravatar.com\\\/avatar\\\/5a89228fd282eb9ee33a60b4ff06f9c31751866f1fb91ca56263af0968354113?s=96&d=mm&r=g\",\"contentUrl\":\"https:\\\/\\\/secure.gravatar.com\\\/avatar\\\/5a89228fd282eb9ee33a60b4ff06f9c31751866f1fb91ca56263af0968354113?s=96&d=mm&r=g\",\"caption\":\"Jim\"},\"sameAs\":[\"https:\\\/\\\/www.creawebsite.be\\\/\",\"https:\\\/\\\/www.facebook.com\\\/Creawebsite-113915200150984\",\"https:\\\/\\\/www.instagram.com\\\/creawebsite.be\\\/\",\"https:\\\/\\\/www.linkedin.com\\\/in\\\/jean-marc-delchef\\\/\"]}]}<\/script>\n<!-- \/ Yoast SEO plugin. -->","yoast_head_json":{"title":"12 de abril de 1988: Creaci\u00f3n de la ECU de Planes del Rei - La Tribune de Planas","description":"En 1988, Pratdip cre\u00f3 la ECU de Planes del Rei con la condici\u00f3n de ceder bienes p\u00fablicos en dos a\u00f1os, obligaci\u00f3n incumplida.","robots":{"index":"index","follow":"follow","max-snippet":"max-snippet:-1","max-image-preview":"max-image-preview:large","max-video-preview":"max-video-preview:-1"},"canonical":"https:\/\/www.latribunedeplanas.com\/es\/12-de-abril-de-1988-creacion-de-la-ecu-de-planes-del-rei\/","og_locale":"es_ES","og_type":"article","og_title":"12 de abril de 1988: Creaci\u00f3n de la ECU de Planes del Rei - La Tribune de Planas","og_description":"En 1988, Pratdip cre\u00f3 la ECU de Planes del Rei con la condici\u00f3n de ceder bienes p\u00fablicos en dos a\u00f1os, obligaci\u00f3n incumplida.","og_url":"https:\/\/www.latribunedeplanas.com\/es\/12-de-abril-de-1988-creacion-de-la-ecu-de-planes-del-rei\/","og_site_name":"La Tribune de Planas","article_publisher":"https:\/\/www.facebook.com\/groups\/1220895301376005\/","article_author":"https:\/\/www.facebook.com\/Creawebsite-113915200150984","article_published_time":"1988-04-12T10:13:10+00:00","article_modified_time":"2025-08-17T10:45:42+00:00","author":"Jim","twitter_card":"summary_large_image","twitter_misc":{"Escrito por":"Jim","Tiempo de lectura":"3 minutos"},"schema":{"@context":"https:\/\/schema.org","@graph":[{"@type":"Article","@id":"https:\/\/www.latribunedeplanas.com\/es\/12-de-abril-de-1988-creacion-de-la-ecu-de-planes-del-rei\/#article","isPartOf":{"@id":"https:\/\/www.latribunedeplanas.com\/es\/12-de-abril-de-1988-creacion-de-la-ecu-de-planes-del-rei\/"},"author":{"name":"Jim","@id":"https:\/\/www.latribunedeplanas.com\/es\/#\/schema\/person\/590a87318688792f18d8e1c983528bc8"},"headline":"12 de abril de 1988: Creaci\u00f3n de la ECU de Planes del Rei","datePublished":"1988-04-12T10:13:10+00:00","dateModified":"2025-08-17T10:45:42+00:00","mainEntityOfPage":{"@id":"https:\/\/www.latribunedeplanas.com\/es\/12-de-abril-de-1988-creacion-de-la-ecu-de-planes-del-rei\/"},"wordCount":820,"publisher":{"@id":"https:\/\/www.latribunedeplanas.com\/es\/#organization"},"articleSection":["Documentos"],"inLanguage":"es"},{"@type":"WebPage","@id":"https:\/\/www.latribunedeplanas.com\/es\/12-de-abril-de-1988-creacion-de-la-ecu-de-planes-del-rei\/","url":"https:\/\/www.latribunedeplanas.com\/es\/12-de-abril-de-1988-creacion-de-la-ecu-de-planes-del-rei\/","name":"12 de abril de 1988: Creaci\u00f3n de la ECU de Planes del Rei - La Tribune de Planas","isPartOf":{"@id":"https:\/\/www.latribunedeplanas.com\/es\/#website"},"datePublished":"1988-04-12T10:13:10+00:00","dateModified":"2025-08-17T10:45:42+00:00","description":"En 1988, Pratdip cre\u00f3 la ECU de Planes del Rei con la condici\u00f3n de ceder bienes p\u00fablicos en dos a\u00f1os, obligaci\u00f3n incumplida.","breadcrumb":{"@id":"https:\/\/www.latribunedeplanas.com\/es\/12-de-abril-de-1988-creacion-de-la-ecu-de-planes-del-rei\/#breadcrumb"},"inLanguage":"es","potentialAction":[{"@type":"ReadAction","target":["https:\/\/www.latribunedeplanas.com\/es\/12-de-abril-de-1988-creacion-de-la-ecu-de-planes-del-rei\/"]}]},{"@type":"BreadcrumbList","@id":"https:\/\/www.latribunedeplanas.com\/es\/12-de-abril-de-1988-creacion-de-la-ecu-de-planes-del-rei\/#breadcrumb","itemListElement":[{"@type":"ListItem","position":1,"name":"Accueil","item":"https:\/\/www.latribunedeplanas.com\/es\/"},{"@type":"ListItem","position":2,"name":"12 de abril de 1988: Creaci\u00f3n de la ECU de Planes del Rei"}]},{"@type":"WebSite","@id":"https:\/\/www.latribunedeplanas.com\/es\/#website","url":"https:\/\/www.latribunedeplanas.com\/es\/","name":"La Tribune de Planas","description":"Les Planes del Rei - Urbanizaci\u00f3n del municipio de Pratdip","publisher":{"@id":"https:\/\/www.latribunedeplanas.com\/es\/#organization"},"potentialAction":[{"@type":"SearchAction","target":{"@type":"EntryPoint","urlTemplate":"https:\/\/www.latribunedeplanas.com\/es\/?s={search_term_string}"},"query-input":{"@type":"PropertyValueSpecification","valueRequired":true,"valueName":"search_term_string"}}],"inLanguage":"es"},{"@type":"Organization","@id":"https:\/\/www.latribunedeplanas.com\/es\/#organization","name":"Vecinos de Planes del Rei (SOSPlanes)","url":"https:\/\/www.latribunedeplanas.com\/es\/","logo":{"@type":"ImageObject","inLanguage":"es","@id":"https:\/\/www.latribunedeplanas.com\/es\/#\/schema\/logo\/image\/","url":"https:\/\/www.latribunedeplanas.com\/wp-content\/uploads\/2021\/11\/logo-sos-planas-0.png","contentUrl":"https:\/\/www.latribunedeplanas.com\/wp-content\/uploads\/2021\/11\/logo-sos-planas-0.png","width":600,"height":400,"caption":"Vecinos de Planes del Rei (SOSPlanes)"},"image":{"@id":"https:\/\/www.latribunedeplanas.com\/es\/#\/schema\/logo\/image\/"},"sameAs":["https:\/\/www.facebook.com\/groups\/1220895301376005\/","https:\/\/www.instagram.com\/lasplanasdelrey\/"]},{"@type":"Person","@id":"https:\/\/www.latribunedeplanas.com\/es\/#\/schema\/person\/590a87318688792f18d8e1c983528bc8","name":"Jim","image":{"@type":"ImageObject","inLanguage":"es","@id":"https:\/\/secure.gravatar.com\/avatar\/5a89228fd282eb9ee33a60b4ff06f9c31751866f1fb91ca56263af0968354113?s=96&d=mm&r=g","url":"https:\/\/secure.gravatar.com\/avatar\/5a89228fd282eb9ee33a60b4ff06f9c31751866f1fb91ca56263af0968354113?s=96&d=mm&r=g","contentUrl":"https:\/\/secure.gravatar.com\/avatar\/5a89228fd282eb9ee33a60b4ff06f9c31751866f1fb91ca56263af0968354113?s=96&d=mm&r=g","caption":"Jim"},"sameAs":["https:\/\/www.creawebsite.be\/","https:\/\/www.facebook.com\/Creawebsite-113915200150984","https:\/\/www.instagram.com\/creawebsite.be\/","https:\/\/www.linkedin.com\/in\/jean-marc-delchef\/"]}]}},"_links":{"self":[{"href":"https:\/\/www.latribunedeplanas.com\/es\/wp-json\/wp\/v2\/posts\/28084","targetHints":{"allow":["GET"]}}],"collection":[{"href":"https:\/\/www.latribunedeplanas.com\/es\/wp-json\/wp\/v2\/posts"}],"about":[{"href":"https:\/\/www.latribunedeplanas.com\/es\/wp-json\/wp\/v2\/types\/post"}],"author":[{"embeddable":true,"href":"https:\/\/www.latribunedeplanas.com\/es\/wp-json\/wp\/v2\/users\/1"}],"replies":[{"embeddable":true,"href":"https:\/\/www.latribunedeplanas.com\/es\/wp-json\/wp\/v2\/comments?post=28084"}],"version-history":[{"count":2,"href":"https:\/\/www.latribunedeplanas.com\/es\/wp-json\/wp\/v2\/posts\/28084\/revisions"}],"predecessor-version":[{"id":28086,"href":"https:\/\/www.latribunedeplanas.com\/es\/wp-json\/wp\/v2\/posts\/28084\/revisions\/28086"}],"wp:attachment":[{"href":"https:\/\/www.latribunedeplanas.com\/es\/wp-json\/wp\/v2\/media?parent=28084"}],"wp:term":[{"taxonomy":"category","embeddable":true,"href":"https:\/\/www.latribunedeplanas.com\/es\/wp-json\/wp\/v2\/categories?post=28084"},{"taxonomy":"post_tag","embeddable":true,"href":"https:\/\/www.latribunedeplanas.com\/es\/wp-json\/wp\/v2\/tags?post=28084"}],"curies":[{"name":"wp","href":"https:\/\/api.w.org\/{rel}","templated":true}]}}