{"id":27965,"date":"1987-06-04T10:39:24","date_gmt":"1987-06-04T08:39:24","guid":{"rendered":"https:\/\/www.latribunedeplanas.com\/4-juin-1987-courrier-de-la-mairie-de-pratdip-au-registre-de-la-propriete-de-falset\/"},"modified":"2025-08-16T10:47:30","modified_gmt":"2025-08-16T08:47:30","slug":"4-de-junio-de-1987-carta-del-ayuntamiento-de-pratdip-al-registro-de-la-propiedad-de-falset","status":"publish","type":"post","link":"https:\/\/www.latribunedeplanas.com\/es\/4-de-junio-de-1987-carta-del-ayuntamiento-de-pratdip-al-registro-de-la-propiedad-de-falset\/","title":{"rendered":"4 de junio de 1987: Carta del Ayuntamiento de Pratdip al Registro de la Propiedad de Falset"},"content":{"rendered":"<p>[et_pb_section fb_built=\u00bb1&#8243; admin_label=\u00bbSection-Article\u00bb module_class=\u00bbsection-article\u00bb _builder_version=\u00bb4.18.0&#8243; custom_margin=\u00bb0px|0px|0px|0px\u00bb custom_padding=\u00bb0px|0px|0px|0px\u00bb global_colors_info=\u00bb{}\u00bb][et_pb_row use_custom_gutter=\u00bbon\u00bb gutter_width=\u00bb1&#8243; custom_padding_last_edited=\u00bbon|phone\u00bb admin_label=\u00bbLigne-Article\u00bb module_class=\u00bbligne-article et_pb_row_fullwidth\u00bb _builder_version=\u00bb4.27.4&#8243; width=\u00bb100%\u00bb width_tablet=\u00bb100%\u00bb width_phone=\u00bb\u00bb width_last_edited=\u00bbon|desktop\u00bb max_width=\u00bb100%\u00bb max_width_tablet=\u00bb100%\u00bb max_width_phone=\u00bb\u00bb max_width_last_edited=\u00bbon|desktop\u00bb custom_margin=\u00bb0px||0px\u00bb custom_padding=\u00bb20px||0px||false|false\u00bb custom_padding_tablet=\u00bb20px||0px||false|false\u00bb custom_padding_phone=\u00bb15px||||false|false\u00bb make_fullwidth=\u00bbon\u00bb global_colors_info=\u00bb{}\u00bb][et_pb_column type=\u00bb4_4&#8243; _builder_version=\u00bb4.16&#8243; custom_padding=\u00bb|||\u00bb global_colors_info=\u00bb{}\u00bb custom_padding__hover=\u00bb|||\u00bb][et_pb_text admin_label=\u00bbTexte4 de junio de 1987: Carta del Ayuntamiento de Pratdip al Registro de la Propiedad de Falset\u00bb module_class=\u00bbtxt-article\u00bb _builder_version=\u00bb4.27.4&#8243; text_font=\u00bb|300|||||||\u00bb header_font=\u00bb||||||||\u00bb header_2_line_height=\u00bb1.2em\u00bb header_3_font=\u00bb||||||||\u00bb header_3_line_height=\u00bb1.3em\u00bb header_4_text_align=\u00bbcenter\u00bb custom_padding=\u00bb||||false|false\u00bb hover_enabled=\u00bb0&#8243; text_line_height_tablet=\u00bb\u00bb text_line_height_phone=\u00bb1.3em\u00bb text_line_height_last_edited=\u00bbon|desktop\u00bb header_2_font_size_tablet=\u00bb\u00bb header_2_font_size_phone=\u00bb\u00bb header_2_font_size_last_edited=\u00bbon|phone\u00bb header_3_font_size_tablet=\u00bb\u00bb header_3_font_size_phone=\u00bb23px\u00bb header_3_font_size_last_edited=\u00bbon|desktop\u00bb global_colors_info=\u00bb{}\u00bb sticky_enabled=\u00bb0&#8243;]<\/p>\n<p>Carta oficial fechada el <span class=\"accentue\">4 de junio de 1987<\/span>, firmada por el <span class=\"accentue\">Alcalde de Pratdip<\/span> y dirigida al <span class=\"accentue\">Registrador de la Propiedad de Falset<\/span>, sobre la situaci\u00f3n de <span class=\"accentue\">Planes del Rei<\/span> y la obligaci\u00f3n de cesi\u00f3n de viales y equipamientos p\u00fablicos.<\/p>\n<hr style=\"margin-bottom: 30px;\" \/>\n<h2>1) Naturaleza del documento<\/h2>\n<ul>\n<li>Carta administrativa emitida por el <span class=\"accentue\">Ayuntamiento de Pratdip<\/span>.<\/li>\n<li>Destinatario: <span class=\"accentue\">Registro de la Propiedad de Falset<\/span>.<\/li>\n<li>Objeto general: gestiones relativas a la <span class=\"accentue\">cesi\u00f3n gratuita<\/span> de los terrenos y servicios p\u00fablicos de <span class=\"accentue\">Planes del Rei<\/span>.<\/li>\n<\/ul>\n<h2>2) Objeto de la solicitud<\/h2>\n<ul>\n<li>Solicitar una <span class=\"accentue\">nota informativa<\/span> (extracto\/certificado registral) con el fin de identificar el <span class=\"accentue\">t\u00edtulo de adquisici\u00f3n<\/span> de los terrenos del sector <span class=\"accentue\">Planes del Rei<\/span> pertenecientes al <span class=\"accentue\">se\u00f1or Francis Lebasque<\/span>.<\/li>\n<\/ul>\n<h2>3) Contexto recordado en la carta<\/h2>\n<ul>\n<li><span class=\"accentue\">El Sr. Lebasque<\/span> es presentado como el <span class=\"accentue\">promotor<\/span> del Plan Parcial de Planes del Rei.<\/li>\n<li>Obligaci\u00f3n legal de <span class=\"accentue\">ceder gratuitamente<\/span> los <span class=\"accentue\">viales<\/span>, <span class=\"accentue\">zonas verdes<\/span> y <span class=\"accentue\">equipamientos<\/span>, conforme a las <span class=\"accentue\">Normes Subsidi\u00e0ries de Planejament<\/span> aprobadas por la Generalitat.<\/li>\n<li>Dificultad se\u00f1alada: <span class=\"accentue\">domicilio del promotor desconocido<\/span>, tras m\u00faltiples ventas y divisiones de parcelas.<\/li>\n<li>El Ayuntamiento opta por una <span class=\"accentue\">v\u00eda alternativa<\/span>: reconstruir la cadena de t\u00edtulos a trav\u00e9s del <span class=\"accentue\">registro de la propiedad<\/span>.<\/li>\n<\/ul>\n<h2>4) Informaciones t\u00e9cnicas mencionadas<\/h2>\n<ul>\n<li>Referencia catastral: <span class=\"accentue\">r\u00fastica, pol\u00edgono n\u00b0 9<\/span>.<\/li>\n<li>Se adjunta un <span class=\"accentue\">plano<\/span> a la carta para facilitar la identificaci\u00f3n de los bienes.<\/li>\n<\/ul>\n<h2>5) Alcance jur\u00eddico e inter\u00e9s del documento<\/h2>\n<p>Este tr\u00e1mite acredita un <span class=\"accentue\">intento concreto<\/span> del Ayuntamiento para desbloquear el procedimiento de cesi\u00f3n por la v\u00eda registral, en ausencia de un acto notarial o de la cooperaci\u00f3n del promotor. Confirma que el Ayuntamiento llevaba a cabo <span class=\"accentue\">gestiones administrativas activas<\/span> al menos hasta <span class=\"accentue\">junio de 1987<\/span> y que segu\u00eda las recomendaciones de la <span class=\"accentue\">carta de la Generalitat del 19 de mayo de 1987<\/span>, que solicitaba <span class=\"accentue\">obtener un certificado registral<\/span> acreditando la situaci\u00f3n.<\/p>\n<hr style=\"margin-bottom: 30px;\" \/>\n<h2>Puntos clave a recordar<\/h2>\n<ul>\n<li>El Ayuntamiento reconoce y recuerda la <span class=\"accentue\">obligaci\u00f3n de cesi\u00f3n<\/span> de los espacios y servicios p\u00fablicos en Planes del Rei.<\/li>\n<li>Ante la <span class=\"accentue\">direcci\u00f3n desconocida<\/span> del promotor, activa la <span class=\"accentue\">v\u00eda registral<\/span> para localizar los t\u00edtulos.<\/li>\n<li>El tr\u00e1mite se enmarca en el <span class=\"accentue\">marco legal<\/span> y sigue las <span class=\"accentue\">instrucciones de la Generalitat<\/span> comunicadas previamente.<\/li>\n<\/ul>\n<hr style=\"margin-bottom: 30px;\" \/>\n<h3 class=\"underline\">Documento<\/h3>\n<p style=\"padding-top: 30px;\"><a href=\"https:\/\/www.latribunedeplanas.com\/wp-content\/uploads\/2022\/08\/1987-06-04-courrier-mairie-falset-accord-cession.pdf\" class=\"pdfemb-viewer\" style=\"\" data-width=\"max\" data-height=\"max\" data-mobile-width=\"0\"  data-scrollbar=\"none\" data-download=\"on\" data-tracking=\"on\" data-newwindow=\"on\" data-pagetextbox=\"off\" data-scrolltotop=\"off\" data-startzoom=\"100\" data-startfpzoom=\"100\" data-toolbar=\"top\" data-toolbar-fixed=\"off\">1987-06-04-courrier-mairie-falset-accord-cession<br\/><\/a><\/p>\n<p>[\/et_pb_text][\/et_pb_column][\/et_pb_row][\/et_pb_section]<\/p>\n","protected":false},"excerpt":{"rendered":"<p>Carta oficial fechada el 4 de junio de 1987, firmada por el Alcalde de Pratdip y dirigida al Registrador de la Propiedad de Falset, sobre la situaci\u00f3n de Planes del Rei y la obligaci\u00f3n de cesi\u00f3n de viales y equipamientos p\u00fablicos. 1) Naturaleza del documento Carta administrativa emitida por el Ayuntamiento de Pratdip. Destinatario: Registro [&hellip;]<\/p>\n","protected":false},"author":1,"featured_media":0,"comment_status":"closed","ping_status":"closed","sticky":false,"template":"","format":"standard","meta":{"_et_pb_use_builder":"on","_et_pb_old_content":"","_et_gb_content_width":"","footnotes":""},"categories":[217],"tags":[],"class_list":["post-27965","post","type-post","status-publish","format-standard","hentry","category-documentos"],"yoast_head":"<!-- This site is optimized with the Yoast SEO plugin v27.5 - https:\/\/yoast.com\/product\/yoast-seo-wordpress\/ -->\n<title>4 de junio de 1987: Carta del Ayuntamiento de Pratdip al Registro de la Propiedad de Falset - La Tribune de Planas<\/title>\n<meta name=\"description\" content=\"An\u00e1lisis de la carta del 4 de junio de 1987 del Ayuntamiento de Pratdip al Registro de Falset sobre la cesi\u00f3n en Planes del Rei.\" \/>\n<meta name=\"robots\" content=\"index, follow, max-snippet:-1, max-image-preview:large, max-video-preview:-1\" \/>\n<link rel=\"canonical\" href=\"https:\/\/www.latribunedeplanas.com\/es\/4-de-junio-de-1987-carta-del-ayuntamiento-de-pratdip-al-registro-de-la-propiedad-de-falset\/\" \/>\n<meta property=\"og:locale\" content=\"es_ES\" \/>\n<meta property=\"og:type\" content=\"article\" \/>\n<meta property=\"og:title\" content=\"4 de junio de 1987: Carta del Ayuntamiento de Pratdip al Registro de la Propiedad de Falset - La Tribune de Planas\" \/>\n<meta property=\"og:description\" content=\"An\u00e1lisis de la carta del 4 de junio de 1987 del Ayuntamiento de Pratdip al Registro de Falset sobre la cesi\u00f3n en Planes del Rei.\" \/>\n<meta property=\"og:url\" content=\"https:\/\/www.latribunedeplanas.com\/es\/4-de-junio-de-1987-carta-del-ayuntamiento-de-pratdip-al-registro-de-la-propiedad-de-falset\/\" \/>\n<meta property=\"og:site_name\" content=\"La Tribune de Planas\" \/>\n<meta property=\"article:publisher\" content=\"https:\/\/www.facebook.com\/groups\/1220895301376005\/\" \/>\n<meta property=\"article:author\" content=\"https:\/\/www.facebook.com\/Creawebsite-113915200150984\" \/>\n<meta property=\"article:published_time\" content=\"1987-06-04T08:39:24+00:00\" \/>\n<meta property=\"article:modified_time\" content=\"2025-08-16T08:47:30+00:00\" \/>\n<meta name=\"author\" content=\"Jim\" \/>\n<meta name=\"twitter:card\" content=\"summary_large_image\" \/>\n<meta name=\"twitter:label1\" content=\"Escrito por\" \/>\n\t<meta name=\"twitter:data1\" content=\"Jim\" \/>\n\t<meta name=\"twitter:label2\" content=\"Tiempo de lectura\" \/>\n\t<meta name=\"twitter:data2\" content=\"2 minutos\" \/>\n<script type=\"application\/ld+json\" class=\"yoast-schema-graph\">{\"@context\":\"https:\\\/\\\/schema.org\",\"@graph\":[{\"@type\":\"Article\",\"@id\":\"https:\\\/\\\/www.latribunedeplanas.com\\\/es\\\/4-de-junio-de-1987-carta-del-ayuntamiento-de-pratdip-al-registro-de-la-propiedad-de-falset\\\/#article\",\"isPartOf\":{\"@id\":\"https:\\\/\\\/www.latribunedeplanas.com\\\/es\\\/4-de-junio-de-1987-carta-del-ayuntamiento-de-pratdip-al-registro-de-la-propiedad-de-falset\\\/\"},\"author\":{\"name\":\"Jim\",\"@id\":\"https:\\\/\\\/www.latribunedeplanas.com\\\/es\\\/#\\\/schema\\\/person\\\/590a87318688792f18d8e1c983528bc8\"},\"headline\":\"4 de junio de 1987: Carta del Ayuntamiento de Pratdip al Registro de la Propiedad de Falset\",\"datePublished\":\"1987-06-04T08:39:24+00:00\",\"dateModified\":\"2025-08-16T08:47:30+00:00\",\"mainEntityOfPage\":{\"@id\":\"https:\\\/\\\/www.latribunedeplanas.com\\\/es\\\/4-de-junio-de-1987-carta-del-ayuntamiento-de-pratdip-al-registro-de-la-propiedad-de-falset\\\/\"},\"wordCount\":632,\"publisher\":{\"@id\":\"https:\\\/\\\/www.latribunedeplanas.com\\\/es\\\/#organization\"},\"articleSection\":[\"Documentos\"],\"inLanguage\":\"es\"},{\"@type\":\"WebPage\",\"@id\":\"https:\\\/\\\/www.latribunedeplanas.com\\\/es\\\/4-de-junio-de-1987-carta-del-ayuntamiento-de-pratdip-al-registro-de-la-propiedad-de-falset\\\/\",\"url\":\"https:\\\/\\\/www.latribunedeplanas.com\\\/es\\\/4-de-junio-de-1987-carta-del-ayuntamiento-de-pratdip-al-registro-de-la-propiedad-de-falset\\\/\",\"name\":\"4 de junio de 1987: Carta del Ayuntamiento de Pratdip al Registro de la Propiedad de Falset - La Tribune de Planas\",\"isPartOf\":{\"@id\":\"https:\\\/\\\/www.latribunedeplanas.com\\\/es\\\/#website\"},\"datePublished\":\"1987-06-04T08:39:24+00:00\",\"dateModified\":\"2025-08-16T08:47:30+00:00\",\"description\":\"An\u00e1lisis de la carta del 4 de junio de 1987 del Ayuntamiento de Pratdip al Registro de Falset sobre la cesi\u00f3n en Planes del Rei.\",\"breadcrumb\":{\"@id\":\"https:\\\/\\\/www.latribunedeplanas.com\\\/es\\\/4-de-junio-de-1987-carta-del-ayuntamiento-de-pratdip-al-registro-de-la-propiedad-de-falset\\\/#breadcrumb\"},\"inLanguage\":\"es\",\"potentialAction\":[{\"@type\":\"ReadAction\",\"target\":[\"https:\\\/\\\/www.latribunedeplanas.com\\\/es\\\/4-de-junio-de-1987-carta-del-ayuntamiento-de-pratdip-al-registro-de-la-propiedad-de-falset\\\/\"]}]},{\"@type\":\"BreadcrumbList\",\"@id\":\"https:\\\/\\\/www.latribunedeplanas.com\\\/es\\\/4-de-junio-de-1987-carta-del-ayuntamiento-de-pratdip-al-registro-de-la-propiedad-de-falset\\\/#breadcrumb\",\"itemListElement\":[{\"@type\":\"ListItem\",\"position\":1,\"name\":\"Accueil\",\"item\":\"https:\\\/\\\/www.latribunedeplanas.com\\\/es\\\/\"},{\"@type\":\"ListItem\",\"position\":2,\"name\":\"4 de junio de 1987: Carta del Ayuntamiento de Pratdip al Registro de la Propiedad de Falset\"}]},{\"@type\":\"WebSite\",\"@id\":\"https:\\\/\\\/www.latribunedeplanas.com\\\/es\\\/#website\",\"url\":\"https:\\\/\\\/www.latribunedeplanas.com\\\/es\\\/\",\"name\":\"La Tribune de Planas\",\"description\":\"Les Planes del Rei - Urbanizaci\u00f3n del municipio de Pratdip\",\"publisher\":{\"@id\":\"https:\\\/\\\/www.latribunedeplanas.com\\\/es\\\/#organization\"},\"potentialAction\":[{\"@type\":\"SearchAction\",\"target\":{\"@type\":\"EntryPoint\",\"urlTemplate\":\"https:\\\/\\\/www.latribunedeplanas.com\\\/es\\\/?s={search_term_string}\"},\"query-input\":{\"@type\":\"PropertyValueSpecification\",\"valueRequired\":true,\"valueName\":\"search_term_string\"}}],\"inLanguage\":\"es\"},{\"@type\":\"Organization\",\"@id\":\"https:\\\/\\\/www.latribunedeplanas.com\\\/es\\\/#organization\",\"name\":\"Vecinos de Planes del Rei (SOSPlanes)\",\"url\":\"https:\\\/\\\/www.latribunedeplanas.com\\\/es\\\/\",\"logo\":{\"@type\":\"ImageObject\",\"inLanguage\":\"es\",\"@id\":\"https:\\\/\\\/www.latribunedeplanas.com\\\/es\\\/#\\\/schema\\\/logo\\\/image\\\/\",\"url\":\"https:\\\/\\\/www.latribunedeplanas.com\\\/wp-content\\\/uploads\\\/2021\\\/11\\\/logo-sos-planas-0.png\",\"contentUrl\":\"https:\\\/\\\/www.latribunedeplanas.com\\\/wp-content\\\/uploads\\\/2021\\\/11\\\/logo-sos-planas-0.png\",\"width\":600,\"height\":400,\"caption\":\"Vecinos de Planes del Rei (SOSPlanes)\"},\"image\":{\"@id\":\"https:\\\/\\\/www.latribunedeplanas.com\\\/es\\\/#\\\/schema\\\/logo\\\/image\\\/\"},\"sameAs\":[\"https:\\\/\\\/www.facebook.com\\\/groups\\\/1220895301376005\\\/\",\"https:\\\/\\\/www.instagram.com\\\/lasplanasdelrey\\\/\"]},{\"@type\":\"Person\",\"@id\":\"https:\\\/\\\/www.latribunedeplanas.com\\\/es\\\/#\\\/schema\\\/person\\\/590a87318688792f18d8e1c983528bc8\",\"name\":\"Jim\",\"image\":{\"@type\":\"ImageObject\",\"inLanguage\":\"es\",\"@id\":\"https:\\\/\\\/secure.gravatar.com\\\/avatar\\\/5a89228fd282eb9ee33a60b4ff06f9c31751866f1fb91ca56263af0968354113?s=96&d=mm&r=g\",\"url\":\"https:\\\/\\\/secure.gravatar.com\\\/avatar\\\/5a89228fd282eb9ee33a60b4ff06f9c31751866f1fb91ca56263af0968354113?s=96&d=mm&r=g\",\"contentUrl\":\"https:\\\/\\\/secure.gravatar.com\\\/avatar\\\/5a89228fd282eb9ee33a60b4ff06f9c31751866f1fb91ca56263af0968354113?s=96&d=mm&r=g\",\"caption\":\"Jim\"},\"sameAs\":[\"https:\\\/\\\/www.creawebsite.be\\\/\",\"https:\\\/\\\/www.facebook.com\\\/Creawebsite-113915200150984\",\"https:\\\/\\\/www.instagram.com\\\/creawebsite.be\\\/\",\"https:\\\/\\\/www.linkedin.com\\\/in\\\/jean-marc-delchef\\\/\"]}]}<\/script>\n<!-- \/ Yoast SEO plugin. -->","yoast_head_json":{"title":"4 de junio de 1987: Carta del Ayuntamiento de Pratdip al Registro de la Propiedad de Falset - La Tribune de Planas","description":"An\u00e1lisis de la carta del 4 de junio de 1987 del Ayuntamiento de Pratdip al Registro de Falset sobre la cesi\u00f3n en Planes del Rei.","robots":{"index":"index","follow":"follow","max-snippet":"max-snippet:-1","max-image-preview":"max-image-preview:large","max-video-preview":"max-video-preview:-1"},"canonical":"https:\/\/www.latribunedeplanas.com\/es\/4-de-junio-de-1987-carta-del-ayuntamiento-de-pratdip-al-registro-de-la-propiedad-de-falset\/","og_locale":"es_ES","og_type":"article","og_title":"4 de junio de 1987: Carta del Ayuntamiento de Pratdip al Registro de la Propiedad de Falset - La Tribune de Planas","og_description":"An\u00e1lisis de la carta del 4 de junio de 1987 del Ayuntamiento de Pratdip al Registro de Falset sobre la cesi\u00f3n en Planes del Rei.","og_url":"https:\/\/www.latribunedeplanas.com\/es\/4-de-junio-de-1987-carta-del-ayuntamiento-de-pratdip-al-registro-de-la-propiedad-de-falset\/","og_site_name":"La Tribune de Planas","article_publisher":"https:\/\/www.facebook.com\/groups\/1220895301376005\/","article_author":"https:\/\/www.facebook.com\/Creawebsite-113915200150984","article_published_time":"1987-06-04T08:39:24+00:00","article_modified_time":"2025-08-16T08:47:30+00:00","author":"Jim","twitter_card":"summary_large_image","twitter_misc":{"Escrito por":"Jim","Tiempo de lectura":"2 minutos"},"schema":{"@context":"https:\/\/schema.org","@graph":[{"@type":"Article","@id":"https:\/\/www.latribunedeplanas.com\/es\/4-de-junio-de-1987-carta-del-ayuntamiento-de-pratdip-al-registro-de-la-propiedad-de-falset\/#article","isPartOf":{"@id":"https:\/\/www.latribunedeplanas.com\/es\/4-de-junio-de-1987-carta-del-ayuntamiento-de-pratdip-al-registro-de-la-propiedad-de-falset\/"},"author":{"name":"Jim","@id":"https:\/\/www.latribunedeplanas.com\/es\/#\/schema\/person\/590a87318688792f18d8e1c983528bc8"},"headline":"4 de junio de 1987: Carta del Ayuntamiento de Pratdip al Registro de la Propiedad de Falset","datePublished":"1987-06-04T08:39:24+00:00","dateModified":"2025-08-16T08:47:30+00:00","mainEntityOfPage":{"@id":"https:\/\/www.latribunedeplanas.com\/es\/4-de-junio-de-1987-carta-del-ayuntamiento-de-pratdip-al-registro-de-la-propiedad-de-falset\/"},"wordCount":632,"publisher":{"@id":"https:\/\/www.latribunedeplanas.com\/es\/#organization"},"articleSection":["Documentos"],"inLanguage":"es"},{"@type":"WebPage","@id":"https:\/\/www.latribunedeplanas.com\/es\/4-de-junio-de-1987-carta-del-ayuntamiento-de-pratdip-al-registro-de-la-propiedad-de-falset\/","url":"https:\/\/www.latribunedeplanas.com\/es\/4-de-junio-de-1987-carta-del-ayuntamiento-de-pratdip-al-registro-de-la-propiedad-de-falset\/","name":"4 de junio de 1987: Carta del Ayuntamiento de Pratdip al Registro de la Propiedad de Falset - La Tribune de Planas","isPartOf":{"@id":"https:\/\/www.latribunedeplanas.com\/es\/#website"},"datePublished":"1987-06-04T08:39:24+00:00","dateModified":"2025-08-16T08:47:30+00:00","description":"An\u00e1lisis de la carta del 4 de junio de 1987 del Ayuntamiento de Pratdip al Registro de Falset sobre la cesi\u00f3n en Planes del Rei.","breadcrumb":{"@id":"https:\/\/www.latribunedeplanas.com\/es\/4-de-junio-de-1987-carta-del-ayuntamiento-de-pratdip-al-registro-de-la-propiedad-de-falset\/#breadcrumb"},"inLanguage":"es","potentialAction":[{"@type":"ReadAction","target":["https:\/\/www.latribunedeplanas.com\/es\/4-de-junio-de-1987-carta-del-ayuntamiento-de-pratdip-al-registro-de-la-propiedad-de-falset\/"]}]},{"@type":"BreadcrumbList","@id":"https:\/\/www.latribunedeplanas.com\/es\/4-de-junio-de-1987-carta-del-ayuntamiento-de-pratdip-al-registro-de-la-propiedad-de-falset\/#breadcrumb","itemListElement":[{"@type":"ListItem","position":1,"name":"Accueil","item":"https:\/\/www.latribunedeplanas.com\/es\/"},{"@type":"ListItem","position":2,"name":"4 de junio de 1987: Carta del Ayuntamiento de Pratdip al Registro de la Propiedad de Falset"}]},{"@type":"WebSite","@id":"https:\/\/www.latribunedeplanas.com\/es\/#website","url":"https:\/\/www.latribunedeplanas.com\/es\/","name":"La Tribune de Planas","description":"Les Planes del Rei - Urbanizaci\u00f3n del municipio de Pratdip","publisher":{"@id":"https:\/\/www.latribunedeplanas.com\/es\/#organization"},"potentialAction":[{"@type":"SearchAction","target":{"@type":"EntryPoint","urlTemplate":"https:\/\/www.latribunedeplanas.com\/es\/?s={search_term_string}"},"query-input":{"@type":"PropertyValueSpecification","valueRequired":true,"valueName":"search_term_string"}}],"inLanguage":"es"},{"@type":"Organization","@id":"https:\/\/www.latribunedeplanas.com\/es\/#organization","name":"Vecinos de Planes del Rei (SOSPlanes)","url":"https:\/\/www.latribunedeplanas.com\/es\/","logo":{"@type":"ImageObject","inLanguage":"es","@id":"https:\/\/www.latribunedeplanas.com\/es\/#\/schema\/logo\/image\/","url":"https:\/\/www.latribunedeplanas.com\/wp-content\/uploads\/2021\/11\/logo-sos-planas-0.png","contentUrl":"https:\/\/www.latribunedeplanas.com\/wp-content\/uploads\/2021\/11\/logo-sos-planas-0.png","width":600,"height":400,"caption":"Vecinos de Planes del Rei (SOSPlanes)"},"image":{"@id":"https:\/\/www.latribunedeplanas.com\/es\/#\/schema\/logo\/image\/"},"sameAs":["https:\/\/www.facebook.com\/groups\/1220895301376005\/","https:\/\/www.instagram.com\/lasplanasdelrey\/"]},{"@type":"Person","@id":"https:\/\/www.latribunedeplanas.com\/es\/#\/schema\/person\/590a87318688792f18d8e1c983528bc8","name":"Jim","image":{"@type":"ImageObject","inLanguage":"es","@id":"https:\/\/secure.gravatar.com\/avatar\/5a89228fd282eb9ee33a60b4ff06f9c31751866f1fb91ca56263af0968354113?s=96&d=mm&r=g","url":"https:\/\/secure.gravatar.com\/avatar\/5a89228fd282eb9ee33a60b4ff06f9c31751866f1fb91ca56263af0968354113?s=96&d=mm&r=g","contentUrl":"https:\/\/secure.gravatar.com\/avatar\/5a89228fd282eb9ee33a60b4ff06f9c31751866f1fb91ca56263af0968354113?s=96&d=mm&r=g","caption":"Jim"},"sameAs":["https:\/\/www.creawebsite.be\/","https:\/\/www.facebook.com\/Creawebsite-113915200150984","https:\/\/www.instagram.com\/creawebsite.be\/","https:\/\/www.linkedin.com\/in\/jean-marc-delchef\/"]}]}},"_links":{"self":[{"href":"https:\/\/www.latribunedeplanas.com\/es\/wp-json\/wp\/v2\/posts\/27965","targetHints":{"allow":["GET"]}}],"collection":[{"href":"https:\/\/www.latribunedeplanas.com\/es\/wp-json\/wp\/v2\/posts"}],"about":[{"href":"https:\/\/www.latribunedeplanas.com\/es\/wp-json\/wp\/v2\/types\/post"}],"author":[{"embeddable":true,"href":"https:\/\/www.latribunedeplanas.com\/es\/wp-json\/wp\/v2\/users\/1"}],"replies":[{"embeddable":true,"href":"https:\/\/www.latribunedeplanas.com\/es\/wp-json\/wp\/v2\/comments?post=27965"}],"version-history":[{"count":5,"href":"https:\/\/www.latribunedeplanas.com\/es\/wp-json\/wp\/v2\/posts\/27965\/revisions"}],"predecessor-version":[{"id":27971,"href":"https:\/\/www.latribunedeplanas.com\/es\/wp-json\/wp\/v2\/posts\/27965\/revisions\/27971"}],"wp:attachment":[{"href":"https:\/\/www.latribunedeplanas.com\/es\/wp-json\/wp\/v2\/media?parent=27965"}],"wp:term":[{"taxonomy":"category","embeddable":true,"href":"https:\/\/www.latribunedeplanas.com\/es\/wp-json\/wp\/v2\/categories?post=27965"},{"taxonomy":"post_tag","embeddable":true,"href":"https:\/\/www.latribunedeplanas.com\/es\/wp-json\/wp\/v2\/tags?post=27965"}],"curies":[{"name":"wp","href":"https:\/\/api.w.org\/{rel}","templated":true}]}}