{"id":27920,"date":"1987-01-17T14:27:38","date_gmt":"1987-01-17T13:27:38","guid":{"rendered":"https:\/\/www.latribunedeplanas.com\/17-janvier-1987-lettre-de-la-mairie-de-pratdip-a-la-comissio-durbanisme-promoteur-introuvable-et-notification-par-edicte\/"},"modified":"2025-08-15T14:35:56","modified_gmt":"2025-08-15T12:35:56","slug":"17-de-enero-de-1987-carta-del-ayuntamiento-de-pratdip-a-la-comissio-durbanisme-promotor-ilocalizable-y-notificacion-por-edicto","status":"publish","type":"post","link":"https:\/\/www.latribunedeplanas.com\/es\/17-de-enero-de-1987-carta-del-ayuntamiento-de-pratdip-a-la-comissio-durbanisme-promotor-ilocalizable-y-notificacion-por-edicto\/","title":{"rendered":"17 de enero de 1987: Carta del Ayuntamiento de Pratdip a la Comissi\u00f3 d\u2019Urbanisme &#8211; Promotor ilocalizable y notificaci\u00f3n por edicto"},"content":{"rendered":"<p>[et_pb_section fb_built=\u00bb1&#8243; admin_label=\u00bbSection-Article\u00bb module_class=\u00bbsection-article\u00bb _builder_version=\u00bb4.18.0&#8243; custom_margin=\u00bb0px|0px|0px|0px\u00bb custom_padding=\u00bb0px|0px|0px|0px\u00bb global_colors_info=\u00bb{}\u00bb][et_pb_row use_custom_gutter=\u00bbon\u00bb gutter_width=\u00bb1&#8243; custom_padding_last_edited=\u00bbon|phone\u00bb admin_label=\u00bbLigne-Article\u00bb module_class=\u00bbligne-article et_pb_row_fullwidth\u00bb _builder_version=\u00bb4.27.4&#8243; width=\u00bb100%\u00bb width_tablet=\u00bb100%\u00bb width_phone=\u00bb\u00bb width_last_edited=\u00bbon|desktop\u00bb max_width=\u00bb100%\u00bb max_width_tablet=\u00bb100%\u00bb max_width_phone=\u00bb\u00bb max_width_last_edited=\u00bbon|desktop\u00bb custom_margin=\u00bb0px||0px\u00bb custom_padding=\u00bb20px||0px||false|false\u00bb custom_padding_tablet=\u00bb20px||0px||false|false\u00bb custom_padding_phone=\u00bb15px||||false|false\u00bb make_fullwidth=\u00bbon\u00bb global_colors_info=\u00bb{}\u00bb][et_pb_column type=\u00bb4_4&#8243; _builder_version=\u00bb4.16&#8243; custom_padding=\u00bb|||\u00bb global_colors_info=\u00bb{}\u00bb custom_padding__hover=\u00bb|||\u00bb][et_pb_text admin_label=\u00bbTexte-17 de enero de 1987: Carta del Ayuntamiento de Pratdip a la Comissi\u00f3 d\u2019Urbanisme\u00bb module_class=\u00bbtxt-article\u00bb _builder_version=\u00bb4.27.4&#8243; text_font=\u00bb|300|||||||\u00bb header_font=\u00bb||||||||\u00bb header_2_line_height=\u00bb1.2em\u00bb header_3_font=\u00bb||||||||\u00bb header_3_line_height=\u00bb1.3em\u00bb header_4_text_align=\u00bbcenter\u00bb custom_padding=\u00bb||||false|false\u00bb hover_enabled=\u00bb0&#8243; text_line_height_tablet=\u00bb\u00bb text_line_height_phone=\u00bb1.3em\u00bb text_line_height_last_edited=\u00bbon|desktop\u00bb header_2_font_size_tablet=\u00bb\u00bb header_2_font_size_phone=\u00bb\u00bb header_2_font_size_last_edited=\u00bbon|phone\u00bb header_3_font_size_tablet=\u00bb\u00bb header_3_font_size_phone=\u00bb23px\u00bb header_3_font_size_last_edited=\u00bbon|desktop\u00bb global_colors_info=\u00bb{}\u00bb sticky_enabled=\u00bb0&#8243;]<\/p>\n<p>En el marco de la ejecuci\u00f3n del acuerdo de la <span class=\"accentue\">Comissi\u00f3 d\u2019Urbanisme de Tarragona<\/span> del <span class=\"accentue\">23 de julio de 1986<\/span> relativo a las <span class=\"accentue\">cesiones obligatorias<\/span> de los terrenos p\u00fablicos de la urbanizaci\u00f3n <span class=\"accentue\">Planes del Rei<\/span>, el <span class=\"accentue\">Ayuntamiento de Pratdip<\/span> informa a la Comisi\u00f3n de la <span class=\"accentue\">imposibilidad de localizar<\/span> al promotor <span class=\"accentue\">Francisco Lebasque<\/span> y de las medidas tomadas a efectos de notificaci\u00f3n.<\/p>\n<hr style=\"margin-bottom: 30px;\" \/>\n<h2>1) Naturaleza del documento<\/h2>\n<ul>\n<li>Carta <span class=\"accentue\">oficial<\/span> del <span class=\"accentue\">Ajuntament de Pratdip<\/span> dirigida a la <span class=\"accentue\">Comissi\u00f3 d\u2019Urbanisme de Tarragona<\/span>.<\/li>\n<li>Objeto: informe sobre la <span class=\"accentue\">ejecuci\u00f3n<\/span> del acuerdo del <span class=\"accentue\">23\/07\/1986<\/span> relativo a la <span class=\"accentue\">cesi\u00f3n gratuita<\/span> de calzadas, zonas verdes e instalaciones p\u00fablicas.<\/li>\n<\/ul>\n<h2>2) Contexto administrativo<\/h2>\n<ul>\n<li><span class=\"accentue\">23\/07\/1986<\/span>: la Comisi\u00f3n impone la cesi\u00f3n de bienes p\u00fablicos en un plazo de <span class=\"accentue\">3 meses<\/span>.<\/li>\n<li><span class=\"accentue\">27\/12\/1986<\/span>: publicaci\u00f3n de un <span class=\"accentue\">Edicto<\/span> en el <span class=\"accentue\">BOP de Tarragona n\u00ba 295<\/span> para notificar al promotor, que no ha podido ser localizado.<\/li>\n<li><span class=\"accentue\">17\/01\/1987<\/span>: env\u00edo de la presente carta a la Comisi\u00f3n solicitando instrucciones.<\/li>\n<\/ul>\n<h2>3) Contenido de la carta (17\/01\/1987)<\/h2>\n<ul>\n<li>Constataci\u00f3n: el promotor de <span class=\"accentue\">Planes del Rei<\/span> se encuentra en <span class=\"accentue\">residencia desconocida<\/span> (<em>ignorada resid\u00e8ncia<\/em>).<\/li>\n<li>Medida adoptada: notificaci\u00f3n mediante <span class=\"accentue\">Edicto<\/span> publicado en el <span class=\"accentue\">BOP n\u00ba 295 del 27\/12\/1986<\/span>, con validez legal de notificaci\u00f3n.<\/li>\n<li>Acci\u00f3n prevista: preparaci\u00f3n de un <span class=\"accentue\">acto de ocupaci\u00f3n<\/span> de los terrenos a ceder (calzadas, zonas e instalaciones), dado que el promotor est\u00e1 ausente y es de nacionalidad francesa.<\/li>\n<li>Consulta a la Comisi\u00f3n: si este procedimiento <span class=\"accentue\">es suficiente<\/span> para considerar cumplido el acuerdo de julio de 1986, o si es necesario otro tr\u00e1mite.<\/li>\n<\/ul>\n<h2>4) Alcance y an\u00e1lisis<\/h2>\n<ul>\n<li>Confirmaci\u00f3n oficial ya en <span class=\"accentue\">enero de 1987<\/span> de que <span class=\"accentue\">F. Lebasque es ilocalizable<\/span>.<\/li>\n<li>El ayuntamiento ha utilizado los <span class=\"accentue\">medios legales<\/span> de notificaci\u00f3n (BOP) y ha contemplado la <span class=\"accentue\">ocupaci\u00f3n<\/span> para salvaguardar el inter\u00e9s p\u00fablico.<\/li>\n<li>El bloqueo de las cesiones resulta de la <span class=\"accentue\">quiebra y ausencia del promotor<\/span>, m\u00e1s que de una inacci\u00f3n municipal en esta etapa.<\/li>\n<\/ul>\n<h2>5) A tener en cuenta<\/h2>\n<ul>\n<li>Procedimiento de cesi\u00f3n <span class=\"accentue\">obstaculizado<\/span> por la imposibilidad de notificar al propietario legal.<\/li>\n<li>El ayuntamiento solicita un <span class=\"accentue\">informe<\/span> de la Comisi\u00f3n para <span class=\"accentue\">validar<\/span> la ocupaci\u00f3n como v\u00eda de regularizaci\u00f3n.<\/li>\n<li>Documento \u00fatil para documentar el <span class=\"accentue\">origen de los retrasos<\/span> en la integraci\u00f3n municipal de <span class=\"accentue\">Planes del Rei<\/span>.<\/li>\n<\/ul>\n<hr style=\"margin-bottom: 30px;\" \/>\n<h3 class=\"underline\">Documento<\/h3>\n<p style=\"padding-top: 30px;\"><a href=\"https:\/\/www.latribunedeplanas.com\/wp-content\/uploads\/2022\/08\/1987-01-17-courrier-mairie-planas-lebasque-intouvable.pdf\" class=\"pdfemb-viewer\" style=\"\" data-width=\"max\" data-height=\"max\" data-mobile-width=\"0\"  data-scrollbar=\"none\" data-download=\"on\" data-tracking=\"on\" data-newwindow=\"on\" data-pagetextbox=\"off\" data-scrolltotop=\"off\" data-startzoom=\"100\" data-startfpzoom=\"100\" data-toolbar=\"top\" data-toolbar-fixed=\"off\">1987-01-17-courrier-mairie-planas-lebasque-intouvable<br\/><\/a><\/p>\n<p>[\/et_pb_text][\/et_pb_column][\/et_pb_row][\/et_pb_section]<\/p>\n","protected":false},"excerpt":{"rendered":"<p>En el marco de la ejecuci\u00f3n del acuerdo de la Comissi\u00f3 d\u2019Urbanisme de Tarragona del 23 de julio de 1986 relativo a las cesiones obligatorias de los terrenos p\u00fablicos de la urbanizaci\u00f3n Planes del Rei, el Ayuntamiento de Pratdip informa a la Comisi\u00f3n de la imposibilidad de localizar al promotor Francisco Lebasque y de las [&hellip;]<\/p>\n","protected":false},"author":1,"featured_media":0,"comment_status":"closed","ping_status":"closed","sticky":false,"template":"","format":"standard","meta":{"_et_pb_use_builder":"on","_et_pb_old_content":"","_et_gb_content_width":"","footnotes":""},"categories":[217],"tags":[],"class_list":["post-27920","post","type-post","status-publish","format-standard","hentry","category-documentos"],"yoast_head":"<!-- This site is optimized with the Yoast SEO plugin v27.5 - https:\/\/yoast.com\/product\/yoast-seo-wordpress\/ -->\n<title>17 de enero de 1987: Carta del Ayuntamiento de Pratdip a la Comissi\u00f3 d\u2019Urbanisme - Promotor ilocalizable y notificaci\u00f3n por edicto - La Tribune de Planas<\/title>\n<meta name=\"description\" content=\"En 1987, Pratdip inform\u00f3 a Urbanismo que el promotor de Planas del Rey era ilocalizable y fue notificado por edicto oficial.\" \/>\n<meta name=\"robots\" content=\"index, follow, max-snippet:-1, max-image-preview:large, max-video-preview:-1\" \/>\n<link rel=\"canonical\" href=\"https:\/\/www.latribunedeplanas.com\/es\/17-de-enero-de-1987-carta-del-ayuntamiento-de-pratdip-a-la-comissio-durbanisme-promotor-ilocalizable-y-notificacion-por-edicto\/\" \/>\n<meta property=\"og:locale\" content=\"es_ES\" \/>\n<meta property=\"og:type\" content=\"article\" \/>\n<meta property=\"og:title\" content=\"17 de enero de 1987: Carta del Ayuntamiento de Pratdip a la Comissi\u00f3 d\u2019Urbanisme - Promotor ilocalizable y notificaci\u00f3n por edicto - La Tribune de Planas\" \/>\n<meta property=\"og:description\" content=\"En 1987, Pratdip inform\u00f3 a Urbanismo que el promotor de Planas del Rey era ilocalizable y fue notificado por edicto oficial.\" \/>\n<meta property=\"og:url\" content=\"https:\/\/www.latribunedeplanas.com\/es\/17-de-enero-de-1987-carta-del-ayuntamiento-de-pratdip-a-la-comissio-durbanisme-promotor-ilocalizable-y-notificacion-por-edicto\/\" \/>\n<meta property=\"og:site_name\" content=\"La Tribune de Planas\" \/>\n<meta property=\"article:publisher\" content=\"https:\/\/www.facebook.com\/groups\/1220895301376005\/\" \/>\n<meta property=\"article:author\" content=\"https:\/\/www.facebook.com\/Creawebsite-113915200150984\" \/>\n<meta property=\"article:published_time\" content=\"1987-01-17T13:27:38+00:00\" \/>\n<meta property=\"article:modified_time\" content=\"2025-08-15T12:35:56+00:00\" \/>\n<meta name=\"author\" content=\"Jim\" \/>\n<meta name=\"twitter:card\" content=\"summary_large_image\" \/>\n<meta name=\"twitter:label1\" content=\"Escrito por\" \/>\n\t<meta name=\"twitter:data1\" content=\"Jim\" \/>\n\t<meta name=\"twitter:label2\" content=\"Tiempo de lectura\" \/>\n\t<meta name=\"twitter:data2\" content=\"2 minutos\" \/>\n<script type=\"application\/ld+json\" class=\"yoast-schema-graph\">{\"@context\":\"https:\\\/\\\/schema.org\",\"@graph\":[{\"@type\":\"Article\",\"@id\":\"https:\\\/\\\/www.latribunedeplanas.com\\\/es\\\/17-de-enero-de-1987-carta-del-ayuntamiento-de-pratdip-a-la-comissio-durbanisme-promotor-ilocalizable-y-notificacion-por-edicto\\\/#article\",\"isPartOf\":{\"@id\":\"https:\\\/\\\/www.latribunedeplanas.com\\\/es\\\/17-de-enero-de-1987-carta-del-ayuntamiento-de-pratdip-a-la-comissio-durbanisme-promotor-ilocalizable-y-notificacion-por-edicto\\\/\"},\"author\":{\"name\":\"Jim\",\"@id\":\"https:\\\/\\\/www.latribunedeplanas.com\\\/es\\\/#\\\/schema\\\/person\\\/590a87318688792f18d8e1c983528bc8\"},\"headline\":\"17 de enero de 1987: Carta del Ayuntamiento de Pratdip a la Comissi\u00f3 d\u2019Urbanisme &#8211; Promotor ilocalizable y notificaci\u00f3n por edicto\",\"datePublished\":\"1987-01-17T13:27:38+00:00\",\"dateModified\":\"2025-08-15T12:35:56+00:00\",\"mainEntityOfPage\":{\"@id\":\"https:\\\/\\\/www.latribunedeplanas.com\\\/es\\\/17-de-enero-de-1987-carta-del-ayuntamiento-de-pratdip-a-la-comissio-durbanisme-promotor-ilocalizable-y-notificacion-por-edicto\\\/\"},\"wordCount\":638,\"publisher\":{\"@id\":\"https:\\\/\\\/www.latribunedeplanas.com\\\/es\\\/#organization\"},\"articleSection\":[\"Documentos\"],\"inLanguage\":\"es\"},{\"@type\":\"WebPage\",\"@id\":\"https:\\\/\\\/www.latribunedeplanas.com\\\/es\\\/17-de-enero-de-1987-carta-del-ayuntamiento-de-pratdip-a-la-comissio-durbanisme-promotor-ilocalizable-y-notificacion-por-edicto\\\/\",\"url\":\"https:\\\/\\\/www.latribunedeplanas.com\\\/es\\\/17-de-enero-de-1987-carta-del-ayuntamiento-de-pratdip-a-la-comissio-durbanisme-promotor-ilocalizable-y-notificacion-por-edicto\\\/\",\"name\":\"17 de enero de 1987: Carta del Ayuntamiento de Pratdip a la Comissi\u00f3 d\u2019Urbanisme - Promotor ilocalizable y notificaci\u00f3n por edicto - La Tribune de Planas\",\"isPartOf\":{\"@id\":\"https:\\\/\\\/www.latribunedeplanas.com\\\/es\\\/#website\"},\"datePublished\":\"1987-01-17T13:27:38+00:00\",\"dateModified\":\"2025-08-15T12:35:56+00:00\",\"description\":\"En 1987, Pratdip inform\u00f3 a Urbanismo que el promotor de Planas del Rey era ilocalizable y fue notificado por edicto oficial.\",\"breadcrumb\":{\"@id\":\"https:\\\/\\\/www.latribunedeplanas.com\\\/es\\\/17-de-enero-de-1987-carta-del-ayuntamiento-de-pratdip-a-la-comissio-durbanisme-promotor-ilocalizable-y-notificacion-por-edicto\\\/#breadcrumb\"},\"inLanguage\":\"es\",\"potentialAction\":[{\"@type\":\"ReadAction\",\"target\":[\"https:\\\/\\\/www.latribunedeplanas.com\\\/es\\\/17-de-enero-de-1987-carta-del-ayuntamiento-de-pratdip-a-la-comissio-durbanisme-promotor-ilocalizable-y-notificacion-por-edicto\\\/\"]}]},{\"@type\":\"BreadcrumbList\",\"@id\":\"https:\\\/\\\/www.latribunedeplanas.com\\\/es\\\/17-de-enero-de-1987-carta-del-ayuntamiento-de-pratdip-a-la-comissio-durbanisme-promotor-ilocalizable-y-notificacion-por-edicto\\\/#breadcrumb\",\"itemListElement\":[{\"@type\":\"ListItem\",\"position\":1,\"name\":\"Accueil\",\"item\":\"https:\\\/\\\/www.latribunedeplanas.com\\\/es\\\/\"},{\"@type\":\"ListItem\",\"position\":2,\"name\":\"17 de enero de 1987: Carta del Ayuntamiento de Pratdip a la Comissi\u00f3 d\u2019Urbanisme &#8211; Promotor ilocalizable y notificaci\u00f3n por edicto\"}]},{\"@type\":\"WebSite\",\"@id\":\"https:\\\/\\\/www.latribunedeplanas.com\\\/es\\\/#website\",\"url\":\"https:\\\/\\\/www.latribunedeplanas.com\\\/es\\\/\",\"name\":\"La Tribune de Planas\",\"description\":\"Les Planes del Rei - Urbanizaci\u00f3n del municipio de Pratdip\",\"publisher\":{\"@id\":\"https:\\\/\\\/www.latribunedeplanas.com\\\/es\\\/#organization\"},\"potentialAction\":[{\"@type\":\"SearchAction\",\"target\":{\"@type\":\"EntryPoint\",\"urlTemplate\":\"https:\\\/\\\/www.latribunedeplanas.com\\\/es\\\/?s={search_term_string}\"},\"query-input\":{\"@type\":\"PropertyValueSpecification\",\"valueRequired\":true,\"valueName\":\"search_term_string\"}}],\"inLanguage\":\"es\"},{\"@type\":\"Organization\",\"@id\":\"https:\\\/\\\/www.latribunedeplanas.com\\\/es\\\/#organization\",\"name\":\"Vecinos de Planes del Rei (SOSPlanes)\",\"url\":\"https:\\\/\\\/www.latribunedeplanas.com\\\/es\\\/\",\"logo\":{\"@type\":\"ImageObject\",\"inLanguage\":\"es\",\"@id\":\"https:\\\/\\\/www.latribunedeplanas.com\\\/es\\\/#\\\/schema\\\/logo\\\/image\\\/\",\"url\":\"https:\\\/\\\/www.latribunedeplanas.com\\\/wp-content\\\/uploads\\\/2021\\\/11\\\/logo-sos-planas-0.png\",\"contentUrl\":\"https:\\\/\\\/www.latribunedeplanas.com\\\/wp-content\\\/uploads\\\/2021\\\/11\\\/logo-sos-planas-0.png\",\"width\":600,\"height\":400,\"caption\":\"Vecinos de Planes del Rei (SOSPlanes)\"},\"image\":{\"@id\":\"https:\\\/\\\/www.latribunedeplanas.com\\\/es\\\/#\\\/schema\\\/logo\\\/image\\\/\"},\"sameAs\":[\"https:\\\/\\\/www.facebook.com\\\/groups\\\/1220895301376005\\\/\",\"https:\\\/\\\/www.instagram.com\\\/lasplanasdelrey\\\/\"]},{\"@type\":\"Person\",\"@id\":\"https:\\\/\\\/www.latribunedeplanas.com\\\/es\\\/#\\\/schema\\\/person\\\/590a87318688792f18d8e1c983528bc8\",\"name\":\"Jim\",\"image\":{\"@type\":\"ImageObject\",\"inLanguage\":\"es\",\"@id\":\"https:\\\/\\\/secure.gravatar.com\\\/avatar\\\/5a89228fd282eb9ee33a60b4ff06f9c31751866f1fb91ca56263af0968354113?s=96&d=mm&r=g\",\"url\":\"https:\\\/\\\/secure.gravatar.com\\\/avatar\\\/5a89228fd282eb9ee33a60b4ff06f9c31751866f1fb91ca56263af0968354113?s=96&d=mm&r=g\",\"contentUrl\":\"https:\\\/\\\/secure.gravatar.com\\\/avatar\\\/5a89228fd282eb9ee33a60b4ff06f9c31751866f1fb91ca56263af0968354113?s=96&d=mm&r=g\",\"caption\":\"Jim\"},\"sameAs\":[\"https:\\\/\\\/www.creawebsite.be\\\/\",\"https:\\\/\\\/www.facebook.com\\\/Creawebsite-113915200150984\",\"https:\\\/\\\/www.instagram.com\\\/creawebsite.be\\\/\",\"https:\\\/\\\/www.linkedin.com\\\/in\\\/jean-marc-delchef\\\/\"]}]}<\/script>\n<!-- \/ Yoast SEO plugin. -->","yoast_head_json":{"title":"17 de enero de 1987: Carta del Ayuntamiento de Pratdip a la Comissi\u00f3 d\u2019Urbanisme - Promotor ilocalizable y notificaci\u00f3n por edicto - La Tribune de Planas","description":"En 1987, Pratdip inform\u00f3 a Urbanismo que el promotor de Planas del Rey era ilocalizable y fue notificado por edicto oficial.","robots":{"index":"index","follow":"follow","max-snippet":"max-snippet:-1","max-image-preview":"max-image-preview:large","max-video-preview":"max-video-preview:-1"},"canonical":"https:\/\/www.latribunedeplanas.com\/es\/17-de-enero-de-1987-carta-del-ayuntamiento-de-pratdip-a-la-comissio-durbanisme-promotor-ilocalizable-y-notificacion-por-edicto\/","og_locale":"es_ES","og_type":"article","og_title":"17 de enero de 1987: Carta del Ayuntamiento de Pratdip a la Comissi\u00f3 d\u2019Urbanisme - Promotor ilocalizable y notificaci\u00f3n por edicto - La Tribune de Planas","og_description":"En 1987, Pratdip inform\u00f3 a Urbanismo que el promotor de Planas del Rey era ilocalizable y fue notificado por edicto oficial.","og_url":"https:\/\/www.latribunedeplanas.com\/es\/17-de-enero-de-1987-carta-del-ayuntamiento-de-pratdip-a-la-comissio-durbanisme-promotor-ilocalizable-y-notificacion-por-edicto\/","og_site_name":"La Tribune de Planas","article_publisher":"https:\/\/www.facebook.com\/groups\/1220895301376005\/","article_author":"https:\/\/www.facebook.com\/Creawebsite-113915200150984","article_published_time":"1987-01-17T13:27:38+00:00","article_modified_time":"2025-08-15T12:35:56+00:00","author":"Jim","twitter_card":"summary_large_image","twitter_misc":{"Escrito por":"Jim","Tiempo de lectura":"2 minutos"},"schema":{"@context":"https:\/\/schema.org","@graph":[{"@type":"Article","@id":"https:\/\/www.latribunedeplanas.com\/es\/17-de-enero-de-1987-carta-del-ayuntamiento-de-pratdip-a-la-comissio-durbanisme-promotor-ilocalizable-y-notificacion-por-edicto\/#article","isPartOf":{"@id":"https:\/\/www.latribunedeplanas.com\/es\/17-de-enero-de-1987-carta-del-ayuntamiento-de-pratdip-a-la-comissio-durbanisme-promotor-ilocalizable-y-notificacion-por-edicto\/"},"author":{"name":"Jim","@id":"https:\/\/www.latribunedeplanas.com\/es\/#\/schema\/person\/590a87318688792f18d8e1c983528bc8"},"headline":"17 de enero de 1987: Carta del Ayuntamiento de Pratdip a la Comissi\u00f3 d\u2019Urbanisme &#8211; Promotor ilocalizable y notificaci\u00f3n por edicto","datePublished":"1987-01-17T13:27:38+00:00","dateModified":"2025-08-15T12:35:56+00:00","mainEntityOfPage":{"@id":"https:\/\/www.latribunedeplanas.com\/es\/17-de-enero-de-1987-carta-del-ayuntamiento-de-pratdip-a-la-comissio-durbanisme-promotor-ilocalizable-y-notificacion-por-edicto\/"},"wordCount":638,"publisher":{"@id":"https:\/\/www.latribunedeplanas.com\/es\/#organization"},"articleSection":["Documentos"],"inLanguage":"es"},{"@type":"WebPage","@id":"https:\/\/www.latribunedeplanas.com\/es\/17-de-enero-de-1987-carta-del-ayuntamiento-de-pratdip-a-la-comissio-durbanisme-promotor-ilocalizable-y-notificacion-por-edicto\/","url":"https:\/\/www.latribunedeplanas.com\/es\/17-de-enero-de-1987-carta-del-ayuntamiento-de-pratdip-a-la-comissio-durbanisme-promotor-ilocalizable-y-notificacion-por-edicto\/","name":"17 de enero de 1987: Carta del Ayuntamiento de Pratdip a la Comissi\u00f3 d\u2019Urbanisme - Promotor ilocalizable y notificaci\u00f3n por edicto - La Tribune de Planas","isPartOf":{"@id":"https:\/\/www.latribunedeplanas.com\/es\/#website"},"datePublished":"1987-01-17T13:27:38+00:00","dateModified":"2025-08-15T12:35:56+00:00","description":"En 1987, Pratdip inform\u00f3 a Urbanismo que el promotor de Planas del Rey era ilocalizable y fue notificado por edicto oficial.","breadcrumb":{"@id":"https:\/\/www.latribunedeplanas.com\/es\/17-de-enero-de-1987-carta-del-ayuntamiento-de-pratdip-a-la-comissio-durbanisme-promotor-ilocalizable-y-notificacion-por-edicto\/#breadcrumb"},"inLanguage":"es","potentialAction":[{"@type":"ReadAction","target":["https:\/\/www.latribunedeplanas.com\/es\/17-de-enero-de-1987-carta-del-ayuntamiento-de-pratdip-a-la-comissio-durbanisme-promotor-ilocalizable-y-notificacion-por-edicto\/"]}]},{"@type":"BreadcrumbList","@id":"https:\/\/www.latribunedeplanas.com\/es\/17-de-enero-de-1987-carta-del-ayuntamiento-de-pratdip-a-la-comissio-durbanisme-promotor-ilocalizable-y-notificacion-por-edicto\/#breadcrumb","itemListElement":[{"@type":"ListItem","position":1,"name":"Accueil","item":"https:\/\/www.latribunedeplanas.com\/es\/"},{"@type":"ListItem","position":2,"name":"17 de enero de 1987: Carta del Ayuntamiento de Pratdip a la Comissi\u00f3 d\u2019Urbanisme &#8211; Promotor ilocalizable y notificaci\u00f3n por edicto"}]},{"@type":"WebSite","@id":"https:\/\/www.latribunedeplanas.com\/es\/#website","url":"https:\/\/www.latribunedeplanas.com\/es\/","name":"La Tribune de Planas","description":"Les Planes del Rei - Urbanizaci\u00f3n del municipio de Pratdip","publisher":{"@id":"https:\/\/www.latribunedeplanas.com\/es\/#organization"},"potentialAction":[{"@type":"SearchAction","target":{"@type":"EntryPoint","urlTemplate":"https:\/\/www.latribunedeplanas.com\/es\/?s={search_term_string}"},"query-input":{"@type":"PropertyValueSpecification","valueRequired":true,"valueName":"search_term_string"}}],"inLanguage":"es"},{"@type":"Organization","@id":"https:\/\/www.latribunedeplanas.com\/es\/#organization","name":"Vecinos de Planes del Rei (SOSPlanes)","url":"https:\/\/www.latribunedeplanas.com\/es\/","logo":{"@type":"ImageObject","inLanguage":"es","@id":"https:\/\/www.latribunedeplanas.com\/es\/#\/schema\/logo\/image\/","url":"https:\/\/www.latribunedeplanas.com\/wp-content\/uploads\/2021\/11\/logo-sos-planas-0.png","contentUrl":"https:\/\/www.latribunedeplanas.com\/wp-content\/uploads\/2021\/11\/logo-sos-planas-0.png","width":600,"height":400,"caption":"Vecinos de Planes del Rei (SOSPlanes)"},"image":{"@id":"https:\/\/www.latribunedeplanas.com\/es\/#\/schema\/logo\/image\/"},"sameAs":["https:\/\/www.facebook.com\/groups\/1220895301376005\/","https:\/\/www.instagram.com\/lasplanasdelrey\/"]},{"@type":"Person","@id":"https:\/\/www.latribunedeplanas.com\/es\/#\/schema\/person\/590a87318688792f18d8e1c983528bc8","name":"Jim","image":{"@type":"ImageObject","inLanguage":"es","@id":"https:\/\/secure.gravatar.com\/avatar\/5a89228fd282eb9ee33a60b4ff06f9c31751866f1fb91ca56263af0968354113?s=96&d=mm&r=g","url":"https:\/\/secure.gravatar.com\/avatar\/5a89228fd282eb9ee33a60b4ff06f9c31751866f1fb91ca56263af0968354113?s=96&d=mm&r=g","contentUrl":"https:\/\/secure.gravatar.com\/avatar\/5a89228fd282eb9ee33a60b4ff06f9c31751866f1fb91ca56263af0968354113?s=96&d=mm&r=g","caption":"Jim"},"sameAs":["https:\/\/www.creawebsite.be\/","https:\/\/www.facebook.com\/Creawebsite-113915200150984","https:\/\/www.instagram.com\/creawebsite.be\/","https:\/\/www.linkedin.com\/in\/jean-marc-delchef\/"]}]}},"_links":{"self":[{"href":"https:\/\/www.latribunedeplanas.com\/es\/wp-json\/wp\/v2\/posts\/27920","targetHints":{"allow":["GET"]}}],"collection":[{"href":"https:\/\/www.latribunedeplanas.com\/es\/wp-json\/wp\/v2\/posts"}],"about":[{"href":"https:\/\/www.latribunedeplanas.com\/es\/wp-json\/wp\/v2\/types\/post"}],"author":[{"embeddable":true,"href":"https:\/\/www.latribunedeplanas.com\/es\/wp-json\/wp\/v2\/users\/1"}],"replies":[{"embeddable":true,"href":"https:\/\/www.latribunedeplanas.com\/es\/wp-json\/wp\/v2\/comments?post=27920"}],"version-history":[{"count":2,"href":"https:\/\/www.latribunedeplanas.com\/es\/wp-json\/wp\/v2\/posts\/27920\/revisions"}],"predecessor-version":[{"id":27923,"href":"https:\/\/www.latribunedeplanas.com\/es\/wp-json\/wp\/v2\/posts\/27920\/revisions\/27923"}],"wp:attachment":[{"href":"https:\/\/www.latribunedeplanas.com\/es\/wp-json\/wp\/v2\/media?parent=27920"}],"wp:term":[{"taxonomy":"category","embeddable":true,"href":"https:\/\/www.latribunedeplanas.com\/es\/wp-json\/wp\/v2\/categories?post=27920"},{"taxonomy":"post_tag","embeddable":true,"href":"https:\/\/www.latribunedeplanas.com\/es\/wp-json\/wp\/v2\/tags?post=27920"}],"curies":[{"name":"wp","href":"https:\/\/api.w.org\/{rel}","templated":true}]}}