{"id":27870,"date":"1986-11-20T12:26:05","date_gmt":"1986-11-20T11:26:05","guid":{"rendered":"https:\/\/www.latribunedeplanas.com\/20-novembre-1986-reponse-de-la-communaute-de-proprietaires-a-la-mairie-de-pratdip-impossibilite-de-ceder-faute-de-propriete\/"},"modified":"2025-08-15T12:43:04","modified_gmt":"2025-08-15T10:43:04","slug":"20-de-noviembre-de-1986-respuesta-de-la-comunidad-de-propietarios-al-ayuntamiento-de-pratdip-imposibilidad-de-ceder-por-falta-de-propiedad","status":"publish","type":"post","link":"https:\/\/www.latribunedeplanas.com\/es\/20-de-noviembre-de-1986-respuesta-de-la-comunidad-de-propietarios-al-ayuntamiento-de-pratdip-imposibilidad-de-ceder-por-falta-de-propiedad\/","title":{"rendered":"20 de noviembre de 1986: Respuesta de la Comunidad de Propietarios al Ayuntamiento de Pratdip &#8211; Imposibilidad de ceder por falta de propiedad"},"content":{"rendered":"<p>[et_pb_section fb_built=\u00bb1&#8243; admin_label=\u00bbSection-Article\u00bb module_class=\u00bbsection-article\u00bb _builder_version=\u00bb4.18.0&#8243; custom_margin=\u00bb0px|0px|0px|0px\u00bb custom_padding=\u00bb0px|0px|0px|0px\u00bb global_colors_info=\u00bb{}\u00bb][et_pb_row use_custom_gutter=\u00bbon\u00bb gutter_width=\u00bb1&#8243; custom_padding_last_edited=\u00bbon|phone\u00bb admin_label=\u00bbLigne-Article\u00bb module_class=\u00bbligne-article et_pb_row_fullwidth\u00bb _builder_version=\u00bb4.27.4&#8243; width=\u00bb100%\u00bb width_tablet=\u00bb100%\u00bb width_phone=\u00bb\u00bb width_last_edited=\u00bbon|desktop\u00bb max_width=\u00bb100%\u00bb max_width_tablet=\u00bb100%\u00bb max_width_phone=\u00bb\u00bb max_width_last_edited=\u00bbon|desktop\u00bb custom_margin=\u00bb0px||0px\u00bb custom_padding=\u00bb20px||0px||false|false\u00bb custom_padding_tablet=\u00bb20px||0px||false|false\u00bb custom_padding_phone=\u00bb15px||||false|false\u00bb make_fullwidth=\u00bbon\u00bb global_colors_info=\u00bb{}\u00bb][et_pb_column type=\u00bb4_4&#8243; _builder_version=\u00bb4.16&#8243; custom_padding=\u00bb|||\u00bb global_colors_info=\u00bb{}\u00bb custom_padding__hover=\u00bb|||\u00bb][et_pb_text admin_label=\u00bbTexte-20 de noviembre de 1986: Respuesta de la Comunidad de Propietarios al Ayuntamiento de Pratdip\u00bb module_class=\u00bbtxt-article\u00bb _builder_version=\u00bb4.27.4&#8243; text_font=\u00bb|300|||||||\u00bb header_font=\u00bb||||||||\u00bb header_2_line_height=\u00bb1.2em\u00bb header_3_font=\u00bb||||||||\u00bb header_3_line_height=\u00bb1.3em\u00bb header_4_text_align=\u00bbcenter\u00bb custom_padding=\u00bb||||false|false\u00bb hover_enabled=\u00bb0&#8243; text_line_height_tablet=\u00bb\u00bb text_line_height_phone=\u00bb1.3em\u00bb text_line_height_last_edited=\u00bbon|desktop\u00bb header_2_font_size_tablet=\u00bb\u00bb header_2_font_size_phone=\u00bb\u00bb header_2_font_size_last_edited=\u00bbon|phone\u00bb header_3_font_size_tablet=\u00bb\u00bb header_3_font_size_phone=\u00bb23px\u00bb header_3_font_size_last_edited=\u00bbon|desktop\u00bb global_colors_info=\u00bb{}\u00bb sticky_enabled=\u00bb0&#8243;]<\/p>\n<p>Tras el acuerdo de la <span class=\"accentue\">Comissi\u00f3 d\u2019Urbanisme de Tarragona<\/span> del <span class=\"accentue\">23 de julio de 1986<\/span> y la notificaci\u00f3n municipal del <span class=\"accentue\">25 de agosto de 1986<\/span>, la <span class=\"accentue\">Comunidad de Propietarios de Les Planes del Rei<\/span> responde oficialmente al <span class=\"accentue\">Ayuntamiento de Pratdip<\/span> sobre las <span class=\"accentue\">cesiones gratuitas<\/span> de las v\u00edas y equipamientos p\u00fablicos de la urbanizaci\u00f3n <span class=\"accentue\">Planas del Rey (Planes del Rei)<\/span>.<\/p>\n<hr style=\"margin-bottom: 30px;\" \/>\n<h2>1) Naturaleza del documento<\/h2>\n<ul>\n<li>Respuesta <span class=\"accentue\">oficial<\/span> de la Comunidad de Propietarios al ayuntamiento.<\/li>\n<li>Firmante: <span class=\"accentue\">Vicente Garc\u00eda Montgui\u00f3<\/span>, vicepresidente.<\/li>\n<li>Objeto: en respuesta a la notificaci\u00f3n del <span class=\"accentue\">25\/08\/1986<\/span> que exige la formalizaci\u00f3n de las cesiones.<\/li>\n<\/ul>\n<h2>2) Contexto administrativo<\/h2>\n<ul>\n<li><span class=\"accentue\">23\/07\/1986<\/span>: la Comissi\u00f3 d\u2019Urbanisme impone las cesiones en un plazo de tres meses.<\/li>\n<li><span class=\"accentue\">25\/08\/1986<\/span>: el ayuntamiento notifica formalmente a la Comunidad.<\/li>\n<li><span class=\"accentue\">20\/11\/1986<\/span>: la Comunidad responde mediante la presente carta.<\/li>\n<\/ul>\n<h2>3) Contenido de la respuesta (20\/11\/1986)<\/h2>\n<ul>\n<li>Reconocimiento del acuerdo del <span class=\"accentue\">23\/07\/1986<\/span> y de la obligaci\u00f3n de formalizar las cesiones.<\/li>\n<li>Posici\u00f3n: la Comunidad <span class=\"accentue\">no es propietaria<\/span> de los terrenos a ceder.<\/li>\n<li>Indicaci\u00f3n de que los terrenos figuran a nombre de <span class=\"accentue\">Francisca<\/span> (sic) \/ <span class=\"accentue\">Francisco Lebasque<\/span>, en <span class=\"accentue\">suspensi\u00f3n de pagos<\/span>.<\/li>\n<li>Conclusi\u00f3n: las cesiones deben ser realizadas por el <span class=\"accentue\">propietario legal<\/span> (Lebasque), no por la Comunidad.<\/li>\n<\/ul>\n<h2>4) Alcance y valor probatorio<\/h2>\n<ul>\n<li><span class=\"accentue\">Reconocimiento expl\u00edcito<\/span> de la ausencia de t\u00edtulo de propiedad por parte de la Comunidad.<\/li>\n<li><span class=\"accentue\">Bloqueo oficial<\/span> del procedimiento de cesi\u00f3n dentro del plazo de tres meses exigido.<\/li>\n<li>El fracaso de 1986 se debi\u00f3 principalmente a la <span class=\"accentue\">quiebra del promotor<\/span>, y no a una negativa de los copropietarios.<\/li>\n<\/ul>\n<h2>5) A tener en cuenta<\/h2>\n<ul>\n<li>Carta del <span class=\"accentue\">20 de noviembre de 1986<\/span>: pieza clave que establece la imposibilidad de ceder \u201clo que no se posee\u201d.<\/li>\n<li>Responsabilidad de la cesi\u00f3n: <span class=\"accentue\">F. Lebasque<\/span>, como propietario a\u00fan inscrito.<\/li>\n<li>Documento fundamental para rastrear el origen de los retrasos en la integraci\u00f3n municipal de la urbanizaci\u00f3n.<\/li>\n<\/ul>\n<hr style=\"margin-bottom: 30px;\" \/>\n<h3 class=\"underline\">Documento<\/h3>\n<p style=\"padding-top: 30px;\"><a href=\"https:\/\/www.latribunedeplanas.com\/wp-content\/uploads\/2022\/08\/1986-11-20-courier-planas-mairie-accord-cession.pdf\" class=\"pdfemb-viewer\" style=\"\" data-width=\"max\" data-height=\"max\" data-mobile-width=\"0\"  data-scrollbar=\"none\" data-download=\"on\" data-tracking=\"on\" data-newwindow=\"on\" data-pagetextbox=\"off\" data-scrolltotop=\"off\" data-startzoom=\"100\" data-startfpzoom=\"100\" data-toolbar=\"top\" data-toolbar-fixed=\"off\">1986-11-20-courier-planas-mairie-accord-cession<br\/><\/a><\/p>\n<p>[\/et_pb_text][\/et_pb_column][\/et_pb_row][\/et_pb_section]<\/p>\n","protected":false},"excerpt":{"rendered":"<p>Tras el acuerdo de la Comissi\u00f3 d\u2019Urbanisme de Tarragona del 23 de julio de 1986 y la notificaci\u00f3n municipal del 25 de agosto de 1986, la Comunidad de Propietarios de Les Planes del Rei responde oficialmente al Ayuntamiento de Pratdip sobre las cesiones gratuitas de las v\u00edas y equipamientos p\u00fablicos de la urbanizaci\u00f3n Planas del [&hellip;]<\/p>\n","protected":false},"author":1,"featured_media":0,"comment_status":"closed","ping_status":"closed","sticky":false,"template":"","format":"standard","meta":{"_et_pb_use_builder":"on","_et_pb_old_content":"","_et_gb_content_width":"","footnotes":""},"categories":[217],"tags":[],"class_list":["post-27870","post","type-post","status-publish","format-standard","hentry","category-documentos"],"yoast_head":"<!-- This site is optimized with the Yoast SEO plugin v27.5 - https:\/\/yoast.com\/product\/yoast-seo-wordpress\/ -->\n<title>20 de noviembre de 1986: Respuesta de la Comunidad de Propietarios al Ayuntamiento de Pratdip - Imposibilidad de ceder por falta de propiedad - La Tribune de Planas<\/title>\n<meta name=\"description\" content=\"En 1986, la Comunidad de Propietarios inform\u00f3 a Pratdip que no pod\u00eda ceder los espacios p\u00fablicos de Planas del Rey por no ser propietaria.\" \/>\n<meta name=\"robots\" content=\"index, follow, max-snippet:-1, max-image-preview:large, max-video-preview:-1\" \/>\n<link rel=\"canonical\" href=\"https:\/\/www.latribunedeplanas.com\/es\/20-de-noviembre-de-1986-respuesta-de-la-comunidad-de-propietarios-al-ayuntamiento-de-pratdip-imposibilidad-de-ceder-por-falta-de-propiedad\/\" \/>\n<meta property=\"og:locale\" content=\"es_ES\" \/>\n<meta property=\"og:type\" content=\"article\" \/>\n<meta property=\"og:title\" content=\"20 de noviembre de 1986: Respuesta de la Comunidad de Propietarios al Ayuntamiento de Pratdip - Imposibilidad de ceder por falta de propiedad - La Tribune de Planas\" \/>\n<meta property=\"og:description\" content=\"En 1986, la Comunidad de Propietarios inform\u00f3 a Pratdip que no pod\u00eda ceder los espacios p\u00fablicos de Planas del Rey por no ser propietaria.\" \/>\n<meta property=\"og:url\" content=\"https:\/\/www.latribunedeplanas.com\/es\/20-de-noviembre-de-1986-respuesta-de-la-comunidad-de-propietarios-al-ayuntamiento-de-pratdip-imposibilidad-de-ceder-por-falta-de-propiedad\/\" \/>\n<meta property=\"og:site_name\" content=\"La Tribune de Planas\" \/>\n<meta property=\"article:publisher\" content=\"https:\/\/www.facebook.com\/groups\/1220895301376005\/\" \/>\n<meta property=\"article:author\" content=\"https:\/\/www.facebook.com\/Creawebsite-113915200150984\" \/>\n<meta property=\"article:published_time\" content=\"1986-11-20T11:26:05+00:00\" \/>\n<meta property=\"article:modified_time\" content=\"2025-08-15T10:43:04+00:00\" \/>\n<meta name=\"author\" content=\"Jim\" \/>\n<meta name=\"twitter:card\" content=\"summary_large_image\" \/>\n<meta name=\"twitter:label1\" content=\"Escrito por\" \/>\n\t<meta name=\"twitter:data1\" content=\"Jim\" \/>\n\t<meta name=\"twitter:label2\" content=\"Tiempo de lectura\" \/>\n\t<meta name=\"twitter:data2\" content=\"2 minutos\" \/>\n<script type=\"application\/ld+json\" class=\"yoast-schema-graph\">{\"@context\":\"https:\\\/\\\/schema.org\",\"@graph\":[{\"@type\":\"Article\",\"@id\":\"https:\\\/\\\/www.latribunedeplanas.com\\\/es\\\/20-de-noviembre-de-1986-respuesta-de-la-comunidad-de-propietarios-al-ayuntamiento-de-pratdip-imposibilidad-de-ceder-por-falta-de-propiedad\\\/#article\",\"isPartOf\":{\"@id\":\"https:\\\/\\\/www.latribunedeplanas.com\\\/es\\\/20-de-noviembre-de-1986-respuesta-de-la-comunidad-de-propietarios-al-ayuntamiento-de-pratdip-imposibilidad-de-ceder-por-falta-de-propiedad\\\/\"},\"author\":{\"name\":\"Jim\",\"@id\":\"https:\\\/\\\/www.latribunedeplanas.com\\\/es\\\/#\\\/schema\\\/person\\\/590a87318688792f18d8e1c983528bc8\"},\"headline\":\"20 de noviembre de 1986: Respuesta de la Comunidad de Propietarios al Ayuntamiento de Pratdip &#8211; Imposibilidad de ceder por falta de propiedad\",\"datePublished\":\"1986-11-20T11:26:05+00:00\",\"dateModified\":\"2025-08-15T10:43:04+00:00\",\"mainEntityOfPage\":{\"@id\":\"https:\\\/\\\/www.latribunedeplanas.com\\\/es\\\/20-de-noviembre-de-1986-respuesta-de-la-comunidad-de-propietarios-al-ayuntamiento-de-pratdip-imposibilidad-de-ceder-por-falta-de-propiedad\\\/\"},\"wordCount\":560,\"publisher\":{\"@id\":\"https:\\\/\\\/www.latribunedeplanas.com\\\/es\\\/#organization\"},\"articleSection\":[\"Documentos\"],\"inLanguage\":\"es\"},{\"@type\":\"WebPage\",\"@id\":\"https:\\\/\\\/www.latribunedeplanas.com\\\/es\\\/20-de-noviembre-de-1986-respuesta-de-la-comunidad-de-propietarios-al-ayuntamiento-de-pratdip-imposibilidad-de-ceder-por-falta-de-propiedad\\\/\",\"url\":\"https:\\\/\\\/www.latribunedeplanas.com\\\/es\\\/20-de-noviembre-de-1986-respuesta-de-la-comunidad-de-propietarios-al-ayuntamiento-de-pratdip-imposibilidad-de-ceder-por-falta-de-propiedad\\\/\",\"name\":\"20 de noviembre de 1986: Respuesta de la Comunidad de Propietarios al Ayuntamiento de Pratdip - Imposibilidad de ceder por falta de propiedad - La Tribune de Planas\",\"isPartOf\":{\"@id\":\"https:\\\/\\\/www.latribunedeplanas.com\\\/es\\\/#website\"},\"datePublished\":\"1986-11-20T11:26:05+00:00\",\"dateModified\":\"2025-08-15T10:43:04+00:00\",\"description\":\"En 1986, la Comunidad de Propietarios inform\u00f3 a Pratdip que no pod\u00eda ceder los espacios p\u00fablicos de Planas del Rey por no ser propietaria.\",\"breadcrumb\":{\"@id\":\"https:\\\/\\\/www.latribunedeplanas.com\\\/es\\\/20-de-noviembre-de-1986-respuesta-de-la-comunidad-de-propietarios-al-ayuntamiento-de-pratdip-imposibilidad-de-ceder-por-falta-de-propiedad\\\/#breadcrumb\"},\"inLanguage\":\"es\",\"potentialAction\":[{\"@type\":\"ReadAction\",\"target\":[\"https:\\\/\\\/www.latribunedeplanas.com\\\/es\\\/20-de-noviembre-de-1986-respuesta-de-la-comunidad-de-propietarios-al-ayuntamiento-de-pratdip-imposibilidad-de-ceder-por-falta-de-propiedad\\\/\"]}]},{\"@type\":\"BreadcrumbList\",\"@id\":\"https:\\\/\\\/www.latribunedeplanas.com\\\/es\\\/20-de-noviembre-de-1986-respuesta-de-la-comunidad-de-propietarios-al-ayuntamiento-de-pratdip-imposibilidad-de-ceder-por-falta-de-propiedad\\\/#breadcrumb\",\"itemListElement\":[{\"@type\":\"ListItem\",\"position\":1,\"name\":\"Accueil\",\"item\":\"https:\\\/\\\/www.latribunedeplanas.com\\\/es\\\/\"},{\"@type\":\"ListItem\",\"position\":2,\"name\":\"20 de noviembre de 1986: Respuesta de la Comunidad de Propietarios al Ayuntamiento de Pratdip &#8211; Imposibilidad de ceder por falta de propiedad\"}]},{\"@type\":\"WebSite\",\"@id\":\"https:\\\/\\\/www.latribunedeplanas.com\\\/es\\\/#website\",\"url\":\"https:\\\/\\\/www.latribunedeplanas.com\\\/es\\\/\",\"name\":\"La Tribune de Planas\",\"description\":\"Les Planes del Rei - Urbanizaci\u00f3n del municipio de Pratdip\",\"publisher\":{\"@id\":\"https:\\\/\\\/www.latribunedeplanas.com\\\/es\\\/#organization\"},\"potentialAction\":[{\"@type\":\"SearchAction\",\"target\":{\"@type\":\"EntryPoint\",\"urlTemplate\":\"https:\\\/\\\/www.latribunedeplanas.com\\\/es\\\/?s={search_term_string}\"},\"query-input\":{\"@type\":\"PropertyValueSpecification\",\"valueRequired\":true,\"valueName\":\"search_term_string\"}}],\"inLanguage\":\"es\"},{\"@type\":\"Organization\",\"@id\":\"https:\\\/\\\/www.latribunedeplanas.com\\\/es\\\/#organization\",\"name\":\"Vecinos de Planes del Rei (SOSPlanes)\",\"url\":\"https:\\\/\\\/www.latribunedeplanas.com\\\/es\\\/\",\"logo\":{\"@type\":\"ImageObject\",\"inLanguage\":\"es\",\"@id\":\"https:\\\/\\\/www.latribunedeplanas.com\\\/es\\\/#\\\/schema\\\/logo\\\/image\\\/\",\"url\":\"https:\\\/\\\/www.latribunedeplanas.com\\\/wp-content\\\/uploads\\\/2021\\\/11\\\/logo-sos-planas-0.png\",\"contentUrl\":\"https:\\\/\\\/www.latribunedeplanas.com\\\/wp-content\\\/uploads\\\/2021\\\/11\\\/logo-sos-planas-0.png\",\"width\":600,\"height\":400,\"caption\":\"Vecinos de Planes del Rei (SOSPlanes)\"},\"image\":{\"@id\":\"https:\\\/\\\/www.latribunedeplanas.com\\\/es\\\/#\\\/schema\\\/logo\\\/image\\\/\"},\"sameAs\":[\"https:\\\/\\\/www.facebook.com\\\/groups\\\/1220895301376005\\\/\",\"https:\\\/\\\/www.instagram.com\\\/lasplanasdelrey\\\/\"]},{\"@type\":\"Person\",\"@id\":\"https:\\\/\\\/www.latribunedeplanas.com\\\/es\\\/#\\\/schema\\\/person\\\/590a87318688792f18d8e1c983528bc8\",\"name\":\"Jim\",\"image\":{\"@type\":\"ImageObject\",\"inLanguage\":\"es\",\"@id\":\"https:\\\/\\\/secure.gravatar.com\\\/avatar\\\/5a89228fd282eb9ee33a60b4ff06f9c31751866f1fb91ca56263af0968354113?s=96&d=mm&r=g\",\"url\":\"https:\\\/\\\/secure.gravatar.com\\\/avatar\\\/5a89228fd282eb9ee33a60b4ff06f9c31751866f1fb91ca56263af0968354113?s=96&d=mm&r=g\",\"contentUrl\":\"https:\\\/\\\/secure.gravatar.com\\\/avatar\\\/5a89228fd282eb9ee33a60b4ff06f9c31751866f1fb91ca56263af0968354113?s=96&d=mm&r=g\",\"caption\":\"Jim\"},\"sameAs\":[\"https:\\\/\\\/www.creawebsite.be\\\/\",\"https:\\\/\\\/www.facebook.com\\\/Creawebsite-113915200150984\",\"https:\\\/\\\/www.instagram.com\\\/creawebsite.be\\\/\",\"https:\\\/\\\/www.linkedin.com\\\/in\\\/jean-marc-delchef\\\/\"]}]}<\/script>\n<!-- \/ Yoast SEO plugin. -->","yoast_head_json":{"title":"20 de noviembre de 1986: Respuesta de la Comunidad de Propietarios al Ayuntamiento de Pratdip - Imposibilidad de ceder por falta de propiedad - La Tribune de Planas","description":"En 1986, la Comunidad de Propietarios inform\u00f3 a Pratdip que no pod\u00eda ceder los espacios p\u00fablicos de Planas del Rey por no ser propietaria.","robots":{"index":"index","follow":"follow","max-snippet":"max-snippet:-1","max-image-preview":"max-image-preview:large","max-video-preview":"max-video-preview:-1"},"canonical":"https:\/\/www.latribunedeplanas.com\/es\/20-de-noviembre-de-1986-respuesta-de-la-comunidad-de-propietarios-al-ayuntamiento-de-pratdip-imposibilidad-de-ceder-por-falta-de-propiedad\/","og_locale":"es_ES","og_type":"article","og_title":"20 de noviembre de 1986: Respuesta de la Comunidad de Propietarios al Ayuntamiento de Pratdip - Imposibilidad de ceder por falta de propiedad - La Tribune de Planas","og_description":"En 1986, la Comunidad de Propietarios inform\u00f3 a Pratdip que no pod\u00eda ceder los espacios p\u00fablicos de Planas del Rey por no ser propietaria.","og_url":"https:\/\/www.latribunedeplanas.com\/es\/20-de-noviembre-de-1986-respuesta-de-la-comunidad-de-propietarios-al-ayuntamiento-de-pratdip-imposibilidad-de-ceder-por-falta-de-propiedad\/","og_site_name":"La Tribune de Planas","article_publisher":"https:\/\/www.facebook.com\/groups\/1220895301376005\/","article_author":"https:\/\/www.facebook.com\/Creawebsite-113915200150984","article_published_time":"1986-11-20T11:26:05+00:00","article_modified_time":"2025-08-15T10:43:04+00:00","author":"Jim","twitter_card":"summary_large_image","twitter_misc":{"Escrito por":"Jim","Tiempo de lectura":"2 minutos"},"schema":{"@context":"https:\/\/schema.org","@graph":[{"@type":"Article","@id":"https:\/\/www.latribunedeplanas.com\/es\/20-de-noviembre-de-1986-respuesta-de-la-comunidad-de-propietarios-al-ayuntamiento-de-pratdip-imposibilidad-de-ceder-por-falta-de-propiedad\/#article","isPartOf":{"@id":"https:\/\/www.latribunedeplanas.com\/es\/20-de-noviembre-de-1986-respuesta-de-la-comunidad-de-propietarios-al-ayuntamiento-de-pratdip-imposibilidad-de-ceder-por-falta-de-propiedad\/"},"author":{"name":"Jim","@id":"https:\/\/www.latribunedeplanas.com\/es\/#\/schema\/person\/590a87318688792f18d8e1c983528bc8"},"headline":"20 de noviembre de 1986: Respuesta de la Comunidad de Propietarios al Ayuntamiento de Pratdip &#8211; Imposibilidad de ceder por falta de propiedad","datePublished":"1986-11-20T11:26:05+00:00","dateModified":"2025-08-15T10:43:04+00:00","mainEntityOfPage":{"@id":"https:\/\/www.latribunedeplanas.com\/es\/20-de-noviembre-de-1986-respuesta-de-la-comunidad-de-propietarios-al-ayuntamiento-de-pratdip-imposibilidad-de-ceder-por-falta-de-propiedad\/"},"wordCount":560,"publisher":{"@id":"https:\/\/www.latribunedeplanas.com\/es\/#organization"},"articleSection":["Documentos"],"inLanguage":"es"},{"@type":"WebPage","@id":"https:\/\/www.latribunedeplanas.com\/es\/20-de-noviembre-de-1986-respuesta-de-la-comunidad-de-propietarios-al-ayuntamiento-de-pratdip-imposibilidad-de-ceder-por-falta-de-propiedad\/","url":"https:\/\/www.latribunedeplanas.com\/es\/20-de-noviembre-de-1986-respuesta-de-la-comunidad-de-propietarios-al-ayuntamiento-de-pratdip-imposibilidad-de-ceder-por-falta-de-propiedad\/","name":"20 de noviembre de 1986: Respuesta de la Comunidad de Propietarios al Ayuntamiento de Pratdip - Imposibilidad de ceder por falta de propiedad - La Tribune de Planas","isPartOf":{"@id":"https:\/\/www.latribunedeplanas.com\/es\/#website"},"datePublished":"1986-11-20T11:26:05+00:00","dateModified":"2025-08-15T10:43:04+00:00","description":"En 1986, la Comunidad de Propietarios inform\u00f3 a Pratdip que no pod\u00eda ceder los espacios p\u00fablicos de Planas del Rey por no ser propietaria.","breadcrumb":{"@id":"https:\/\/www.latribunedeplanas.com\/es\/20-de-noviembre-de-1986-respuesta-de-la-comunidad-de-propietarios-al-ayuntamiento-de-pratdip-imposibilidad-de-ceder-por-falta-de-propiedad\/#breadcrumb"},"inLanguage":"es","potentialAction":[{"@type":"ReadAction","target":["https:\/\/www.latribunedeplanas.com\/es\/20-de-noviembre-de-1986-respuesta-de-la-comunidad-de-propietarios-al-ayuntamiento-de-pratdip-imposibilidad-de-ceder-por-falta-de-propiedad\/"]}]},{"@type":"BreadcrumbList","@id":"https:\/\/www.latribunedeplanas.com\/es\/20-de-noviembre-de-1986-respuesta-de-la-comunidad-de-propietarios-al-ayuntamiento-de-pratdip-imposibilidad-de-ceder-por-falta-de-propiedad\/#breadcrumb","itemListElement":[{"@type":"ListItem","position":1,"name":"Accueil","item":"https:\/\/www.latribunedeplanas.com\/es\/"},{"@type":"ListItem","position":2,"name":"20 de noviembre de 1986: Respuesta de la Comunidad de Propietarios al Ayuntamiento de Pratdip &#8211; Imposibilidad de ceder por falta de propiedad"}]},{"@type":"WebSite","@id":"https:\/\/www.latribunedeplanas.com\/es\/#website","url":"https:\/\/www.latribunedeplanas.com\/es\/","name":"La Tribune de Planas","description":"Les Planes del Rei - Urbanizaci\u00f3n del municipio de Pratdip","publisher":{"@id":"https:\/\/www.latribunedeplanas.com\/es\/#organization"},"potentialAction":[{"@type":"SearchAction","target":{"@type":"EntryPoint","urlTemplate":"https:\/\/www.latribunedeplanas.com\/es\/?s={search_term_string}"},"query-input":{"@type":"PropertyValueSpecification","valueRequired":true,"valueName":"search_term_string"}}],"inLanguage":"es"},{"@type":"Organization","@id":"https:\/\/www.latribunedeplanas.com\/es\/#organization","name":"Vecinos de Planes del Rei (SOSPlanes)","url":"https:\/\/www.latribunedeplanas.com\/es\/","logo":{"@type":"ImageObject","inLanguage":"es","@id":"https:\/\/www.latribunedeplanas.com\/es\/#\/schema\/logo\/image\/","url":"https:\/\/www.latribunedeplanas.com\/wp-content\/uploads\/2021\/11\/logo-sos-planas-0.png","contentUrl":"https:\/\/www.latribunedeplanas.com\/wp-content\/uploads\/2021\/11\/logo-sos-planas-0.png","width":600,"height":400,"caption":"Vecinos de Planes del Rei (SOSPlanes)"},"image":{"@id":"https:\/\/www.latribunedeplanas.com\/es\/#\/schema\/logo\/image\/"},"sameAs":["https:\/\/www.facebook.com\/groups\/1220895301376005\/","https:\/\/www.instagram.com\/lasplanasdelrey\/"]},{"@type":"Person","@id":"https:\/\/www.latribunedeplanas.com\/es\/#\/schema\/person\/590a87318688792f18d8e1c983528bc8","name":"Jim","image":{"@type":"ImageObject","inLanguage":"es","@id":"https:\/\/secure.gravatar.com\/avatar\/5a89228fd282eb9ee33a60b4ff06f9c31751866f1fb91ca56263af0968354113?s=96&d=mm&r=g","url":"https:\/\/secure.gravatar.com\/avatar\/5a89228fd282eb9ee33a60b4ff06f9c31751866f1fb91ca56263af0968354113?s=96&d=mm&r=g","contentUrl":"https:\/\/secure.gravatar.com\/avatar\/5a89228fd282eb9ee33a60b4ff06f9c31751866f1fb91ca56263af0968354113?s=96&d=mm&r=g","caption":"Jim"},"sameAs":["https:\/\/www.creawebsite.be\/","https:\/\/www.facebook.com\/Creawebsite-113915200150984","https:\/\/www.instagram.com\/creawebsite.be\/","https:\/\/www.linkedin.com\/in\/jean-marc-delchef\/"]}]}},"_links":{"self":[{"href":"https:\/\/www.latribunedeplanas.com\/es\/wp-json\/wp\/v2\/posts\/27870","targetHints":{"allow":["GET"]}}],"collection":[{"href":"https:\/\/www.latribunedeplanas.com\/es\/wp-json\/wp\/v2\/posts"}],"about":[{"href":"https:\/\/www.latribunedeplanas.com\/es\/wp-json\/wp\/v2\/types\/post"}],"author":[{"embeddable":true,"href":"https:\/\/www.latribunedeplanas.com\/es\/wp-json\/wp\/v2\/users\/1"}],"replies":[{"embeddable":true,"href":"https:\/\/www.latribunedeplanas.com\/es\/wp-json\/wp\/v2\/comments?post=27870"}],"version-history":[{"count":2,"href":"https:\/\/www.latribunedeplanas.com\/es\/wp-json\/wp\/v2\/posts\/27870\/revisions"}],"predecessor-version":[{"id":27874,"href":"https:\/\/www.latribunedeplanas.com\/es\/wp-json\/wp\/v2\/posts\/27870\/revisions\/27874"}],"wp:attachment":[{"href":"https:\/\/www.latribunedeplanas.com\/es\/wp-json\/wp\/v2\/media?parent=27870"}],"wp:term":[{"taxonomy":"category","embeddable":true,"href":"https:\/\/www.latribunedeplanas.com\/es\/wp-json\/wp\/v2\/categories?post=27870"},{"taxonomy":"post_tag","embeddable":true,"href":"https:\/\/www.latribunedeplanas.com\/es\/wp-json\/wp\/v2\/tags?post=27870"}],"curies":[{"name":"wp","href":"https:\/\/api.w.org\/{rel}","templated":true}]}}