{"id":27852,"date":"1986-11-21T11:59:10","date_gmt":"1986-11-21T10:59:10","guid":{"rendered":"https:\/\/www.latribunedeplanas.com\/21-novembre-1986-rappel-officiel-de-la-mairie-de-pratdip-a-francisco-lebasque-formalisation-des-cessions-pour-les-planes-del-rei\/"},"modified":"2025-08-15T12:13:09","modified_gmt":"2025-08-15T10:13:09","slug":"21-de-noviembre-de-1986-recordatorio-oficial-del-ayuntamiento-de-pratdip-a-francisco-lebasque-formalizacion-de-las-cesiones-para-les-planes-del-rei","status":"publish","type":"post","link":"https:\/\/www.latribunedeplanas.com\/es\/21-de-noviembre-de-1986-recordatorio-oficial-del-ayuntamiento-de-pratdip-a-francisco-lebasque-formalizacion-de-las-cesiones-para-les-planes-del-rei\/","title":{"rendered":"21 de noviembre de 1986: Recordatorio oficial del Ayuntamiento de Pratdip a Francisco Lebasque &#8211; Formalizaci\u00f3n de las cesiones para Les Planes del Rei"},"content":{"rendered":"<p>[et_pb_section fb_built=\u00bb1&#8243; admin_label=\u00bbSection-Article\u00bb module_class=\u00bbsection-article\u00bb _builder_version=\u00bb4.18.0&#8243; custom_margin=\u00bb0px|0px|0px|0px\u00bb custom_padding=\u00bb0px|0px|0px|0px\u00bb global_colors_info=\u00bb{}\u00bb][et_pb_row use_custom_gutter=\u00bbon\u00bb gutter_width=\u00bb1&#8243; custom_padding_last_edited=\u00bbon|phone\u00bb admin_label=\u00bbLigne-Article\u00bb module_class=\u00bbligne-article et_pb_row_fullwidth\u00bb _builder_version=\u00bb4.27.4&#8243; width=\u00bb100%\u00bb width_tablet=\u00bb100%\u00bb width_phone=\u00bb\u00bb width_last_edited=\u00bbon|desktop\u00bb max_width=\u00bb100%\u00bb max_width_tablet=\u00bb100%\u00bb max_width_phone=\u00bb\u00bb max_width_last_edited=\u00bbon|desktop\u00bb custom_margin=\u00bb0px||0px\u00bb custom_padding=\u00bb20px||0px||false|false\u00bb custom_padding_tablet=\u00bb20px||0px||false|false\u00bb custom_padding_phone=\u00bb15px||||false|false\u00bb make_fullwidth=\u00bbon\u00bb global_colors_info=\u00bb{}\u00bb][et_pb_column type=\u00bb4_4&#8243; _builder_version=\u00bb4.16&#8243; custom_padding=\u00bb|||\u00bb global_colors_info=\u00bb{}\u00bb custom_padding__hover=\u00bb|||\u00bb][et_pb_text admin_label=\u00bbTexte-21 de noviembre de 1986: Recordatorio oficial del Ayuntamiento de Pratdip a Francisco Lebasque\u00bb module_class=\u00bbtxt-article\u00bb _builder_version=\u00bb4.27.4&#8243; text_font=\u00bb|300|||||||\u00bb header_font=\u00bb||||||||\u00bb header_2_line_height=\u00bb1.2em\u00bb header_3_font=\u00bb||||||||\u00bb header_3_line_height=\u00bb1.3em\u00bb header_4_text_align=\u00bbcenter\u00bb custom_padding=\u00bb||||false|false\u00bb hover_enabled=\u00bb0&#8243; text_line_height_tablet=\u00bb\u00bb text_line_height_phone=\u00bb1.3em\u00bb text_line_height_last_edited=\u00bbon|desktop\u00bb header_2_font_size_tablet=\u00bb\u00bb header_2_font_size_phone=\u00bb\u00bb header_2_font_size_last_edited=\u00bbon|phone\u00bb header_3_font_size_tablet=\u00bb\u00bb header_3_font_size_phone=\u00bb23px\u00bb header_3_font_size_last_edited=\u00bbon|desktop\u00bb global_colors_info=\u00bb{}\u00bb sticky_enabled=\u00bb0&#8243;]<\/p>\n<p>Tras el acuerdo de la <span class=\"accentue\">Comissi\u00f3 d\u2019Urbanisme de Tarragona<\/span> del <span class=\"accentue\">23 de julio de 1986<\/span>, el <span class=\"accentue\">Ayuntamiento de Pratdip<\/span> dirige a <span class=\"accentue\">Francisco Lebasque<\/span> un <span class=\"accentue\">recordatorio oficial<\/span> para exigir la <span class=\"accentue\">cesi\u00f3n gratuita<\/span> de las v\u00edas y equipamientos p\u00fablicos de la urbanizaci\u00f3n <span class=\"accentue\">Planas del Rey (Planes del Rei)<\/span>.<\/p>\n<hr style=\"margin-bottom: 30px;\" \/>\n<h2>1) Naturaleza del documento<\/h2>\n<ul>\n<li>Recordatorio <span class=\"accentue\">oficial<\/span> del ayuntamiento dirigido al promotor <span class=\"accentue\">Francisco Lebasque<\/span>.<\/li>\n<li>Objeto: <span class=\"accentue\">formalizar<\/span> la cesi\u00f3n gratuita de los espacios y equipamientos p\u00fablicos conforme al acuerdo del <span class=\"accentue\">23\/07\/1986<\/span>.<\/li>\n<\/ul>\n<h2>2) Contexto administrativo<\/h2>\n<ul>\n<li>Acuerdo de la <span class=\"accentue\">Comissi\u00f3 d\u2019Urbanisme de Tarragona<\/span> del <span class=\"accentue\">23 de julio de 1986<\/span> imponiendo las cesiones en un plazo de tres meses.<\/li>\n<li><span class=\"accentue\">25 de agosto de 1986<\/span>: notificaci\u00f3n del ayuntamiento a la comunidad de propietarios de <span class=\"accentue\">Les Planes del Rei<\/span>.<\/li>\n<li><span class=\"accentue\">20 de noviembre de 1986<\/span>: respuesta de la comunidad indicando no ser propietaria de los terrenos y remitiendo la responsabilidad al <span class=\"accentue\">Sr. Lebasque<\/span>.<\/li>\n<\/ul>\n<h2>3) Contenido y requerimientos del ayuntamiento (21\/11\/1986)<\/h2>\n<ul>\n<li>Reconoce que los terrenos siguen inscritos a nombre de <span class=\"accentue\">Francisco Lebasque<\/span>.<\/li>\n<li>Recuerda la obligaci\u00f3n legal de proceder a la <span class=\"accentue\">cesi\u00f3n gratuita<\/span> de los espacios p\u00fablicos (zonas verdes, equipamientos, etc.).<\/li>\n<li>Insta al propietario legal a <span class=\"accentue\">regularizar<\/span> la situaci\u00f3n dentro de los plazos establecidos por la legislaci\u00f3n urban\u00edstica.<\/li>\n<\/ul>\n<h2>4) Alcance y valor probatorio<\/h2>\n<ul>\n<li>El ayuntamiento sigui\u00f3 el procedimiento dirigi\u00e9ndose al <span class=\"accentue\">propietario legal<\/span> despu\u00e9s de notificar a los copropietarios.<\/li>\n<li>El bloqueo de 1986 se debi\u00f3 principalmente a la <span class=\"accentue\">quiebra<\/span> del promotor (procedimiento de suspensi\u00f3n de pagos), no a una inacci\u00f3n municipal en esta etapa.<\/li>\n<li>La cadena de correspondencias (<span class=\"accentue\">Generalitat<\/span>, ayuntamiento, comunidad, promotor) documenta un fracaso de integraci\u00f3n en un marco jur\u00eddico claro.<\/li>\n<\/ul>\n<h2>5) A tener en cuenta<\/h2>\n<ul>\n<li>La carta del <span class=\"accentue\">21 de noviembre de 1986<\/span> formaliza la exigencia de cesi\u00f3n de los espacios p\u00fablicos en <span class=\"accentue\">Planas del Rey (Planes del Rei)<\/span>.<\/li>\n<li>La responsabilidad de la formalizaci\u00f3n correspond\u00eda a <span class=\"accentue\">F. Lebasque<\/span>, en calidad de propietario a\u00fan inscrito.<\/li>\n<li>Esta etapa constituye una <span class=\"accentue\">pieza clave<\/span> para rastrear el origen de los retrasos en la integraci\u00f3n municipal de la urbanizaci\u00f3n.<\/li>\n<\/ul>\n<hr style=\"margin-bottom: 30px;\" \/>\n<h3 class=\"underline\">Documento<\/h3>\n<p style=\"padding-top: 30px;\"><a href=\"https:\/\/www.latribunedeplanas.com\/wp-content\/uploads\/2025\/08\/1986-11-21-courrier-mairie-lebasque-accord-cession.pdf\" class=\"pdfemb-viewer\" style=\"\" data-width=\"max\" data-height=\"max\" data-mobile-width=\"0\"  data-scrollbar=\"none\" data-download=\"on\" data-tracking=\"on\" data-newwindow=\"on\" data-pagetextbox=\"off\" data-scrolltotop=\"off\" data-startzoom=\"100\" data-startfpzoom=\"100\" data-toolbar=\"top\" data-toolbar-fixed=\"off\">1986-11-21-courrier-mairie-lebasque-accord-cession<br\/><\/a><\/p>\n<p>[\/et_pb_text][\/et_pb_column][\/et_pb_row][\/et_pb_section]<\/p>\n","protected":false},"excerpt":{"rendered":"<p>Tras el acuerdo de la Comissi\u00f3 d\u2019Urbanisme de Tarragona del 23 de julio de 1986, el Ayuntamiento de Pratdip dirige a Francisco Lebasque un recordatorio oficial para exigir la cesi\u00f3n gratuita de las v\u00edas y equipamientos p\u00fablicos de la urbanizaci\u00f3n Planas del Rey (Planes del Rei). 1) Naturaleza del documento Recordatorio oficial del ayuntamiento dirigido [&hellip;]<\/p>\n","protected":false},"author":1,"featured_media":0,"comment_status":"closed","ping_status":"closed","sticky":false,"template":"","format":"standard","meta":{"_et_pb_use_builder":"on","_et_pb_old_content":"","_et_gb_content_width":"","footnotes":""},"categories":[217],"tags":[],"class_list":["post-27852","post","type-post","status-publish","format-standard","hentry","category-documentos"],"yoast_head":"<!-- This site is optimized with the Yoast SEO plugin v27.5 - https:\/\/yoast.com\/product\/yoast-seo-wordpress\/ -->\n<title>21 de noviembre de 1986: Recordatorio oficial del Ayuntamiento de Pratdip a Francisco Lebasque - Formalizaci\u00f3n de las cesiones para Les Planes del Rei - La Tribune de Planas<\/title>\n<meta name=\"description\" content=\"Recordatorio oficial de 1986 que exige a Francisco Lebasque la cesi\u00f3n gratuita de los espacios p\u00fablicos de Planas del Rey.\" \/>\n<meta name=\"robots\" content=\"index, follow, max-snippet:-1, max-image-preview:large, max-video-preview:-1\" \/>\n<link rel=\"canonical\" href=\"https:\/\/www.latribunedeplanas.com\/es\/21-de-noviembre-de-1986-recordatorio-oficial-del-ayuntamiento-de-pratdip-a-francisco-lebasque-formalizacion-de-las-cesiones-para-les-planes-del-rei\/\" \/>\n<meta property=\"og:locale\" content=\"es_ES\" \/>\n<meta property=\"og:type\" content=\"article\" \/>\n<meta property=\"og:title\" content=\"21 de noviembre de 1986: Recordatorio oficial del Ayuntamiento de Pratdip a Francisco Lebasque - Formalizaci\u00f3n de las cesiones para Les Planes del Rei - La Tribune de Planas\" \/>\n<meta property=\"og:description\" content=\"Recordatorio oficial de 1986 que exige a Francisco Lebasque la cesi\u00f3n gratuita de los espacios p\u00fablicos de Planas del Rey.\" \/>\n<meta property=\"og:url\" content=\"https:\/\/www.latribunedeplanas.com\/es\/21-de-noviembre-de-1986-recordatorio-oficial-del-ayuntamiento-de-pratdip-a-francisco-lebasque-formalizacion-de-las-cesiones-para-les-planes-del-rei\/\" \/>\n<meta property=\"og:site_name\" content=\"La Tribune de Planas\" \/>\n<meta property=\"article:publisher\" content=\"https:\/\/www.facebook.com\/groups\/1220895301376005\/\" \/>\n<meta property=\"article:author\" content=\"https:\/\/www.facebook.com\/Creawebsite-113915200150984\" \/>\n<meta property=\"article:published_time\" content=\"1986-11-21T10:59:10+00:00\" \/>\n<meta property=\"article:modified_time\" content=\"2025-08-15T10:13:09+00:00\" \/>\n<meta name=\"author\" content=\"Jim\" \/>\n<meta name=\"twitter:card\" content=\"summary_large_image\" \/>\n<meta name=\"twitter:label1\" content=\"Escrito por\" \/>\n\t<meta name=\"twitter:data1\" content=\"Jim\" \/>\n\t<meta name=\"twitter:label2\" content=\"Tiempo de lectura\" \/>\n\t<meta name=\"twitter:data2\" content=\"2 minutos\" \/>\n<script type=\"application\/ld+json\" class=\"yoast-schema-graph\">{\"@context\":\"https:\\\/\\\/schema.org\",\"@graph\":[{\"@type\":\"Article\",\"@id\":\"https:\\\/\\\/www.latribunedeplanas.com\\\/es\\\/21-de-noviembre-de-1986-recordatorio-oficial-del-ayuntamiento-de-pratdip-a-francisco-lebasque-formalizacion-de-las-cesiones-para-les-planes-del-rei\\\/#article\",\"isPartOf\":{\"@id\":\"https:\\\/\\\/www.latribunedeplanas.com\\\/es\\\/21-de-noviembre-de-1986-recordatorio-oficial-del-ayuntamiento-de-pratdip-a-francisco-lebasque-formalizacion-de-las-cesiones-para-les-planes-del-rei\\\/\"},\"author\":{\"name\":\"Jim\",\"@id\":\"https:\\\/\\\/www.latribunedeplanas.com\\\/es\\\/#\\\/schema\\\/person\\\/590a87318688792f18d8e1c983528bc8\"},\"headline\":\"21 de noviembre de 1986: Recordatorio oficial del Ayuntamiento de Pratdip a Francisco Lebasque &#8211; Formalizaci\u00f3n de las cesiones para Les Planes del Rei\",\"datePublished\":\"1986-11-21T10:59:10+00:00\",\"dateModified\":\"2025-08-15T10:13:09+00:00\",\"mainEntityOfPage\":{\"@id\":\"https:\\\/\\\/www.latribunedeplanas.com\\\/es\\\/21-de-noviembre-de-1986-recordatorio-oficial-del-ayuntamiento-de-pratdip-a-francisco-lebasque-formalizacion-de-las-cesiones-para-les-planes-del-rei\\\/\"},\"wordCount\":600,\"publisher\":{\"@id\":\"https:\\\/\\\/www.latribunedeplanas.com\\\/es\\\/#organization\"},\"articleSection\":[\"Documentos\"],\"inLanguage\":\"es\"},{\"@type\":\"WebPage\",\"@id\":\"https:\\\/\\\/www.latribunedeplanas.com\\\/es\\\/21-de-noviembre-de-1986-recordatorio-oficial-del-ayuntamiento-de-pratdip-a-francisco-lebasque-formalizacion-de-las-cesiones-para-les-planes-del-rei\\\/\",\"url\":\"https:\\\/\\\/www.latribunedeplanas.com\\\/es\\\/21-de-noviembre-de-1986-recordatorio-oficial-del-ayuntamiento-de-pratdip-a-francisco-lebasque-formalizacion-de-las-cesiones-para-les-planes-del-rei\\\/\",\"name\":\"21 de noviembre de 1986: Recordatorio oficial del Ayuntamiento de Pratdip a Francisco Lebasque - Formalizaci\u00f3n de las cesiones para Les Planes del Rei - La Tribune de Planas\",\"isPartOf\":{\"@id\":\"https:\\\/\\\/www.latribunedeplanas.com\\\/es\\\/#website\"},\"datePublished\":\"1986-11-21T10:59:10+00:00\",\"dateModified\":\"2025-08-15T10:13:09+00:00\",\"description\":\"Recordatorio oficial de 1986 que exige a Francisco Lebasque la cesi\u00f3n gratuita de los espacios p\u00fablicos de Planas del Rey.\",\"breadcrumb\":{\"@id\":\"https:\\\/\\\/www.latribunedeplanas.com\\\/es\\\/21-de-noviembre-de-1986-recordatorio-oficial-del-ayuntamiento-de-pratdip-a-francisco-lebasque-formalizacion-de-las-cesiones-para-les-planes-del-rei\\\/#breadcrumb\"},\"inLanguage\":\"es\",\"potentialAction\":[{\"@type\":\"ReadAction\",\"target\":[\"https:\\\/\\\/www.latribunedeplanas.com\\\/es\\\/21-de-noviembre-de-1986-recordatorio-oficial-del-ayuntamiento-de-pratdip-a-francisco-lebasque-formalizacion-de-las-cesiones-para-les-planes-del-rei\\\/\"]}]},{\"@type\":\"BreadcrumbList\",\"@id\":\"https:\\\/\\\/www.latribunedeplanas.com\\\/es\\\/21-de-noviembre-de-1986-recordatorio-oficial-del-ayuntamiento-de-pratdip-a-francisco-lebasque-formalizacion-de-las-cesiones-para-les-planes-del-rei\\\/#breadcrumb\",\"itemListElement\":[{\"@type\":\"ListItem\",\"position\":1,\"name\":\"Accueil\",\"item\":\"https:\\\/\\\/www.latribunedeplanas.com\\\/es\\\/\"},{\"@type\":\"ListItem\",\"position\":2,\"name\":\"21 de noviembre de 1986: Recordatorio oficial del Ayuntamiento de Pratdip a Francisco Lebasque &#8211; Formalizaci\u00f3n de las cesiones para Les Planes del Rei\"}]},{\"@type\":\"WebSite\",\"@id\":\"https:\\\/\\\/www.latribunedeplanas.com\\\/es\\\/#website\",\"url\":\"https:\\\/\\\/www.latribunedeplanas.com\\\/es\\\/\",\"name\":\"La Tribune de Planas\",\"description\":\"Les Planes del Rei - Urbanizaci\u00f3n del municipio de Pratdip\",\"publisher\":{\"@id\":\"https:\\\/\\\/www.latribunedeplanas.com\\\/es\\\/#organization\"},\"potentialAction\":[{\"@type\":\"SearchAction\",\"target\":{\"@type\":\"EntryPoint\",\"urlTemplate\":\"https:\\\/\\\/www.latribunedeplanas.com\\\/es\\\/?s={search_term_string}\"},\"query-input\":{\"@type\":\"PropertyValueSpecification\",\"valueRequired\":true,\"valueName\":\"search_term_string\"}}],\"inLanguage\":\"es\"},{\"@type\":\"Organization\",\"@id\":\"https:\\\/\\\/www.latribunedeplanas.com\\\/es\\\/#organization\",\"name\":\"Vecinos de Planes del Rei (SOSPlanes)\",\"url\":\"https:\\\/\\\/www.latribunedeplanas.com\\\/es\\\/\",\"logo\":{\"@type\":\"ImageObject\",\"inLanguage\":\"es\",\"@id\":\"https:\\\/\\\/www.latribunedeplanas.com\\\/es\\\/#\\\/schema\\\/logo\\\/image\\\/\",\"url\":\"https:\\\/\\\/www.latribunedeplanas.com\\\/wp-content\\\/uploads\\\/2021\\\/11\\\/logo-sos-planas-0.png\",\"contentUrl\":\"https:\\\/\\\/www.latribunedeplanas.com\\\/wp-content\\\/uploads\\\/2021\\\/11\\\/logo-sos-planas-0.png\",\"width\":600,\"height\":400,\"caption\":\"Vecinos de Planes del Rei (SOSPlanes)\"},\"image\":{\"@id\":\"https:\\\/\\\/www.latribunedeplanas.com\\\/es\\\/#\\\/schema\\\/logo\\\/image\\\/\"},\"sameAs\":[\"https:\\\/\\\/www.facebook.com\\\/groups\\\/1220895301376005\\\/\",\"https:\\\/\\\/www.instagram.com\\\/lasplanasdelrey\\\/\"]},{\"@type\":\"Person\",\"@id\":\"https:\\\/\\\/www.latribunedeplanas.com\\\/es\\\/#\\\/schema\\\/person\\\/590a87318688792f18d8e1c983528bc8\",\"name\":\"Jim\",\"image\":{\"@type\":\"ImageObject\",\"inLanguage\":\"es\",\"@id\":\"https:\\\/\\\/secure.gravatar.com\\\/avatar\\\/5a89228fd282eb9ee33a60b4ff06f9c31751866f1fb91ca56263af0968354113?s=96&d=mm&r=g\",\"url\":\"https:\\\/\\\/secure.gravatar.com\\\/avatar\\\/5a89228fd282eb9ee33a60b4ff06f9c31751866f1fb91ca56263af0968354113?s=96&d=mm&r=g\",\"contentUrl\":\"https:\\\/\\\/secure.gravatar.com\\\/avatar\\\/5a89228fd282eb9ee33a60b4ff06f9c31751866f1fb91ca56263af0968354113?s=96&d=mm&r=g\",\"caption\":\"Jim\"},\"sameAs\":[\"https:\\\/\\\/www.creawebsite.be\\\/\",\"https:\\\/\\\/www.facebook.com\\\/Creawebsite-113915200150984\",\"https:\\\/\\\/www.instagram.com\\\/creawebsite.be\\\/\",\"https:\\\/\\\/www.linkedin.com\\\/in\\\/jean-marc-delchef\\\/\"]}]}<\/script>\n<!-- \/ Yoast SEO plugin. -->","yoast_head_json":{"title":"21 de noviembre de 1986: Recordatorio oficial del Ayuntamiento de Pratdip a Francisco Lebasque - Formalizaci\u00f3n de las cesiones para Les Planes del Rei - La Tribune de Planas","description":"Recordatorio oficial de 1986 que exige a Francisco Lebasque la cesi\u00f3n gratuita de los espacios p\u00fablicos de Planas del Rey.","robots":{"index":"index","follow":"follow","max-snippet":"max-snippet:-1","max-image-preview":"max-image-preview:large","max-video-preview":"max-video-preview:-1"},"canonical":"https:\/\/www.latribunedeplanas.com\/es\/21-de-noviembre-de-1986-recordatorio-oficial-del-ayuntamiento-de-pratdip-a-francisco-lebasque-formalizacion-de-las-cesiones-para-les-planes-del-rei\/","og_locale":"es_ES","og_type":"article","og_title":"21 de noviembre de 1986: Recordatorio oficial del Ayuntamiento de Pratdip a Francisco Lebasque - Formalizaci\u00f3n de las cesiones para Les Planes del Rei - La Tribune de Planas","og_description":"Recordatorio oficial de 1986 que exige a Francisco Lebasque la cesi\u00f3n gratuita de los espacios p\u00fablicos de Planas del Rey.","og_url":"https:\/\/www.latribunedeplanas.com\/es\/21-de-noviembre-de-1986-recordatorio-oficial-del-ayuntamiento-de-pratdip-a-francisco-lebasque-formalizacion-de-las-cesiones-para-les-planes-del-rei\/","og_site_name":"La Tribune de Planas","article_publisher":"https:\/\/www.facebook.com\/groups\/1220895301376005\/","article_author":"https:\/\/www.facebook.com\/Creawebsite-113915200150984","article_published_time":"1986-11-21T10:59:10+00:00","article_modified_time":"2025-08-15T10:13:09+00:00","author":"Jim","twitter_card":"summary_large_image","twitter_misc":{"Escrito por":"Jim","Tiempo de lectura":"2 minutos"},"schema":{"@context":"https:\/\/schema.org","@graph":[{"@type":"Article","@id":"https:\/\/www.latribunedeplanas.com\/es\/21-de-noviembre-de-1986-recordatorio-oficial-del-ayuntamiento-de-pratdip-a-francisco-lebasque-formalizacion-de-las-cesiones-para-les-planes-del-rei\/#article","isPartOf":{"@id":"https:\/\/www.latribunedeplanas.com\/es\/21-de-noviembre-de-1986-recordatorio-oficial-del-ayuntamiento-de-pratdip-a-francisco-lebasque-formalizacion-de-las-cesiones-para-les-planes-del-rei\/"},"author":{"name":"Jim","@id":"https:\/\/www.latribunedeplanas.com\/es\/#\/schema\/person\/590a87318688792f18d8e1c983528bc8"},"headline":"21 de noviembre de 1986: Recordatorio oficial del Ayuntamiento de Pratdip a Francisco Lebasque &#8211; Formalizaci\u00f3n de las cesiones para Les Planes del Rei","datePublished":"1986-11-21T10:59:10+00:00","dateModified":"2025-08-15T10:13:09+00:00","mainEntityOfPage":{"@id":"https:\/\/www.latribunedeplanas.com\/es\/21-de-noviembre-de-1986-recordatorio-oficial-del-ayuntamiento-de-pratdip-a-francisco-lebasque-formalizacion-de-las-cesiones-para-les-planes-del-rei\/"},"wordCount":600,"publisher":{"@id":"https:\/\/www.latribunedeplanas.com\/es\/#organization"},"articleSection":["Documentos"],"inLanguage":"es"},{"@type":"WebPage","@id":"https:\/\/www.latribunedeplanas.com\/es\/21-de-noviembre-de-1986-recordatorio-oficial-del-ayuntamiento-de-pratdip-a-francisco-lebasque-formalizacion-de-las-cesiones-para-les-planes-del-rei\/","url":"https:\/\/www.latribunedeplanas.com\/es\/21-de-noviembre-de-1986-recordatorio-oficial-del-ayuntamiento-de-pratdip-a-francisco-lebasque-formalizacion-de-las-cesiones-para-les-planes-del-rei\/","name":"21 de noviembre de 1986: Recordatorio oficial del Ayuntamiento de Pratdip a Francisco Lebasque - Formalizaci\u00f3n de las cesiones para Les Planes del Rei - La Tribune de Planas","isPartOf":{"@id":"https:\/\/www.latribunedeplanas.com\/es\/#website"},"datePublished":"1986-11-21T10:59:10+00:00","dateModified":"2025-08-15T10:13:09+00:00","description":"Recordatorio oficial de 1986 que exige a Francisco Lebasque la cesi\u00f3n gratuita de los espacios p\u00fablicos de Planas del Rey.","breadcrumb":{"@id":"https:\/\/www.latribunedeplanas.com\/es\/21-de-noviembre-de-1986-recordatorio-oficial-del-ayuntamiento-de-pratdip-a-francisco-lebasque-formalizacion-de-las-cesiones-para-les-planes-del-rei\/#breadcrumb"},"inLanguage":"es","potentialAction":[{"@type":"ReadAction","target":["https:\/\/www.latribunedeplanas.com\/es\/21-de-noviembre-de-1986-recordatorio-oficial-del-ayuntamiento-de-pratdip-a-francisco-lebasque-formalizacion-de-las-cesiones-para-les-planes-del-rei\/"]}]},{"@type":"BreadcrumbList","@id":"https:\/\/www.latribunedeplanas.com\/es\/21-de-noviembre-de-1986-recordatorio-oficial-del-ayuntamiento-de-pratdip-a-francisco-lebasque-formalizacion-de-las-cesiones-para-les-planes-del-rei\/#breadcrumb","itemListElement":[{"@type":"ListItem","position":1,"name":"Accueil","item":"https:\/\/www.latribunedeplanas.com\/es\/"},{"@type":"ListItem","position":2,"name":"21 de noviembre de 1986: Recordatorio oficial del Ayuntamiento de Pratdip a Francisco Lebasque &#8211; Formalizaci\u00f3n de las cesiones para Les Planes del Rei"}]},{"@type":"WebSite","@id":"https:\/\/www.latribunedeplanas.com\/es\/#website","url":"https:\/\/www.latribunedeplanas.com\/es\/","name":"La Tribune de Planas","description":"Les Planes del Rei - Urbanizaci\u00f3n del municipio de Pratdip","publisher":{"@id":"https:\/\/www.latribunedeplanas.com\/es\/#organization"},"potentialAction":[{"@type":"SearchAction","target":{"@type":"EntryPoint","urlTemplate":"https:\/\/www.latribunedeplanas.com\/es\/?s={search_term_string}"},"query-input":{"@type":"PropertyValueSpecification","valueRequired":true,"valueName":"search_term_string"}}],"inLanguage":"es"},{"@type":"Organization","@id":"https:\/\/www.latribunedeplanas.com\/es\/#organization","name":"Vecinos de Planes del Rei (SOSPlanes)","url":"https:\/\/www.latribunedeplanas.com\/es\/","logo":{"@type":"ImageObject","inLanguage":"es","@id":"https:\/\/www.latribunedeplanas.com\/es\/#\/schema\/logo\/image\/","url":"https:\/\/www.latribunedeplanas.com\/wp-content\/uploads\/2021\/11\/logo-sos-planas-0.png","contentUrl":"https:\/\/www.latribunedeplanas.com\/wp-content\/uploads\/2021\/11\/logo-sos-planas-0.png","width":600,"height":400,"caption":"Vecinos de Planes del Rei (SOSPlanes)"},"image":{"@id":"https:\/\/www.latribunedeplanas.com\/es\/#\/schema\/logo\/image\/"},"sameAs":["https:\/\/www.facebook.com\/groups\/1220895301376005\/","https:\/\/www.instagram.com\/lasplanasdelrey\/"]},{"@type":"Person","@id":"https:\/\/www.latribunedeplanas.com\/es\/#\/schema\/person\/590a87318688792f18d8e1c983528bc8","name":"Jim","image":{"@type":"ImageObject","inLanguage":"es","@id":"https:\/\/secure.gravatar.com\/avatar\/5a89228fd282eb9ee33a60b4ff06f9c31751866f1fb91ca56263af0968354113?s=96&d=mm&r=g","url":"https:\/\/secure.gravatar.com\/avatar\/5a89228fd282eb9ee33a60b4ff06f9c31751866f1fb91ca56263af0968354113?s=96&d=mm&r=g","contentUrl":"https:\/\/secure.gravatar.com\/avatar\/5a89228fd282eb9ee33a60b4ff06f9c31751866f1fb91ca56263af0968354113?s=96&d=mm&r=g","caption":"Jim"},"sameAs":["https:\/\/www.creawebsite.be\/","https:\/\/www.facebook.com\/Creawebsite-113915200150984","https:\/\/www.instagram.com\/creawebsite.be\/","https:\/\/www.linkedin.com\/in\/jean-marc-delchef\/"]}]}},"_links":{"self":[{"href":"https:\/\/www.latribunedeplanas.com\/es\/wp-json\/wp\/v2\/posts\/27852","targetHints":{"allow":["GET"]}}],"collection":[{"href":"https:\/\/www.latribunedeplanas.com\/es\/wp-json\/wp\/v2\/posts"}],"about":[{"href":"https:\/\/www.latribunedeplanas.com\/es\/wp-json\/wp\/v2\/types\/post"}],"author":[{"embeddable":true,"href":"https:\/\/www.latribunedeplanas.com\/es\/wp-json\/wp\/v2\/users\/1"}],"replies":[{"embeddable":true,"href":"https:\/\/www.latribunedeplanas.com\/es\/wp-json\/wp\/v2\/comments?post=27852"}],"version-history":[{"count":2,"href":"https:\/\/www.latribunedeplanas.com\/es\/wp-json\/wp\/v2\/posts\/27852\/revisions"}],"predecessor-version":[{"id":27856,"href":"https:\/\/www.latribunedeplanas.com\/es\/wp-json\/wp\/v2\/posts\/27852\/revisions\/27856"}],"wp:attachment":[{"href":"https:\/\/www.latribunedeplanas.com\/es\/wp-json\/wp\/v2\/media?parent=27852"}],"wp:term":[{"taxonomy":"category","embeddable":true,"href":"https:\/\/www.latribunedeplanas.com\/es\/wp-json\/wp\/v2\/categories?post=27852"},{"taxonomy":"post_tag","embeddable":true,"href":"https:\/\/www.latribunedeplanas.com\/es\/wp-json\/wp\/v2\/tags?post=27852"}],"curies":[{"name":"wp","href":"https:\/\/api.w.org\/{rel}","templated":true}]}}