{"id":27635,"date":"1968-12-28T13:38:11","date_gmt":"1968-12-28T12:38:11","guid":{"rendered":"https:\/\/www.latribunedeplanas.com\/1968-avis-du-ministere-de-linterieur-sur-la-cession-des-voies-et-services-de-planas-del-rey\/"},"modified":"2025-08-15T13:20:13","modified_gmt":"2025-08-15T11:20:13","slug":"21-de-septiembre-de-1968-informe-del-ministerio-del-interior-sobre-la-cesion-de-viales-y-servicios-de-planas-del-rey","status":"publish","type":"post","link":"https:\/\/www.latribunedeplanas.com\/es\/21-de-septiembre-de-1968-informe-del-ministerio-del-interior-sobre-la-cesion-de-viales-y-servicios-de-planas-del-rey\/","title":{"rendered":"21 de septiembre de 1968: Informe del Ministerio del Interior sobre la cesi\u00f3n de viales y servicios de Planas del Rey"},"content":{"rendered":"<p>[et_pb_section fb_built=\u00bb1&#8243; admin_label=\u00bbSection-Article\u00bb module_class=\u00bbsection-article\u00bb _builder_version=\u00bb4.18.0&#8243; custom_margin=\u00bb0px|0px|0px|0px\u00bb custom_padding=\u00bb0px|0px|0px|0px\u00bb global_colors_info=\u00bb{}\u00bb][et_pb_row use_custom_gutter=\u00bbon\u00bb gutter_width=\u00bb1&#8243; custom_padding_last_edited=\u00bbon|phone\u00bb admin_label=\u00bbLigne-Article\u00bb module_class=\u00bbligne-article et_pb_row_fullwidth\u00bb _builder_version=\u00bb4.27.4&#8243; width=\u00bb100%\u00bb width_tablet=\u00bb100%\u00bb width_phone=\u00bb\u00bb width_last_edited=\u00bbon|desktop\u00bb max_width=\u00bb100%\u00bb max_width_tablet=\u00bb100%\u00bb max_width_phone=\u00bb\u00bb max_width_last_edited=\u00bbon|desktop\u00bb custom_margin=\u00bb0px||0px\u00bb custom_padding=\u00bb20px||0px||false|false\u00bb custom_padding_tablet=\u00bb20px||0px||false|false\u00bb custom_padding_phone=\u00bb15px||||false|false\u00bb make_fullwidth=\u00bbon\u00bb global_colors_info=\u00bb{}\u00bb][et_pb_column type=\u00bb4_4&#8243; _builder_version=\u00bb4.16&#8243; custom_padding=\u00bb|||\u00bb global_colors_info=\u00bb{}\u00bb custom_padding__hover=\u00bb|||\u00bb][et_pb_text admin_label=\u00bbTexte-1968: Informe del Ministerio del Interior sobre la cesi\u00f3n de viales y servicios de Planas del Rey\u00bb module_class=\u00bbtxt-article\u00bb _builder_version=\u00bb4.27.4&#8243; text_font=\u00bb|300|||||||\u00bb header_font=\u00bb||||||||\u00bb header_2_line_height=\u00bb1.2em\u00bb header_3_font=\u00bb||||||||\u00bb header_3_line_height=\u00bb1.3em\u00bb header_4_text_align=\u00bbcenter\u00bb custom_padding=\u00bb||||false|false\u00bb hover_enabled=\u00bb0&#8243; text_line_height_tablet=\u00bb\u00bb text_line_height_phone=\u00bb1.3em\u00bb text_line_height_last_edited=\u00bbon|desktop\u00bb header_2_font_size_tablet=\u00bb\u00bb header_2_font_size_phone=\u00bb\u00bb header_2_font_size_last_edited=\u00bbon|phone\u00bb header_3_font_size_tablet=\u00bb\u00bb header_3_font_size_phone=\u00bb23px\u00bb header_3_font_size_last_edited=\u00bbon|desktop\u00bb global_colors_info=\u00bb{}\u00bb sticky_enabled=\u00bb0&#8243;]<\/p>\n<p>El <span class=\"accentue\">28 de diciembre de 1968<\/span>, el <span class=\"accentue\">Ministerio de la Gobernaci\u00f3n<\/span> \u2014 a trav\u00e9s del <span class=\"accentue\">Servicio Nacional de Inspecci\u00f3n y Asesoramiento de las Corporaciones Locales<\/span> \u2014 responde al Ayuntamiento de <span class=\"accentue\">Pratdip<\/span> sobre la <span class=\"accentue\">cesi\u00f3n de los viales y servicios<\/span> de la urbanizaci\u00f3n <span class=\"accentue\">Planas del Rey (Planes del Rei)<\/span>, solicitada por el promotor <span class=\"accentue\">Francisco Lebasque Belloncle<\/span> y varios propietarios.<\/p>\n<hr style=\"margin-bottom: 30px;\" \/>\n<h2>1) Naturaleza y alcance del documento<\/h2>\n<ul>\n<li><span class=\"accentue\">Tipo<\/span>: respuesta administrativa (informe t\u00e9cnico preliminar).<\/li>\n<li><span class=\"accentue\">Emisor<\/span>: Ministerio de la Gobernaci\u00f3n \u2014 Servicio de Inspecci\u00f3n y Asesoramiento de las Corporaciones Locales.<\/li>\n<li><span class=\"accentue\">Destinatario<\/span>: Alcalde de Pratdip.<\/li>\n<li><span class=\"accentue\">Referencia<\/span>: s\/o 540 de <span class=\"accentue\">23 de diciembre de 1968<\/span>.<\/li>\n<li><span class=\"accentue\">Objeto<\/span>: posibilidad de que el municipio <span class=\"accentue\">acepte la cesi\u00f3n<\/span> de los viales y servicios existentes en Planas del Rey.<\/li>\n<\/ul>\n<hr style=\"margin-bottom: 30px;\" \/>\n<h2>2) Base legal recordada<\/h2>\n<ul>\n<li><span class=\"accentue\">Ley de R\u00e9gimen Local (art. 6)<\/span>: capacidad de los municipios para <span class=\"accentue\">adquirir bienes<\/span>.<\/li>\n<li><span class=\"accentue\">Ley del Suelo (art. 129)<\/span>: la <span class=\"accentue\">cesi\u00f3n de los viales<\/span> es una <span class=\"accentue\">condici\u00f3n esencial<\/span> de toda urbanizaci\u00f3n.<\/li>\n<\/ul>\n<p>En resumen, el marco jur\u00eddico <span class=\"accentue\">autoriza en principio<\/span> la aceptaci\u00f3n de la cesi\u00f3n.<\/p>\n<hr style=\"margin-bottom: 30px;\" \/>\n<h2>3) Constataci\u00f3n de la incompletitud del expediente<\/h2>\n<ul>\n<li>Falta de <span class=\"accentue\">documentos justificativos<\/span> que acompa\u00f1en la solicitud.<\/li>\n<li>No consta la <span class=\"accentue\">certificaci\u00f3n del acuerdo municipal de 18 de octubre de 1968<\/span>.<\/li>\n<li>Ausencia de <span class=\"accentue\">planos<\/span>, <span class=\"accentue\">estudios t\u00e9cnicos<\/span> e <span class=\"accentue\">inventario<\/span> de los bienes y servicios a ceder.<\/li>\n<\/ul>\n<hr style=\"margin-bottom: 30px;\" \/>\n<h2>4) Condiciones previas a cualquier aceptaci\u00f3n<\/h2>\n<p>El Ayuntamiento debe disponer de:<\/p>\n<ul>\n<li>Las <span class=\"accentue\">condiciones establecidas<\/span> en la autorizaci\u00f3n de la urbanizaci\u00f3n (<span class=\"accentue\">art. 42 de la Ley del Suelo<\/span>).<\/li>\n<li>El <span class=\"accentue\">contenido preciso<\/span> de la propuesta de cesi\u00f3n.<\/li>\n<li>Los <span class=\"accentue\">planos<\/span> y <span class=\"accentue\">estudios complementarios<\/span>.<\/li>\n<\/ul>\n<p>Y sobre todo de un <span class=\"accentue\">inventario detallado<\/span> que incluya:<\/p>\n<ul>\n<li><span class=\"accentue\">Superficie<\/span> y <span class=\"accentue\">l\u00edmites<\/span> de los viales.<\/li>\n<li><span class=\"accentue\">Naturaleza<\/span> y <span class=\"accentue\">estado<\/span> de los servicios instalados.<\/li>\n<li><span class=\"accentue\">Valor de origen<\/span>, <span class=\"accentue\">depreciaciones<\/span> y <span class=\"accentue\">duraci\u00f3n de explotaci\u00f3n<\/span> previsible.<\/li>\n<li><span class=\"accentue\">Inversiones<\/span> necesarias para el mantenimiento y conservaci\u00f3n.<\/li>\n<li>Posibles <span class=\"accentue\">rendimientos<\/span> y plazos t\u00e9cnicos.<\/li>\n<\/ul>\n<hr style=\"margin-bottom: 30px;\" \/>\n<h2>5) An\u00e1lisis<\/h2>\n<p>El Ministerio considera que la <span class=\"accentue\">oferta de cesi\u00f3n puede ser interesante<\/span> para el municipio, pero que <span class=\"accentue\">en el estado actual<\/span> (expediente incompleto), <span class=\"accentue\">no puede emitirse ninguna conclusi\u00f3n<\/span> y el Ayuntamiento <span class=\"accentue\">no puede pronunciarse<\/span> sobre una decisi\u00f3n de tal envergadura.<\/p>\n<p>Esta carta <span class=\"accentue\">no aprueba por tanto<\/span> la cesi\u00f3n; establece las <span class=\"accentue\">condiciones previas<\/span> para que una aceptaci\u00f3n regular sea posible.<\/p>\n<hr style=\"margin-bottom: 30px;\" \/>\n<h2>6) Consecuencias<\/h2>\n<ul>\n<li>Completar el expediente con el acuerdo certificado, los planos, estudios e inventario t\u00e9cnico\/econ\u00f3mico.<\/li>\n<li>Permitir que la Administraci\u00f3n <span class=\"accentue\">emita un dictamen<\/span> definitivo.<\/li>\n<li>Confirmar que <span class=\"accentue\">ya en 1968<\/span>, la cesi\u00f3n era jur\u00eddicamente posible, con sujeci\u00f3n al procedimiento.<\/li>\n<\/ul>\n<hr style=\"margin-bottom: 30px;\" \/>\n<h3 class=\"underline\">Documento<\/h3>\n<p style=\"padding-top: 30px;\"><a href=\"https:\/\/www.latribunedeplanas.com\/wp-content\/uploads\/2017\/09\/1968-12-28-cession-approbation-ministere-interieur.pdf\" class=\"pdfemb-viewer\" style=\"\" data-width=\"max\" data-height=\"max\" data-mobile-width=\"0\"  data-scrollbar=\"none\" data-download=\"on\" data-tracking=\"on\" data-newwindow=\"on\" data-pagetextbox=\"off\" data-scrolltotop=\"off\" data-startzoom=\"100\" data-startfpzoom=\"100\" data-toolbar=\"top\" data-toolbar-fixed=\"off\">1968-12-28-cession-approbation-ministere-interieur<br\/><\/a><\/p>\n<p>[\/et_pb_text][\/et_pb_column][\/et_pb_row][\/et_pb_section]<\/p>\n","protected":false},"excerpt":{"rendered":"<p>El 28 de diciembre de 1968, el Ministerio de la Gobernaci\u00f3n \u2014 a trav\u00e9s del Servicio Nacional de Inspecci\u00f3n y Asesoramiento de las Corporaciones Locales \u2014 responde al Ayuntamiento de Pratdip sobre la cesi\u00f3n de los viales y servicios de la urbanizaci\u00f3n Planas del Rey (Planes del Rei), solicitada por el promotor Francisco Lebasque Belloncle [&hellip;]<\/p>\n","protected":false},"author":1,"featured_media":0,"comment_status":"closed","ping_status":"closed","sticky":false,"template":"","format":"standard","meta":{"_et_pb_use_builder":"on","_et_pb_old_content":"","_et_gb_content_width":"","footnotes":""},"categories":[217],"tags":[],"class_list":["post-27635","post","type-post","status-publish","format-standard","hentry","category-documentos"],"yoast_head":"<!-- This site is optimized with the Yoast SEO plugin v27.5 - https:\/\/yoast.com\/product\/yoast-seo-wordpress\/ -->\n<title>21 de septiembre de 1968: Informe del Ministerio del Interior sobre la cesi\u00f3n de viales y servicios de Planas del Rey - La Tribune de Planas<\/title>\n<meta name=\"description\" content=\"1968: El Ministerio del Interior confirma la viabilidad legal de ceder los viales y servicios de Planas del Rey, condicionada a un inventario\" \/>\n<meta name=\"robots\" content=\"index, follow, max-snippet:-1, max-image-preview:large, max-video-preview:-1\" \/>\n<link rel=\"canonical\" href=\"https:\/\/www.latribunedeplanas.com\/es\/21-de-septiembre-de-1968-informe-del-ministerio-del-interior-sobre-la-cesion-de-viales-y-servicios-de-planas-del-rey\/\" \/>\n<meta property=\"og:locale\" content=\"es_ES\" \/>\n<meta property=\"og:type\" content=\"article\" \/>\n<meta property=\"og:title\" content=\"21 de septiembre de 1968: Informe del Ministerio del Interior sobre la cesi\u00f3n de viales y servicios de Planas del Rey - La Tribune de Planas\" \/>\n<meta property=\"og:description\" content=\"1968: El Ministerio del Interior confirma la viabilidad legal de ceder los viales y servicios de Planas del Rey, condicionada a un inventario\" \/>\n<meta property=\"og:url\" content=\"https:\/\/www.latribunedeplanas.com\/es\/21-de-septiembre-de-1968-informe-del-ministerio-del-interior-sobre-la-cesion-de-viales-y-servicios-de-planas-del-rey\/\" \/>\n<meta property=\"og:site_name\" content=\"La Tribune de Planas\" \/>\n<meta property=\"article:publisher\" content=\"https:\/\/www.facebook.com\/groups\/1220895301376005\/\" \/>\n<meta property=\"article:author\" content=\"https:\/\/www.facebook.com\/Creawebsite-113915200150984\" \/>\n<meta property=\"article:published_time\" content=\"1968-12-28T12:38:11+00:00\" \/>\n<meta property=\"article:modified_time\" content=\"2025-08-15T11:20:13+00:00\" \/>\n<meta name=\"author\" content=\"Jim\" \/>\n<meta name=\"twitter:card\" content=\"summary_large_image\" \/>\n<meta name=\"twitter:label1\" content=\"Escrito por\" \/>\n\t<meta name=\"twitter:data1\" content=\"Jim\" \/>\n<script type=\"application\/ld+json\" class=\"yoast-schema-graph\">{\"@context\":\"https:\\\/\\\/schema.org\",\"@graph\":[{\"@type\":\"Article\",\"@id\":\"https:\\\/\\\/www.latribunedeplanas.com\\\/es\\\/21-de-septiembre-de-1968-informe-del-ministerio-del-interior-sobre-la-cesion-de-viales-y-servicios-de-planas-del-rey\\\/#article\",\"isPartOf\":{\"@id\":\"https:\\\/\\\/www.latribunedeplanas.com\\\/es\\\/21-de-septiembre-de-1968-informe-del-ministerio-del-interior-sobre-la-cesion-de-viales-y-servicios-de-planas-del-rey\\\/\"},\"author\":{\"name\":\"Jim\",\"@id\":\"https:\\\/\\\/www.latribunedeplanas.com\\\/es\\\/#\\\/schema\\\/person\\\/590a87318688792f18d8e1c983528bc8\"},\"headline\":\"21 de septiembre de 1968: Informe del Ministerio del Interior sobre la cesi\u00f3n de viales y servicios de Planas del Rey\",\"datePublished\":\"1968-12-28T12:38:11+00:00\",\"dateModified\":\"2025-08-15T11:20:13+00:00\",\"mainEntityOfPage\":{\"@id\":\"https:\\\/\\\/www.latribunedeplanas.com\\\/es\\\/21-de-septiembre-de-1968-informe-del-ministerio-del-interior-sobre-la-cesion-de-viales-y-servicios-de-planas-del-rey\\\/\"},\"wordCount\":680,\"publisher\":{\"@id\":\"https:\\\/\\\/www.latribunedeplanas.com\\\/es\\\/#organization\"},\"articleSection\":[\"Documentos\"],\"inLanguage\":\"es\"},{\"@type\":\"WebPage\",\"@id\":\"https:\\\/\\\/www.latribunedeplanas.com\\\/es\\\/21-de-septiembre-de-1968-informe-del-ministerio-del-interior-sobre-la-cesion-de-viales-y-servicios-de-planas-del-rey\\\/\",\"url\":\"https:\\\/\\\/www.latribunedeplanas.com\\\/es\\\/21-de-septiembre-de-1968-informe-del-ministerio-del-interior-sobre-la-cesion-de-viales-y-servicios-de-planas-del-rey\\\/\",\"name\":\"21 de septiembre de 1968: Informe del Ministerio del Interior sobre la cesi\u00f3n de viales y servicios de Planas del Rey - La Tribune de Planas\",\"isPartOf\":{\"@id\":\"https:\\\/\\\/www.latribunedeplanas.com\\\/es\\\/#website\"},\"datePublished\":\"1968-12-28T12:38:11+00:00\",\"dateModified\":\"2025-08-15T11:20:13+00:00\",\"description\":\"1968: El Ministerio del Interior confirma la viabilidad legal de ceder los viales y servicios de Planas del Rey, condicionada a un inventario\",\"breadcrumb\":{\"@id\":\"https:\\\/\\\/www.latribunedeplanas.com\\\/es\\\/21-de-septiembre-de-1968-informe-del-ministerio-del-interior-sobre-la-cesion-de-viales-y-servicios-de-planas-del-rey\\\/#breadcrumb\"},\"inLanguage\":\"es\",\"potentialAction\":[{\"@type\":\"ReadAction\",\"target\":[\"https:\\\/\\\/www.latribunedeplanas.com\\\/es\\\/21-de-septiembre-de-1968-informe-del-ministerio-del-interior-sobre-la-cesion-de-viales-y-servicios-de-planas-del-rey\\\/\"]}]},{\"@type\":\"BreadcrumbList\",\"@id\":\"https:\\\/\\\/www.latribunedeplanas.com\\\/es\\\/21-de-septiembre-de-1968-informe-del-ministerio-del-interior-sobre-la-cesion-de-viales-y-servicios-de-planas-del-rey\\\/#breadcrumb\",\"itemListElement\":[{\"@type\":\"ListItem\",\"position\":1,\"name\":\"Accueil\",\"item\":\"https:\\\/\\\/www.latribunedeplanas.com\\\/es\\\/\"},{\"@type\":\"ListItem\",\"position\":2,\"name\":\"21 de septiembre de 1968: Informe del Ministerio del Interior sobre la cesi\u00f3n de viales y servicios de Planas del Rey\"}]},{\"@type\":\"WebSite\",\"@id\":\"https:\\\/\\\/www.latribunedeplanas.com\\\/es\\\/#website\",\"url\":\"https:\\\/\\\/www.latribunedeplanas.com\\\/es\\\/\",\"name\":\"La Tribune de Planas\",\"description\":\"Les Planes del Rei - Urbanizaci\u00f3n del municipio de Pratdip\",\"publisher\":{\"@id\":\"https:\\\/\\\/www.latribunedeplanas.com\\\/es\\\/#organization\"},\"potentialAction\":[{\"@type\":\"SearchAction\",\"target\":{\"@type\":\"EntryPoint\",\"urlTemplate\":\"https:\\\/\\\/www.latribunedeplanas.com\\\/es\\\/?s={search_term_string}\"},\"query-input\":{\"@type\":\"PropertyValueSpecification\",\"valueRequired\":true,\"valueName\":\"search_term_string\"}}],\"inLanguage\":\"es\"},{\"@type\":\"Organization\",\"@id\":\"https:\\\/\\\/www.latribunedeplanas.com\\\/es\\\/#organization\",\"name\":\"Vecinos de Planes del Rei (SOSPlanes)\",\"url\":\"https:\\\/\\\/www.latribunedeplanas.com\\\/es\\\/\",\"logo\":{\"@type\":\"ImageObject\",\"inLanguage\":\"es\",\"@id\":\"https:\\\/\\\/www.latribunedeplanas.com\\\/es\\\/#\\\/schema\\\/logo\\\/image\\\/\",\"url\":\"https:\\\/\\\/www.latribunedeplanas.com\\\/wp-content\\\/uploads\\\/2021\\\/11\\\/logo-sos-planas-0.png\",\"contentUrl\":\"https:\\\/\\\/www.latribunedeplanas.com\\\/wp-content\\\/uploads\\\/2021\\\/11\\\/logo-sos-planas-0.png\",\"width\":600,\"height\":400,\"caption\":\"Vecinos de Planes del Rei (SOSPlanes)\"},\"image\":{\"@id\":\"https:\\\/\\\/www.latribunedeplanas.com\\\/es\\\/#\\\/schema\\\/logo\\\/image\\\/\"},\"sameAs\":[\"https:\\\/\\\/www.facebook.com\\\/groups\\\/1220895301376005\\\/\",\"https:\\\/\\\/www.instagram.com\\\/lasplanasdelrey\\\/\"]},{\"@type\":\"Person\",\"@id\":\"https:\\\/\\\/www.latribunedeplanas.com\\\/es\\\/#\\\/schema\\\/person\\\/590a87318688792f18d8e1c983528bc8\",\"name\":\"Jim\",\"image\":{\"@type\":\"ImageObject\",\"inLanguage\":\"es\",\"@id\":\"https:\\\/\\\/secure.gravatar.com\\\/avatar\\\/5a89228fd282eb9ee33a60b4ff06f9c31751866f1fb91ca56263af0968354113?s=96&d=mm&r=g\",\"url\":\"https:\\\/\\\/secure.gravatar.com\\\/avatar\\\/5a89228fd282eb9ee33a60b4ff06f9c31751866f1fb91ca56263af0968354113?s=96&d=mm&r=g\",\"contentUrl\":\"https:\\\/\\\/secure.gravatar.com\\\/avatar\\\/5a89228fd282eb9ee33a60b4ff06f9c31751866f1fb91ca56263af0968354113?s=96&d=mm&r=g\",\"caption\":\"Jim\"},\"sameAs\":[\"https:\\\/\\\/www.creawebsite.be\\\/\",\"https:\\\/\\\/www.facebook.com\\\/Creawebsite-113915200150984\",\"https:\\\/\\\/www.instagram.com\\\/creawebsite.be\\\/\",\"https:\\\/\\\/www.linkedin.com\\\/in\\\/jean-marc-delchef\\\/\"]}]}<\/script>\n<!-- \/ Yoast SEO plugin. -->","yoast_head_json":{"title":"21 de septiembre de 1968: Informe del Ministerio del Interior sobre la cesi\u00f3n de viales y servicios de Planas del Rey - La Tribune de Planas","description":"1968: El Ministerio del Interior confirma la viabilidad legal de ceder los viales y servicios de Planas del Rey, condicionada a un inventario","robots":{"index":"index","follow":"follow","max-snippet":"max-snippet:-1","max-image-preview":"max-image-preview:large","max-video-preview":"max-video-preview:-1"},"canonical":"https:\/\/www.latribunedeplanas.com\/es\/21-de-septiembre-de-1968-informe-del-ministerio-del-interior-sobre-la-cesion-de-viales-y-servicios-de-planas-del-rey\/","og_locale":"es_ES","og_type":"article","og_title":"21 de septiembre de 1968: Informe del Ministerio del Interior sobre la cesi\u00f3n de viales y servicios de Planas del Rey - La Tribune de Planas","og_description":"1968: El Ministerio del Interior confirma la viabilidad legal de ceder los viales y servicios de Planas del Rey, condicionada a un inventario","og_url":"https:\/\/www.latribunedeplanas.com\/es\/21-de-septiembre-de-1968-informe-del-ministerio-del-interior-sobre-la-cesion-de-viales-y-servicios-de-planas-del-rey\/","og_site_name":"La Tribune de Planas","article_publisher":"https:\/\/www.facebook.com\/groups\/1220895301376005\/","article_author":"https:\/\/www.facebook.com\/Creawebsite-113915200150984","article_published_time":"1968-12-28T12:38:11+00:00","article_modified_time":"2025-08-15T11:20:13+00:00","author":"Jim","twitter_card":"summary_large_image","twitter_misc":{"Escrito por":"Jim"},"schema":{"@context":"https:\/\/schema.org","@graph":[{"@type":"Article","@id":"https:\/\/www.latribunedeplanas.com\/es\/21-de-septiembre-de-1968-informe-del-ministerio-del-interior-sobre-la-cesion-de-viales-y-servicios-de-planas-del-rey\/#article","isPartOf":{"@id":"https:\/\/www.latribunedeplanas.com\/es\/21-de-septiembre-de-1968-informe-del-ministerio-del-interior-sobre-la-cesion-de-viales-y-servicios-de-planas-del-rey\/"},"author":{"name":"Jim","@id":"https:\/\/www.latribunedeplanas.com\/es\/#\/schema\/person\/590a87318688792f18d8e1c983528bc8"},"headline":"21 de septiembre de 1968: Informe del Ministerio del Interior sobre la cesi\u00f3n de viales y servicios de Planas del Rey","datePublished":"1968-12-28T12:38:11+00:00","dateModified":"2025-08-15T11:20:13+00:00","mainEntityOfPage":{"@id":"https:\/\/www.latribunedeplanas.com\/es\/21-de-septiembre-de-1968-informe-del-ministerio-del-interior-sobre-la-cesion-de-viales-y-servicios-de-planas-del-rey\/"},"wordCount":680,"publisher":{"@id":"https:\/\/www.latribunedeplanas.com\/es\/#organization"},"articleSection":["Documentos"],"inLanguage":"es"},{"@type":"WebPage","@id":"https:\/\/www.latribunedeplanas.com\/es\/21-de-septiembre-de-1968-informe-del-ministerio-del-interior-sobre-la-cesion-de-viales-y-servicios-de-planas-del-rey\/","url":"https:\/\/www.latribunedeplanas.com\/es\/21-de-septiembre-de-1968-informe-del-ministerio-del-interior-sobre-la-cesion-de-viales-y-servicios-de-planas-del-rey\/","name":"21 de septiembre de 1968: Informe del Ministerio del Interior sobre la cesi\u00f3n de viales y servicios de Planas del Rey - La Tribune de Planas","isPartOf":{"@id":"https:\/\/www.latribunedeplanas.com\/es\/#website"},"datePublished":"1968-12-28T12:38:11+00:00","dateModified":"2025-08-15T11:20:13+00:00","description":"1968: El Ministerio del Interior confirma la viabilidad legal de ceder los viales y servicios de Planas del Rey, condicionada a un inventario","breadcrumb":{"@id":"https:\/\/www.latribunedeplanas.com\/es\/21-de-septiembre-de-1968-informe-del-ministerio-del-interior-sobre-la-cesion-de-viales-y-servicios-de-planas-del-rey\/#breadcrumb"},"inLanguage":"es","potentialAction":[{"@type":"ReadAction","target":["https:\/\/www.latribunedeplanas.com\/es\/21-de-septiembre-de-1968-informe-del-ministerio-del-interior-sobre-la-cesion-de-viales-y-servicios-de-planas-del-rey\/"]}]},{"@type":"BreadcrumbList","@id":"https:\/\/www.latribunedeplanas.com\/es\/21-de-septiembre-de-1968-informe-del-ministerio-del-interior-sobre-la-cesion-de-viales-y-servicios-de-planas-del-rey\/#breadcrumb","itemListElement":[{"@type":"ListItem","position":1,"name":"Accueil","item":"https:\/\/www.latribunedeplanas.com\/es\/"},{"@type":"ListItem","position":2,"name":"21 de septiembre de 1968: Informe del Ministerio del Interior sobre la cesi\u00f3n de viales y servicios de Planas del Rey"}]},{"@type":"WebSite","@id":"https:\/\/www.latribunedeplanas.com\/es\/#website","url":"https:\/\/www.latribunedeplanas.com\/es\/","name":"La Tribune de Planas","description":"Les Planes del Rei - Urbanizaci\u00f3n del municipio de Pratdip","publisher":{"@id":"https:\/\/www.latribunedeplanas.com\/es\/#organization"},"potentialAction":[{"@type":"SearchAction","target":{"@type":"EntryPoint","urlTemplate":"https:\/\/www.latribunedeplanas.com\/es\/?s={search_term_string}"},"query-input":{"@type":"PropertyValueSpecification","valueRequired":true,"valueName":"search_term_string"}}],"inLanguage":"es"},{"@type":"Organization","@id":"https:\/\/www.latribunedeplanas.com\/es\/#organization","name":"Vecinos de Planes del Rei (SOSPlanes)","url":"https:\/\/www.latribunedeplanas.com\/es\/","logo":{"@type":"ImageObject","inLanguage":"es","@id":"https:\/\/www.latribunedeplanas.com\/es\/#\/schema\/logo\/image\/","url":"https:\/\/www.latribunedeplanas.com\/wp-content\/uploads\/2021\/11\/logo-sos-planas-0.png","contentUrl":"https:\/\/www.latribunedeplanas.com\/wp-content\/uploads\/2021\/11\/logo-sos-planas-0.png","width":600,"height":400,"caption":"Vecinos de Planes del Rei (SOSPlanes)"},"image":{"@id":"https:\/\/www.latribunedeplanas.com\/es\/#\/schema\/logo\/image\/"},"sameAs":["https:\/\/www.facebook.com\/groups\/1220895301376005\/","https:\/\/www.instagram.com\/lasplanasdelrey\/"]},{"@type":"Person","@id":"https:\/\/www.latribunedeplanas.com\/es\/#\/schema\/person\/590a87318688792f18d8e1c983528bc8","name":"Jim","image":{"@type":"ImageObject","inLanguage":"es","@id":"https:\/\/secure.gravatar.com\/avatar\/5a89228fd282eb9ee33a60b4ff06f9c31751866f1fb91ca56263af0968354113?s=96&d=mm&r=g","url":"https:\/\/secure.gravatar.com\/avatar\/5a89228fd282eb9ee33a60b4ff06f9c31751866f1fb91ca56263af0968354113?s=96&d=mm&r=g","contentUrl":"https:\/\/secure.gravatar.com\/avatar\/5a89228fd282eb9ee33a60b4ff06f9c31751866f1fb91ca56263af0968354113?s=96&d=mm&r=g","caption":"Jim"},"sameAs":["https:\/\/www.creawebsite.be\/","https:\/\/www.facebook.com\/Creawebsite-113915200150984","https:\/\/www.instagram.com\/creawebsite.be\/","https:\/\/www.linkedin.com\/in\/jean-marc-delchef\/"]}]}},"_links":{"self":[{"href":"https:\/\/www.latribunedeplanas.com\/es\/wp-json\/wp\/v2\/posts\/27635","targetHints":{"allow":["GET"]}}],"collection":[{"href":"https:\/\/www.latribunedeplanas.com\/es\/wp-json\/wp\/v2\/posts"}],"about":[{"href":"https:\/\/www.latribunedeplanas.com\/es\/wp-json\/wp\/v2\/types\/post"}],"author":[{"embeddable":true,"href":"https:\/\/www.latribunedeplanas.com\/es\/wp-json\/wp\/v2\/users\/1"}],"replies":[{"embeddable":true,"href":"https:\/\/www.latribunedeplanas.com\/es\/wp-json\/wp\/v2\/comments?post=27635"}],"version-history":[{"count":3,"href":"https:\/\/www.latribunedeplanas.com\/es\/wp-json\/wp\/v2\/posts\/27635\/revisions"}],"predecessor-version":[{"id":27886,"href":"https:\/\/www.latribunedeplanas.com\/es\/wp-json\/wp\/v2\/posts\/27635\/revisions\/27886"}],"wp:attachment":[{"href":"https:\/\/www.latribunedeplanas.com\/es\/wp-json\/wp\/v2\/media?parent=27635"}],"wp:term":[{"taxonomy":"category","embeddable":true,"href":"https:\/\/www.latribunedeplanas.com\/es\/wp-json\/wp\/v2\/categories?post=27635"},{"taxonomy":"post_tag","embeddable":true,"href":"https:\/\/www.latribunedeplanas.com\/es\/wp-json\/wp\/v2\/tags?post=27635"}],"curies":[{"name":"wp","href":"https:\/\/api.w.org\/{rel}","templated":true}]}}