{"id":27613,"date":"1968-12-23T12:37:33","date_gmt":"1968-12-23T11:37:33","guid":{"rendered":"https:\/\/www.latribunedeplanas.com\/23-decembre-1968-acceptation-de-principe-de-la-cession-par-la-mairie-de-pratdip\/"},"modified":"2025-08-11T12:47:28","modified_gmt":"2025-08-11T10:47:28","slug":"23-de-diciembre-de-1968-aceptacion-en-principio-de-la-cesion-por-parte-del-ayuntamiento-de-pratdip","status":"publish","type":"post","link":"https:\/\/www.latribunedeplanas.com\/es\/23-de-diciembre-de-1968-aceptacion-en-principio-de-la-cesion-por-parte-del-ayuntamiento-de-pratdip\/","title":{"rendered":"23 de diciembre de 1968: Aceptaci\u00f3n en principio de la cesi\u00f3n por parte del Ayuntamiento de Pratdip"},"content":{"rendered":"<p>[et_pb_section fb_built=\u00bb1&#8243; admin_label=\u00bbSection-Article\u00bb module_class=\u00bbsection-article\u00bb _builder_version=\u00bb4.18.0&#8243; custom_margin=\u00bb0px|0px|0px|0px\u00bb custom_padding=\u00bb0px|0px|0px|0px\u00bb global_colors_info=\u00bb{}\u00bb][et_pb_row use_custom_gutter=\u00bbon\u00bb gutter_width=\u00bb1&#8243; custom_padding_last_edited=\u00bbon|desktop\u00bb admin_label=\u00bbLigne-Article\u00bb module_class=\u00bbligne-article et_pb_row_fullwidth\u00bb _builder_version=\u00bb4.27.4&#8243; width=\u00bb100%\u00bb width_tablet=\u00bb100%\u00bb width_phone=\u00bb\u00bb width_last_edited=\u00bbon|desktop\u00bb max_width=\u00bb100%\u00bb max_width_tablet=\u00bb100%\u00bb max_width_phone=\u00bb\u00bb max_width_last_edited=\u00bbon|desktop\u00bb custom_margin=\u00bb0px||0px\u00bb custom_padding=\u00bb20px||0px||false|false\u00bb custom_padding_tablet=\u00bb20px||0px||false|false\u00bb custom_padding_phone=\u00bb15px||||false|false\u00bb make_fullwidth=\u00bbon\u00bb global_colors_info=\u00bb{}\u00bb][et_pb_column type=\u00bb4_4&#8243; _builder_version=\u00bb4.16&#8243; custom_padding=\u00bb|||\u00bb global_colors_info=\u00bb{}\u00bb custom_padding__hover=\u00bb|||\u00bb][et_pb_text admin_label=\u00bbTexte-23 de diciembre de 1968: Aceptaci\u00f3n en principio de la cesi\u00f3n por parte del Ayuntamiento de Pratdip\u00bb module_class=\u00bbtxt-article\u00bb _builder_version=\u00bb4.27.4&#8243; text_font=\u00bb|300|||||||\u00bb header_font=\u00bb||||||||\u00bb header_2_line_height=\u00bb1.2em\u00bb header_3_font=\u00bb||||||||\u00bb header_3_line_height=\u00bb1.3em\u00bb header_4_text_align=\u00bbcenter\u00bb custom_padding=\u00bb||||false|false\u00bb hover_enabled=\u00bb0&#8243; text_line_height_tablet=\u00bb\u00bb text_line_height_phone=\u00bb1.3em\u00bb text_line_height_last_edited=\u00bbon|desktop\u00bb header_2_font_size_tablet=\u00bb\u00bb header_2_font_size_phone=\u00bb\u00bb header_2_font_size_last_edited=\u00bbon|phone\u00bb header_3_font_size_tablet=\u00bb\u00bb header_3_font_size_phone=\u00bb23px\u00bb header_3_font_size_last_edited=\u00bbon|desktop\u00bb global_colors_info=\u00bb{}\u00bb sticky_enabled=\u00bb0&#8243;]<\/p>\n<p>El <span class=\"accentue\">23 de diciembre de 1968<\/span>, el Alcalde de Pratdip informa a la autoridad provincial que, tras las decisiones de los propietarios y del promotor, el Ayuntamiento <span class=\"accentue\">acepta en principio<\/span> hacerse cargo, a partir del <span class=\"accentue\">1<sup>er<\/sup> de enero de 1969<\/span>, de los servicios p\u00fablicos de <span class=\"accentue\">Planas del Rey (Planes del Rei)<\/span> \u2014 sujeto al dictamen del Servicio de Inspecci\u00f3n y Asistencia a las Corporaciones Locales.<\/p>\n<hr style=\"margin-bottom: 30px;\" \/>\n<h2>1) Naturaleza del documento<\/h2>\n<ul>\n<li>Carta oficial del <span class=\"accentue\">Alcalde de Pratdip<\/span> dirigida a la autoridad provincial.<\/li>\n<li>Objeto: <span class=\"accentue\">informar<\/span> del acuerdo municipal y <span class=\"accentue\">solicitar dictamen<\/span> sobre el procedimiento.<\/li>\n<\/ul>\n<hr style=\"margin-bottom: 30px;\" \/>\n<h2>2) Contexto previo<\/h2>\n<ul>\n<li><span class=\"accentue\">8 de agosto de 1968<\/span>: asamblea de los propietarios (en su mayor\u00eda franceses) que decide <span class=\"accentue\">por unanimidad<\/span> transferir al Ayuntamiento la gesti\u00f3n de <span class=\"accentue\">viales, agua, alcantarillado, alumbrado<\/span>.<\/li>\n<li><span class=\"accentue\">21 de septiembre de 1968<\/span>: el promotor <span class=\"accentue\">Francisco Lebasque Belloncle<\/span>, en nombre del <span class=\"accentue\">Club de Propietarios<\/span>, presenta la <span class=\"accentue\">oferta de cesi\u00f3n global<\/span> (viales, redes de agua y alcantarillado, alumbrado, recogida de basuras, guarder\u00eda, vigilancia y otros servicios municipales).<\/li>\n<\/ul>\n<hr style=\"margin-bottom: 30px;\" \/>\n<h2>3) Decisi\u00f3n municipal del 18 de octubre de 1968<\/h2>\n<ul>\n<li>El Pleno municipal <span class=\"accentue\">acepta en principio<\/span> asumir los servicios <span class=\"accentue\">a partir del 1<sup>er<\/sup> de enero de 1969<\/span>.<\/li>\n<li>Condici\u00f3n: <span class=\"accentue\">consulta<\/span> al Servicio provincial de Inspecci\u00f3n y Asistencia para obtener <span class=\"accentue\">dictamen<\/span> y <span class=\"accentue\">apoyo<\/span> previos.<\/li>\n<\/ul>\n<hr style=\"margin-bottom: 30px;\" \/>\n<h2>4) Alcance jur\u00eddico<\/h2>\n<ul>\n<li>La carta recoge un <span class=\"accentue\">compromiso administrativo claro<\/span> de asumir los servicios p\u00fablicos.<\/li>\n<li>No se trata todav\u00eda de una <span class=\"accentue\">recepci\u00f3n definitiva<\/span> en sentido formal (falta, en este documento, un acto municipal final publicado o una formalizaci\u00f3n notarial).<\/li>\n<li>La menci\u00f3n \u00ab<span class=\"accentue\">acepta en principio<\/span>\u00bb y la <span class=\"accentue\">consulta provincial<\/span> sit\u00faan el procedimiento en una fase <span class=\"accentue\">preparatoria<\/span>, pero con una fecha de efecto anunciada (<span class=\"accentue\">01\/01\/1969<\/span>).<\/li>\n<\/ul>\n<hr style=\"margin-bottom: 30px;\" \/>\n<h2>5) Inter\u00e9s para la situaci\u00f3n actual<\/h2>\n<ul>\n<li>Prueba de que el Ayuntamiento de Pratdip <span class=\"accentue\">acept\u00f3<\/span>, al menos en principio, asumir los servicios p\u00fablicos de Planas desde <span class=\"accentue\">1969<\/span>.<\/li>\n<li>Secuencia administrativa coherente: decisi\u00f3n de los propietarios \u2192 oferta del promotor \u2192 <span class=\"accentue\">aceptaci\u00f3n municipal<\/span> en principio.<\/li>\n<li>Para reforzar la prueba de recepci\u00f3n efectiva: <span class=\"accentue\">buscar<\/span> el <span class=\"accentue\">dictamen provincial<\/span> y el <span class=\"accentue\">acto municipal definitivo<\/span> (acuerdo plenario, publicaci\u00f3n oficial y\/o escritura notarial).<\/li>\n<\/ul>\n<hr style=\"margin-bottom: 30px;\" \/>\n<h3 class=\"underline\">Documento<\/h3>\n<p style=\"padding-top: 30px;\"><a href=\"https:\/\/www.latribunedeplanas.com\/wp-content\/uploads\/2017\/09\/1968-12-23-cession-accord-de-principe-mairie.pdf\" class=\"pdfemb-viewer\" style=\"\" data-width=\"max\" data-height=\"max\" data-mobile-width=\"0\"  data-scrollbar=\"none\" data-download=\"on\" data-tracking=\"on\" data-newwindow=\"on\" data-pagetextbox=\"off\" data-scrolltotop=\"off\" data-startzoom=\"100\" data-startfpzoom=\"100\" data-toolbar=\"top\" data-toolbar-fixed=\"off\">1968-12-23-cession-accord-de-principe-mairie<br\/><\/a><\/p>\n<p>[\/et_pb_text][\/et_pb_column][\/et_pb_row][\/et_pb_section]<\/p>\n","protected":false},"excerpt":{"rendered":"<p>El 23 de diciembre de 1968, el Alcalde de Pratdip informa a la autoridad provincial que, tras las decisiones de los propietarios y del promotor, el Ayuntamiento acepta en principio hacerse cargo, a partir del 1er de enero de 1969, de los servicios p\u00fablicos de Planas del Rey (Planes del Rei) \u2014 sujeto al dictamen [&hellip;]<\/p>\n","protected":false},"author":1,"featured_media":0,"comment_status":"closed","ping_status":"closed","sticky":false,"template":"","format":"standard","meta":{"_et_pb_use_builder":"on","_et_pb_old_content":"","_et_gb_content_width":"","footnotes":""},"categories":[217],"tags":[],"class_list":["post-27613","post","type-post","status-publish","format-standard","hentry","category-documentos"],"yoast_head":"<!-- This site is optimized with the Yoast SEO plugin v27.5 - https:\/\/yoast.com\/product\/yoast-seo-wordpress\/ -->\n<title>23 de diciembre de 1968: Aceptaci\u00f3n en principio de la cesi\u00f3n por parte del Ayuntamiento de Pratdip - La Tribune de Planas<\/title>\n<meta name=\"description\" content=\"An\u00e1lisis de la carta del 23 de diciembre de 1968 donde el Ayuntamiento de Pratdip acepta en principio asumir los servicios p\u00fablicos de Planas desde 1969.\" \/>\n<meta name=\"robots\" content=\"index, follow, max-snippet:-1, max-image-preview:large, max-video-preview:-1\" \/>\n<link rel=\"canonical\" href=\"https:\/\/www.latribunedeplanas.com\/es\/23-de-diciembre-de-1968-aceptacion-en-principio-de-la-cesion-por-parte-del-ayuntamiento-de-pratdip\/\" \/>\n<meta property=\"og:locale\" content=\"es_ES\" \/>\n<meta property=\"og:type\" content=\"article\" \/>\n<meta property=\"og:title\" content=\"23 de diciembre de 1968: Aceptaci\u00f3n en principio de la cesi\u00f3n por parte del Ayuntamiento de Pratdip - La Tribune de Planas\" \/>\n<meta property=\"og:description\" content=\"An\u00e1lisis de la carta del 23 de diciembre de 1968 donde el Ayuntamiento de Pratdip acepta en principio asumir los servicios p\u00fablicos de Planas desde 1969.\" \/>\n<meta property=\"og:url\" content=\"https:\/\/www.latribunedeplanas.com\/es\/23-de-diciembre-de-1968-aceptacion-en-principio-de-la-cesion-por-parte-del-ayuntamiento-de-pratdip\/\" \/>\n<meta property=\"og:site_name\" content=\"La Tribune de Planas\" \/>\n<meta property=\"article:publisher\" content=\"https:\/\/www.facebook.com\/groups\/1220895301376005\/\" \/>\n<meta property=\"article:author\" content=\"https:\/\/www.facebook.com\/Creawebsite-113915200150984\" \/>\n<meta property=\"article:published_time\" content=\"1968-12-23T11:37:33+00:00\" \/>\n<meta property=\"article:modified_time\" content=\"2025-08-11T10:47:28+00:00\" \/>\n<meta name=\"author\" content=\"Jim\" \/>\n<meta name=\"twitter:card\" content=\"summary_large_image\" \/>\n<meta name=\"twitter:label1\" content=\"Escrito por\" \/>\n\t<meta name=\"twitter:data1\" content=\"Jim\" \/>\n\t<meta name=\"twitter:label2\" content=\"Tiempo de lectura\" \/>\n\t<meta name=\"twitter:data2\" content=\"2 minutos\" \/>\n<script type=\"application\/ld+json\" class=\"yoast-schema-graph\">{\"@context\":\"https:\\\/\\\/schema.org\",\"@graph\":[{\"@type\":\"Article\",\"@id\":\"https:\\\/\\\/www.latribunedeplanas.com\\\/es\\\/23-de-diciembre-de-1968-aceptacion-en-principio-de-la-cesion-por-parte-del-ayuntamiento-de-pratdip\\\/#article\",\"isPartOf\":{\"@id\":\"https:\\\/\\\/www.latribunedeplanas.com\\\/es\\\/23-de-diciembre-de-1968-aceptacion-en-principio-de-la-cesion-por-parte-del-ayuntamiento-de-pratdip\\\/\"},\"author\":{\"name\":\"Jim\",\"@id\":\"https:\\\/\\\/www.latribunedeplanas.com\\\/es\\\/#\\\/schema\\\/person\\\/590a87318688792f18d8e1c983528bc8\"},\"headline\":\"23 de diciembre de 1968: Aceptaci\u00f3n en principio de la cesi\u00f3n por parte del Ayuntamiento de Pratdip\",\"datePublished\":\"1968-12-23T11:37:33+00:00\",\"dateModified\":\"2025-08-11T10:47:28+00:00\",\"mainEntityOfPage\":{\"@id\":\"https:\\\/\\\/www.latribunedeplanas.com\\\/es\\\/23-de-diciembre-de-1968-aceptacion-en-principio-de-la-cesion-por-parte-del-ayuntamiento-de-pratdip\\\/\"},\"wordCount\":600,\"publisher\":{\"@id\":\"https:\\\/\\\/www.latribunedeplanas.com\\\/es\\\/#organization\"},\"articleSection\":[\"Documentos\"],\"inLanguage\":\"es\"},{\"@type\":\"WebPage\",\"@id\":\"https:\\\/\\\/www.latribunedeplanas.com\\\/es\\\/23-de-diciembre-de-1968-aceptacion-en-principio-de-la-cesion-por-parte-del-ayuntamiento-de-pratdip\\\/\",\"url\":\"https:\\\/\\\/www.latribunedeplanas.com\\\/es\\\/23-de-diciembre-de-1968-aceptacion-en-principio-de-la-cesion-por-parte-del-ayuntamiento-de-pratdip\\\/\",\"name\":\"23 de diciembre de 1968: Aceptaci\u00f3n en principio de la cesi\u00f3n por parte del Ayuntamiento de Pratdip - La Tribune de Planas\",\"isPartOf\":{\"@id\":\"https:\\\/\\\/www.latribunedeplanas.com\\\/es\\\/#website\"},\"datePublished\":\"1968-12-23T11:37:33+00:00\",\"dateModified\":\"2025-08-11T10:47:28+00:00\",\"description\":\"An\u00e1lisis de la carta del 23 de diciembre de 1968 donde el Ayuntamiento de Pratdip acepta en principio asumir los servicios p\u00fablicos de Planas desde 1969.\",\"breadcrumb\":{\"@id\":\"https:\\\/\\\/www.latribunedeplanas.com\\\/es\\\/23-de-diciembre-de-1968-aceptacion-en-principio-de-la-cesion-por-parte-del-ayuntamiento-de-pratdip\\\/#breadcrumb\"},\"inLanguage\":\"es\",\"potentialAction\":[{\"@type\":\"ReadAction\",\"target\":[\"https:\\\/\\\/www.latribunedeplanas.com\\\/es\\\/23-de-diciembre-de-1968-aceptacion-en-principio-de-la-cesion-por-parte-del-ayuntamiento-de-pratdip\\\/\"]}]},{\"@type\":\"BreadcrumbList\",\"@id\":\"https:\\\/\\\/www.latribunedeplanas.com\\\/es\\\/23-de-diciembre-de-1968-aceptacion-en-principio-de-la-cesion-por-parte-del-ayuntamiento-de-pratdip\\\/#breadcrumb\",\"itemListElement\":[{\"@type\":\"ListItem\",\"position\":1,\"name\":\"Accueil\",\"item\":\"https:\\\/\\\/www.latribunedeplanas.com\\\/es\\\/\"},{\"@type\":\"ListItem\",\"position\":2,\"name\":\"23 de diciembre de 1968: Aceptaci\u00f3n en principio de la cesi\u00f3n por parte del Ayuntamiento de Pratdip\"}]},{\"@type\":\"WebSite\",\"@id\":\"https:\\\/\\\/www.latribunedeplanas.com\\\/es\\\/#website\",\"url\":\"https:\\\/\\\/www.latribunedeplanas.com\\\/es\\\/\",\"name\":\"La Tribune de Planas\",\"description\":\"Les Planes del Rei - Urbanizaci\u00f3n del municipio de Pratdip\",\"publisher\":{\"@id\":\"https:\\\/\\\/www.latribunedeplanas.com\\\/es\\\/#organization\"},\"potentialAction\":[{\"@type\":\"SearchAction\",\"target\":{\"@type\":\"EntryPoint\",\"urlTemplate\":\"https:\\\/\\\/www.latribunedeplanas.com\\\/es\\\/?s={search_term_string}\"},\"query-input\":{\"@type\":\"PropertyValueSpecification\",\"valueRequired\":true,\"valueName\":\"search_term_string\"}}],\"inLanguage\":\"es\"},{\"@type\":\"Organization\",\"@id\":\"https:\\\/\\\/www.latribunedeplanas.com\\\/es\\\/#organization\",\"name\":\"Vecinos de Planes del Rei (SOSPlanes)\",\"url\":\"https:\\\/\\\/www.latribunedeplanas.com\\\/es\\\/\",\"logo\":{\"@type\":\"ImageObject\",\"inLanguage\":\"es\",\"@id\":\"https:\\\/\\\/www.latribunedeplanas.com\\\/es\\\/#\\\/schema\\\/logo\\\/image\\\/\",\"url\":\"https:\\\/\\\/www.latribunedeplanas.com\\\/wp-content\\\/uploads\\\/2021\\\/11\\\/logo-sos-planas-0.png\",\"contentUrl\":\"https:\\\/\\\/www.latribunedeplanas.com\\\/wp-content\\\/uploads\\\/2021\\\/11\\\/logo-sos-planas-0.png\",\"width\":600,\"height\":400,\"caption\":\"Vecinos de Planes del Rei (SOSPlanes)\"},\"image\":{\"@id\":\"https:\\\/\\\/www.latribunedeplanas.com\\\/es\\\/#\\\/schema\\\/logo\\\/image\\\/\"},\"sameAs\":[\"https:\\\/\\\/www.facebook.com\\\/groups\\\/1220895301376005\\\/\",\"https:\\\/\\\/www.instagram.com\\\/lasplanasdelrey\\\/\"]},{\"@type\":\"Person\",\"@id\":\"https:\\\/\\\/www.latribunedeplanas.com\\\/es\\\/#\\\/schema\\\/person\\\/590a87318688792f18d8e1c983528bc8\",\"name\":\"Jim\",\"image\":{\"@type\":\"ImageObject\",\"inLanguage\":\"es\",\"@id\":\"https:\\\/\\\/secure.gravatar.com\\\/avatar\\\/5a89228fd282eb9ee33a60b4ff06f9c31751866f1fb91ca56263af0968354113?s=96&d=mm&r=g\",\"url\":\"https:\\\/\\\/secure.gravatar.com\\\/avatar\\\/5a89228fd282eb9ee33a60b4ff06f9c31751866f1fb91ca56263af0968354113?s=96&d=mm&r=g\",\"contentUrl\":\"https:\\\/\\\/secure.gravatar.com\\\/avatar\\\/5a89228fd282eb9ee33a60b4ff06f9c31751866f1fb91ca56263af0968354113?s=96&d=mm&r=g\",\"caption\":\"Jim\"},\"sameAs\":[\"https:\\\/\\\/www.creawebsite.be\\\/\",\"https:\\\/\\\/www.facebook.com\\\/Creawebsite-113915200150984\",\"https:\\\/\\\/www.instagram.com\\\/creawebsite.be\\\/\",\"https:\\\/\\\/www.linkedin.com\\\/in\\\/jean-marc-delchef\\\/\"]}]}<\/script>\n<!-- \/ Yoast SEO plugin. -->","yoast_head_json":{"title":"23 de diciembre de 1968: Aceptaci\u00f3n en principio de la cesi\u00f3n por parte del Ayuntamiento de Pratdip - La Tribune de Planas","description":"An\u00e1lisis de la carta del 23 de diciembre de 1968 donde el Ayuntamiento de Pratdip acepta en principio asumir los servicios p\u00fablicos de Planas desde 1969.","robots":{"index":"index","follow":"follow","max-snippet":"max-snippet:-1","max-image-preview":"max-image-preview:large","max-video-preview":"max-video-preview:-1"},"canonical":"https:\/\/www.latribunedeplanas.com\/es\/23-de-diciembre-de-1968-aceptacion-en-principio-de-la-cesion-por-parte-del-ayuntamiento-de-pratdip\/","og_locale":"es_ES","og_type":"article","og_title":"23 de diciembre de 1968: Aceptaci\u00f3n en principio de la cesi\u00f3n por parte del Ayuntamiento de Pratdip - La Tribune de Planas","og_description":"An\u00e1lisis de la carta del 23 de diciembre de 1968 donde el Ayuntamiento de Pratdip acepta en principio asumir los servicios p\u00fablicos de Planas desde 1969.","og_url":"https:\/\/www.latribunedeplanas.com\/es\/23-de-diciembre-de-1968-aceptacion-en-principio-de-la-cesion-por-parte-del-ayuntamiento-de-pratdip\/","og_site_name":"La Tribune de Planas","article_publisher":"https:\/\/www.facebook.com\/groups\/1220895301376005\/","article_author":"https:\/\/www.facebook.com\/Creawebsite-113915200150984","article_published_time":"1968-12-23T11:37:33+00:00","article_modified_time":"2025-08-11T10:47:28+00:00","author":"Jim","twitter_card":"summary_large_image","twitter_misc":{"Escrito por":"Jim","Tiempo de lectura":"2 minutos"},"schema":{"@context":"https:\/\/schema.org","@graph":[{"@type":"Article","@id":"https:\/\/www.latribunedeplanas.com\/es\/23-de-diciembre-de-1968-aceptacion-en-principio-de-la-cesion-por-parte-del-ayuntamiento-de-pratdip\/#article","isPartOf":{"@id":"https:\/\/www.latribunedeplanas.com\/es\/23-de-diciembre-de-1968-aceptacion-en-principio-de-la-cesion-por-parte-del-ayuntamiento-de-pratdip\/"},"author":{"name":"Jim","@id":"https:\/\/www.latribunedeplanas.com\/es\/#\/schema\/person\/590a87318688792f18d8e1c983528bc8"},"headline":"23 de diciembre de 1968: Aceptaci\u00f3n en principio de la cesi\u00f3n por parte del Ayuntamiento de Pratdip","datePublished":"1968-12-23T11:37:33+00:00","dateModified":"2025-08-11T10:47:28+00:00","mainEntityOfPage":{"@id":"https:\/\/www.latribunedeplanas.com\/es\/23-de-diciembre-de-1968-aceptacion-en-principio-de-la-cesion-por-parte-del-ayuntamiento-de-pratdip\/"},"wordCount":600,"publisher":{"@id":"https:\/\/www.latribunedeplanas.com\/es\/#organization"},"articleSection":["Documentos"],"inLanguage":"es"},{"@type":"WebPage","@id":"https:\/\/www.latribunedeplanas.com\/es\/23-de-diciembre-de-1968-aceptacion-en-principio-de-la-cesion-por-parte-del-ayuntamiento-de-pratdip\/","url":"https:\/\/www.latribunedeplanas.com\/es\/23-de-diciembre-de-1968-aceptacion-en-principio-de-la-cesion-por-parte-del-ayuntamiento-de-pratdip\/","name":"23 de diciembre de 1968: Aceptaci\u00f3n en principio de la cesi\u00f3n por parte del Ayuntamiento de Pratdip - La Tribune de Planas","isPartOf":{"@id":"https:\/\/www.latribunedeplanas.com\/es\/#website"},"datePublished":"1968-12-23T11:37:33+00:00","dateModified":"2025-08-11T10:47:28+00:00","description":"An\u00e1lisis de la carta del 23 de diciembre de 1968 donde el Ayuntamiento de Pratdip acepta en principio asumir los servicios p\u00fablicos de Planas desde 1969.","breadcrumb":{"@id":"https:\/\/www.latribunedeplanas.com\/es\/23-de-diciembre-de-1968-aceptacion-en-principio-de-la-cesion-por-parte-del-ayuntamiento-de-pratdip\/#breadcrumb"},"inLanguage":"es","potentialAction":[{"@type":"ReadAction","target":["https:\/\/www.latribunedeplanas.com\/es\/23-de-diciembre-de-1968-aceptacion-en-principio-de-la-cesion-por-parte-del-ayuntamiento-de-pratdip\/"]}]},{"@type":"BreadcrumbList","@id":"https:\/\/www.latribunedeplanas.com\/es\/23-de-diciembre-de-1968-aceptacion-en-principio-de-la-cesion-por-parte-del-ayuntamiento-de-pratdip\/#breadcrumb","itemListElement":[{"@type":"ListItem","position":1,"name":"Accueil","item":"https:\/\/www.latribunedeplanas.com\/es\/"},{"@type":"ListItem","position":2,"name":"23 de diciembre de 1968: Aceptaci\u00f3n en principio de la cesi\u00f3n por parte del Ayuntamiento de Pratdip"}]},{"@type":"WebSite","@id":"https:\/\/www.latribunedeplanas.com\/es\/#website","url":"https:\/\/www.latribunedeplanas.com\/es\/","name":"La Tribune de Planas","description":"Les Planes del Rei - Urbanizaci\u00f3n del municipio de Pratdip","publisher":{"@id":"https:\/\/www.latribunedeplanas.com\/es\/#organization"},"potentialAction":[{"@type":"SearchAction","target":{"@type":"EntryPoint","urlTemplate":"https:\/\/www.latribunedeplanas.com\/es\/?s={search_term_string}"},"query-input":{"@type":"PropertyValueSpecification","valueRequired":true,"valueName":"search_term_string"}}],"inLanguage":"es"},{"@type":"Organization","@id":"https:\/\/www.latribunedeplanas.com\/es\/#organization","name":"Vecinos de Planes del Rei (SOSPlanes)","url":"https:\/\/www.latribunedeplanas.com\/es\/","logo":{"@type":"ImageObject","inLanguage":"es","@id":"https:\/\/www.latribunedeplanas.com\/es\/#\/schema\/logo\/image\/","url":"https:\/\/www.latribunedeplanas.com\/wp-content\/uploads\/2021\/11\/logo-sos-planas-0.png","contentUrl":"https:\/\/www.latribunedeplanas.com\/wp-content\/uploads\/2021\/11\/logo-sos-planas-0.png","width":600,"height":400,"caption":"Vecinos de Planes del Rei (SOSPlanes)"},"image":{"@id":"https:\/\/www.latribunedeplanas.com\/es\/#\/schema\/logo\/image\/"},"sameAs":["https:\/\/www.facebook.com\/groups\/1220895301376005\/","https:\/\/www.instagram.com\/lasplanasdelrey\/"]},{"@type":"Person","@id":"https:\/\/www.latribunedeplanas.com\/es\/#\/schema\/person\/590a87318688792f18d8e1c983528bc8","name":"Jim","image":{"@type":"ImageObject","inLanguage":"es","@id":"https:\/\/secure.gravatar.com\/avatar\/5a89228fd282eb9ee33a60b4ff06f9c31751866f1fb91ca56263af0968354113?s=96&d=mm&r=g","url":"https:\/\/secure.gravatar.com\/avatar\/5a89228fd282eb9ee33a60b4ff06f9c31751866f1fb91ca56263af0968354113?s=96&d=mm&r=g","contentUrl":"https:\/\/secure.gravatar.com\/avatar\/5a89228fd282eb9ee33a60b4ff06f9c31751866f1fb91ca56263af0968354113?s=96&d=mm&r=g","caption":"Jim"},"sameAs":["https:\/\/www.creawebsite.be\/","https:\/\/www.facebook.com\/Creawebsite-113915200150984","https:\/\/www.instagram.com\/creawebsite.be\/","https:\/\/www.linkedin.com\/in\/jean-marc-delchef\/"]}]}},"_links":{"self":[{"href":"https:\/\/www.latribunedeplanas.com\/es\/wp-json\/wp\/v2\/posts\/27613","targetHints":{"allow":["GET"]}}],"collection":[{"href":"https:\/\/www.latribunedeplanas.com\/es\/wp-json\/wp\/v2\/posts"}],"about":[{"href":"https:\/\/www.latribunedeplanas.com\/es\/wp-json\/wp\/v2\/types\/post"}],"author":[{"embeddable":true,"href":"https:\/\/www.latribunedeplanas.com\/es\/wp-json\/wp\/v2\/users\/1"}],"replies":[{"embeddable":true,"href":"https:\/\/www.latribunedeplanas.com\/es\/wp-json\/wp\/v2\/comments?post=27613"}],"version-history":[{"count":2,"href":"https:\/\/www.latribunedeplanas.com\/es\/wp-json\/wp\/v2\/posts\/27613\/revisions"}],"predecessor-version":[{"id":27616,"href":"https:\/\/www.latribunedeplanas.com\/es\/wp-json\/wp\/v2\/posts\/27613\/revisions\/27616"}],"wp:attachment":[{"href":"https:\/\/www.latribunedeplanas.com\/es\/wp-json\/wp\/v2\/media?parent=27613"}],"wp:term":[{"taxonomy":"category","embeddable":true,"href":"https:\/\/www.latribunedeplanas.com\/es\/wp-json\/wp\/v2\/categories?post=27613"},{"taxonomy":"post_tag","embeddable":true,"href":"https:\/\/www.latribunedeplanas.com\/es\/wp-json\/wp\/v2\/tags?post=27613"}],"curies":[{"name":"wp","href":"https:\/\/api.w.org\/{rel}","templated":true}]}}